{"id":451450,"date":"2025-10-29T13:05:12","date_gmt":"2025-10-29T16:05:12","guid":{"rendered":"https:\/\/mrnews.com.br\/index.php\/2025\/10\/29\/ativistas-denunciam-massacre-em-acao-policial-no-rio\/"},"modified":"2025-10-29T13:05:12","modified_gmt":"2025-10-29T16:05:12","slug":"ativistas-denunciam-massacre-em-acao-policial-no-rio","status":"publish","type":"post","link":"https:\/\/mrnews.com.br\/index.php\/2025\/10\/29\/ativistas-denunciam-massacre-em-acao-policial-no-rio\/","title":{"rendered":"Ativistas denunciam massacre em a\u00e7\u00e3o policial no Rio"},"content":{"rendered":"<p>Por EBC, <\/p>\n<div>\n<p><strong>Ativistas que acompanharam a retirada de mais de 60 corpos de uma \u00e1rea de mata no Complexo do Penha, um\u00a0dia ap\u00f3s a maior opera\u00e7\u00e3o policial realizada no Rio de Janeiro, classificam o evento como uma \u201cchacina\u201d e um \u201cmassacre\u201d promovidos por for\u00e7as de seguran\u00e7a.\u00a0<\/strong><\/p>\n<p>O empreendedor Raull Santiago, nascido no Morro do Alem\u00e3o, foi um dos primeiros a noticiar o encontro dos corpos. Ele usou transmiss\u00f5es ao vivo pelas suas redes sociais.<\/p>\n<blockquote>\n<p>\u201cEssa \u00e9 a face da cidade maravilhosa, que \u00e9 capital na Am\u00e9rica Latina quando a gente pensa em turismo. E eu amo a minha cidade, o meu estado, a minha favela, mas h\u00e1 esses momentos em que a desigualdade grita, o poder direciona o seu \u00f3dio e traz na pr\u00e1tica mais brutal poss\u00edvel o seu recado para quem vive em comunidades como a nossa\u201d, lamentou.<\/p>\n<\/blockquote>\n<h2>Contagem<\/h2>\n<blockquote>\n<p>\u201cInfelizmente, pela minha realidade, eu j\u00e1 estou acostumado a ver corpos, baleados, estra\u00e7alhados. Mas, [com] isso aqui, eu nunca vou me acostumar\u201d, disse Raull Santiago sobre o choro das m\u00e3es diante dos corpos de seus filhos.<\/p>\n<\/blockquote>\n<p>Nessa ter\u00e7a-feira (28), dia da opera\u00e7\u00e3o, 64 mortos foram confirmados, incluindo quatro policiais. No entanto, pelo menos outros 70 corpos foram retirados por moradores de \u00e1reas de mata. Seis foram localizados no Complexo do Alem\u00e3o e deixados no Hospital Estadual Get\u00falio Vargas durante a noite, e outros 64 foram encontrados no Complexo da Penha e reunidos em uma pra\u00e7a da comunidade, de onde foram recolhidos posteriormente pelo Corpo de Bombeiros.\u00a0<\/p>\n<p>Se n\u00e3o houver duplicidade nos n\u00fameros e se todos os corpos encontrados realmente tiverem sido v\u00edtimas da opera\u00e7\u00e3o, o <strong>n\u00famero de mortos pode passar de 130<\/strong>.\u00a0<\/p>\n<p>\u201cTanto essas execu\u00e7\u00f5es, quanto os policiais que morreram, tudo isso [s\u00e3o] marcos hist\u00f3ricos que gritam a inefici\u00eancia da pol\u00edtica de seguran\u00e7a p\u00fablica do Rio de Janeiro. Ou, pior que isso, a efici\u00eancia dela, a forma como ela \u00e9 desenhada, estruturada, pensada e aplicada para lidar com algumas vidas&#8221;, afirmou Santiago.<\/p>\n<blockquote>\n<p>&#8220;Da favela para dentro, tiro, porrada, bomba, invas\u00e3o, desrespeito, chacina, massacre. Em outros endere\u00e7os, o tratamento \u00e9 quase vip\u201d, criticou.\u00a0<\/p>\n<\/blockquote>\n<h2>Responsabiliza\u00e7\u00e3o<br \/>\u00a0<\/h2>\n<div class=\"dnd-widget-wrapper context-cheio_8colunas type-image\">\n<div class=\"dnd-atom-rendered\"><!-- scald=442313:cheio_8colunas --><\/p>\n<p>    <!-- END scald=442313 --><\/div>\n<p><h5 class=\"meta\"><!--copyright=442313-->Ant\u00f4nio Carlos Costa,\u00a0presidente da ONG Rio de Paz, pediu a responsabiliza\u00e7\u00e3o do governador\u00a0Cl\u00e1udio Castro\u00a0pela trag\u00e9dia. Foto:\u00a0<strong>antoniocarloscosta\/Instagram<\/strong><!--END copyright=442313--><\/h5>\n<\/p>\n<\/div>\n<p>O presidente da organiza\u00e7\u00e3o n\u00e3o governamental Rio de Paz, Ant\u00f4nio Carlos Costa, tamb\u00e9m acompanhou a retirada dos corpos nesta manh\u00e3 e pediu responsabiliza\u00e7\u00e3o do governador do estado, Cl\u00e1udio Castro, pela trag\u00e9dia. Ele lembrou, entretanto,\u00a0que esse epis\u00f3dio se assemelha a muitos outros\u00a0j\u00e1 ocorridos no estado.\u00a0<\/p>\n<p>\u201cO que h\u00e1 de novo nesse massacre? Apenas a sua extens\u00e3o, a quantidade de mortos\u2026 O que n\u00e3o h\u00e1 de novo \u00e9 essa pol\u00edtica de seguran\u00e7a p\u00fablica, a destrui\u00e7\u00e3o da vida do morador de comunidade. Quando ouvimos as respostas sobre a opera\u00e7\u00e3o, ouvimos o que foi falado h\u00e1 40, 50 anos atr\u00e1s&#8221;, lamentou.<\/p>\n<blockquote>\n<p>&#8220;As causas desse grav\u00edssimo problema social j\u00e1 foram elucidadas, mas por que medidas t\u00e3o \u00f3bvias n\u00e3o s\u00e3o implementadas? Porque falta vontade pol\u00edtica. Porque quem morre s\u00e3o os moradores de comunidades e porque s\u00e3o eleitos homens que conseguem chegar aos mais altos postos com o discurso do \u201cbandido bom \u00e9 bandido morto\u201d, completou\u00a0o presidente da ONG Rio de Paz.\u00a0<\/p>\n<\/blockquote>\n<p>O governador do Rio de Janeiro, Claudio Castro,\u00a0tem defendido a megaopera\u00e7\u00e3o. Segundo ele,\u00a0a a\u00e7\u00e3o\u00a0foi planejada ao longo de seis meses, como resultado de mais de um ano de investiga\u00e7\u00f5es,\u00a0contou com o aval do Poder Judici\u00e1rio e foi acompanhada pelo Minist\u00e9rio P\u00fablico do estado.\u00a0<\/p>\n<p>Especialistas ouvidos pela\u00a0<strong>Ag\u00eancia Brasil<\/strong>\u00a0criticaram a a\u00e7\u00e3o\u00a0que gerou um grande impacto na capital fluminense e n\u00e3o atingiu o objetivo de conter o crime organizado. Para a\u00a0professora do Departamento de Seguran\u00e7a P\u00fablica da Universidade Federal Fluminense (UFF), Jacqueline Muniz,\u00a0a opera\u00e7\u00e3o foi amadora e\u00a0uma \u201clamban\u00e7a pol\u00edtico-operacional\u201d.<\/p>\n<p>Movimentos populares e de favelas tamb\u00e9m condenaram as a\u00e7\u00f5es policiais e\u00a0afirmaram que &#8220;seguran\u00e7a n\u00e3o se faz com sangue&#8221;.\u00a0<br \/>\u00a0<\/p>\n<div class=\"dnd-widget-wrapper context-cheio_8colunas type-image\">\n<div class=\"dnd-atom-rendered\"><!-- scald=442298:cheio_8colunas --><\/p>\n<p>    <!-- END scald=442298 --><\/div>\n<p><h5 class=\"meta\">Dezenas de corpos foram levados por moradores para a Pra\u00e7a S\u00e3o Lucas, na Penha, zona norte do Rio &#8211; Foto:\u00a0<strong>Tomaz Silva\/Ag\u00eancia Brasil<\/strong><!--END copyright=442298--><\/h5>\n<\/p>\n<\/div>\n<p>      <!-- Relacionada --><\/p>\n<p>            <!-- Relacionada -->\n    <\/div>\n","protected":false},"excerpt":{"rendered":"<p>Por EBC, Ativistas que acompanharam a retirada de mais de 60 corpos de uma \u00e1rea de mata no Complexo do Penha, um\u00a0dia ap\u00f3s a maior opera\u00e7\u00e3o policial realizada no Rio de Janeiro, classificam o evento como uma \u201cchacina\u201d e um \u201cmassacre\u201d promovidos por for\u00e7as de seguran\u00e7a.\u00a0 O empreendedor Raull Santiago, nascido no Morro do Alem\u00e3o, &hellip;<\/p>\n","protected":false},"author":1,"featured_media":0,"comment_status":"open","ping_status":"open","sticky":false,"template":"","format":"standard","meta":{"_jetpack_memberships_contains_paid_content":false,"footnotes":""},"categories":[2,12225,4],"tags":[],"class_list":["post-451450","post","type-post","status-publish","format-standard","hentry","category-entretenimento","category-noticias","category-servicos"],"yoast_head":"<!-- This site is optimized with the Yoast SEO plugin v27.5 - https:\/\/yoast.com\/product\/yoast-seo-wordpress\/ -->\n<title>Ativistas denunciam massacre em a\u00e7\u00e3o policial no Rio<\/title>\n<meta name=\"robots\" content=\"index, follow, max-snippet:-1, max-image-preview:large, max-video-preview:-1\" \/>\n<link rel=\"canonical\" href=\"https:\/\/mrnews.com.br\/index.php\/2025\/10\/29\/ativistas-denunciam-massacre-em-acao-policial-no-rio\/\" \/>\n<meta property=\"og:locale\" content=\"pt_BR\" \/>\n<meta property=\"og:type\" content=\"article\" \/>\n<meta property=\"og:title\" content=\"Ativistas denunciam massacre em a\u00e7\u00e3o policial no Rio\" \/>\n<meta property=\"og:description\" content=\"Por EBC, Ativistas que acompanharam a retirada de mais de 60 corpos de uma \u00e1rea de mata no Complexo do Penha, um\u00a0dia ap\u00f3s a maior opera\u00e7\u00e3o policial realizada no Rio de Janeiro, classificam o evento como uma \u201cchacina\u201d e um \u201cmassacre\u201d promovidos por for\u00e7as de seguran\u00e7a.\u00a0 O empreendedor Raull Santiago, nascido no Morro do Alem\u00e3o, &hellip;\" \/>\n<meta property=\"og:url\" content=\"https:\/\/mrnews.com.br\/index.php\/2025\/10\/29\/ativistas-denunciam-massacre-em-acao-policial-no-rio\/\" \/>\n<meta property=\"og:site_name\" content=\"MRNews\" \/>\n<meta property=\"article:publisher\" content=\"https:\/\/www.facebook.com\/eaipahpah\/?locale2=pt_BR\" \/>\n<meta property=\"article:published_time\" content=\"2025-10-29T16:05:12+00:00\" \/>\n<meta name=\"author\" content=\"MR News\" \/>\n<meta name=\"twitter:card\" content=\"summary_large_image\" \/>\n<meta name=\"twitter:creator\" content=\"@conspirou\" \/>\n<meta name=\"twitter:site\" content=\"@conspirou\" \/>\n<meta name=\"twitter:label1\" content=\"Escrito por\" \/>\n\t<meta name=\"twitter:data1\" content=\"MR News\" \/>\n\t<meta name=\"twitter:label2\" content=\"Est. tempo de leitura\" \/>\n\t<meta name=\"twitter:data2\" content=\"4 minutos\" \/>\n<script type=\"application\/ld+json\" class=\"yoast-schema-graph\">{\"@context\":\"https:\\\/\\\/schema.org\",\"@graph\":[{\"@type\":\"Article\",\"@id\":\"https:\\\/\\\/mrnews.com.br\\\/index.php\\\/2025\\\/10\\\/29\\\/ativistas-denunciam-massacre-em-acao-policial-no-rio\\\/#article\",\"isPartOf\":{\"@id\":\"https:\\\/\\\/mrnews.com.br\\\/index.php\\\/2025\\\/10\\\/29\\\/ativistas-denunciam-massacre-em-acao-policial-no-rio\\\/\"},\"author\":{\"name\":\"MR News\",\"@id\":\"https:\\\/\\\/mrnews.com.br\\\/#\\\/schema\\\/person\\\/be3203154562a9f207407861cef7827b\"},\"headline\":\"Ativistas denunciam massacre em a\u00e7\u00e3o policial no Rio\",\"datePublished\":\"2025-10-29T16:05:12+00:00\",\"mainEntityOfPage\":{\"@id\":\"https:\\\/\\\/mrnews.com.br\\\/index.php\\\/2025\\\/10\\\/29\\\/ativistas-denunciam-massacre-em-acao-policial-no-rio\\\/\"},\"wordCount\":737,\"commentCount\":0,\"publisher\":{\"@id\":\"https:\\\/\\\/mrnews.com.br\\\/#organization\"},\"articleSection\":[\"ENTRETENIMENTO\",\"NOTICIAS\",\"SERVI\u00c7OS\"],\"inLanguage\":\"pt-BR\",\"potentialAction\":[{\"@type\":\"CommentAction\",\"name\":\"Comment\",\"target\":[\"https:\\\/\\\/mrnews.com.br\\\/index.php\\\/2025\\\/10\\\/29\\\/ativistas-denunciam-massacre-em-acao-policial-no-rio\\\/#respond\"]}]},{\"@type\":\"WebPage\",\"@id\":\"https:\\\/\\\/mrnews.com.br\\\/index.php\\\/2025\\\/10\\\/29\\\/ativistas-denunciam-massacre-em-acao-policial-no-rio\\\/\",\"url\":\"https:\\\/\\\/mrnews.com.br\\\/index.php\\\/2025\\\/10\\\/29\\\/ativistas-denunciam-massacre-em-acao-policial-no-rio\\\/\",\"name\":\"Ativistas denunciam massacre em a\u00e7\u00e3o policial no Rio\",\"isPartOf\":{\"@id\":\"https:\\\/\\\/mrnews.com.br\\\/#website\"},\"datePublished\":\"2025-10-29T16:05:12+00:00\",\"breadcrumb\":{\"@id\":\"https:\\\/\\\/mrnews.com.br\\\/index.php\\\/2025\\\/10\\\/29\\\/ativistas-denunciam-massacre-em-acao-policial-no-rio\\\/#breadcrumb\"},\"inLanguage\":\"pt-BR\",\"potentialAction\":[{\"@type\":\"ReadAction\",\"target\":[\"https:\\\/\\\/mrnews.com.br\\\/index.php\\\/2025\\\/10\\\/29\\\/ativistas-denunciam-massacre-em-acao-policial-no-rio\\\/\"]}]},{\"@type\":\"BreadcrumbList\",\"@id\":\"https:\\\/\\\/mrnews.com.br\\\/index.php\\\/2025\\\/10\\\/29\\\/ativistas-denunciam-massacre-em-acao-policial-no-rio\\\/#breadcrumb\",\"itemListElement\":[{\"@type\":\"ListItem\",\"position\":1,\"name\":\"In\u00edcio\",\"item\":\"https:\\\/\\\/mrnews.com.br\\\/\"},{\"@type\":\"ListItem\",\"position\":2,\"name\":\"Ativistas denunciam massacre em a\u00e7\u00e3o policial no Rio\"}]},{\"@type\":\"WebSite\",\"@id\":\"https:\\\/\\\/mrnews.com.br\\\/#website\",\"url\":\"https:\\\/\\\/mrnews.com.br\\\/\",\"name\":\"MRNews\",\"description\":\"MRNews Jogos de hoje da TV, transmiss\u00f5es ao vivo, Not\u00edcias de futebol, Jogos ao vivo, Lives, resumo de novelas, Programa\u00e7\u00e3o da Globo, A Fazenda e BBB\",\"publisher\":{\"@id\":\"https:\\\/\\\/mrnews.com.br\\\/#organization\"},\"potentialAction\":[{\"@type\":\"SearchAction\",\"target\":{\"@type\":\"EntryPoint\",\"urlTemplate\":\"https:\\\/\\\/mrnews.com.br\\\/?s={search_term_string}\"},\"query-input\":{\"@type\":\"PropertyValueSpecification\",\"valueRequired\":true,\"valueName\":\"search_term_string\"}}],\"inLanguage\":\"pt-BR\"},{\"@type\":\"Organization\",\"@id\":\"https:\\\/\\\/mrnews.com.br\\\/#organization\",\"name\":\"MRNews\",\"url\":\"https:\\\/\\\/mrnews.com.br\\\/\",\"logo\":{\"@type\":\"ImageObject\",\"inLanguage\":\"pt-BR\",\"@id\":\"https:\\\/\\\/mrnews.com.br\\\/#\\\/schema\\\/logo\\\/image\\\/\",\"url\":\"https:\\\/\\\/mrnews.com.br\\\/wp-content\\\/uploads\\\/2019\\\/06\\\/MRNewslogo2.png\",\"contentUrl\":\"https:\\\/\\\/mrnews.com.br\\\/wp-content\\\/uploads\\\/2019\\\/06\\\/MRNewslogo2.png\",\"width\":223,\"height\":58,\"caption\":\"MRNews\"},\"image\":{\"@id\":\"https:\\\/\\\/mrnews.com.br\\\/#\\\/schema\\\/logo\\\/image\\\/\"},\"sameAs\":[\"https:\\\/\\\/www.facebook.com\\\/eaipahpah\\\/?locale2=pt_BR\",\"https:\\\/\\\/x.com\\\/conspirou\",\"https:\\\/\\\/www.instagram.com\\\/eai_pahpah\",\"https:\\\/\\\/br.pinterest.com\\\/mrnewsn\\\/boards\\\/\",\"https:\\\/\\\/www.youtube.com\\\/channel\\\/UCacgnpznQ61fifLWr1tQ-vA?view_as=subscriber\"]},{\"@type\":\"Person\",\"@id\":\"https:\\\/\\\/mrnews.com.br\\\/#\\\/schema\\\/person\\\/be3203154562a9f207407861cef7827b\",\"name\":\"MR News\",\"image\":{\"@type\":\"ImageObject\",\"inLanguage\":\"pt-BR\",\"@id\":\"https:\\\/\\\/secure.gravatar.com\\\/avatar\\\/04084e6d73c042b8646e7c17b494073bf0ede3ea13c7105cfc45cbbbc28385a4?s=96&d=monsterid&r=g\",\"url\":\"https:\\\/\\\/secure.gravatar.com\\\/avatar\\\/04084e6d73c042b8646e7c17b494073bf0ede3ea13c7105cfc45cbbbc28385a4?s=96&d=monsterid&r=g\",\"contentUrl\":\"https:\\\/\\\/secure.gravatar.com\\\/avatar\\\/04084e6d73c042b8646e7c17b494073bf0ede3ea13c7105cfc45cbbbc28385a4?s=96&d=monsterid&r=g\",\"caption\":\"MR News\"},\"description\":\"Especializado em jornalismo colaborativo pela FTP em n\u00edvel de p\u00f3s-gradua\u00e7\u00e3o. suporte@oimeliga.combr\",\"sameAs\":[\"HUGO R.\",\"Admin\"],\"url\":\"https:\\\/\\\/mrnews.com.br\\\/index.php\\\/author\\\/admin\\\/\"}]}<\/script>\n<!-- \/ Yoast SEO plugin. -->","yoast_head_json":{"title":"Ativistas denunciam massacre em a\u00e7\u00e3o policial no Rio","robots":{"index":"index","follow":"follow","max-snippet":"max-snippet:-1","max-image-preview":"max-image-preview:large","max-video-preview":"max-video-preview:-1"},"canonical":"https:\/\/mrnews.com.br\/index.php\/2025\/10\/29\/ativistas-denunciam-massacre-em-acao-policial-no-rio\/","og_locale":"pt_BR","og_type":"article","og_title":"Ativistas denunciam massacre em a\u00e7\u00e3o policial no Rio","og_description":"Por EBC, Ativistas que acompanharam a retirada de mais de 60 corpos de uma \u00e1rea de mata no Complexo do Penha, um\u00a0dia ap\u00f3s a maior opera\u00e7\u00e3o policial realizada no Rio de Janeiro, classificam o evento como uma \u201cchacina\u201d e um \u201cmassacre\u201d promovidos por for\u00e7as de seguran\u00e7a.\u00a0 O empreendedor Raull Santiago, nascido no Morro do Alem\u00e3o, &hellip;","og_url":"https:\/\/mrnews.com.br\/index.php\/2025\/10\/29\/ativistas-denunciam-massacre-em-acao-policial-no-rio\/","og_site_name":"MRNews","article_publisher":"https:\/\/www.facebook.com\/eaipahpah\/?locale2=pt_BR","article_published_time":"2025-10-29T16:05:12+00:00","author":"MR News","twitter_card":"summary_large_image","twitter_creator":"@conspirou","twitter_site":"@conspirou","twitter_misc":{"Escrito por":"MR News","Est. tempo de leitura":"4 minutos"},"schema":{"@context":"https:\/\/schema.org","@graph":[{"@type":"Article","@id":"https:\/\/mrnews.com.br\/index.php\/2025\/10\/29\/ativistas-denunciam-massacre-em-acao-policial-no-rio\/#article","isPartOf":{"@id":"https:\/\/mrnews.com.br\/index.php\/2025\/10\/29\/ativistas-denunciam-massacre-em-acao-policial-no-rio\/"},"author":{"name":"MR News","@id":"https:\/\/mrnews.com.br\/#\/schema\/person\/be3203154562a9f207407861cef7827b"},"headline":"Ativistas denunciam massacre em a\u00e7\u00e3o policial no Rio","datePublished":"2025-10-29T16:05:12+00:00","mainEntityOfPage":{"@id":"https:\/\/mrnews.com.br\/index.php\/2025\/10\/29\/ativistas-denunciam-massacre-em-acao-policial-no-rio\/"},"wordCount":737,"commentCount":0,"publisher":{"@id":"https:\/\/mrnews.com.br\/#organization"},"articleSection":["ENTRETENIMENTO","NOTICIAS","SERVI\u00c7OS"],"inLanguage":"pt-BR","potentialAction":[{"@type":"CommentAction","name":"Comment","target":["https:\/\/mrnews.com.br\/index.php\/2025\/10\/29\/ativistas-denunciam-massacre-em-acao-policial-no-rio\/#respond"]}]},{"@type":"WebPage","@id":"https:\/\/mrnews.com.br\/index.php\/2025\/10\/29\/ativistas-denunciam-massacre-em-acao-policial-no-rio\/","url":"https:\/\/mrnews.com.br\/index.php\/2025\/10\/29\/ativistas-denunciam-massacre-em-acao-policial-no-rio\/","name":"Ativistas denunciam massacre em a\u00e7\u00e3o policial no Rio","isPartOf":{"@id":"https:\/\/mrnews.com.br\/#website"},"datePublished":"2025-10-29T16:05:12+00:00","breadcrumb":{"@id":"https:\/\/mrnews.com.br\/index.php\/2025\/10\/29\/ativistas-denunciam-massacre-em-acao-policial-no-rio\/#breadcrumb"},"inLanguage":"pt-BR","potentialAction":[{"@type":"ReadAction","target":["https:\/\/mrnews.com.br\/index.php\/2025\/10\/29\/ativistas-denunciam-massacre-em-acao-policial-no-rio\/"]}]},{"@type":"BreadcrumbList","@id":"https:\/\/mrnews.com.br\/index.php\/2025\/10\/29\/ativistas-denunciam-massacre-em-acao-policial-no-rio\/#breadcrumb","itemListElement":[{"@type":"ListItem","position":1,"name":"In\u00edcio","item":"https:\/\/mrnews.com.br\/"},{"@type":"ListItem","position":2,"name":"Ativistas denunciam massacre em a\u00e7\u00e3o policial no Rio"}]},{"@type":"WebSite","@id":"https:\/\/mrnews.com.br\/#website","url":"https:\/\/mrnews.com.br\/","name":"MRNews","description":"MRNews Jogos de hoje da TV, transmiss\u00f5es ao vivo, Not\u00edcias de futebol, Jogos ao vivo, Lives, resumo de novelas, Programa\u00e7\u00e3o da Globo, A Fazenda e BBB","publisher":{"@id":"https:\/\/mrnews.com.br\/#organization"},"potentialAction":[{"@type":"SearchAction","target":{"@type":"EntryPoint","urlTemplate":"https:\/\/mrnews.com.br\/?s={search_term_string}"},"query-input":{"@type":"PropertyValueSpecification","valueRequired":true,"valueName":"search_term_string"}}],"inLanguage":"pt-BR"},{"@type":"Organization","@id":"https:\/\/mrnews.com.br\/#organization","name":"MRNews","url":"https:\/\/mrnews.com.br\/","logo":{"@type":"ImageObject","inLanguage":"pt-BR","@id":"https:\/\/mrnews.com.br\/#\/schema\/logo\/image\/","url":"https:\/\/mrnews.com.br\/wp-content\/uploads\/2019\/06\/MRNewslogo2.png","contentUrl":"https:\/\/mrnews.com.br\/wp-content\/uploads\/2019\/06\/MRNewslogo2.png","width":223,"height":58,"caption":"MRNews"},"image":{"@id":"https:\/\/mrnews.com.br\/#\/schema\/logo\/image\/"},"sameAs":["https:\/\/www.facebook.com\/eaipahpah\/?locale2=pt_BR","https:\/\/x.com\/conspirou","https:\/\/www.instagram.com\/eai_pahpah","https:\/\/br.pinterest.com\/mrnewsn\/boards\/","https:\/\/www.youtube.com\/channel\/UCacgnpznQ61fifLWr1tQ-vA?view_as=subscriber"]},{"@type":"Person","@id":"https:\/\/mrnews.com.br\/#\/schema\/person\/be3203154562a9f207407861cef7827b","name":"MR News","image":{"@type":"ImageObject","inLanguage":"pt-BR","@id":"https:\/\/secure.gravatar.com\/avatar\/04084e6d73c042b8646e7c17b494073bf0ede3ea13c7105cfc45cbbbc28385a4?s=96&d=monsterid&r=g","url":"https:\/\/secure.gravatar.com\/avatar\/04084e6d73c042b8646e7c17b494073bf0ede3ea13c7105cfc45cbbbc28385a4?s=96&d=monsterid&r=g","contentUrl":"https:\/\/secure.gravatar.com\/avatar\/04084e6d73c042b8646e7c17b494073bf0ede3ea13c7105cfc45cbbbc28385a4?s=96&d=monsterid&r=g","caption":"MR News"},"description":"Especializado em jornalismo colaborativo pela FTP em n\u00edvel de p\u00f3s-gradua\u00e7\u00e3o. suporte@oimeliga.combr","sameAs":["HUGO R.","Admin"],"url":"https:\/\/mrnews.com.br\/index.php\/author\/admin\/"}]}},"jetpack_featured_media_url":"","jetpack_sharing_enabled":true,"jetpack_shortlink":"https:\/\/wp.me\/pa2Qf7-1Trs","amp_enabled":true,"_links":{"self":[{"href":"https:\/\/mrnews.com.br\/index.php\/wp-json\/wp\/v2\/posts\/451450","targetHints":{"allow":["GET"]}}],"collection":[{"href":"https:\/\/mrnews.com.br\/index.php\/wp-json\/wp\/v2\/posts"}],"about":[{"href":"https:\/\/mrnews.com.br\/index.php\/wp-json\/wp\/v2\/types\/post"}],"author":[{"embeddable":true,"href":"https:\/\/mrnews.com.br\/index.php\/wp-json\/wp\/v2\/users\/1"}],"replies":[{"embeddable":true,"href":"https:\/\/mrnews.com.br\/index.php\/wp-json\/wp\/v2\/comments?post=451450"}],"version-history":[{"count":0,"href":"https:\/\/mrnews.com.br\/index.php\/wp-json\/wp\/v2\/posts\/451450\/revisions"}],"wp:attachment":[{"href":"https:\/\/mrnews.com.br\/index.php\/wp-json\/wp\/v2\/media?parent=451450"}],"wp:term":[{"taxonomy":"category","embeddable":true,"href":"https:\/\/mrnews.com.br\/index.php\/wp-json\/wp\/v2\/categories?post=451450"},{"taxonomy":"post_tag","embeddable":true,"href":"https:\/\/mrnews.com.br\/index.php\/wp-json\/wp\/v2\/tags?post=451450"}],"curies":[{"name":"wp","href":"https:\/\/api.w.org\/{rel}","templated":true}]}}