{"id":452343,"date":"2025-11-17T09:27:13","date_gmt":"2025-11-17T12:27:13","guid":{"rendered":"https:\/\/mrnews.com.br\/index.php\/2025\/11\/17\/ha-30-anos-marcha-no-rio-inaugurava-paradas-do-orgulho-lgbt-no-brasil\/"},"modified":"2025-11-17T09:27:13","modified_gmt":"2025-11-17T12:27:13","slug":"ha-30-anos-marcha-no-rio-inaugurava-paradas-do-orgulho-lgbt-no-brasil","status":"publish","type":"post","link":"https:\/\/mrnews.com.br\/index.php\/2025\/11\/17\/ha-30-anos-marcha-no-rio-inaugurava-paradas-do-orgulho-lgbt-no-brasil\/","title":{"rendered":"H\u00e1 30 anos, marcha no Rio inaugurava paradas do orgulho LGBT no Brasil"},"content":{"rendered":"<p>Por EBC, <\/p>\n<div>\n<p><strong>Os 30 anos da primeira parada do orgulho LGBTI+ do Brasil, a do Rio de Janeiro, ser\u00e3o celebrados no pr\u00f3ximo domingo (23). A manifesta\u00e7\u00e3o volta \u00e0 Praia de Copacabana, seu cen\u00e1rio desde 1995, para exaltar sua jornada e apostar no futuro, com o tema \u201c30 anos fazendo hist\u00f3ria: das primeiras lutas pelo direito de existir \u00e0 constru\u00e7\u00e3o de futuros sustent\u00e1veis\u201d.<\/strong><\/p>\n<p>As tr\u00eas d\u00e9cadas s\u00e3o contadas a partir da Marcha da Cidadania de 25 de junho de 1995, ao fim da 17\u00aa Confer\u00eancia Mundial da Associa\u00e7\u00e3o Internacional de Gays e L\u00e9sbicas (Ilga, em ingl\u00eas).\u00a0<\/p>\n<p>A passagem do evento internacional pelo Rio de Janeiro, pleiteada e concretizada pelo movimento LGBTI+ brasileiro, trouxe grande visibilidade \u00e0 comunidade, ajudou a articular os grupos nacionalmente e a impulsionar as paradas do orgulho no pa\u00eds. Em v\u00e1rios locais, ativistas j\u00e1 se organizavam desde as d\u00e9cadas anteriores, mas com foco na urg\u00eancia de conter a epidemia de HIV\/Aids, explica o professor da Universidade Federal de S\u00e3o Paulo (Unifesp) e presidente do Grupo de Trabalho Mem\u00f3ria e Verdade LGBT, Renan Quinalha.<\/p>\n<blockquote>\n<p>\u201cN\u00e3o era a primeira vez que o movimento LGBTI+ sa\u00eda \u00e0s ruas, mas com esse formato de manifesta\u00e7\u00e3o, em di\u00e1logo com a sociedade, com uma agenda de reivindica\u00e7\u00f5es mais abrangente, acontece neste momento\u201d, diferencia ele.<\/p>\n<\/blockquote>\n<p><strong>Quinalha explica que a marcha de 1995, no Rio de Janeiro, \u00e9 ic\u00f4nica por iniciar um processo de ac\u00famulo e aprendizado que se espalha pelo pa\u00eds nos anos seguintes e atinge a escala de milh\u00f5es de participantes nos anos 2000, com destaque para a Parada LGBT+ de S\u00e3o Paulo, que se torna a maior do mundo.\u00a0<\/strong><\/p>\n<blockquote>\n<p>\u201cD\u00e1 para dizer que as paradas s\u00e3o as maiores manifesta\u00e7\u00f5es democr\u00e1ticas do Brasil. Nenhum outro movimento coloca tanta gente nas ruas anualmente em v\u00e1rias cidades\u201d.\u00a0\u00a0<\/p>\n<\/blockquote>\n<h2>Primeira tentativa<\/h2>\n<div class=\"dnd-widget-wrapper context-cheio_8colunas type-image\">\n<div class=\"dnd-atom-rendered\"><!-- scald=444633:cheio_8colunas --><\/p>\n<p>    <!-- END scald=444633 --><\/div>\n<div class=\"dnd-caption-wrapper\">\n<p>O presidente do Grupo Arco-\u00cdris, Cl\u00e1udio Nascimento. Foto: Fernando Fraz\u00e3o\/Ag\u00eancia Brasil &#8211;<\/p>\n<\/div>\n<\/div>\n<p>A hist\u00f3ria da vinda da confer\u00eancia da Ilga para o Brasil come\u00e7a quatro anos antes, em 1991, quando o ativista Adauto Belarmino consegue oficializar a candidatura do Rio de Janeiro como sede do evento, escolha que \u00e9 confirmada em 1993.\u00a0<\/p>\n<p>Naquele ano, o Movimento de Emancipa\u00e7\u00e3o Homossexual Grupo Atob\u00e1, o rec\u00e9m criado Grupo Arco-\u00cdris e outros movimentos haviam tentado convocar uma parada j\u00e1 na Praia de Copacabana. Mas o balan\u00e7o foi de que a tentativa tinha fracassado: foram menos de 30 participantes, sendo a maior parte deles, os pr\u00f3prios organizadores.<\/p>\n<p>Hoje presidente do Grupo Arco-\u00cdris de Cidadania LGBTI+, entidade que organiza a parada desde a sua primeira edi\u00e7\u00e3o, Cl\u00e1udio Nascimento tinha 23 anos e foi um dos que se sentaram, ao fim da caminhada, em um bar na Galeria Alaska, antigo ponto de encontro da comunidade em Copacabana, para discutir o que tinha dado errado.<\/p>\n<blockquote>\n<p>\u201cOs mais velhos estavam muito \u201cP\u201d da vida, dizendo que as pessoas eram traidoras, n\u00e3o tinham senso de coletividade, de comunidade. E n\u00f3s, do Arco-\u00cdris, um grupo novinho que estava nascendo, tivemos a ousadia de dizer para eles que, em vez de culpar a comunidade, a gente tinha que analisar os fatores que prejudicaram a participa\u00e7\u00e3o. Primeiro, tinha que trabalhar a autoestima\u201d, lembra.<\/p>\n<\/blockquote>\n<p>A conclus\u00e3o veio ap\u00f3s uma virada de chave que foi vivida pelo movimento LGBTI+ no pa\u00eds nos anos 1990. A experi\u00eancia de mais de uma d\u00e9cada de luta contra a epidemia de AIDS e a reabertura democr\u00e1tica tiraram o movimento \u201cda defensiva\u201d, resgata Cl\u00e1udio, permitindo a constru\u00e7\u00e3o de uma pauta sobre cidadania, orgulho e reivindica\u00e7\u00e3o de pol\u00edticas p\u00fablicas.<\/p>\n<p>Quando o Rio de Janeiro se confirma como sede da Confer\u00eancia da Ilga o Grupo Arco-\u00cdris percebe que se tratava de uma oportunidade para fortalecer essa mobiliza\u00e7\u00e3o.<\/p>\n<h2>Autoestima<\/h2>\n<p>Mesmo com os avan\u00e7os, ainda havia um contexto que afastava os LGBTI+ da parada: medo de ser reconhecido em p\u00fablico e sofrer agress\u00f5es verbais e f\u00edsicas, de ficar sem emprego, de ser expulso de casa e at\u00e9 de perder companheiros que n\u00e3o estivessem dispostos a se assumir publicamente.\u00a0<\/p>\n<blockquote>\n<p>\u201cEm 1994, a gente decide n\u00e3o fazer mais a parada, mas promove eventos sociais e culturais, encontros semanais que chegam a reunir 60, 70 pessoas\u201d, explica Cl\u00e1udio, contando que o grupo queria estimular os participantes a ganharem confian\u00e7a.\u00a0<\/p>\n<\/blockquote>\n<p>Um desses eventos \u00e9 a pr\u00f3pria cerim\u00f4nia p\u00fablica de casamento de Claudio e Adauto Belarmino, em 1994, celebrada por ex-seminaristas cat\u00f3licos na sede do Sindicato dos Funcion\u00e1rios de Sa\u00fade e Previd\u00eancia do Estado do Rio (Sindsprev). Tamb\u00e9m naquele ano, um encontro ao ar livre no jardim do Museu de Arte Moderna do Rio de Janeiro, chamado de tarde de conviv\u00eancia, chegou a reunir 600 pessoas.\u00a0<\/p>\n<p>Conforme a mobiliza\u00e7\u00e3o crescia, paralelamente, a prepara\u00e7\u00e3o para a confer\u00eancia e a sonhada parada na cidade permaneciam no horizonte, lembra Cl\u00e1udio.<\/p>\n<blockquote>\n<p>\u201cA gente recebeu de Nova York um fac-s\u00edmile, com mais de 50 p\u00e1ginas e uma s\u00e9rie de exig\u00eancias. A gente, ent\u00e3o, decide mentir e dizer que tinha tudo garantido. Se a gente falasse a verdade, que ainda ia buscar o apoio e as parcerias, [a confer\u00eancia] poderia ter sido cancelada\u201d, admite Cl\u00e1udio.<\/p>\n<\/blockquote>\n<p>Ele lembra que s\u00f3 ficou mais tranquilo com a realiza\u00e7\u00e3o da tarde com 600 participantes. \u201cAli, a gente teve certeza de que era poss\u00edvel, porque a gente saiu de menos de 30 para 600\u201d.<\/p>\n<h2>1995, o marco inicial<\/h2>\n<div class=\"dnd-widget-wrapper context-cheio_8colunas type-image\">\n<div class=\"dnd-atom-rendered\"><!-- scald=444570:cheio_8colunas --><\/p>\n<p>    <!-- END scald=444570 --><\/div>\n<div class=\"dnd-caption-wrapper\">\n<p><!--copyright=444570-->Rio de Janeiro (RJ), 14\/11\/2025 \u2013 Ex-presidente do Grupo Arco \u00cdris Augusto Andrade (esquerda), Luiz Carlos Ramos (centro), Claudio Nascimento (direito) na Marcha da Cidadania de 1995, a primeira Parada LGBT do Brasil Foto: Augusto Andrade\/Arquivo pessoal &#8211; <strong>Augusto Andrade\/Arquivo pessoal<\/strong><!--END copyright=444570--><\/p>\n<\/div>\n<\/div>\n<p>O Grupo Arco-\u00cdris era presidido na \u00e9poca por Augusto Andrade, que o havia fundado com amigos na sala da casa em que morava com Luiz Carlos Barros, em maio de 1993.\u00a0<\/p>\n<p>Ap\u00f3s a confirma\u00e7\u00e3o da confer\u00eancia, Augusto conta que o grupo enfrentou todo tipo de obst\u00e1culo para sua realiza\u00e7\u00e3o, inclusive do ponto de vista financeiro, contraindo d\u00edvidas no pr\u00f3prio nome dos integrantes para garantir o evento.\u00a0<\/p>\n<p>Inscri\u00e7\u00f5es de participantes estrangeiros e doa\u00e7\u00f5es de entidades internacionais, ativistas e artistas, como o cantor Renato Russo, nomeado padrinho da confer\u00eancia, foram fundamentais. Carros de som e outros recursos do Sindsprevi, do sindicato dos banc\u00e1rios e do sindicatos dos trabalhadores das empresas telef\u00f4nicas tamb\u00e9m foram indispens\u00e1veis para a marcha.<\/p>\n<p>\u201cA Ilga, naquela ocasi\u00e3o, tinha o status de \u00f3rg\u00e3o consultivo da ONU. Ent\u00e3o, n\u00f3s usamos isso como um carimbo para abrir portas. Porque, para muitas pessoas, era um choque, uma coisa inadmiss\u00edvel, inaceit\u00e1vel\u201d, conta ele.<\/p>\n<blockquote>\n<p>\u201cMas conseguimos uma visibilidade imensa. Tiramos a homossexualidade das p\u00e1ginas policiais para as p\u00e1ginas de economia, de pol\u00edtica, de cultura, de moda\u201d.<\/p>\n<\/blockquote>\n<div class=\"dnd-widget-wrapper context-cheio_8colunas type-image\">\n<div class=\"dnd-atom-rendered\"><!-- scald=444565:cheio_8colunas --><\/p>\n<p>    <!-- END scald=444565 --><\/div>\n<div class=\"dnd-caption-wrapper\">\n<p>Augusto Andrade, organizador da primeira Parada LGBTI+ do Rio de Janeiro. Foto: Marcelo Camargo\/Ag\u00eancia Brasil\u00a0<\/p>\n<\/div>\n<\/div>\n<p><strong>A confer\u00eancia foi realizada entre 18 e 25 de junho de 1995, em um hotel no Posto 6, na Praia de Copacabana. No centro das discuss\u00f5es, que reuniam entre 2 mil e 3 mil pessoas por dia, estavam pontos que s\u00f3 seriam conquistados cerca de 20 anos depois, pela via judicial: o casamento homoafetivo (2011), legalizado pelo Supremo Tribunal Federal em 2011, e o reconhecimento da discrimina\u00e7\u00e3o contra a popula\u00e7\u00e3o LGBTI+, tipificada pela Corte em 2019.\u00a0<\/strong><\/p>\n<p>Com a parada ao fim desse evento, a ambi\u00e7\u00e3o do Arco-\u00cdris era criar um s\u00edmbolo de mobiliza\u00e7\u00e3o que pudesse ser repetido nos anos seguintes.<\/p>\n<blockquote>\n<p>\u201cA parada foi a solu\u00e7\u00e3o que a gente achou para que, nos anos subsequentes, a discuss\u00e3o continuasse, e a nossa pauta se mantivesse viva\u201d, relata Augusto.<\/p>\n<\/blockquote>\n<p>Claudio Nascimento exalta o s\u00edmbolo principal da parada do Rio, a bandeira arco-\u00edris de 124 metros de comprimento por 10 de largura, que j\u00e1 estava presente em 1995. Esse gigantismo era estrat\u00e9gico:<\/p>\n<blockquote>\n<p>\u201cQuer\u00edamos que todo mundo pudesse ter o luxo de segurar, de tocar, e que, quando a imprensa tivesse que escolher apenas uma foto, escolheria ela. E at\u00e9 hoje, 30 anos depois, \u00e9 o que acontece\u201d\u00a0<\/p>\n<\/blockquote>\n<h2>Pertencimento<\/h2>\n<div class=\"dnd-widget-wrapper context-cheio_8colunas type-image\">\n<div class=\"dnd-atom-rendered\"><!-- scald=444619:cheio_8colunas --><\/p>\n<p>    <!-- END scald=444619 --><\/div>\n<div class=\"dnd-caption-wrapper\">\n<p>A ativista LGBTQIA+, Ros\u00e2ngela Castro. Foto: Tomaz Silva\/Ag\u00eancia Brasil\u00a0<\/p>\n<\/div>\n<\/div>\n<p>A ativista l\u00e9sbica Rosangela Castro participava do Grupo Arco-\u00cdris na \u00e9poca e lembra que, al\u00e9m do p\u00fablico da confer\u00eancia internacional e dos ativistas de outros estados, a ades\u00e3o da parada tamb\u00e9m foi resultado de um trabalho de divulga\u00e7\u00e3o em bares, boates e outros pontos de encontro das comunidades de gays, l\u00e9sbicas, bissexuais e travestis.<\/p>\n<blockquote>\n<p>\u201cA gente teve muitas m\u00e3os colaborando com essa parada, ent\u00e3o, foi uma sensa\u00e7\u00e3o muito boa, de pertencimento, de que, a partir dali, as coisas come\u00e7ariam a mudar. Havia muitos olhares que n\u00e3o eram favor\u00e1veis, mas tamb\u00e9m muitos que encaravam como novidade, se perguntando: \u2018Nossa, \u00e9 tanta gente assim?\u2019\u201d, conta ela.<\/p>\n<\/blockquote>\n<p>Depois da marcha no Rio, Ros\u00e2ngela e o Grupo Arco-\u00cdris viajaram para outros estados, ajudando na organiza\u00e7\u00e3o de uma s\u00e9rie de primeiras paradas, como a de S\u00e3o Paulo, em 1997. A ativista ficou no Arco-\u00cdris at\u00e9 o in\u00edcio dos anos 2000, quando fundou o Grupo de Mulheres Felipa de Sousa, em 2001, dedicado a mulheres l\u00e9sbicas e bissexuais e, posteriormente, focado nas mulheres negras dessa popula\u00e7\u00e3o.<\/p>\n<blockquote>\n<p>\u201cH\u00e1 pouco tempo que comecei a ver a minha import\u00e2ncia em tudo isso, de tanto as pessoas me falarem. Para mim, era uma coisa que eu tinha que fazer, era como estar viva. O ativismo \u00e9 o que me move at\u00e9 hoje. Ano que vem, eu vou fazer 70 anos, e essa \u00e9 minha forma de viver. Se eu tivesse que fazer tudo de novo, eu faria\u201d.<\/p>\n<\/blockquote>\n<div class=\"dnd-widget-wrapper context-medio_4colunas type-image atom-align-left\">\n<div class=\"dnd-atom-rendered\"><!-- scald=444569:medio_4colunas {\"additionalClasses\":\"\"} --><\/p>\n<p>    <!-- END scald=444569 --><\/div>\n<div class=\"dnd-caption-wrapper\">\n<p>\u00a0Ativista Jorge Ca\u00ea Rodrigues na Marcha da Cidadania de 1995. Foto: Jorge Ca\u00ea Rodrigues\/Arquivo Pessoal\u00a0<\/p>\n<\/div>\n<\/div>\n<p>Para Jorge Ca\u00ea Rodrigues, que tamb\u00e9m participou da organiza\u00e7\u00e3o da parada, a hist\u00f3ria de sua vida e a do movimento LGBTI+ no Brasil se misturam. Jorge conheceu o marido, John MacCarthy, na milit\u00e2ncia, nos anos 1980, e os dois ficaram 39 anos juntos. Nessa estrada, a marcha pioneira no Rio de Janeiro foi um marco em que os dois trabalharam juntos.<\/p>\n<p>\u201cN\u00e3o digo que foi o in\u00edcio. Em 1980, foi plantada a semente de uma \u00e1rvore que cresceu e, ali, come\u00e7ou a dar frutos. Foi um processo longo, mas, em 1995, j\u00e1 era uma \u00e1rvore forte, com ra\u00edzes fincadas\u201d, lembra ele \u201cFoi um momento de uma gl\u00f3ria inacredit\u00e1vel, de muita emo\u00e7\u00e3o. A parada foi a catarse\u201d.<\/p>\n<p>Mesmo depois de sair da organiza\u00e7\u00e3o da parada, no ano 2000, o casal n\u00e3o deixou de participar da manifesta\u00e7\u00e3o. Em 2019, quando John morreu, um dos trios el\u00e9tricos desfilou com uma foto em sua homenagem, mas Jorge n\u00e3o se sentiu em condi\u00e7\u00f5es de voltar \u00e0 rua durante o luto.\u00a0<\/p>\n<p>Anos depois, em um novo relacionamento, Jorge Ca\u00ea descobriu que o namorado, um homem mais jovem que tinha nascido no interior do Rio de Janeiro, nunca tinha ido a uma parada LGBTI+. Depois de contar a ele sua hist\u00f3ria, os dois decidiram ir juntos em 2023.<\/p>\n<p>\u201cFoi tocante estar com uma pessoa que nunca tinha ido, um homossexual do interior, e ver a alegria dele em ver que realmente n\u00e3o est\u00e1 sozinho, que n\u00e3o \u00e9 o \u00fanico, que \u00e9 um pensamento que passa pela cabe\u00e7a de muitos homossexuais. Foi muito comovente. Espero que a parada continue forever and ever\u201d.<\/p>\n<p>\u00a0<\/p>\n<div class=\"dnd-widget-wrapper context-cheio_8colunas type-image\">\n<div class=\"dnd-atom-rendered\"><!-- scald=444568:cheio_8colunas --><\/p>\n<p>    <!-- END scald=444568 --><\/div>\n<div class=\"dnd-caption-wrapper\">\n<p>John MacCarthy (esquerda), Jorge Ca\u00ea Rodrigues e Gilza, na Parada LGBTI+ do Rio em 2009 Foto: Jorge Ca\u00ea Rodrigues\/Arquivo Pessoal\u00a0<\/p>\n<\/div>\n<\/div>\n<p>      <!-- Relacionada --><\/p>\n<p>            <!-- Relacionada -->\n    <\/div>\n","protected":false},"excerpt":{"rendered":"<p>Por EBC, Os 30 anos da primeira parada do orgulho LGBTI+ do Brasil, a do Rio de Janeiro, ser\u00e3o celebrados no pr\u00f3ximo domingo (23). A manifesta\u00e7\u00e3o volta \u00e0 Praia de Copacabana, seu cen\u00e1rio desde 1995, para exaltar sua jornada e apostar no futuro, com o tema \u201c30 anos fazendo hist\u00f3ria: das primeiras lutas pelo direito &hellip;<\/p>\n","protected":false},"author":1,"featured_media":0,"comment_status":"open","ping_status":"open","sticky":false,"template":"","format":"standard","meta":{"_jetpack_newsletter_access":"","_jetpack_dont_email_post_to_subs":false,"_jetpack_newsletter_tier_id":0,"_jetpack_memberships_contains_paywalled_content":false,"_jetpack_feature_clip_id":0,"_jetpack_memberships_contains_paid_content":false,"footnotes":"","jetpack_post_was_ever_published":false},"categories":[2,12225,4],"tags":[],"class_list":["post-452343","post","type-post","status-publish","format-standard","hentry","category-entretenimento","category-noticias","category-servicos"],"yoast_head":"<!-- This site is optimized with the Yoast SEO plugin v28.4 - https:\/\/yoast.com\/product\/yoast-seo-wordpress\/ -->\n<title>H\u00e1 30 anos, marcha no Rio inaugurava paradas do orgulho LGBT no Brasil<\/title>\n<meta name=\"robots\" content=\"index, follow, max-snippet:-1, max-image-preview:large, max-video-preview:-1\" \/>\n<link rel=\"canonical\" href=\"https:\/\/mrnews.com.br\/index.php\/2025\/11\/17\/ha-30-anos-marcha-no-rio-inaugurava-paradas-do-orgulho-lgbt-no-brasil\/\" \/>\n<meta property=\"og:locale\" content=\"pt_BR\" \/>\n<meta property=\"og:type\" content=\"article\" \/>\n<meta property=\"og:title\" content=\"H\u00e1 30 anos, marcha no Rio inaugurava paradas do orgulho LGBT no Brasil\" \/>\n<meta property=\"og:description\" content=\"Por EBC, Os 30 anos da primeira parada do orgulho LGBTI+ do Brasil, a do Rio de Janeiro, ser\u00e3o celebrados no pr\u00f3ximo domingo (23). A manifesta\u00e7\u00e3o volta \u00e0 Praia de Copacabana, seu cen\u00e1rio desde 1995, para exaltar sua jornada e apostar no futuro, com o tema \u201c30 anos fazendo hist\u00f3ria: das primeiras lutas pelo direito &hellip;\" \/>\n<meta property=\"og:url\" content=\"https:\/\/mrnews.com.br\/index.php\/2025\/11\/17\/ha-30-anos-marcha-no-rio-inaugurava-paradas-do-orgulho-lgbt-no-brasil\/\" \/>\n<meta property=\"og:site_name\" content=\"MRNews\" \/>\n<meta property=\"article:publisher\" content=\"https:\/\/www.facebook.com\/eaipahpah\/?locale2=pt_BR\" \/>\n<meta property=\"article:published_time\" content=\"2025-11-17T12:27:13+00:00\" \/>\n<meta name=\"author\" content=\"MR News\" \/>\n<meta name=\"twitter:card\" content=\"summary_large_image\" \/>\n<meta name=\"twitter:creator\" content=\"@conspirou\" \/>\n<meta name=\"twitter:site\" content=\"@conspirou\" \/>\n<meta name=\"twitter:label1\" content=\"Escrito por\" \/>\n\t<meta name=\"twitter:data1\" content=\"MR News\" \/>\n\t<meta name=\"twitter:label2\" content=\"Est. tempo de leitura\" \/>\n\t<meta name=\"twitter:data2\" content=\"10 minutos\" \/>\n<script type=\"application\/ld+json\" class=\"yoast-schema-graph\">{\"@context\":\"https:\\\/\\\/schema.org\",\"@graph\":[{\"@type\":\"Article\",\"@id\":\"https:\\\/\\\/mrnews.com.br\\\/index.php\\\/2025\\\/11\\\/17\\\/ha-30-anos-marcha-no-rio-inaugurava-paradas-do-orgulho-lgbt-no-brasil\\\/#article\",\"isPartOf\":{\"@id\":\"https:\\\/\\\/mrnews.com.br\\\/index.php\\\/2025\\\/11\\\/17\\\/ha-30-anos-marcha-no-rio-inaugurava-paradas-do-orgulho-lgbt-no-brasil\\\/\"},\"author\":{\"name\":\"MR News\",\"@id\":\"https:\\\/\\\/mrnews.com.br\\\/#\\\/schema\\\/person\\\/be3203154562a9f207407861cef7827b\"},\"headline\":\"H\u00e1 30 anos, marcha no Rio inaugurava paradas do orgulho LGBT no Brasil\",\"datePublished\":\"2025-11-17T12:27:13+00:00\",\"mainEntityOfPage\":{\"@id\":\"https:\\\/\\\/mrnews.com.br\\\/index.php\\\/2025\\\/11\\\/17\\\/ha-30-anos-marcha-no-rio-inaugurava-paradas-do-orgulho-lgbt-no-brasil\\\/\"},\"wordCount\":1965,\"commentCount\":0,\"publisher\":{\"@id\":\"https:\\\/\\\/mrnews.com.br\\\/#organization\"},\"articleSection\":[\"ENTRETENIMENTO\",\"NOTICIAS\",\"SERVI\u00c7OS\"],\"inLanguage\":\"pt-BR\",\"potentialAction\":[{\"@type\":\"CommentAction\",\"name\":\"Comment\",\"target\":[\"https:\\\/\\\/mrnews.com.br\\\/index.php\\\/2025\\\/11\\\/17\\\/ha-30-anos-marcha-no-rio-inaugurava-paradas-do-orgulho-lgbt-no-brasil\\\/#respond\"]}]},{\"@type\":\"WebPage\",\"@id\":\"https:\\\/\\\/mrnews.com.br\\\/index.php\\\/2025\\\/11\\\/17\\\/ha-30-anos-marcha-no-rio-inaugurava-paradas-do-orgulho-lgbt-no-brasil\\\/\",\"url\":\"https:\\\/\\\/mrnews.com.br\\\/index.php\\\/2025\\\/11\\\/17\\\/ha-30-anos-marcha-no-rio-inaugurava-paradas-do-orgulho-lgbt-no-brasil\\\/\",\"name\":\"H\u00e1 30 anos, marcha no Rio inaugurava paradas do orgulho LGBT no Brasil\",\"isPartOf\":{\"@id\":\"https:\\\/\\\/mrnews.com.br\\\/#website\"},\"datePublished\":\"2025-11-17T12:27:13+00:00\",\"breadcrumb\":{\"@id\":\"https:\\\/\\\/mrnews.com.br\\\/index.php\\\/2025\\\/11\\\/17\\\/ha-30-anos-marcha-no-rio-inaugurava-paradas-do-orgulho-lgbt-no-brasil\\\/#breadcrumb\"},\"inLanguage\":\"pt-BR\",\"potentialAction\":[{\"@type\":\"ReadAction\",\"target\":[\"https:\\\/\\\/mrnews.com.br\\\/index.php\\\/2025\\\/11\\\/17\\\/ha-30-anos-marcha-no-rio-inaugurava-paradas-do-orgulho-lgbt-no-brasil\\\/\"]}]},{\"@type\":\"BreadcrumbList\",\"@id\":\"https:\\\/\\\/mrnews.com.br\\\/index.php\\\/2025\\\/11\\\/17\\\/ha-30-anos-marcha-no-rio-inaugurava-paradas-do-orgulho-lgbt-no-brasil\\\/#breadcrumb\",\"itemListElement\":[{\"@type\":\"ListItem\",\"position\":1,\"name\":\"In\u00edcio\",\"item\":\"https:\\\/\\\/mrnews.com.br\\\/\"},{\"@type\":\"ListItem\",\"position\":2,\"name\":\"H\u00e1 30 anos, marcha no Rio inaugurava paradas do orgulho LGBT no Brasil\"}]},{\"@type\":\"WebSite\",\"@id\":\"https:\\\/\\\/mrnews.com.br\\\/#website\",\"url\":\"https:\\\/\\\/mrnews.com.br\\\/\",\"name\":\"MRNews\",\"description\":\"MRNews Jogos de hoje da TV, transmiss\u00f5es ao vivo, Not\u00edcias de futebol, Jogos ao vivo, Lives, resumo de novelas, Programa\u00e7\u00e3o da Globo, A Fazenda e BBB\",\"publisher\":{\"@id\":\"https:\\\/\\\/mrnews.com.br\\\/#organization\"},\"potentialAction\":[{\"@type\":\"SearchAction\",\"target\":{\"@type\":\"EntryPoint\",\"urlTemplate\":\"https:\\\/\\\/mrnews.com.br\\\/?s={search_term_string}\"},\"query-input\":{\"@type\":\"PropertyValueSpecification\",\"valueRequired\":true,\"valueName\":\"search_term_string\"}}],\"inLanguage\":\"pt-BR\"},{\"@type\":\"Organization\",\"@id\":\"https:\\\/\\\/mrnews.com.br\\\/#organization\",\"name\":\"MRNews\",\"url\":\"https:\\\/\\\/mrnews.com.br\\\/\",\"logo\":{\"@type\":\"ImageObject\",\"inLanguage\":\"pt-BR\",\"@id\":\"https:\\\/\\\/mrnews.com.br\\\/#\\\/schema\\\/logo\\\/image\\\/\",\"url\":\"https:\\\/\\\/mrnews.com.br\\\/wp-content\\\/uploads\\\/2026\\\/08\\\/MRNEws.png\",\"contentUrl\":\"https:\\\/\\\/mrnews.com.br\\\/wp-content\\\/uploads\\\/2026\\\/08\\\/MRNEws.png\",\"width\":1254,\"height\":1254,\"caption\":\"MRNews\"},\"image\":{\"@id\":\"https:\\\/\\\/mrnews.com.br\\\/#\\\/schema\\\/logo\\\/image\\\/\"},\"sameAs\":[\"https:\\\/\\\/www.facebook.com\\\/eaipahpah\\\/?locale2=pt_BR\",\"https:\\\/\\\/x.com\\\/conspirou\",\"https:\\\/\\\/www.instagram.com\\\/eai_pahpah\",\"https:\\\/\\\/br.pinterest.com\\\/mrnewsn\\\/boards\\\/\",\"https:\\\/\\\/www.youtube.com\\\/channel\\\/UCacgnpznQ61fifLWr1tQ-vA?view_as=subscriber\"]},{\"@type\":\"Person\",\"@id\":\"https:\\\/\\\/mrnews.com.br\\\/#\\\/schema\\\/person\\\/be3203154562a9f207407861cef7827b\",\"name\":\"MR News\",\"image\":{\"@type\":\"ImageObject\",\"inLanguage\":\"pt-BR\",\"@id\":\"https:\\\/\\\/secure.gravatar.com\\\/avatar\\\/04084e6d73c042b8646e7c17b494073bf0ede3ea13c7105cfc45cbbbc28385a4?s=96&d=monsterid&r=g\",\"url\":\"https:\\\/\\\/secure.gravatar.com\\\/avatar\\\/04084e6d73c042b8646e7c17b494073bf0ede3ea13c7105cfc45cbbbc28385a4?s=96&d=monsterid&r=g\",\"contentUrl\":\"https:\\\/\\\/secure.gravatar.com\\\/avatar\\\/04084e6d73c042b8646e7c17b494073bf0ede3ea13c7105cfc45cbbbc28385a4?s=96&d=monsterid&r=g\",\"caption\":\"MR News\"},\"description\":\"Especializado em jornalismo colaborativo pela FTP em n\u00edvel de p\u00f3s-gradua\u00e7\u00e3o. suporte@oimeliga.combr\",\"sameAs\":[\"HUGO R.\",\"Admin\"],\"url\":\"https:\\\/\\\/mrnews.com.br\\\/index.php\\\/author\\\/admin\\\/\"}]}<\/script>\n<!-- \/ Yoast SEO plugin. -->","yoast_head_json":{"title":"H\u00e1 30 anos, marcha no Rio inaugurava paradas do orgulho LGBT no Brasil","robots":{"index":"index","follow":"follow","max-snippet":"max-snippet:-1","max-image-preview":"max-image-preview:large","max-video-preview":"max-video-preview:-1"},"canonical":"https:\/\/mrnews.com.br\/index.php\/2025\/11\/17\/ha-30-anos-marcha-no-rio-inaugurava-paradas-do-orgulho-lgbt-no-brasil\/","og_locale":"pt_BR","og_type":"article","og_title":"H\u00e1 30 anos, marcha no Rio inaugurava paradas do orgulho LGBT no Brasil","og_description":"Por EBC, Os 30 anos da primeira parada do orgulho LGBTI+ do Brasil, a do Rio de Janeiro, ser\u00e3o celebrados no pr\u00f3ximo domingo (23). A manifesta\u00e7\u00e3o volta \u00e0 Praia de Copacabana, seu cen\u00e1rio desde 1995, para exaltar sua jornada e apostar no futuro, com o tema \u201c30 anos fazendo hist\u00f3ria: das primeiras lutas pelo direito &hellip;","og_url":"https:\/\/mrnews.com.br\/index.php\/2025\/11\/17\/ha-30-anos-marcha-no-rio-inaugurava-paradas-do-orgulho-lgbt-no-brasil\/","og_site_name":"MRNews","article_publisher":"https:\/\/www.facebook.com\/eaipahpah\/?locale2=pt_BR","article_published_time":"2025-11-17T12:27:13+00:00","author":"MR News","twitter_card":"summary_large_image","twitter_creator":"@conspirou","twitter_site":"@conspirou","twitter_misc":{"Escrito por":"MR News","Est. tempo de leitura":"10 minutos"},"schema":{"@context":"https:\/\/schema.org","@graph":[{"@type":"Article","@id":"https:\/\/mrnews.com.br\/index.php\/2025\/11\/17\/ha-30-anos-marcha-no-rio-inaugurava-paradas-do-orgulho-lgbt-no-brasil\/#article","isPartOf":{"@id":"https:\/\/mrnews.com.br\/index.php\/2025\/11\/17\/ha-30-anos-marcha-no-rio-inaugurava-paradas-do-orgulho-lgbt-no-brasil\/"},"author":{"name":"MR News","@id":"https:\/\/mrnews.com.br\/#\/schema\/person\/be3203154562a9f207407861cef7827b"},"headline":"H\u00e1 30 anos, marcha no Rio inaugurava paradas do orgulho LGBT no Brasil","datePublished":"2025-11-17T12:27:13+00:00","mainEntityOfPage":{"@id":"https:\/\/mrnews.com.br\/index.php\/2025\/11\/17\/ha-30-anos-marcha-no-rio-inaugurava-paradas-do-orgulho-lgbt-no-brasil\/"},"wordCount":1965,"commentCount":0,"publisher":{"@id":"https:\/\/mrnews.com.br\/#organization"},"articleSection":["ENTRETENIMENTO","NOTICIAS","SERVI\u00c7OS"],"inLanguage":"pt-BR","potentialAction":[{"@type":"CommentAction","name":"Comment","target":["https:\/\/mrnews.com.br\/index.php\/2025\/11\/17\/ha-30-anos-marcha-no-rio-inaugurava-paradas-do-orgulho-lgbt-no-brasil\/#respond"]}]},{"@type":"WebPage","@id":"https:\/\/mrnews.com.br\/index.php\/2025\/11\/17\/ha-30-anos-marcha-no-rio-inaugurava-paradas-do-orgulho-lgbt-no-brasil\/","url":"https:\/\/mrnews.com.br\/index.php\/2025\/11\/17\/ha-30-anos-marcha-no-rio-inaugurava-paradas-do-orgulho-lgbt-no-brasil\/","name":"H\u00e1 30 anos, marcha no Rio inaugurava paradas do orgulho LGBT no Brasil","isPartOf":{"@id":"https:\/\/mrnews.com.br\/#website"},"datePublished":"2025-11-17T12:27:13+00:00","breadcrumb":{"@id":"https:\/\/mrnews.com.br\/index.php\/2025\/11\/17\/ha-30-anos-marcha-no-rio-inaugurava-paradas-do-orgulho-lgbt-no-brasil\/#breadcrumb"},"inLanguage":"pt-BR","potentialAction":[{"@type":"ReadAction","target":["https:\/\/mrnews.com.br\/index.php\/2025\/11\/17\/ha-30-anos-marcha-no-rio-inaugurava-paradas-do-orgulho-lgbt-no-brasil\/"]}]},{"@type":"BreadcrumbList","@id":"https:\/\/mrnews.com.br\/index.php\/2025\/11\/17\/ha-30-anos-marcha-no-rio-inaugurava-paradas-do-orgulho-lgbt-no-brasil\/#breadcrumb","itemListElement":[{"@type":"ListItem","position":1,"name":"In\u00edcio","item":"https:\/\/mrnews.com.br\/"},{"@type":"ListItem","position":2,"name":"H\u00e1 30 anos, marcha no Rio inaugurava paradas do orgulho LGBT no Brasil"}]},{"@type":"WebSite","@id":"https:\/\/mrnews.com.br\/#website","url":"https:\/\/mrnews.com.br\/","name":"MRNews","description":"MRNews Jogos de hoje da TV, transmiss\u00f5es ao vivo, Not\u00edcias de futebol, Jogos ao vivo, Lives, resumo de novelas, Programa\u00e7\u00e3o da Globo, A Fazenda e BBB","publisher":{"@id":"https:\/\/mrnews.com.br\/#organization"},"potentialAction":[{"@type":"SearchAction","target":{"@type":"EntryPoint","urlTemplate":"https:\/\/mrnews.com.br\/?s={search_term_string}"},"query-input":{"@type":"PropertyValueSpecification","valueRequired":true,"valueName":"search_term_string"}}],"inLanguage":"pt-BR"},{"@type":"Organization","@id":"https:\/\/mrnews.com.br\/#organization","name":"MRNews","url":"https:\/\/mrnews.com.br\/","logo":{"@type":"ImageObject","inLanguage":"pt-BR","@id":"https:\/\/mrnews.com.br\/#\/schema\/logo\/image\/","url":"https:\/\/mrnews.com.br\/wp-content\/uploads\/2026\/08\/MRNEws.png","contentUrl":"https:\/\/mrnews.com.br\/wp-content\/uploads\/2026\/08\/MRNEws.png","width":1254,"height":1254,"caption":"MRNews"},"image":{"@id":"https:\/\/mrnews.com.br\/#\/schema\/logo\/image\/"},"sameAs":["https:\/\/www.facebook.com\/eaipahpah\/?locale2=pt_BR","https:\/\/x.com\/conspirou","https:\/\/www.instagram.com\/eai_pahpah","https:\/\/br.pinterest.com\/mrnewsn\/boards\/","https:\/\/www.youtube.com\/channel\/UCacgnpznQ61fifLWr1tQ-vA?view_as=subscriber"]},{"@type":"Person","@id":"https:\/\/mrnews.com.br\/#\/schema\/person\/be3203154562a9f207407861cef7827b","name":"MR News","image":{"@type":"ImageObject","inLanguage":"pt-BR","@id":"https:\/\/secure.gravatar.com\/avatar\/04084e6d73c042b8646e7c17b494073bf0ede3ea13c7105cfc45cbbbc28385a4?s=96&d=monsterid&r=g","url":"https:\/\/secure.gravatar.com\/avatar\/04084e6d73c042b8646e7c17b494073bf0ede3ea13c7105cfc45cbbbc28385a4?s=96&d=monsterid&r=g","contentUrl":"https:\/\/secure.gravatar.com\/avatar\/04084e6d73c042b8646e7c17b494073bf0ede3ea13c7105cfc45cbbbc28385a4?s=96&d=monsterid&r=g","caption":"MR News"},"description":"Especializado em jornalismo colaborativo pela FTP em n\u00edvel de p\u00f3s-gradua\u00e7\u00e3o. suporte@oimeliga.combr","sameAs":["HUGO R.","Admin"],"url":"https:\/\/mrnews.com.br\/index.php\/author\/admin\/"}]}},"jetpack_sharing_enabled":true,"jetpack_shortlink":"https:\/\/wp.me\/pa2Qf7-1TFR","amp_enabled":true,"jetpack_featured_media_url":"","_links":{"self":[{"href":"https:\/\/mrnews.com.br\/index.php\/wp-json\/wp\/v2\/posts\/452343","targetHints":{"allow":["GET"]}}],"collection":[{"href":"https:\/\/mrnews.com.br\/index.php\/wp-json\/wp\/v2\/posts"}],"about":[{"href":"https:\/\/mrnews.com.br\/index.php\/wp-json\/wp\/v2\/types\/post"}],"author":[{"embeddable":true,"href":"https:\/\/mrnews.com.br\/index.php\/wp-json\/wp\/v2\/users\/1"}],"replies":[{"embeddable":true,"href":"https:\/\/mrnews.com.br\/index.php\/wp-json\/wp\/v2\/comments?post=452343"}],"version-history":[{"count":0,"href":"https:\/\/mrnews.com.br\/index.php\/wp-json\/wp\/v2\/posts\/452343\/revisions"}],"wp:attachment":[{"href":"https:\/\/mrnews.com.br\/index.php\/wp-json\/wp\/v2\/media?parent=452343"}],"wp:term":[{"taxonomy":"category","embeddable":true,"href":"https:\/\/mrnews.com.br\/index.php\/wp-json\/wp\/v2\/categories?post=452343"},{"taxonomy":"post_tag","embeddable":true,"href":"https:\/\/mrnews.com.br\/index.php\/wp-json\/wp\/v2\/tags?post=452343"}],"curies":[{"name":"wp","href":"https:\/\/api.w.org\/{rel}","templated":true}]}}