{"id":452349,"date":"2025-11-17T13:39:14","date_gmt":"2025-11-17T16:39:14","guid":{"rendered":"https:\/\/mrnews.com.br\/index.php\/2025\/11\/17\/semana-final-da-cop30-comeca-com-reuniao-em-busca-por-consenso\/"},"modified":"2025-11-17T13:39:14","modified_gmt":"2025-11-17T16:39:14","slug":"semana-final-da-cop30-comeca-com-reuniao-em-busca-por-consenso","status":"publish","type":"post","link":"https:\/\/mrnews.com.br\/index.php\/2025\/11\/17\/semana-final-da-cop30-comeca-com-reuniao-em-busca-por-consenso\/","title":{"rendered":"Semana final da COP30 come\u00e7a com reuni\u00e3o em busca por consenso"},"content":{"rendered":"<p>Por EBC, <\/p>\n<div>\n<p>A COP30 entra na semana final com a chegada de representantes de alto escal\u00e3o e expectativa de\u00a0negocia\u00e7\u00f5es clim\u00e1ticas\u00a0aceleradas. Cerca de 160 ministros e outros representantes dos pa\u00edses\u00a0se re\u00fanem na plen\u00e1ria de alto n\u00edvel, nesta segunda-feira (17).<strong> <\/strong><\/p>\n<p><strong>A busca \u00e9 por\u00a0consenso em temas delicados como financiamento para a\u00e7\u00f5es clim\u00e1ticas, par\u00e2metros de adapta\u00e7\u00e3o e formas de implementar e monitorar as metas de redu\u00e7\u00e3o de emiss\u00f5es de gases que causam o aquecimento global.<\/strong><\/p>\n<p>A plen\u00e1ria foi aberta pelo vice-presidente e ministro Desenvolvimento, Ind\u00fastria, Com\u00e9rcio e Servi\u00e7os, Geraldo Alckmin. As discuss\u00f5es dessa semana ocorrem no \u00e2mbito pol\u00edtico com representantes de alto escal\u00e3o, como ministros de meio ambiente, que podem definir os acordos a serem fechados na confer\u00eancia.<\/p>\n<p>\u201cO tempo das promessas j\u00e1 passou. Cada fra\u00e7\u00e3o de grau adicional no aquecimento global representa vidas em risco, mais desigualdade e mais perdas para aqueles que menos contribu\u00edram com o problema&#8221;, pontuou Alckmin, na abertura da plen\u00e1ria..<\/p>\n<blockquote>\n<p>&#8220;Esta COP deve marcar o in\u00edcio de uma d\u00e9cada de acelera\u00e7\u00e3o e entrega. O momento em que o discurso se transforma em a\u00e7\u00e3o concreta, em que deixamos de debater metas e, todos n\u00f3s, passamos a cumpri-las\u201d, disse acrescentou.<\/p>\n<\/blockquote>\n<p>Os negociadores relatam que registraram avan\u00e7os significativos em muitos pontos da agenda de\u00a0145 itens j\u00e1 acordados.<\/p>\n<p>\u201c\u00c0 medida que as negocia\u00e7\u00f5es passam do n\u00edvel t\u00e9cnico para o pol\u00edtico, as discuss\u00f5es se intensificam sobre adapta\u00e7\u00e3o, transi\u00e7\u00e3o justa, financiamento clim\u00e1tico e outras quest\u00f5es que exigem consenso at\u00e9 o final da semana\u201d, diz o boletim da organiza\u00e7\u00e3o da COP.<\/p>\n<p><strong>A segunda semana come\u00e7a com foco unificador: colocar a natureza no centro da a\u00e7\u00e3o clim\u00e1tica. Isso significa fortalecer compromissos para proteger florestas, garantir os direitos dos povos ind\u00edgenas e das comunidades locais, e expandir solu\u00e7\u00f5es baseadas na natureza como pilares essenciais do progresso global.<\/strong><\/p>\n<p><strong>Dentro da agenda de discuss\u00f5es h\u00e1 expectativa sobre a defini\u00e7\u00e3o de indicadores de adapta\u00e7\u00e3o clim\u00e1tica. Uma lista final de at\u00e9 cem indicadores, abrangendo dimens\u00f5es nacionais, tem\u00e1ticas e de meios de implementa\u00e7\u00e3o, como financiamento, capacita\u00e7\u00e3o e tecnologia est\u00e1 na mesa de negocia\u00e7\u00e3o.<\/strong><\/p>\n<p>Entre os pontos que ser\u00e3o debatidos tamb\u00e9m est\u00e3o os direitos e a lideran\u00e7a dos povos ind\u00edgenas e afrodescendentes e sobre como a governan\u00e7a ind\u00edgena pode fortalecer mecanismos emergentes de financiamento clim\u00e1tico.<\/p>\n<p><strong>Al\u00e9m disso, dois temas que n\u00e3o estavam na \u00f3rbita de discuss\u00f5es por n\u00e3o terem obtido consenso conseguiram avan\u00e7ar: a\u00a0elabora\u00e7\u00e3o de mapas do caminho para o fim gradual dos combust\u00edveis fosseis e para o desmatamento zero.<\/strong><\/p>\n<p><strong>A defini\u00e7\u00e3o sobre fontes de financiamento clim\u00e1tico permanece como um dos pontos cr\u00edticos que precisa ser destravado<\/strong>. V\u00e1rios debates est\u00e3o previstos para tentar conseguir o consenso sobre as fontes de financiamento.<\/p>\n<p>Um dos temas \u00e9 a implementa\u00e7\u00e3o do Artigo 9.1 do Acordo de Paris. O item, que n\u00e3o consta da Agenda de A\u00e7\u00e3o, diz que os pa\u00edses desenvolvidos \u00a0devem prover recursos financeiros para assistir as partes em desenvolvimento na redu\u00e7\u00e3o de emiss\u00f5es e na adapta\u00e7\u00e3o clim\u00e1tica.<\/p>\n<p><strong>Na COP29, em Baku, o valor do financiamento clim\u00e1tico ficou definido em US$ 300 bilh\u00f5es anuais, considerado muito insuficiente.<\/strong> As presid\u00eancias da COP30 e COP29 chegaram a formular uma proposta para mobilizar recursos de at\u00e9 US$ 1,3 trilh\u00e3o ao ano, mas n\u00e3o \u00e9 certo que compromissos nessa escala avancem nesta edi\u00e7\u00e3o da confer\u00eancia. O volume \u00e9 considerado pelos pa\u00edses em desenvolvimento como necess\u00e1rio para a implementa\u00e7\u00e3o de uma agenda de mitiga\u00e7\u00e3o da crise emerg\u00eancia clim\u00e1tica.<\/p>\n<p>      <!-- Relacionada --><\/p>\n<p>            <!-- Relacionada -->\n    <\/div>\n","protected":false},"excerpt":{"rendered":"<p>Por EBC, A COP30 entra na semana final com a chegada de representantes de alto escal\u00e3o e expectativa de\u00a0negocia\u00e7\u00f5es clim\u00e1ticas\u00a0aceleradas. Cerca de 160 ministros e outros representantes dos pa\u00edses\u00a0se re\u00fanem na plen\u00e1ria de alto n\u00edvel, nesta segunda-feira (17). A busca \u00e9 por\u00a0consenso em temas delicados como financiamento para a\u00e7\u00f5es clim\u00e1ticas, par\u00e2metros de adapta\u00e7\u00e3o e formas &hellip;<\/p>\n","protected":false},"author":1,"featured_media":0,"comment_status":"open","ping_status":"open","sticky":false,"template":"","format":"standard","meta":{"_jetpack_newsletter_access":"","_jetpack_dont_email_post_to_subs":false,"_jetpack_newsletter_tier_id":0,"_jetpack_memberships_contains_paywalled_content":false,"_jetpack_feature_clip_id":0,"_jetpack_memberships_contains_paid_content":false,"footnotes":"","jetpack_post_was_ever_published":false},"categories":[2,12225,4],"tags":[],"class_list":["post-452349","post","type-post","status-publish","format-standard","hentry","category-entretenimento","category-noticias","category-servicos"],"yoast_head":"<!-- This site is optimized with the Yoast SEO plugin v28.3 - https:\/\/yoast.com\/product\/yoast-seo-wordpress\/ -->\n<title>Semana final da COP30 come\u00e7a com reuni\u00e3o em busca por consenso<\/title>\n<meta name=\"robots\" content=\"index, follow, max-snippet:-1, max-image-preview:large, max-video-preview:-1\" \/>\n<link rel=\"canonical\" href=\"https:\/\/mrnews.com.br\/index.php\/2025\/11\/17\/semana-final-da-cop30-comeca-com-reuniao-em-busca-por-consenso\/\" \/>\n<meta property=\"og:locale\" content=\"pt_BR\" \/>\n<meta property=\"og:type\" content=\"article\" \/>\n<meta property=\"og:title\" content=\"Semana final da COP30 come\u00e7a com reuni\u00e3o em busca por consenso\" \/>\n<meta property=\"og:description\" content=\"Por EBC, A COP30 entra na semana final com a chegada de representantes de alto escal\u00e3o e expectativa de\u00a0negocia\u00e7\u00f5es clim\u00e1ticas\u00a0aceleradas. Cerca de 160 ministros e outros representantes dos pa\u00edses\u00a0se re\u00fanem na plen\u00e1ria de alto n\u00edvel, nesta segunda-feira (17). A busca \u00e9 por\u00a0consenso em temas delicados como financiamento para a\u00e7\u00f5es clim\u00e1ticas, par\u00e2metros de adapta\u00e7\u00e3o e formas &hellip;\" \/>\n<meta property=\"og:url\" content=\"https:\/\/mrnews.com.br\/index.php\/2025\/11\/17\/semana-final-da-cop30-comeca-com-reuniao-em-busca-por-consenso\/\" \/>\n<meta property=\"og:site_name\" content=\"MRNews\" \/>\n<meta property=\"article:publisher\" content=\"https:\/\/www.facebook.com\/eaipahpah\/?locale2=pt_BR\" \/>\n<meta property=\"article:published_time\" content=\"2025-11-17T16:39:14+00:00\" \/>\n<meta name=\"author\" content=\"MR News\" \/>\n<meta name=\"twitter:card\" content=\"summary_large_image\" \/>\n<meta name=\"twitter:creator\" content=\"@conspirou\" \/>\n<meta name=\"twitter:site\" content=\"@conspirou\" \/>\n<meta name=\"twitter:label1\" content=\"Escrito por\" \/>\n\t<meta name=\"twitter:data1\" content=\"MR News\" \/>\n\t<meta name=\"twitter:label2\" content=\"Est. tempo de leitura\" \/>\n\t<meta name=\"twitter:data2\" content=\"3 minutos\" \/>\n<script type=\"application\/ld+json\" class=\"yoast-schema-graph\">{\"@context\":\"https:\\\/\\\/schema.org\",\"@graph\":[{\"@type\":\"Article\",\"@id\":\"https:\\\/\\\/mrnews.com.br\\\/index.php\\\/2025\\\/11\\\/17\\\/semana-final-da-cop30-comeca-com-reuniao-em-busca-por-consenso\\\/#article\",\"isPartOf\":{\"@id\":\"https:\\\/\\\/mrnews.com.br\\\/index.php\\\/2025\\\/11\\\/17\\\/semana-final-da-cop30-comeca-com-reuniao-em-busca-por-consenso\\\/\"},\"author\":{\"name\":\"MR News\",\"@id\":\"https:\\\/\\\/mrnews.com.br\\\/#\\\/schema\\\/person\\\/be3203154562a9f207407861cef7827b\"},\"headline\":\"Semana final da COP30 come\u00e7a com reuni\u00e3o em busca por consenso\",\"datePublished\":\"2025-11-17T16:39:14+00:00\",\"mainEntityOfPage\":{\"@id\":\"https:\\\/\\\/mrnews.com.br\\\/index.php\\\/2025\\\/11\\\/17\\\/semana-final-da-cop30-comeca-com-reuniao-em-busca-por-consenso\\\/\"},\"wordCount\":651,\"commentCount\":0,\"publisher\":{\"@id\":\"https:\\\/\\\/mrnews.com.br\\\/#organization\"},\"articleSection\":[\"ENTRETENIMENTO\",\"NOTICIAS\",\"SERVI\u00c7OS\"],\"inLanguage\":\"pt-BR\",\"potentialAction\":[{\"@type\":\"CommentAction\",\"name\":\"Comment\",\"target\":[\"https:\\\/\\\/mrnews.com.br\\\/index.php\\\/2025\\\/11\\\/17\\\/semana-final-da-cop30-comeca-com-reuniao-em-busca-por-consenso\\\/#respond\"]}]},{\"@type\":\"WebPage\",\"@id\":\"https:\\\/\\\/mrnews.com.br\\\/index.php\\\/2025\\\/11\\\/17\\\/semana-final-da-cop30-comeca-com-reuniao-em-busca-por-consenso\\\/\",\"url\":\"https:\\\/\\\/mrnews.com.br\\\/index.php\\\/2025\\\/11\\\/17\\\/semana-final-da-cop30-comeca-com-reuniao-em-busca-por-consenso\\\/\",\"name\":\"Semana final da COP30 come\u00e7a com reuni\u00e3o em busca por consenso\",\"isPartOf\":{\"@id\":\"https:\\\/\\\/mrnews.com.br\\\/#website\"},\"datePublished\":\"2025-11-17T16:39:14+00:00\",\"breadcrumb\":{\"@id\":\"https:\\\/\\\/mrnews.com.br\\\/index.php\\\/2025\\\/11\\\/17\\\/semana-final-da-cop30-comeca-com-reuniao-em-busca-por-consenso\\\/#breadcrumb\"},\"inLanguage\":\"pt-BR\",\"potentialAction\":[{\"@type\":\"ReadAction\",\"target\":[\"https:\\\/\\\/mrnews.com.br\\\/index.php\\\/2025\\\/11\\\/17\\\/semana-final-da-cop30-comeca-com-reuniao-em-busca-por-consenso\\\/\"]}]},{\"@type\":\"BreadcrumbList\",\"@id\":\"https:\\\/\\\/mrnews.com.br\\\/index.php\\\/2025\\\/11\\\/17\\\/semana-final-da-cop30-comeca-com-reuniao-em-busca-por-consenso\\\/#breadcrumb\",\"itemListElement\":[{\"@type\":\"ListItem\",\"position\":1,\"name\":\"In\u00edcio\",\"item\":\"https:\\\/\\\/mrnews.com.br\\\/\"},{\"@type\":\"ListItem\",\"position\":2,\"name\":\"Semana final da COP30 come\u00e7a com reuni\u00e3o em busca por consenso\"}]},{\"@type\":\"WebSite\",\"@id\":\"https:\\\/\\\/mrnews.com.br\\\/#website\",\"url\":\"https:\\\/\\\/mrnews.com.br\\\/\",\"name\":\"MRNews\",\"description\":\"MRNews Jogos de hoje da TV, transmiss\u00f5es ao vivo, Not\u00edcias de futebol, Jogos ao vivo, Lives, resumo de novelas, Programa\u00e7\u00e3o da Globo, A Fazenda e BBB\",\"publisher\":{\"@id\":\"https:\\\/\\\/mrnews.com.br\\\/#organization\"},\"potentialAction\":[{\"@type\":\"SearchAction\",\"target\":{\"@type\":\"EntryPoint\",\"urlTemplate\":\"https:\\\/\\\/mrnews.com.br\\\/?s={search_term_string}\"},\"query-input\":{\"@type\":\"PropertyValueSpecification\",\"valueRequired\":true,\"valueName\":\"search_term_string\"}}],\"inLanguage\":\"pt-BR\"},{\"@type\":\"Organization\",\"@id\":\"https:\\\/\\\/mrnews.com.br\\\/#organization\",\"name\":\"MRNews\",\"url\":\"https:\\\/\\\/mrnews.com.br\\\/\",\"logo\":{\"@type\":\"ImageObject\",\"inLanguage\":\"pt-BR\",\"@id\":\"https:\\\/\\\/mrnews.com.br\\\/#\\\/schema\\\/logo\\\/image\\\/\",\"url\":\"https:\\\/\\\/mrnews.com.br\\\/wp-content\\\/uploads\\\/2026\\\/08\\\/MRNEws.png\",\"contentUrl\":\"https:\\\/\\\/mrnews.com.br\\\/wp-content\\\/uploads\\\/2026\\\/08\\\/MRNEws.png\",\"width\":1254,\"height\":1254,\"caption\":\"MRNews\"},\"image\":{\"@id\":\"https:\\\/\\\/mrnews.com.br\\\/#\\\/schema\\\/logo\\\/image\\\/\"},\"sameAs\":[\"https:\\\/\\\/www.facebook.com\\\/eaipahpah\\\/?locale2=pt_BR\",\"https:\\\/\\\/x.com\\\/conspirou\",\"https:\\\/\\\/www.instagram.com\\\/eai_pahpah\",\"https:\\\/\\\/br.pinterest.com\\\/mrnewsn\\\/boards\\\/\",\"https:\\\/\\\/www.youtube.com\\\/channel\\\/UCacgnpznQ61fifLWr1tQ-vA?view_as=subscriber\"]},{\"@type\":\"Person\",\"@id\":\"https:\\\/\\\/mrnews.com.br\\\/#\\\/schema\\\/person\\\/be3203154562a9f207407861cef7827b\",\"name\":\"MR News\",\"image\":{\"@type\":\"ImageObject\",\"inLanguage\":\"pt-BR\",\"@id\":\"https:\\\/\\\/secure.gravatar.com\\\/avatar\\\/04084e6d73c042b8646e7c17b494073bf0ede3ea13c7105cfc45cbbbc28385a4?s=96&d=monsterid&r=g\",\"url\":\"https:\\\/\\\/secure.gravatar.com\\\/avatar\\\/04084e6d73c042b8646e7c17b494073bf0ede3ea13c7105cfc45cbbbc28385a4?s=96&d=monsterid&r=g\",\"contentUrl\":\"https:\\\/\\\/secure.gravatar.com\\\/avatar\\\/04084e6d73c042b8646e7c17b494073bf0ede3ea13c7105cfc45cbbbc28385a4?s=96&d=monsterid&r=g\",\"caption\":\"MR News\"},\"description\":\"Especializado em jornalismo colaborativo pela FTP em n\u00edvel de p\u00f3s-gradua\u00e7\u00e3o. suporte@oimeliga.combr\",\"sameAs\":[\"HUGO R.\",\"Admin\"],\"url\":\"https:\\\/\\\/mrnews.com.br\\\/index.php\\\/author\\\/admin\\\/\"}]}<\/script>\n<!-- \/ Yoast SEO plugin. -->","yoast_head_json":{"title":"Semana final da COP30 come\u00e7a com reuni\u00e3o em busca por consenso","robots":{"index":"index","follow":"follow","max-snippet":"max-snippet:-1","max-image-preview":"max-image-preview:large","max-video-preview":"max-video-preview:-1"},"canonical":"https:\/\/mrnews.com.br\/index.php\/2025\/11\/17\/semana-final-da-cop30-comeca-com-reuniao-em-busca-por-consenso\/","og_locale":"pt_BR","og_type":"article","og_title":"Semana final da COP30 come\u00e7a com reuni\u00e3o em busca por consenso","og_description":"Por EBC, A COP30 entra na semana final com a chegada de representantes de alto escal\u00e3o e expectativa de\u00a0negocia\u00e7\u00f5es clim\u00e1ticas\u00a0aceleradas. Cerca de 160 ministros e outros representantes dos pa\u00edses\u00a0se re\u00fanem na plen\u00e1ria de alto n\u00edvel, nesta segunda-feira (17). A busca \u00e9 por\u00a0consenso em temas delicados como financiamento para a\u00e7\u00f5es clim\u00e1ticas, par\u00e2metros de adapta\u00e7\u00e3o e formas &hellip;","og_url":"https:\/\/mrnews.com.br\/index.php\/2025\/11\/17\/semana-final-da-cop30-comeca-com-reuniao-em-busca-por-consenso\/","og_site_name":"MRNews","article_publisher":"https:\/\/www.facebook.com\/eaipahpah\/?locale2=pt_BR","article_published_time":"2025-11-17T16:39:14+00:00","author":"MR News","twitter_card":"summary_large_image","twitter_creator":"@conspirou","twitter_site":"@conspirou","twitter_misc":{"Escrito por":"MR News","Est. tempo de leitura":"3 minutos"},"schema":{"@context":"https:\/\/schema.org","@graph":[{"@type":"Article","@id":"https:\/\/mrnews.com.br\/index.php\/2025\/11\/17\/semana-final-da-cop30-comeca-com-reuniao-em-busca-por-consenso\/#article","isPartOf":{"@id":"https:\/\/mrnews.com.br\/index.php\/2025\/11\/17\/semana-final-da-cop30-comeca-com-reuniao-em-busca-por-consenso\/"},"author":{"name":"MR News","@id":"https:\/\/mrnews.com.br\/#\/schema\/person\/be3203154562a9f207407861cef7827b"},"headline":"Semana final da COP30 come\u00e7a com reuni\u00e3o em busca por consenso","datePublished":"2025-11-17T16:39:14+00:00","mainEntityOfPage":{"@id":"https:\/\/mrnews.com.br\/index.php\/2025\/11\/17\/semana-final-da-cop30-comeca-com-reuniao-em-busca-por-consenso\/"},"wordCount":651,"commentCount":0,"publisher":{"@id":"https:\/\/mrnews.com.br\/#organization"},"articleSection":["ENTRETENIMENTO","NOTICIAS","SERVI\u00c7OS"],"inLanguage":"pt-BR","potentialAction":[{"@type":"CommentAction","name":"Comment","target":["https:\/\/mrnews.com.br\/index.php\/2025\/11\/17\/semana-final-da-cop30-comeca-com-reuniao-em-busca-por-consenso\/#respond"]}]},{"@type":"WebPage","@id":"https:\/\/mrnews.com.br\/index.php\/2025\/11\/17\/semana-final-da-cop30-comeca-com-reuniao-em-busca-por-consenso\/","url":"https:\/\/mrnews.com.br\/index.php\/2025\/11\/17\/semana-final-da-cop30-comeca-com-reuniao-em-busca-por-consenso\/","name":"Semana final da COP30 come\u00e7a com reuni\u00e3o em busca por consenso","isPartOf":{"@id":"https:\/\/mrnews.com.br\/#website"},"datePublished":"2025-11-17T16:39:14+00:00","breadcrumb":{"@id":"https:\/\/mrnews.com.br\/index.php\/2025\/11\/17\/semana-final-da-cop30-comeca-com-reuniao-em-busca-por-consenso\/#breadcrumb"},"inLanguage":"pt-BR","potentialAction":[{"@type":"ReadAction","target":["https:\/\/mrnews.com.br\/index.php\/2025\/11\/17\/semana-final-da-cop30-comeca-com-reuniao-em-busca-por-consenso\/"]}]},{"@type":"BreadcrumbList","@id":"https:\/\/mrnews.com.br\/index.php\/2025\/11\/17\/semana-final-da-cop30-comeca-com-reuniao-em-busca-por-consenso\/#breadcrumb","itemListElement":[{"@type":"ListItem","position":1,"name":"In\u00edcio","item":"https:\/\/mrnews.com.br\/"},{"@type":"ListItem","position":2,"name":"Semana final da COP30 come\u00e7a com reuni\u00e3o em busca por consenso"}]},{"@type":"WebSite","@id":"https:\/\/mrnews.com.br\/#website","url":"https:\/\/mrnews.com.br\/","name":"MRNews","description":"MRNews Jogos de hoje da TV, transmiss\u00f5es ao vivo, Not\u00edcias de futebol, Jogos ao vivo, Lives, resumo de novelas, Programa\u00e7\u00e3o da Globo, A Fazenda e BBB","publisher":{"@id":"https:\/\/mrnews.com.br\/#organization"},"potentialAction":[{"@type":"SearchAction","target":{"@type":"EntryPoint","urlTemplate":"https:\/\/mrnews.com.br\/?s={search_term_string}"},"query-input":{"@type":"PropertyValueSpecification","valueRequired":true,"valueName":"search_term_string"}}],"inLanguage":"pt-BR"},{"@type":"Organization","@id":"https:\/\/mrnews.com.br\/#organization","name":"MRNews","url":"https:\/\/mrnews.com.br\/","logo":{"@type":"ImageObject","inLanguage":"pt-BR","@id":"https:\/\/mrnews.com.br\/#\/schema\/logo\/image\/","url":"https:\/\/mrnews.com.br\/wp-content\/uploads\/2026\/08\/MRNEws.png","contentUrl":"https:\/\/mrnews.com.br\/wp-content\/uploads\/2026\/08\/MRNEws.png","width":1254,"height":1254,"caption":"MRNews"},"image":{"@id":"https:\/\/mrnews.com.br\/#\/schema\/logo\/image\/"},"sameAs":["https:\/\/www.facebook.com\/eaipahpah\/?locale2=pt_BR","https:\/\/x.com\/conspirou","https:\/\/www.instagram.com\/eai_pahpah","https:\/\/br.pinterest.com\/mrnewsn\/boards\/","https:\/\/www.youtube.com\/channel\/UCacgnpznQ61fifLWr1tQ-vA?view_as=subscriber"]},{"@type":"Person","@id":"https:\/\/mrnews.com.br\/#\/schema\/person\/be3203154562a9f207407861cef7827b","name":"MR News","image":{"@type":"ImageObject","inLanguage":"pt-BR","@id":"https:\/\/secure.gravatar.com\/avatar\/04084e6d73c042b8646e7c17b494073bf0ede3ea13c7105cfc45cbbbc28385a4?s=96&d=monsterid&r=g","url":"https:\/\/secure.gravatar.com\/avatar\/04084e6d73c042b8646e7c17b494073bf0ede3ea13c7105cfc45cbbbc28385a4?s=96&d=monsterid&r=g","contentUrl":"https:\/\/secure.gravatar.com\/avatar\/04084e6d73c042b8646e7c17b494073bf0ede3ea13c7105cfc45cbbbc28385a4?s=96&d=monsterid&r=g","caption":"MR News"},"description":"Especializado em jornalismo colaborativo pela FTP em n\u00edvel de p\u00f3s-gradua\u00e7\u00e3o. suporte@oimeliga.combr","sameAs":["HUGO R.","Admin"],"url":"https:\/\/mrnews.com.br\/index.php\/author\/admin\/"}]}},"jetpack_sharing_enabled":true,"jetpack_shortlink":"https:\/\/wp.me\/pa2Qf7-1TFX","amp_enabled":true,"jetpack_featured_media_url":"","_links":{"self":[{"href":"https:\/\/mrnews.com.br\/index.php\/wp-json\/wp\/v2\/posts\/452349","targetHints":{"allow":["GET"]}}],"collection":[{"href":"https:\/\/mrnews.com.br\/index.php\/wp-json\/wp\/v2\/posts"}],"about":[{"href":"https:\/\/mrnews.com.br\/index.php\/wp-json\/wp\/v2\/types\/post"}],"author":[{"embeddable":true,"href":"https:\/\/mrnews.com.br\/index.php\/wp-json\/wp\/v2\/users\/1"}],"replies":[{"embeddable":true,"href":"https:\/\/mrnews.com.br\/index.php\/wp-json\/wp\/v2\/comments?post=452349"}],"version-history":[{"count":0,"href":"https:\/\/mrnews.com.br\/index.php\/wp-json\/wp\/v2\/posts\/452349\/revisions"}],"wp:attachment":[{"href":"https:\/\/mrnews.com.br\/index.php\/wp-json\/wp\/v2\/media?parent=452349"}],"wp:term":[{"taxonomy":"category","embeddable":true,"href":"https:\/\/mrnews.com.br\/index.php\/wp-json\/wp\/v2\/categories?post=452349"},{"taxonomy":"post_tag","embeddable":true,"href":"https:\/\/mrnews.com.br\/index.php\/wp-json\/wp\/v2\/tags?post=452349"}],"curies":[{"name":"wp","href":"https:\/\/api.w.org\/{rel}","templated":true}]}}