{"id":452469,"date":"2025-11-19T20:30:13","date_gmt":"2025-11-19T23:30:13","guid":{"rendered":"https:\/\/mrnews.com.br\/index.php\/2025\/11\/19\/novos-beneficios-sociais-exigirao-rg-nacional-a-partir-de-maio\/"},"modified":"2025-11-19T20:30:13","modified_gmt":"2025-11-19T23:30:13","slug":"novos-beneficios-sociais-exigirao-rg-nacional-a-partir-de-maio","status":"publish","type":"post","link":"https:\/\/mrnews.com.br\/index.php\/2025\/11\/19\/novos-beneficios-sociais-exigirao-rg-nacional-a-partir-de-maio\/","title":{"rendered":"Novos benef\u00edcios sociais exigir\u00e3o RG nacional a partir de maio"},"content":{"rendered":"<p>Por EBC, <\/p>\n<div>\n<p><strong>Os novos benefici\u00e1rios de programas sociais sem biometria cadastrada precisar\u00e3o emitir a Carteira de Identidade Nacional (CIN) a partir de maio. O Minist\u00e9rio da Gest\u00e3o e Inova\u00e7\u00e3o em Servi\u00e7os P\u00fablicos (MGI) divulgou nesta quarta-feira (19) o cronograma para a ado\u00e7\u00e3o gradual do cadastro biom\u00e9trico obrigat\u00f3rio em benef\u00edcios da Seguridade Social.<\/strong><\/p>\n<p>As regras ser\u00e3o formalizadas em portaria a ser publicada na sexta-feira (21) e fazem parte da estrat\u00e9gia de moderniza\u00e7\u00e3o e de preven\u00e7\u00e3o a fraudes nos programas sociais. A exig\u00eancia de biometria consta do pacote de corte de gastos, aprovado pelo Congresso em dezembro do ano passado. O tema foi regulamentado por decreto em julho deste ano.<\/p>\n<p>Segundo o minist\u00e9rio, <strong>cerca de 84% dos 68 milh\u00f5es de benefici\u00e1rios j\u00e1 t\u00eam biometria registrada em alguma base oficial<\/strong>, como a Carteira de Identidade Nacional, o cadastro da Justi\u00e7a Eleitoral ou a Carteira Nacional de Habilita\u00e7\u00e3o (CNH). Pessoas sem impress\u00e3o digital poder\u00e3o usar a biometria facial.<\/p>\n<p>De acordo com o governo, <strong>a transi\u00e7\u00e3o ser\u00e1 gradual e n\u00e3o haver\u00e1 bloqueio autom\u00e1tico de benef\u00edcios nem necessidade de deslocamento imediato \u00e0s unidades de atendimento<\/strong>. O procedimento ser\u00e1 incorporado aos ciclos regulares de manuten\u00e7\u00e3o cadastral de cada programa.<\/p>\n<p>Em entrevista coletiva, a ministra Esther Dweck explicou que a comunica\u00e7\u00e3o com os usu\u00e1rios ser\u00e1 individualizada, para evitar filas e deslocamentos desnecess\u00e1rios. \u201cO objetivo \u00e9 combater fraudes e proteger recursos p\u00fablicos, sem impedir o acesso de quem tem direito\u201d, afirmou.<\/p>\n<h2>Calend\u00e1rio<\/h2>\n<p>O cronograma prev\u00ea quatro etapas principais:<\/p>\n<p><strong>21 de novembro de 2025 <\/strong>\u2013<strong> <\/strong>Entra em vigor o decreto que prioriza a CIN como base biom\u00e9trica. Novos pedidos e renova\u00e7\u00f5es de benef\u00edcios do Instituto Nacional do Seguro Social (INSS) e Benef\u00edcio de Presta\u00e7\u00e3o Continuada (BPC) passam a exigir algum tipo de biometria, como CNH e Justi\u00e7a Eleitoral. Para sal\u00e1rio-maternidade, benef\u00edcio por incapacidade tempor\u00e1ria, pens\u00e3o por morte, seguro-desemprego, abono salarial e Bolsa Fam\u00edlia, a obrigatoriedade come\u00e7a em 1\u00ba de maio de 2026.<\/p>\n<p><strong>1\u00ba de maio de 2026<\/strong> \u2013 Quem tem biometria cadastrada continua podendo utiliz\u00e1-la normalmente. Para quem n\u00e3o possui registro biom\u00e9trico, a emiss\u00e3o da Carteira de Identidade Nacional passa a ser obrigat\u00f3ria para novos pedidos.<\/p>\n<p><strong>1\u00ba de janeiro de 2027<\/strong> \u2013 Todas as renova\u00e7\u00f5es e novas concess\u00f5es passam a exigir biometria. Benefici\u00e1rios sem qualquer documento biom\u00e9trico ser\u00e3o notificados e dever\u00e3o emitir a CIN.<\/p>\n<p><strong>1\u00ba de janeiro de 2028<\/strong> \u2013 A CIN se torna a \u00fanica base biom\u00e9trica aceita para novos benef\u00edcios e renova\u00e7\u00f5es.<\/p>\n<p>\u00a0<\/p>\n<table border=\"1\" cellpadding=\"1\" cellspacing=\"1\" style=\"width:500px;\">\n<tbody>\n<tr>\n<td class=\"rtecenter\" colspan=\"6\"><strong>Calend\u00e1rio de ado\u00e7\u00e3o gradual da biometria<\/strong><\/td>\n<\/tr>\n<tr>\n<td>\u00a0<\/td>\n<td class=\"rtecenter\"><strong>Situa\u00e7\u00e3o<\/strong><\/td>\n<td class=\"rtecenter\"><strong>21\/11\/2025<\/strong><\/td>\n<td class=\"rtecenter\"><strong>1\u00ba\/5\/2026<\/strong><\/td>\n<td class=\"rtecenter\"><strong>1\u00ba\/1\/2027<\/strong><\/td>\n<td class=\"rtecenter\"><strong>1\u00ba\/1\/2028<\/strong><\/td>\n<\/tr>\n<tr>\n<td colspan=\"1\" rowspan=\"2\"><strong>Novos benefici\u00e1rios<\/strong><\/td>\n<td>J\u00e1 tem biometria cadastrada<\/td>\n<td>OK<\/td>\n<td>OK<\/td>\n<td>OK<\/td>\n<td>OK<\/td>\n<\/tr>\n<tr>\n<td>Sem biometria cadastrada<\/td>\n<td>Precisa de CIN, CNH ou biometria do TSE<\/td>\n<td>OK<\/td>\n<td>OK<\/td>\n<td>OK<\/td>\n<\/tr>\n<tr>\n<td colspan=\"1\" rowspan=\"2\"><strong>Revis\u00e3o de benef\u00edcios atuais<\/strong><\/td>\n<td>J\u00e1 tem biometria cadastrada<\/td>\n<td>OK<\/td>\n<td>OK<\/td>\n<td>OK<\/td>\n<td>OK<\/td>\n<\/tr>\n<tr>\n<td>Sem biometria cadastrada<\/td>\n<td>Precisa de CIN, CNH ou biometria do TSE<\/td>\n<td>Precisa de CIN, CNH ou biometria do TSE<\/td>\n<td>OK<\/td>\n<td>OK<\/td>\n<\/tr>\n<\/tbody>\n<\/table>\n<p><em>Fonte: Minist\u00e9rio da Gest\u00e3o e Inova\u00e7\u00e3o em Servi\u00e7os P\u00fablicos<\/em><\/p>\n<h2>Atualiza\u00e7\u00e3o cadastral<\/h2>\n<p>A necessidade de registro biom\u00e9trico ser\u00e1 verificada durante a manuten\u00e7\u00e3o dos benef\u00edcios, como a prova de vida. Quem n\u00e3o tiver biometria ser\u00e1 avisado com anteced\u00eancia e dever\u00e1 procurar os institutos de Identifica\u00e7\u00e3o dos estados e do Distrito Federal para emitir a CIN.<\/p>\n<p>O governo afirma que a medida dar\u00e1 maior seguran\u00e7a aos programas sociais e reduzir\u00e1 tentativas de fraudes, ao mesmo tempo em que busca evitar qualquer impacto imediato sobre benefici\u00e1rios atuais.<\/p>\n<h2>Dispensas<\/h2>\n<p><strong>A portaria prev\u00ea exce\u00e7\u00f5es para grupos que podem enfrentar dificuldades no cadastramento<\/strong>. Segundo o MGI, esse p\u00fablico n\u00e3o precisar\u00e1 fazer a biometria enquanto o Poder P\u00fablico n\u00e3o oferecer condi\u00e7\u00f5es adequadas de atendimento.<\/p>\n<p>Apesar de conceder a dispensa a esses grupos, a portaria exigir\u00e1 a comprova\u00e7\u00e3o de exce\u00e7\u00e3o por meio de documentos.<\/p>\n<p><strong>Est\u00e3o dispensados da biometria:<\/strong><\/p>\n<p>\u2022\u2002\u2002\u2002\u2002\u2002Pessoas com mais de 80 anos: com base em cadastros oficiais ou documento de identidade v\u00e1lido, com foto;<br \/>\u2022\u2002\u2002\u2002\u2002\u2002Migrantes, refugiados e ap\u00e1tridas: mediante protocolo de pedido de ref\u00fagio, de reconhecimento de apatridia (condi\u00e7\u00e3o de sem p\u00e1tria) e Carteira de Registro Nacional Migrat\u00f3rio (CRNM) ou de um Documento Provis\u00f3rio de Registro Nacional Migrat\u00f3rio (DPRNM);<br \/>\u2022\u2002\u2002\u2002\u2002\u2002Residentes no exterior: mediante declara\u00e7\u00e3o consular brasileira, declara\u00e7\u00e3o do cidad\u00e3o com reconhecimento da Conven\u00e7\u00e3o de Haia e requerimento de organismo com liga\u00e7\u00e3o;<br \/>\u2022\u2002\u2002\u2002\u2002\u2002Pessoas com dificuldade de locomo\u00e7\u00e3o por motivo de sa\u00fade ou defici\u00eancia: com comprova\u00e7\u00e3o m\u00e9dica;<br \/>\u2022\u2002\u2002\u2002\u2002\u2002Moradores de \u00e1reas de dif\u00edcil acesso, como munic\u00edpios atendidos por embarca\u00e7\u00f5es do PrevBarco e localidades remotas definidas pelo Instituto Brasileiro de Geografia e Estat\u00edstica (IBGE): mediante comprova\u00e7\u00e3o de resid\u00eancia em munic\u00edpios de lista a ser publicada pelo governo;<br \/>\u2022\u2002\u2002\u2002\u2002\u2002Solicitantes de sal\u00e1rio-maternidade, pens\u00e3o por morte e benef\u00edcio por incapacidade, at\u00e9 30 de abril de 2026: comprova\u00e7\u00e3o com base no pedido;<br \/>\u2022\u2002\u2002\u2002\u2002\u2002Fam\u00edlias do Bolsa Fam\u00edlia identificadas no Cadastro \u00danico para Programas Sociais do Governo Federal (Cad\u00danico), at\u00e9 30 de abril de 2026: comprova\u00e7\u00e3o com base no cadastro;<br \/>\u2022\u2002\u2002\u2002\u2002\u2002Solicitantes de seguro-desemprego e benefici\u00e1rios do abono salarial: comprova\u00e7\u00e3o com base no pedido.<\/p>\n<p>      <!-- Relacionada --><\/p>\n<p>            <!-- Relacionada -->\n    <\/div>\n","protected":false},"excerpt":{"rendered":"<p>Por EBC, Os novos benefici\u00e1rios de programas sociais sem biometria cadastrada precisar\u00e3o emitir a Carteira de Identidade Nacional (CIN) a partir de maio. O Minist\u00e9rio da Gest\u00e3o e Inova\u00e7\u00e3o em Servi\u00e7os P\u00fablicos (MGI) divulgou nesta quarta-feira (19) o cronograma para a ado\u00e7\u00e3o gradual do cadastro biom\u00e9trico obrigat\u00f3rio em benef\u00edcios da Seguridade Social. As regras ser\u00e3o &hellip;<\/p>\n","protected":false},"author":1,"featured_media":0,"comment_status":"open","ping_status":"open","sticky":false,"template":"","format":"standard","meta":{"_jetpack_memberships_contains_paid_content":false,"footnotes":""},"categories":[2,12225,4],"tags":[],"class_list":["post-452469","post","type-post","status-publish","format-standard","hentry","category-entretenimento","category-noticias","category-servicos"],"yoast_head":"<!-- This site is optimized with the Yoast SEO plugin v27.4 - https:\/\/yoast.com\/product\/yoast-seo-wordpress\/ -->\n<title>Novos benef\u00edcios sociais exigir\u00e3o RG nacional a partir de maio<\/title>\n<meta name=\"robots\" content=\"index, follow, max-snippet:-1, max-image-preview:large, max-video-preview:-1\" \/>\n<link rel=\"canonical\" href=\"https:\/\/mrnews.com.br\/index.php\/2025\/11\/19\/novos-beneficios-sociais-exigirao-rg-nacional-a-partir-de-maio\/\" \/>\n<meta property=\"og:locale\" content=\"pt_BR\" \/>\n<meta property=\"og:type\" content=\"article\" \/>\n<meta property=\"og:title\" content=\"Novos benef\u00edcios sociais exigir\u00e3o RG nacional a partir de maio\" \/>\n<meta property=\"og:description\" content=\"Por EBC, Os novos benefici\u00e1rios de programas sociais sem biometria cadastrada precisar\u00e3o emitir a Carteira de Identidade Nacional (CIN) a partir de maio. O Minist\u00e9rio da Gest\u00e3o e Inova\u00e7\u00e3o em Servi\u00e7os P\u00fablicos (MGI) divulgou nesta quarta-feira (19) o cronograma para a ado\u00e7\u00e3o gradual do cadastro biom\u00e9trico obrigat\u00f3rio em benef\u00edcios da Seguridade Social. As regras ser\u00e3o &hellip;\" \/>\n<meta property=\"og:url\" content=\"https:\/\/mrnews.com.br\/index.php\/2025\/11\/19\/novos-beneficios-sociais-exigirao-rg-nacional-a-partir-de-maio\/\" \/>\n<meta property=\"og:site_name\" content=\"MRNews\" \/>\n<meta property=\"article:publisher\" content=\"https:\/\/www.facebook.com\/eaipahpah\/?locale2=pt_BR\" \/>\n<meta property=\"article:published_time\" content=\"2025-11-19T23:30:13+00:00\" \/>\n<meta name=\"author\" content=\"MR News\" \/>\n<meta name=\"twitter:card\" content=\"summary_large_image\" \/>\n<meta name=\"twitter:creator\" content=\"@conspirou\" \/>\n<meta name=\"twitter:site\" content=\"@conspirou\" \/>\n<meta name=\"twitter:label1\" content=\"Escrito por\" \/>\n\t<meta name=\"twitter:data1\" content=\"MR News\" \/>\n\t<meta name=\"twitter:label2\" content=\"Est. tempo de leitura\" \/>\n\t<meta name=\"twitter:data2\" content=\"4 minutos\" \/>\n<script type=\"application\/ld+json\" class=\"yoast-schema-graph\">{\"@context\":\"https:\\\/\\\/schema.org\",\"@graph\":[{\"@type\":\"Article\",\"@id\":\"https:\\\/\\\/mrnews.com.br\\\/index.php\\\/2025\\\/11\\\/19\\\/novos-beneficios-sociais-exigirao-rg-nacional-a-partir-de-maio\\\/#article\",\"isPartOf\":{\"@id\":\"https:\\\/\\\/mrnews.com.br\\\/index.php\\\/2025\\\/11\\\/19\\\/novos-beneficios-sociais-exigirao-rg-nacional-a-partir-de-maio\\\/\"},\"author\":{\"name\":\"MR News\",\"@id\":\"https:\\\/\\\/mrnews.com.br\\\/#\\\/schema\\\/person\\\/be3203154562a9f207407861cef7827b\"},\"headline\":\"Novos benef\u00edcios sociais exigir\u00e3o RG nacional a partir de maio\",\"datePublished\":\"2025-11-19T23:30:13+00:00\",\"mainEntityOfPage\":{\"@id\":\"https:\\\/\\\/mrnews.com.br\\\/index.php\\\/2025\\\/11\\\/19\\\/novos-beneficios-sociais-exigirao-rg-nacional-a-partir-de-maio\\\/\"},\"wordCount\":896,\"commentCount\":0,\"publisher\":{\"@id\":\"https:\\\/\\\/mrnews.com.br\\\/#organization\"},\"articleSection\":[\"ENTRETENIMENTO\",\"NOTICIAS\",\"SERVI\u00c7OS\"],\"inLanguage\":\"pt-BR\",\"potentialAction\":[{\"@type\":\"CommentAction\",\"name\":\"Comment\",\"target\":[\"https:\\\/\\\/mrnews.com.br\\\/index.php\\\/2025\\\/11\\\/19\\\/novos-beneficios-sociais-exigirao-rg-nacional-a-partir-de-maio\\\/#respond\"]}]},{\"@type\":\"WebPage\",\"@id\":\"https:\\\/\\\/mrnews.com.br\\\/index.php\\\/2025\\\/11\\\/19\\\/novos-beneficios-sociais-exigirao-rg-nacional-a-partir-de-maio\\\/\",\"url\":\"https:\\\/\\\/mrnews.com.br\\\/index.php\\\/2025\\\/11\\\/19\\\/novos-beneficios-sociais-exigirao-rg-nacional-a-partir-de-maio\\\/\",\"name\":\"Novos benef\u00edcios sociais exigir\u00e3o RG nacional a partir de maio\",\"isPartOf\":{\"@id\":\"https:\\\/\\\/mrnews.com.br\\\/#website\"},\"datePublished\":\"2025-11-19T23:30:13+00:00\",\"breadcrumb\":{\"@id\":\"https:\\\/\\\/mrnews.com.br\\\/index.php\\\/2025\\\/11\\\/19\\\/novos-beneficios-sociais-exigirao-rg-nacional-a-partir-de-maio\\\/#breadcrumb\"},\"inLanguage\":\"pt-BR\",\"potentialAction\":[{\"@type\":\"ReadAction\",\"target\":[\"https:\\\/\\\/mrnews.com.br\\\/index.php\\\/2025\\\/11\\\/19\\\/novos-beneficios-sociais-exigirao-rg-nacional-a-partir-de-maio\\\/\"]}]},{\"@type\":\"BreadcrumbList\",\"@id\":\"https:\\\/\\\/mrnews.com.br\\\/index.php\\\/2025\\\/11\\\/19\\\/novos-beneficios-sociais-exigirao-rg-nacional-a-partir-de-maio\\\/#breadcrumb\",\"itemListElement\":[{\"@type\":\"ListItem\",\"position\":1,\"name\":\"In\u00edcio\",\"item\":\"https:\\\/\\\/mrnews.com.br\\\/\"},{\"@type\":\"ListItem\",\"position\":2,\"name\":\"Novos benef\u00edcios sociais exigir\u00e3o RG nacional a partir de maio\"}]},{\"@type\":\"WebSite\",\"@id\":\"https:\\\/\\\/mrnews.com.br\\\/#website\",\"url\":\"https:\\\/\\\/mrnews.com.br\\\/\",\"name\":\"MRNews\",\"description\":\"MRNews Jogos de hoje da TV, transmiss\u00f5es ao vivo, Not\u00edcias de futebol, Jogos ao vivo, Lives, resumo de novelas, Programa\u00e7\u00e3o da Globo, A Fazenda e BBB\",\"publisher\":{\"@id\":\"https:\\\/\\\/mrnews.com.br\\\/#organization\"},\"potentialAction\":[{\"@type\":\"SearchAction\",\"target\":{\"@type\":\"EntryPoint\",\"urlTemplate\":\"https:\\\/\\\/mrnews.com.br\\\/?s={search_term_string}\"},\"query-input\":{\"@type\":\"PropertyValueSpecification\",\"valueRequired\":true,\"valueName\":\"search_term_string\"}}],\"inLanguage\":\"pt-BR\"},{\"@type\":\"Organization\",\"@id\":\"https:\\\/\\\/mrnews.com.br\\\/#organization\",\"name\":\"MRNews\",\"url\":\"https:\\\/\\\/mrnews.com.br\\\/\",\"logo\":{\"@type\":\"ImageObject\",\"inLanguage\":\"pt-BR\",\"@id\":\"https:\\\/\\\/mrnews.com.br\\\/#\\\/schema\\\/logo\\\/image\\\/\",\"url\":\"https:\\\/\\\/mrnews.com.br\\\/wp-content\\\/uploads\\\/2019\\\/06\\\/MRNewslogo2.png\",\"contentUrl\":\"https:\\\/\\\/mrnews.com.br\\\/wp-content\\\/uploads\\\/2019\\\/06\\\/MRNewslogo2.png\",\"width\":223,\"height\":58,\"caption\":\"MRNews\"},\"image\":{\"@id\":\"https:\\\/\\\/mrnews.com.br\\\/#\\\/schema\\\/logo\\\/image\\\/\"},\"sameAs\":[\"https:\\\/\\\/www.facebook.com\\\/eaipahpah\\\/?locale2=pt_BR\",\"https:\\\/\\\/x.com\\\/conspirou\",\"https:\\\/\\\/www.instagram.com\\\/eai_pahpah\",\"https:\\\/\\\/br.pinterest.com\\\/mrnewsn\\\/boards\\\/\",\"https:\\\/\\\/www.youtube.com\\\/channel\\\/UCacgnpznQ61fifLWr1tQ-vA?view_as=subscriber\"]},{\"@type\":\"Person\",\"@id\":\"https:\\\/\\\/mrnews.com.br\\\/#\\\/schema\\\/person\\\/be3203154562a9f207407861cef7827b\",\"name\":\"MR News\",\"image\":{\"@type\":\"ImageObject\",\"inLanguage\":\"pt-BR\",\"@id\":\"https:\\\/\\\/secure.gravatar.com\\\/avatar\\\/04084e6d73c042b8646e7c17b494073bf0ede3ea13c7105cfc45cbbbc28385a4?s=96&d=monsterid&r=g\",\"url\":\"https:\\\/\\\/secure.gravatar.com\\\/avatar\\\/04084e6d73c042b8646e7c17b494073bf0ede3ea13c7105cfc45cbbbc28385a4?s=96&d=monsterid&r=g\",\"contentUrl\":\"https:\\\/\\\/secure.gravatar.com\\\/avatar\\\/04084e6d73c042b8646e7c17b494073bf0ede3ea13c7105cfc45cbbbc28385a4?s=96&d=monsterid&r=g\",\"caption\":\"MR News\"},\"description\":\"Especializado em jornalismo colaborativo pela FTP em n\u00edvel de p\u00f3s-gradua\u00e7\u00e3o. suporte@oimeliga.combr\",\"sameAs\":[\"HUGO R.\",\"Admin\"],\"url\":\"https:\\\/\\\/mrnews.com.br\\\/index.php\\\/author\\\/admin\\\/\"}]}<\/script>\n<!-- \/ Yoast SEO plugin. -->","yoast_head_json":{"title":"Novos benef\u00edcios sociais exigir\u00e3o RG nacional a partir de maio","robots":{"index":"index","follow":"follow","max-snippet":"max-snippet:-1","max-image-preview":"max-image-preview:large","max-video-preview":"max-video-preview:-1"},"canonical":"https:\/\/mrnews.com.br\/index.php\/2025\/11\/19\/novos-beneficios-sociais-exigirao-rg-nacional-a-partir-de-maio\/","og_locale":"pt_BR","og_type":"article","og_title":"Novos benef\u00edcios sociais exigir\u00e3o RG nacional a partir de maio","og_description":"Por EBC, Os novos benefici\u00e1rios de programas sociais sem biometria cadastrada precisar\u00e3o emitir a Carteira de Identidade Nacional (CIN) a partir de maio. O Minist\u00e9rio da Gest\u00e3o e Inova\u00e7\u00e3o em Servi\u00e7os P\u00fablicos (MGI) divulgou nesta quarta-feira (19) o cronograma para a ado\u00e7\u00e3o gradual do cadastro biom\u00e9trico obrigat\u00f3rio em benef\u00edcios da Seguridade Social. As regras ser\u00e3o &hellip;","og_url":"https:\/\/mrnews.com.br\/index.php\/2025\/11\/19\/novos-beneficios-sociais-exigirao-rg-nacional-a-partir-de-maio\/","og_site_name":"MRNews","article_publisher":"https:\/\/www.facebook.com\/eaipahpah\/?locale2=pt_BR","article_published_time":"2025-11-19T23:30:13+00:00","author":"MR News","twitter_card":"summary_large_image","twitter_creator":"@conspirou","twitter_site":"@conspirou","twitter_misc":{"Escrito por":"MR News","Est. tempo de leitura":"4 minutos"},"schema":{"@context":"https:\/\/schema.org","@graph":[{"@type":"Article","@id":"https:\/\/mrnews.com.br\/index.php\/2025\/11\/19\/novos-beneficios-sociais-exigirao-rg-nacional-a-partir-de-maio\/#article","isPartOf":{"@id":"https:\/\/mrnews.com.br\/index.php\/2025\/11\/19\/novos-beneficios-sociais-exigirao-rg-nacional-a-partir-de-maio\/"},"author":{"name":"MR News","@id":"https:\/\/mrnews.com.br\/#\/schema\/person\/be3203154562a9f207407861cef7827b"},"headline":"Novos benef\u00edcios sociais exigir\u00e3o RG nacional a partir de maio","datePublished":"2025-11-19T23:30:13+00:00","mainEntityOfPage":{"@id":"https:\/\/mrnews.com.br\/index.php\/2025\/11\/19\/novos-beneficios-sociais-exigirao-rg-nacional-a-partir-de-maio\/"},"wordCount":896,"commentCount":0,"publisher":{"@id":"https:\/\/mrnews.com.br\/#organization"},"articleSection":["ENTRETENIMENTO","NOTICIAS","SERVI\u00c7OS"],"inLanguage":"pt-BR","potentialAction":[{"@type":"CommentAction","name":"Comment","target":["https:\/\/mrnews.com.br\/index.php\/2025\/11\/19\/novos-beneficios-sociais-exigirao-rg-nacional-a-partir-de-maio\/#respond"]}]},{"@type":"WebPage","@id":"https:\/\/mrnews.com.br\/index.php\/2025\/11\/19\/novos-beneficios-sociais-exigirao-rg-nacional-a-partir-de-maio\/","url":"https:\/\/mrnews.com.br\/index.php\/2025\/11\/19\/novos-beneficios-sociais-exigirao-rg-nacional-a-partir-de-maio\/","name":"Novos benef\u00edcios sociais exigir\u00e3o RG nacional a partir de maio","isPartOf":{"@id":"https:\/\/mrnews.com.br\/#website"},"datePublished":"2025-11-19T23:30:13+00:00","breadcrumb":{"@id":"https:\/\/mrnews.com.br\/index.php\/2025\/11\/19\/novos-beneficios-sociais-exigirao-rg-nacional-a-partir-de-maio\/#breadcrumb"},"inLanguage":"pt-BR","potentialAction":[{"@type":"ReadAction","target":["https:\/\/mrnews.com.br\/index.php\/2025\/11\/19\/novos-beneficios-sociais-exigirao-rg-nacional-a-partir-de-maio\/"]}]},{"@type":"BreadcrumbList","@id":"https:\/\/mrnews.com.br\/index.php\/2025\/11\/19\/novos-beneficios-sociais-exigirao-rg-nacional-a-partir-de-maio\/#breadcrumb","itemListElement":[{"@type":"ListItem","position":1,"name":"In\u00edcio","item":"https:\/\/mrnews.com.br\/"},{"@type":"ListItem","position":2,"name":"Novos benef\u00edcios sociais exigir\u00e3o RG nacional a partir de maio"}]},{"@type":"WebSite","@id":"https:\/\/mrnews.com.br\/#website","url":"https:\/\/mrnews.com.br\/","name":"MRNews","description":"MRNews Jogos de hoje da TV, transmiss\u00f5es ao vivo, Not\u00edcias de futebol, Jogos ao vivo, Lives, resumo de novelas, Programa\u00e7\u00e3o da Globo, A Fazenda e BBB","publisher":{"@id":"https:\/\/mrnews.com.br\/#organization"},"potentialAction":[{"@type":"SearchAction","target":{"@type":"EntryPoint","urlTemplate":"https:\/\/mrnews.com.br\/?s={search_term_string}"},"query-input":{"@type":"PropertyValueSpecification","valueRequired":true,"valueName":"search_term_string"}}],"inLanguage":"pt-BR"},{"@type":"Organization","@id":"https:\/\/mrnews.com.br\/#organization","name":"MRNews","url":"https:\/\/mrnews.com.br\/","logo":{"@type":"ImageObject","inLanguage":"pt-BR","@id":"https:\/\/mrnews.com.br\/#\/schema\/logo\/image\/","url":"https:\/\/mrnews.com.br\/wp-content\/uploads\/2019\/06\/MRNewslogo2.png","contentUrl":"https:\/\/mrnews.com.br\/wp-content\/uploads\/2019\/06\/MRNewslogo2.png","width":223,"height":58,"caption":"MRNews"},"image":{"@id":"https:\/\/mrnews.com.br\/#\/schema\/logo\/image\/"},"sameAs":["https:\/\/www.facebook.com\/eaipahpah\/?locale2=pt_BR","https:\/\/x.com\/conspirou","https:\/\/www.instagram.com\/eai_pahpah","https:\/\/br.pinterest.com\/mrnewsn\/boards\/","https:\/\/www.youtube.com\/channel\/UCacgnpznQ61fifLWr1tQ-vA?view_as=subscriber"]},{"@type":"Person","@id":"https:\/\/mrnews.com.br\/#\/schema\/person\/be3203154562a9f207407861cef7827b","name":"MR News","image":{"@type":"ImageObject","inLanguage":"pt-BR","@id":"https:\/\/secure.gravatar.com\/avatar\/04084e6d73c042b8646e7c17b494073bf0ede3ea13c7105cfc45cbbbc28385a4?s=96&d=monsterid&r=g","url":"https:\/\/secure.gravatar.com\/avatar\/04084e6d73c042b8646e7c17b494073bf0ede3ea13c7105cfc45cbbbc28385a4?s=96&d=monsterid&r=g","contentUrl":"https:\/\/secure.gravatar.com\/avatar\/04084e6d73c042b8646e7c17b494073bf0ede3ea13c7105cfc45cbbbc28385a4?s=96&d=monsterid&r=g","caption":"MR News"},"description":"Especializado em jornalismo colaborativo pela FTP em n\u00edvel de p\u00f3s-gradua\u00e7\u00e3o. suporte@oimeliga.combr","sameAs":["HUGO R.","Admin"],"url":"https:\/\/mrnews.com.br\/index.php\/author\/admin\/"}]}},"jetpack_featured_media_url":"","jetpack_sharing_enabled":true,"jetpack_shortlink":"https:\/\/wp.me\/pa2Qf7-1THT","amp_enabled":true,"_links":{"self":[{"href":"https:\/\/mrnews.com.br\/index.php\/wp-json\/wp\/v2\/posts\/452469","targetHints":{"allow":["GET"]}}],"collection":[{"href":"https:\/\/mrnews.com.br\/index.php\/wp-json\/wp\/v2\/posts"}],"about":[{"href":"https:\/\/mrnews.com.br\/index.php\/wp-json\/wp\/v2\/types\/post"}],"author":[{"embeddable":true,"href":"https:\/\/mrnews.com.br\/index.php\/wp-json\/wp\/v2\/users\/1"}],"replies":[{"embeddable":true,"href":"https:\/\/mrnews.com.br\/index.php\/wp-json\/wp\/v2\/comments?post=452469"}],"version-history":[{"count":0,"href":"https:\/\/mrnews.com.br\/index.php\/wp-json\/wp\/v2\/posts\/452469\/revisions"}],"wp:attachment":[{"href":"https:\/\/mrnews.com.br\/index.php\/wp-json\/wp\/v2\/media?parent=452469"}],"wp:term":[{"taxonomy":"category","embeddable":true,"href":"https:\/\/mrnews.com.br\/index.php\/wp-json\/wp\/v2\/categories?post=452469"},{"taxonomy":"post_tag","embeddable":true,"href":"https:\/\/mrnews.com.br\/index.php\/wp-json\/wp\/v2\/tags?post=452469"}],"curies":[{"name":"wp","href":"https:\/\/api.w.org\/{rel}","templated":true}]}}