{"id":452508,"date":"2025-11-20T15:37:14","date_gmt":"2025-11-20T18:37:14","guid":{"rendered":"https:\/\/mrnews.com.br\/index.php\/2025\/11\/20\/campo-grande-realiza-natal-dos-sonhos-com-mais-de-um-mes-de-atracoes-shows-e-habitacao-social-cgnoticias\/"},"modified":"2025-11-20T15:37:14","modified_gmt":"2025-11-20T18:37:14","slug":"campo-grande-realiza-natal-dos-sonhos-com-mais-de-um-mes-de-atracoes-shows-e-habitacao-social-cgnoticias","status":"publish","type":"post","link":"https:\/\/mrnews.com.br\/index.php\/2025\/11\/20\/campo-grande-realiza-natal-dos-sonhos-com-mais-de-um-mes-de-atracoes-shows-e-habitacao-social-cgnoticias\/","title":{"rendered":"Campo Grande realiza Natal dos Sonhos com mais de um m\u00eas de atra\u00e7\u00f5es, shows e habita\u00e7\u00e3o social \u2013 CGNot\u00edcias"},"content":{"rendered":"<p><\/p>\n<div>\n<p>A Prefeitura de Campo Grande lan\u00e7a, a partir do dia 29 de novembro, o maior Natal j\u00e1 realizado na hist\u00f3ria da Capital. O Natal dos Sonhos 2025 chega com uma programa\u00e7\u00e3o intensa que transforma o Centro da cidade em um grande circuito de luz, cultura, f\u00e9, inclus\u00e3o social e oportunidades.<\/p>\n<p>Ser\u00e3o 33 dias de atra\u00e7\u00f5es ininterruptas, envolvendo apresenta\u00e7\u00f5es culturais, Parada Natalina, espet\u00e1culos di\u00e1rios, abertura do Natal na Pra\u00e7a, visitas tem\u00e1ticas, atividades do Sesc, grandes shows nacionais e uma agenda especial dedicada \u00e0 habita\u00e7\u00e3o de interesse social, com sorteios in\u00e9ditos e entregas que fortalecem o direito \u00e0 moradia.<\/p>\n<p>Toda a programa\u00e7\u00e3o acontece no Circuito Natalino, abrangendo a Rua 14 de Julho, Pra\u00e7a Ary Coelho, Pra\u00e7a do R\u00e1dio, Morada dos Ba\u00eds, Mercado Municipal, Feira Central e Camel\u00f3dromo. A iniciativa \u00e9 organizada pela Prefeitura de Campo Grande e incentivada financeiramente por empresas e institui\u00e7\u00f5es parceiras, que garantem estrutura, seguran\u00e7a e suporte operacional.<br \/>At\u00e9 o momento, participam diretamente do projeto: \u00c1guas Guariroba, Energisa, Famasul, MRV, P\u00e1tio Central Shopping e Sesc, entre outros parceiros.<\/p>\n<p><strong>Abertura oficial<\/strong><\/p>\n<p>O in\u00edcio do Natal dos Sonhos acontece no dia 29 de novembro, \u00e0s 18h, com a Abertura Oficial e a Parada Natalina, no palco Mam\u00e3e Noel, em frente ao P\u00e1tio Central. Em seguida, \u00e0s 19h, o p\u00fablico ser\u00e1 recebido com um grande show nacional de Bento e Tot\u00f3, na Rua Marechal Rondon. \u00c0s 19h40, a Pra\u00e7a do R\u00e1dio recebe o primeiro Espet\u00e1culo de Natal, marcando a estreia da temporada cultural.<\/p>\n<p><strong>Circo Rhoney Espetacular<\/strong><\/p>\n<p>A partir do dia 28 de novembro, a Pra\u00e7a do R\u00e1dio passa a receber o Circo Rhoney Espetacular, uma atra\u00e7\u00e3o circense que integra o Natal dos Sonhos 2025 e segue at\u00e9 25 de dezembro. O espet\u00e1culo oferece ao p\u00fablico uma experi\u00eancia envolvente, reunindo acrobacias, malabarismo, m\u00fasica, banda ao vivo e elementos c\u00eanicos que destacam a valoriza\u00e7\u00e3o da arte e fortalecem o conv\u00edvio social, com apresenta\u00e7\u00f5es de quarta-feira a s\u00e1bado.<br \/>A proposta refor\u00e7a o compromisso do evento com o acesso democr\u00e1tico \u00e0 cultura, transformando o Centro de Campo Grande em um espa\u00e7o de encontro, criatividade e entretenimento para todas as idades.<\/p>\n<p><strong>Shows nacionais<\/strong><\/p>\n<p>As atra\u00e7\u00f5es musicais do Natal dos Sonhos contam com programa\u00e7\u00e3o para toda a fam\u00edlia. Entre os artistas confirmados:<\/p>\n<p>Bento e Tot\u00f3 \u2013 29\/11 \u00e0s 19h<br \/>Ana Paula Valad\u00e3o \u2013 12\/12 \u00e0s 20h30<br \/>Jiraya Uai \u2013 19\/12 \u00e0s 20h30<br \/>Di Ferrero \u2013 26\/12 \u00e0s 20h30<br \/>Show da Virada \u2013 31\/12, das 20h \u00e0s 02h<\/p>\n<p><strong>Habita\u00e7\u00e3o como protagonista<\/strong><\/p>\n<p>O Natal dos Sonhos 2025 traz um grande diferencial: a habita\u00e7\u00e3o social integra toda a programa\u00e7\u00e3o, celebrando conquistas hist\u00f3ricas da Emha e realizando eventos que transformam vidas. Ser\u00e3o realizados sorteios de quatro empreendimentos habitacionais:<\/p>\n<p>06\/12 \u2013 Sorteio Apartamentos Jd. Ant\u00e1rtica \u2013 20h \u2013 Pra\u00e7a Ary Coelho<br \/>13\/12 \u2013 Sorteio Apartamentos Jorge Amado \u2013 20h \u2013 Pra\u00e7a Ary Coelho<br \/>20\/12 \u2013 Sorteio Apartamentos Manoel de Barros \u2013 20h \u2013 Pra\u00e7a Ary Coelho<br \/>21\/12 \u2013 Sorteio Apartamentos Nova Bahia \u2013 9h \u2013 Palco Boneco de Neve, Rua 14 de Julho<\/p>\n<p>Al\u00e9m disso, ser\u00e1 realizado o sorteio do Programa Recome\u00e7ar Moradia. No dia 8 de dezembro, ocorre o lan\u00e7amento do Edital Credihabita, destinado \u00e0 contrata\u00e7\u00e3o de profissionais como pedreiros, pintores e outras categorias, fomentando emprego, renda e qualifica\u00e7\u00e3o no setor habitacional.<\/p>\n<p>A habita\u00e7\u00e3o tamb\u00e9m estar\u00e1 presente no 10\u00ba Feir\u00e3o Habita Campo Grande, que ser\u00e1 aberto em 12 de dezembro, das 13h \u00e0s 21h, na Rua 14 de Julho. O Feir\u00e3o segue at\u00e9 23 de dezembro (exceto domingos), aproximando milhares de fam\u00edlias da oportunidade de adquirir o primeiro im\u00f3vel com subs\u00eddio federal, estadual e municipal.<\/p>\n<p><strong>Circuito cultural e Parada Natalina<\/strong><\/p>\n<p>Entre 29 de novembro e 25 de dezembro, a Parada Natalina acontece quase diariamente \u00e0s 18h40, percorrendo o circuito iluminado do Centro com carros aleg\u00f3ricos, artistas, personagens e diversas atra\u00e7\u00f5es. A Pra\u00e7a do R\u00e1dio recebe apresenta\u00e7\u00f5es culturais gratuitas na mesma data, refor\u00e7ando o car\u00e1ter art\u00edstico e comunit\u00e1rio do evento.<\/p>\n<p><strong>Abertura do Natal na Pra\u00e7a<\/strong><\/p>\n<p>No dia 6 de dezembro, a Pra\u00e7a Ary Coelho abre oficialmente ao p\u00fablico, funcionando das 17h \u00e0s 22h. O espa\u00e7o revitalizado contar\u00e1 com a Casa do Papai Noel, \u00c1rvore de Natal, Pres\u00e9pio, cen\u00e1rios tem\u00e1ticos iluminados, atra\u00e7\u00f5es culturais, pra\u00e7a de alimenta\u00e7\u00e3o e food trucks.<\/p>\n<p><strong>Visitas especiais da Rena<\/strong><\/p>\n<p>Os personagens do Natal dos Sonhos far\u00e3o visitas a diversos pontos da cidade:<\/p>\n<p>Feira Central \u2013 05\/12 \u00e0s 19h30<br \/>Camel\u00f3dromo \u2013 06\/12 \u00e0s 10h<br \/>Mercado Municipal \u2013 07\/12 \u00e0s 9h30<br \/>Morada dos Ba\u00eds \u2013 04\/12 \u00e0s 19h30<\/p>\n<figure class=\"wp-block-image size-large\"><\/figure>\n<p><strong>Natal nos Bairros<\/strong><\/p>\n<p>Os bairros tamb\u00e9m participam das celebra\u00e7\u00f5es. O Natal nos Bairros levar\u00e1 atividades natalinas para todas as regi\u00f5es da cidade, garantindo que moradores de diferentes comunidades vivenciem momentos especiais perto de casa. Al\u00e9m das sete regi\u00f5es urbanas, o projeto chegar\u00e1 tamb\u00e9m aos distritos de Rochedinho e Anhandu\u00ed, ampliando o alcance das a\u00e7\u00f5es e fortalecendo o esp\u00edrito natalino em toda Campo Grande. A programa\u00e7\u00e3o completa ser\u00e1 divulgada em breve.<\/p>\n<p><em>#ParaTodosVerem<br \/>S\u00e3o duas fotos com as renas em intera\u00e7\u00e3o com o p\u00fablico no centro da cidade.<\/em><\/p>\n<\/div>\n<p><script async defer async defer src=\"https:\/\/connect.facebook.net\/en_US\/sdk.js?ver=1#xfbml=1&amp;version=v3.2\" id=\"prefeitura-campogrande-script-facebook-sdk-js\"><\/script><\/p>\n","protected":false},"excerpt":{"rendered":"<p>A Prefeitura de Campo Grande lan\u00e7a, a partir do dia 29 de novembro, o maior Natal j\u00e1 realizado na hist\u00f3ria da Capital. O Natal dos Sonhos 2025 chega com uma programa\u00e7\u00e3o intensa que transforma o Centro da cidade em um grande circuito de luz, cultura, f\u00e9, inclus\u00e3o social e oportunidades. Ser\u00e3o 33 dias de atra\u00e7\u00f5es &hellip;<\/p>\n","protected":false},"author":1,"featured_media":0,"comment_status":"open","ping_status":"open","sticky":false,"template":"","format":"standard","meta":{"_jetpack_memberships_contains_paid_content":false,"footnotes":""},"categories":[12410],"tags":[],"class_list":["post-452508","post","type-post","status-publish","format-standard","hentry","category-ms"],"yoast_head":"<!-- This site is optimized with the Yoast SEO plugin v27.4 - https:\/\/yoast.com\/product\/yoast-seo-wordpress\/ -->\n<title>Campo Grande realiza Natal dos Sonhos com mais de um m\u00eas de atra\u00e7\u00f5es, shows e habita\u00e7\u00e3o social \u2013 CGNot\u00edcias<\/title>\n<meta name=\"robots\" content=\"index, follow, max-snippet:-1, max-image-preview:large, max-video-preview:-1\" \/>\n<link rel=\"canonical\" href=\"https:\/\/mrnews.com.br\/index.php\/2025\/11\/20\/campo-grande-realiza-natal-dos-sonhos-com-mais-de-um-mes-de-atracoes-shows-e-habitacao-social-cgnoticias\/\" \/>\n<meta property=\"og:locale\" content=\"pt_BR\" \/>\n<meta property=\"og:type\" content=\"article\" \/>\n<meta property=\"og:title\" content=\"Campo Grande realiza Natal dos Sonhos com mais de um m\u00eas de atra\u00e7\u00f5es, shows e habita\u00e7\u00e3o social \u2013 CGNot\u00edcias\" \/>\n<meta property=\"og:description\" content=\"A Prefeitura de Campo Grande lan\u00e7a, a partir do dia 29 de novembro, o maior Natal j\u00e1 realizado na hist\u00f3ria da Capital. O Natal dos Sonhos 2025 chega com uma programa\u00e7\u00e3o intensa que transforma o Centro da cidade em um grande circuito de luz, cultura, f\u00e9, inclus\u00e3o social e oportunidades. Ser\u00e3o 33 dias de atra\u00e7\u00f5es &hellip;\" \/>\n<meta property=\"og:url\" content=\"https:\/\/mrnews.com.br\/index.php\/2025\/11\/20\/campo-grande-realiza-natal-dos-sonhos-com-mais-de-um-mes-de-atracoes-shows-e-habitacao-social-cgnoticias\/\" \/>\n<meta property=\"og:site_name\" content=\"MRNews\" \/>\n<meta property=\"article:publisher\" content=\"https:\/\/www.facebook.com\/eaipahpah\/?locale2=pt_BR\" \/>\n<meta property=\"article:published_time\" content=\"2025-11-20T18:37:14+00:00\" \/>\n<meta name=\"author\" content=\"MR News\" \/>\n<meta name=\"twitter:card\" content=\"summary_large_image\" \/>\n<meta name=\"twitter:creator\" content=\"@conspirou\" \/>\n<meta name=\"twitter:site\" content=\"@conspirou\" \/>\n<meta name=\"twitter:label1\" content=\"Escrito por\" \/>\n\t<meta name=\"twitter:data1\" content=\"MR News\" \/>\n\t<meta name=\"twitter:label2\" content=\"Est. tempo de leitura\" \/>\n\t<meta name=\"twitter:data2\" content=\"4 minutos\" \/>\n<script type=\"application\/ld+json\" class=\"yoast-schema-graph\">{\"@context\":\"https:\\\/\\\/schema.org\",\"@graph\":[{\"@type\":\"Article\",\"@id\":\"https:\\\/\\\/mrnews.com.br\\\/index.php\\\/2025\\\/11\\\/20\\\/campo-grande-realiza-natal-dos-sonhos-com-mais-de-um-mes-de-atracoes-shows-e-habitacao-social-cgnoticias\\\/#article\",\"isPartOf\":{\"@id\":\"https:\\\/\\\/mrnews.com.br\\\/index.php\\\/2025\\\/11\\\/20\\\/campo-grande-realiza-natal-dos-sonhos-com-mais-de-um-mes-de-atracoes-shows-e-habitacao-social-cgnoticias\\\/\"},\"author\":{\"name\":\"MR News\",\"@id\":\"https:\\\/\\\/mrnews.com.br\\\/#\\\/schema\\\/person\\\/be3203154562a9f207407861cef7827b\"},\"headline\":\"Campo Grande realiza Natal dos Sonhos com mais de um m\u00eas de atra\u00e7\u00f5es, shows e habita\u00e7\u00e3o social \u2013 CGNot\u00edcias\",\"datePublished\":\"2025-11-20T18:37:14+00:00\",\"mainEntityOfPage\":{\"@id\":\"https:\\\/\\\/mrnews.com.br\\\/index.php\\\/2025\\\/11\\\/20\\\/campo-grande-realiza-natal-dos-sonhos-com-mais-de-um-mes-de-atracoes-shows-e-habitacao-social-cgnoticias\\\/\"},\"wordCount\":877,\"commentCount\":0,\"publisher\":{\"@id\":\"https:\\\/\\\/mrnews.com.br\\\/#organization\"},\"articleSection\":[\"Mato Grosso do Sul\"],\"inLanguage\":\"pt-BR\",\"potentialAction\":[{\"@type\":\"CommentAction\",\"name\":\"Comment\",\"target\":[\"https:\\\/\\\/mrnews.com.br\\\/index.php\\\/2025\\\/11\\\/20\\\/campo-grande-realiza-natal-dos-sonhos-com-mais-de-um-mes-de-atracoes-shows-e-habitacao-social-cgnoticias\\\/#respond\"]}]},{\"@type\":\"WebPage\",\"@id\":\"https:\\\/\\\/mrnews.com.br\\\/index.php\\\/2025\\\/11\\\/20\\\/campo-grande-realiza-natal-dos-sonhos-com-mais-de-um-mes-de-atracoes-shows-e-habitacao-social-cgnoticias\\\/\",\"url\":\"https:\\\/\\\/mrnews.com.br\\\/index.php\\\/2025\\\/11\\\/20\\\/campo-grande-realiza-natal-dos-sonhos-com-mais-de-um-mes-de-atracoes-shows-e-habitacao-social-cgnoticias\\\/\",\"name\":\"Campo Grande realiza Natal dos Sonhos com mais de um m\u00eas de atra\u00e7\u00f5es, shows e habita\u00e7\u00e3o social \u2013 CGNot\u00edcias\",\"isPartOf\":{\"@id\":\"https:\\\/\\\/mrnews.com.br\\\/#website\"},\"datePublished\":\"2025-11-20T18:37:14+00:00\",\"breadcrumb\":{\"@id\":\"https:\\\/\\\/mrnews.com.br\\\/index.php\\\/2025\\\/11\\\/20\\\/campo-grande-realiza-natal-dos-sonhos-com-mais-de-um-mes-de-atracoes-shows-e-habitacao-social-cgnoticias\\\/#breadcrumb\"},\"inLanguage\":\"pt-BR\",\"potentialAction\":[{\"@type\":\"ReadAction\",\"target\":[\"https:\\\/\\\/mrnews.com.br\\\/index.php\\\/2025\\\/11\\\/20\\\/campo-grande-realiza-natal-dos-sonhos-com-mais-de-um-mes-de-atracoes-shows-e-habitacao-social-cgnoticias\\\/\"]}]},{\"@type\":\"BreadcrumbList\",\"@id\":\"https:\\\/\\\/mrnews.com.br\\\/index.php\\\/2025\\\/11\\\/20\\\/campo-grande-realiza-natal-dos-sonhos-com-mais-de-um-mes-de-atracoes-shows-e-habitacao-social-cgnoticias\\\/#breadcrumb\",\"itemListElement\":[{\"@type\":\"ListItem\",\"position\":1,\"name\":\"In\u00edcio\",\"item\":\"https:\\\/\\\/mrnews.com.br\\\/\"},{\"@type\":\"ListItem\",\"position\":2,\"name\":\"Campo Grande realiza Natal dos Sonhos com mais de um m\u00eas de atra\u00e7\u00f5es, shows e habita\u00e7\u00e3o social \u2013 CGNot\u00edcias\"}]},{\"@type\":\"WebSite\",\"@id\":\"https:\\\/\\\/mrnews.com.br\\\/#website\",\"url\":\"https:\\\/\\\/mrnews.com.br\\\/\",\"name\":\"MRNews\",\"description\":\"MRNews Jogos de hoje da TV, transmiss\u00f5es ao vivo, Not\u00edcias de futebol, Jogos ao vivo, Lives, resumo de novelas, Programa\u00e7\u00e3o da Globo, A Fazenda e BBB\",\"publisher\":{\"@id\":\"https:\\\/\\\/mrnews.com.br\\\/#organization\"},\"potentialAction\":[{\"@type\":\"SearchAction\",\"target\":{\"@type\":\"EntryPoint\",\"urlTemplate\":\"https:\\\/\\\/mrnews.com.br\\\/?s={search_term_string}\"},\"query-input\":{\"@type\":\"PropertyValueSpecification\",\"valueRequired\":true,\"valueName\":\"search_term_string\"}}],\"inLanguage\":\"pt-BR\"},{\"@type\":\"Organization\",\"@id\":\"https:\\\/\\\/mrnews.com.br\\\/#organization\",\"name\":\"MRNews\",\"url\":\"https:\\\/\\\/mrnews.com.br\\\/\",\"logo\":{\"@type\":\"ImageObject\",\"inLanguage\":\"pt-BR\",\"@id\":\"https:\\\/\\\/mrnews.com.br\\\/#\\\/schema\\\/logo\\\/image\\\/\",\"url\":\"https:\\\/\\\/mrnews.com.br\\\/wp-content\\\/uploads\\\/2019\\\/06\\\/MRNewslogo2.png\",\"contentUrl\":\"https:\\\/\\\/mrnews.com.br\\\/wp-content\\\/uploads\\\/2019\\\/06\\\/MRNewslogo2.png\",\"width\":223,\"height\":58,\"caption\":\"MRNews\"},\"image\":{\"@id\":\"https:\\\/\\\/mrnews.com.br\\\/#\\\/schema\\\/logo\\\/image\\\/\"},\"sameAs\":[\"https:\\\/\\\/www.facebook.com\\\/eaipahpah\\\/?locale2=pt_BR\",\"https:\\\/\\\/x.com\\\/conspirou\",\"https:\\\/\\\/www.instagram.com\\\/eai_pahpah\",\"https:\\\/\\\/br.pinterest.com\\\/mrnewsn\\\/boards\\\/\",\"https:\\\/\\\/www.youtube.com\\\/channel\\\/UCacgnpznQ61fifLWr1tQ-vA?view_as=subscriber\"]},{\"@type\":\"Person\",\"@id\":\"https:\\\/\\\/mrnews.com.br\\\/#\\\/schema\\\/person\\\/be3203154562a9f207407861cef7827b\",\"name\":\"MR News\",\"image\":{\"@type\":\"ImageObject\",\"inLanguage\":\"pt-BR\",\"@id\":\"https:\\\/\\\/secure.gravatar.com\\\/avatar\\\/04084e6d73c042b8646e7c17b494073bf0ede3ea13c7105cfc45cbbbc28385a4?s=96&d=monsterid&r=g\",\"url\":\"https:\\\/\\\/secure.gravatar.com\\\/avatar\\\/04084e6d73c042b8646e7c17b494073bf0ede3ea13c7105cfc45cbbbc28385a4?s=96&d=monsterid&r=g\",\"contentUrl\":\"https:\\\/\\\/secure.gravatar.com\\\/avatar\\\/04084e6d73c042b8646e7c17b494073bf0ede3ea13c7105cfc45cbbbc28385a4?s=96&d=monsterid&r=g\",\"caption\":\"MR News\"},\"description\":\"Especializado em jornalismo colaborativo pela FTP em n\u00edvel de p\u00f3s-gradua\u00e7\u00e3o. suporte@oimeliga.combr\",\"sameAs\":[\"HUGO R.\",\"Admin\"],\"url\":\"https:\\\/\\\/mrnews.com.br\\\/index.php\\\/author\\\/admin\\\/\"}]}<\/script>\n<!-- \/ Yoast SEO plugin. -->","yoast_head_json":{"title":"Campo Grande realiza Natal dos Sonhos com mais de um m\u00eas de atra\u00e7\u00f5es, shows e habita\u00e7\u00e3o social \u2013 CGNot\u00edcias","robots":{"index":"index","follow":"follow","max-snippet":"max-snippet:-1","max-image-preview":"max-image-preview:large","max-video-preview":"max-video-preview:-1"},"canonical":"https:\/\/mrnews.com.br\/index.php\/2025\/11\/20\/campo-grande-realiza-natal-dos-sonhos-com-mais-de-um-mes-de-atracoes-shows-e-habitacao-social-cgnoticias\/","og_locale":"pt_BR","og_type":"article","og_title":"Campo Grande realiza Natal dos Sonhos com mais de um m\u00eas de atra\u00e7\u00f5es, shows e habita\u00e7\u00e3o social \u2013 CGNot\u00edcias","og_description":"A Prefeitura de Campo Grande lan\u00e7a, a partir do dia 29 de novembro, o maior Natal j\u00e1 realizado na hist\u00f3ria da Capital. O Natal dos Sonhos 2025 chega com uma programa\u00e7\u00e3o intensa que transforma o Centro da cidade em um grande circuito de luz, cultura, f\u00e9, inclus\u00e3o social e oportunidades. Ser\u00e3o 33 dias de atra\u00e7\u00f5es &hellip;","og_url":"https:\/\/mrnews.com.br\/index.php\/2025\/11\/20\/campo-grande-realiza-natal-dos-sonhos-com-mais-de-um-mes-de-atracoes-shows-e-habitacao-social-cgnoticias\/","og_site_name":"MRNews","article_publisher":"https:\/\/www.facebook.com\/eaipahpah\/?locale2=pt_BR","article_published_time":"2025-11-20T18:37:14+00:00","author":"MR News","twitter_card":"summary_large_image","twitter_creator":"@conspirou","twitter_site":"@conspirou","twitter_misc":{"Escrito por":"MR News","Est. tempo de leitura":"4 minutos"},"schema":{"@context":"https:\/\/schema.org","@graph":[{"@type":"Article","@id":"https:\/\/mrnews.com.br\/index.php\/2025\/11\/20\/campo-grande-realiza-natal-dos-sonhos-com-mais-de-um-mes-de-atracoes-shows-e-habitacao-social-cgnoticias\/#article","isPartOf":{"@id":"https:\/\/mrnews.com.br\/index.php\/2025\/11\/20\/campo-grande-realiza-natal-dos-sonhos-com-mais-de-um-mes-de-atracoes-shows-e-habitacao-social-cgnoticias\/"},"author":{"name":"MR News","@id":"https:\/\/mrnews.com.br\/#\/schema\/person\/be3203154562a9f207407861cef7827b"},"headline":"Campo Grande realiza Natal dos Sonhos com mais de um m\u00eas de atra\u00e7\u00f5es, shows e habita\u00e7\u00e3o social \u2013 CGNot\u00edcias","datePublished":"2025-11-20T18:37:14+00:00","mainEntityOfPage":{"@id":"https:\/\/mrnews.com.br\/index.php\/2025\/11\/20\/campo-grande-realiza-natal-dos-sonhos-com-mais-de-um-mes-de-atracoes-shows-e-habitacao-social-cgnoticias\/"},"wordCount":877,"commentCount":0,"publisher":{"@id":"https:\/\/mrnews.com.br\/#organization"},"articleSection":["Mato Grosso do Sul"],"inLanguage":"pt-BR","potentialAction":[{"@type":"CommentAction","name":"Comment","target":["https:\/\/mrnews.com.br\/index.php\/2025\/11\/20\/campo-grande-realiza-natal-dos-sonhos-com-mais-de-um-mes-de-atracoes-shows-e-habitacao-social-cgnoticias\/#respond"]}]},{"@type":"WebPage","@id":"https:\/\/mrnews.com.br\/index.php\/2025\/11\/20\/campo-grande-realiza-natal-dos-sonhos-com-mais-de-um-mes-de-atracoes-shows-e-habitacao-social-cgnoticias\/","url":"https:\/\/mrnews.com.br\/index.php\/2025\/11\/20\/campo-grande-realiza-natal-dos-sonhos-com-mais-de-um-mes-de-atracoes-shows-e-habitacao-social-cgnoticias\/","name":"Campo Grande realiza Natal dos Sonhos com mais de um m\u00eas de atra\u00e7\u00f5es, shows e habita\u00e7\u00e3o social \u2013 CGNot\u00edcias","isPartOf":{"@id":"https:\/\/mrnews.com.br\/#website"},"datePublished":"2025-11-20T18:37:14+00:00","breadcrumb":{"@id":"https:\/\/mrnews.com.br\/index.php\/2025\/11\/20\/campo-grande-realiza-natal-dos-sonhos-com-mais-de-um-mes-de-atracoes-shows-e-habitacao-social-cgnoticias\/#breadcrumb"},"inLanguage":"pt-BR","potentialAction":[{"@type":"ReadAction","target":["https:\/\/mrnews.com.br\/index.php\/2025\/11\/20\/campo-grande-realiza-natal-dos-sonhos-com-mais-de-um-mes-de-atracoes-shows-e-habitacao-social-cgnoticias\/"]}]},{"@type":"BreadcrumbList","@id":"https:\/\/mrnews.com.br\/index.php\/2025\/11\/20\/campo-grande-realiza-natal-dos-sonhos-com-mais-de-um-mes-de-atracoes-shows-e-habitacao-social-cgnoticias\/#breadcrumb","itemListElement":[{"@type":"ListItem","position":1,"name":"In\u00edcio","item":"https:\/\/mrnews.com.br\/"},{"@type":"ListItem","position":2,"name":"Campo Grande realiza Natal dos Sonhos com mais de um m\u00eas de atra\u00e7\u00f5es, shows e habita\u00e7\u00e3o social \u2013 CGNot\u00edcias"}]},{"@type":"WebSite","@id":"https:\/\/mrnews.com.br\/#website","url":"https:\/\/mrnews.com.br\/","name":"MRNews","description":"MRNews Jogos de hoje da TV, transmiss\u00f5es ao vivo, Not\u00edcias de futebol, Jogos ao vivo, Lives, resumo de novelas, Programa\u00e7\u00e3o da Globo, A Fazenda e BBB","publisher":{"@id":"https:\/\/mrnews.com.br\/#organization"},"potentialAction":[{"@type":"SearchAction","target":{"@type":"EntryPoint","urlTemplate":"https:\/\/mrnews.com.br\/?s={search_term_string}"},"query-input":{"@type":"PropertyValueSpecification","valueRequired":true,"valueName":"search_term_string"}}],"inLanguage":"pt-BR"},{"@type":"Organization","@id":"https:\/\/mrnews.com.br\/#organization","name":"MRNews","url":"https:\/\/mrnews.com.br\/","logo":{"@type":"ImageObject","inLanguage":"pt-BR","@id":"https:\/\/mrnews.com.br\/#\/schema\/logo\/image\/","url":"https:\/\/mrnews.com.br\/wp-content\/uploads\/2019\/06\/MRNewslogo2.png","contentUrl":"https:\/\/mrnews.com.br\/wp-content\/uploads\/2019\/06\/MRNewslogo2.png","width":223,"height":58,"caption":"MRNews"},"image":{"@id":"https:\/\/mrnews.com.br\/#\/schema\/logo\/image\/"},"sameAs":["https:\/\/www.facebook.com\/eaipahpah\/?locale2=pt_BR","https:\/\/x.com\/conspirou","https:\/\/www.instagram.com\/eai_pahpah","https:\/\/br.pinterest.com\/mrnewsn\/boards\/","https:\/\/www.youtube.com\/channel\/UCacgnpznQ61fifLWr1tQ-vA?view_as=subscriber"]},{"@type":"Person","@id":"https:\/\/mrnews.com.br\/#\/schema\/person\/be3203154562a9f207407861cef7827b","name":"MR News","image":{"@type":"ImageObject","inLanguage":"pt-BR","@id":"https:\/\/secure.gravatar.com\/avatar\/04084e6d73c042b8646e7c17b494073bf0ede3ea13c7105cfc45cbbbc28385a4?s=96&d=monsterid&r=g","url":"https:\/\/secure.gravatar.com\/avatar\/04084e6d73c042b8646e7c17b494073bf0ede3ea13c7105cfc45cbbbc28385a4?s=96&d=monsterid&r=g","contentUrl":"https:\/\/secure.gravatar.com\/avatar\/04084e6d73c042b8646e7c17b494073bf0ede3ea13c7105cfc45cbbbc28385a4?s=96&d=monsterid&r=g","caption":"MR News"},"description":"Especializado em jornalismo colaborativo pela FTP em n\u00edvel de p\u00f3s-gradua\u00e7\u00e3o. suporte@oimeliga.combr","sameAs":["HUGO R.","Admin"],"url":"https:\/\/mrnews.com.br\/index.php\/author\/admin\/"}]}},"jetpack_featured_media_url":"","jetpack_sharing_enabled":true,"jetpack_shortlink":"https:\/\/wp.me\/pa2Qf7-1TIw","amp_enabled":true,"_links":{"self":[{"href":"https:\/\/mrnews.com.br\/index.php\/wp-json\/wp\/v2\/posts\/452508","targetHints":{"allow":["GET"]}}],"collection":[{"href":"https:\/\/mrnews.com.br\/index.php\/wp-json\/wp\/v2\/posts"}],"about":[{"href":"https:\/\/mrnews.com.br\/index.php\/wp-json\/wp\/v2\/types\/post"}],"author":[{"embeddable":true,"href":"https:\/\/mrnews.com.br\/index.php\/wp-json\/wp\/v2\/users\/1"}],"replies":[{"embeddable":true,"href":"https:\/\/mrnews.com.br\/index.php\/wp-json\/wp\/v2\/comments?post=452508"}],"version-history":[{"count":0,"href":"https:\/\/mrnews.com.br\/index.php\/wp-json\/wp\/v2\/posts\/452508\/revisions"}],"wp:attachment":[{"href":"https:\/\/mrnews.com.br\/index.php\/wp-json\/wp\/v2\/media?parent=452508"}],"wp:term":[{"taxonomy":"category","embeddable":true,"href":"https:\/\/mrnews.com.br\/index.php\/wp-json\/wp\/v2\/categories?post=452508"},{"taxonomy":"post_tag","embeddable":true,"href":"https:\/\/mrnews.com.br\/index.php\/wp-json\/wp\/v2\/tags?post=452508"}],"curies":[{"name":"wp","href":"https:\/\/api.w.org\/{rel}","templated":true}]}}