{"id":452514,"date":"2025-11-20T18:54:12","date_gmt":"2025-11-20T21:54:12","guid":{"rendered":"https:\/\/mrnews.com.br\/index.php\/2025\/11\/20\/mulheres-negras-lbti-se-mobilizam-por-direitos-no-20-de-novembro\/"},"modified":"2025-11-20T18:54:12","modified_gmt":"2025-11-20T21:54:12","slug":"mulheres-negras-lbti-se-mobilizam-por-direitos-no-20-de-novembro","status":"publish","type":"post","link":"https:\/\/mrnews.com.br\/index.php\/2025\/11\/20\/mulheres-negras-lbti-se-mobilizam-por-direitos-no-20-de-novembro\/","title":{"rendered":"Mulheres negras LBTI se mobilizam por direitos no 20 de novembro"},"content":{"rendered":"<p>Por EBC, <\/p>\n<div>\n<p>Mulheres Negras L\u00e9sbicas, Bissexuais, Transexuais e Intersexo (LBTI) reunidas em Bras\u00edlia aproveitaram o feriado da Consci\u00eancia Negra para finalizar um diagn\u00f3stico para apontar as necessidades, problemas e falhas das pol\u00edticas p\u00fablicas brasileiras voltadas a estes grupos.<\/p>\n<p>Coordenadora do Comit\u00ea Nacional LBTI, a psic\u00f3loga Amanda Santos \u00e9 uma das organizadoras do encontro que culminar\u00e1, dia 25, na Marcha de Mulheres Negras. Segundo ela, a ideia do documento \u00e9 viabilizar \u201cuma s\u00e9rie de a\u00e7\u00f5es visando o bem estar das mulheres negras\u201d.<\/p>\n<p>Amanda Santos explica que, a exemplo do grupo do Centro-Oeste, reunido nesta quinta-feira (20) em Bras\u00edlia, h\u00e1 v\u00e1rias outras rodas de conversas sendo estabelecidas com o mesmo objetivo em outras cidades.<\/p>\n<h2>Diagn\u00f3stico<\/h2>\n<p>\u201cTrata-se de um relat\u00f3rio nacional com eixos b\u00e1sicos de sobreviv\u00eancia em \u00e1reas como sa\u00fade, seguran\u00e7a, comunica\u00e7\u00e3o, direito familiar, arte, cultura, moradia\u201d, justifica a coordenadora.<\/p>\n<p>Ela explica que conceitos distorcidos que desconsideram a diversidade da sociedade acabaram por estabelecer regras e at\u00e9 mesmo legisla\u00e7\u00f5es que dificultam a esse grupo o acesso a direitos historicamente reconhecidos e concedidos a outros grupos.<\/p>\n<p>Esse processo excludente que retira acesso a direitos b\u00e1sicos nada mais \u00e9, segundo ela, do que LGBTfobia.<\/p>\n<p>Os exemplos s\u00e3o muitos, segundo a ativista. \u201cH\u00e1 situa\u00e7\u00f5es de casais homoafetivos em que uma das parceiras n\u00e3o poder\u00e1 tomar decis\u00f5es sobre procedimentos, caso a outra fique doente e perca a consci\u00eancia. Nesses casos, caber\u00e1 \u00e0 fam\u00edlia tomar a decis\u00e3o\u201d, disse ela ao lembrar que, em muitos casos, a conex\u00e3o com a fam\u00edlia n\u00e3o \u00e9 t\u00e3o pr\u00f3xima quanto a da c\u00f4njuge.<\/p>\n<h2>Diversidade<\/h2>\n<p>Ela cita tamb\u00e9m alguns programas de habita\u00e7\u00e3o do governo que n\u00e3o consideram os mesmos direitos dos casais h\u00e9teros para os homoafetivos.<\/p>\n<blockquote>\n<p>\u201cNa \u00e1rea da sa\u00fade, muitos \u00f3rg\u00e3os p\u00fablicos e privados colocam dificuldades para reconhecer nome social adotado pela pessoa. \u00c9 preciso criminalizar essa recusa\u201d, defendeu a coordenadora.<\/p>\n<\/blockquote>\n<p>Segundo ela, o governo precisa reparar essas situa\u00e7\u00f5es e enxergar a diversidade do pr\u00f3prio pa\u00eds. \u201cE a sociedade precisa enxergar os direitos que nos foram exclu\u00eddos\u201d, complementou.<\/p>\n<h2>Repara\u00e7\u00e3o<\/h2>\n<div class=\"dnd-widget-wrapper context-cheio_8colunas type-image\">\n<div class=\"dnd-atom-rendered\"><!-- scald=445472:cheio_8colunas --><\/p>\n<p>    <!-- END scald=445472 --><\/div>\n<div class=\"dnd-caption-wrapper\">\n<p>Pesquisadora aposentada do IBGE e refer\u00eancia do movimento l\u00e9sbico e LGBT, Heliana Hemet\u00e9rio. Foto Valter Campanato\/Ag\u00eancia Brasil.<br type=\"_moz\"\/>\n<\/p>\n<\/div>\n<\/div>\n<p>A reuni\u00e3o de hoje contou com a participa\u00e7\u00e3o de uma refer\u00eancia do movimento l\u00e9sbico e LGBT: a fundadora da Rede Nacional de L\u00e9sbicas e Mulheres Bissexuais Negras, Heliana Hemet\u00e9rio.<\/p>\n<p>Pesquisadora aposentada pelo Instituto Brasileiro de Geografia Estat\u00edstica (IBGE), Heliana diz que tornar o 20 de Novembro um feriado nacional foi importante por reconhecer aqueles que representam a maior parte da popula\u00e7\u00e3o brasileira.<\/p>\n<blockquote>\n<p>\u201c[O feriado nacional] reconhece a exist\u00eancia de 54% da popula\u00e7\u00e3o brasileira que se declara negra. Estas s\u00e3o pessoas que se declaram como tal, o que nos leva a crer que o percentual real \u00e9 ainda maior\u201d, argumentou.<\/p>\n<\/blockquote>\n<p>Heliana explica que a data ajudar\u00e1 na repara\u00e7\u00e3o de injusti\u00e7as que s\u00e3o hist\u00f3ricas. \u201cO que \u00e9 repara\u00e7\u00e3o? \u00c9 reconhecimento do negro como cidad\u00e3o, com moradia, educa\u00e7\u00e3o, estudo, lazer, direitos, sa\u00fade\u201d, disse. Para ela, a data ajuda a &#8220;recontar a Hist\u00f3ria, mas sob um outro olhar\u201d.\u00a0<\/p>\n<p>Para ela, que \u00e9 tamb\u00e9m historiadora, o que levou o Brasil a abolir a escravid\u00e3o n\u00e3o foi o desejo de melhorar a vida de sua popula\u00e7\u00e3o negra.<\/p>\n<p>\u201cA verdadeira motiva\u00e7\u00e3o foi econ\u00f4mica\u201d, afirmou ao explicar que, na \u00e9poca, havia muita press\u00e3o externa e mudan\u00e7as das estruturas sociais motivadas pela Revolu\u00e7\u00e3o Industrial.<\/p>\n<p>\u00a0<\/p>\n<p>      <!-- Relacionada --><\/p>\n<p>            <!-- Relacionada -->\n    <\/div>\n","protected":false},"excerpt":{"rendered":"<p>Por EBC, Mulheres Negras L\u00e9sbicas, Bissexuais, Transexuais e Intersexo (LBTI) reunidas em Bras\u00edlia aproveitaram o feriado da Consci\u00eancia Negra para finalizar um diagn\u00f3stico para apontar as necessidades, problemas e falhas das pol\u00edticas p\u00fablicas brasileiras voltadas a estes grupos. Coordenadora do Comit\u00ea Nacional LBTI, a psic\u00f3loga Amanda Santos \u00e9 uma das organizadoras do encontro que culminar\u00e1, &hellip;<\/p>\n","protected":false},"author":1,"featured_media":0,"comment_status":"open","ping_status":"open","sticky":false,"template":"","format":"standard","meta":{"_jetpack_memberships_contains_paid_content":false,"footnotes":""},"categories":[2,12225,4],"tags":[],"class_list":["post-452514","post","type-post","status-publish","format-standard","hentry","category-entretenimento","category-noticias","category-servicos"],"yoast_head":"<!-- This site is optimized with the Yoast SEO plugin v27.5 - https:\/\/yoast.com\/product\/yoast-seo-wordpress\/ -->\n<title>Mulheres negras LBTI se mobilizam por direitos no 20 de novembro<\/title>\n<meta name=\"robots\" content=\"index, follow, max-snippet:-1, max-image-preview:large, max-video-preview:-1\" \/>\n<link rel=\"canonical\" href=\"https:\/\/mrnews.com.br\/index.php\/2025\/11\/20\/mulheres-negras-lbti-se-mobilizam-por-direitos-no-20-de-novembro\/\" \/>\n<meta property=\"og:locale\" content=\"pt_BR\" \/>\n<meta property=\"og:type\" content=\"article\" \/>\n<meta property=\"og:title\" content=\"Mulheres negras LBTI se mobilizam por direitos no 20 de novembro\" \/>\n<meta property=\"og:description\" content=\"Por EBC, Mulheres Negras L\u00e9sbicas, Bissexuais, Transexuais e Intersexo (LBTI) reunidas em Bras\u00edlia aproveitaram o feriado da Consci\u00eancia Negra para finalizar um diagn\u00f3stico para apontar as necessidades, problemas e falhas das pol\u00edticas p\u00fablicas brasileiras voltadas a estes grupos. Coordenadora do Comit\u00ea Nacional LBTI, a psic\u00f3loga Amanda Santos \u00e9 uma das organizadoras do encontro que culminar\u00e1, &hellip;\" \/>\n<meta property=\"og:url\" content=\"https:\/\/mrnews.com.br\/index.php\/2025\/11\/20\/mulheres-negras-lbti-se-mobilizam-por-direitos-no-20-de-novembro\/\" \/>\n<meta property=\"og:site_name\" content=\"MRNews\" \/>\n<meta property=\"article:publisher\" content=\"https:\/\/www.facebook.com\/eaipahpah\/?locale2=pt_BR\" \/>\n<meta property=\"article:published_time\" content=\"2025-11-20T21:54:12+00:00\" \/>\n<meta name=\"author\" content=\"MR News\" \/>\n<meta name=\"twitter:card\" content=\"summary_large_image\" \/>\n<meta name=\"twitter:creator\" content=\"@conspirou\" \/>\n<meta name=\"twitter:site\" content=\"@conspirou\" \/>\n<meta name=\"twitter:label1\" content=\"Escrito por\" \/>\n\t<meta name=\"twitter:data1\" content=\"MR News\" \/>\n\t<meta name=\"twitter:label2\" content=\"Est. tempo de leitura\" \/>\n\t<meta name=\"twitter:data2\" content=\"3 minutos\" \/>\n<script type=\"application\/ld+json\" class=\"yoast-schema-graph\">{\"@context\":\"https:\\\/\\\/schema.org\",\"@graph\":[{\"@type\":\"Article\",\"@id\":\"https:\\\/\\\/mrnews.com.br\\\/index.php\\\/2025\\\/11\\\/20\\\/mulheres-negras-lbti-se-mobilizam-por-direitos-no-20-de-novembro\\\/#article\",\"isPartOf\":{\"@id\":\"https:\\\/\\\/mrnews.com.br\\\/index.php\\\/2025\\\/11\\\/20\\\/mulheres-negras-lbti-se-mobilizam-por-direitos-no-20-de-novembro\\\/\"},\"author\":{\"name\":\"MR News\",\"@id\":\"https:\\\/\\\/mrnews.com.br\\\/#\\\/schema\\\/person\\\/be3203154562a9f207407861cef7827b\"},\"headline\":\"Mulheres negras LBTI se mobilizam por direitos no 20 de novembro\",\"datePublished\":\"2025-11-20T21:54:12+00:00\",\"mainEntityOfPage\":{\"@id\":\"https:\\\/\\\/mrnews.com.br\\\/index.php\\\/2025\\\/11\\\/20\\\/mulheres-negras-lbti-se-mobilizam-por-direitos-no-20-de-novembro\\\/\"},\"wordCount\":613,\"commentCount\":0,\"publisher\":{\"@id\":\"https:\\\/\\\/mrnews.com.br\\\/#organization\"},\"articleSection\":[\"ENTRETENIMENTO\",\"NOTICIAS\",\"SERVI\u00c7OS\"],\"inLanguage\":\"pt-BR\",\"potentialAction\":[{\"@type\":\"CommentAction\",\"name\":\"Comment\",\"target\":[\"https:\\\/\\\/mrnews.com.br\\\/index.php\\\/2025\\\/11\\\/20\\\/mulheres-negras-lbti-se-mobilizam-por-direitos-no-20-de-novembro\\\/#respond\"]}]},{\"@type\":\"WebPage\",\"@id\":\"https:\\\/\\\/mrnews.com.br\\\/index.php\\\/2025\\\/11\\\/20\\\/mulheres-negras-lbti-se-mobilizam-por-direitos-no-20-de-novembro\\\/\",\"url\":\"https:\\\/\\\/mrnews.com.br\\\/index.php\\\/2025\\\/11\\\/20\\\/mulheres-negras-lbti-se-mobilizam-por-direitos-no-20-de-novembro\\\/\",\"name\":\"Mulheres negras LBTI se mobilizam por direitos no 20 de novembro\",\"isPartOf\":{\"@id\":\"https:\\\/\\\/mrnews.com.br\\\/#website\"},\"datePublished\":\"2025-11-20T21:54:12+00:00\",\"breadcrumb\":{\"@id\":\"https:\\\/\\\/mrnews.com.br\\\/index.php\\\/2025\\\/11\\\/20\\\/mulheres-negras-lbti-se-mobilizam-por-direitos-no-20-de-novembro\\\/#breadcrumb\"},\"inLanguage\":\"pt-BR\",\"potentialAction\":[{\"@type\":\"ReadAction\",\"target\":[\"https:\\\/\\\/mrnews.com.br\\\/index.php\\\/2025\\\/11\\\/20\\\/mulheres-negras-lbti-se-mobilizam-por-direitos-no-20-de-novembro\\\/\"]}]},{\"@type\":\"BreadcrumbList\",\"@id\":\"https:\\\/\\\/mrnews.com.br\\\/index.php\\\/2025\\\/11\\\/20\\\/mulheres-negras-lbti-se-mobilizam-por-direitos-no-20-de-novembro\\\/#breadcrumb\",\"itemListElement\":[{\"@type\":\"ListItem\",\"position\":1,\"name\":\"In\u00edcio\",\"item\":\"https:\\\/\\\/mrnews.com.br\\\/\"},{\"@type\":\"ListItem\",\"position\":2,\"name\":\"Mulheres negras LBTI se mobilizam por direitos no 20 de novembro\"}]},{\"@type\":\"WebSite\",\"@id\":\"https:\\\/\\\/mrnews.com.br\\\/#website\",\"url\":\"https:\\\/\\\/mrnews.com.br\\\/\",\"name\":\"MRNews\",\"description\":\"MRNews Jogos de hoje da TV, transmiss\u00f5es ao vivo, Not\u00edcias de futebol, Jogos ao vivo, Lives, resumo de novelas, Programa\u00e7\u00e3o da Globo, A Fazenda e BBB\",\"publisher\":{\"@id\":\"https:\\\/\\\/mrnews.com.br\\\/#organization\"},\"potentialAction\":[{\"@type\":\"SearchAction\",\"target\":{\"@type\":\"EntryPoint\",\"urlTemplate\":\"https:\\\/\\\/mrnews.com.br\\\/?s={search_term_string}\"},\"query-input\":{\"@type\":\"PropertyValueSpecification\",\"valueRequired\":true,\"valueName\":\"search_term_string\"}}],\"inLanguage\":\"pt-BR\"},{\"@type\":\"Organization\",\"@id\":\"https:\\\/\\\/mrnews.com.br\\\/#organization\",\"name\":\"MRNews\",\"url\":\"https:\\\/\\\/mrnews.com.br\\\/\",\"logo\":{\"@type\":\"ImageObject\",\"inLanguage\":\"pt-BR\",\"@id\":\"https:\\\/\\\/mrnews.com.br\\\/#\\\/schema\\\/logo\\\/image\\\/\",\"url\":\"https:\\\/\\\/mrnews.com.br\\\/wp-content\\\/uploads\\\/2019\\\/06\\\/MRNewslogo2.png\",\"contentUrl\":\"https:\\\/\\\/mrnews.com.br\\\/wp-content\\\/uploads\\\/2019\\\/06\\\/MRNewslogo2.png\",\"width\":223,\"height\":58,\"caption\":\"MRNews\"},\"image\":{\"@id\":\"https:\\\/\\\/mrnews.com.br\\\/#\\\/schema\\\/logo\\\/image\\\/\"},\"sameAs\":[\"https:\\\/\\\/www.facebook.com\\\/eaipahpah\\\/?locale2=pt_BR\",\"https:\\\/\\\/x.com\\\/conspirou\",\"https:\\\/\\\/www.instagram.com\\\/eai_pahpah\",\"https:\\\/\\\/br.pinterest.com\\\/mrnewsn\\\/boards\\\/\",\"https:\\\/\\\/www.youtube.com\\\/channel\\\/UCacgnpznQ61fifLWr1tQ-vA?view_as=subscriber\"]},{\"@type\":\"Person\",\"@id\":\"https:\\\/\\\/mrnews.com.br\\\/#\\\/schema\\\/person\\\/be3203154562a9f207407861cef7827b\",\"name\":\"MR News\",\"image\":{\"@type\":\"ImageObject\",\"inLanguage\":\"pt-BR\",\"@id\":\"https:\\\/\\\/secure.gravatar.com\\\/avatar\\\/04084e6d73c042b8646e7c17b494073bf0ede3ea13c7105cfc45cbbbc28385a4?s=96&d=monsterid&r=g\",\"url\":\"https:\\\/\\\/secure.gravatar.com\\\/avatar\\\/04084e6d73c042b8646e7c17b494073bf0ede3ea13c7105cfc45cbbbc28385a4?s=96&d=monsterid&r=g\",\"contentUrl\":\"https:\\\/\\\/secure.gravatar.com\\\/avatar\\\/04084e6d73c042b8646e7c17b494073bf0ede3ea13c7105cfc45cbbbc28385a4?s=96&d=monsterid&r=g\",\"caption\":\"MR News\"},\"description\":\"Especializado em jornalismo colaborativo pela FTP em n\u00edvel de p\u00f3s-gradua\u00e7\u00e3o. suporte@oimeliga.combr\",\"sameAs\":[\"HUGO R.\",\"Admin\"],\"url\":\"https:\\\/\\\/mrnews.com.br\\\/index.php\\\/author\\\/admin\\\/\"}]}<\/script>\n<!-- \/ Yoast SEO plugin. -->","yoast_head_json":{"title":"Mulheres negras LBTI se mobilizam por direitos no 20 de novembro","robots":{"index":"index","follow":"follow","max-snippet":"max-snippet:-1","max-image-preview":"max-image-preview:large","max-video-preview":"max-video-preview:-1"},"canonical":"https:\/\/mrnews.com.br\/index.php\/2025\/11\/20\/mulheres-negras-lbti-se-mobilizam-por-direitos-no-20-de-novembro\/","og_locale":"pt_BR","og_type":"article","og_title":"Mulheres negras LBTI se mobilizam por direitos no 20 de novembro","og_description":"Por EBC, Mulheres Negras L\u00e9sbicas, Bissexuais, Transexuais e Intersexo (LBTI) reunidas em Bras\u00edlia aproveitaram o feriado da Consci\u00eancia Negra para finalizar um diagn\u00f3stico para apontar as necessidades, problemas e falhas das pol\u00edticas p\u00fablicas brasileiras voltadas a estes grupos. Coordenadora do Comit\u00ea Nacional LBTI, a psic\u00f3loga Amanda Santos \u00e9 uma das organizadoras do encontro que culminar\u00e1, &hellip;","og_url":"https:\/\/mrnews.com.br\/index.php\/2025\/11\/20\/mulheres-negras-lbti-se-mobilizam-por-direitos-no-20-de-novembro\/","og_site_name":"MRNews","article_publisher":"https:\/\/www.facebook.com\/eaipahpah\/?locale2=pt_BR","article_published_time":"2025-11-20T21:54:12+00:00","author":"MR News","twitter_card":"summary_large_image","twitter_creator":"@conspirou","twitter_site":"@conspirou","twitter_misc":{"Escrito por":"MR News","Est. tempo de leitura":"3 minutos"},"schema":{"@context":"https:\/\/schema.org","@graph":[{"@type":"Article","@id":"https:\/\/mrnews.com.br\/index.php\/2025\/11\/20\/mulheres-negras-lbti-se-mobilizam-por-direitos-no-20-de-novembro\/#article","isPartOf":{"@id":"https:\/\/mrnews.com.br\/index.php\/2025\/11\/20\/mulheres-negras-lbti-se-mobilizam-por-direitos-no-20-de-novembro\/"},"author":{"name":"MR News","@id":"https:\/\/mrnews.com.br\/#\/schema\/person\/be3203154562a9f207407861cef7827b"},"headline":"Mulheres negras LBTI se mobilizam por direitos no 20 de novembro","datePublished":"2025-11-20T21:54:12+00:00","mainEntityOfPage":{"@id":"https:\/\/mrnews.com.br\/index.php\/2025\/11\/20\/mulheres-negras-lbti-se-mobilizam-por-direitos-no-20-de-novembro\/"},"wordCount":613,"commentCount":0,"publisher":{"@id":"https:\/\/mrnews.com.br\/#organization"},"articleSection":["ENTRETENIMENTO","NOTICIAS","SERVI\u00c7OS"],"inLanguage":"pt-BR","potentialAction":[{"@type":"CommentAction","name":"Comment","target":["https:\/\/mrnews.com.br\/index.php\/2025\/11\/20\/mulheres-negras-lbti-se-mobilizam-por-direitos-no-20-de-novembro\/#respond"]}]},{"@type":"WebPage","@id":"https:\/\/mrnews.com.br\/index.php\/2025\/11\/20\/mulheres-negras-lbti-se-mobilizam-por-direitos-no-20-de-novembro\/","url":"https:\/\/mrnews.com.br\/index.php\/2025\/11\/20\/mulheres-negras-lbti-se-mobilizam-por-direitos-no-20-de-novembro\/","name":"Mulheres negras LBTI se mobilizam por direitos no 20 de novembro","isPartOf":{"@id":"https:\/\/mrnews.com.br\/#website"},"datePublished":"2025-11-20T21:54:12+00:00","breadcrumb":{"@id":"https:\/\/mrnews.com.br\/index.php\/2025\/11\/20\/mulheres-negras-lbti-se-mobilizam-por-direitos-no-20-de-novembro\/#breadcrumb"},"inLanguage":"pt-BR","potentialAction":[{"@type":"ReadAction","target":["https:\/\/mrnews.com.br\/index.php\/2025\/11\/20\/mulheres-negras-lbti-se-mobilizam-por-direitos-no-20-de-novembro\/"]}]},{"@type":"BreadcrumbList","@id":"https:\/\/mrnews.com.br\/index.php\/2025\/11\/20\/mulheres-negras-lbti-se-mobilizam-por-direitos-no-20-de-novembro\/#breadcrumb","itemListElement":[{"@type":"ListItem","position":1,"name":"In\u00edcio","item":"https:\/\/mrnews.com.br\/"},{"@type":"ListItem","position":2,"name":"Mulheres negras LBTI se mobilizam por direitos no 20 de novembro"}]},{"@type":"WebSite","@id":"https:\/\/mrnews.com.br\/#website","url":"https:\/\/mrnews.com.br\/","name":"MRNews","description":"MRNews Jogos de hoje da TV, transmiss\u00f5es ao vivo, Not\u00edcias de futebol, Jogos ao vivo, Lives, resumo de novelas, Programa\u00e7\u00e3o da Globo, A Fazenda e BBB","publisher":{"@id":"https:\/\/mrnews.com.br\/#organization"},"potentialAction":[{"@type":"SearchAction","target":{"@type":"EntryPoint","urlTemplate":"https:\/\/mrnews.com.br\/?s={search_term_string}"},"query-input":{"@type":"PropertyValueSpecification","valueRequired":true,"valueName":"search_term_string"}}],"inLanguage":"pt-BR"},{"@type":"Organization","@id":"https:\/\/mrnews.com.br\/#organization","name":"MRNews","url":"https:\/\/mrnews.com.br\/","logo":{"@type":"ImageObject","inLanguage":"pt-BR","@id":"https:\/\/mrnews.com.br\/#\/schema\/logo\/image\/","url":"https:\/\/mrnews.com.br\/wp-content\/uploads\/2019\/06\/MRNewslogo2.png","contentUrl":"https:\/\/mrnews.com.br\/wp-content\/uploads\/2019\/06\/MRNewslogo2.png","width":223,"height":58,"caption":"MRNews"},"image":{"@id":"https:\/\/mrnews.com.br\/#\/schema\/logo\/image\/"},"sameAs":["https:\/\/www.facebook.com\/eaipahpah\/?locale2=pt_BR","https:\/\/x.com\/conspirou","https:\/\/www.instagram.com\/eai_pahpah","https:\/\/br.pinterest.com\/mrnewsn\/boards\/","https:\/\/www.youtube.com\/channel\/UCacgnpznQ61fifLWr1tQ-vA?view_as=subscriber"]},{"@type":"Person","@id":"https:\/\/mrnews.com.br\/#\/schema\/person\/be3203154562a9f207407861cef7827b","name":"MR News","image":{"@type":"ImageObject","inLanguage":"pt-BR","@id":"https:\/\/secure.gravatar.com\/avatar\/04084e6d73c042b8646e7c17b494073bf0ede3ea13c7105cfc45cbbbc28385a4?s=96&d=monsterid&r=g","url":"https:\/\/secure.gravatar.com\/avatar\/04084e6d73c042b8646e7c17b494073bf0ede3ea13c7105cfc45cbbbc28385a4?s=96&d=monsterid&r=g","contentUrl":"https:\/\/secure.gravatar.com\/avatar\/04084e6d73c042b8646e7c17b494073bf0ede3ea13c7105cfc45cbbbc28385a4?s=96&d=monsterid&r=g","caption":"MR News"},"description":"Especializado em jornalismo colaborativo pela FTP em n\u00edvel de p\u00f3s-gradua\u00e7\u00e3o. suporte@oimeliga.combr","sameAs":["HUGO R.","Admin"],"url":"https:\/\/mrnews.com.br\/index.php\/author\/admin\/"}]}},"jetpack_featured_media_url":"","jetpack_sharing_enabled":true,"jetpack_shortlink":"https:\/\/wp.me\/pa2Qf7-1TIC","amp_enabled":true,"_links":{"self":[{"href":"https:\/\/mrnews.com.br\/index.php\/wp-json\/wp\/v2\/posts\/452514","targetHints":{"allow":["GET"]}}],"collection":[{"href":"https:\/\/mrnews.com.br\/index.php\/wp-json\/wp\/v2\/posts"}],"about":[{"href":"https:\/\/mrnews.com.br\/index.php\/wp-json\/wp\/v2\/types\/post"}],"author":[{"embeddable":true,"href":"https:\/\/mrnews.com.br\/index.php\/wp-json\/wp\/v2\/users\/1"}],"replies":[{"embeddable":true,"href":"https:\/\/mrnews.com.br\/index.php\/wp-json\/wp\/v2\/comments?post=452514"}],"version-history":[{"count":0,"href":"https:\/\/mrnews.com.br\/index.php\/wp-json\/wp\/v2\/posts\/452514\/revisions"}],"wp:attachment":[{"href":"https:\/\/mrnews.com.br\/index.php\/wp-json\/wp\/v2\/media?parent=452514"}],"wp:term":[{"taxonomy":"category","embeddable":true,"href":"https:\/\/mrnews.com.br\/index.php\/wp-json\/wp\/v2\/categories?post=452514"},{"taxonomy":"post_tag","embeddable":true,"href":"https:\/\/mrnews.com.br\/index.php\/wp-json\/wp\/v2\/tags?post=452514"}],"curies":[{"name":"wp","href":"https:\/\/api.w.org\/{rel}","templated":true}]}}