{"id":452646,"date":"2025-11-23T20:11:58","date_gmt":"2025-11-23T23:11:58","guid":{"rendered":"https:\/\/mrnews.com.br\/?p=452646"},"modified":"2025-11-23T20:11:58","modified_gmt":"2025-11-23T23:11:58","slug":"pai-e-filho-morrem-em-acidente-horas-antes-do-casamento-em-campina-grande","status":"publish","type":"post","link":"https:\/\/mrnews.com.br\/index.php\/2025\/11\/23\/pai-e-filho-morrem-em-acidente-horas-antes-do-casamento-em-campina-grande\/","title":{"rendered":"Pai e filho morrem em acidente horas antes do casamento em Campina Grande"},"content":{"rendered":"<p><strong>Trag\u00e9dia na BR-104: pai e filho morrem em acidente horas antes do casamento em Campina Grande<\/strong><\/p>\n<p>Na manh\u00e3 de <strong>22 de novembro de 2025<\/strong>, um grave acidente tirou a vida de um pai e seu filho em um trecho da <strong>BR-104<\/strong>, pr\u00f3ximo \u00e0 Campina Grande (PB). As duas v\u00edtimas, identificadas como <strong>Jos\u00e9 Valdir de Melo<\/strong> (58 anos) e seu filho <strong>Ja\u00edlson Pereira da Silva Melo<\/strong> (27 anos), estavam em uma motocicleta quando foram atingidas por um carro.<\/p>\n<hr \/>\n<h3>Din\u00e2mica do acidente<\/h3>\n<ul>\n<li>Segundo a <strong>Pol\u00edcia Rodovi\u00e1ria Federal<\/strong>, envolveu dois autom\u00f3veis e a motocicleta das v\u00edtimas.<\/li>\n<li>Testemunhas relataram que um dos carros vinha em alta velocidade e teria prensado a moto, provocando a colis\u00e3o. (<a title=\"Pai e filho morrem em acidente na BR-104, em Campina Grande; jovem casaria neste s\u00e1bado - PB AGORA\" href=\"https:\/\/www.pbagora.com.br\/noticia\/policial\/pai-e-filho-morrem-em-acidente-na-br-104-em-campina-grande-jovem-casaria-neste-sabado\/?utm_source=chatgpt.com\">PB AGORA<\/a>)<\/li>\n<li>Ap\u00f3s o impacto com a moto, esse ve\u00edculo seguiu e colidiu com outro carro \u00e0 frente. (<a title=\"Pai e filho morrem em acidente na BR-104 horas antes de casamento em Campina Grande \u2013 Noticias R7\" href=\"https:\/\/noticias.r7.com\/paraiba\/portal-correio\/pai-e-filho-morrem-em-acidente-na-br-104-horas-antes-de-casamento-em-campina-grande-22112025\/?utm_source=chatgpt.com\">Noticias R7<\/a>)<\/li>\n<li>Pai e filho foram arremessados da moto e morreram no local. (<a title=\"Pai e filho morrem em acidente na BR-104, em Campina Grande; jovem casaria neste s\u00e1bado - PB AGORA\" href=\"https:\/\/www.pbagora.com.br\/noticia\/policial\/pai-e-filho-morrem-em-acidente-na-br-104-em-campina-grande-jovem-casaria-neste-sabado\/?utm_source=chatgpt.com\">PB AGORA<\/a>)<\/li>\n<li>O condutor que causou a batida fugiu sem prestar socorro. (<a title=\"Pai e filho morrem em acidente na BR-104 horas antes de casamento em Campina Grande \u2013 Noticias R7\" href=\"https:\/\/noticias.r7.com\/paraiba\/portal-correio\/pai-e-filho-morrem-em-acidente-na-br-104-horas-antes-de-casamento-em-campina-grande-22112025\/?utm_source=chatgpt.com\">Noticias R7<\/a>)<\/li>\n<\/ul>\n<hr \/>\n<h3>Um casamento interrompido<\/h3>\n<p>A trag\u00e9dia foi ainda mais comovente por um detalhe: <strong>Ja\u00edlson<\/strong> estava prestes a se casar <strong>no mesmo dia<\/strong>. (<a title=\"Pai e filho morrem em acidente na BR-104, em Campina Grande; jovem casaria neste s\u00e1bado - PB AGORA\" href=\"https:\/\/www.pbagora.com.br\/noticia\/policial\/pai-e-filho-morrem-em-acidente-na-br-104-em-campina-grande-jovem-casaria-neste-sabado\/?utm_source=chatgpt.com\">PB AGORA<\/a>)<br \/>\nDe acordo com familiares, ele havia sa\u00eddo para buscar salgados para a festa de casamento no residencial Alu\u00edzio Campos quando ocorreu o acidente. (<a title=\"TRAG\u00c9DIA EM CAMPINA GRANDE: noivo e pai morrem em acidente horas antes de casamento - Blog do BG | PB\" href=\"https:\/\/www.blogdobgpb.com.br\/2025\/11\/22\/tragedia-em-campina-grande-noivo-e-pai-morrem-em-acidente-horas-antes-de-casamento\/?utm_source=chatgpt.com\">Blog do BG | PB<\/a>)<\/p>\n<hr \/>\n<h3>Consequ\u00eancias e rea\u00e7\u00f5es<\/h3>\n<ul>\n<li>O trecho da rodovia ficou parcialmente interditado para atendimento da ocorr\u00eancia. (<a title=\"Pai e filho morrem em acidente na BR-104, em CG; jovem se casaria neste s\u00e1bado (22) | Para\u00edba dia a dia\" href=\"https:\/\/paraibadiaadia.com.br\/pt-noticias\/pai-e-filho-morrem-em-acidente-na-br-104-em-cg-jovem-se-casaria-neste-sabado-22\/?utm_source=chatgpt.com\">Para\u00edba dia a dia<\/a>)<\/li>\n<li>A Pol\u00edcia Civil investiga as circunst\u00e2ncias do acidente, especialmente a fuga do motorista respons\u00e1vel. (<a title=\"Pai e filho morrem em acidente na BR-104, em Campina Grande; jovem casaria neste s\u00e1bado - PB AGORA\" href=\"https:\/\/www.pbagora.com.br\/noticia\/policial\/pai-e-filho-morrem-em-acidente-na-br-104-em-campina-grande-jovem-casaria-neste-sabado\/?utm_source=chatgpt.com\">PB AGORA<\/a>)<\/li>\n<li>Nas redes e na imprensa local, h\u00e1 como\u00e7\u00e3o. Muitos destacam a dor de uma fam\u00edlia que preparava uma celebra\u00e7\u00e3o de amor e acabou enfrentando uma trag\u00e9dia.<\/li>\n<\/ul>\n<hr \/>\n<h3>Reflex\u00e3o sobre seguran\u00e7a no tr\u00e2nsito<\/h3>\n<p>Este caso refor\u00e7a a urg\u00eancia de:<\/p>\n<ol>\n<li><strong>Fiscaliza\u00e7\u00e3o mais rigorosa<\/strong> em rodovias, especialmente em trechos com obras ou alto risco.<\/li>\n<li><strong>Responsabiliza\u00e7\u00e3o dos motoristas<\/strong> que causam acidentes e fogem sem prestar socorro.<\/li>\n<li><strong>Consci\u00eancia de motociclistas<\/strong> quanto aos perigos de trafegar em vias com tr\u00e1fego intenso e ve\u00edculos mais pesados.<\/li>\n<li><strong>Apoio \u00e0s fam\u00edlias enlutadas<\/strong>, seja emocional ou jur\u00eddico, nessas tr\u00e1gicas circunst\u00e2ncias.<\/li>\n<\/ol>\n<hr \/>\n<h3>Conclus\u00e3o<\/h3>\n<p>A perda de Jos\u00e9 Valdir e Ja\u00edlson \u00e9 tr\u00e1gica n\u00e3o apenas pela fatalidade, mas pelo contraste entre a expectativa feliz de um casamento e a dura realidade de um acidente fatal. \u00c9 um lembrete doloroso de como a vida pode ser fr\u00e1gil e de quanto cada momento importa.<\/p>\n<p>Se voc\u00ea quiser, posso acompanhar <strong>atualiza\u00e7\u00f5es sobre o caso<\/strong> (busca de not\u00edcias, investiga\u00e7\u00f5es) ou escrever uma vers\u00e3o para publica\u00e7\u00e3o (reportagem, post de blog) \u2014 quer que eu fa\u00e7a isso?<\/p>\n<p><strong>Bel Kutner emociona ao surgir dan\u00e7ando com o filho e desabafa sobre desafios da maternidade at\u00edpica<\/strong><\/p>\n<p>A atriz <strong>Bel Kutner<\/strong>, de 55 anos, voltou a mobilizar seus seguidores ao compartilhar um momento \u00edntimo e cheio de carinho ao lado do filho, <strong>Davi<\/strong>, de 20 anos. Em um v\u00eddeo publicado nas redes sociais, os dois aparecem dan\u00e7ando na sala de casa, no Rio de Janeiro, transmitindo leveza, cumplicidade e uma alegria que rapidamente tocou o p\u00fablico.<\/p>\n<p>O registro, al\u00e9m de encantador, trouxe tamb\u00e9m uma importante reflex\u00e3o. Davi foi diagnosticado com <strong>esclerose tuberosa<\/strong>, uma doen\u00e7a rara que causa tumores benignos em diversos \u00f3rg\u00e3os, e tamb\u00e9m est\u00e1 dentro do <strong>espectro autista<\/strong>. O jovem \u00e9 fruto do relacionamento de Bel com o m\u00fasico <strong>Fabio Mondego<\/strong>.<\/p>\n<hr \/>\n<h2><strong>Desabafo sincero sobre rotina marcada por desafios<\/strong><\/h2>\n<p>Na legenda, Bel Kutner abriu o cora\u00e7\u00e3o e contou que, apesar dos momentos de ternura como o que aparece no v\u00eddeo, a rotina com um filho at\u00edpico \u00e9 marcada por desafios intensos. Crises, convuls\u00f5es e interna\u00e7\u00f5es fazem parte da vida da fam\u00edlia, situa\u00e7\u00f5es que muitas vezes passam despercebidas por quem v\u00ea apenas os instantes de alegria compartilhados nas redes.<\/p>\n<p>A atriz desabafou sobre o preconceito e a falta de preparo das pessoas diante do comportamento de Davi, refor\u00e7ando que muitos n\u00e3o entendem \u2014 e nem tentam entender \u2014 o que est\u00e1 por tr\u00e1s de cada dificuldade enfrentada.<\/p>\n<blockquote><p><strong>\u201cA parte punk, das crises, da porrada, convuls\u00f5es, acidentes terr\u00edveis que muitas vezes acabam no hospital\u2026 essa as pessoas n\u00e3o suportam ver\u201d<\/strong>, afirmou.<\/p><\/blockquote>\n<p>Bel explicou ainda que alguns coment\u00e1rios repetitivos e julgamentos sobre m\u00e3es at\u00edpicas revelam o desconhecimento da sociedade sobre o tema. Mas, apesar de tudo, s\u00e3o os momentos simples \u2014 como a dan\u00e7a com o filho \u2014 que renovam suas for\u00e7as e tornam os dias mais leves.<\/p>\n<hr \/>\n<h2><strong>Sensibilidade, acolhimento e o retrato de uma m\u00e3e incans\u00e1vel<\/strong><\/h2>\n<p>Em entrevistas anteriores, como a concedida ao jornal Extra em 2021, Bel contou que Davi sempre foi um jovem mais reservado e que a introspec\u00e7\u00e3o se intensificou durante a adolesc\u00eancia. Ele prefere programas tranquilos, jogos e atividades suaves, evitando cenas de emo\u00e7\u00e3o muito forte.<\/p>\n<p>O novo v\u00eddeo publicado pela atriz gerou grande como\u00e7\u00e3o, com seguidores elogiando sua coragem, sensibilidade e entrega. Muitos usu\u00e1rios tamb\u00e9m destacaram a import\u00e2ncia de figuras p\u00fablicas como Bel darem visibilidade \u00e0 maternidade at\u00edpica, ajudando outras fam\u00edlias a se sentirem representadas e acolhidas.<\/p>\n<p>Al\u00e9m disso, parte do p\u00fablico manifestou preocupa\u00e7\u00e3o com o bem-estar emocional da atriz, refor\u00e7ando apoio e carinho. A sa\u00fade mental de m\u00e3es e cuidadores em situa\u00e7\u00f5es t\u00e3o intensas \u00e9 um tema fundamental e que merece aten\u00e7\u00e3o constante, segundo comentaram internautas.<\/p>\n<hr \/>\n<h2><strong>Inspira\u00e7\u00e3o para outras fam\u00edlias<\/strong><\/h2>\n<p>Com sua sinceridade e for\u00e7a, Bel Kutner continua inspirando milhares de pessoas que passam por situa\u00e7\u00f5es semelhantes. Ela mostra que, embora existam dias dif\u00edceis, o amor, a paci\u00eancia e a conex\u00e3o entre m\u00e3e e filho s\u00e3o capazes de transformar qualquer rotina \u2014 inclusive aquelas que exigem mais cuidado e resili\u00eancia.<\/p>\n<hr \/>\n<p><strong>Tags:<\/strong> bel kutner, famosos, autismo, esclerose tuberosa, maternidade at\u00edpica, sa\u00fade, celebridades<\/p>\n","protected":false},"excerpt":{"rendered":"<p>Trag\u00e9dia na BR-104: pai e filho morrem em acidente horas antes do casamento em Campina Grande Na manh\u00e3 de 22 de novembro de 2025, um grave acidente tirou a vida de um pai e seu filho em um trecho da BR-104, pr\u00f3ximo \u00e0 Campina Grande (PB). As duas v\u00edtimas, identificadas como Jos\u00e9 Valdir de Melo &hellip;<\/p>\n","protected":false},"author":1,"featured_media":358368,"comment_status":"open","ping_status":"open","sticky":false,"template":"","format":"standard","meta":{"_jetpack_newsletter_access":"","_jetpack_dont_email_post_to_subs":false,"_jetpack_newsletter_tier_id":0,"_jetpack_memberships_contains_paywalled_content":false,"_jetpack_feature_clip_id":0,"_jetpack_memberships_contains_paid_content":false,"footnotes":"","jetpack_post_was_ever_published":false},"categories":[2,4587],"tags":[],"class_list":["post-452646","post","type-post","status-publish","format-standard","has-post-thumbnail","hentry","category-entretenimento","category-esportes"],"yoast_head":"<!-- This site is optimized with the Yoast SEO plugin v28.3 - https:\/\/yoast.com\/product\/yoast-seo-wordpress\/ -->\n<title>Pai e filho morrem em acidente horas antes do casamento em Campina Grande<\/title>\n<meta name=\"robots\" content=\"index, follow, max-snippet:-1, max-image-preview:large, max-video-preview:-1\" \/>\n<link rel=\"canonical\" href=\"https:\/\/mrnews.com.br\/index.php\/2025\/11\/23\/pai-e-filho-morrem-em-acidente-horas-antes-do-casamento-em-campina-grande\/\" \/>\n<meta property=\"og:locale\" content=\"pt_BR\" \/>\n<meta property=\"og:type\" content=\"article\" \/>\n<meta property=\"og:title\" content=\"Pai e filho morrem em acidente horas antes do casamento em Campina Grande\" \/>\n<meta property=\"og:description\" content=\"Trag\u00e9dia na BR-104: pai e filho morrem em acidente horas antes do casamento em Campina Grande Na manh\u00e3 de 22 de novembro de 2025, um grave acidente tirou a vida de um pai e seu filho em um trecho da BR-104, pr\u00f3ximo \u00e0 Campina Grande (PB). As duas v\u00edtimas, identificadas como Jos\u00e9 Valdir de Melo &hellip;\" \/>\n<meta property=\"og:url\" content=\"https:\/\/mrnews.com.br\/index.php\/2025\/11\/23\/pai-e-filho-morrem-em-acidente-horas-antes-do-casamento-em-campina-grande\/\" \/>\n<meta property=\"og:site_name\" content=\"MRNews\" \/>\n<meta property=\"article:publisher\" content=\"https:\/\/www.facebook.com\/eaipahpah\/?locale2=pt_BR\" \/>\n<meta property=\"article:published_time\" content=\"2025-11-23T23:11:58+00:00\" \/>\n<meta property=\"og:image\" content=\"https:\/\/mrnews.com.br\/wp-content\/uploads\/2022\/07\/LUTO-GLOBO.jpeg\" \/>\n\t<meta property=\"og:image:width\" content=\"696\" \/>\n\t<meta property=\"og:image:height\" content=\"365\" \/>\n\t<meta property=\"og:image:type\" content=\"image\/jpeg\" \/>\n<meta name=\"author\" content=\"MR News\" \/>\n<meta name=\"twitter:card\" content=\"summary_large_image\" \/>\n<meta name=\"twitter:creator\" content=\"@conspirou\" \/>\n<meta name=\"twitter:site\" content=\"@conspirou\" \/>\n<meta name=\"twitter:label1\" content=\"Escrito por\" \/>\n\t<meta name=\"twitter:data1\" content=\"MR News\" \/>\n\t<meta name=\"twitter:label2\" content=\"Est. tempo de leitura\" \/>\n\t<meta name=\"twitter:data2\" content=\"5 minutos\" \/>\n<script type=\"application\/ld+json\" class=\"yoast-schema-graph\">{\"@context\":\"https:\\\/\\\/schema.org\",\"@graph\":[{\"@type\":\"Article\",\"@id\":\"https:\\\/\\\/mrnews.com.br\\\/index.php\\\/2025\\\/11\\\/23\\\/pai-e-filho-morrem-em-acidente-horas-antes-do-casamento-em-campina-grande\\\/#article\",\"isPartOf\":{\"@id\":\"https:\\\/\\\/mrnews.com.br\\\/index.php\\\/2025\\\/11\\\/23\\\/pai-e-filho-morrem-em-acidente-horas-antes-do-casamento-em-campina-grande\\\/\"},\"author\":{\"name\":\"MR News\",\"@id\":\"https:\\\/\\\/mrnews.com.br\\\/#\\\/schema\\\/person\\\/be3203154562a9f207407861cef7827b\"},\"headline\":\"Pai e filho morrem em acidente horas antes do casamento em Campina Grande\",\"datePublished\":\"2025-11-23T23:11:58+00:00\",\"mainEntityOfPage\":{\"@id\":\"https:\\\/\\\/mrnews.com.br\\\/index.php\\\/2025\\\/11\\\/23\\\/pai-e-filho-morrem-em-acidente-horas-antes-do-casamento-em-campina-grande\\\/\"},\"wordCount\":1010,\"commentCount\":0,\"publisher\":{\"@id\":\"https:\\\/\\\/mrnews.com.br\\\/#organization\"},\"image\":{\"@id\":\"https:\\\/\\\/mrnews.com.br\\\/index.php\\\/2025\\\/11\\\/23\\\/pai-e-filho-morrem-em-acidente-horas-antes-do-casamento-em-campina-grande\\\/#primaryimage\"},\"thumbnailUrl\":\"https:\\\/\\\/mrnews.com.br\\\/wp-content\\\/uploads\\\/2022\\\/07\\\/LUTO-GLOBO.jpeg\",\"articleSection\":[\"ENTRETENIMENTO\",\"Esportes\"],\"inLanguage\":\"pt-BR\",\"potentialAction\":[{\"@type\":\"CommentAction\",\"name\":\"Comment\",\"target\":[\"https:\\\/\\\/mrnews.com.br\\\/index.php\\\/2025\\\/11\\\/23\\\/pai-e-filho-morrem-em-acidente-horas-antes-do-casamento-em-campina-grande\\\/#respond\"]}]},{\"@type\":\"WebPage\",\"@id\":\"https:\\\/\\\/mrnews.com.br\\\/index.php\\\/2025\\\/11\\\/23\\\/pai-e-filho-morrem-em-acidente-horas-antes-do-casamento-em-campina-grande\\\/\",\"url\":\"https:\\\/\\\/mrnews.com.br\\\/index.php\\\/2025\\\/11\\\/23\\\/pai-e-filho-morrem-em-acidente-horas-antes-do-casamento-em-campina-grande\\\/\",\"name\":\"Pai e filho morrem em acidente horas antes do casamento em Campina Grande\",\"isPartOf\":{\"@id\":\"https:\\\/\\\/mrnews.com.br\\\/#website\"},\"primaryImageOfPage\":{\"@id\":\"https:\\\/\\\/mrnews.com.br\\\/index.php\\\/2025\\\/11\\\/23\\\/pai-e-filho-morrem-em-acidente-horas-antes-do-casamento-em-campina-grande\\\/#primaryimage\"},\"image\":{\"@id\":\"https:\\\/\\\/mrnews.com.br\\\/index.php\\\/2025\\\/11\\\/23\\\/pai-e-filho-morrem-em-acidente-horas-antes-do-casamento-em-campina-grande\\\/#primaryimage\"},\"thumbnailUrl\":\"https:\\\/\\\/mrnews.com.br\\\/wp-content\\\/uploads\\\/2022\\\/07\\\/LUTO-GLOBO.jpeg\",\"datePublished\":\"2025-11-23T23:11:58+00:00\",\"breadcrumb\":{\"@id\":\"https:\\\/\\\/mrnews.com.br\\\/index.php\\\/2025\\\/11\\\/23\\\/pai-e-filho-morrem-em-acidente-horas-antes-do-casamento-em-campina-grande\\\/#breadcrumb\"},\"inLanguage\":\"pt-BR\",\"potentialAction\":[{\"@type\":\"ReadAction\",\"target\":[\"https:\\\/\\\/mrnews.com.br\\\/index.php\\\/2025\\\/11\\\/23\\\/pai-e-filho-morrem-em-acidente-horas-antes-do-casamento-em-campina-grande\\\/\"]}]},{\"@type\":\"ImageObject\",\"inLanguage\":\"pt-BR\",\"@id\":\"https:\\\/\\\/mrnews.com.br\\\/index.php\\\/2025\\\/11\\\/23\\\/pai-e-filho-morrem-em-acidente-horas-antes-do-casamento-em-campina-grande\\\/#primaryimage\",\"url\":\"https:\\\/\\\/mrnews.com.br\\\/wp-content\\\/uploads\\\/2022\\\/07\\\/LUTO-GLOBO.jpeg\",\"contentUrl\":\"https:\\\/\\\/mrnews.com.br\\\/wp-content\\\/uploads\\\/2022\\\/07\\\/LUTO-GLOBO.jpeg\",\"width\":696,\"height\":365},{\"@type\":\"BreadcrumbList\",\"@id\":\"https:\\\/\\\/mrnews.com.br\\\/index.php\\\/2025\\\/11\\\/23\\\/pai-e-filho-morrem-em-acidente-horas-antes-do-casamento-em-campina-grande\\\/#breadcrumb\",\"itemListElement\":[{\"@type\":\"ListItem\",\"position\":1,\"name\":\"In\u00edcio\",\"item\":\"https:\\\/\\\/mrnews.com.br\\\/\"},{\"@type\":\"ListItem\",\"position\":2,\"name\":\"Pai e filho morrem em acidente horas antes do casamento em Campina Grande\"}]},{\"@type\":\"WebSite\",\"@id\":\"https:\\\/\\\/mrnews.com.br\\\/#website\",\"url\":\"https:\\\/\\\/mrnews.com.br\\\/\",\"name\":\"MRNews\",\"description\":\"MRNews Jogos de hoje da TV, transmiss\u00f5es ao vivo, Not\u00edcias de futebol, Jogos ao vivo, Lives, resumo de novelas, Programa\u00e7\u00e3o da Globo, A Fazenda e BBB\",\"publisher\":{\"@id\":\"https:\\\/\\\/mrnews.com.br\\\/#organization\"},\"potentialAction\":[{\"@type\":\"SearchAction\",\"target\":{\"@type\":\"EntryPoint\",\"urlTemplate\":\"https:\\\/\\\/mrnews.com.br\\\/?s={search_term_string}\"},\"query-input\":{\"@type\":\"PropertyValueSpecification\",\"valueRequired\":true,\"valueName\":\"search_term_string\"}}],\"inLanguage\":\"pt-BR\"},{\"@type\":\"Organization\",\"@id\":\"https:\\\/\\\/mrnews.com.br\\\/#organization\",\"name\":\"MRNews\",\"url\":\"https:\\\/\\\/mrnews.com.br\\\/\",\"logo\":{\"@type\":\"ImageObject\",\"inLanguage\":\"pt-BR\",\"@id\":\"https:\\\/\\\/mrnews.com.br\\\/#\\\/schema\\\/logo\\\/image\\\/\",\"url\":\"https:\\\/\\\/mrnews.com.br\\\/wp-content\\\/uploads\\\/2026\\\/08\\\/MRNEws.png\",\"contentUrl\":\"https:\\\/\\\/mrnews.com.br\\\/wp-content\\\/uploads\\\/2026\\\/08\\\/MRNEws.png\",\"width\":1254,\"height\":1254,\"caption\":\"MRNews\"},\"image\":{\"@id\":\"https:\\\/\\\/mrnews.com.br\\\/#\\\/schema\\\/logo\\\/image\\\/\"},\"sameAs\":[\"https:\\\/\\\/www.facebook.com\\\/eaipahpah\\\/?locale2=pt_BR\",\"https:\\\/\\\/x.com\\\/conspirou\",\"https:\\\/\\\/www.instagram.com\\\/eai_pahpah\",\"https:\\\/\\\/br.pinterest.com\\\/mrnewsn\\\/boards\\\/\",\"https:\\\/\\\/www.youtube.com\\\/channel\\\/UCacgnpznQ61fifLWr1tQ-vA?view_as=subscriber\"]},{\"@type\":\"Person\",\"@id\":\"https:\\\/\\\/mrnews.com.br\\\/#\\\/schema\\\/person\\\/be3203154562a9f207407861cef7827b\",\"name\":\"MR News\",\"image\":{\"@type\":\"ImageObject\",\"inLanguage\":\"pt-BR\",\"@id\":\"https:\\\/\\\/secure.gravatar.com\\\/avatar\\\/04084e6d73c042b8646e7c17b494073bf0ede3ea13c7105cfc45cbbbc28385a4?s=96&d=monsterid&r=g\",\"url\":\"https:\\\/\\\/secure.gravatar.com\\\/avatar\\\/04084e6d73c042b8646e7c17b494073bf0ede3ea13c7105cfc45cbbbc28385a4?s=96&d=monsterid&r=g\",\"contentUrl\":\"https:\\\/\\\/secure.gravatar.com\\\/avatar\\\/04084e6d73c042b8646e7c17b494073bf0ede3ea13c7105cfc45cbbbc28385a4?s=96&d=monsterid&r=g\",\"caption\":\"MR News\"},\"description\":\"Especializado em jornalismo colaborativo pela FTP em n\u00edvel de p\u00f3s-gradua\u00e7\u00e3o. suporte@oimeliga.combr\",\"sameAs\":[\"HUGO R.\",\"Admin\"],\"url\":\"https:\\\/\\\/mrnews.com.br\\\/index.php\\\/author\\\/admin\\\/\"}]}<\/script>\n<!-- \/ Yoast SEO plugin. -->","yoast_head_json":{"title":"Pai e filho morrem em acidente horas antes do casamento em Campina Grande","robots":{"index":"index","follow":"follow","max-snippet":"max-snippet:-1","max-image-preview":"max-image-preview:large","max-video-preview":"max-video-preview:-1"},"canonical":"https:\/\/mrnews.com.br\/index.php\/2025\/11\/23\/pai-e-filho-morrem-em-acidente-horas-antes-do-casamento-em-campina-grande\/","og_locale":"pt_BR","og_type":"article","og_title":"Pai e filho morrem em acidente horas antes do casamento em Campina Grande","og_description":"Trag\u00e9dia na BR-104: pai e filho morrem em acidente horas antes do casamento em Campina Grande Na manh\u00e3 de 22 de novembro de 2025, um grave acidente tirou a vida de um pai e seu filho em um trecho da BR-104, pr\u00f3ximo \u00e0 Campina Grande (PB). As duas v\u00edtimas, identificadas como Jos\u00e9 Valdir de Melo &hellip;","og_url":"https:\/\/mrnews.com.br\/index.php\/2025\/11\/23\/pai-e-filho-morrem-em-acidente-horas-antes-do-casamento-em-campina-grande\/","og_site_name":"MRNews","article_publisher":"https:\/\/www.facebook.com\/eaipahpah\/?locale2=pt_BR","article_published_time":"2025-11-23T23:11:58+00:00","og_image":[{"width":696,"height":365,"url":"https:\/\/mrnews.com.br\/wp-content\/uploads\/2022\/07\/LUTO-GLOBO.jpeg","type":"image\/jpeg"}],"author":"MR News","twitter_card":"summary_large_image","twitter_creator":"@conspirou","twitter_site":"@conspirou","twitter_misc":{"Escrito por":"MR News","Est. tempo de leitura":"5 minutos"},"schema":{"@context":"https:\/\/schema.org","@graph":[{"@type":"Article","@id":"https:\/\/mrnews.com.br\/index.php\/2025\/11\/23\/pai-e-filho-morrem-em-acidente-horas-antes-do-casamento-em-campina-grande\/#article","isPartOf":{"@id":"https:\/\/mrnews.com.br\/index.php\/2025\/11\/23\/pai-e-filho-morrem-em-acidente-horas-antes-do-casamento-em-campina-grande\/"},"author":{"name":"MR News","@id":"https:\/\/mrnews.com.br\/#\/schema\/person\/be3203154562a9f207407861cef7827b"},"headline":"Pai e filho morrem em acidente horas antes do casamento em Campina Grande","datePublished":"2025-11-23T23:11:58+00:00","mainEntityOfPage":{"@id":"https:\/\/mrnews.com.br\/index.php\/2025\/11\/23\/pai-e-filho-morrem-em-acidente-horas-antes-do-casamento-em-campina-grande\/"},"wordCount":1010,"commentCount":0,"publisher":{"@id":"https:\/\/mrnews.com.br\/#organization"},"image":{"@id":"https:\/\/mrnews.com.br\/index.php\/2025\/11\/23\/pai-e-filho-morrem-em-acidente-horas-antes-do-casamento-em-campina-grande\/#primaryimage"},"thumbnailUrl":"https:\/\/mrnews.com.br\/wp-content\/uploads\/2022\/07\/LUTO-GLOBO.jpeg","articleSection":["ENTRETENIMENTO","Esportes"],"inLanguage":"pt-BR","potentialAction":[{"@type":"CommentAction","name":"Comment","target":["https:\/\/mrnews.com.br\/index.php\/2025\/11\/23\/pai-e-filho-morrem-em-acidente-horas-antes-do-casamento-em-campina-grande\/#respond"]}]},{"@type":"WebPage","@id":"https:\/\/mrnews.com.br\/index.php\/2025\/11\/23\/pai-e-filho-morrem-em-acidente-horas-antes-do-casamento-em-campina-grande\/","url":"https:\/\/mrnews.com.br\/index.php\/2025\/11\/23\/pai-e-filho-morrem-em-acidente-horas-antes-do-casamento-em-campina-grande\/","name":"Pai e filho morrem em acidente horas antes do casamento em Campina Grande","isPartOf":{"@id":"https:\/\/mrnews.com.br\/#website"},"primaryImageOfPage":{"@id":"https:\/\/mrnews.com.br\/index.php\/2025\/11\/23\/pai-e-filho-morrem-em-acidente-horas-antes-do-casamento-em-campina-grande\/#primaryimage"},"image":{"@id":"https:\/\/mrnews.com.br\/index.php\/2025\/11\/23\/pai-e-filho-morrem-em-acidente-horas-antes-do-casamento-em-campina-grande\/#primaryimage"},"thumbnailUrl":"https:\/\/mrnews.com.br\/wp-content\/uploads\/2022\/07\/LUTO-GLOBO.jpeg","datePublished":"2025-11-23T23:11:58+00:00","breadcrumb":{"@id":"https:\/\/mrnews.com.br\/index.php\/2025\/11\/23\/pai-e-filho-morrem-em-acidente-horas-antes-do-casamento-em-campina-grande\/#breadcrumb"},"inLanguage":"pt-BR","potentialAction":[{"@type":"ReadAction","target":["https:\/\/mrnews.com.br\/index.php\/2025\/11\/23\/pai-e-filho-morrem-em-acidente-horas-antes-do-casamento-em-campina-grande\/"]}]},{"@type":"ImageObject","inLanguage":"pt-BR","@id":"https:\/\/mrnews.com.br\/index.php\/2025\/11\/23\/pai-e-filho-morrem-em-acidente-horas-antes-do-casamento-em-campina-grande\/#primaryimage","url":"https:\/\/mrnews.com.br\/wp-content\/uploads\/2022\/07\/LUTO-GLOBO.jpeg","contentUrl":"https:\/\/mrnews.com.br\/wp-content\/uploads\/2022\/07\/LUTO-GLOBO.jpeg","width":696,"height":365},{"@type":"BreadcrumbList","@id":"https:\/\/mrnews.com.br\/index.php\/2025\/11\/23\/pai-e-filho-morrem-em-acidente-horas-antes-do-casamento-em-campina-grande\/#breadcrumb","itemListElement":[{"@type":"ListItem","position":1,"name":"In\u00edcio","item":"https:\/\/mrnews.com.br\/"},{"@type":"ListItem","position":2,"name":"Pai e filho morrem em acidente horas antes do casamento em Campina Grande"}]},{"@type":"WebSite","@id":"https:\/\/mrnews.com.br\/#website","url":"https:\/\/mrnews.com.br\/","name":"MRNews","description":"MRNews Jogos de hoje da TV, transmiss\u00f5es ao vivo, Not\u00edcias de futebol, Jogos ao vivo, Lives, resumo de novelas, Programa\u00e7\u00e3o da Globo, A Fazenda e BBB","publisher":{"@id":"https:\/\/mrnews.com.br\/#organization"},"potentialAction":[{"@type":"SearchAction","target":{"@type":"EntryPoint","urlTemplate":"https:\/\/mrnews.com.br\/?s={search_term_string}"},"query-input":{"@type":"PropertyValueSpecification","valueRequired":true,"valueName":"search_term_string"}}],"inLanguage":"pt-BR"},{"@type":"Organization","@id":"https:\/\/mrnews.com.br\/#organization","name":"MRNews","url":"https:\/\/mrnews.com.br\/","logo":{"@type":"ImageObject","inLanguage":"pt-BR","@id":"https:\/\/mrnews.com.br\/#\/schema\/logo\/image\/","url":"https:\/\/mrnews.com.br\/wp-content\/uploads\/2026\/08\/MRNEws.png","contentUrl":"https:\/\/mrnews.com.br\/wp-content\/uploads\/2026\/08\/MRNEws.png","width":1254,"height":1254,"caption":"MRNews"},"image":{"@id":"https:\/\/mrnews.com.br\/#\/schema\/logo\/image\/"},"sameAs":["https:\/\/www.facebook.com\/eaipahpah\/?locale2=pt_BR","https:\/\/x.com\/conspirou","https:\/\/www.instagram.com\/eai_pahpah","https:\/\/br.pinterest.com\/mrnewsn\/boards\/","https:\/\/www.youtube.com\/channel\/UCacgnpznQ61fifLWr1tQ-vA?view_as=subscriber"]},{"@type":"Person","@id":"https:\/\/mrnews.com.br\/#\/schema\/person\/be3203154562a9f207407861cef7827b","name":"MR News","image":{"@type":"ImageObject","inLanguage":"pt-BR","@id":"https:\/\/secure.gravatar.com\/avatar\/04084e6d73c042b8646e7c17b494073bf0ede3ea13c7105cfc45cbbbc28385a4?s=96&d=monsterid&r=g","url":"https:\/\/secure.gravatar.com\/avatar\/04084e6d73c042b8646e7c17b494073bf0ede3ea13c7105cfc45cbbbc28385a4?s=96&d=monsterid&r=g","contentUrl":"https:\/\/secure.gravatar.com\/avatar\/04084e6d73c042b8646e7c17b494073bf0ede3ea13c7105cfc45cbbbc28385a4?s=96&d=monsterid&r=g","caption":"MR News"},"description":"Especializado em jornalismo colaborativo pela FTP em n\u00edvel de p\u00f3s-gradua\u00e7\u00e3o. suporte@oimeliga.combr","sameAs":["HUGO R.","Admin"],"url":"https:\/\/mrnews.com.br\/index.php\/author\/admin\/"}]}},"jetpack_sharing_enabled":true,"jetpack_shortlink":"https:\/\/wp.me\/pa2Qf7-1TKK","amp_enabled":true,"jetpack_featured_media_url":"https:\/\/mrnews.com.br\/wp-content\/uploads\/2022\/07\/LUTO-GLOBO.jpeg","_links":{"self":[{"href":"https:\/\/mrnews.com.br\/index.php\/wp-json\/wp\/v2\/posts\/452646","targetHints":{"allow":["GET"]}}],"collection":[{"href":"https:\/\/mrnews.com.br\/index.php\/wp-json\/wp\/v2\/posts"}],"about":[{"href":"https:\/\/mrnews.com.br\/index.php\/wp-json\/wp\/v2\/types\/post"}],"author":[{"embeddable":true,"href":"https:\/\/mrnews.com.br\/index.php\/wp-json\/wp\/v2\/users\/1"}],"replies":[{"embeddable":true,"href":"https:\/\/mrnews.com.br\/index.php\/wp-json\/wp\/v2\/comments?post=452646"}],"version-history":[{"count":1,"href":"https:\/\/mrnews.com.br\/index.php\/wp-json\/wp\/v2\/posts\/452646\/revisions"}],"predecessor-version":[{"id":452647,"href":"https:\/\/mrnews.com.br\/index.php\/wp-json\/wp\/v2\/posts\/452646\/revisions\/452647"}],"wp:featuredmedia":[{"embeddable":true,"href":"https:\/\/mrnews.com.br\/index.php\/wp-json\/wp\/v2\/media\/358368"}],"wp:attachment":[{"href":"https:\/\/mrnews.com.br\/index.php\/wp-json\/wp\/v2\/media?parent=452646"}],"wp:term":[{"taxonomy":"category","embeddable":true,"href":"https:\/\/mrnews.com.br\/index.php\/wp-json\/wp\/v2\/categories?post=452646"},{"taxonomy":"post_tag","embeddable":true,"href":"https:\/\/mrnews.com.br\/index.php\/wp-json\/wp\/v2\/tags?post=452646"}],"curies":[{"name":"wp","href":"https:\/\/api.w.org\/{rel}","templated":true}]}}