{"id":452818,"date":"2025-11-27T21:48:14","date_gmt":"2025-11-28T00:48:14","guid":{"rendered":"https:\/\/mrnews.com.br\/index.php\/2025\/11\/27\/agencia-determina-retirada-do-mercado-de-vinagre-de-maca\/"},"modified":"2025-11-27T21:48:14","modified_gmt":"2025-11-28T00:48:14","slug":"agencia-determina-retirada-do-mercado-de-vinagre-de-maca","status":"publish","type":"post","link":"https:\/\/mrnews.com.br\/index.php\/2025\/11\/27\/agencia-determina-retirada-do-mercado-de-vinagre-de-maca\/","title":{"rendered":"Ag\u00eancia determina retirada do mercado de vinagre de ma\u00e7\u00e3"},"content":{"rendered":"<p>Por EBC, <\/p>\n<div>\n<p><strong>A Ag\u00eancia Nacional de Vigil\u00e2ncia Sanit\u00e1ria (Anvisa) determinou o recolhimento do vinagre de ma\u00e7\u00e3\u00a0da marca Castelo. O item tamb\u00e9m teve a sua comercializa\u00e7\u00e3o, distribui\u00e7\u00e3o e consumo suspensos.\u00a0<\/strong><\/p>\n<p>O laudo de an\u00e1lise fiscal definitivo &#8211;\u00a0emitido pelo Laborat\u00f3rio Central de Sa\u00fade P\u00fablica (Lacen) do Distrito Federal &#8211;\u00a0reprovou o\u00a0vinagre de ma\u00e7\u00e3 Castelo no ensaio de pesquisa quantitativa de di\u00f3xido de enxofre.<\/p>\n<p>De acordo com a avalia\u00e7\u00e3o, o produto apresentou uma quantidade\u00a0da subst\u00e2ncia que\u00a0n\u00e3o est\u00e1 informada\u00a0em seu r\u00f3tulo. A decis\u00e3o foi anunciada nessa quarta-feira (26).<\/p>\n<p><strong>\u201cA presen\u00e7a de di\u00f3xido de enxofre em alimentos, principalmente se n\u00e3o estiver identificada, pode provocar rea\u00e7\u00f5es al\u00e9rgicas em pessoas sens\u00edveis a esse composto qu\u00edmico\u201d, explicou a Anvisa.\u00a0<\/strong><\/p>\n<p>Em comunicado, nas redes sociais, a marca Castelo Alimentos informou que est\u00e1 recolhendo os produtos do lote 12M2. O consumidor que tiver o produto em casa deve entrar em contato pelo e-mail sacc@casteloalimentos.com.br<\/p>\n<h2>P\u00f3 para bebida\u00a0<\/h2>\n<p>O p\u00f3 para preparo de bebida vegetal\u00a0da marca <em>Livestrong\/Essential\u00a0Nutrition<\/em>\u00a0tamb\u00e9m sofreu a\u00e7\u00e3o fiscal e ser\u00e1 recolhido por decis\u00e3o da Anvisa. O produto da empresa INP Ind\u00fastria de Alimentos teve suspensas a sua\u00a0comercializa\u00e7\u00e3o, distribui\u00e7\u00e3o, fabrica\u00e7\u00e3o, divulga\u00e7\u00e3o e consumo.<\/p>\n<p><strong>O produto est\u00e1 irregular porque cont\u00e9m prote\u00edna de fava hidrolisada, que ainda n\u00e3o teve a sua seguran\u00e7a\u00a0avaliada\u00a0para uso\u00a0em alimentos.<\/strong><\/p>\n<h2>Picol\u00e9 com creatina<\/h2>\n<p><strong>Outro item retirado do mercado pela a\u00e7\u00e3o de fiscaliza\u00e7\u00e3o\u00a0da Anvisa \u00e9 o Picol\u00e9 de A\u00e7a\u00ed, Guaran\u00e1 e Canela Naturalle Ice, da empresa J M J Re Torres Ind\u00fastria de Alimentos Ltda.\u00a0<\/strong><\/p>\n<p>Da mesma forma, foram suspensas a comercializa\u00e7\u00e3o, distribui\u00e7\u00e3o, fabrica\u00e7\u00e3o,\u00a0divulga\u00e7\u00e3o e consumo do\u00a0produto.\u00a0<\/p>\n<p><strong>A creatina tamb\u00e9m n\u00e3o teve a sua seguran\u00e7a avaliada para utiliza\u00e7\u00e3o em alimentos, sendo autorizada apenas em forma de suplementos voltados\u00a0ao p\u00fablico adulto. \u00a0<\/strong><\/p>\n<p>      <!-- Relacionada --><\/p>\n<p>            <!-- Relacionada -->\n    <\/div>\n","protected":false},"excerpt":{"rendered":"<p>Por EBC, A Ag\u00eancia Nacional de Vigil\u00e2ncia Sanit\u00e1ria (Anvisa) determinou o recolhimento do vinagre de ma\u00e7\u00e3\u00a0da marca Castelo. O item tamb\u00e9m teve a sua comercializa\u00e7\u00e3o, distribui\u00e7\u00e3o e consumo suspensos.\u00a0 O laudo de an\u00e1lise fiscal definitivo &#8211;\u00a0emitido pelo Laborat\u00f3rio Central de Sa\u00fade P\u00fablica (Lacen) do Distrito Federal &#8211;\u00a0reprovou o\u00a0vinagre de ma\u00e7\u00e3 Castelo no ensaio de pesquisa &hellip;<\/p>\n","protected":false},"author":1,"featured_media":0,"comment_status":"open","ping_status":"open","sticky":false,"template":"","format":"standard","meta":{"_jetpack_newsletter_access":"","_jetpack_dont_email_post_to_subs":false,"_jetpack_newsletter_tier_id":0,"_jetpack_memberships_contains_paywalled_content":false,"_jetpack_feature_clip_id":0,"_jetpack_memberships_contains_paid_content":false,"footnotes":"","jetpack_post_was_ever_published":false},"categories":[2,12225,4],"tags":[],"class_list":["post-452818","post","type-post","status-publish","format-standard","hentry","category-entretenimento","category-noticias","category-servicos"],"yoast_head":"<!-- This site is optimized with the Yoast SEO plugin v28.4 - https:\/\/yoast.com\/product\/yoast-seo-wordpress\/ -->\n<title>Ag\u00eancia determina retirada do mercado de vinagre de ma\u00e7\u00e3<\/title>\n<meta name=\"robots\" content=\"index, follow, max-snippet:-1, max-image-preview:large, max-video-preview:-1\" \/>\n<link rel=\"canonical\" href=\"https:\/\/mrnews.com.br\/index.php\/2025\/11\/27\/agencia-determina-retirada-do-mercado-de-vinagre-de-maca\/\" \/>\n<meta property=\"og:locale\" content=\"pt_BR\" \/>\n<meta property=\"og:type\" content=\"article\" \/>\n<meta property=\"og:title\" content=\"Ag\u00eancia determina retirada do mercado de vinagre de ma\u00e7\u00e3\" \/>\n<meta property=\"og:description\" content=\"Por EBC, A Ag\u00eancia Nacional de Vigil\u00e2ncia Sanit\u00e1ria (Anvisa) determinou o recolhimento do vinagre de ma\u00e7\u00e3\u00a0da marca Castelo. O item tamb\u00e9m teve a sua comercializa\u00e7\u00e3o, distribui\u00e7\u00e3o e consumo suspensos.\u00a0 O laudo de an\u00e1lise fiscal definitivo &#8211;\u00a0emitido pelo Laborat\u00f3rio Central de Sa\u00fade P\u00fablica (Lacen) do Distrito Federal &#8211;\u00a0reprovou o\u00a0vinagre de ma\u00e7\u00e3 Castelo no ensaio de pesquisa &hellip;\" \/>\n<meta property=\"og:url\" content=\"https:\/\/mrnews.com.br\/index.php\/2025\/11\/27\/agencia-determina-retirada-do-mercado-de-vinagre-de-maca\/\" \/>\n<meta property=\"og:site_name\" content=\"MRNews\" \/>\n<meta property=\"article:publisher\" content=\"https:\/\/www.facebook.com\/eaipahpah\/?locale2=pt_BR\" \/>\n<meta property=\"article:published_time\" content=\"2025-11-28T00:48:14+00:00\" \/>\n<meta name=\"author\" content=\"MR News\" \/>\n<meta name=\"twitter:card\" content=\"summary_large_image\" \/>\n<meta name=\"twitter:creator\" content=\"@conspirou\" \/>\n<meta name=\"twitter:site\" content=\"@conspirou\" \/>\n<meta name=\"twitter:label1\" content=\"Escrito por\" \/>\n\t<meta name=\"twitter:data1\" content=\"MR News\" \/>\n\t<meta name=\"twitter:label2\" content=\"Est. tempo de leitura\" \/>\n\t<meta name=\"twitter:data2\" content=\"2 minutos\" \/>\n<script type=\"application\/ld+json\" class=\"yoast-schema-graph\">{\"@context\":\"https:\\\/\\\/schema.org\",\"@graph\":[{\"@type\":\"Article\",\"@id\":\"https:\\\/\\\/mrnews.com.br\\\/index.php\\\/2025\\\/11\\\/27\\\/agencia-determina-retirada-do-mercado-de-vinagre-de-maca\\\/#article\",\"isPartOf\":{\"@id\":\"https:\\\/\\\/mrnews.com.br\\\/index.php\\\/2025\\\/11\\\/27\\\/agencia-determina-retirada-do-mercado-de-vinagre-de-maca\\\/\"},\"author\":{\"name\":\"MR News\",\"@id\":\"https:\\\/\\\/mrnews.com.br\\\/#\\\/schema\\\/person\\\/be3203154562a9f207407861cef7827b\"},\"headline\":\"Ag\u00eancia determina retirada do mercado de vinagre de ma\u00e7\u00e3\",\"datePublished\":\"2025-11-28T00:48:14+00:00\",\"mainEntityOfPage\":{\"@id\":\"https:\\\/\\\/mrnews.com.br\\\/index.php\\\/2025\\\/11\\\/27\\\/agencia-determina-retirada-do-mercado-de-vinagre-de-maca\\\/\"},\"wordCount\":348,\"commentCount\":0,\"publisher\":{\"@id\":\"https:\\\/\\\/mrnews.com.br\\\/#organization\"},\"articleSection\":[\"ENTRETENIMENTO\",\"NOTICIAS\",\"SERVI\u00c7OS\"],\"inLanguage\":\"pt-BR\",\"potentialAction\":[{\"@type\":\"CommentAction\",\"name\":\"Comment\",\"target\":[\"https:\\\/\\\/mrnews.com.br\\\/index.php\\\/2025\\\/11\\\/27\\\/agencia-determina-retirada-do-mercado-de-vinagre-de-maca\\\/#respond\"]}]},{\"@type\":\"WebPage\",\"@id\":\"https:\\\/\\\/mrnews.com.br\\\/index.php\\\/2025\\\/11\\\/27\\\/agencia-determina-retirada-do-mercado-de-vinagre-de-maca\\\/\",\"url\":\"https:\\\/\\\/mrnews.com.br\\\/index.php\\\/2025\\\/11\\\/27\\\/agencia-determina-retirada-do-mercado-de-vinagre-de-maca\\\/\",\"name\":\"Ag\u00eancia determina retirada do mercado de vinagre de ma\u00e7\u00e3\",\"isPartOf\":{\"@id\":\"https:\\\/\\\/mrnews.com.br\\\/#website\"},\"datePublished\":\"2025-11-28T00:48:14+00:00\",\"breadcrumb\":{\"@id\":\"https:\\\/\\\/mrnews.com.br\\\/index.php\\\/2025\\\/11\\\/27\\\/agencia-determina-retirada-do-mercado-de-vinagre-de-maca\\\/#breadcrumb\"},\"inLanguage\":\"pt-BR\",\"potentialAction\":[{\"@type\":\"ReadAction\",\"target\":[\"https:\\\/\\\/mrnews.com.br\\\/index.php\\\/2025\\\/11\\\/27\\\/agencia-determina-retirada-do-mercado-de-vinagre-de-maca\\\/\"]}]},{\"@type\":\"BreadcrumbList\",\"@id\":\"https:\\\/\\\/mrnews.com.br\\\/index.php\\\/2025\\\/11\\\/27\\\/agencia-determina-retirada-do-mercado-de-vinagre-de-maca\\\/#breadcrumb\",\"itemListElement\":[{\"@type\":\"ListItem\",\"position\":1,\"name\":\"In\u00edcio\",\"item\":\"https:\\\/\\\/mrnews.com.br\\\/\"},{\"@type\":\"ListItem\",\"position\":2,\"name\":\"Ag\u00eancia determina retirada do mercado de vinagre de ma\u00e7\u00e3\"}]},{\"@type\":\"WebSite\",\"@id\":\"https:\\\/\\\/mrnews.com.br\\\/#website\",\"url\":\"https:\\\/\\\/mrnews.com.br\\\/\",\"name\":\"MRNews\",\"description\":\"MRNews Jogos de hoje da TV, transmiss\u00f5es ao vivo, Not\u00edcias de futebol, Jogos ao vivo, Lives, resumo de novelas, Programa\u00e7\u00e3o da Globo, A Fazenda e BBB\",\"publisher\":{\"@id\":\"https:\\\/\\\/mrnews.com.br\\\/#organization\"},\"potentialAction\":[{\"@type\":\"SearchAction\",\"target\":{\"@type\":\"EntryPoint\",\"urlTemplate\":\"https:\\\/\\\/mrnews.com.br\\\/?s={search_term_string}\"},\"query-input\":{\"@type\":\"PropertyValueSpecification\",\"valueRequired\":true,\"valueName\":\"search_term_string\"}}],\"inLanguage\":\"pt-BR\"},{\"@type\":\"Organization\",\"@id\":\"https:\\\/\\\/mrnews.com.br\\\/#organization\",\"name\":\"MRNews\",\"url\":\"https:\\\/\\\/mrnews.com.br\\\/\",\"logo\":{\"@type\":\"ImageObject\",\"inLanguage\":\"pt-BR\",\"@id\":\"https:\\\/\\\/mrnews.com.br\\\/#\\\/schema\\\/logo\\\/image\\\/\",\"url\":\"https:\\\/\\\/mrnews.com.br\\\/wp-content\\\/uploads\\\/2026\\\/08\\\/MRNEws.png\",\"contentUrl\":\"https:\\\/\\\/mrnews.com.br\\\/wp-content\\\/uploads\\\/2026\\\/08\\\/MRNEws.png\",\"width\":1254,\"height\":1254,\"caption\":\"MRNews\"},\"image\":{\"@id\":\"https:\\\/\\\/mrnews.com.br\\\/#\\\/schema\\\/logo\\\/image\\\/\"},\"sameAs\":[\"https:\\\/\\\/www.facebook.com\\\/eaipahpah\\\/?locale2=pt_BR\",\"https:\\\/\\\/x.com\\\/conspirou\",\"https:\\\/\\\/www.instagram.com\\\/eai_pahpah\",\"https:\\\/\\\/br.pinterest.com\\\/mrnewsn\\\/boards\\\/\",\"https:\\\/\\\/www.youtube.com\\\/channel\\\/UCacgnpznQ61fifLWr1tQ-vA?view_as=subscriber\"]},{\"@type\":\"Person\",\"@id\":\"https:\\\/\\\/mrnews.com.br\\\/#\\\/schema\\\/person\\\/be3203154562a9f207407861cef7827b\",\"name\":\"MR News\",\"image\":{\"@type\":\"ImageObject\",\"inLanguage\":\"pt-BR\",\"@id\":\"https:\\\/\\\/secure.gravatar.com\\\/avatar\\\/04084e6d73c042b8646e7c17b494073bf0ede3ea13c7105cfc45cbbbc28385a4?s=96&d=monsterid&r=g\",\"url\":\"https:\\\/\\\/secure.gravatar.com\\\/avatar\\\/04084e6d73c042b8646e7c17b494073bf0ede3ea13c7105cfc45cbbbc28385a4?s=96&d=monsterid&r=g\",\"contentUrl\":\"https:\\\/\\\/secure.gravatar.com\\\/avatar\\\/04084e6d73c042b8646e7c17b494073bf0ede3ea13c7105cfc45cbbbc28385a4?s=96&d=monsterid&r=g\",\"caption\":\"MR News\"},\"description\":\"Especializado em jornalismo colaborativo pela FTP em n\u00edvel de p\u00f3s-gradua\u00e7\u00e3o. suporte@oimeliga.combr\",\"sameAs\":[\"HUGO R.\",\"Admin\"],\"url\":\"https:\\\/\\\/mrnews.com.br\\\/index.php\\\/author\\\/admin\\\/\"}]}<\/script>\n<!-- \/ Yoast SEO plugin. -->","yoast_head_json":{"title":"Ag\u00eancia determina retirada do mercado de vinagre de ma\u00e7\u00e3","robots":{"index":"index","follow":"follow","max-snippet":"max-snippet:-1","max-image-preview":"max-image-preview:large","max-video-preview":"max-video-preview:-1"},"canonical":"https:\/\/mrnews.com.br\/index.php\/2025\/11\/27\/agencia-determina-retirada-do-mercado-de-vinagre-de-maca\/","og_locale":"pt_BR","og_type":"article","og_title":"Ag\u00eancia determina retirada do mercado de vinagre de ma\u00e7\u00e3","og_description":"Por EBC, A Ag\u00eancia Nacional de Vigil\u00e2ncia Sanit\u00e1ria (Anvisa) determinou o recolhimento do vinagre de ma\u00e7\u00e3\u00a0da marca Castelo. O item tamb\u00e9m teve a sua comercializa\u00e7\u00e3o, distribui\u00e7\u00e3o e consumo suspensos.\u00a0 O laudo de an\u00e1lise fiscal definitivo &#8211;\u00a0emitido pelo Laborat\u00f3rio Central de Sa\u00fade P\u00fablica (Lacen) do Distrito Federal &#8211;\u00a0reprovou o\u00a0vinagre de ma\u00e7\u00e3 Castelo no ensaio de pesquisa &hellip;","og_url":"https:\/\/mrnews.com.br\/index.php\/2025\/11\/27\/agencia-determina-retirada-do-mercado-de-vinagre-de-maca\/","og_site_name":"MRNews","article_publisher":"https:\/\/www.facebook.com\/eaipahpah\/?locale2=pt_BR","article_published_time":"2025-11-28T00:48:14+00:00","author":"MR News","twitter_card":"summary_large_image","twitter_creator":"@conspirou","twitter_site":"@conspirou","twitter_misc":{"Escrito por":"MR News","Est. tempo de leitura":"2 minutos"},"schema":{"@context":"https:\/\/schema.org","@graph":[{"@type":"Article","@id":"https:\/\/mrnews.com.br\/index.php\/2025\/11\/27\/agencia-determina-retirada-do-mercado-de-vinagre-de-maca\/#article","isPartOf":{"@id":"https:\/\/mrnews.com.br\/index.php\/2025\/11\/27\/agencia-determina-retirada-do-mercado-de-vinagre-de-maca\/"},"author":{"name":"MR News","@id":"https:\/\/mrnews.com.br\/#\/schema\/person\/be3203154562a9f207407861cef7827b"},"headline":"Ag\u00eancia determina retirada do mercado de vinagre de ma\u00e7\u00e3","datePublished":"2025-11-28T00:48:14+00:00","mainEntityOfPage":{"@id":"https:\/\/mrnews.com.br\/index.php\/2025\/11\/27\/agencia-determina-retirada-do-mercado-de-vinagre-de-maca\/"},"wordCount":348,"commentCount":0,"publisher":{"@id":"https:\/\/mrnews.com.br\/#organization"},"articleSection":["ENTRETENIMENTO","NOTICIAS","SERVI\u00c7OS"],"inLanguage":"pt-BR","potentialAction":[{"@type":"CommentAction","name":"Comment","target":["https:\/\/mrnews.com.br\/index.php\/2025\/11\/27\/agencia-determina-retirada-do-mercado-de-vinagre-de-maca\/#respond"]}]},{"@type":"WebPage","@id":"https:\/\/mrnews.com.br\/index.php\/2025\/11\/27\/agencia-determina-retirada-do-mercado-de-vinagre-de-maca\/","url":"https:\/\/mrnews.com.br\/index.php\/2025\/11\/27\/agencia-determina-retirada-do-mercado-de-vinagre-de-maca\/","name":"Ag\u00eancia determina retirada do mercado de vinagre de ma\u00e7\u00e3","isPartOf":{"@id":"https:\/\/mrnews.com.br\/#website"},"datePublished":"2025-11-28T00:48:14+00:00","breadcrumb":{"@id":"https:\/\/mrnews.com.br\/index.php\/2025\/11\/27\/agencia-determina-retirada-do-mercado-de-vinagre-de-maca\/#breadcrumb"},"inLanguage":"pt-BR","potentialAction":[{"@type":"ReadAction","target":["https:\/\/mrnews.com.br\/index.php\/2025\/11\/27\/agencia-determina-retirada-do-mercado-de-vinagre-de-maca\/"]}]},{"@type":"BreadcrumbList","@id":"https:\/\/mrnews.com.br\/index.php\/2025\/11\/27\/agencia-determina-retirada-do-mercado-de-vinagre-de-maca\/#breadcrumb","itemListElement":[{"@type":"ListItem","position":1,"name":"In\u00edcio","item":"https:\/\/mrnews.com.br\/"},{"@type":"ListItem","position":2,"name":"Ag\u00eancia determina retirada do mercado de vinagre de ma\u00e7\u00e3"}]},{"@type":"WebSite","@id":"https:\/\/mrnews.com.br\/#website","url":"https:\/\/mrnews.com.br\/","name":"MRNews","description":"MRNews Jogos de hoje da TV, transmiss\u00f5es ao vivo, Not\u00edcias de futebol, Jogos ao vivo, Lives, resumo de novelas, Programa\u00e7\u00e3o da Globo, A Fazenda e BBB","publisher":{"@id":"https:\/\/mrnews.com.br\/#organization"},"potentialAction":[{"@type":"SearchAction","target":{"@type":"EntryPoint","urlTemplate":"https:\/\/mrnews.com.br\/?s={search_term_string}"},"query-input":{"@type":"PropertyValueSpecification","valueRequired":true,"valueName":"search_term_string"}}],"inLanguage":"pt-BR"},{"@type":"Organization","@id":"https:\/\/mrnews.com.br\/#organization","name":"MRNews","url":"https:\/\/mrnews.com.br\/","logo":{"@type":"ImageObject","inLanguage":"pt-BR","@id":"https:\/\/mrnews.com.br\/#\/schema\/logo\/image\/","url":"https:\/\/mrnews.com.br\/wp-content\/uploads\/2026\/08\/MRNEws.png","contentUrl":"https:\/\/mrnews.com.br\/wp-content\/uploads\/2026\/08\/MRNEws.png","width":1254,"height":1254,"caption":"MRNews"},"image":{"@id":"https:\/\/mrnews.com.br\/#\/schema\/logo\/image\/"},"sameAs":["https:\/\/www.facebook.com\/eaipahpah\/?locale2=pt_BR","https:\/\/x.com\/conspirou","https:\/\/www.instagram.com\/eai_pahpah","https:\/\/br.pinterest.com\/mrnewsn\/boards\/","https:\/\/www.youtube.com\/channel\/UCacgnpznQ61fifLWr1tQ-vA?view_as=subscriber"]},{"@type":"Person","@id":"https:\/\/mrnews.com.br\/#\/schema\/person\/be3203154562a9f207407861cef7827b","name":"MR News","image":{"@type":"ImageObject","inLanguage":"pt-BR","@id":"https:\/\/secure.gravatar.com\/avatar\/04084e6d73c042b8646e7c17b494073bf0ede3ea13c7105cfc45cbbbc28385a4?s=96&d=monsterid&r=g","url":"https:\/\/secure.gravatar.com\/avatar\/04084e6d73c042b8646e7c17b494073bf0ede3ea13c7105cfc45cbbbc28385a4?s=96&d=monsterid&r=g","contentUrl":"https:\/\/secure.gravatar.com\/avatar\/04084e6d73c042b8646e7c17b494073bf0ede3ea13c7105cfc45cbbbc28385a4?s=96&d=monsterid&r=g","caption":"MR News"},"description":"Especializado em jornalismo colaborativo pela FTP em n\u00edvel de p\u00f3s-gradua\u00e7\u00e3o. suporte@oimeliga.combr","sameAs":["HUGO R.","Admin"],"url":"https:\/\/mrnews.com.br\/index.php\/author\/admin\/"}]}},"jetpack_sharing_enabled":true,"jetpack_shortlink":"https:\/\/wp.me\/pa2Qf7-1TNw","amp_enabled":true,"jetpack_featured_media_url":"","_links":{"self":[{"href":"https:\/\/mrnews.com.br\/index.php\/wp-json\/wp\/v2\/posts\/452818","targetHints":{"allow":["GET"]}}],"collection":[{"href":"https:\/\/mrnews.com.br\/index.php\/wp-json\/wp\/v2\/posts"}],"about":[{"href":"https:\/\/mrnews.com.br\/index.php\/wp-json\/wp\/v2\/types\/post"}],"author":[{"embeddable":true,"href":"https:\/\/mrnews.com.br\/index.php\/wp-json\/wp\/v2\/users\/1"}],"replies":[{"embeddable":true,"href":"https:\/\/mrnews.com.br\/index.php\/wp-json\/wp\/v2\/comments?post=452818"}],"version-history":[{"count":0,"href":"https:\/\/mrnews.com.br\/index.php\/wp-json\/wp\/v2\/posts\/452818\/revisions"}],"wp:attachment":[{"href":"https:\/\/mrnews.com.br\/index.php\/wp-json\/wp\/v2\/media?parent=452818"}],"wp:term":[{"taxonomy":"category","embeddable":true,"href":"https:\/\/mrnews.com.br\/index.php\/wp-json\/wp\/v2\/categories?post=452818"},{"taxonomy":"post_tag","embeddable":true,"href":"https:\/\/mrnews.com.br\/index.php\/wp-json\/wp\/v2\/tags?post=452818"}],"curies":[{"name":"wp","href":"https:\/\/api.w.org\/{rel}","templated":true}]}}