{"id":453074,"date":"2025-12-04T13:30:14","date_gmt":"2025-12-04T16:30:14","guid":{"rendered":"https:\/\/mrnews.com.br\/index.php\/2025\/12\/04\/nova-certidao-retificada-traz-alivio-a-familias-de-vitimas-da-ditadura\/"},"modified":"2025-12-04T13:30:14","modified_gmt":"2025-12-04T16:30:14","slug":"nova-certidao-retificada-traz-alivio-a-familias-de-vitimas-da-ditadura","status":"publish","type":"post","link":"https:\/\/mrnews.com.br\/index.php\/2025\/12\/04\/nova-certidao-retificada-traz-alivio-a-familias-de-vitimas-da-ditadura\/","title":{"rendered":"Nova certid\u00e3o retificada traz al\u00edvio a fam\u00edlias de v\u00edtimas da ditadura"},"content":{"rendered":"<p>Por EBC, <\/p>\n<div>\n<p>Os olhos da ex-lavradora Maria de F\u00e1tima Marinelli, de 68 anos, molhavam a camiseta branca com a foto do amor de sua vida, o trabalhador rural Nativo da Natividade de Oliveira. Ex-cortadora de cana-de-a\u00e7\u00facar, ela tomou especial cuidado\u00a0para n\u00e3o molhar o documento que tinha acabado de receber\u00a0nessa\u00a0quarta-feira (3): a certid\u00e3o de \u00f3bito retificada do marido.\u00a0<br \/>\u00a0<\/p>\n<div class=\"dnd-widget-wrapper context-cheio_8colunas type-image\">\n<div class=\"dnd-atom-rendered\"><!-- scald=447022:cheio_8colunas --><\/p>\n<p>    <!-- END scald=447022 --><\/div>\n<p><h6 class=\"meta\">Maria de F\u00e1tima Marinelli, de 68 anos, recebe certid\u00e3o de \u00f3bito retificada do marido Nativo de Oliveira,\u00a0\u00a0morto na ditadura &#8211;\u00a0Foto\u00a0<strong>Luiz Cl\u00e1udio\/Ag\u00eancia Brasil<\/strong><!--END copyright=447022--><\/h6>\n<\/p>\n<\/div>\n<p><strong>No documento,\u00a0o governo brasileiro admite que Oliveira foi assassinado por um agente do Executivo.\u00a0<\/strong><\/p>\n<blockquote>\n<p>\u201cMorte n\u00e3o natural, violenta, causada pelo Estado brasileiro no contexto da persegui\u00e7\u00e3o sistem\u00e1tica \u00e0 popula\u00e7\u00e3o\u00a0identificada como dissidente pol\u00edtica por regime ditatorial instaurado em 1964\u201d, diz\u00a0a certid\u00e3o, entregue em evento no Minist\u00e9rio dos Direitos Humanos e da Cidadania.<\/p>\n<\/blockquote>\n<p>Oliveira\u00a0era ativista na d\u00e9cada de 1970 e representante dos trabalhadores em Carmo do Rio Verde (GO). Ele foi assassinado em 1985, \u00faltimo ano da ditadura no Brasil. Segundo a investiga\u00e7\u00e3o da \u00e9poca, documentada pela Comiss\u00e3o Nacional da Verdade (CNV, p\u00e1gina 1990), o executor foi um pistoleiro da regi\u00e3o e o mandante teria sido o ent\u00e3o prefeito da cidade,\u00a0Roberto Pascoal Li\u00e9gio.<\/p>\n<p><strong>Maria de F\u00e1tima recebeu o novo documento das m\u00e3os da ministra Maca\u00e9 Evaristo o que trouxe emo\u00e7\u00f5es fortes e tamb\u00e9m al\u00edvio para a fam\u00edlia inteira<\/strong>.<\/p>\n<blockquote>\n<p>\u201cA morte do meu marido \u00e9 de uma dor que n\u00e3o sei explicar. Esse atestado \u00e9 muito especial pra gente porque s\u00f3 n\u00f3s sabemos o que passamos\u201d, diz a vi\u00fava.<\/p>\n<\/blockquote>\n<p>Os dois filhos eram crian\u00e7as na \u00e9poca, e a fam\u00edlia passou por priva\u00e7\u00f5es.\u00a0<\/p>\n<p>Como o executor foi um pistoleiro, demorou para que houvesse v\u00ednculo da morte a um agente do Estado. As crian\u00e7as, inclusive, acabaram ajudando na lida na ro\u00e7a para sobreviver.\u00a0<\/p>\n<p><strong>Hoje, os filhos\u00a0Eduardo, de 51 anos, e Luciane Rodrigues, de 52, recordam que o pai era muito amea\u00e7ado porque organizava os trabalhadores e isso contrariava os propriet\u00e1rios de terra.<\/strong> \u201cN\u00e3o pudemos fazer o que meu pai queria.\u00a0Ele pedia para a gente estudar\u201d, diz Eduardo, que \u00e9 servidor. Luciane, que trabalha como costureira, afirma\u00a0que precisou sair da cidade na \u00e9poca porque\u00a0n\u00e3o conseguia\u00a0emprego em lugar algum.\u00a0<\/p>\n<p><strong>Al\u00e9m deles, mais\u00a027 fam\u00edlias de v\u00edtimas de ditadura receberam a certid\u00e3o de \u00f3bito retificada. <\/strong><\/p>\n<p><strong>A ministra Maca\u00e9 Evaristo disse aos descendentes, amigos e representantes das pessoas mortas e desaparecidas que a luta pelo direito \u00e0 mem\u00f3ria, \u00e0 verdade, \u00e0 justi\u00e7a e \u00e0 repara\u00e7\u00e3o n\u00e3o deve ser uma pauta apenas de governo, mas da sociedade brasileira.<\/strong> Os familiares das v\u00edtimas pedem que mais documentos relativos \u00e0 ditadura sejam tornado p\u00fablicos para o pa\u00eds.<\/p>\n<p>Ao todo, pelo menos 434 pessoas foram consideradas mortas em fun\u00e7\u00e3o da luta\u00a0contra a ditadura. Maca\u00e9 defendeu que \u00e9 preciso contar e recontar todos os dias o que se passou no per\u00edodo de opress\u00e3o para que o Brasil n\u00e3o tenha d\u00favida sobre as viola\u00e7\u00f5es de direitos que ocorreram.\u00a0Ela lembrou que j\u00e1 foram entregues 63 certid\u00f5es em Minas Gerais e 102 em S\u00e3o Paulo.\u00a0<\/p>\n<blockquote>\n<p>\u201cA anota\u00e7\u00e3o da causa da morte, em decorr\u00eancia de graves viola\u00e7\u00f5es de direitos humanos geradas pelo Estado brasileiro, \u00e9 a resposta da democracia contra a opress\u00e3o\u201d.<\/p>\n<\/blockquote>\n<p>A presidente da Comiss\u00e3o Especial de Mortos e Desaparecidos Pol\u00edticos, Eug\u00eania Gonzaga, disse que est\u00e3o previstas pelo menos mais duas entregas de certid\u00f5es retificadas no ano que\u00a0vem.\u00a0<\/p>\n<p><strong>Ela destacou que o ato honra a mem\u00f3ria das mulheres e homens que lutaram contra a opress\u00e3o e foram comprometidos com o ideal maior de justi\u00e7a social.<\/strong><\/p>\n<blockquote>\n<p>\u201c\u00c9 a mem\u00f3ria deles que sempre ser\u00e1 lembrada e homenageada. J\u00e1 os donos dos coturnos e burocratas que os pisotearam, eles ser\u00e3o lembrados apenas no\u00a0lixo da hist\u00f3ria\u201d, afirmou.\u00a0<\/p>\n<\/blockquote>\n<p><strong>A presidente da comiss\u00e3o destaca\u00a0que o caminho para respeitar a mem\u00f3ria das v\u00edtimas e de suas fam\u00edlias tem ocorrido\u00a0passo a passo desde 1995, quando a Lei 9.140 reconheceu como mortas as pessoas que estavam desaparecidas no regime militar.<\/strong><\/p>\n<div class=\"dnd-widget-wrapper context-cheio_8colunas type-image\">\n<div class=\"dnd-atom-rendered\"><!-- scald=399408:cheio_8colunas --><\/p>\n<p>    <!-- END scald=399408 --><\/div>\n<p><h6 class=\"meta\">A presidente da Comiss\u00e3o Especial de Mortos e Desaparecidos Pol\u00edticos, Eug\u00eania Gonzaga &#8211; Foto\u00a0<strong>Bruno Spada\/C\u00e2mara dos Deputados<\/strong><!--END copyright=399408--><\/h6>\n<\/p>\n<\/div>\n<p>Entre os desaparecidos est\u00e1 Demerval da Silva Pereira,\u00a0morto em janeiro de 1974, no Araguaia. No evento de quarta-feira, em Bras\u00edlia, a sobrinha dele, a advogada baiana Andr\u00e9ia Pereira lembrou\u00a0que a fam\u00edlia sofreu \u201cterrivelmente\u201d com a aus\u00eancia e com a falta de informa\u00e7\u00e3o.\u00a0<\/p>\n<p>Ap\u00f3s a captura de Demerval, ela explica que a tristeza tomou conta da casa. O pai dela sofreu de depress\u00e3o e a av\u00f3 tamb\u00e9m. Ambos morreram. Depois que Andr\u00e9ia entrou para a faculdade, passou a procurar saber sobre a brutalidade e as informa\u00e7\u00f5es dispon\u00edveis sobre as torturas que o tio sofreu.<\/p>\n<blockquote>\n<p>\u201cN\u00e3o tenho mais esperan\u00e7a de encontrar o corpo dele, que\u00a0foi uma das primeiras pessoas a serem reconhecidas como v\u00edtimas da ditadura\u201d, disse, emocionada, a sobrinha.<\/p>\n<\/blockquote>\n<p><strong>No audit\u00f3rio do Minist\u00e9rio dos Direitos Humanos, onde foi entregue a certid\u00e3o retificada, os familiares olharam com saudade\u00a0as fotos pregadas na parede.<\/strong> Entre essas pessoas, a enfermeira Sueli Damasceno, de 72 anos, sorriu e chorou diante da imagem em preto e branco do irm\u00e3o, o oper\u00e1rio e estudante de medicina Jorge Apr\u00edgio de Paula.\u00a0<\/p>\n<div class=\"dnd-widget-wrapper context-cheio_8colunas type-image\">\n<div class=\"dnd-atom-rendered\"><!-- scald=447024:cheio_8colunas --><\/p>\n<p>    <!-- END scald=447024 --><\/div>\n<p><h6 class=\"meta\">Familiares de mortos e desaparecidos recebem certid\u00e3o de \u00f3bito retificada de parentes mortos na ditadura &#8211; Foto\u00a0<strong>Luiz Cl\u00e1udio\/Ag\u00eancia Brasil<\/strong><!--END copyright=447024--><\/h6>\n<\/p>\n<\/div>\n<p>Ele foi assassinado em 1\u00ba de abril de 1968 no centro do Rio de Janeiro, em meio \u00e0 manifesta\u00e7\u00e3o em rep\u00fadio \u00e0 morte do estudante secundarista \u00c9dson Luiz, no dia 28 de mar\u00e7o do mesmo ano.\u00a0Jorge Apr\u00edgio, segundo o relato da Comiss\u00e3o Nacional da Verdade (p\u00e1gina 234), tomou um tiro pelas costas durante repress\u00e3o ao ato por\u00a0soldados do Ex\u00e9rcito. \u00a0<\/p>\n<p><strong>Sueli lembra que a not\u00edcia da morte caiu como uma bomba na casa da fam\u00edlia humilde, moradora de \u00e1rea perif\u00e9rica em Belford Roxo, na Baixada Fluminense.\u00a0Como o pai j\u00e1 havia falecido, Jorge era um dos esteios da casa. \u201cEu era a ca\u00e7ula e ele sempre cuidou muito de mim. \u00c9 muito duro at\u00e9 hoje\u201d.\u00a0<\/strong><\/p>\n<p>A primeira certid\u00e3o de \u00f3bito indicou que o rapaz teve uma \u201cferida transfixante do t\u00f3rax, com les\u00e3o do pulm\u00e3o e do cora\u00e7\u00e3o; hemorragia interna consecutiva\u201d. O exame dos legistas indicaria que ele tomou um tiro pelas costas.\u00a0<\/p>\n<p>Mesmo depois da morte, a enfermeira recorda que a fam\u00edlia ficou com medo porque os agentes faziam visitas e perguntas frequentes. Foi preciso mudar de casa. Sueli entende que o tratamento envolveu tamb\u00e9m racismo. \u201cN\u00f3s somos uma fam\u00edlia de negros, moradores da periferia. N\u00e3o houve respeito nenhum pelo Jorge e por n\u00f3s. Meu irm\u00e3o queria fazer medicina para cuidar da gente\u201d.\u00a0<\/p>\n<p><strong>Depois da perda, Sueli resolveu cursar enfermagem para tamb\u00e9m cuidar da fam\u00edlia. Para ela, a\u00a0nova certid\u00e3o de \u00f3bito\u00a0ajuda a contar a hist\u00f3ria de forma mais justa.\u00a0<\/strong><\/p>\n<p>A enfermeira quer que as futuras gera\u00e7\u00f5es entendam que Jorge era um jovem oper\u00e1rio e estudante idealista. Mais do que a foto em preto e branco, ela quer defender a hist\u00f3ria de Jorge para que\u00a0seus filhos e netos andem de cabe\u00e7a erguida e n\u00e3o sejam perseguidos pela cor da pele ou pelo que pensam.<\/p>\n<p>      <!-- Relacionada --><\/p>\n<p>            <!-- Relacionada -->\n    <\/div>\n","protected":false},"excerpt":{"rendered":"<p>Por EBC, Os olhos da ex-lavradora Maria de F\u00e1tima Marinelli, de 68 anos, molhavam a camiseta branca com a foto do amor de sua vida, o trabalhador rural Nativo da Natividade de Oliveira. Ex-cortadora de cana-de-a\u00e7\u00facar, ela tomou especial cuidado\u00a0para n\u00e3o molhar o documento que tinha acabado de receber\u00a0nessa\u00a0quarta-feira (3): a certid\u00e3o de \u00f3bito retificada &hellip;<\/p>\n","protected":false},"author":1,"featured_media":0,"comment_status":"open","ping_status":"open","sticky":false,"template":"","format":"standard","meta":{"_jetpack_memberships_contains_paid_content":false,"footnotes":""},"categories":[2,12225,4],"tags":[],"class_list":["post-453074","post","type-post","status-publish","format-standard","hentry","category-entretenimento","category-noticias","category-servicos"],"yoast_head":"<!-- This site is optimized with the Yoast SEO plugin v27.4 - https:\/\/yoast.com\/product\/yoast-seo-wordpress\/ -->\n<title>Nova certid\u00e3o retificada traz al\u00edvio a fam\u00edlias de v\u00edtimas da ditadura<\/title>\n<meta name=\"robots\" content=\"index, follow, max-snippet:-1, max-image-preview:large, max-video-preview:-1\" \/>\n<link rel=\"canonical\" href=\"https:\/\/mrnews.com.br\/index.php\/2025\/12\/04\/nova-certidao-retificada-traz-alivio-a-familias-de-vitimas-da-ditadura\/\" \/>\n<meta property=\"og:locale\" content=\"pt_BR\" \/>\n<meta property=\"og:type\" content=\"article\" \/>\n<meta property=\"og:title\" content=\"Nova certid\u00e3o retificada traz al\u00edvio a fam\u00edlias de v\u00edtimas da ditadura\" \/>\n<meta property=\"og:description\" content=\"Por EBC, Os olhos da ex-lavradora Maria de F\u00e1tima Marinelli, de 68 anos, molhavam a camiseta branca com a foto do amor de sua vida, o trabalhador rural Nativo da Natividade de Oliveira. Ex-cortadora de cana-de-a\u00e7\u00facar, ela tomou especial cuidado\u00a0para n\u00e3o molhar o documento que tinha acabado de receber\u00a0nessa\u00a0quarta-feira (3): a certid\u00e3o de \u00f3bito retificada &hellip;\" \/>\n<meta property=\"og:url\" content=\"https:\/\/mrnews.com.br\/index.php\/2025\/12\/04\/nova-certidao-retificada-traz-alivio-a-familias-de-vitimas-da-ditadura\/\" \/>\n<meta property=\"og:site_name\" content=\"MRNews\" \/>\n<meta property=\"article:publisher\" content=\"https:\/\/www.facebook.com\/eaipahpah\/?locale2=pt_BR\" \/>\n<meta property=\"article:published_time\" content=\"2025-12-04T16:30:14+00:00\" \/>\n<meta name=\"author\" content=\"MR News\" \/>\n<meta name=\"twitter:card\" content=\"summary_large_image\" \/>\n<meta name=\"twitter:creator\" content=\"@conspirou\" \/>\n<meta name=\"twitter:site\" content=\"@conspirou\" \/>\n<meta name=\"twitter:label1\" content=\"Escrito por\" \/>\n\t<meta name=\"twitter:data1\" content=\"MR News\" \/>\n\t<meta name=\"twitter:label2\" content=\"Est. tempo de leitura\" \/>\n\t<meta name=\"twitter:data2\" content=\"6 minutos\" \/>\n<script type=\"application\/ld+json\" class=\"yoast-schema-graph\">{\"@context\":\"https:\\\/\\\/schema.org\",\"@graph\":[{\"@type\":\"Article\",\"@id\":\"https:\\\/\\\/mrnews.com.br\\\/index.php\\\/2025\\\/12\\\/04\\\/nova-certidao-retificada-traz-alivio-a-familias-de-vitimas-da-ditadura\\\/#article\",\"isPartOf\":{\"@id\":\"https:\\\/\\\/mrnews.com.br\\\/index.php\\\/2025\\\/12\\\/04\\\/nova-certidao-retificada-traz-alivio-a-familias-de-vitimas-da-ditadura\\\/\"},\"author\":{\"name\":\"MR News\",\"@id\":\"https:\\\/\\\/mrnews.com.br\\\/#\\\/schema\\\/person\\\/be3203154562a9f207407861cef7827b\"},\"headline\":\"Nova certid\u00e3o retificada traz al\u00edvio a fam\u00edlias de v\u00edtimas da ditadura\",\"datePublished\":\"2025-12-04T16:30:14+00:00\",\"mainEntityOfPage\":{\"@id\":\"https:\\\/\\\/mrnews.com.br\\\/index.php\\\/2025\\\/12\\\/04\\\/nova-certidao-retificada-traz-alivio-a-familias-de-vitimas-da-ditadura\\\/\"},\"wordCount\":1287,\"commentCount\":0,\"publisher\":{\"@id\":\"https:\\\/\\\/mrnews.com.br\\\/#organization\"},\"articleSection\":[\"ENTRETENIMENTO\",\"NOTICIAS\",\"SERVI\u00c7OS\"],\"inLanguage\":\"pt-BR\",\"potentialAction\":[{\"@type\":\"CommentAction\",\"name\":\"Comment\",\"target\":[\"https:\\\/\\\/mrnews.com.br\\\/index.php\\\/2025\\\/12\\\/04\\\/nova-certidao-retificada-traz-alivio-a-familias-de-vitimas-da-ditadura\\\/#respond\"]}]},{\"@type\":\"WebPage\",\"@id\":\"https:\\\/\\\/mrnews.com.br\\\/index.php\\\/2025\\\/12\\\/04\\\/nova-certidao-retificada-traz-alivio-a-familias-de-vitimas-da-ditadura\\\/\",\"url\":\"https:\\\/\\\/mrnews.com.br\\\/index.php\\\/2025\\\/12\\\/04\\\/nova-certidao-retificada-traz-alivio-a-familias-de-vitimas-da-ditadura\\\/\",\"name\":\"Nova certid\u00e3o retificada traz al\u00edvio a fam\u00edlias de v\u00edtimas da ditadura\",\"isPartOf\":{\"@id\":\"https:\\\/\\\/mrnews.com.br\\\/#website\"},\"datePublished\":\"2025-12-04T16:30:14+00:00\",\"breadcrumb\":{\"@id\":\"https:\\\/\\\/mrnews.com.br\\\/index.php\\\/2025\\\/12\\\/04\\\/nova-certidao-retificada-traz-alivio-a-familias-de-vitimas-da-ditadura\\\/#breadcrumb\"},\"inLanguage\":\"pt-BR\",\"potentialAction\":[{\"@type\":\"ReadAction\",\"target\":[\"https:\\\/\\\/mrnews.com.br\\\/index.php\\\/2025\\\/12\\\/04\\\/nova-certidao-retificada-traz-alivio-a-familias-de-vitimas-da-ditadura\\\/\"]}]},{\"@type\":\"BreadcrumbList\",\"@id\":\"https:\\\/\\\/mrnews.com.br\\\/index.php\\\/2025\\\/12\\\/04\\\/nova-certidao-retificada-traz-alivio-a-familias-de-vitimas-da-ditadura\\\/#breadcrumb\",\"itemListElement\":[{\"@type\":\"ListItem\",\"position\":1,\"name\":\"In\u00edcio\",\"item\":\"https:\\\/\\\/mrnews.com.br\\\/\"},{\"@type\":\"ListItem\",\"position\":2,\"name\":\"Nova certid\u00e3o retificada traz al\u00edvio a fam\u00edlias de v\u00edtimas da ditadura\"}]},{\"@type\":\"WebSite\",\"@id\":\"https:\\\/\\\/mrnews.com.br\\\/#website\",\"url\":\"https:\\\/\\\/mrnews.com.br\\\/\",\"name\":\"MRNews\",\"description\":\"MRNews Jogos de hoje da TV, transmiss\u00f5es ao vivo, Not\u00edcias de futebol, Jogos ao vivo, Lives, resumo de novelas, Programa\u00e7\u00e3o da Globo, A Fazenda e BBB\",\"publisher\":{\"@id\":\"https:\\\/\\\/mrnews.com.br\\\/#organization\"},\"potentialAction\":[{\"@type\":\"SearchAction\",\"target\":{\"@type\":\"EntryPoint\",\"urlTemplate\":\"https:\\\/\\\/mrnews.com.br\\\/?s={search_term_string}\"},\"query-input\":{\"@type\":\"PropertyValueSpecification\",\"valueRequired\":true,\"valueName\":\"search_term_string\"}}],\"inLanguage\":\"pt-BR\"},{\"@type\":\"Organization\",\"@id\":\"https:\\\/\\\/mrnews.com.br\\\/#organization\",\"name\":\"MRNews\",\"url\":\"https:\\\/\\\/mrnews.com.br\\\/\",\"logo\":{\"@type\":\"ImageObject\",\"inLanguage\":\"pt-BR\",\"@id\":\"https:\\\/\\\/mrnews.com.br\\\/#\\\/schema\\\/logo\\\/image\\\/\",\"url\":\"https:\\\/\\\/mrnews.com.br\\\/wp-content\\\/uploads\\\/2019\\\/06\\\/MRNewslogo2.png\",\"contentUrl\":\"https:\\\/\\\/mrnews.com.br\\\/wp-content\\\/uploads\\\/2019\\\/06\\\/MRNewslogo2.png\",\"width\":223,\"height\":58,\"caption\":\"MRNews\"},\"image\":{\"@id\":\"https:\\\/\\\/mrnews.com.br\\\/#\\\/schema\\\/logo\\\/image\\\/\"},\"sameAs\":[\"https:\\\/\\\/www.facebook.com\\\/eaipahpah\\\/?locale2=pt_BR\",\"https:\\\/\\\/x.com\\\/conspirou\",\"https:\\\/\\\/www.instagram.com\\\/eai_pahpah\",\"https:\\\/\\\/br.pinterest.com\\\/mrnewsn\\\/boards\\\/\",\"https:\\\/\\\/www.youtube.com\\\/channel\\\/UCacgnpznQ61fifLWr1tQ-vA?view_as=subscriber\"]},{\"@type\":\"Person\",\"@id\":\"https:\\\/\\\/mrnews.com.br\\\/#\\\/schema\\\/person\\\/be3203154562a9f207407861cef7827b\",\"name\":\"MR News\",\"image\":{\"@type\":\"ImageObject\",\"inLanguage\":\"pt-BR\",\"@id\":\"https:\\\/\\\/secure.gravatar.com\\\/avatar\\\/04084e6d73c042b8646e7c17b494073bf0ede3ea13c7105cfc45cbbbc28385a4?s=96&d=monsterid&r=g\",\"url\":\"https:\\\/\\\/secure.gravatar.com\\\/avatar\\\/04084e6d73c042b8646e7c17b494073bf0ede3ea13c7105cfc45cbbbc28385a4?s=96&d=monsterid&r=g\",\"contentUrl\":\"https:\\\/\\\/secure.gravatar.com\\\/avatar\\\/04084e6d73c042b8646e7c17b494073bf0ede3ea13c7105cfc45cbbbc28385a4?s=96&d=monsterid&r=g\",\"caption\":\"MR News\"},\"description\":\"Especializado em jornalismo colaborativo pela FTP em n\u00edvel de p\u00f3s-gradua\u00e7\u00e3o. suporte@oimeliga.combr\",\"sameAs\":[\"HUGO R.\",\"Admin\"],\"url\":\"https:\\\/\\\/mrnews.com.br\\\/index.php\\\/author\\\/admin\\\/\"}]}<\/script>\n<!-- \/ Yoast SEO plugin. -->","yoast_head_json":{"title":"Nova certid\u00e3o retificada traz al\u00edvio a fam\u00edlias de v\u00edtimas da ditadura","robots":{"index":"index","follow":"follow","max-snippet":"max-snippet:-1","max-image-preview":"max-image-preview:large","max-video-preview":"max-video-preview:-1"},"canonical":"https:\/\/mrnews.com.br\/index.php\/2025\/12\/04\/nova-certidao-retificada-traz-alivio-a-familias-de-vitimas-da-ditadura\/","og_locale":"pt_BR","og_type":"article","og_title":"Nova certid\u00e3o retificada traz al\u00edvio a fam\u00edlias de v\u00edtimas da ditadura","og_description":"Por EBC, Os olhos da ex-lavradora Maria de F\u00e1tima Marinelli, de 68 anos, molhavam a camiseta branca com a foto do amor de sua vida, o trabalhador rural Nativo da Natividade de Oliveira. Ex-cortadora de cana-de-a\u00e7\u00facar, ela tomou especial cuidado\u00a0para n\u00e3o molhar o documento que tinha acabado de receber\u00a0nessa\u00a0quarta-feira (3): a certid\u00e3o de \u00f3bito retificada &hellip;","og_url":"https:\/\/mrnews.com.br\/index.php\/2025\/12\/04\/nova-certidao-retificada-traz-alivio-a-familias-de-vitimas-da-ditadura\/","og_site_name":"MRNews","article_publisher":"https:\/\/www.facebook.com\/eaipahpah\/?locale2=pt_BR","article_published_time":"2025-12-04T16:30:14+00:00","author":"MR News","twitter_card":"summary_large_image","twitter_creator":"@conspirou","twitter_site":"@conspirou","twitter_misc":{"Escrito por":"MR News","Est. tempo de leitura":"6 minutos"},"schema":{"@context":"https:\/\/schema.org","@graph":[{"@type":"Article","@id":"https:\/\/mrnews.com.br\/index.php\/2025\/12\/04\/nova-certidao-retificada-traz-alivio-a-familias-de-vitimas-da-ditadura\/#article","isPartOf":{"@id":"https:\/\/mrnews.com.br\/index.php\/2025\/12\/04\/nova-certidao-retificada-traz-alivio-a-familias-de-vitimas-da-ditadura\/"},"author":{"name":"MR News","@id":"https:\/\/mrnews.com.br\/#\/schema\/person\/be3203154562a9f207407861cef7827b"},"headline":"Nova certid\u00e3o retificada traz al\u00edvio a fam\u00edlias de v\u00edtimas da ditadura","datePublished":"2025-12-04T16:30:14+00:00","mainEntityOfPage":{"@id":"https:\/\/mrnews.com.br\/index.php\/2025\/12\/04\/nova-certidao-retificada-traz-alivio-a-familias-de-vitimas-da-ditadura\/"},"wordCount":1287,"commentCount":0,"publisher":{"@id":"https:\/\/mrnews.com.br\/#organization"},"articleSection":["ENTRETENIMENTO","NOTICIAS","SERVI\u00c7OS"],"inLanguage":"pt-BR","potentialAction":[{"@type":"CommentAction","name":"Comment","target":["https:\/\/mrnews.com.br\/index.php\/2025\/12\/04\/nova-certidao-retificada-traz-alivio-a-familias-de-vitimas-da-ditadura\/#respond"]}]},{"@type":"WebPage","@id":"https:\/\/mrnews.com.br\/index.php\/2025\/12\/04\/nova-certidao-retificada-traz-alivio-a-familias-de-vitimas-da-ditadura\/","url":"https:\/\/mrnews.com.br\/index.php\/2025\/12\/04\/nova-certidao-retificada-traz-alivio-a-familias-de-vitimas-da-ditadura\/","name":"Nova certid\u00e3o retificada traz al\u00edvio a fam\u00edlias de v\u00edtimas da ditadura","isPartOf":{"@id":"https:\/\/mrnews.com.br\/#website"},"datePublished":"2025-12-04T16:30:14+00:00","breadcrumb":{"@id":"https:\/\/mrnews.com.br\/index.php\/2025\/12\/04\/nova-certidao-retificada-traz-alivio-a-familias-de-vitimas-da-ditadura\/#breadcrumb"},"inLanguage":"pt-BR","potentialAction":[{"@type":"ReadAction","target":["https:\/\/mrnews.com.br\/index.php\/2025\/12\/04\/nova-certidao-retificada-traz-alivio-a-familias-de-vitimas-da-ditadura\/"]}]},{"@type":"BreadcrumbList","@id":"https:\/\/mrnews.com.br\/index.php\/2025\/12\/04\/nova-certidao-retificada-traz-alivio-a-familias-de-vitimas-da-ditadura\/#breadcrumb","itemListElement":[{"@type":"ListItem","position":1,"name":"In\u00edcio","item":"https:\/\/mrnews.com.br\/"},{"@type":"ListItem","position":2,"name":"Nova certid\u00e3o retificada traz al\u00edvio a fam\u00edlias de v\u00edtimas da ditadura"}]},{"@type":"WebSite","@id":"https:\/\/mrnews.com.br\/#website","url":"https:\/\/mrnews.com.br\/","name":"MRNews","description":"MRNews Jogos de hoje da TV, transmiss\u00f5es ao vivo, Not\u00edcias de futebol, Jogos ao vivo, Lives, resumo de novelas, Programa\u00e7\u00e3o da Globo, A Fazenda e BBB","publisher":{"@id":"https:\/\/mrnews.com.br\/#organization"},"potentialAction":[{"@type":"SearchAction","target":{"@type":"EntryPoint","urlTemplate":"https:\/\/mrnews.com.br\/?s={search_term_string}"},"query-input":{"@type":"PropertyValueSpecification","valueRequired":true,"valueName":"search_term_string"}}],"inLanguage":"pt-BR"},{"@type":"Organization","@id":"https:\/\/mrnews.com.br\/#organization","name":"MRNews","url":"https:\/\/mrnews.com.br\/","logo":{"@type":"ImageObject","inLanguage":"pt-BR","@id":"https:\/\/mrnews.com.br\/#\/schema\/logo\/image\/","url":"https:\/\/mrnews.com.br\/wp-content\/uploads\/2019\/06\/MRNewslogo2.png","contentUrl":"https:\/\/mrnews.com.br\/wp-content\/uploads\/2019\/06\/MRNewslogo2.png","width":223,"height":58,"caption":"MRNews"},"image":{"@id":"https:\/\/mrnews.com.br\/#\/schema\/logo\/image\/"},"sameAs":["https:\/\/www.facebook.com\/eaipahpah\/?locale2=pt_BR","https:\/\/x.com\/conspirou","https:\/\/www.instagram.com\/eai_pahpah","https:\/\/br.pinterest.com\/mrnewsn\/boards\/","https:\/\/www.youtube.com\/channel\/UCacgnpznQ61fifLWr1tQ-vA?view_as=subscriber"]},{"@type":"Person","@id":"https:\/\/mrnews.com.br\/#\/schema\/person\/be3203154562a9f207407861cef7827b","name":"MR News","image":{"@type":"ImageObject","inLanguage":"pt-BR","@id":"https:\/\/secure.gravatar.com\/avatar\/04084e6d73c042b8646e7c17b494073bf0ede3ea13c7105cfc45cbbbc28385a4?s=96&d=monsterid&r=g","url":"https:\/\/secure.gravatar.com\/avatar\/04084e6d73c042b8646e7c17b494073bf0ede3ea13c7105cfc45cbbbc28385a4?s=96&d=monsterid&r=g","contentUrl":"https:\/\/secure.gravatar.com\/avatar\/04084e6d73c042b8646e7c17b494073bf0ede3ea13c7105cfc45cbbbc28385a4?s=96&d=monsterid&r=g","caption":"MR News"},"description":"Especializado em jornalismo colaborativo pela FTP em n\u00edvel de p\u00f3s-gradua\u00e7\u00e3o. suporte@oimeliga.combr","sameAs":["HUGO R.","Admin"],"url":"https:\/\/mrnews.com.br\/index.php\/author\/admin\/"}]}},"jetpack_featured_media_url":"","jetpack_sharing_enabled":true,"jetpack_shortlink":"https:\/\/wp.me\/pa2Qf7-1TRE","amp_enabled":true,"_links":{"self":[{"href":"https:\/\/mrnews.com.br\/index.php\/wp-json\/wp\/v2\/posts\/453074","targetHints":{"allow":["GET"]}}],"collection":[{"href":"https:\/\/mrnews.com.br\/index.php\/wp-json\/wp\/v2\/posts"}],"about":[{"href":"https:\/\/mrnews.com.br\/index.php\/wp-json\/wp\/v2\/types\/post"}],"author":[{"embeddable":true,"href":"https:\/\/mrnews.com.br\/index.php\/wp-json\/wp\/v2\/users\/1"}],"replies":[{"embeddable":true,"href":"https:\/\/mrnews.com.br\/index.php\/wp-json\/wp\/v2\/comments?post=453074"}],"version-history":[{"count":0,"href":"https:\/\/mrnews.com.br\/index.php\/wp-json\/wp\/v2\/posts\/453074\/revisions"}],"wp:attachment":[{"href":"https:\/\/mrnews.com.br\/index.php\/wp-json\/wp\/v2\/media?parent=453074"}],"wp:term":[{"taxonomy":"category","embeddable":true,"href":"https:\/\/mrnews.com.br\/index.php\/wp-json\/wp\/v2\/categories?post=453074"},{"taxonomy":"post_tag","embeddable":true,"href":"https:\/\/mrnews.com.br\/index.php\/wp-json\/wp\/v2\/tags?post=453074"}],"curies":[{"name":"wp","href":"https:\/\/api.w.org\/{rel}","templated":true}]}}