{"id":453154,"date":"2025-12-06T09:39:16","date_gmt":"2025-12-06T12:39:16","guid":{"rendered":"https:\/\/mrnews.com.br\/index.php\/2025\/12\/06\/pesquisador-da-uerj-defende-monitoramento-da-trajetoria-de-ex-cotistas\/"},"modified":"2025-12-06T09:39:16","modified_gmt":"2025-12-06T12:39:16","slug":"pesquisador-da-uerj-defende-monitoramento-da-trajetoria-de-ex-cotistas","status":"publish","type":"post","link":"https:\/\/mrnews.com.br\/index.php\/2025\/12\/06\/pesquisador-da-uerj-defende-monitoramento-da-trajetoria-de-ex-cotistas\/","title":{"rendered":"Pesquisador da Uerj defende monitoramento da\u00a0trajet\u00f3ria de ex-cotistas"},"content":{"rendered":"<p>Por EBC, <\/p>\n<div>\n<p><strong>A cria\u00e7\u00e3o de grupos de trabalho para acompanhar os egressos da\u00a0pol\u00edtica\u00a0de a\u00e7\u00e3o afirmativa na Universidade Estadual do Rio de Janeiro (Uerj) \u00e9 um passo fundamental para avaliar a medida, afirmou o soci\u00f3logo Luiz Augusto Campos<\/strong>. Um dos principais pesquisadores do campo, ele \u00e9 um dos organizadores do livro<em> Impacto das Cotas: Duas D\u00e9cadas de A\u00e7\u00e3o Afirmativa no Ensino Superior Brasileiro<\/em>, que faz um balan\u00e7o detalhado da pol\u00edtica e aponta desafios, como a perman\u00eancia dos estudantes nas institui\u00e7\u00f5es.<\/p>\n<p>&#8220;A Lei de Cotas n\u00e3o \u00e9 uma pol\u00edtica fim&#8221;, disse Campos. &#8220;Ningu\u00e9m sonha com uma utopia no mundo em que cada pessoa tenha a sua cota. Ela \u00e9 uma pol\u00edtica meio para diminuir desigualdades no mercado [de trabalho]&#8221;, explicou o professor de sociologia e ci\u00eancia pol\u00edtica no Instituto de Estudos Sociais e Pol\u00edticos (Iesp-Uerj).<\/p>\n<p><strong>Na avalia\u00e7\u00e3o dele, se as cotas n\u00e3o tiverem impactos fora da universidade, significa que, como pol\u00edtica p\u00fablica, fracassaram<\/strong>. &#8220;E a gente s\u00f3 sabe esses impactos fora da universidade a partir das trajet\u00f3rias dos egressos&#8221;, explicou. Ele classifica a a\u00e7\u00e3o da Uerj,\u00a0de montar grupos com ex-egressos, a ponta mais importante na an\u00e1lise da pol\u00edtica.<\/p>\n<p>Ap\u00f3s 20 anos da ado\u00e7\u00e3o da medida pela universidade, de forma pioneira no pa\u00eds, em 2003, <strong>Campos faz coro \u00e0\u00a0necessidade de atualiza\u00e7\u00e3o da lei estadual para ingresso na p\u00f3s-gradua\u00e7\u00e3o. <\/strong>A Uerj, ao contr\u00e1rio de outras universidades federais com cotas raciais, conjuga, al\u00e9m da autodeclara\u00e7\u00e3o racial como preto ou pardo, o crit\u00e9rio socioecon\u00f4mico para o ingresso, limitando a entrada aos candidatos com at\u00e9 R$ 2.277 de renda bruta por pessoa na fam\u00edlia. <strong>O valor \u00e9 considerado baixo, sobretudo, para as cotas sociais e raciais na p\u00f3s-gradua\u00e7\u00e3o.<\/strong><\/p>\n<blockquote>\n<p>&#8220;Um estudante classificado como carente, de fato, n\u00e3o chega ao mestrado, quanto mais ao doutorado. E, se ele ganha uma bolsa, ele deixa de ser carente. Ent\u00e3o, realmente as cotas na p\u00f3s-gradua\u00e7\u00e3o da Uerj\u00a0n\u00e3o funcionaram&#8221;, analisou Campos.<\/p>\n<\/blockquote>\n<p>Os cotistas egressos dos cursos de gradua\u00e7\u00e3o reunidos na universidade, no fim de novembro, m\u00eas da Consci\u00eancia Negra, para discutir suas trajet\u00f3rias, defenderam que o corte socioecon\u00f4mico seja revisto, de modo que seja poss\u00edvel ampliar o n\u00famero de pessoas pretas e pardas com acesso a esse n\u00edvel mais alto de ensino.<\/p>\n<p>De acordo com \u00a0levantamento do Centro de Gest\u00e3o e Estudos Estrat\u00e9gicos (CGEE), uma associa\u00e7\u00e3o civil sem fins lucrativos, \u00a0supervisionada pelo Minist\u00e9rio da Ci\u00eancia, Tecnologia e Inova\u00e7\u00e3o (MCTI),<strong> pessoas pretas s\u00e3o apenas 4,1% dos mestres e 3,4% dos doutores, enquanto pardos somam 16,7% e 14,9%, respectivamente. Os ind\u00edgenas correspondem a apenas 0,23% das titula\u00e7\u00f5es de mestrado e 0,3% das de doutorado no pa\u00eds. <\/strong>Entre os anos de 1996 a 2021, 49,5% dos t\u00edtulos de mestrado e 57,8% dos\u00a0de doutorado foram obtidos por pessoas brancas.<\/p>\n<p>A Lei 8.121, de 2018, que estabeleceu a\u00a0programa\u00e7\u00e3o de a\u00e7\u00f5es afirmativas na Uerj e o corte socioecon\u00f4mico, s\u00f3 ser\u00e1 revista em 2028. At\u00e9 l\u00e1, Campos defende que as universidades sejam usadas nos editais de ingresso e, com base na autonomia universit\u00e1ria, revejam as restri\u00e7\u00f5es. &#8220;Poucas coisas hoje s\u00e3o t\u00e3o judicializadas como entrada em cursos de mestrado e doutorado, a universidade corre riscos, o ideal seria uma lei mais leniente com os limites socioecon\u00f4micos&#8221;, avaliou.<\/p>\n<p>      <!-- Relacionada --><\/p>\n<p>            <!-- Relacionada -->\n    <\/div>\n","protected":false},"excerpt":{"rendered":"<p>Por EBC, A cria\u00e7\u00e3o de grupos de trabalho para acompanhar os egressos da\u00a0pol\u00edtica\u00a0de a\u00e7\u00e3o afirmativa na Universidade Estadual do Rio de Janeiro (Uerj) \u00e9 um passo fundamental para avaliar a medida, afirmou o soci\u00f3logo Luiz Augusto Campos. Um dos principais pesquisadores do campo, ele \u00e9 um dos organizadores do livro Impacto das Cotas: Duas D\u00e9cadas &hellip;<\/p>\n","protected":false},"author":1,"featured_media":0,"comment_status":"open","ping_status":"open","sticky":false,"template":"","format":"standard","meta":{"_jetpack_memberships_contains_paid_content":false,"footnotes":""},"categories":[2,12225,4],"tags":[],"class_list":["post-453154","post","type-post","status-publish","format-standard","hentry","category-entretenimento","category-noticias","category-servicos"],"yoast_head":"<!-- This site is optimized with the Yoast SEO plugin v27.5 - https:\/\/yoast.com\/product\/yoast-seo-wordpress\/ -->\n<title>Pesquisador da Uerj defende monitoramento da\u00a0trajet\u00f3ria de ex-cotistas<\/title>\n<meta name=\"robots\" content=\"index, follow, max-snippet:-1, max-image-preview:large, max-video-preview:-1\" \/>\n<link rel=\"canonical\" href=\"https:\/\/mrnews.com.br\/index.php\/2025\/12\/06\/pesquisador-da-uerj-defende-monitoramento-da-trajetoria-de-ex-cotistas\/\" \/>\n<meta property=\"og:locale\" content=\"pt_BR\" \/>\n<meta property=\"og:type\" content=\"article\" \/>\n<meta property=\"og:title\" content=\"Pesquisador da Uerj defende monitoramento da\u00a0trajet\u00f3ria de ex-cotistas\" \/>\n<meta property=\"og:description\" content=\"Por EBC, A cria\u00e7\u00e3o de grupos de trabalho para acompanhar os egressos da\u00a0pol\u00edtica\u00a0de a\u00e7\u00e3o afirmativa na Universidade Estadual do Rio de Janeiro (Uerj) \u00e9 um passo fundamental para avaliar a medida, afirmou o soci\u00f3logo Luiz Augusto Campos. Um dos principais pesquisadores do campo, ele \u00e9 um dos organizadores do livro Impacto das Cotas: Duas D\u00e9cadas &hellip;\" \/>\n<meta property=\"og:url\" content=\"https:\/\/mrnews.com.br\/index.php\/2025\/12\/06\/pesquisador-da-uerj-defende-monitoramento-da-trajetoria-de-ex-cotistas\/\" \/>\n<meta property=\"og:site_name\" content=\"MRNews\" \/>\n<meta property=\"article:publisher\" content=\"https:\/\/www.facebook.com\/eaipahpah\/?locale2=pt_BR\" \/>\n<meta property=\"article:published_time\" content=\"2025-12-06T12:39:16+00:00\" \/>\n<meta name=\"author\" content=\"MR News\" \/>\n<meta name=\"twitter:card\" content=\"summary_large_image\" \/>\n<meta name=\"twitter:creator\" content=\"@conspirou\" \/>\n<meta name=\"twitter:site\" content=\"@conspirou\" \/>\n<meta name=\"twitter:label1\" content=\"Escrito por\" \/>\n\t<meta name=\"twitter:data1\" content=\"MR News\" \/>\n\t<meta name=\"twitter:label2\" content=\"Est. tempo de leitura\" \/>\n\t<meta name=\"twitter:data2\" content=\"3 minutos\" \/>\n<script type=\"application\/ld+json\" class=\"yoast-schema-graph\">{\"@context\":\"https:\\\/\\\/schema.org\",\"@graph\":[{\"@type\":\"Article\",\"@id\":\"https:\\\/\\\/mrnews.com.br\\\/index.php\\\/2025\\\/12\\\/06\\\/pesquisador-da-uerj-defende-monitoramento-da-trajetoria-de-ex-cotistas\\\/#article\",\"isPartOf\":{\"@id\":\"https:\\\/\\\/mrnews.com.br\\\/index.php\\\/2025\\\/12\\\/06\\\/pesquisador-da-uerj-defende-monitoramento-da-trajetoria-de-ex-cotistas\\\/\"},\"author\":{\"name\":\"MR News\",\"@id\":\"https:\\\/\\\/mrnews.com.br\\\/#\\\/schema\\\/person\\\/be3203154562a9f207407861cef7827b\"},\"headline\":\"Pesquisador da Uerj defende monitoramento da\u00a0trajet\u00f3ria de ex-cotistas\",\"datePublished\":\"2025-12-06T12:39:16+00:00\",\"mainEntityOfPage\":{\"@id\":\"https:\\\/\\\/mrnews.com.br\\\/index.php\\\/2025\\\/12\\\/06\\\/pesquisador-da-uerj-defende-monitoramento-da-trajetoria-de-ex-cotistas\\\/\"},\"wordCount\":582,\"commentCount\":0,\"publisher\":{\"@id\":\"https:\\\/\\\/mrnews.com.br\\\/#organization\"},\"articleSection\":[\"ENTRETENIMENTO\",\"NOTICIAS\",\"SERVI\u00c7OS\"],\"inLanguage\":\"pt-BR\",\"potentialAction\":[{\"@type\":\"CommentAction\",\"name\":\"Comment\",\"target\":[\"https:\\\/\\\/mrnews.com.br\\\/index.php\\\/2025\\\/12\\\/06\\\/pesquisador-da-uerj-defende-monitoramento-da-trajetoria-de-ex-cotistas\\\/#respond\"]}]},{\"@type\":\"WebPage\",\"@id\":\"https:\\\/\\\/mrnews.com.br\\\/index.php\\\/2025\\\/12\\\/06\\\/pesquisador-da-uerj-defende-monitoramento-da-trajetoria-de-ex-cotistas\\\/\",\"url\":\"https:\\\/\\\/mrnews.com.br\\\/index.php\\\/2025\\\/12\\\/06\\\/pesquisador-da-uerj-defende-monitoramento-da-trajetoria-de-ex-cotistas\\\/\",\"name\":\"Pesquisador da Uerj defende monitoramento da\u00a0trajet\u00f3ria de ex-cotistas\",\"isPartOf\":{\"@id\":\"https:\\\/\\\/mrnews.com.br\\\/#website\"},\"datePublished\":\"2025-12-06T12:39:16+00:00\",\"breadcrumb\":{\"@id\":\"https:\\\/\\\/mrnews.com.br\\\/index.php\\\/2025\\\/12\\\/06\\\/pesquisador-da-uerj-defende-monitoramento-da-trajetoria-de-ex-cotistas\\\/#breadcrumb\"},\"inLanguage\":\"pt-BR\",\"potentialAction\":[{\"@type\":\"ReadAction\",\"target\":[\"https:\\\/\\\/mrnews.com.br\\\/index.php\\\/2025\\\/12\\\/06\\\/pesquisador-da-uerj-defende-monitoramento-da-trajetoria-de-ex-cotistas\\\/\"]}]},{\"@type\":\"BreadcrumbList\",\"@id\":\"https:\\\/\\\/mrnews.com.br\\\/index.php\\\/2025\\\/12\\\/06\\\/pesquisador-da-uerj-defende-monitoramento-da-trajetoria-de-ex-cotistas\\\/#breadcrumb\",\"itemListElement\":[{\"@type\":\"ListItem\",\"position\":1,\"name\":\"In\u00edcio\",\"item\":\"https:\\\/\\\/mrnews.com.br\\\/\"},{\"@type\":\"ListItem\",\"position\":2,\"name\":\"Pesquisador da Uerj defende monitoramento da\u00a0trajet\u00f3ria de ex-cotistas\"}]},{\"@type\":\"WebSite\",\"@id\":\"https:\\\/\\\/mrnews.com.br\\\/#website\",\"url\":\"https:\\\/\\\/mrnews.com.br\\\/\",\"name\":\"MRNews\",\"description\":\"MRNews Jogos de hoje da TV, transmiss\u00f5es ao vivo, Not\u00edcias de futebol, Jogos ao vivo, Lives, resumo de novelas, Programa\u00e7\u00e3o da Globo, A Fazenda e BBB\",\"publisher\":{\"@id\":\"https:\\\/\\\/mrnews.com.br\\\/#organization\"},\"potentialAction\":[{\"@type\":\"SearchAction\",\"target\":{\"@type\":\"EntryPoint\",\"urlTemplate\":\"https:\\\/\\\/mrnews.com.br\\\/?s={search_term_string}\"},\"query-input\":{\"@type\":\"PropertyValueSpecification\",\"valueRequired\":true,\"valueName\":\"search_term_string\"}}],\"inLanguage\":\"pt-BR\"},{\"@type\":\"Organization\",\"@id\":\"https:\\\/\\\/mrnews.com.br\\\/#organization\",\"name\":\"MRNews\",\"url\":\"https:\\\/\\\/mrnews.com.br\\\/\",\"logo\":{\"@type\":\"ImageObject\",\"inLanguage\":\"pt-BR\",\"@id\":\"https:\\\/\\\/mrnews.com.br\\\/#\\\/schema\\\/logo\\\/image\\\/\",\"url\":\"https:\\\/\\\/mrnews.com.br\\\/wp-content\\\/uploads\\\/2019\\\/06\\\/MRNewslogo2.png\",\"contentUrl\":\"https:\\\/\\\/mrnews.com.br\\\/wp-content\\\/uploads\\\/2019\\\/06\\\/MRNewslogo2.png\",\"width\":223,\"height\":58,\"caption\":\"MRNews\"},\"image\":{\"@id\":\"https:\\\/\\\/mrnews.com.br\\\/#\\\/schema\\\/logo\\\/image\\\/\"},\"sameAs\":[\"https:\\\/\\\/www.facebook.com\\\/eaipahpah\\\/?locale2=pt_BR\",\"https:\\\/\\\/x.com\\\/conspirou\",\"https:\\\/\\\/www.instagram.com\\\/eai_pahpah\",\"https:\\\/\\\/br.pinterest.com\\\/mrnewsn\\\/boards\\\/\",\"https:\\\/\\\/www.youtube.com\\\/channel\\\/UCacgnpznQ61fifLWr1tQ-vA?view_as=subscriber\"]},{\"@type\":\"Person\",\"@id\":\"https:\\\/\\\/mrnews.com.br\\\/#\\\/schema\\\/person\\\/be3203154562a9f207407861cef7827b\",\"name\":\"MR News\",\"image\":{\"@type\":\"ImageObject\",\"inLanguage\":\"pt-BR\",\"@id\":\"https:\\\/\\\/secure.gravatar.com\\\/avatar\\\/04084e6d73c042b8646e7c17b494073bf0ede3ea13c7105cfc45cbbbc28385a4?s=96&d=monsterid&r=g\",\"url\":\"https:\\\/\\\/secure.gravatar.com\\\/avatar\\\/04084e6d73c042b8646e7c17b494073bf0ede3ea13c7105cfc45cbbbc28385a4?s=96&d=monsterid&r=g\",\"contentUrl\":\"https:\\\/\\\/secure.gravatar.com\\\/avatar\\\/04084e6d73c042b8646e7c17b494073bf0ede3ea13c7105cfc45cbbbc28385a4?s=96&d=monsterid&r=g\",\"caption\":\"MR News\"},\"description\":\"Especializado em jornalismo colaborativo pela FTP em n\u00edvel de p\u00f3s-gradua\u00e7\u00e3o. suporte@oimeliga.combr\",\"sameAs\":[\"HUGO R.\",\"Admin\"],\"url\":\"https:\\\/\\\/mrnews.com.br\\\/index.php\\\/author\\\/admin\\\/\"}]}<\/script>\n<!-- \/ Yoast SEO plugin. -->","yoast_head_json":{"title":"Pesquisador da Uerj defende monitoramento da\u00a0trajet\u00f3ria de ex-cotistas","robots":{"index":"index","follow":"follow","max-snippet":"max-snippet:-1","max-image-preview":"max-image-preview:large","max-video-preview":"max-video-preview:-1"},"canonical":"https:\/\/mrnews.com.br\/index.php\/2025\/12\/06\/pesquisador-da-uerj-defende-monitoramento-da-trajetoria-de-ex-cotistas\/","og_locale":"pt_BR","og_type":"article","og_title":"Pesquisador da Uerj defende monitoramento da\u00a0trajet\u00f3ria de ex-cotistas","og_description":"Por EBC, A cria\u00e7\u00e3o de grupos de trabalho para acompanhar os egressos da\u00a0pol\u00edtica\u00a0de a\u00e7\u00e3o afirmativa na Universidade Estadual do Rio de Janeiro (Uerj) \u00e9 um passo fundamental para avaliar a medida, afirmou o soci\u00f3logo Luiz Augusto Campos. Um dos principais pesquisadores do campo, ele \u00e9 um dos organizadores do livro Impacto das Cotas: Duas D\u00e9cadas &hellip;","og_url":"https:\/\/mrnews.com.br\/index.php\/2025\/12\/06\/pesquisador-da-uerj-defende-monitoramento-da-trajetoria-de-ex-cotistas\/","og_site_name":"MRNews","article_publisher":"https:\/\/www.facebook.com\/eaipahpah\/?locale2=pt_BR","article_published_time":"2025-12-06T12:39:16+00:00","author":"MR News","twitter_card":"summary_large_image","twitter_creator":"@conspirou","twitter_site":"@conspirou","twitter_misc":{"Escrito por":"MR News","Est. tempo de leitura":"3 minutos"},"schema":{"@context":"https:\/\/schema.org","@graph":[{"@type":"Article","@id":"https:\/\/mrnews.com.br\/index.php\/2025\/12\/06\/pesquisador-da-uerj-defende-monitoramento-da-trajetoria-de-ex-cotistas\/#article","isPartOf":{"@id":"https:\/\/mrnews.com.br\/index.php\/2025\/12\/06\/pesquisador-da-uerj-defende-monitoramento-da-trajetoria-de-ex-cotistas\/"},"author":{"name":"MR News","@id":"https:\/\/mrnews.com.br\/#\/schema\/person\/be3203154562a9f207407861cef7827b"},"headline":"Pesquisador da Uerj defende monitoramento da\u00a0trajet\u00f3ria de ex-cotistas","datePublished":"2025-12-06T12:39:16+00:00","mainEntityOfPage":{"@id":"https:\/\/mrnews.com.br\/index.php\/2025\/12\/06\/pesquisador-da-uerj-defende-monitoramento-da-trajetoria-de-ex-cotistas\/"},"wordCount":582,"commentCount":0,"publisher":{"@id":"https:\/\/mrnews.com.br\/#organization"},"articleSection":["ENTRETENIMENTO","NOTICIAS","SERVI\u00c7OS"],"inLanguage":"pt-BR","potentialAction":[{"@type":"CommentAction","name":"Comment","target":["https:\/\/mrnews.com.br\/index.php\/2025\/12\/06\/pesquisador-da-uerj-defende-monitoramento-da-trajetoria-de-ex-cotistas\/#respond"]}]},{"@type":"WebPage","@id":"https:\/\/mrnews.com.br\/index.php\/2025\/12\/06\/pesquisador-da-uerj-defende-monitoramento-da-trajetoria-de-ex-cotistas\/","url":"https:\/\/mrnews.com.br\/index.php\/2025\/12\/06\/pesquisador-da-uerj-defende-monitoramento-da-trajetoria-de-ex-cotistas\/","name":"Pesquisador da Uerj defende monitoramento da\u00a0trajet\u00f3ria de ex-cotistas","isPartOf":{"@id":"https:\/\/mrnews.com.br\/#website"},"datePublished":"2025-12-06T12:39:16+00:00","breadcrumb":{"@id":"https:\/\/mrnews.com.br\/index.php\/2025\/12\/06\/pesquisador-da-uerj-defende-monitoramento-da-trajetoria-de-ex-cotistas\/#breadcrumb"},"inLanguage":"pt-BR","potentialAction":[{"@type":"ReadAction","target":["https:\/\/mrnews.com.br\/index.php\/2025\/12\/06\/pesquisador-da-uerj-defende-monitoramento-da-trajetoria-de-ex-cotistas\/"]}]},{"@type":"BreadcrumbList","@id":"https:\/\/mrnews.com.br\/index.php\/2025\/12\/06\/pesquisador-da-uerj-defende-monitoramento-da-trajetoria-de-ex-cotistas\/#breadcrumb","itemListElement":[{"@type":"ListItem","position":1,"name":"In\u00edcio","item":"https:\/\/mrnews.com.br\/"},{"@type":"ListItem","position":2,"name":"Pesquisador da Uerj defende monitoramento da\u00a0trajet\u00f3ria de ex-cotistas"}]},{"@type":"WebSite","@id":"https:\/\/mrnews.com.br\/#website","url":"https:\/\/mrnews.com.br\/","name":"MRNews","description":"MRNews Jogos de hoje da TV, transmiss\u00f5es ao vivo, Not\u00edcias de futebol, Jogos ao vivo, Lives, resumo de novelas, Programa\u00e7\u00e3o da Globo, A Fazenda e BBB","publisher":{"@id":"https:\/\/mrnews.com.br\/#organization"},"potentialAction":[{"@type":"SearchAction","target":{"@type":"EntryPoint","urlTemplate":"https:\/\/mrnews.com.br\/?s={search_term_string}"},"query-input":{"@type":"PropertyValueSpecification","valueRequired":true,"valueName":"search_term_string"}}],"inLanguage":"pt-BR"},{"@type":"Organization","@id":"https:\/\/mrnews.com.br\/#organization","name":"MRNews","url":"https:\/\/mrnews.com.br\/","logo":{"@type":"ImageObject","inLanguage":"pt-BR","@id":"https:\/\/mrnews.com.br\/#\/schema\/logo\/image\/","url":"https:\/\/mrnews.com.br\/wp-content\/uploads\/2019\/06\/MRNewslogo2.png","contentUrl":"https:\/\/mrnews.com.br\/wp-content\/uploads\/2019\/06\/MRNewslogo2.png","width":223,"height":58,"caption":"MRNews"},"image":{"@id":"https:\/\/mrnews.com.br\/#\/schema\/logo\/image\/"},"sameAs":["https:\/\/www.facebook.com\/eaipahpah\/?locale2=pt_BR","https:\/\/x.com\/conspirou","https:\/\/www.instagram.com\/eai_pahpah","https:\/\/br.pinterest.com\/mrnewsn\/boards\/","https:\/\/www.youtube.com\/channel\/UCacgnpznQ61fifLWr1tQ-vA?view_as=subscriber"]},{"@type":"Person","@id":"https:\/\/mrnews.com.br\/#\/schema\/person\/be3203154562a9f207407861cef7827b","name":"MR News","image":{"@type":"ImageObject","inLanguage":"pt-BR","@id":"https:\/\/secure.gravatar.com\/avatar\/04084e6d73c042b8646e7c17b494073bf0ede3ea13c7105cfc45cbbbc28385a4?s=96&d=monsterid&r=g","url":"https:\/\/secure.gravatar.com\/avatar\/04084e6d73c042b8646e7c17b494073bf0ede3ea13c7105cfc45cbbbc28385a4?s=96&d=monsterid&r=g","contentUrl":"https:\/\/secure.gravatar.com\/avatar\/04084e6d73c042b8646e7c17b494073bf0ede3ea13c7105cfc45cbbbc28385a4?s=96&d=monsterid&r=g","caption":"MR News"},"description":"Especializado em jornalismo colaborativo pela FTP em n\u00edvel de p\u00f3s-gradua\u00e7\u00e3o. suporte@oimeliga.combr","sameAs":["HUGO R.","Admin"],"url":"https:\/\/mrnews.com.br\/index.php\/author\/admin\/"}]}},"jetpack_featured_media_url":"","jetpack_sharing_enabled":true,"jetpack_shortlink":"https:\/\/wp.me\/pa2Qf7-1TSW","amp_enabled":true,"_links":{"self":[{"href":"https:\/\/mrnews.com.br\/index.php\/wp-json\/wp\/v2\/posts\/453154","targetHints":{"allow":["GET"]}}],"collection":[{"href":"https:\/\/mrnews.com.br\/index.php\/wp-json\/wp\/v2\/posts"}],"about":[{"href":"https:\/\/mrnews.com.br\/index.php\/wp-json\/wp\/v2\/types\/post"}],"author":[{"embeddable":true,"href":"https:\/\/mrnews.com.br\/index.php\/wp-json\/wp\/v2\/users\/1"}],"replies":[{"embeddable":true,"href":"https:\/\/mrnews.com.br\/index.php\/wp-json\/wp\/v2\/comments?post=453154"}],"version-history":[{"count":0,"href":"https:\/\/mrnews.com.br\/index.php\/wp-json\/wp\/v2\/posts\/453154\/revisions"}],"wp:attachment":[{"href":"https:\/\/mrnews.com.br\/index.php\/wp-json\/wp\/v2\/media?parent=453154"}],"wp:term":[{"taxonomy":"category","embeddable":true,"href":"https:\/\/mrnews.com.br\/index.php\/wp-json\/wp\/v2\/categories?post=453154"},{"taxonomy":"post_tag","embeddable":true,"href":"https:\/\/mrnews.com.br\/index.php\/wp-json\/wp\/v2\/tags?post=453154"}],"curies":[{"name":"wp","href":"https:\/\/api.w.org\/{rel}","templated":true}]}}