{"id":453161,"date":"2025-12-06T13:51:14","date_gmt":"2025-12-06T16:51:14","guid":{"rendered":"https:\/\/mrnews.com.br\/index.php\/2025\/12\/06\/instituto-criara-centro-especializado-em-energia-renovavel-no-oceano\/"},"modified":"2025-12-06T13:51:14","modified_gmt":"2025-12-06T16:51:14","slug":"instituto-criara-centro-especializado-em-energia-renovavel-no-oceano","status":"publish","type":"post","link":"https:\/\/mrnews.com.br\/index.php\/2025\/12\/06\/instituto-criara-centro-especializado-em-energia-renovavel-no-oceano\/","title":{"rendered":"Instituto criar\u00e1 centro especializado em energia renov\u00e1vel no oceano"},"content":{"rendered":"<p>Por EBC, <\/p>\n<div>\n<p><strong>Um projeto do Instituto Nacional de Pesquisas Oce\u00e2nicas (INPO) prev\u00ea a cria\u00e7\u00e3o do Centro Tem\u00e1tico de Energia Renov\u00e1vel no Oceano \u2013 Energia Azul. Por meio dele, ser\u00e3o desenvolvidas quatro tecnologias para produ\u00e7\u00e3o de energia renov\u00e1vel <em>offshore<\/em> (em alto-mar): convers\u00e3o de energia das ondas, correntes de mar\u00e9, gradiente t\u00e9rmico do oceano (OTEC) e produ\u00e7\u00e3o de hidrog\u00eanio verde.<\/strong><\/p>\n<p>Para colocar o projeto em pr\u00e1tica, o instituto venceu, recentemente, um edital da Financiadora de Estudos e Projetos (Finep) no valor de cerca de R$ 15 milh\u00f5es.<\/p>\n<h2>Redu\u00e7\u00e3o de emiss\u00f5es<\/h2>\n<p><strong>Segundo o INPO, as solu\u00e7\u00f5es t\u00eam aplica\u00e7\u00e3o industrial e podem reduzir emiss\u00f5es em setores de dif\u00edcil abatimento, o que inclui plataformas de \u00f3leo e g\u00e1s, fertilizantes, siderurgia, transporte e cimento. As unidades flutuantes que hoje utilizam turbinas movidas a g\u00e1s natural, por exemplo, poder\u00e3o substituir parte da gera\u00e7\u00e3o por fontes limpas produzidas no oceano.<\/strong><\/p>\n<p>O diretor-geral do INPO, Segen Estefen, refor\u00e7a o potencial estrat\u00e9gico da iniciativa.<\/p>\n<p>\u201cA disponibilidade de recursos renov\u00e1veis no oceano e a experi\u00eancia brasileira em atividades <em>offshore <\/em>s\u00e3o diferenciais importantes. Podemos transformar o oceano em um aliado estrat\u00e9gico na transi\u00e7\u00e3o energ\u00e9tica, produzindo eletricidade, hidrog\u00eanio e \u00e1gua dessalinizada de forma sustent\u00e1vel\u201d, diz ele.<\/p>\n<h2>Bolsas para estudantes<\/h2>\n<p><strong>Do total investido, R$ 4,3 milh\u00f5es ser\u00e3o destinados a bolsas de pesquisa para estudantes de mestrado, doutorado e p\u00f3s-doutorado em parceria com quatro universidades: Universidade Federal do Rio de Janeiro (UFRJ), Universidade Federal do Par\u00e1 (UFPA), Universidade Federal de Pernambuco (UFPE) e Funda\u00e7\u00e3o Get\u00falio Vargas (FGV). A medida busca fortalecer a forma\u00e7\u00e3o de especialistas e expandir a produ\u00e7\u00e3o de conhecimento em energias oce\u00e2nicas no pa\u00eds.<\/strong><\/p>\n<p>Outra frente do projeto simula fisicamente a produ\u00e7\u00e3o de hidrog\u00eanio a partir de energia e\u00f3lica <em>offshore<\/em>, utilizando \u00e1gua do mar dessalinizada para eletr\u00f3lise (convers\u00e3o de energia el\u00e9trica em energia qu\u00edmica).<\/p>\n<p>A tecnologia, segundo o INPO, busca resolver o problema da intermit\u00eancia da gera\u00e7\u00e3o e\u00f3lica, permite armazenar energia sob a forma de hidrog\u00eanio e garante estabilidade ao sistema el\u00e9trico.<\/p>\n<p><strong>Hoje, cerca de 250 <em>gigawatts <\/em>em projetos de e\u00f3lica <em>offshore<\/em> est\u00e3o em licenciamento no Instituto Brasileiro do Meio Ambiente e dos Recursos Naturais Renov\u00e1veis (Ibama). Se apenas 20% forem implantados, a matriz el\u00e9trica brasileira pode ganhar 50 <em>gigawatts<\/em> adicionais &#8211; quase um quarto da capacidade nacional atual.<\/strong><\/p>\n<p>A turbina para aproveitamento de correntes de mar\u00e9 ser\u00e1 capaz de operar tanto no oceano quanto em rios de fluxo cont\u00ednuo.<\/p>\n<p>\u201cMesmo turbinas de pequeno porte podem alcan\u00e7ar alta capacidade instalada. Isso permite levar energia limpa e cont\u00ednua a comunidades isoladas, solucionando um problema hist\u00f3rico de acesso \u00e0 eletricidade\u201d, afirma Estefen.<\/p>\n<h2>Conversor de \u00e1guas<\/h2>\n<p>O projeto prev\u00ea ainda o desenvolvimento de quatro equipamentos: um conversor de ondas, um sistema Otec baseado em ciclo de Rankine com am\u00f4nia, um m\u00f3dulo de produ\u00e7\u00e3o de hidrog\u00eanio <em>offshore <\/em>e uma turbina de correntes de mar\u00e9.<\/p>\n<p>Cada tecnologia ser\u00e1 projetada, constru\u00edda e testada em ambiente laboratorial e operacional, resultando em projetos-piloto prontos para instala\u00e7\u00e3o no mar.<\/p>\n<p>Estefen disse, ainda, que o Centro de Energia Azul ser\u00e1 decisivo para elevar o n\u00edvel de maturidade tecnol\u00f3gica das solu\u00e7\u00f5es.<\/p>\n<blockquote>\n<p>\u201cAs energias renov\u00e1veis <em>offshore <\/em>encontram-se atualmente em fase pr\u00e9-comercial, o que exige avan\u00e7os nos n\u00edveis de maturidade tecnol\u00f3gica (TRL). O Centro de Energia atuar\u00e1 justamente nesse est\u00e1gio intermedi\u00e1rio, viabilizando a prova de conceito e o detalhamento de projetos para aplica\u00e7\u00e3o em escala real. Ao final do projeto, para cada tecnologia est\u00e1 contemplada a entrega de respectivo projeto-piloto para instala\u00e7\u00e3o no mar, etapa que prepara o caminho para aplica\u00e7\u00f5es comerciais em larga escala\u201d, finaliza o diretor-geral.<\/p>\n<\/blockquote>\n<p>      <!-- Relacionada --><\/p>\n<p>            <!-- Relacionada -->\n    <\/div>\n","protected":false},"excerpt":{"rendered":"<p>Por EBC, Um projeto do Instituto Nacional de Pesquisas Oce\u00e2nicas (INPO) prev\u00ea a cria\u00e7\u00e3o do Centro Tem\u00e1tico de Energia Renov\u00e1vel no Oceano \u2013 Energia Azul. Por meio dele, ser\u00e3o desenvolvidas quatro tecnologias para produ\u00e7\u00e3o de energia renov\u00e1vel offshore (em alto-mar): convers\u00e3o de energia das ondas, correntes de mar\u00e9, gradiente t\u00e9rmico do oceano (OTEC) e produ\u00e7\u00e3o &hellip;<\/p>\n","protected":false},"author":1,"featured_media":0,"comment_status":"open","ping_status":"open","sticky":false,"template":"","format":"standard","meta":{"_jetpack_memberships_contains_paid_content":false,"footnotes":""},"categories":[2,12225,4],"tags":[],"class_list":["post-453161","post","type-post","status-publish","format-standard","hentry","category-entretenimento","category-noticias","category-servicos"],"yoast_head":"<!-- This site is optimized with the Yoast SEO plugin v27.4 - https:\/\/yoast.com\/product\/yoast-seo-wordpress\/ -->\n<title>Instituto criar\u00e1 centro especializado em energia renov\u00e1vel no oceano<\/title>\n<meta name=\"robots\" content=\"index, follow, max-snippet:-1, max-image-preview:large, max-video-preview:-1\" \/>\n<link rel=\"canonical\" href=\"https:\/\/mrnews.com.br\/index.php\/2025\/12\/06\/instituto-criara-centro-especializado-em-energia-renovavel-no-oceano\/\" \/>\n<meta property=\"og:locale\" content=\"pt_BR\" \/>\n<meta property=\"og:type\" content=\"article\" \/>\n<meta property=\"og:title\" content=\"Instituto criar\u00e1 centro especializado em energia renov\u00e1vel no oceano\" \/>\n<meta property=\"og:description\" content=\"Por EBC, Um projeto do Instituto Nacional de Pesquisas Oce\u00e2nicas (INPO) prev\u00ea a cria\u00e7\u00e3o do Centro Tem\u00e1tico de Energia Renov\u00e1vel no Oceano \u2013 Energia Azul. Por meio dele, ser\u00e3o desenvolvidas quatro tecnologias para produ\u00e7\u00e3o de energia renov\u00e1vel offshore (em alto-mar): convers\u00e3o de energia das ondas, correntes de mar\u00e9, gradiente t\u00e9rmico do oceano (OTEC) e produ\u00e7\u00e3o &hellip;\" \/>\n<meta property=\"og:url\" content=\"https:\/\/mrnews.com.br\/index.php\/2025\/12\/06\/instituto-criara-centro-especializado-em-energia-renovavel-no-oceano\/\" \/>\n<meta property=\"og:site_name\" content=\"MRNews\" \/>\n<meta property=\"article:publisher\" content=\"https:\/\/www.facebook.com\/eaipahpah\/?locale2=pt_BR\" \/>\n<meta property=\"article:published_time\" content=\"2025-12-06T16:51:14+00:00\" \/>\n<meta name=\"author\" content=\"MR News\" \/>\n<meta name=\"twitter:card\" content=\"summary_large_image\" \/>\n<meta name=\"twitter:creator\" content=\"@conspirou\" \/>\n<meta name=\"twitter:site\" content=\"@conspirou\" \/>\n<meta name=\"twitter:label1\" content=\"Escrito por\" \/>\n\t<meta name=\"twitter:data1\" content=\"MR News\" \/>\n\t<meta name=\"twitter:label2\" content=\"Est. tempo de leitura\" \/>\n\t<meta name=\"twitter:data2\" content=\"3 minutos\" \/>\n<script type=\"application\/ld+json\" class=\"yoast-schema-graph\">{\"@context\":\"https:\\\/\\\/schema.org\",\"@graph\":[{\"@type\":\"Article\",\"@id\":\"https:\\\/\\\/mrnews.com.br\\\/index.php\\\/2025\\\/12\\\/06\\\/instituto-criara-centro-especializado-em-energia-renovavel-no-oceano\\\/#article\",\"isPartOf\":{\"@id\":\"https:\\\/\\\/mrnews.com.br\\\/index.php\\\/2025\\\/12\\\/06\\\/instituto-criara-centro-especializado-em-energia-renovavel-no-oceano\\\/\"},\"author\":{\"name\":\"MR News\",\"@id\":\"https:\\\/\\\/mrnews.com.br\\\/#\\\/schema\\\/person\\\/be3203154562a9f207407861cef7827b\"},\"headline\":\"Instituto criar\u00e1 centro especializado em energia renov\u00e1vel no oceano\",\"datePublished\":\"2025-12-06T16:51:14+00:00\",\"mainEntityOfPage\":{\"@id\":\"https:\\\/\\\/mrnews.com.br\\\/index.php\\\/2025\\\/12\\\/06\\\/instituto-criara-centro-especializado-em-energia-renovavel-no-oceano\\\/\"},\"wordCount\":657,\"commentCount\":0,\"publisher\":{\"@id\":\"https:\\\/\\\/mrnews.com.br\\\/#organization\"},\"articleSection\":[\"ENTRETENIMENTO\",\"NOTICIAS\",\"SERVI\u00c7OS\"],\"inLanguage\":\"pt-BR\",\"potentialAction\":[{\"@type\":\"CommentAction\",\"name\":\"Comment\",\"target\":[\"https:\\\/\\\/mrnews.com.br\\\/index.php\\\/2025\\\/12\\\/06\\\/instituto-criara-centro-especializado-em-energia-renovavel-no-oceano\\\/#respond\"]}]},{\"@type\":\"WebPage\",\"@id\":\"https:\\\/\\\/mrnews.com.br\\\/index.php\\\/2025\\\/12\\\/06\\\/instituto-criara-centro-especializado-em-energia-renovavel-no-oceano\\\/\",\"url\":\"https:\\\/\\\/mrnews.com.br\\\/index.php\\\/2025\\\/12\\\/06\\\/instituto-criara-centro-especializado-em-energia-renovavel-no-oceano\\\/\",\"name\":\"Instituto criar\u00e1 centro especializado em energia renov\u00e1vel no oceano\",\"isPartOf\":{\"@id\":\"https:\\\/\\\/mrnews.com.br\\\/#website\"},\"datePublished\":\"2025-12-06T16:51:14+00:00\",\"breadcrumb\":{\"@id\":\"https:\\\/\\\/mrnews.com.br\\\/index.php\\\/2025\\\/12\\\/06\\\/instituto-criara-centro-especializado-em-energia-renovavel-no-oceano\\\/#breadcrumb\"},\"inLanguage\":\"pt-BR\",\"potentialAction\":[{\"@type\":\"ReadAction\",\"target\":[\"https:\\\/\\\/mrnews.com.br\\\/index.php\\\/2025\\\/12\\\/06\\\/instituto-criara-centro-especializado-em-energia-renovavel-no-oceano\\\/\"]}]},{\"@type\":\"BreadcrumbList\",\"@id\":\"https:\\\/\\\/mrnews.com.br\\\/index.php\\\/2025\\\/12\\\/06\\\/instituto-criara-centro-especializado-em-energia-renovavel-no-oceano\\\/#breadcrumb\",\"itemListElement\":[{\"@type\":\"ListItem\",\"position\":1,\"name\":\"In\u00edcio\",\"item\":\"https:\\\/\\\/mrnews.com.br\\\/\"},{\"@type\":\"ListItem\",\"position\":2,\"name\":\"Instituto criar\u00e1 centro especializado em energia renov\u00e1vel no oceano\"}]},{\"@type\":\"WebSite\",\"@id\":\"https:\\\/\\\/mrnews.com.br\\\/#website\",\"url\":\"https:\\\/\\\/mrnews.com.br\\\/\",\"name\":\"MRNews\",\"description\":\"MRNews Jogos de hoje da TV, transmiss\u00f5es ao vivo, Not\u00edcias de futebol, Jogos ao vivo, Lives, resumo de novelas, Programa\u00e7\u00e3o da Globo, A Fazenda e BBB\",\"publisher\":{\"@id\":\"https:\\\/\\\/mrnews.com.br\\\/#organization\"},\"potentialAction\":[{\"@type\":\"SearchAction\",\"target\":{\"@type\":\"EntryPoint\",\"urlTemplate\":\"https:\\\/\\\/mrnews.com.br\\\/?s={search_term_string}\"},\"query-input\":{\"@type\":\"PropertyValueSpecification\",\"valueRequired\":true,\"valueName\":\"search_term_string\"}}],\"inLanguage\":\"pt-BR\"},{\"@type\":\"Organization\",\"@id\":\"https:\\\/\\\/mrnews.com.br\\\/#organization\",\"name\":\"MRNews\",\"url\":\"https:\\\/\\\/mrnews.com.br\\\/\",\"logo\":{\"@type\":\"ImageObject\",\"inLanguage\":\"pt-BR\",\"@id\":\"https:\\\/\\\/mrnews.com.br\\\/#\\\/schema\\\/logo\\\/image\\\/\",\"url\":\"https:\\\/\\\/mrnews.com.br\\\/wp-content\\\/uploads\\\/2019\\\/06\\\/MRNewslogo2.png\",\"contentUrl\":\"https:\\\/\\\/mrnews.com.br\\\/wp-content\\\/uploads\\\/2019\\\/06\\\/MRNewslogo2.png\",\"width\":223,\"height\":58,\"caption\":\"MRNews\"},\"image\":{\"@id\":\"https:\\\/\\\/mrnews.com.br\\\/#\\\/schema\\\/logo\\\/image\\\/\"},\"sameAs\":[\"https:\\\/\\\/www.facebook.com\\\/eaipahpah\\\/?locale2=pt_BR\",\"https:\\\/\\\/x.com\\\/conspirou\",\"https:\\\/\\\/www.instagram.com\\\/eai_pahpah\",\"https:\\\/\\\/br.pinterest.com\\\/mrnewsn\\\/boards\\\/\",\"https:\\\/\\\/www.youtube.com\\\/channel\\\/UCacgnpznQ61fifLWr1tQ-vA?view_as=subscriber\"]},{\"@type\":\"Person\",\"@id\":\"https:\\\/\\\/mrnews.com.br\\\/#\\\/schema\\\/person\\\/be3203154562a9f207407861cef7827b\",\"name\":\"MR News\",\"image\":{\"@type\":\"ImageObject\",\"inLanguage\":\"pt-BR\",\"@id\":\"https:\\\/\\\/secure.gravatar.com\\\/avatar\\\/04084e6d73c042b8646e7c17b494073bf0ede3ea13c7105cfc45cbbbc28385a4?s=96&d=monsterid&r=g\",\"url\":\"https:\\\/\\\/secure.gravatar.com\\\/avatar\\\/04084e6d73c042b8646e7c17b494073bf0ede3ea13c7105cfc45cbbbc28385a4?s=96&d=monsterid&r=g\",\"contentUrl\":\"https:\\\/\\\/secure.gravatar.com\\\/avatar\\\/04084e6d73c042b8646e7c17b494073bf0ede3ea13c7105cfc45cbbbc28385a4?s=96&d=monsterid&r=g\",\"caption\":\"MR News\"},\"description\":\"Especializado em jornalismo colaborativo pela FTP em n\u00edvel de p\u00f3s-gradua\u00e7\u00e3o. suporte@oimeliga.combr\",\"sameAs\":[\"HUGO R.\",\"Admin\"],\"url\":\"https:\\\/\\\/mrnews.com.br\\\/index.php\\\/author\\\/admin\\\/\"}]}<\/script>\n<!-- \/ Yoast SEO plugin. -->","yoast_head_json":{"title":"Instituto criar\u00e1 centro especializado em energia renov\u00e1vel no oceano","robots":{"index":"index","follow":"follow","max-snippet":"max-snippet:-1","max-image-preview":"max-image-preview:large","max-video-preview":"max-video-preview:-1"},"canonical":"https:\/\/mrnews.com.br\/index.php\/2025\/12\/06\/instituto-criara-centro-especializado-em-energia-renovavel-no-oceano\/","og_locale":"pt_BR","og_type":"article","og_title":"Instituto criar\u00e1 centro especializado em energia renov\u00e1vel no oceano","og_description":"Por EBC, Um projeto do Instituto Nacional de Pesquisas Oce\u00e2nicas (INPO) prev\u00ea a cria\u00e7\u00e3o do Centro Tem\u00e1tico de Energia Renov\u00e1vel no Oceano \u2013 Energia Azul. Por meio dele, ser\u00e3o desenvolvidas quatro tecnologias para produ\u00e7\u00e3o de energia renov\u00e1vel offshore (em alto-mar): convers\u00e3o de energia das ondas, correntes de mar\u00e9, gradiente t\u00e9rmico do oceano (OTEC) e produ\u00e7\u00e3o &hellip;","og_url":"https:\/\/mrnews.com.br\/index.php\/2025\/12\/06\/instituto-criara-centro-especializado-em-energia-renovavel-no-oceano\/","og_site_name":"MRNews","article_publisher":"https:\/\/www.facebook.com\/eaipahpah\/?locale2=pt_BR","article_published_time":"2025-12-06T16:51:14+00:00","author":"MR News","twitter_card":"summary_large_image","twitter_creator":"@conspirou","twitter_site":"@conspirou","twitter_misc":{"Escrito por":"MR News","Est. tempo de leitura":"3 minutos"},"schema":{"@context":"https:\/\/schema.org","@graph":[{"@type":"Article","@id":"https:\/\/mrnews.com.br\/index.php\/2025\/12\/06\/instituto-criara-centro-especializado-em-energia-renovavel-no-oceano\/#article","isPartOf":{"@id":"https:\/\/mrnews.com.br\/index.php\/2025\/12\/06\/instituto-criara-centro-especializado-em-energia-renovavel-no-oceano\/"},"author":{"name":"MR News","@id":"https:\/\/mrnews.com.br\/#\/schema\/person\/be3203154562a9f207407861cef7827b"},"headline":"Instituto criar\u00e1 centro especializado em energia renov\u00e1vel no oceano","datePublished":"2025-12-06T16:51:14+00:00","mainEntityOfPage":{"@id":"https:\/\/mrnews.com.br\/index.php\/2025\/12\/06\/instituto-criara-centro-especializado-em-energia-renovavel-no-oceano\/"},"wordCount":657,"commentCount":0,"publisher":{"@id":"https:\/\/mrnews.com.br\/#organization"},"articleSection":["ENTRETENIMENTO","NOTICIAS","SERVI\u00c7OS"],"inLanguage":"pt-BR","potentialAction":[{"@type":"CommentAction","name":"Comment","target":["https:\/\/mrnews.com.br\/index.php\/2025\/12\/06\/instituto-criara-centro-especializado-em-energia-renovavel-no-oceano\/#respond"]}]},{"@type":"WebPage","@id":"https:\/\/mrnews.com.br\/index.php\/2025\/12\/06\/instituto-criara-centro-especializado-em-energia-renovavel-no-oceano\/","url":"https:\/\/mrnews.com.br\/index.php\/2025\/12\/06\/instituto-criara-centro-especializado-em-energia-renovavel-no-oceano\/","name":"Instituto criar\u00e1 centro especializado em energia renov\u00e1vel no oceano","isPartOf":{"@id":"https:\/\/mrnews.com.br\/#website"},"datePublished":"2025-12-06T16:51:14+00:00","breadcrumb":{"@id":"https:\/\/mrnews.com.br\/index.php\/2025\/12\/06\/instituto-criara-centro-especializado-em-energia-renovavel-no-oceano\/#breadcrumb"},"inLanguage":"pt-BR","potentialAction":[{"@type":"ReadAction","target":["https:\/\/mrnews.com.br\/index.php\/2025\/12\/06\/instituto-criara-centro-especializado-em-energia-renovavel-no-oceano\/"]}]},{"@type":"BreadcrumbList","@id":"https:\/\/mrnews.com.br\/index.php\/2025\/12\/06\/instituto-criara-centro-especializado-em-energia-renovavel-no-oceano\/#breadcrumb","itemListElement":[{"@type":"ListItem","position":1,"name":"In\u00edcio","item":"https:\/\/mrnews.com.br\/"},{"@type":"ListItem","position":2,"name":"Instituto criar\u00e1 centro especializado em energia renov\u00e1vel no oceano"}]},{"@type":"WebSite","@id":"https:\/\/mrnews.com.br\/#website","url":"https:\/\/mrnews.com.br\/","name":"MRNews","description":"MRNews Jogos de hoje da TV, transmiss\u00f5es ao vivo, Not\u00edcias de futebol, Jogos ao vivo, Lives, resumo de novelas, Programa\u00e7\u00e3o da Globo, A Fazenda e BBB","publisher":{"@id":"https:\/\/mrnews.com.br\/#organization"},"potentialAction":[{"@type":"SearchAction","target":{"@type":"EntryPoint","urlTemplate":"https:\/\/mrnews.com.br\/?s={search_term_string}"},"query-input":{"@type":"PropertyValueSpecification","valueRequired":true,"valueName":"search_term_string"}}],"inLanguage":"pt-BR"},{"@type":"Organization","@id":"https:\/\/mrnews.com.br\/#organization","name":"MRNews","url":"https:\/\/mrnews.com.br\/","logo":{"@type":"ImageObject","inLanguage":"pt-BR","@id":"https:\/\/mrnews.com.br\/#\/schema\/logo\/image\/","url":"https:\/\/mrnews.com.br\/wp-content\/uploads\/2019\/06\/MRNewslogo2.png","contentUrl":"https:\/\/mrnews.com.br\/wp-content\/uploads\/2019\/06\/MRNewslogo2.png","width":223,"height":58,"caption":"MRNews"},"image":{"@id":"https:\/\/mrnews.com.br\/#\/schema\/logo\/image\/"},"sameAs":["https:\/\/www.facebook.com\/eaipahpah\/?locale2=pt_BR","https:\/\/x.com\/conspirou","https:\/\/www.instagram.com\/eai_pahpah","https:\/\/br.pinterest.com\/mrnewsn\/boards\/","https:\/\/www.youtube.com\/channel\/UCacgnpznQ61fifLWr1tQ-vA?view_as=subscriber"]},{"@type":"Person","@id":"https:\/\/mrnews.com.br\/#\/schema\/person\/be3203154562a9f207407861cef7827b","name":"MR News","image":{"@type":"ImageObject","inLanguage":"pt-BR","@id":"https:\/\/secure.gravatar.com\/avatar\/04084e6d73c042b8646e7c17b494073bf0ede3ea13c7105cfc45cbbbc28385a4?s=96&d=monsterid&r=g","url":"https:\/\/secure.gravatar.com\/avatar\/04084e6d73c042b8646e7c17b494073bf0ede3ea13c7105cfc45cbbbc28385a4?s=96&d=monsterid&r=g","contentUrl":"https:\/\/secure.gravatar.com\/avatar\/04084e6d73c042b8646e7c17b494073bf0ede3ea13c7105cfc45cbbbc28385a4?s=96&d=monsterid&r=g","caption":"MR News"},"description":"Especializado em jornalismo colaborativo pela FTP em n\u00edvel de p\u00f3s-gradua\u00e7\u00e3o. suporte@oimeliga.combr","sameAs":["HUGO R.","Admin"],"url":"https:\/\/mrnews.com.br\/index.php\/author\/admin\/"}]}},"jetpack_featured_media_url":"","jetpack_sharing_enabled":true,"jetpack_shortlink":"https:\/\/wp.me\/pa2Qf7-1TT3","amp_enabled":true,"_links":{"self":[{"href":"https:\/\/mrnews.com.br\/index.php\/wp-json\/wp\/v2\/posts\/453161","targetHints":{"allow":["GET"]}}],"collection":[{"href":"https:\/\/mrnews.com.br\/index.php\/wp-json\/wp\/v2\/posts"}],"about":[{"href":"https:\/\/mrnews.com.br\/index.php\/wp-json\/wp\/v2\/types\/post"}],"author":[{"embeddable":true,"href":"https:\/\/mrnews.com.br\/index.php\/wp-json\/wp\/v2\/users\/1"}],"replies":[{"embeddable":true,"href":"https:\/\/mrnews.com.br\/index.php\/wp-json\/wp\/v2\/comments?post=453161"}],"version-history":[{"count":0,"href":"https:\/\/mrnews.com.br\/index.php\/wp-json\/wp\/v2\/posts\/453161\/revisions"}],"wp:attachment":[{"href":"https:\/\/mrnews.com.br\/index.php\/wp-json\/wp\/v2\/media?parent=453161"}],"wp:term":[{"taxonomy":"category","embeddable":true,"href":"https:\/\/mrnews.com.br\/index.php\/wp-json\/wp\/v2\/categories?post=453161"},{"taxonomy":"post_tag","embeddable":true,"href":"https:\/\/mrnews.com.br\/index.php\/wp-json\/wp\/v2\/tags?post=453161"}],"curies":[{"name":"wp","href":"https:\/\/api.w.org\/{rel}","templated":true}]}}