{"id":453165,"date":"2025-12-06T15:57:16","date_gmt":"2025-12-06T18:57:16","guid":{"rendered":"https:\/\/mrnews.com.br\/index.php\/2025\/12\/06\/soldado-confessa-morte-de-militar-e-incendio-de-quartel-em-brasilia\/"},"modified":"2025-12-06T15:57:16","modified_gmt":"2025-12-06T18:57:16","slug":"soldado-confessa-morte-de-militar-e-incendio-de-quartel-em-brasilia","status":"publish","type":"post","link":"https:\/\/mrnews.com.br\/index.php\/2025\/12\/06\/soldado-confessa-morte-de-militar-e-incendio-de-quartel-em-brasilia\/","title":{"rendered":"Soldado confessa morte de militar e inc\u00eandio de quartel em Bras\u00edlia"},"content":{"rendered":"<p>Por EBC, <\/p>\n<div>\n<p><strong>A morte da cabo do Ex\u00e9rcito Maria de Lourdes Freire Matos, 25 anos, na sexta-feira (5) \u00e0 tarde, est\u00e1 sendo investigado como feminic\u00eddio, informou neste s\u00e1bado (6) a Pol\u00edcia Civil do Distrito Federal (PCDF). <\/strong><\/p>\n<p><strong>Segundo a 2\u00aa Delegacia Policial (DP), da Asa Norte, o soldado Kelvin Barros da Silva, 21 anos, confessou a autoria do crime e est\u00e1 preso no Batalh\u00e3o da Pol\u00edcia do Ex\u00e9rcito, em Bras\u00edlia<\/strong>.<\/p>\n<p>Em v\u00eddeo divulgado pela PCDF, o delegado Paulo Noritika, chefe da 2\u00aa DP, explicou que o soldado contou que o <strong>assassinato ocorreu depois de uma discuss\u00e3o com a v\u00edtima<\/strong>. Nas palavras do autor confesso do crime, Maria de Lourdes teria exigido que o soldado terminasse o relacionamento com a namorada e a assumisse. A fam\u00edlia da v\u00edtima, no entanto, nega que os dois tivessem uma rela\u00e7\u00e3o.<\/p>\n<p><strong>Segundo o delegado, o soldado n\u00e3o tinha antecedentes criminais<\/strong>.<\/p>\n<blockquote>\n<p>\u201cO autor est\u00e1 sob cust\u00f3dia no Servi\u00e7o de Guarda do Ex\u00e9rcito e responder\u00e1 por feminic\u00eddio, furto de arma, inc\u00eandio e fraude processual, podendo ser condenado a 54 anos de pris\u00e3o\u201d, acrescentou Noritika.<\/p>\n<\/blockquote>\n<p>O corpo da militar foi encontrado na sexta (6), pouco depois das 16h, carbonizado e com um corte no pesco\u00e7o pelo Corpo de Bombeiros Militar do Distrito Federal (CBMDF), que apagou um inc\u00eandio no 1\u00ba Regimento de Cavalaria de Guardas (RGC), no Setor Militar Urbano. <strong>Em nota, os bombeiros confirmaram que encontraram grande quantidade de combust\u00edvel ap\u00f3s extinguirem as chamas.<\/strong><\/p>\n<p>\u201cNo local, havia grande quantidade de material combust\u00edvel. As edifica\u00e7\u00f5es vizinhas foram resfriadas, evitando que o fogo se propagasse. O inc\u00eandio foi rapidamente controlado e, durante a fase de resfriamento dos materiais queimados, os socorristas encontraram um corpo carbonizado, do sexo feminino, ainda n\u00e3o identificado\u201d, informou o CBMDF.<\/p>\n<h2>Pesar<\/h2>\n<p><strong>Maria de Lourdes Freire Matos era saxofonista da banda do regimento<\/strong>. Em manifesta\u00e7\u00e3o nas redes sociais, o 1\u00ba RCG manifestou pesar pelo assassinato.<\/p>\n<blockquote>\n<p>\u201cO 1\u00ba Regimento de Cavalaria de Guardas manifesta profundo pesar pelo falecimento da cabo Maria de Lourdes Freire Matos, cuja trajet\u00f3ria na institui\u00e7\u00e3o foi marcada por dedica\u00e7\u00e3o, profissionalismo e um compromisso exemplar com o servi\u00e7o prestado na fanfarra. Neste momento de dor, expressamos nossas mais sinceras condol\u00eancias aos familiares, amigos e irm\u00e3os de farda\u201d, destacou o comunicado.<\/p>\n<\/blockquote>\n<h2>Exclus\u00e3o do Ex\u00e9rcito<\/h2>\n<p><strong>O Ex\u00e9rcito informou que o soldado foi preso em flagrante imediatamente ap\u00f3s a confiss\u00e3o. Segundo o Centro de Comunica\u00e7\u00e3o Social do Ex\u00e9rcito, foi instaurado um Inqu\u00e9rito Policial Militar (IPM). O criminoso confesso dever\u00e1 ser exclu\u00eddo da For\u00e7a Militar.<\/strong><\/p>\n<p>A corpora\u00e7\u00e3o informou estar prestando assist\u00eancia \u00e0 fam\u00edlia. \u201cO Ex\u00e9rcito Brasileiro presta total apoio \u00e0 fam\u00edlia e lamenta profundamente a perda da cabo Maria de Lourdes de Freire Matos e reitera a sua posi\u00e7\u00e3o de n\u00e3o coadunar com atos criminosos e punir com rigor os respons\u00e1veis\u201d, destacou.<\/p>\n<h2>Onda de feminic\u00eddios<\/h2>\n<p><strong>O caso soma-se a uma onda de feminic\u00eddios recentes que abalaram o pa\u00eds. No \u00faltimo dia 28, duas funcion\u00e1rias de um Centro Federal de Educa\u00e7\u00e3o Tecnol\u00f3gica (Cefet) no Rio de Janeiro foram mortas a tiros por um funcion\u00e1rio da mesma institui\u00e7\u00e3o de ensino, que se matou em seguida<\/strong>.<\/p>\n<p>Na capital paulista, uma mulher de 31 anos teve as pernas severamente mutiladas ap\u00f3s ser atropelada e arrastada, por cerca de um quil\u00f4metro no \u00faltimo s\u00e1bado (29), enquanto ainda estava presa embaixo do ve\u00edculo. <strong>Tamb\u00e9m em S\u00e3o Paulo, um homem atirou com duas armas, contra sua ex-companheira na pastelaria em que ela trabalhava na \u00faltima segunda-feira (1\u00ba)<\/strong>.<\/p>\n<p>No Recife, um homem de 39 anos foi preso em flagrante tamb\u00e9m no s\u00e1bado, suspeito de provocar um inc\u00eandio que matou sua esposa, gr\u00e1vida, e os quatro filhos do casal.<\/p>\n<p><strong>O presidente Luiz In\u00e1cio Lula da Silva comentou a onda de feminic\u00eddios nesta semana. Em discurso em Pernambuco na \u00faltima ter\u00e7a-feira (2), ele pediu o engajamento dos homens para mudar a cultura da viol\u00eancia de g\u00eanero que predomina na sociedade.<\/strong><\/p>\n<p>      <!-- Relacionada --><\/p>\n<p>            <!-- Relacionada -->\n    <\/div>\n","protected":false},"excerpt":{"rendered":"<p>Por EBC, A morte da cabo do Ex\u00e9rcito Maria de Lourdes Freire Matos, 25 anos, na sexta-feira (5) \u00e0 tarde, est\u00e1 sendo investigado como feminic\u00eddio, informou neste s\u00e1bado (6) a Pol\u00edcia Civil do Distrito Federal (PCDF). Segundo a 2\u00aa Delegacia Policial (DP), da Asa Norte, o soldado Kelvin Barros da Silva, 21 anos, confessou a &hellip;<\/p>\n","protected":false},"author":1,"featured_media":0,"comment_status":"open","ping_status":"open","sticky":false,"template":"","format":"standard","meta":{"_jetpack_memberships_contains_paid_content":false,"footnotes":""},"categories":[2,12225,4],"tags":[],"class_list":["post-453165","post","type-post","status-publish","format-standard","hentry","category-entretenimento","category-noticias","category-servicos"],"yoast_head":"<!-- This site is optimized with the Yoast SEO plugin v27.5 - https:\/\/yoast.com\/product\/yoast-seo-wordpress\/ -->\n<title>Soldado confessa morte de militar e inc\u00eandio de quartel em Bras\u00edlia<\/title>\n<meta name=\"robots\" content=\"index, follow, max-snippet:-1, max-image-preview:large, max-video-preview:-1\" \/>\n<link rel=\"canonical\" href=\"https:\/\/mrnews.com.br\/index.php\/2025\/12\/06\/soldado-confessa-morte-de-militar-e-incendio-de-quartel-em-brasilia\/\" \/>\n<meta property=\"og:locale\" content=\"pt_BR\" \/>\n<meta property=\"og:type\" content=\"article\" \/>\n<meta property=\"og:title\" content=\"Soldado confessa morte de militar e inc\u00eandio de quartel em Bras\u00edlia\" \/>\n<meta property=\"og:description\" content=\"Por EBC, A morte da cabo do Ex\u00e9rcito Maria de Lourdes Freire Matos, 25 anos, na sexta-feira (5) \u00e0 tarde, est\u00e1 sendo investigado como feminic\u00eddio, informou neste s\u00e1bado (6) a Pol\u00edcia Civil do Distrito Federal (PCDF). Segundo a 2\u00aa Delegacia Policial (DP), da Asa Norte, o soldado Kelvin Barros da Silva, 21 anos, confessou a &hellip;\" \/>\n<meta property=\"og:url\" content=\"https:\/\/mrnews.com.br\/index.php\/2025\/12\/06\/soldado-confessa-morte-de-militar-e-incendio-de-quartel-em-brasilia\/\" \/>\n<meta property=\"og:site_name\" content=\"MRNews\" \/>\n<meta property=\"article:publisher\" content=\"https:\/\/www.facebook.com\/eaipahpah\/?locale2=pt_BR\" \/>\n<meta property=\"article:published_time\" content=\"2025-12-06T18:57:16+00:00\" \/>\n<meta name=\"author\" content=\"MR News\" \/>\n<meta name=\"twitter:card\" content=\"summary_large_image\" \/>\n<meta name=\"twitter:creator\" content=\"@conspirou\" \/>\n<meta name=\"twitter:site\" content=\"@conspirou\" \/>\n<meta name=\"twitter:label1\" content=\"Escrito por\" \/>\n\t<meta name=\"twitter:data1\" content=\"MR News\" \/>\n\t<meta name=\"twitter:label2\" content=\"Est. tempo de leitura\" \/>\n\t<meta name=\"twitter:data2\" content=\"3 minutos\" \/>\n<script type=\"application\/ld+json\" class=\"yoast-schema-graph\">{\"@context\":\"https:\\\/\\\/schema.org\",\"@graph\":[{\"@type\":\"Article\",\"@id\":\"https:\\\/\\\/mrnews.com.br\\\/index.php\\\/2025\\\/12\\\/06\\\/soldado-confessa-morte-de-militar-e-incendio-de-quartel-em-brasilia\\\/#article\",\"isPartOf\":{\"@id\":\"https:\\\/\\\/mrnews.com.br\\\/index.php\\\/2025\\\/12\\\/06\\\/soldado-confessa-morte-de-militar-e-incendio-de-quartel-em-brasilia\\\/\"},\"author\":{\"name\":\"MR News\",\"@id\":\"https:\\\/\\\/mrnews.com.br\\\/#\\\/schema\\\/person\\\/be3203154562a9f207407861cef7827b\"},\"headline\":\"Soldado confessa morte de militar e inc\u00eandio de quartel em Bras\u00edlia\",\"datePublished\":\"2025-12-06T18:57:16+00:00\",\"mainEntityOfPage\":{\"@id\":\"https:\\\/\\\/mrnews.com.br\\\/index.php\\\/2025\\\/12\\\/06\\\/soldado-confessa-morte-de-militar-e-incendio-de-quartel-em-brasilia\\\/\"},\"wordCount\":701,\"commentCount\":0,\"publisher\":{\"@id\":\"https:\\\/\\\/mrnews.com.br\\\/#organization\"},\"articleSection\":[\"ENTRETENIMENTO\",\"NOTICIAS\",\"SERVI\u00c7OS\"],\"inLanguage\":\"pt-BR\",\"potentialAction\":[{\"@type\":\"CommentAction\",\"name\":\"Comment\",\"target\":[\"https:\\\/\\\/mrnews.com.br\\\/index.php\\\/2025\\\/12\\\/06\\\/soldado-confessa-morte-de-militar-e-incendio-de-quartel-em-brasilia\\\/#respond\"]}]},{\"@type\":\"WebPage\",\"@id\":\"https:\\\/\\\/mrnews.com.br\\\/index.php\\\/2025\\\/12\\\/06\\\/soldado-confessa-morte-de-militar-e-incendio-de-quartel-em-brasilia\\\/\",\"url\":\"https:\\\/\\\/mrnews.com.br\\\/index.php\\\/2025\\\/12\\\/06\\\/soldado-confessa-morte-de-militar-e-incendio-de-quartel-em-brasilia\\\/\",\"name\":\"Soldado confessa morte de militar e inc\u00eandio de quartel em Bras\u00edlia\",\"isPartOf\":{\"@id\":\"https:\\\/\\\/mrnews.com.br\\\/#website\"},\"datePublished\":\"2025-12-06T18:57:16+00:00\",\"breadcrumb\":{\"@id\":\"https:\\\/\\\/mrnews.com.br\\\/index.php\\\/2025\\\/12\\\/06\\\/soldado-confessa-morte-de-militar-e-incendio-de-quartel-em-brasilia\\\/#breadcrumb\"},\"inLanguage\":\"pt-BR\",\"potentialAction\":[{\"@type\":\"ReadAction\",\"target\":[\"https:\\\/\\\/mrnews.com.br\\\/index.php\\\/2025\\\/12\\\/06\\\/soldado-confessa-morte-de-militar-e-incendio-de-quartel-em-brasilia\\\/\"]}]},{\"@type\":\"BreadcrumbList\",\"@id\":\"https:\\\/\\\/mrnews.com.br\\\/index.php\\\/2025\\\/12\\\/06\\\/soldado-confessa-morte-de-militar-e-incendio-de-quartel-em-brasilia\\\/#breadcrumb\",\"itemListElement\":[{\"@type\":\"ListItem\",\"position\":1,\"name\":\"In\u00edcio\",\"item\":\"https:\\\/\\\/mrnews.com.br\\\/\"},{\"@type\":\"ListItem\",\"position\":2,\"name\":\"Soldado confessa morte de militar e inc\u00eandio de quartel em Bras\u00edlia\"}]},{\"@type\":\"WebSite\",\"@id\":\"https:\\\/\\\/mrnews.com.br\\\/#website\",\"url\":\"https:\\\/\\\/mrnews.com.br\\\/\",\"name\":\"MRNews\",\"description\":\"MRNews Jogos de hoje da TV, transmiss\u00f5es ao vivo, Not\u00edcias de futebol, Jogos ao vivo, Lives, resumo de novelas, Programa\u00e7\u00e3o da Globo, A Fazenda e BBB\",\"publisher\":{\"@id\":\"https:\\\/\\\/mrnews.com.br\\\/#organization\"},\"potentialAction\":[{\"@type\":\"SearchAction\",\"target\":{\"@type\":\"EntryPoint\",\"urlTemplate\":\"https:\\\/\\\/mrnews.com.br\\\/?s={search_term_string}\"},\"query-input\":{\"@type\":\"PropertyValueSpecification\",\"valueRequired\":true,\"valueName\":\"search_term_string\"}}],\"inLanguage\":\"pt-BR\"},{\"@type\":\"Organization\",\"@id\":\"https:\\\/\\\/mrnews.com.br\\\/#organization\",\"name\":\"MRNews\",\"url\":\"https:\\\/\\\/mrnews.com.br\\\/\",\"logo\":{\"@type\":\"ImageObject\",\"inLanguage\":\"pt-BR\",\"@id\":\"https:\\\/\\\/mrnews.com.br\\\/#\\\/schema\\\/logo\\\/image\\\/\",\"url\":\"https:\\\/\\\/mrnews.com.br\\\/wp-content\\\/uploads\\\/2019\\\/06\\\/MRNewslogo2.png\",\"contentUrl\":\"https:\\\/\\\/mrnews.com.br\\\/wp-content\\\/uploads\\\/2019\\\/06\\\/MRNewslogo2.png\",\"width\":223,\"height\":58,\"caption\":\"MRNews\"},\"image\":{\"@id\":\"https:\\\/\\\/mrnews.com.br\\\/#\\\/schema\\\/logo\\\/image\\\/\"},\"sameAs\":[\"https:\\\/\\\/www.facebook.com\\\/eaipahpah\\\/?locale2=pt_BR\",\"https:\\\/\\\/x.com\\\/conspirou\",\"https:\\\/\\\/www.instagram.com\\\/eai_pahpah\",\"https:\\\/\\\/br.pinterest.com\\\/mrnewsn\\\/boards\\\/\",\"https:\\\/\\\/www.youtube.com\\\/channel\\\/UCacgnpznQ61fifLWr1tQ-vA?view_as=subscriber\"]},{\"@type\":\"Person\",\"@id\":\"https:\\\/\\\/mrnews.com.br\\\/#\\\/schema\\\/person\\\/be3203154562a9f207407861cef7827b\",\"name\":\"MR News\",\"image\":{\"@type\":\"ImageObject\",\"inLanguage\":\"pt-BR\",\"@id\":\"https:\\\/\\\/secure.gravatar.com\\\/avatar\\\/04084e6d73c042b8646e7c17b494073bf0ede3ea13c7105cfc45cbbbc28385a4?s=96&d=monsterid&r=g\",\"url\":\"https:\\\/\\\/secure.gravatar.com\\\/avatar\\\/04084e6d73c042b8646e7c17b494073bf0ede3ea13c7105cfc45cbbbc28385a4?s=96&d=monsterid&r=g\",\"contentUrl\":\"https:\\\/\\\/secure.gravatar.com\\\/avatar\\\/04084e6d73c042b8646e7c17b494073bf0ede3ea13c7105cfc45cbbbc28385a4?s=96&d=monsterid&r=g\",\"caption\":\"MR News\"},\"description\":\"Especializado em jornalismo colaborativo pela FTP em n\u00edvel de p\u00f3s-gradua\u00e7\u00e3o. suporte@oimeliga.combr\",\"sameAs\":[\"HUGO R.\",\"Admin\"],\"url\":\"https:\\\/\\\/mrnews.com.br\\\/index.php\\\/author\\\/admin\\\/\"}]}<\/script>\n<!-- \/ Yoast SEO plugin. -->","yoast_head_json":{"title":"Soldado confessa morte de militar e inc\u00eandio de quartel em Bras\u00edlia","robots":{"index":"index","follow":"follow","max-snippet":"max-snippet:-1","max-image-preview":"max-image-preview:large","max-video-preview":"max-video-preview:-1"},"canonical":"https:\/\/mrnews.com.br\/index.php\/2025\/12\/06\/soldado-confessa-morte-de-militar-e-incendio-de-quartel-em-brasilia\/","og_locale":"pt_BR","og_type":"article","og_title":"Soldado confessa morte de militar e inc\u00eandio de quartel em Bras\u00edlia","og_description":"Por EBC, A morte da cabo do Ex\u00e9rcito Maria de Lourdes Freire Matos, 25 anos, na sexta-feira (5) \u00e0 tarde, est\u00e1 sendo investigado como feminic\u00eddio, informou neste s\u00e1bado (6) a Pol\u00edcia Civil do Distrito Federal (PCDF). Segundo a 2\u00aa Delegacia Policial (DP), da Asa Norte, o soldado Kelvin Barros da Silva, 21 anos, confessou a &hellip;","og_url":"https:\/\/mrnews.com.br\/index.php\/2025\/12\/06\/soldado-confessa-morte-de-militar-e-incendio-de-quartel-em-brasilia\/","og_site_name":"MRNews","article_publisher":"https:\/\/www.facebook.com\/eaipahpah\/?locale2=pt_BR","article_published_time":"2025-12-06T18:57:16+00:00","author":"MR News","twitter_card":"summary_large_image","twitter_creator":"@conspirou","twitter_site":"@conspirou","twitter_misc":{"Escrito por":"MR News","Est. tempo de leitura":"3 minutos"},"schema":{"@context":"https:\/\/schema.org","@graph":[{"@type":"Article","@id":"https:\/\/mrnews.com.br\/index.php\/2025\/12\/06\/soldado-confessa-morte-de-militar-e-incendio-de-quartel-em-brasilia\/#article","isPartOf":{"@id":"https:\/\/mrnews.com.br\/index.php\/2025\/12\/06\/soldado-confessa-morte-de-militar-e-incendio-de-quartel-em-brasilia\/"},"author":{"name":"MR News","@id":"https:\/\/mrnews.com.br\/#\/schema\/person\/be3203154562a9f207407861cef7827b"},"headline":"Soldado confessa morte de militar e inc\u00eandio de quartel em Bras\u00edlia","datePublished":"2025-12-06T18:57:16+00:00","mainEntityOfPage":{"@id":"https:\/\/mrnews.com.br\/index.php\/2025\/12\/06\/soldado-confessa-morte-de-militar-e-incendio-de-quartel-em-brasilia\/"},"wordCount":701,"commentCount":0,"publisher":{"@id":"https:\/\/mrnews.com.br\/#organization"},"articleSection":["ENTRETENIMENTO","NOTICIAS","SERVI\u00c7OS"],"inLanguage":"pt-BR","potentialAction":[{"@type":"CommentAction","name":"Comment","target":["https:\/\/mrnews.com.br\/index.php\/2025\/12\/06\/soldado-confessa-morte-de-militar-e-incendio-de-quartel-em-brasilia\/#respond"]}]},{"@type":"WebPage","@id":"https:\/\/mrnews.com.br\/index.php\/2025\/12\/06\/soldado-confessa-morte-de-militar-e-incendio-de-quartel-em-brasilia\/","url":"https:\/\/mrnews.com.br\/index.php\/2025\/12\/06\/soldado-confessa-morte-de-militar-e-incendio-de-quartel-em-brasilia\/","name":"Soldado confessa morte de militar e inc\u00eandio de quartel em Bras\u00edlia","isPartOf":{"@id":"https:\/\/mrnews.com.br\/#website"},"datePublished":"2025-12-06T18:57:16+00:00","breadcrumb":{"@id":"https:\/\/mrnews.com.br\/index.php\/2025\/12\/06\/soldado-confessa-morte-de-militar-e-incendio-de-quartel-em-brasilia\/#breadcrumb"},"inLanguage":"pt-BR","potentialAction":[{"@type":"ReadAction","target":["https:\/\/mrnews.com.br\/index.php\/2025\/12\/06\/soldado-confessa-morte-de-militar-e-incendio-de-quartel-em-brasilia\/"]}]},{"@type":"BreadcrumbList","@id":"https:\/\/mrnews.com.br\/index.php\/2025\/12\/06\/soldado-confessa-morte-de-militar-e-incendio-de-quartel-em-brasilia\/#breadcrumb","itemListElement":[{"@type":"ListItem","position":1,"name":"In\u00edcio","item":"https:\/\/mrnews.com.br\/"},{"@type":"ListItem","position":2,"name":"Soldado confessa morte de militar e inc\u00eandio de quartel em Bras\u00edlia"}]},{"@type":"WebSite","@id":"https:\/\/mrnews.com.br\/#website","url":"https:\/\/mrnews.com.br\/","name":"MRNews","description":"MRNews Jogos de hoje da TV, transmiss\u00f5es ao vivo, Not\u00edcias de futebol, Jogos ao vivo, Lives, resumo de novelas, Programa\u00e7\u00e3o da Globo, A Fazenda e BBB","publisher":{"@id":"https:\/\/mrnews.com.br\/#organization"},"potentialAction":[{"@type":"SearchAction","target":{"@type":"EntryPoint","urlTemplate":"https:\/\/mrnews.com.br\/?s={search_term_string}"},"query-input":{"@type":"PropertyValueSpecification","valueRequired":true,"valueName":"search_term_string"}}],"inLanguage":"pt-BR"},{"@type":"Organization","@id":"https:\/\/mrnews.com.br\/#organization","name":"MRNews","url":"https:\/\/mrnews.com.br\/","logo":{"@type":"ImageObject","inLanguage":"pt-BR","@id":"https:\/\/mrnews.com.br\/#\/schema\/logo\/image\/","url":"https:\/\/mrnews.com.br\/wp-content\/uploads\/2019\/06\/MRNewslogo2.png","contentUrl":"https:\/\/mrnews.com.br\/wp-content\/uploads\/2019\/06\/MRNewslogo2.png","width":223,"height":58,"caption":"MRNews"},"image":{"@id":"https:\/\/mrnews.com.br\/#\/schema\/logo\/image\/"},"sameAs":["https:\/\/www.facebook.com\/eaipahpah\/?locale2=pt_BR","https:\/\/x.com\/conspirou","https:\/\/www.instagram.com\/eai_pahpah","https:\/\/br.pinterest.com\/mrnewsn\/boards\/","https:\/\/www.youtube.com\/channel\/UCacgnpznQ61fifLWr1tQ-vA?view_as=subscriber"]},{"@type":"Person","@id":"https:\/\/mrnews.com.br\/#\/schema\/person\/be3203154562a9f207407861cef7827b","name":"MR News","image":{"@type":"ImageObject","inLanguage":"pt-BR","@id":"https:\/\/secure.gravatar.com\/avatar\/04084e6d73c042b8646e7c17b494073bf0ede3ea13c7105cfc45cbbbc28385a4?s=96&d=monsterid&r=g","url":"https:\/\/secure.gravatar.com\/avatar\/04084e6d73c042b8646e7c17b494073bf0ede3ea13c7105cfc45cbbbc28385a4?s=96&d=monsterid&r=g","contentUrl":"https:\/\/secure.gravatar.com\/avatar\/04084e6d73c042b8646e7c17b494073bf0ede3ea13c7105cfc45cbbbc28385a4?s=96&d=monsterid&r=g","caption":"MR News"},"description":"Especializado em jornalismo colaborativo pela FTP em n\u00edvel de p\u00f3s-gradua\u00e7\u00e3o. suporte@oimeliga.combr","sameAs":["HUGO R.","Admin"],"url":"https:\/\/mrnews.com.br\/index.php\/author\/admin\/"}]}},"jetpack_featured_media_url":"","jetpack_sharing_enabled":true,"jetpack_shortlink":"https:\/\/wp.me\/pa2Qf7-1TT7","amp_enabled":true,"_links":{"self":[{"href":"https:\/\/mrnews.com.br\/index.php\/wp-json\/wp\/v2\/posts\/453165","targetHints":{"allow":["GET"]}}],"collection":[{"href":"https:\/\/mrnews.com.br\/index.php\/wp-json\/wp\/v2\/posts"}],"about":[{"href":"https:\/\/mrnews.com.br\/index.php\/wp-json\/wp\/v2\/types\/post"}],"author":[{"embeddable":true,"href":"https:\/\/mrnews.com.br\/index.php\/wp-json\/wp\/v2\/users\/1"}],"replies":[{"embeddable":true,"href":"https:\/\/mrnews.com.br\/index.php\/wp-json\/wp\/v2\/comments?post=453165"}],"version-history":[{"count":0,"href":"https:\/\/mrnews.com.br\/index.php\/wp-json\/wp\/v2\/posts\/453165\/revisions"}],"wp:attachment":[{"href":"https:\/\/mrnews.com.br\/index.php\/wp-json\/wp\/v2\/media?parent=453165"}],"wp:term":[{"taxonomy":"category","embeddable":true,"href":"https:\/\/mrnews.com.br\/index.php\/wp-json\/wp\/v2\/categories?post=453165"},{"taxonomy":"post_tag","embeddable":true,"href":"https:\/\/mrnews.com.br\/index.php\/wp-json\/wp\/v2\/tags?post=453165"}],"curies":[{"name":"wp","href":"https:\/\/api.w.org\/{rel}","templated":true}]}}