{"id":453176,"date":"2025-12-07T04:10:17","date_gmt":"2025-12-07T07:10:17","guid":{"rendered":"https:\/\/mrnews.com.br\/index.php\/2025\/12\/07\/campo-grande-recebe-a-abertura-oficial-do-natal-dos-sonhos-cgnoticias\/"},"modified":"2025-12-07T04:10:17","modified_gmt":"2025-12-07T07:10:17","slug":"campo-grande-recebe-a-abertura-oficial-do-natal-dos-sonhos-cgnoticias","status":"publish","type":"post","link":"https:\/\/mrnews.com.br\/index.php\/2025\/12\/07\/campo-grande-recebe-a-abertura-oficial-do-natal-dos-sonhos-cgnoticias\/","title":{"rendered":"Campo Grande recebe a abertura oficial do Natal dos Sonhos \u2013 CGNot\u00edcias"},"content":{"rendered":"<p><\/p>\n<div>\n<p>A Prefeitura de Campo Grande abriu oficialmente, neste s\u00e1bado (06), o Natal dos Sonhos 2025 com uma grande celebra\u00e7\u00e3o na Pra\u00e7a Ary Coelho, no cora\u00e7\u00e3o da cidade. A cerim\u00f4nia marcou o in\u00edcio da temporada natalina e reuniu cerca de 7 mil pessoas, segundo estimativa da Guarda Civil Metropolitana (GCM).<\/p>\n<p>O ponto alto da noite foi o acendimento das luzes de Natal, que iluminou a pra\u00e7a e emocionou o p\u00fablico presente, inaugurando um m\u00eas inteiro de eventos culturais, atra\u00e7\u00f5es gratuitas, entregas sociais e a\u00e7\u00f5es que v\u00e3o transformar Campo Grande em um grande cen\u00e1rio de encantamento, solidariedade e desenvolvimento econ\u00f4mico.<\/p>\n<p>A festividade come\u00e7ou com apresenta\u00e7\u00f5es art\u00edsticas e a concentra\u00e7\u00e3o de fam\u00edlias que aguardavam o momento mais esperado da noite: a contagem regressiva para o acendimento da \u00e1rvore de Natal.<\/p>\n<figure class=\"wp-block-image size-large\"><\/figure>\n<p>A prefeita Adriane Lopes conduziu o momento ao lado da vice-prefeita Camilla Nascimento, secret\u00e1rios, equipes do Fundo de Apoio \u00e0 Comunidade e parceiros do projeto. Em seu discurso, agradeceu a todas as equipes envolvidas e destacou o significado da programa\u00e7\u00e3o para a popula\u00e7\u00e3o.<\/p>\n<p>\u201cEstamos iniciando um per\u00edodo natalino aqui na Pra\u00e7a Ary Coelho, essa pra\u00e7a t\u00e3o importante para Campo Grande. Ser\u00e3o dias de alegria, de paz, de avan\u00e7os e de oportunidades para as fam\u00edlias da nossa cidade. At\u00e9 o dia 31, vamos sortear aqui 250 moradias para fam\u00edlias campo-grandenses. Seguimos com grandes desafios, mas tamb\u00e9m com muito trabalho, trazendo sempre o melhor para Campo Grande\u201d, afirmou.<\/p>\n<figure class=\"wp-block-image size-large\"><\/figure>\n<p>Em seguida, convidou a equipe e as fam\u00edlias presentes para a contagem regressiva, pedindo calma ao p\u00fablico e dando in\u00edcio ao espet\u00e1culo de luzes que tomou conta da pra\u00e7a.<\/p>\n<p>O Natal dos Sonhos 2025 traz uma proposta ampliada, com programa\u00e7\u00e3o descentralizada que contempla diferentes regi\u00f5es da capital. Paradas natalinas, apresenta\u00e7\u00f5es musicais e teatrais, interven\u00e7\u00f5es culturais, brincadeiras para crian\u00e7as, atra\u00e7\u00f5es itinerantes, visita\u00e7\u00e3o \u00e0 Casa do Papai Noel e atividades nos bairros fazem parte da agenda que ser\u00e1 realizada at\u00e9 31 de dezembro.<\/p>\n<figure class=\"wp-block-image size-large\"><\/figure>\n<p>Al\u00e9m da decora\u00e7\u00e3o especial e das atra\u00e7\u00f5es culturais, a Pra\u00e7a Ary Coelho recebeu uma \u00e1rea gastron\u00f4mica que se tornou ponto de encontro para quem foi aproveitar a abertura. Diversos stands oferecem quitutes como chorip\u00e1n, cachorro-quente, sorvetes, bebidas e outros alimentos gourmet com pre\u00e7os acess\u00edveis. Todos os pontos de venda contam com dispositivos eletr\u00f4nicos de autoatendimento, permitindo que o p\u00fablico realize pagamentos de forma pr\u00e1tica e r\u00e1pida, o que ampliou o conforto dos visitantes e facilitou a circula\u00e7\u00e3o durante o evento.<\/p>\n<figure class=\"wp-block-image size-large\"><\/figure>\n<p>Fam\u00edlias que participaram da abertura elogiaram a decora\u00e7\u00e3o, a organiza\u00e7\u00e3o e o clima de celebra\u00e7\u00e3o. Fabiola Gomes, moradora do Nova Campo Grande, acompanhou o evento ao lado dos filhos de quatro e cinco anos e da m\u00e3e, que veio de Corumb\u00e1 especialmente para prestigiar o Natal dos Sonhos. \u201cT\u00f4 achando uma maravilha, muito bonito! A organiza\u00e7\u00e3o est\u00e1 de parab\u00e9ns. \u00c9 o primeiro dia que venho e pretendo voltar com meus filhos para ver tudo, a Casa do Papai Noel e a \u00e1rvore\u201d, afirmou. Marizete Gomes, de 66 anos, tamb\u00e9m elogiou a festa e destacou a emo\u00e7\u00e3o de vivenciar mais um Natal na pra\u00e7a. \u201cEst\u00e1 lindo demais! Sempre venho. Estou ansiosa para ver tudo iluminado, adoro essa \u00e9poca.\u201d<\/p>\n<figure class=\"wp-block-image size-large\"><\/figure>\n<p>A expectativa tamb\u00e9m era grande para Eveline Ferreira dos Reis, de 40 anos, que esteve no evento com os filhos. Para ela, o Natal dos Sonhos \u00e9 uma oportunidade especial de viver experi\u00eancias diferentes com a fam\u00edlia. \u201cEles est\u00e3o amando as luzes e as rosinhas. Achei tudo diferente este ano, mas entendemos que s\u00e3o momentos. Hoje \u00e9 aqui, ano que vem pode ser em outro lugar. Vamos voltar outras vezes\u201d, disse. J\u00e1 Alexandra Isabel, de 29 anos, levou o sobrinho de tr\u00eas anos para conhecer a decora\u00e7\u00e3o rec\u00e9m-inaugurada. \u201cT\u00e1 tudo muito lindo, maravilhoso! Pretendo vir outros dias. Parab\u00e9ns, prefeita! \u201d, comemorou.<\/p>\n<p>A programa\u00e7\u00e3o conta com apoio estrutural, financeiro e operacional de empresas e institui\u00e7\u00f5es parceiras, entre elas \u00c1guas Guariroba, Energisa, Famasul, MRV, P\u00e1tio Central Shopping e Sesc. Para Edison Ara\u00fajo, representante do Sistema Com\u00e9rcio, o projeto refor\u00e7a a voca\u00e7\u00e3o da cidade para o turismo e fortalece o com\u00e9rcio local. Segundo ele, o evento atrai visitantes, valoriza a cultura, gera oportunidades e transforma o esp\u00edrito natalino em crescimento real para Campo Grande.<\/p>\n<figure class=\"wp-block-image size-large\"><\/figure>\n<p>Al\u00e9m da programa\u00e7\u00e3o cultural, a solidariedade tamb\u00e9m marca a edi\u00e7\u00e3o deste ano. O Fundo de Apoio \u00e0 Comunidade coordena a campanha \u201cM\u00e3os que doam amor nunca ficam vazias\u201d, que arrecada alimentos n\u00e3o perec\u00edveis destinados a fam\u00edlias em situa\u00e7\u00e3o de vulnerabilidade. Pontos de coleta funcionam no Pa\u00e7o Municipal, em secretarias, empresas parceiras e institui\u00e7\u00f5es como o Col\u00e9gio Master, refor\u00e7ando o engajamento da popula\u00e7\u00e3o e de entidades que participam da mobiliza\u00e7\u00e3o.<\/p>\n<p>Com uma programa\u00e7\u00e3o ampla, gratuita e pensada para todas as idades, o Natal dos Sonhos 2025 promete iluminar Campo Grande durante todo o m\u00eas de dezembro, refor\u00e7ando o esp\u00edrito de uni\u00e3o, esperan\u00e7a e celebra\u00e7\u00e3o que marca esta \u00e9poca do ano. A Prefeitura convida moradores e visitantes a participarem dos eventos e viverem a magia que j\u00e1 transformou a cidade em um grande palco de alegria.<\/p>\n<\/div>\n<p><script async defer async defer src=\"https:\/\/connect.facebook.net\/en_US\/sdk.js?ver=1#xfbml=1&amp;version=v3.2\" id=\"prefeitura-campogrande-script-facebook-sdk-js\"><\/script><\/p>\n","protected":false},"excerpt":{"rendered":"<p>A Prefeitura de Campo Grande abriu oficialmente, neste s\u00e1bado (06), o Natal dos Sonhos 2025 com uma grande celebra\u00e7\u00e3o na Pra\u00e7a Ary Coelho, no cora\u00e7\u00e3o da cidade. A cerim\u00f4nia marcou o in\u00edcio da temporada natalina e reuniu cerca de 7 mil pessoas, segundo estimativa da Guarda Civil Metropolitana (GCM). O ponto alto da noite foi &hellip;<\/p>\n","protected":false},"author":1,"featured_media":0,"comment_status":"open","ping_status":"open","sticky":false,"template":"","format":"standard","meta":{"_jetpack_memberships_contains_paid_content":false,"footnotes":""},"categories":[12410],"tags":[],"class_list":["post-453176","post","type-post","status-publish","format-standard","hentry","category-ms"],"yoast_head":"<!-- This site is optimized with the Yoast SEO plugin v27.4 - https:\/\/yoast.com\/product\/yoast-seo-wordpress\/ -->\n<title>Campo Grande recebe a abertura oficial do Natal dos Sonhos \u2013 CGNot\u00edcias<\/title>\n<meta name=\"robots\" content=\"index, follow, max-snippet:-1, max-image-preview:large, max-video-preview:-1\" \/>\n<link rel=\"canonical\" href=\"https:\/\/mrnews.com.br\/index.php\/2025\/12\/07\/campo-grande-recebe-a-abertura-oficial-do-natal-dos-sonhos-cgnoticias\/\" \/>\n<meta property=\"og:locale\" content=\"pt_BR\" \/>\n<meta property=\"og:type\" content=\"article\" \/>\n<meta property=\"og:title\" content=\"Campo Grande recebe a abertura oficial do Natal dos Sonhos \u2013 CGNot\u00edcias\" \/>\n<meta property=\"og:description\" content=\"A Prefeitura de Campo Grande abriu oficialmente, neste s\u00e1bado (06), o Natal dos Sonhos 2025 com uma grande celebra\u00e7\u00e3o na Pra\u00e7a Ary Coelho, no cora\u00e7\u00e3o da cidade. A cerim\u00f4nia marcou o in\u00edcio da temporada natalina e reuniu cerca de 7 mil pessoas, segundo estimativa da Guarda Civil Metropolitana (GCM). O ponto alto da noite foi &hellip;\" \/>\n<meta property=\"og:url\" content=\"https:\/\/mrnews.com.br\/index.php\/2025\/12\/07\/campo-grande-recebe-a-abertura-oficial-do-natal-dos-sonhos-cgnoticias\/\" \/>\n<meta property=\"og:site_name\" content=\"MRNews\" \/>\n<meta property=\"article:publisher\" content=\"https:\/\/www.facebook.com\/eaipahpah\/?locale2=pt_BR\" \/>\n<meta property=\"article:published_time\" content=\"2025-12-07T07:10:17+00:00\" \/>\n<meta name=\"author\" content=\"MR News\" \/>\n<meta name=\"twitter:card\" content=\"summary_large_image\" \/>\n<meta name=\"twitter:creator\" content=\"@conspirou\" \/>\n<meta name=\"twitter:site\" content=\"@conspirou\" \/>\n<meta name=\"twitter:label1\" content=\"Escrito por\" \/>\n\t<meta name=\"twitter:data1\" content=\"MR News\" \/>\n\t<meta name=\"twitter:label2\" content=\"Est. tempo de leitura\" \/>\n\t<meta name=\"twitter:data2\" content=\"5 minutos\" \/>\n<script type=\"application\/ld+json\" class=\"yoast-schema-graph\">{\"@context\":\"https:\\\/\\\/schema.org\",\"@graph\":[{\"@type\":\"Article\",\"@id\":\"https:\\\/\\\/mrnews.com.br\\\/index.php\\\/2025\\\/12\\\/07\\\/campo-grande-recebe-a-abertura-oficial-do-natal-dos-sonhos-cgnoticias\\\/#article\",\"isPartOf\":{\"@id\":\"https:\\\/\\\/mrnews.com.br\\\/index.php\\\/2025\\\/12\\\/07\\\/campo-grande-recebe-a-abertura-oficial-do-natal-dos-sonhos-cgnoticias\\\/\"},\"author\":{\"name\":\"MR News\",\"@id\":\"https:\\\/\\\/mrnews.com.br\\\/#\\\/schema\\\/person\\\/be3203154562a9f207407861cef7827b\"},\"headline\":\"Campo Grande recebe a abertura oficial do Natal dos Sonhos \u2013 CGNot\u00edcias\",\"datePublished\":\"2025-12-07T07:10:17+00:00\",\"mainEntityOfPage\":{\"@id\":\"https:\\\/\\\/mrnews.com.br\\\/index.php\\\/2025\\\/12\\\/07\\\/campo-grande-recebe-a-abertura-oficial-do-natal-dos-sonhos-cgnoticias\\\/\"},\"wordCount\":916,\"commentCount\":0,\"publisher\":{\"@id\":\"https:\\\/\\\/mrnews.com.br\\\/#organization\"},\"articleSection\":[\"Mato Grosso do Sul\"],\"inLanguage\":\"pt-BR\",\"potentialAction\":[{\"@type\":\"CommentAction\",\"name\":\"Comment\",\"target\":[\"https:\\\/\\\/mrnews.com.br\\\/index.php\\\/2025\\\/12\\\/07\\\/campo-grande-recebe-a-abertura-oficial-do-natal-dos-sonhos-cgnoticias\\\/#respond\"]}]},{\"@type\":\"WebPage\",\"@id\":\"https:\\\/\\\/mrnews.com.br\\\/index.php\\\/2025\\\/12\\\/07\\\/campo-grande-recebe-a-abertura-oficial-do-natal-dos-sonhos-cgnoticias\\\/\",\"url\":\"https:\\\/\\\/mrnews.com.br\\\/index.php\\\/2025\\\/12\\\/07\\\/campo-grande-recebe-a-abertura-oficial-do-natal-dos-sonhos-cgnoticias\\\/\",\"name\":\"Campo Grande recebe a abertura oficial do Natal dos Sonhos \u2013 CGNot\u00edcias\",\"isPartOf\":{\"@id\":\"https:\\\/\\\/mrnews.com.br\\\/#website\"},\"datePublished\":\"2025-12-07T07:10:17+00:00\",\"breadcrumb\":{\"@id\":\"https:\\\/\\\/mrnews.com.br\\\/index.php\\\/2025\\\/12\\\/07\\\/campo-grande-recebe-a-abertura-oficial-do-natal-dos-sonhos-cgnoticias\\\/#breadcrumb\"},\"inLanguage\":\"pt-BR\",\"potentialAction\":[{\"@type\":\"ReadAction\",\"target\":[\"https:\\\/\\\/mrnews.com.br\\\/index.php\\\/2025\\\/12\\\/07\\\/campo-grande-recebe-a-abertura-oficial-do-natal-dos-sonhos-cgnoticias\\\/\"]}]},{\"@type\":\"BreadcrumbList\",\"@id\":\"https:\\\/\\\/mrnews.com.br\\\/index.php\\\/2025\\\/12\\\/07\\\/campo-grande-recebe-a-abertura-oficial-do-natal-dos-sonhos-cgnoticias\\\/#breadcrumb\",\"itemListElement\":[{\"@type\":\"ListItem\",\"position\":1,\"name\":\"In\u00edcio\",\"item\":\"https:\\\/\\\/mrnews.com.br\\\/\"},{\"@type\":\"ListItem\",\"position\":2,\"name\":\"Campo Grande recebe a abertura oficial do Natal dos Sonhos \u2013 CGNot\u00edcias\"}]},{\"@type\":\"WebSite\",\"@id\":\"https:\\\/\\\/mrnews.com.br\\\/#website\",\"url\":\"https:\\\/\\\/mrnews.com.br\\\/\",\"name\":\"MRNews\",\"description\":\"MRNews Jogos de hoje da TV, transmiss\u00f5es ao vivo, Not\u00edcias de futebol, Jogos ao vivo, Lives, resumo de novelas, Programa\u00e7\u00e3o da Globo, A Fazenda e BBB\",\"publisher\":{\"@id\":\"https:\\\/\\\/mrnews.com.br\\\/#organization\"},\"potentialAction\":[{\"@type\":\"SearchAction\",\"target\":{\"@type\":\"EntryPoint\",\"urlTemplate\":\"https:\\\/\\\/mrnews.com.br\\\/?s={search_term_string}\"},\"query-input\":{\"@type\":\"PropertyValueSpecification\",\"valueRequired\":true,\"valueName\":\"search_term_string\"}}],\"inLanguage\":\"pt-BR\"},{\"@type\":\"Organization\",\"@id\":\"https:\\\/\\\/mrnews.com.br\\\/#organization\",\"name\":\"MRNews\",\"url\":\"https:\\\/\\\/mrnews.com.br\\\/\",\"logo\":{\"@type\":\"ImageObject\",\"inLanguage\":\"pt-BR\",\"@id\":\"https:\\\/\\\/mrnews.com.br\\\/#\\\/schema\\\/logo\\\/image\\\/\",\"url\":\"https:\\\/\\\/mrnews.com.br\\\/wp-content\\\/uploads\\\/2019\\\/06\\\/MRNewslogo2.png\",\"contentUrl\":\"https:\\\/\\\/mrnews.com.br\\\/wp-content\\\/uploads\\\/2019\\\/06\\\/MRNewslogo2.png\",\"width\":223,\"height\":58,\"caption\":\"MRNews\"},\"image\":{\"@id\":\"https:\\\/\\\/mrnews.com.br\\\/#\\\/schema\\\/logo\\\/image\\\/\"},\"sameAs\":[\"https:\\\/\\\/www.facebook.com\\\/eaipahpah\\\/?locale2=pt_BR\",\"https:\\\/\\\/x.com\\\/conspirou\",\"https:\\\/\\\/www.instagram.com\\\/eai_pahpah\",\"https:\\\/\\\/br.pinterest.com\\\/mrnewsn\\\/boards\\\/\",\"https:\\\/\\\/www.youtube.com\\\/channel\\\/UCacgnpznQ61fifLWr1tQ-vA?view_as=subscriber\"]},{\"@type\":\"Person\",\"@id\":\"https:\\\/\\\/mrnews.com.br\\\/#\\\/schema\\\/person\\\/be3203154562a9f207407861cef7827b\",\"name\":\"MR News\",\"image\":{\"@type\":\"ImageObject\",\"inLanguage\":\"pt-BR\",\"@id\":\"https:\\\/\\\/secure.gravatar.com\\\/avatar\\\/04084e6d73c042b8646e7c17b494073bf0ede3ea13c7105cfc45cbbbc28385a4?s=96&d=monsterid&r=g\",\"url\":\"https:\\\/\\\/secure.gravatar.com\\\/avatar\\\/04084e6d73c042b8646e7c17b494073bf0ede3ea13c7105cfc45cbbbc28385a4?s=96&d=monsterid&r=g\",\"contentUrl\":\"https:\\\/\\\/secure.gravatar.com\\\/avatar\\\/04084e6d73c042b8646e7c17b494073bf0ede3ea13c7105cfc45cbbbc28385a4?s=96&d=monsterid&r=g\",\"caption\":\"MR News\"},\"description\":\"Especializado em jornalismo colaborativo pela FTP em n\u00edvel de p\u00f3s-gradua\u00e7\u00e3o. suporte@oimeliga.combr\",\"sameAs\":[\"HUGO R.\",\"Admin\"],\"url\":\"https:\\\/\\\/mrnews.com.br\\\/index.php\\\/author\\\/admin\\\/\"}]}<\/script>\n<!-- \/ Yoast SEO plugin. -->","yoast_head_json":{"title":"Campo Grande recebe a abertura oficial do Natal dos Sonhos \u2013 CGNot\u00edcias","robots":{"index":"index","follow":"follow","max-snippet":"max-snippet:-1","max-image-preview":"max-image-preview:large","max-video-preview":"max-video-preview:-1"},"canonical":"https:\/\/mrnews.com.br\/index.php\/2025\/12\/07\/campo-grande-recebe-a-abertura-oficial-do-natal-dos-sonhos-cgnoticias\/","og_locale":"pt_BR","og_type":"article","og_title":"Campo Grande recebe a abertura oficial do Natal dos Sonhos \u2013 CGNot\u00edcias","og_description":"A Prefeitura de Campo Grande abriu oficialmente, neste s\u00e1bado (06), o Natal dos Sonhos 2025 com uma grande celebra\u00e7\u00e3o na Pra\u00e7a Ary Coelho, no cora\u00e7\u00e3o da cidade. A cerim\u00f4nia marcou o in\u00edcio da temporada natalina e reuniu cerca de 7 mil pessoas, segundo estimativa da Guarda Civil Metropolitana (GCM). O ponto alto da noite foi &hellip;","og_url":"https:\/\/mrnews.com.br\/index.php\/2025\/12\/07\/campo-grande-recebe-a-abertura-oficial-do-natal-dos-sonhos-cgnoticias\/","og_site_name":"MRNews","article_publisher":"https:\/\/www.facebook.com\/eaipahpah\/?locale2=pt_BR","article_published_time":"2025-12-07T07:10:17+00:00","author":"MR News","twitter_card":"summary_large_image","twitter_creator":"@conspirou","twitter_site":"@conspirou","twitter_misc":{"Escrito por":"MR News","Est. tempo de leitura":"5 minutos"},"schema":{"@context":"https:\/\/schema.org","@graph":[{"@type":"Article","@id":"https:\/\/mrnews.com.br\/index.php\/2025\/12\/07\/campo-grande-recebe-a-abertura-oficial-do-natal-dos-sonhos-cgnoticias\/#article","isPartOf":{"@id":"https:\/\/mrnews.com.br\/index.php\/2025\/12\/07\/campo-grande-recebe-a-abertura-oficial-do-natal-dos-sonhos-cgnoticias\/"},"author":{"name":"MR News","@id":"https:\/\/mrnews.com.br\/#\/schema\/person\/be3203154562a9f207407861cef7827b"},"headline":"Campo Grande recebe a abertura oficial do Natal dos Sonhos \u2013 CGNot\u00edcias","datePublished":"2025-12-07T07:10:17+00:00","mainEntityOfPage":{"@id":"https:\/\/mrnews.com.br\/index.php\/2025\/12\/07\/campo-grande-recebe-a-abertura-oficial-do-natal-dos-sonhos-cgnoticias\/"},"wordCount":916,"commentCount":0,"publisher":{"@id":"https:\/\/mrnews.com.br\/#organization"},"articleSection":["Mato Grosso do Sul"],"inLanguage":"pt-BR","potentialAction":[{"@type":"CommentAction","name":"Comment","target":["https:\/\/mrnews.com.br\/index.php\/2025\/12\/07\/campo-grande-recebe-a-abertura-oficial-do-natal-dos-sonhos-cgnoticias\/#respond"]}]},{"@type":"WebPage","@id":"https:\/\/mrnews.com.br\/index.php\/2025\/12\/07\/campo-grande-recebe-a-abertura-oficial-do-natal-dos-sonhos-cgnoticias\/","url":"https:\/\/mrnews.com.br\/index.php\/2025\/12\/07\/campo-grande-recebe-a-abertura-oficial-do-natal-dos-sonhos-cgnoticias\/","name":"Campo Grande recebe a abertura oficial do Natal dos Sonhos \u2013 CGNot\u00edcias","isPartOf":{"@id":"https:\/\/mrnews.com.br\/#website"},"datePublished":"2025-12-07T07:10:17+00:00","breadcrumb":{"@id":"https:\/\/mrnews.com.br\/index.php\/2025\/12\/07\/campo-grande-recebe-a-abertura-oficial-do-natal-dos-sonhos-cgnoticias\/#breadcrumb"},"inLanguage":"pt-BR","potentialAction":[{"@type":"ReadAction","target":["https:\/\/mrnews.com.br\/index.php\/2025\/12\/07\/campo-grande-recebe-a-abertura-oficial-do-natal-dos-sonhos-cgnoticias\/"]}]},{"@type":"BreadcrumbList","@id":"https:\/\/mrnews.com.br\/index.php\/2025\/12\/07\/campo-grande-recebe-a-abertura-oficial-do-natal-dos-sonhos-cgnoticias\/#breadcrumb","itemListElement":[{"@type":"ListItem","position":1,"name":"In\u00edcio","item":"https:\/\/mrnews.com.br\/"},{"@type":"ListItem","position":2,"name":"Campo Grande recebe a abertura oficial do Natal dos Sonhos \u2013 CGNot\u00edcias"}]},{"@type":"WebSite","@id":"https:\/\/mrnews.com.br\/#website","url":"https:\/\/mrnews.com.br\/","name":"MRNews","description":"MRNews Jogos de hoje da TV, transmiss\u00f5es ao vivo, Not\u00edcias de futebol, Jogos ao vivo, Lives, resumo de novelas, Programa\u00e7\u00e3o da Globo, A Fazenda e BBB","publisher":{"@id":"https:\/\/mrnews.com.br\/#organization"},"potentialAction":[{"@type":"SearchAction","target":{"@type":"EntryPoint","urlTemplate":"https:\/\/mrnews.com.br\/?s={search_term_string}"},"query-input":{"@type":"PropertyValueSpecification","valueRequired":true,"valueName":"search_term_string"}}],"inLanguage":"pt-BR"},{"@type":"Organization","@id":"https:\/\/mrnews.com.br\/#organization","name":"MRNews","url":"https:\/\/mrnews.com.br\/","logo":{"@type":"ImageObject","inLanguage":"pt-BR","@id":"https:\/\/mrnews.com.br\/#\/schema\/logo\/image\/","url":"https:\/\/mrnews.com.br\/wp-content\/uploads\/2019\/06\/MRNewslogo2.png","contentUrl":"https:\/\/mrnews.com.br\/wp-content\/uploads\/2019\/06\/MRNewslogo2.png","width":223,"height":58,"caption":"MRNews"},"image":{"@id":"https:\/\/mrnews.com.br\/#\/schema\/logo\/image\/"},"sameAs":["https:\/\/www.facebook.com\/eaipahpah\/?locale2=pt_BR","https:\/\/x.com\/conspirou","https:\/\/www.instagram.com\/eai_pahpah","https:\/\/br.pinterest.com\/mrnewsn\/boards\/","https:\/\/www.youtube.com\/channel\/UCacgnpznQ61fifLWr1tQ-vA?view_as=subscriber"]},{"@type":"Person","@id":"https:\/\/mrnews.com.br\/#\/schema\/person\/be3203154562a9f207407861cef7827b","name":"MR News","image":{"@type":"ImageObject","inLanguage":"pt-BR","@id":"https:\/\/secure.gravatar.com\/avatar\/04084e6d73c042b8646e7c17b494073bf0ede3ea13c7105cfc45cbbbc28385a4?s=96&d=monsterid&r=g","url":"https:\/\/secure.gravatar.com\/avatar\/04084e6d73c042b8646e7c17b494073bf0ede3ea13c7105cfc45cbbbc28385a4?s=96&d=monsterid&r=g","contentUrl":"https:\/\/secure.gravatar.com\/avatar\/04084e6d73c042b8646e7c17b494073bf0ede3ea13c7105cfc45cbbbc28385a4?s=96&d=monsterid&r=g","caption":"MR News"},"description":"Especializado em jornalismo colaborativo pela FTP em n\u00edvel de p\u00f3s-gradua\u00e7\u00e3o. suporte@oimeliga.combr","sameAs":["HUGO R.","Admin"],"url":"https:\/\/mrnews.com.br\/index.php\/author\/admin\/"}]}},"jetpack_featured_media_url":"","jetpack_sharing_enabled":true,"jetpack_shortlink":"https:\/\/wp.me\/pa2Qf7-1TTi","amp_enabled":true,"_links":{"self":[{"href":"https:\/\/mrnews.com.br\/index.php\/wp-json\/wp\/v2\/posts\/453176","targetHints":{"allow":["GET"]}}],"collection":[{"href":"https:\/\/mrnews.com.br\/index.php\/wp-json\/wp\/v2\/posts"}],"about":[{"href":"https:\/\/mrnews.com.br\/index.php\/wp-json\/wp\/v2\/types\/post"}],"author":[{"embeddable":true,"href":"https:\/\/mrnews.com.br\/index.php\/wp-json\/wp\/v2\/users\/1"}],"replies":[{"embeddable":true,"href":"https:\/\/mrnews.com.br\/index.php\/wp-json\/wp\/v2\/comments?post=453176"}],"version-history":[{"count":0,"href":"https:\/\/mrnews.com.br\/index.php\/wp-json\/wp\/v2\/posts\/453176\/revisions"}],"wp:attachment":[{"href":"https:\/\/mrnews.com.br\/index.php\/wp-json\/wp\/v2\/media?parent=453176"}],"wp:term":[{"taxonomy":"category","embeddable":true,"href":"https:\/\/mrnews.com.br\/index.php\/wp-json\/wp\/v2\/categories?post=453176"},{"taxonomy":"post_tag","embeddable":true,"href":"https:\/\/mrnews.com.br\/index.php\/wp-json\/wp\/v2\/tags?post=453176"}],"curies":[{"name":"wp","href":"https:\/\/api.w.org\/{rel}","templated":true}]}}