{"id":453189,"date":"2025-12-07T14:21:14","date_gmt":"2025-12-07T17:21:14","guid":{"rendered":"https:\/\/mrnews.com.br\/index.php\/2025\/12\/07\/stf-volta-a-julgar-marco-temporal-na-proxima-quarta-feira\/"},"modified":"2025-12-07T14:21:14","modified_gmt":"2025-12-07T17:21:14","slug":"stf-volta-a-julgar-marco-temporal-na-proxima-quarta-feira","status":"publish","type":"post","link":"https:\/\/mrnews.com.br\/index.php\/2025\/12\/07\/stf-volta-a-julgar-marco-temporal-na-proxima-quarta-feira\/","title":{"rendered":"STF volta a julgar marco temporal na pr\u00f3xima quarta-feira"},"content":{"rendered":"<p>Por EBC, <\/p>\n<div>\n<p><strong>O Supremo Tribunal Federal (STF) inicia na pr\u00f3xima quarta-feira (10) um novo julgamento sobre a constitucionalidade do marco\u00a0temporal\u00a0para demarca\u00e7\u00e3o de terras ind\u00edgenas.<\/strong><\/p>\n<p>Durante a sess\u00e3o, <strong>n\u00e3o haver\u00e1 vota\u00e7\u00e3o dos ministros<\/strong> sobre a quest\u00e3o<strong>. A Corte vai ouvir as sustenta\u00e7\u00f5es orais das partes envolvidas, e a data da vota\u00e7\u00e3o ser\u00e1 marcada posteriormente.<\/strong><\/p>\n<p>Em 2023, o STF considerou que o marco\u00a0temporal \u00e9 inconstitucional. Al\u00e9m disso, o marco\u00a0foi barrado pelo presidente Luiz In\u00e1cio Lula da Silva, que vetou o projeto de lei aprovado no Congresso que validou a regra. Contudo, os parlamentares derrubaram o veto de Lula.<\/p>\n<p>Dessa forma, <strong>voltou a prevalecer o entendimento de que os ind\u00edgenas somente t\u00eam direito \u00e0s terras que estavam em sua posse no dia 5 de outubro de 1988, data da promulga\u00e7\u00e3o da Constitui\u00e7\u00e3o Federal, ou que estavam em disputa judicial na \u00e9poca.<\/strong><\/p>\n<p>Ap\u00f3s a vota\u00e7\u00e3o do veto presidencial, o PL, o PP e o Republicanos protocolaram no STF a\u00e7\u00f5es para manter a validade do projeto de lei que reconheceu a tese do marco\u00a0temporal.<\/p>\n<p>Por outro lado, entidades que representam os ind\u00edgenas e partidos governistas tamb\u00e9m recorreram ao Supremo para contestar novamente a constitucionalidade da tese.<\/p>\n<h2>Concilia\u00e7\u00e3o<\/h2>\n<p>Antes de retomar o julgamento, o STF realizou diversas audi\u00eancias de uma comiss\u00e3o de concilia\u00e7\u00e3o entre as partes envolvidas na quest\u00e3o. A concilia\u00e7\u00e3o foi convocada pelo ministro Gilmar Mendes, relator das a\u00e7\u00f5es.<\/p>\n<p>Al\u00e9m de levar o caso para concilia\u00e7\u00e3o, Mendes negou pedido para suspender a delibera\u00e7\u00e3o do Congresso que validou o marco, decis\u00e3o que desagradou aos ind\u00edgenas.<\/p>\n<p>Em agosto do ano passado, no in\u00edcio dos trabalhos da comiss\u00e3o, a Articula\u00e7\u00e3o dos Povos Ind\u00edgenas (Apib), principal entidade que atua na defesa dos ind\u00edgenas, decidiu se retirar da concilia\u00e7\u00e3o.<\/p>\n<p>A associa\u00e7\u00e3o entendeu que n\u00e3o havia\u00a0paridade no debate.<\/p>\n<p>As audi\u00eancias foram mantidas sem a presen\u00e7a dos representantes dos ind\u00edgenas. Os trabalhos continuaram com representantes do Senado, C\u00e2mara dos Deputados, Minist\u00e9rio dos Povos Ind\u00edgenas (MPI), Funda\u00e7\u00e3o Nacional dos Povos Ind\u00edgenas (Funai) e de estados e munic\u00edpios.<\/p>\n<p>Em junho desde ano, a comiss\u00e3o finalizou os trabalhos e aprovou a minuta de um anteprojeto que poder\u00e1 ser enviado ao Congresso Nacional ap\u00f3s o julgamento para sugerir altera\u00e7\u00f5es na Lei 14.701 de 2023, norma que, apesar de tratar direitos dos povos ind\u00edgenas, inseriu o marco\u00a0temporal\u00a0para as demarca\u00e7\u00f5es.<\/p>\n<p>A quest\u00e3o do marco\u00a0temporal\u00a0n\u00e3o foi alterada porque \u00e9 uma das quest\u00f5es em que n\u00e3o houve consenso.<\/p>\n<p>A minuta trata de pontos consensuais que, em alguns casos, j\u00e1 constam na Lei 14.701\/2323 e foram explicitados, como permiss\u00e3o para turismo em \u00e1reas ind\u00edgenas, desde que seja autorizado pelos ind\u00edgenas, al\u00e9m da obrigatoriedade de participa\u00e7\u00e3o de estados e munic\u00edpios no processo de demarca\u00e7\u00e3o.<\/p>\n<p>A minuta tamb\u00e9m prev\u00ea que o processo demarcat\u00f3rio, que \u00e9 realizado pela Funai, dever\u00e1 ser p\u00fablico, e os atos dever\u00e3o ser amplamente divulgados.<\/p>\n<p>      <!-- Relacionada --><\/p>\n<p>            <!-- Relacionada -->\n    <\/div>\n","protected":false},"excerpt":{"rendered":"<p>Por EBC, O Supremo Tribunal Federal (STF) inicia na pr\u00f3xima quarta-feira (10) um novo julgamento sobre a constitucionalidade do marco\u00a0temporal\u00a0para demarca\u00e7\u00e3o de terras ind\u00edgenas. Durante a sess\u00e3o, n\u00e3o haver\u00e1 vota\u00e7\u00e3o dos ministros sobre a quest\u00e3o. A Corte vai ouvir as sustenta\u00e7\u00f5es orais das partes envolvidas, e a data da vota\u00e7\u00e3o ser\u00e1 marcada posteriormente. Em 2023, &hellip;<\/p>\n","protected":false},"author":1,"featured_media":0,"comment_status":"open","ping_status":"open","sticky":false,"template":"","format":"standard","meta":{"_jetpack_memberships_contains_paid_content":false,"footnotes":""},"categories":[2,12225,4],"tags":[],"class_list":["post-453189","post","type-post","status-publish","format-standard","hentry","category-entretenimento","category-noticias","category-servicos"],"yoast_head":"<!-- This site is optimized with the Yoast SEO plugin v27.5 - https:\/\/yoast.com\/product\/yoast-seo-wordpress\/ -->\n<title>STF volta a julgar marco temporal na pr\u00f3xima quarta-feira<\/title>\n<meta name=\"robots\" content=\"index, follow, max-snippet:-1, max-image-preview:large, max-video-preview:-1\" \/>\n<link rel=\"canonical\" href=\"https:\/\/mrnews.com.br\/index.php\/2025\/12\/07\/stf-volta-a-julgar-marco-temporal-na-proxima-quarta-feira\/\" \/>\n<meta property=\"og:locale\" content=\"pt_BR\" \/>\n<meta property=\"og:type\" content=\"article\" \/>\n<meta property=\"og:title\" content=\"STF volta a julgar marco temporal na pr\u00f3xima quarta-feira\" \/>\n<meta property=\"og:description\" content=\"Por EBC, O Supremo Tribunal Federal (STF) inicia na pr\u00f3xima quarta-feira (10) um novo julgamento sobre a constitucionalidade do marco\u00a0temporal\u00a0para demarca\u00e7\u00e3o de terras ind\u00edgenas. Durante a sess\u00e3o, n\u00e3o haver\u00e1 vota\u00e7\u00e3o dos ministros sobre a quest\u00e3o. A Corte vai ouvir as sustenta\u00e7\u00f5es orais das partes envolvidas, e a data da vota\u00e7\u00e3o ser\u00e1 marcada posteriormente. Em 2023, &hellip;\" \/>\n<meta property=\"og:url\" content=\"https:\/\/mrnews.com.br\/index.php\/2025\/12\/07\/stf-volta-a-julgar-marco-temporal-na-proxima-quarta-feira\/\" \/>\n<meta property=\"og:site_name\" content=\"MRNews\" \/>\n<meta property=\"article:publisher\" content=\"https:\/\/www.facebook.com\/eaipahpah\/?locale2=pt_BR\" \/>\n<meta property=\"article:published_time\" content=\"2025-12-07T17:21:14+00:00\" \/>\n<meta name=\"author\" content=\"MR News\" \/>\n<meta name=\"twitter:card\" content=\"summary_large_image\" \/>\n<meta name=\"twitter:creator\" content=\"@conspirou\" \/>\n<meta name=\"twitter:site\" content=\"@conspirou\" \/>\n<meta name=\"twitter:label1\" content=\"Escrito por\" \/>\n\t<meta name=\"twitter:data1\" content=\"MR News\" \/>\n\t<meta name=\"twitter:label2\" content=\"Est. tempo de leitura\" \/>\n\t<meta name=\"twitter:data2\" content=\"3 minutos\" \/>\n<script type=\"application\/ld+json\" class=\"yoast-schema-graph\">{\"@context\":\"https:\\\/\\\/schema.org\",\"@graph\":[{\"@type\":\"Article\",\"@id\":\"https:\\\/\\\/mrnews.com.br\\\/index.php\\\/2025\\\/12\\\/07\\\/stf-volta-a-julgar-marco-temporal-na-proxima-quarta-feira\\\/#article\",\"isPartOf\":{\"@id\":\"https:\\\/\\\/mrnews.com.br\\\/index.php\\\/2025\\\/12\\\/07\\\/stf-volta-a-julgar-marco-temporal-na-proxima-quarta-feira\\\/\"},\"author\":{\"name\":\"MR News\",\"@id\":\"https:\\\/\\\/mrnews.com.br\\\/#\\\/schema\\\/person\\\/be3203154562a9f207407861cef7827b\"},\"headline\":\"STF volta a julgar marco temporal na pr\u00f3xima quarta-feira\",\"datePublished\":\"2025-12-07T17:21:14+00:00\",\"mainEntityOfPage\":{\"@id\":\"https:\\\/\\\/mrnews.com.br\\\/index.php\\\/2025\\\/12\\\/07\\\/stf-volta-a-julgar-marco-temporal-na-proxima-quarta-feira\\\/\"},\"wordCount\":534,\"commentCount\":0,\"publisher\":{\"@id\":\"https:\\\/\\\/mrnews.com.br\\\/#organization\"},\"articleSection\":[\"ENTRETENIMENTO\",\"NOTICIAS\",\"SERVI\u00c7OS\"],\"inLanguage\":\"pt-BR\",\"potentialAction\":[{\"@type\":\"CommentAction\",\"name\":\"Comment\",\"target\":[\"https:\\\/\\\/mrnews.com.br\\\/index.php\\\/2025\\\/12\\\/07\\\/stf-volta-a-julgar-marco-temporal-na-proxima-quarta-feira\\\/#respond\"]}]},{\"@type\":\"WebPage\",\"@id\":\"https:\\\/\\\/mrnews.com.br\\\/index.php\\\/2025\\\/12\\\/07\\\/stf-volta-a-julgar-marco-temporal-na-proxima-quarta-feira\\\/\",\"url\":\"https:\\\/\\\/mrnews.com.br\\\/index.php\\\/2025\\\/12\\\/07\\\/stf-volta-a-julgar-marco-temporal-na-proxima-quarta-feira\\\/\",\"name\":\"STF volta a julgar marco temporal na pr\u00f3xima quarta-feira\",\"isPartOf\":{\"@id\":\"https:\\\/\\\/mrnews.com.br\\\/#website\"},\"datePublished\":\"2025-12-07T17:21:14+00:00\",\"breadcrumb\":{\"@id\":\"https:\\\/\\\/mrnews.com.br\\\/index.php\\\/2025\\\/12\\\/07\\\/stf-volta-a-julgar-marco-temporal-na-proxima-quarta-feira\\\/#breadcrumb\"},\"inLanguage\":\"pt-BR\",\"potentialAction\":[{\"@type\":\"ReadAction\",\"target\":[\"https:\\\/\\\/mrnews.com.br\\\/index.php\\\/2025\\\/12\\\/07\\\/stf-volta-a-julgar-marco-temporal-na-proxima-quarta-feira\\\/\"]}]},{\"@type\":\"BreadcrumbList\",\"@id\":\"https:\\\/\\\/mrnews.com.br\\\/index.php\\\/2025\\\/12\\\/07\\\/stf-volta-a-julgar-marco-temporal-na-proxima-quarta-feira\\\/#breadcrumb\",\"itemListElement\":[{\"@type\":\"ListItem\",\"position\":1,\"name\":\"In\u00edcio\",\"item\":\"https:\\\/\\\/mrnews.com.br\\\/\"},{\"@type\":\"ListItem\",\"position\":2,\"name\":\"STF volta a julgar marco temporal na pr\u00f3xima quarta-feira\"}]},{\"@type\":\"WebSite\",\"@id\":\"https:\\\/\\\/mrnews.com.br\\\/#website\",\"url\":\"https:\\\/\\\/mrnews.com.br\\\/\",\"name\":\"MRNews\",\"description\":\"MRNews Jogos de hoje da TV, transmiss\u00f5es ao vivo, Not\u00edcias de futebol, Jogos ao vivo, Lives, resumo de novelas, Programa\u00e7\u00e3o da Globo, A Fazenda e BBB\",\"publisher\":{\"@id\":\"https:\\\/\\\/mrnews.com.br\\\/#organization\"},\"potentialAction\":[{\"@type\":\"SearchAction\",\"target\":{\"@type\":\"EntryPoint\",\"urlTemplate\":\"https:\\\/\\\/mrnews.com.br\\\/?s={search_term_string}\"},\"query-input\":{\"@type\":\"PropertyValueSpecification\",\"valueRequired\":true,\"valueName\":\"search_term_string\"}}],\"inLanguage\":\"pt-BR\"},{\"@type\":\"Organization\",\"@id\":\"https:\\\/\\\/mrnews.com.br\\\/#organization\",\"name\":\"MRNews\",\"url\":\"https:\\\/\\\/mrnews.com.br\\\/\",\"logo\":{\"@type\":\"ImageObject\",\"inLanguage\":\"pt-BR\",\"@id\":\"https:\\\/\\\/mrnews.com.br\\\/#\\\/schema\\\/logo\\\/image\\\/\",\"url\":\"https:\\\/\\\/mrnews.com.br\\\/wp-content\\\/uploads\\\/2019\\\/06\\\/MRNewslogo2.png\",\"contentUrl\":\"https:\\\/\\\/mrnews.com.br\\\/wp-content\\\/uploads\\\/2019\\\/06\\\/MRNewslogo2.png\",\"width\":223,\"height\":58,\"caption\":\"MRNews\"},\"image\":{\"@id\":\"https:\\\/\\\/mrnews.com.br\\\/#\\\/schema\\\/logo\\\/image\\\/\"},\"sameAs\":[\"https:\\\/\\\/www.facebook.com\\\/eaipahpah\\\/?locale2=pt_BR\",\"https:\\\/\\\/x.com\\\/conspirou\",\"https:\\\/\\\/www.instagram.com\\\/eai_pahpah\",\"https:\\\/\\\/br.pinterest.com\\\/mrnewsn\\\/boards\\\/\",\"https:\\\/\\\/www.youtube.com\\\/channel\\\/UCacgnpznQ61fifLWr1tQ-vA?view_as=subscriber\"]},{\"@type\":\"Person\",\"@id\":\"https:\\\/\\\/mrnews.com.br\\\/#\\\/schema\\\/person\\\/be3203154562a9f207407861cef7827b\",\"name\":\"MR News\",\"image\":{\"@type\":\"ImageObject\",\"inLanguage\":\"pt-BR\",\"@id\":\"https:\\\/\\\/secure.gravatar.com\\\/avatar\\\/04084e6d73c042b8646e7c17b494073bf0ede3ea13c7105cfc45cbbbc28385a4?s=96&d=monsterid&r=g\",\"url\":\"https:\\\/\\\/secure.gravatar.com\\\/avatar\\\/04084e6d73c042b8646e7c17b494073bf0ede3ea13c7105cfc45cbbbc28385a4?s=96&d=monsterid&r=g\",\"contentUrl\":\"https:\\\/\\\/secure.gravatar.com\\\/avatar\\\/04084e6d73c042b8646e7c17b494073bf0ede3ea13c7105cfc45cbbbc28385a4?s=96&d=monsterid&r=g\",\"caption\":\"MR News\"},\"description\":\"Especializado em jornalismo colaborativo pela FTP em n\u00edvel de p\u00f3s-gradua\u00e7\u00e3o. suporte@oimeliga.combr\",\"sameAs\":[\"HUGO R.\",\"Admin\"],\"url\":\"https:\\\/\\\/mrnews.com.br\\\/index.php\\\/author\\\/admin\\\/\"}]}<\/script>\n<!-- \/ Yoast SEO plugin. -->","yoast_head_json":{"title":"STF volta a julgar marco temporal na pr\u00f3xima quarta-feira","robots":{"index":"index","follow":"follow","max-snippet":"max-snippet:-1","max-image-preview":"max-image-preview:large","max-video-preview":"max-video-preview:-1"},"canonical":"https:\/\/mrnews.com.br\/index.php\/2025\/12\/07\/stf-volta-a-julgar-marco-temporal-na-proxima-quarta-feira\/","og_locale":"pt_BR","og_type":"article","og_title":"STF volta a julgar marco temporal na pr\u00f3xima quarta-feira","og_description":"Por EBC, O Supremo Tribunal Federal (STF) inicia na pr\u00f3xima quarta-feira (10) um novo julgamento sobre a constitucionalidade do marco\u00a0temporal\u00a0para demarca\u00e7\u00e3o de terras ind\u00edgenas. Durante a sess\u00e3o, n\u00e3o haver\u00e1 vota\u00e7\u00e3o dos ministros sobre a quest\u00e3o. A Corte vai ouvir as sustenta\u00e7\u00f5es orais das partes envolvidas, e a data da vota\u00e7\u00e3o ser\u00e1 marcada posteriormente. Em 2023, &hellip;","og_url":"https:\/\/mrnews.com.br\/index.php\/2025\/12\/07\/stf-volta-a-julgar-marco-temporal-na-proxima-quarta-feira\/","og_site_name":"MRNews","article_publisher":"https:\/\/www.facebook.com\/eaipahpah\/?locale2=pt_BR","article_published_time":"2025-12-07T17:21:14+00:00","author":"MR News","twitter_card":"summary_large_image","twitter_creator":"@conspirou","twitter_site":"@conspirou","twitter_misc":{"Escrito por":"MR News","Est. tempo de leitura":"3 minutos"},"schema":{"@context":"https:\/\/schema.org","@graph":[{"@type":"Article","@id":"https:\/\/mrnews.com.br\/index.php\/2025\/12\/07\/stf-volta-a-julgar-marco-temporal-na-proxima-quarta-feira\/#article","isPartOf":{"@id":"https:\/\/mrnews.com.br\/index.php\/2025\/12\/07\/stf-volta-a-julgar-marco-temporal-na-proxima-quarta-feira\/"},"author":{"name":"MR News","@id":"https:\/\/mrnews.com.br\/#\/schema\/person\/be3203154562a9f207407861cef7827b"},"headline":"STF volta a julgar marco temporal na pr\u00f3xima quarta-feira","datePublished":"2025-12-07T17:21:14+00:00","mainEntityOfPage":{"@id":"https:\/\/mrnews.com.br\/index.php\/2025\/12\/07\/stf-volta-a-julgar-marco-temporal-na-proxima-quarta-feira\/"},"wordCount":534,"commentCount":0,"publisher":{"@id":"https:\/\/mrnews.com.br\/#organization"},"articleSection":["ENTRETENIMENTO","NOTICIAS","SERVI\u00c7OS"],"inLanguage":"pt-BR","potentialAction":[{"@type":"CommentAction","name":"Comment","target":["https:\/\/mrnews.com.br\/index.php\/2025\/12\/07\/stf-volta-a-julgar-marco-temporal-na-proxima-quarta-feira\/#respond"]}]},{"@type":"WebPage","@id":"https:\/\/mrnews.com.br\/index.php\/2025\/12\/07\/stf-volta-a-julgar-marco-temporal-na-proxima-quarta-feira\/","url":"https:\/\/mrnews.com.br\/index.php\/2025\/12\/07\/stf-volta-a-julgar-marco-temporal-na-proxima-quarta-feira\/","name":"STF volta a julgar marco temporal na pr\u00f3xima quarta-feira","isPartOf":{"@id":"https:\/\/mrnews.com.br\/#website"},"datePublished":"2025-12-07T17:21:14+00:00","breadcrumb":{"@id":"https:\/\/mrnews.com.br\/index.php\/2025\/12\/07\/stf-volta-a-julgar-marco-temporal-na-proxima-quarta-feira\/#breadcrumb"},"inLanguage":"pt-BR","potentialAction":[{"@type":"ReadAction","target":["https:\/\/mrnews.com.br\/index.php\/2025\/12\/07\/stf-volta-a-julgar-marco-temporal-na-proxima-quarta-feira\/"]}]},{"@type":"BreadcrumbList","@id":"https:\/\/mrnews.com.br\/index.php\/2025\/12\/07\/stf-volta-a-julgar-marco-temporal-na-proxima-quarta-feira\/#breadcrumb","itemListElement":[{"@type":"ListItem","position":1,"name":"In\u00edcio","item":"https:\/\/mrnews.com.br\/"},{"@type":"ListItem","position":2,"name":"STF volta a julgar marco temporal na pr\u00f3xima quarta-feira"}]},{"@type":"WebSite","@id":"https:\/\/mrnews.com.br\/#website","url":"https:\/\/mrnews.com.br\/","name":"MRNews","description":"MRNews Jogos de hoje da TV, transmiss\u00f5es ao vivo, Not\u00edcias de futebol, Jogos ao vivo, Lives, resumo de novelas, Programa\u00e7\u00e3o da Globo, A Fazenda e BBB","publisher":{"@id":"https:\/\/mrnews.com.br\/#organization"},"potentialAction":[{"@type":"SearchAction","target":{"@type":"EntryPoint","urlTemplate":"https:\/\/mrnews.com.br\/?s={search_term_string}"},"query-input":{"@type":"PropertyValueSpecification","valueRequired":true,"valueName":"search_term_string"}}],"inLanguage":"pt-BR"},{"@type":"Organization","@id":"https:\/\/mrnews.com.br\/#organization","name":"MRNews","url":"https:\/\/mrnews.com.br\/","logo":{"@type":"ImageObject","inLanguage":"pt-BR","@id":"https:\/\/mrnews.com.br\/#\/schema\/logo\/image\/","url":"https:\/\/mrnews.com.br\/wp-content\/uploads\/2019\/06\/MRNewslogo2.png","contentUrl":"https:\/\/mrnews.com.br\/wp-content\/uploads\/2019\/06\/MRNewslogo2.png","width":223,"height":58,"caption":"MRNews"},"image":{"@id":"https:\/\/mrnews.com.br\/#\/schema\/logo\/image\/"},"sameAs":["https:\/\/www.facebook.com\/eaipahpah\/?locale2=pt_BR","https:\/\/x.com\/conspirou","https:\/\/www.instagram.com\/eai_pahpah","https:\/\/br.pinterest.com\/mrnewsn\/boards\/","https:\/\/www.youtube.com\/channel\/UCacgnpznQ61fifLWr1tQ-vA?view_as=subscriber"]},{"@type":"Person","@id":"https:\/\/mrnews.com.br\/#\/schema\/person\/be3203154562a9f207407861cef7827b","name":"MR News","image":{"@type":"ImageObject","inLanguage":"pt-BR","@id":"https:\/\/secure.gravatar.com\/avatar\/04084e6d73c042b8646e7c17b494073bf0ede3ea13c7105cfc45cbbbc28385a4?s=96&d=monsterid&r=g","url":"https:\/\/secure.gravatar.com\/avatar\/04084e6d73c042b8646e7c17b494073bf0ede3ea13c7105cfc45cbbbc28385a4?s=96&d=monsterid&r=g","contentUrl":"https:\/\/secure.gravatar.com\/avatar\/04084e6d73c042b8646e7c17b494073bf0ede3ea13c7105cfc45cbbbc28385a4?s=96&d=monsterid&r=g","caption":"MR News"},"description":"Especializado em jornalismo colaborativo pela FTP em n\u00edvel de p\u00f3s-gradua\u00e7\u00e3o. suporte@oimeliga.combr","sameAs":["HUGO R.","Admin"],"url":"https:\/\/mrnews.com.br\/index.php\/author\/admin\/"}]}},"jetpack_featured_media_url":"","jetpack_sharing_enabled":true,"jetpack_shortlink":"https:\/\/wp.me\/pa2Qf7-1TTv","amp_enabled":true,"_links":{"self":[{"href":"https:\/\/mrnews.com.br\/index.php\/wp-json\/wp\/v2\/posts\/453189","targetHints":{"allow":["GET"]}}],"collection":[{"href":"https:\/\/mrnews.com.br\/index.php\/wp-json\/wp\/v2\/posts"}],"about":[{"href":"https:\/\/mrnews.com.br\/index.php\/wp-json\/wp\/v2\/types\/post"}],"author":[{"embeddable":true,"href":"https:\/\/mrnews.com.br\/index.php\/wp-json\/wp\/v2\/users\/1"}],"replies":[{"embeddable":true,"href":"https:\/\/mrnews.com.br\/index.php\/wp-json\/wp\/v2\/comments?post=453189"}],"version-history":[{"count":0,"href":"https:\/\/mrnews.com.br\/index.php\/wp-json\/wp\/v2\/posts\/453189\/revisions"}],"wp:attachment":[{"href":"https:\/\/mrnews.com.br\/index.php\/wp-json\/wp\/v2\/media?parent=453189"}],"wp:term":[{"taxonomy":"category","embeddable":true,"href":"https:\/\/mrnews.com.br\/index.php\/wp-json\/wp\/v2\/categories?post=453189"},{"taxonomy":"post_tag","embeddable":true,"href":"https:\/\/mrnews.com.br\/index.php\/wp-json\/wp\/v2\/tags?post=453189"}],"curies":[{"name":"wp","href":"https:\/\/api.w.org\/{rel}","templated":true}]}}