{"id":453205,"date":"2025-12-07T19:57:14","date_gmt":"2025-12-07T22:57:14","guid":{"rendered":"https:\/\/mrnews.com.br\/index.php\/2025\/12\/07\/mulheres-protestam-no-rio-e-pedem-maior-presenca-do-estado\/"},"modified":"2025-12-07T19:57:14","modified_gmt":"2025-12-07T22:57:14","slug":"mulheres-protestam-no-rio-e-pedem-maior-presenca-do-estado","status":"publish","type":"post","link":"https:\/\/mrnews.com.br\/index.php\/2025\/12\/07\/mulheres-protestam-no-rio-e-pedem-maior-presenca-do-estado\/","title":{"rendered":"Mulheres protestam no Rio e pedem maior presen\u00e7a do Estado"},"content":{"rendered":"<p>Por EBC, <\/p>\n<div>\n<p>A tentativa de feminic\u00eddio que sofreu em 6 de fevereiro de 2017 ainda provoca uma mistura de sentimentos e l\u00e1grimas na agente de educa\u00e7\u00e3o infantil do munic\u00edpio do Rio de Janeiro\u00a0Evelyn Lucy Alves da Luz, de 44 anos. <strong>Os tiros que levou do ex-marido est\u00e3o marcados nela e na filha, que na \u00e9poca tinha\u00a06 anos e\u00a0assistiu a tudo.<\/strong><\/p>\n<blockquote>\n<p>\u201cEle desferiu os tiros na frente da crian\u00e7a. Ela presenciou a m\u00e3e sendo quase morta, tornando esse crime ainda mais cruel\u201d, contou\u00a0em entrevista \u00e0 <strong>Ag\u00eancia Brasil<\/strong>.<\/p>\n<\/blockquote>\n<p><strong>Evelyn disse\u00a0que a filha carrega o trauma at\u00e9 hoje. \u201cInfelizmente, ela ainda est\u00e1 muito traumatizada, n\u00e3o fala sobre o assunto. At\u00e9 hoje, luto para que tenha uma vida saud\u00e1vel e plena, mas \u00e9 muito dif\u00edcil tendo vivenciado o que vivenciou\u201d, afirmou.<\/strong><\/p>\n<blockquote>\n<div class=\"dnd-widget-wrapper context-cheio_8colunas type-image\">\n<div class=\"dnd-atom-rendered\"><!-- scald=447352:cheio_8colunas --><\/p>\n<p>    <!-- END scald=447352 --><\/div>\n<p><h6 class=\"meta\">Evelyn Lucy Alves da Luz, vitima de tentativa de feminic\u00eddio, denuncia viol\u00eancia de que foi v\u00edtima &#8211; Foto Cri<strong>stina Indio do Brasil\/Ag\u00eancia Brasil<\/strong><!--END copyright=447352--><\/h6>\n<\/p>\n<\/div>\n<\/blockquote>\n<p>\u201cFoi \u00e0 luz do dia, em um s\u00e1bado de carnaval. Esse homem fez isso na frente de todos, algo que \u00e9 comum. Eles n\u00e3o t\u00eam medo de serem violentos e agressivos\u201d.<\/p>\n<p><strong>Os disparos foram em frente \u00e0\u00a0casa dela, em Vila Isabel, na zona norte do Rio, depois de o ex-marido trazer de volta a filha que tinha ido com ele para um encontro determinado pela Justi\u00e7a.<\/strong> A menina, que n\u00e3o queria ir, voltou chorando com o pai dez minutos depois. \u201cEle retornou \u00e0 minha resid\u00eancia e desferiu tr\u00eas tiros, dois foram no meu abd\u00f4men, perdi o ba\u00e7o, um peda\u00e7o do f\u00edgado e o ov\u00e1rio esquerdo, e o outro foi no rosto\u201d, revelou, acrescentando que ficou 21 dias internada no hospital, sendo 11 no Centro de Terapia Intensiva.\u00a0<\/p>\n<blockquote>\n<p>\u201cCarrego essas marcas at\u00e9 hoje. Tanto f\u00edsicas quanto emocionais. Sei muito bem o que \u00e9\u201d, contou em meio \u00e0s manifestantes que participaram do ato Na Rua por Mulheres Vivas!, no posto 5 da Praia de Copacabana.<\/p>\n<\/blockquote>\n<p>\u201cHoje\u00a0estou aqui. Poderia ter virado uma estat\u00edstica, mas estou aqui porque sou realmente uma sobrevivente de tentativa de feminic\u00eddio\u201d.<\/p>\n<p><strong>Evelyn p\u00f4de contar com uma rede de apoio de mulheres que foi se formando ao seu redor como\u00a0grupos e coletivos<\/strong>. \u201cFui recebendo muito amor e afeto, inclusive uma das pessoas de quem\u00a0recebi esse afeto, logo em seguida, foi\u00a0a Vanderlea Aguiar, tamb\u00e9m militante do Movimento Emancipa. Uma das pessoas que foi\u00a0meu suporte para que eu chegasse at\u00e9 aqui\u201d.<\/p>\n<p>\u201cS\u00f3 de estar viva, acho que j\u00e1 \u00e9 uma grande milit\u00e2ncia porque passei por algo que nenhuma mulher merece passar\u201d.<\/p>\n<p><strong>Evelyn, no entanto, reclama da falta de apoio do Estado<\/strong>. \u201cRecebi apoio de pessoas e n\u00e3o de organiza\u00e7\u00f5es e nem do governo. N\u00e3o recebi nenhum tipo de ajuda, nenhum tipo de liga\u00e7\u00e3o, n\u00e3o recebi apoio psicol\u00f3gico, financeiro, nada. Tive que me reerguer com\u00a0meios pr\u00f3prios\u201d, afirmou.<\/p>\n<p>\u201c\u00c9 um dos meus questionamentos. A mulher que sobrevive a uma viol\u00eancia, seja patrimonial, emocional, ou a uma\u00a0tentativa de feminic\u00eddio, n\u00e3o recebe apoio do governo para se restabelecer\u201d.<\/p>\n<p>O agressor chegou a responder a processo na Justi\u00e7a e foi preso, mas depois de uma pesquisa na internet, Evelyn se assustou ao saber que ele est\u00e1 solto. \u201cEle est\u00e1 solto desde 2024 e ningu\u00e9m me avisou\u201d, contou, acrescentando que esse foi mais um motivo para estar no ato em Copacabana.<\/p>\n<blockquote>\n<p>\u201cEstou aqui por mim, por todas as outras que se foram e por aquelas que querem ser livres\u201d.<\/p>\n<\/blockquote>\n<p>Para Vanderlea Aguiar, 49 anos, uma das pessoas que ajudaram Evelyn, a sa\u00edda de um relacionamento dif\u00edcil que enfrentou foi por instinto de sobreviv\u00eancia. \u201cA gente est\u00e1 cansada de ver as mulheres morrendo simplesmente pelo fato de serem mulheres e porque os homens acham que s\u00e3o donos da nossa vida e do nosso corpo. Pode-se dizer at\u00e9 da nossa alma\u201d, disse \u00e0\u00a0<strong>Ag\u00eancia Brasil<\/strong>.<\/p>\n<div class=\"dnd-widget-wrapper context-cheio_8colunas type-image\">\n<div class=\"dnd-atom-rendered\"><!-- scald=447353:cheio_8colunas --><\/p>\n<p>    <!-- END scald=447353 --><\/div>\n<p><h6 class=\"meta\">Wanderl\u00e9a Aguiar e Adriana Domingues, no ato contra os feminic\u00eddios, no Rio de Janeiro &#8211; Foto Cristina \u00cdndio do Brasil\/Ag\u00eancia Brasil<!--END copyright=447353--><\/h6>\n<\/p>\n<\/div>\n<blockquote>\n<p>\u201cApoiar a Evelyn e as mulheres \u00e9 dizer que a gente est\u00e1 viva, sobrevivendo e, mais do que isso, \u00e9 dizer chega e que a gente n\u00e3o aguenta mais. Que a gente \u00e9 dona das nossa\u00a0vida, sim\u201d.<\/p>\n<\/blockquote>\n<p><strong>Adriana Herz Domingues, 31 anos, \u00e9 uma das coordenadoras estaduais do Coletivo Juntas, presente ao ato. Segundo a psic\u00f3loga, os casos de feminic\u00eddio, que aumentam a cada dia, s\u00e3o motivos para chamar a aten\u00e7\u00e3o do pa\u00eds com a manifesta\u00e7\u00e3o deste domingo<\/strong>. A falta de investimentos para uma rede de acolhimento e da realiza\u00e7\u00e3o de concursos p\u00fablicos para esses espa\u00e7os tamb\u00e9m est\u00e3o\u00a0na lista de reivindica\u00e7\u00f5es.<\/p>\n<blockquote>\n<p>\u201cA gente est\u00e1 lutando por isso, mas em primeiro lugar que os casos de viol\u00eancia n\u00e3o aconte\u00e7am. \u00c9 muito importante ter a Lei Maria da Penha e debates nas escolas sobre a\u00a0viol\u00eancia contra mulher.\u00a0Discutir por que o machismo existe\u00a0e outras quest\u00f5es.<\/p>\n<\/blockquote>\n<p><strong>O debate sobre o que \u00e9 a viol\u00eancia, conforme a psic\u00f3loga, \u00e9 fundamental, porque ainda h\u00e1 mulheres que n\u00e3o identificam, dessa forma, o que sofrem.<\/strong> \u201cIsso envolve esse debate nas escolas, no Sistema \u00danico de Sa\u00fade, campanhas do pr\u00f3prio governo e tamb\u00e9m ter os aparelhos de Estado para acolhimento\u201d. Para Adriana, embora as Casas das Mulheres funcionam em alguns locais, embora tenham sido uma conquista do movimento feminista, ainda s\u00e3o\u00a0em n\u00famero insuficiente.<\/p>\n<blockquote>\n<p>\u201cO atendimento psicol\u00f3gico t\u00e9 importante para a mulher de forma que sinta que n\u00e3o est\u00e1 sozinha, tem um amparo, muitas vezes em grupo para as que passam pela situa\u00e7\u00e3o se fortalecerem coletivamente\u201d, disse. Ela lembrou\u00a0\u00a0que h\u00e1 casos tamb\u00e9m que por dificuldades financeiras, mulheres n\u00e3o deixam o relacionamento violento.<\/p>\n<\/blockquote>\n<p>\u201c[\u00c9 preciso] a gente garantir emprego pleno, ter concursos p\u00fablicos para que as mulheres possam ter empregos bons, bolsas para mulheres que est\u00e3o em situa\u00e7\u00e3o de viol\u00eancia. S\u00e3o propostas para a gente combater isso\u201d, observou<\/p>\n<div class=\"dnd-widget-wrapper context-cheio_8colunas type-image\">\n<div class=\"dnd-atom-rendered\"><!-- scald=447351:cheio_8colunas --><\/p>\n<p>    <!-- END scald=447351 --><\/div>\n<p><h6 class=\"meta\">A professora Deise Coutinho coloca girass\u00f3is ao lado de cruzes em Copacabana para protestar contra o feminic\u00eddio &#8211; Foto <strong>Cristina Indio do Brasil\/Ag\u00eancia Brasil<\/strong><!--END copyright=447351--><\/h6>\n<\/p>\n<\/div>\n<p>A professora aposentada Deise Coutinho, 68 anos, levou girass\u00f3is que botou ao lado de cruzes pretas espalhadas na pista da orla de Copacabana representando as mortes por feminic\u00eddio.\u00a0Ela representou o\u00a0Sindicato dos Professores de Escolas Particulares, para reivindicar do governo respostas \u00e0s mortes de mulheres por feminic\u00eddio. <strong>\u201cGirassol \u00e9 uma flor que se levanta, \u00e9 o lema. N\u00f3s nos levantamos para lutar, para acabar com essa matan\u00e7a das mulheres\u201d\u00a0 \u00a0<\/strong><\/p>\n<p>      <!-- Relacionada --><\/p>\n<p>            <!-- Relacionada -->\n    <\/div>\n","protected":false},"excerpt":{"rendered":"<p>Por EBC, A tentativa de feminic\u00eddio que sofreu em 6 de fevereiro de 2017 ainda provoca uma mistura de sentimentos e l\u00e1grimas na agente de educa\u00e7\u00e3o infantil do munic\u00edpio do Rio de Janeiro\u00a0Evelyn Lucy Alves da Luz, de 44 anos. Os tiros que levou do ex-marido est\u00e3o marcados nela e na filha, que na \u00e9poca &hellip;<\/p>\n","protected":false},"author":1,"featured_media":0,"comment_status":"open","ping_status":"open","sticky":false,"template":"","format":"standard","meta":{"_jetpack_memberships_contains_paid_content":false,"footnotes":""},"categories":[2,12225,4],"tags":[],"class_list":["post-453205","post","type-post","status-publish","format-standard","hentry","category-entretenimento","category-noticias","category-servicos"],"yoast_head":"<!-- This site is optimized with the Yoast SEO plugin v27.5 - https:\/\/yoast.com\/product\/yoast-seo-wordpress\/ -->\n<title>Mulheres protestam no Rio e pedem maior presen\u00e7a do Estado<\/title>\n<meta name=\"robots\" content=\"index, follow, max-snippet:-1, max-image-preview:large, max-video-preview:-1\" \/>\n<link rel=\"canonical\" href=\"https:\/\/mrnews.com.br\/index.php\/2025\/12\/07\/mulheres-protestam-no-rio-e-pedem-maior-presenca-do-estado\/\" \/>\n<meta property=\"og:locale\" content=\"pt_BR\" \/>\n<meta property=\"og:type\" content=\"article\" \/>\n<meta property=\"og:title\" content=\"Mulheres protestam no Rio e pedem maior presen\u00e7a do Estado\" \/>\n<meta property=\"og:description\" content=\"Por EBC, A tentativa de feminic\u00eddio que sofreu em 6 de fevereiro de 2017 ainda provoca uma mistura de sentimentos e l\u00e1grimas na agente de educa\u00e7\u00e3o infantil do munic\u00edpio do Rio de Janeiro\u00a0Evelyn Lucy Alves da Luz, de 44 anos. Os tiros que levou do ex-marido est\u00e3o marcados nela e na filha, que na \u00e9poca &hellip;\" \/>\n<meta property=\"og:url\" content=\"https:\/\/mrnews.com.br\/index.php\/2025\/12\/07\/mulheres-protestam-no-rio-e-pedem-maior-presenca-do-estado\/\" \/>\n<meta property=\"og:site_name\" content=\"MRNews\" \/>\n<meta property=\"article:publisher\" content=\"https:\/\/www.facebook.com\/eaipahpah\/?locale2=pt_BR\" \/>\n<meta property=\"article:published_time\" content=\"2025-12-07T22:57:14+00:00\" \/>\n<meta name=\"author\" content=\"MR News\" \/>\n<meta name=\"twitter:card\" content=\"summary_large_image\" \/>\n<meta name=\"twitter:creator\" content=\"@conspirou\" \/>\n<meta name=\"twitter:site\" content=\"@conspirou\" \/>\n<meta name=\"twitter:label1\" content=\"Escrito por\" \/>\n\t<meta name=\"twitter:data1\" content=\"MR News\" \/>\n\t<meta name=\"twitter:label2\" content=\"Est. tempo de leitura\" \/>\n\t<meta name=\"twitter:data2\" content=\"6 minutos\" \/>\n<script type=\"application\/ld+json\" class=\"yoast-schema-graph\">{\"@context\":\"https:\\\/\\\/schema.org\",\"@graph\":[{\"@type\":\"Article\",\"@id\":\"https:\\\/\\\/mrnews.com.br\\\/index.php\\\/2025\\\/12\\\/07\\\/mulheres-protestam-no-rio-e-pedem-maior-presenca-do-estado\\\/#article\",\"isPartOf\":{\"@id\":\"https:\\\/\\\/mrnews.com.br\\\/index.php\\\/2025\\\/12\\\/07\\\/mulheres-protestam-no-rio-e-pedem-maior-presenca-do-estado\\\/\"},\"author\":{\"name\":\"MR News\",\"@id\":\"https:\\\/\\\/mrnews.com.br\\\/#\\\/schema\\\/person\\\/be3203154562a9f207407861cef7827b\"},\"headline\":\"Mulheres protestam no Rio e pedem maior presen\u00e7a do Estado\",\"datePublished\":\"2025-12-07T22:57:14+00:00\",\"mainEntityOfPage\":{\"@id\":\"https:\\\/\\\/mrnews.com.br\\\/index.php\\\/2025\\\/12\\\/07\\\/mulheres-protestam-no-rio-e-pedem-maior-presenca-do-estado\\\/\"},\"wordCount\":1127,\"commentCount\":0,\"publisher\":{\"@id\":\"https:\\\/\\\/mrnews.com.br\\\/#organization\"},\"articleSection\":[\"ENTRETENIMENTO\",\"NOTICIAS\",\"SERVI\u00c7OS\"],\"inLanguage\":\"pt-BR\",\"potentialAction\":[{\"@type\":\"CommentAction\",\"name\":\"Comment\",\"target\":[\"https:\\\/\\\/mrnews.com.br\\\/index.php\\\/2025\\\/12\\\/07\\\/mulheres-protestam-no-rio-e-pedem-maior-presenca-do-estado\\\/#respond\"]}]},{\"@type\":\"WebPage\",\"@id\":\"https:\\\/\\\/mrnews.com.br\\\/index.php\\\/2025\\\/12\\\/07\\\/mulheres-protestam-no-rio-e-pedem-maior-presenca-do-estado\\\/\",\"url\":\"https:\\\/\\\/mrnews.com.br\\\/index.php\\\/2025\\\/12\\\/07\\\/mulheres-protestam-no-rio-e-pedem-maior-presenca-do-estado\\\/\",\"name\":\"Mulheres protestam no Rio e pedem maior presen\u00e7a do Estado\",\"isPartOf\":{\"@id\":\"https:\\\/\\\/mrnews.com.br\\\/#website\"},\"datePublished\":\"2025-12-07T22:57:14+00:00\",\"breadcrumb\":{\"@id\":\"https:\\\/\\\/mrnews.com.br\\\/index.php\\\/2025\\\/12\\\/07\\\/mulheres-protestam-no-rio-e-pedem-maior-presenca-do-estado\\\/#breadcrumb\"},\"inLanguage\":\"pt-BR\",\"potentialAction\":[{\"@type\":\"ReadAction\",\"target\":[\"https:\\\/\\\/mrnews.com.br\\\/index.php\\\/2025\\\/12\\\/07\\\/mulheres-protestam-no-rio-e-pedem-maior-presenca-do-estado\\\/\"]}]},{\"@type\":\"BreadcrumbList\",\"@id\":\"https:\\\/\\\/mrnews.com.br\\\/index.php\\\/2025\\\/12\\\/07\\\/mulheres-protestam-no-rio-e-pedem-maior-presenca-do-estado\\\/#breadcrumb\",\"itemListElement\":[{\"@type\":\"ListItem\",\"position\":1,\"name\":\"In\u00edcio\",\"item\":\"https:\\\/\\\/mrnews.com.br\\\/\"},{\"@type\":\"ListItem\",\"position\":2,\"name\":\"Mulheres protestam no Rio e pedem maior presen\u00e7a do Estado\"}]},{\"@type\":\"WebSite\",\"@id\":\"https:\\\/\\\/mrnews.com.br\\\/#website\",\"url\":\"https:\\\/\\\/mrnews.com.br\\\/\",\"name\":\"MRNews\",\"description\":\"MRNews Jogos de hoje da TV, transmiss\u00f5es ao vivo, Not\u00edcias de futebol, Jogos ao vivo, Lives, resumo de novelas, Programa\u00e7\u00e3o da Globo, A Fazenda e BBB\",\"publisher\":{\"@id\":\"https:\\\/\\\/mrnews.com.br\\\/#organization\"},\"potentialAction\":[{\"@type\":\"SearchAction\",\"target\":{\"@type\":\"EntryPoint\",\"urlTemplate\":\"https:\\\/\\\/mrnews.com.br\\\/?s={search_term_string}\"},\"query-input\":{\"@type\":\"PropertyValueSpecification\",\"valueRequired\":true,\"valueName\":\"search_term_string\"}}],\"inLanguage\":\"pt-BR\"},{\"@type\":\"Organization\",\"@id\":\"https:\\\/\\\/mrnews.com.br\\\/#organization\",\"name\":\"MRNews\",\"url\":\"https:\\\/\\\/mrnews.com.br\\\/\",\"logo\":{\"@type\":\"ImageObject\",\"inLanguage\":\"pt-BR\",\"@id\":\"https:\\\/\\\/mrnews.com.br\\\/#\\\/schema\\\/logo\\\/image\\\/\",\"url\":\"https:\\\/\\\/mrnews.com.br\\\/wp-content\\\/uploads\\\/2019\\\/06\\\/MRNewslogo2.png\",\"contentUrl\":\"https:\\\/\\\/mrnews.com.br\\\/wp-content\\\/uploads\\\/2019\\\/06\\\/MRNewslogo2.png\",\"width\":223,\"height\":58,\"caption\":\"MRNews\"},\"image\":{\"@id\":\"https:\\\/\\\/mrnews.com.br\\\/#\\\/schema\\\/logo\\\/image\\\/\"},\"sameAs\":[\"https:\\\/\\\/www.facebook.com\\\/eaipahpah\\\/?locale2=pt_BR\",\"https:\\\/\\\/x.com\\\/conspirou\",\"https:\\\/\\\/www.instagram.com\\\/eai_pahpah\",\"https:\\\/\\\/br.pinterest.com\\\/mrnewsn\\\/boards\\\/\",\"https:\\\/\\\/www.youtube.com\\\/channel\\\/UCacgnpznQ61fifLWr1tQ-vA?view_as=subscriber\"]},{\"@type\":\"Person\",\"@id\":\"https:\\\/\\\/mrnews.com.br\\\/#\\\/schema\\\/person\\\/be3203154562a9f207407861cef7827b\",\"name\":\"MR News\",\"image\":{\"@type\":\"ImageObject\",\"inLanguage\":\"pt-BR\",\"@id\":\"https:\\\/\\\/secure.gravatar.com\\\/avatar\\\/04084e6d73c042b8646e7c17b494073bf0ede3ea13c7105cfc45cbbbc28385a4?s=96&d=monsterid&r=g\",\"url\":\"https:\\\/\\\/secure.gravatar.com\\\/avatar\\\/04084e6d73c042b8646e7c17b494073bf0ede3ea13c7105cfc45cbbbc28385a4?s=96&d=monsterid&r=g\",\"contentUrl\":\"https:\\\/\\\/secure.gravatar.com\\\/avatar\\\/04084e6d73c042b8646e7c17b494073bf0ede3ea13c7105cfc45cbbbc28385a4?s=96&d=monsterid&r=g\",\"caption\":\"MR News\"},\"description\":\"Especializado em jornalismo colaborativo pela FTP em n\u00edvel de p\u00f3s-gradua\u00e7\u00e3o. suporte@oimeliga.combr\",\"sameAs\":[\"HUGO R.\",\"Admin\"],\"url\":\"https:\\\/\\\/mrnews.com.br\\\/index.php\\\/author\\\/admin\\\/\"}]}<\/script>\n<!-- \/ Yoast SEO plugin. -->","yoast_head_json":{"title":"Mulheres protestam no Rio e pedem maior presen\u00e7a do Estado","robots":{"index":"index","follow":"follow","max-snippet":"max-snippet:-1","max-image-preview":"max-image-preview:large","max-video-preview":"max-video-preview:-1"},"canonical":"https:\/\/mrnews.com.br\/index.php\/2025\/12\/07\/mulheres-protestam-no-rio-e-pedem-maior-presenca-do-estado\/","og_locale":"pt_BR","og_type":"article","og_title":"Mulheres protestam no Rio e pedem maior presen\u00e7a do Estado","og_description":"Por EBC, A tentativa de feminic\u00eddio que sofreu em 6 de fevereiro de 2017 ainda provoca uma mistura de sentimentos e l\u00e1grimas na agente de educa\u00e7\u00e3o infantil do munic\u00edpio do Rio de Janeiro\u00a0Evelyn Lucy Alves da Luz, de 44 anos. Os tiros que levou do ex-marido est\u00e3o marcados nela e na filha, que na \u00e9poca &hellip;","og_url":"https:\/\/mrnews.com.br\/index.php\/2025\/12\/07\/mulheres-protestam-no-rio-e-pedem-maior-presenca-do-estado\/","og_site_name":"MRNews","article_publisher":"https:\/\/www.facebook.com\/eaipahpah\/?locale2=pt_BR","article_published_time":"2025-12-07T22:57:14+00:00","author":"MR News","twitter_card":"summary_large_image","twitter_creator":"@conspirou","twitter_site":"@conspirou","twitter_misc":{"Escrito por":"MR News","Est. tempo de leitura":"6 minutos"},"schema":{"@context":"https:\/\/schema.org","@graph":[{"@type":"Article","@id":"https:\/\/mrnews.com.br\/index.php\/2025\/12\/07\/mulheres-protestam-no-rio-e-pedem-maior-presenca-do-estado\/#article","isPartOf":{"@id":"https:\/\/mrnews.com.br\/index.php\/2025\/12\/07\/mulheres-protestam-no-rio-e-pedem-maior-presenca-do-estado\/"},"author":{"name":"MR News","@id":"https:\/\/mrnews.com.br\/#\/schema\/person\/be3203154562a9f207407861cef7827b"},"headline":"Mulheres protestam no Rio e pedem maior presen\u00e7a do Estado","datePublished":"2025-12-07T22:57:14+00:00","mainEntityOfPage":{"@id":"https:\/\/mrnews.com.br\/index.php\/2025\/12\/07\/mulheres-protestam-no-rio-e-pedem-maior-presenca-do-estado\/"},"wordCount":1127,"commentCount":0,"publisher":{"@id":"https:\/\/mrnews.com.br\/#organization"},"articleSection":["ENTRETENIMENTO","NOTICIAS","SERVI\u00c7OS"],"inLanguage":"pt-BR","potentialAction":[{"@type":"CommentAction","name":"Comment","target":["https:\/\/mrnews.com.br\/index.php\/2025\/12\/07\/mulheres-protestam-no-rio-e-pedem-maior-presenca-do-estado\/#respond"]}]},{"@type":"WebPage","@id":"https:\/\/mrnews.com.br\/index.php\/2025\/12\/07\/mulheres-protestam-no-rio-e-pedem-maior-presenca-do-estado\/","url":"https:\/\/mrnews.com.br\/index.php\/2025\/12\/07\/mulheres-protestam-no-rio-e-pedem-maior-presenca-do-estado\/","name":"Mulheres protestam no Rio e pedem maior presen\u00e7a do Estado","isPartOf":{"@id":"https:\/\/mrnews.com.br\/#website"},"datePublished":"2025-12-07T22:57:14+00:00","breadcrumb":{"@id":"https:\/\/mrnews.com.br\/index.php\/2025\/12\/07\/mulheres-protestam-no-rio-e-pedem-maior-presenca-do-estado\/#breadcrumb"},"inLanguage":"pt-BR","potentialAction":[{"@type":"ReadAction","target":["https:\/\/mrnews.com.br\/index.php\/2025\/12\/07\/mulheres-protestam-no-rio-e-pedem-maior-presenca-do-estado\/"]}]},{"@type":"BreadcrumbList","@id":"https:\/\/mrnews.com.br\/index.php\/2025\/12\/07\/mulheres-protestam-no-rio-e-pedem-maior-presenca-do-estado\/#breadcrumb","itemListElement":[{"@type":"ListItem","position":1,"name":"In\u00edcio","item":"https:\/\/mrnews.com.br\/"},{"@type":"ListItem","position":2,"name":"Mulheres protestam no Rio e pedem maior presen\u00e7a do Estado"}]},{"@type":"WebSite","@id":"https:\/\/mrnews.com.br\/#website","url":"https:\/\/mrnews.com.br\/","name":"MRNews","description":"MRNews Jogos de hoje da TV, transmiss\u00f5es ao vivo, Not\u00edcias de futebol, Jogos ao vivo, Lives, resumo de novelas, Programa\u00e7\u00e3o da Globo, A Fazenda e BBB","publisher":{"@id":"https:\/\/mrnews.com.br\/#organization"},"potentialAction":[{"@type":"SearchAction","target":{"@type":"EntryPoint","urlTemplate":"https:\/\/mrnews.com.br\/?s={search_term_string}"},"query-input":{"@type":"PropertyValueSpecification","valueRequired":true,"valueName":"search_term_string"}}],"inLanguage":"pt-BR"},{"@type":"Organization","@id":"https:\/\/mrnews.com.br\/#organization","name":"MRNews","url":"https:\/\/mrnews.com.br\/","logo":{"@type":"ImageObject","inLanguage":"pt-BR","@id":"https:\/\/mrnews.com.br\/#\/schema\/logo\/image\/","url":"https:\/\/mrnews.com.br\/wp-content\/uploads\/2019\/06\/MRNewslogo2.png","contentUrl":"https:\/\/mrnews.com.br\/wp-content\/uploads\/2019\/06\/MRNewslogo2.png","width":223,"height":58,"caption":"MRNews"},"image":{"@id":"https:\/\/mrnews.com.br\/#\/schema\/logo\/image\/"},"sameAs":["https:\/\/www.facebook.com\/eaipahpah\/?locale2=pt_BR","https:\/\/x.com\/conspirou","https:\/\/www.instagram.com\/eai_pahpah","https:\/\/br.pinterest.com\/mrnewsn\/boards\/","https:\/\/www.youtube.com\/channel\/UCacgnpznQ61fifLWr1tQ-vA?view_as=subscriber"]},{"@type":"Person","@id":"https:\/\/mrnews.com.br\/#\/schema\/person\/be3203154562a9f207407861cef7827b","name":"MR News","image":{"@type":"ImageObject","inLanguage":"pt-BR","@id":"https:\/\/secure.gravatar.com\/avatar\/04084e6d73c042b8646e7c17b494073bf0ede3ea13c7105cfc45cbbbc28385a4?s=96&d=monsterid&r=g","url":"https:\/\/secure.gravatar.com\/avatar\/04084e6d73c042b8646e7c17b494073bf0ede3ea13c7105cfc45cbbbc28385a4?s=96&d=monsterid&r=g","contentUrl":"https:\/\/secure.gravatar.com\/avatar\/04084e6d73c042b8646e7c17b494073bf0ede3ea13c7105cfc45cbbbc28385a4?s=96&d=monsterid&r=g","caption":"MR News"},"description":"Especializado em jornalismo colaborativo pela FTP em n\u00edvel de p\u00f3s-gradua\u00e7\u00e3o. suporte@oimeliga.combr","sameAs":["HUGO R.","Admin"],"url":"https:\/\/mrnews.com.br\/index.php\/author\/admin\/"}]}},"jetpack_featured_media_url":"","jetpack_sharing_enabled":true,"jetpack_shortlink":"https:\/\/wp.me\/pa2Qf7-1TTL","amp_enabled":true,"_links":{"self":[{"href":"https:\/\/mrnews.com.br\/index.php\/wp-json\/wp\/v2\/posts\/453205","targetHints":{"allow":["GET"]}}],"collection":[{"href":"https:\/\/mrnews.com.br\/index.php\/wp-json\/wp\/v2\/posts"}],"about":[{"href":"https:\/\/mrnews.com.br\/index.php\/wp-json\/wp\/v2\/types\/post"}],"author":[{"embeddable":true,"href":"https:\/\/mrnews.com.br\/index.php\/wp-json\/wp\/v2\/users\/1"}],"replies":[{"embeddable":true,"href":"https:\/\/mrnews.com.br\/index.php\/wp-json\/wp\/v2\/comments?post=453205"}],"version-history":[{"count":0,"href":"https:\/\/mrnews.com.br\/index.php\/wp-json\/wp\/v2\/posts\/453205\/revisions"}],"wp:attachment":[{"href":"https:\/\/mrnews.com.br\/index.php\/wp-json\/wp\/v2\/media?parent=453205"}],"wp:term":[{"taxonomy":"category","embeddable":true,"href":"https:\/\/mrnews.com.br\/index.php\/wp-json\/wp\/v2\/categories?post=453205"},{"taxonomy":"post_tag","embeddable":true,"href":"https:\/\/mrnews.com.br\/index.php\/wp-json\/wp\/v2\/tags?post=453205"}],"curies":[{"name":"wp","href":"https:\/\/api.w.org\/{rel}","templated":true}]}}