{"id":453220,"date":"2025-12-08T07:51:18","date_gmt":"2025-12-08T10:51:18","guid":{"rendered":"https:\/\/mrnews.com.br\/index.php\/2025\/12\/08\/fiocruz-populacao-jovem-apresenta-o-maior-risco-de-suicidio\/"},"modified":"2025-12-08T07:51:18","modified_gmt":"2025-12-08T10:51:18","slug":"fiocruz-populacao-jovem-apresenta-o-maior-risco-de-suicidio","status":"publish","type":"post","link":"https:\/\/mrnews.com.br\/index.php\/2025\/12\/08\/fiocruz-populacao-jovem-apresenta-o-maior-risco-de-suicidio\/","title":{"rendered":"Fiocruz: popula\u00e7\u00e3o jovem apresenta o maior risco de suic\u00eddio"},"content":{"rendered":"<p>Por EBC, <\/p>\n<div>\n<p>Estudo da Funda\u00e7\u00e3o Oswaldo Cruz (Fiocruz) indica que a popula\u00e7\u00e3o jovem apresenta maior risco de suic\u00eddio, de 31,2 para cada 100 mil habitantes, acima da taxa geral da popula\u00e7\u00e3o, que \u00e9 de 24,7 por 100 mil habitantes. Entre homens jovens, o risco sobe para 36,8. <strong>No entanto, \u00e9 entre os ind\u00edgenas que o problema \u00e9 maior<\/strong>.<\/p>\n<p>O 2\u00ba Informe Epidemiol\u00f3gico sobre a Situa\u00e7\u00e3o de Sa\u00fade da Juventude Brasileira: Sa\u00fade Mental, elaborado pela Agenda Jovem Fiocruz e pela Escola Polit\u00e9cnica de Sa\u00fade Joaquim Ven\u00e2ncio (EPSJV\/Fiocruz), <strong>destaca\u00a0que \u201co suic\u00eddio \u00e9 um problema de sa\u00fade sobretudo entre a juventude ind\u00edgena<\/strong>\u201d.<strong>\u00a0Essa popula\u00e7\u00e3o tem a maior taxa de suic\u00eddios no Brasil (62,7)<\/strong>.<\/p>\n<blockquote>\n<p>\u201cJovens ind\u00edgenas, homens na faixa entre 20 e 24 anos, apresentam uma taxa alt\u00edssima de 107,9 suic\u00eddios para cada cem mil habitantes\u201d, dizem os pesquisadores.<\/p>\n<\/blockquote>\n<p><strong>O suic\u00eddio entre mulheres jovens ind\u00edgenas tamb\u00e9m \u00e9 mais alto\u00a0do que a de mulheres de outras popula\u00e7\u00f5es, especialmente entre as mais jovens, de 15 a 19 anos (46,2 suic\u00eddios por cem mil habitantes)<\/strong>.<\/p>\n<p>Segundo a pesquisadora da institui\u00e7\u00e3o, Luciane Ferrareto, quest\u00f5es culturais podem ser atribu\u00eddas aos\u00a0altos \u00edndices entre os ind\u00edgenas, al\u00e9m da demora por um atendimento no servi\u00e7o de sa\u00fade.<\/p>\n<blockquote>\n<p>\u201cOs ind\u00edgenas hoje t\u00eam muito acesso \u00e0 informa\u00e7\u00e3o, mas ainda h\u00e1 muito preconceito contra eles na sociedade\u201d, disse Luciane.<\/p>\n<\/blockquote>\n<p><strong>O estudo descreve o perfil de interna\u00e7\u00f5es hospitalares, mortalidade e atendimentos relacionados \u00e0 sa\u00fade mental nas unidades de aten\u00e7\u00e3o prim\u00e1ria \u00e0 sa\u00fade (APS) de brasileiros com 15 a 29 anos, entre 2022 e 2024<\/strong>.<\/p>\n<h2>Mais interna\u00e7\u00f5es de homens jovens<\/h2>\n<p><strong>De acordo com a pesquisa, homens jovens representam 61,3% das interna\u00e7\u00f5es por problemas de sa\u00fade mental, com uma taxa de interna\u00e7\u00e3o de 708,4 por 100 mil habitantes, 57% mais alta que a taxa das mulheres (450)<\/strong>. Menos da metade dos jovens que se internam por sa\u00fade mental fazem acompanhamento m\u00e9dico e psicol\u00f3gico depois do per\u00edodo hospitalar.<\/p>\n<p><strong>O abuso de subst\u00e2ncias psicoativas \u00e9 a principal causa das interna\u00e7\u00f5es de homens jovens (38,4%)<\/strong>. A maioria desses casos (68,7%) \u00e9 causado por <strong>abuso de m\u00faltiplas drogas<\/strong>. Em seguida, v\u00eam a coca\u00edna (13,2%) e o \u00e1lcool (11,5%). A maior causa da interna\u00e7\u00e3o das mulheres \u00e9 a depress\u00e3o.<\/p>\n<p><strong>Em contrapartida, na juventude como um todo, o abuso de drogas e transtornos esquizofr\u00eanicos t\u00eam o mesmo peso nas interna\u00e7\u00f5es: 31% e 32%, respectivamente<\/strong>.<\/p>\n<p>Para a pesquisadora da Escola Polit\u00e9cnica de Sa\u00fade, a alta taxa de interna\u00e7\u00e3o de homens jovens por abuso de \u00e1lcool e outras drogas est\u00e1 relacionada a uma combina\u00e7\u00e3o de fatores sociais, culturais e econ\u00f4micos.<\/p>\n<p><strong>Segundo a especialista, a\u00a0press\u00e3o por um ideal de masculinidade que valoriza a for\u00e7a e a autossufici\u00eancia gera grande ang\u00fastia e dificulta que muitos busquem ajuda emocional ou psicol\u00f3gica, levando-os a recorrer ao uso de subst\u00e2ncias<\/strong>.<\/p>\n<p>\u201cAl\u00e9m disso, muitos desses jovens j\u00e1 s\u00e3o chefes de fam\u00edlia. A falta de oportunidades de trabalho, empregos prec\u00e1rios, a instabilidade financeira e a sensa\u00e7\u00e3o de fracasso social aumentam as chances desses jovens utilizarem as drogas como forma de escape\u201d, complementa.<\/p>\n<h2>Viol\u00eancia f\u00edsica e sexual na adolesc\u00eancia<\/h2>\n<p><strong>No caso das mulheres, Luciane destaca que a viol\u00eancia f\u00edsica e sexual na adolesc\u00eancia, principalmente por familiares, leva ao adoecimento mental.<\/strong> \u201cJ\u00e1 as mulheres jovens, dos 22 aos 29 anos, podem ter que abandonar estudo e trabalho para cuidar de filhos ou de outros parentes, porque n\u00e3o t\u00eam uma rede de pol\u00edtica p\u00fablica de creches ou de acolhimento de idosos. Outro ponto \u00e9 que muitas mulheres se envolvem em rela\u00e7\u00f5es abusivas que levam ao seu adoecimento. Tamb\u00e9m tem a quest\u00f5es de precariza\u00e7\u00e3o dos empregos e o ass\u00e9dio no trabalho\u201d, afirmou a especialista.<\/p>\n<p><strong>No per\u00edodo analisado, apenas 11,3% dos atendimentos de jovens nas unidades de sa\u00fade\u00a0foram para tratar da sa\u00fade mental, enquanto na popula\u00e7\u00e3o geral essa propor\u00e7\u00e3o \u00e9 24,3%.<\/strong> No entanto, a taxa de interna\u00e7\u00f5es para a juventude foi de 579,5 casos para cada 100 mil habitantes, sendo que nos subgrupos de 20 a 24 anos e 25 a 29 anos o valor sobe, respectivamente, para 624,8 e 719,7. Essas taxas s\u00e3o significativamente mais elevadas do que as da popula\u00e7\u00e3o adulta com mais de 30 anos (599,4).<\/p>\n<p>Segundo o coordenador da AJF, Andr\u00e9 Sobrinho, os jovens s\u00e3o os que mais sofrem com sa\u00fade mental, viol\u00eancias e acidentes de trabalho, mas s\u00e3o tamb\u00e9m os que menos procuram e encontram cuidados em sa\u00fade, os que menos param de trabalhar quando est\u00e3o doentes.\u00a0<\/p>\n<blockquote>\n<p>\u201cMuitas vezes os jovens, a sociedade e o Estado agem como se eles tivessem que aguentar qualquer coisa exatamente por serem jovens\u201d, afirmou Sobrinho.<\/p>\n<\/blockquote>\n<p>O informe analisou as bases de dados do Sistema \u00danico de Sa\u00fade (SUS) sobre interna\u00e7\u00f5es hospitalares, \u00f3bitos e atendimentos na APS. Tamb\u00e9m usou dados do Censo 2022 do Instituto Brasileiro de Geografia e Estat\u00edstica (IBGE) para as taxas de mortalidade e de interna\u00e7\u00e3o.<\/p>\n<h2>Se precisar, pe\u00e7a ajuda<\/h2>\n<p><strong>Qualquer pessoa com pensamentos e sentimentos de querer acabar com a pr\u00f3pria vida deve buscar acolhimento em sua rede de apoio, como familiares, amigos e educadores, e tamb\u00e9m em servi\u00e7os de sa\u00fade<\/strong>. De acordo com o Minist\u00e9rio da Sa\u00fade, \u00e9 muito importante conversar com algu\u00e9m de confian\u00e7a e n\u00e3o hesitar em pedir ajuda, inclusive para buscar servi\u00e7os de sa\u00fade.<\/p>\n<p>O Centro de Valoriza\u00e7\u00e3o da Vida (CVV) realiza apoio emocional e preven\u00e7\u00e3o do suic\u00eddio, atendendo volunt\u00e1ria e gratuitamente todas as pessoas que querem e precisam conversar, sob total sigilo, por telefone (188), e-mail, chat e voip 24 horas todos os dias.<\/p>\n<p><strong>&gt;&gt; Servi\u00e7os de sa\u00fade que podem ser procurados para atendimento:<\/strong><\/p>\n<ul>\n<li>Centros de Aten\u00e7\u00e3o Psicossocial (Caps) e Unidades B\u00e1sicas de Sa\u00fade (Sa\u00fade da fam\u00edlia, Postos e Centros de Sa\u00fade);<\/li>\n<li>UPA 24H, SAMU 192, Pronto Socorro; Hospitais;<\/li>\n<li>Centro de Valoriza\u00e7\u00e3o da Vida \u2013 188 (liga\u00e7\u00e3o gratuita)<\/li>\n<\/ul>\n<p>      <!-- Relacionada --><\/p>\n<p>            <!-- Relacionada -->\n    <\/div>\n","protected":false},"excerpt":{"rendered":"<p>Por EBC, Estudo da Funda\u00e7\u00e3o Oswaldo Cruz (Fiocruz) indica que a popula\u00e7\u00e3o jovem apresenta maior risco de suic\u00eddio, de 31,2 para cada 100 mil habitantes, acima da taxa geral da popula\u00e7\u00e3o, que \u00e9 de 24,7 por 100 mil habitantes. Entre homens jovens, o risco sobe para 36,8. No entanto, \u00e9 entre os ind\u00edgenas que o &hellip;<\/p>\n","protected":false},"author":1,"featured_media":0,"comment_status":"open","ping_status":"open","sticky":false,"template":"","format":"standard","meta":{"_jetpack_memberships_contains_paid_content":false,"footnotes":""},"categories":[2,12225,4],"tags":[],"class_list":["post-453220","post","type-post","status-publish","format-standard","hentry","category-entretenimento","category-noticias","category-servicos"],"yoast_head":"<!-- This site is optimized with the Yoast SEO plugin v27.4 - https:\/\/yoast.com\/product\/yoast-seo-wordpress\/ -->\n<title>Fiocruz: popula\u00e7\u00e3o jovem apresenta o maior risco de suic\u00eddio<\/title>\n<meta name=\"robots\" content=\"index, follow, max-snippet:-1, max-image-preview:large, max-video-preview:-1\" \/>\n<link rel=\"canonical\" href=\"https:\/\/mrnews.com.br\/index.php\/2025\/12\/08\/fiocruz-populacao-jovem-apresenta-o-maior-risco-de-suicidio\/\" \/>\n<meta property=\"og:locale\" content=\"pt_BR\" \/>\n<meta property=\"og:type\" content=\"article\" \/>\n<meta property=\"og:title\" content=\"Fiocruz: popula\u00e7\u00e3o jovem apresenta o maior risco de suic\u00eddio\" \/>\n<meta property=\"og:description\" content=\"Por EBC, Estudo da Funda\u00e7\u00e3o Oswaldo Cruz (Fiocruz) indica que a popula\u00e7\u00e3o jovem apresenta maior risco de suic\u00eddio, de 31,2 para cada 100 mil habitantes, acima da taxa geral da popula\u00e7\u00e3o, que \u00e9 de 24,7 por 100 mil habitantes. Entre homens jovens, o risco sobe para 36,8. No entanto, \u00e9 entre os ind\u00edgenas que o &hellip;\" \/>\n<meta property=\"og:url\" content=\"https:\/\/mrnews.com.br\/index.php\/2025\/12\/08\/fiocruz-populacao-jovem-apresenta-o-maior-risco-de-suicidio\/\" \/>\n<meta property=\"og:site_name\" content=\"MRNews\" \/>\n<meta property=\"article:publisher\" content=\"https:\/\/www.facebook.com\/eaipahpah\/?locale2=pt_BR\" \/>\n<meta property=\"article:published_time\" content=\"2025-12-08T10:51:18+00:00\" \/>\n<meta name=\"author\" content=\"MR News\" \/>\n<meta name=\"twitter:card\" content=\"summary_large_image\" \/>\n<meta name=\"twitter:creator\" content=\"@conspirou\" \/>\n<meta name=\"twitter:site\" content=\"@conspirou\" \/>\n<meta name=\"twitter:label1\" content=\"Escrito por\" \/>\n\t<meta name=\"twitter:data1\" content=\"MR News\" \/>\n\t<meta name=\"twitter:label2\" content=\"Est. tempo de leitura\" \/>\n\t<meta name=\"twitter:data2\" content=\"5 minutos\" \/>\n<script type=\"application\/ld+json\" class=\"yoast-schema-graph\">{\"@context\":\"https:\\\/\\\/schema.org\",\"@graph\":[{\"@type\":\"Article\",\"@id\":\"https:\\\/\\\/mrnews.com.br\\\/index.php\\\/2025\\\/12\\\/08\\\/fiocruz-populacao-jovem-apresenta-o-maior-risco-de-suicidio\\\/#article\",\"isPartOf\":{\"@id\":\"https:\\\/\\\/mrnews.com.br\\\/index.php\\\/2025\\\/12\\\/08\\\/fiocruz-populacao-jovem-apresenta-o-maior-risco-de-suicidio\\\/\"},\"author\":{\"name\":\"MR News\",\"@id\":\"https:\\\/\\\/mrnews.com.br\\\/#\\\/schema\\\/person\\\/be3203154562a9f207407861cef7827b\"},\"headline\":\"Fiocruz: popula\u00e7\u00e3o jovem apresenta o maior risco de suic\u00eddio\",\"datePublished\":\"2025-12-08T10:51:18+00:00\",\"mainEntityOfPage\":{\"@id\":\"https:\\\/\\\/mrnews.com.br\\\/index.php\\\/2025\\\/12\\\/08\\\/fiocruz-populacao-jovem-apresenta-o-maior-risco-de-suicidio\\\/\"},\"wordCount\":1020,\"commentCount\":0,\"publisher\":{\"@id\":\"https:\\\/\\\/mrnews.com.br\\\/#organization\"},\"articleSection\":[\"ENTRETENIMENTO\",\"NOTICIAS\",\"SERVI\u00c7OS\"],\"inLanguage\":\"pt-BR\",\"potentialAction\":[{\"@type\":\"CommentAction\",\"name\":\"Comment\",\"target\":[\"https:\\\/\\\/mrnews.com.br\\\/index.php\\\/2025\\\/12\\\/08\\\/fiocruz-populacao-jovem-apresenta-o-maior-risco-de-suicidio\\\/#respond\"]}]},{\"@type\":\"WebPage\",\"@id\":\"https:\\\/\\\/mrnews.com.br\\\/index.php\\\/2025\\\/12\\\/08\\\/fiocruz-populacao-jovem-apresenta-o-maior-risco-de-suicidio\\\/\",\"url\":\"https:\\\/\\\/mrnews.com.br\\\/index.php\\\/2025\\\/12\\\/08\\\/fiocruz-populacao-jovem-apresenta-o-maior-risco-de-suicidio\\\/\",\"name\":\"Fiocruz: popula\u00e7\u00e3o jovem apresenta o maior risco de suic\u00eddio\",\"isPartOf\":{\"@id\":\"https:\\\/\\\/mrnews.com.br\\\/#website\"},\"datePublished\":\"2025-12-08T10:51:18+00:00\",\"breadcrumb\":{\"@id\":\"https:\\\/\\\/mrnews.com.br\\\/index.php\\\/2025\\\/12\\\/08\\\/fiocruz-populacao-jovem-apresenta-o-maior-risco-de-suicidio\\\/#breadcrumb\"},\"inLanguage\":\"pt-BR\",\"potentialAction\":[{\"@type\":\"ReadAction\",\"target\":[\"https:\\\/\\\/mrnews.com.br\\\/index.php\\\/2025\\\/12\\\/08\\\/fiocruz-populacao-jovem-apresenta-o-maior-risco-de-suicidio\\\/\"]}]},{\"@type\":\"BreadcrumbList\",\"@id\":\"https:\\\/\\\/mrnews.com.br\\\/index.php\\\/2025\\\/12\\\/08\\\/fiocruz-populacao-jovem-apresenta-o-maior-risco-de-suicidio\\\/#breadcrumb\",\"itemListElement\":[{\"@type\":\"ListItem\",\"position\":1,\"name\":\"In\u00edcio\",\"item\":\"https:\\\/\\\/mrnews.com.br\\\/\"},{\"@type\":\"ListItem\",\"position\":2,\"name\":\"Fiocruz: popula\u00e7\u00e3o jovem apresenta o maior risco de suic\u00eddio\"}]},{\"@type\":\"WebSite\",\"@id\":\"https:\\\/\\\/mrnews.com.br\\\/#website\",\"url\":\"https:\\\/\\\/mrnews.com.br\\\/\",\"name\":\"MRNews\",\"description\":\"MRNews Jogos de hoje da TV, transmiss\u00f5es ao vivo, Not\u00edcias de futebol, Jogos ao vivo, Lives, resumo de novelas, Programa\u00e7\u00e3o da Globo, A Fazenda e BBB\",\"publisher\":{\"@id\":\"https:\\\/\\\/mrnews.com.br\\\/#organization\"},\"potentialAction\":[{\"@type\":\"SearchAction\",\"target\":{\"@type\":\"EntryPoint\",\"urlTemplate\":\"https:\\\/\\\/mrnews.com.br\\\/?s={search_term_string}\"},\"query-input\":{\"@type\":\"PropertyValueSpecification\",\"valueRequired\":true,\"valueName\":\"search_term_string\"}}],\"inLanguage\":\"pt-BR\"},{\"@type\":\"Organization\",\"@id\":\"https:\\\/\\\/mrnews.com.br\\\/#organization\",\"name\":\"MRNews\",\"url\":\"https:\\\/\\\/mrnews.com.br\\\/\",\"logo\":{\"@type\":\"ImageObject\",\"inLanguage\":\"pt-BR\",\"@id\":\"https:\\\/\\\/mrnews.com.br\\\/#\\\/schema\\\/logo\\\/image\\\/\",\"url\":\"https:\\\/\\\/mrnews.com.br\\\/wp-content\\\/uploads\\\/2019\\\/06\\\/MRNewslogo2.png\",\"contentUrl\":\"https:\\\/\\\/mrnews.com.br\\\/wp-content\\\/uploads\\\/2019\\\/06\\\/MRNewslogo2.png\",\"width\":223,\"height\":58,\"caption\":\"MRNews\"},\"image\":{\"@id\":\"https:\\\/\\\/mrnews.com.br\\\/#\\\/schema\\\/logo\\\/image\\\/\"},\"sameAs\":[\"https:\\\/\\\/www.facebook.com\\\/eaipahpah\\\/?locale2=pt_BR\",\"https:\\\/\\\/x.com\\\/conspirou\",\"https:\\\/\\\/www.instagram.com\\\/eai_pahpah\",\"https:\\\/\\\/br.pinterest.com\\\/mrnewsn\\\/boards\\\/\",\"https:\\\/\\\/www.youtube.com\\\/channel\\\/UCacgnpznQ61fifLWr1tQ-vA?view_as=subscriber\"]},{\"@type\":\"Person\",\"@id\":\"https:\\\/\\\/mrnews.com.br\\\/#\\\/schema\\\/person\\\/be3203154562a9f207407861cef7827b\",\"name\":\"MR News\",\"image\":{\"@type\":\"ImageObject\",\"inLanguage\":\"pt-BR\",\"@id\":\"https:\\\/\\\/secure.gravatar.com\\\/avatar\\\/04084e6d73c042b8646e7c17b494073bf0ede3ea13c7105cfc45cbbbc28385a4?s=96&d=monsterid&r=g\",\"url\":\"https:\\\/\\\/secure.gravatar.com\\\/avatar\\\/04084e6d73c042b8646e7c17b494073bf0ede3ea13c7105cfc45cbbbc28385a4?s=96&d=monsterid&r=g\",\"contentUrl\":\"https:\\\/\\\/secure.gravatar.com\\\/avatar\\\/04084e6d73c042b8646e7c17b494073bf0ede3ea13c7105cfc45cbbbc28385a4?s=96&d=monsterid&r=g\",\"caption\":\"MR News\"},\"description\":\"Especializado em jornalismo colaborativo pela FTP em n\u00edvel de p\u00f3s-gradua\u00e7\u00e3o. suporte@oimeliga.combr\",\"sameAs\":[\"HUGO R.\",\"Admin\"],\"url\":\"https:\\\/\\\/mrnews.com.br\\\/index.php\\\/author\\\/admin\\\/\"}]}<\/script>\n<!-- \/ Yoast SEO plugin. -->","yoast_head_json":{"title":"Fiocruz: popula\u00e7\u00e3o jovem apresenta o maior risco de suic\u00eddio","robots":{"index":"index","follow":"follow","max-snippet":"max-snippet:-1","max-image-preview":"max-image-preview:large","max-video-preview":"max-video-preview:-1"},"canonical":"https:\/\/mrnews.com.br\/index.php\/2025\/12\/08\/fiocruz-populacao-jovem-apresenta-o-maior-risco-de-suicidio\/","og_locale":"pt_BR","og_type":"article","og_title":"Fiocruz: popula\u00e7\u00e3o jovem apresenta o maior risco de suic\u00eddio","og_description":"Por EBC, Estudo da Funda\u00e7\u00e3o Oswaldo Cruz (Fiocruz) indica que a popula\u00e7\u00e3o jovem apresenta maior risco de suic\u00eddio, de 31,2 para cada 100 mil habitantes, acima da taxa geral da popula\u00e7\u00e3o, que \u00e9 de 24,7 por 100 mil habitantes. Entre homens jovens, o risco sobe para 36,8. No entanto, \u00e9 entre os ind\u00edgenas que o &hellip;","og_url":"https:\/\/mrnews.com.br\/index.php\/2025\/12\/08\/fiocruz-populacao-jovem-apresenta-o-maior-risco-de-suicidio\/","og_site_name":"MRNews","article_publisher":"https:\/\/www.facebook.com\/eaipahpah\/?locale2=pt_BR","article_published_time":"2025-12-08T10:51:18+00:00","author":"MR News","twitter_card":"summary_large_image","twitter_creator":"@conspirou","twitter_site":"@conspirou","twitter_misc":{"Escrito por":"MR News","Est. tempo de leitura":"5 minutos"},"schema":{"@context":"https:\/\/schema.org","@graph":[{"@type":"Article","@id":"https:\/\/mrnews.com.br\/index.php\/2025\/12\/08\/fiocruz-populacao-jovem-apresenta-o-maior-risco-de-suicidio\/#article","isPartOf":{"@id":"https:\/\/mrnews.com.br\/index.php\/2025\/12\/08\/fiocruz-populacao-jovem-apresenta-o-maior-risco-de-suicidio\/"},"author":{"name":"MR News","@id":"https:\/\/mrnews.com.br\/#\/schema\/person\/be3203154562a9f207407861cef7827b"},"headline":"Fiocruz: popula\u00e7\u00e3o jovem apresenta o maior risco de suic\u00eddio","datePublished":"2025-12-08T10:51:18+00:00","mainEntityOfPage":{"@id":"https:\/\/mrnews.com.br\/index.php\/2025\/12\/08\/fiocruz-populacao-jovem-apresenta-o-maior-risco-de-suicidio\/"},"wordCount":1020,"commentCount":0,"publisher":{"@id":"https:\/\/mrnews.com.br\/#organization"},"articleSection":["ENTRETENIMENTO","NOTICIAS","SERVI\u00c7OS"],"inLanguage":"pt-BR","potentialAction":[{"@type":"CommentAction","name":"Comment","target":["https:\/\/mrnews.com.br\/index.php\/2025\/12\/08\/fiocruz-populacao-jovem-apresenta-o-maior-risco-de-suicidio\/#respond"]}]},{"@type":"WebPage","@id":"https:\/\/mrnews.com.br\/index.php\/2025\/12\/08\/fiocruz-populacao-jovem-apresenta-o-maior-risco-de-suicidio\/","url":"https:\/\/mrnews.com.br\/index.php\/2025\/12\/08\/fiocruz-populacao-jovem-apresenta-o-maior-risco-de-suicidio\/","name":"Fiocruz: popula\u00e7\u00e3o jovem apresenta o maior risco de suic\u00eddio","isPartOf":{"@id":"https:\/\/mrnews.com.br\/#website"},"datePublished":"2025-12-08T10:51:18+00:00","breadcrumb":{"@id":"https:\/\/mrnews.com.br\/index.php\/2025\/12\/08\/fiocruz-populacao-jovem-apresenta-o-maior-risco-de-suicidio\/#breadcrumb"},"inLanguage":"pt-BR","potentialAction":[{"@type":"ReadAction","target":["https:\/\/mrnews.com.br\/index.php\/2025\/12\/08\/fiocruz-populacao-jovem-apresenta-o-maior-risco-de-suicidio\/"]}]},{"@type":"BreadcrumbList","@id":"https:\/\/mrnews.com.br\/index.php\/2025\/12\/08\/fiocruz-populacao-jovem-apresenta-o-maior-risco-de-suicidio\/#breadcrumb","itemListElement":[{"@type":"ListItem","position":1,"name":"In\u00edcio","item":"https:\/\/mrnews.com.br\/"},{"@type":"ListItem","position":2,"name":"Fiocruz: popula\u00e7\u00e3o jovem apresenta o maior risco de suic\u00eddio"}]},{"@type":"WebSite","@id":"https:\/\/mrnews.com.br\/#website","url":"https:\/\/mrnews.com.br\/","name":"MRNews","description":"MRNews Jogos de hoje da TV, transmiss\u00f5es ao vivo, Not\u00edcias de futebol, Jogos ao vivo, Lives, resumo de novelas, Programa\u00e7\u00e3o da Globo, A Fazenda e BBB","publisher":{"@id":"https:\/\/mrnews.com.br\/#organization"},"potentialAction":[{"@type":"SearchAction","target":{"@type":"EntryPoint","urlTemplate":"https:\/\/mrnews.com.br\/?s={search_term_string}"},"query-input":{"@type":"PropertyValueSpecification","valueRequired":true,"valueName":"search_term_string"}}],"inLanguage":"pt-BR"},{"@type":"Organization","@id":"https:\/\/mrnews.com.br\/#organization","name":"MRNews","url":"https:\/\/mrnews.com.br\/","logo":{"@type":"ImageObject","inLanguage":"pt-BR","@id":"https:\/\/mrnews.com.br\/#\/schema\/logo\/image\/","url":"https:\/\/mrnews.com.br\/wp-content\/uploads\/2019\/06\/MRNewslogo2.png","contentUrl":"https:\/\/mrnews.com.br\/wp-content\/uploads\/2019\/06\/MRNewslogo2.png","width":223,"height":58,"caption":"MRNews"},"image":{"@id":"https:\/\/mrnews.com.br\/#\/schema\/logo\/image\/"},"sameAs":["https:\/\/www.facebook.com\/eaipahpah\/?locale2=pt_BR","https:\/\/x.com\/conspirou","https:\/\/www.instagram.com\/eai_pahpah","https:\/\/br.pinterest.com\/mrnewsn\/boards\/","https:\/\/www.youtube.com\/channel\/UCacgnpznQ61fifLWr1tQ-vA?view_as=subscriber"]},{"@type":"Person","@id":"https:\/\/mrnews.com.br\/#\/schema\/person\/be3203154562a9f207407861cef7827b","name":"MR News","image":{"@type":"ImageObject","inLanguage":"pt-BR","@id":"https:\/\/secure.gravatar.com\/avatar\/04084e6d73c042b8646e7c17b494073bf0ede3ea13c7105cfc45cbbbc28385a4?s=96&d=monsterid&r=g","url":"https:\/\/secure.gravatar.com\/avatar\/04084e6d73c042b8646e7c17b494073bf0ede3ea13c7105cfc45cbbbc28385a4?s=96&d=monsterid&r=g","contentUrl":"https:\/\/secure.gravatar.com\/avatar\/04084e6d73c042b8646e7c17b494073bf0ede3ea13c7105cfc45cbbbc28385a4?s=96&d=monsterid&r=g","caption":"MR News"},"description":"Especializado em jornalismo colaborativo pela FTP em n\u00edvel de p\u00f3s-gradua\u00e7\u00e3o. suporte@oimeliga.combr","sameAs":["HUGO R.","Admin"],"url":"https:\/\/mrnews.com.br\/index.php\/author\/admin\/"}]}},"jetpack_featured_media_url":"","jetpack_sharing_enabled":true,"jetpack_shortlink":"https:\/\/wp.me\/pa2Qf7-1TU0","amp_enabled":true,"_links":{"self":[{"href":"https:\/\/mrnews.com.br\/index.php\/wp-json\/wp\/v2\/posts\/453220","targetHints":{"allow":["GET"]}}],"collection":[{"href":"https:\/\/mrnews.com.br\/index.php\/wp-json\/wp\/v2\/posts"}],"about":[{"href":"https:\/\/mrnews.com.br\/index.php\/wp-json\/wp\/v2\/types\/post"}],"author":[{"embeddable":true,"href":"https:\/\/mrnews.com.br\/index.php\/wp-json\/wp\/v2\/users\/1"}],"replies":[{"embeddable":true,"href":"https:\/\/mrnews.com.br\/index.php\/wp-json\/wp\/v2\/comments?post=453220"}],"version-history":[{"count":0,"href":"https:\/\/mrnews.com.br\/index.php\/wp-json\/wp\/v2\/posts\/453220\/revisions"}],"wp:attachment":[{"href":"https:\/\/mrnews.com.br\/index.php\/wp-json\/wp\/v2\/media?parent=453220"}],"wp:term":[{"taxonomy":"category","embeddable":true,"href":"https:\/\/mrnews.com.br\/index.php\/wp-json\/wp\/v2\/categories?post=453220"},{"taxonomy":"post_tag","embeddable":true,"href":"https:\/\/mrnews.com.br\/index.php\/wp-json\/wp\/v2\/tags?post=453220"}],"curies":[{"name":"wp","href":"https:\/\/api.w.org\/{rel}","templated":true}]}}