{"id":453234,"date":"2025-12-08T14:09:15","date_gmt":"2025-12-08T17:09:15","guid":{"rendered":"https:\/\/mrnews.com.br\/index.php\/2025\/12\/08\/ebc-e-parceira-do-encontro-de-radios-brasilia-2025\/"},"modified":"2025-12-08T14:09:15","modified_gmt":"2025-12-08T17:09:15","slug":"ebc-e-parceira-do-encontro-de-radios-brasilia-2025","status":"publish","type":"post","link":"https:\/\/mrnews.com.br\/index.php\/2025\/12\/08\/ebc-e-parceira-do-encontro-de-radios-brasilia-2025\/","title":{"rendered":"EBC \u00e9 parceira do Encontro de R\u00e1dios Bras\u00edlia 2025"},"content":{"rendered":"<p>Por EBC, <\/p>\n<div>\n<p>A <strong>Empresa Brasil de Comunica\u00e7\u00e3o (EBC)<\/strong> \u00e9 parceira institucional do <em>Encontro de R\u00e1dios Bras\u00edlia 2025<\/em>, que ser\u00e1 realizado nos dias 11 e 12 de dezembro, na Sala Le Corbusier, na Embaixada da Fran\u00e7a, em Bras\u00edlia. O evento \u00e9 organizado pela <em>R\u00e1dio Fran\u00e7a Internacional (RFI)<\/em> e o tema \u00e9 <em>Qual \u00e9 o futuro do r\u00e1dio na era digital?<\/em>.<\/p>\n<p><strong>O encontro vai reunir profissionais e especialistas do setor para palestras e debates sobre o cen\u00e1rio atual do r\u00e1dio, seus desafios e oportunidades em um ambiente cada vez mais marcado pela transforma\u00e7\u00e3o digital.<\/strong> Ser\u00e3o dois dias de trocas, an\u00e1lises e reflex\u00f5es sobre inova\u00e7\u00e3o, responsabilidade social e ambiental, produ\u00e7\u00e3o de conte\u00fados, novos formatos e tend\u00eancias.<\/p>\n<p>Tamb\u00e9m s\u00e3o apoiadores do evento a <em>R\u00e1dio C\u00e2mara<\/em>, a Rede de R\u00e1dios Universit\u00e1rias do Brasil (Rubra), a Associa\u00e7\u00e3o Brasileira de Emissoras de R\u00e1dio e Televis\u00e3o (Abert), o Grupo Radioweb e a Embaixada da Fran\u00e7a.<\/p>\n<p><strong>A EBC estar\u00e1 representada pelo seu diretor-geral, Br\u00e1ulio Ribeiro, e por diversos profissionais da empresa que v\u00e3o participar de pain\u00e9is, compartilhar experi\u00eancias e contribuir com as discuss\u00f5es a partir da expertise da comunica\u00e7\u00e3o p\u00fablica.<\/strong><\/p>\n<blockquote>\n<p>\u201cO debate sobre o futuro do r\u00e1dio \u00e9 estrat\u00e9gico para garantirmos diversidade, inova\u00e7\u00e3o e servi\u00e7o \u00e0 sociedade em um ambiente digital de constante mudan\u00e7a. Parcerias como esta fortalecem o setor e ampliam nossa capacidade de produzir conte\u00fados p\u00fablicos com alcance e qualidade\u201d, afirma o diretor-geral da <strong>EBC<\/strong>, Br\u00e1ulio Ribeiro.\u00a0<\/p>\n<\/blockquote>\n<p><strong>Programa\u00e7\u00e3o<\/strong><\/p>\n<p>Quinta-feira (11)<\/p>\n<p>9h30 &#8211; Discursos de boas-vindas<\/p>\n<p>10h &#8211; Painel O r\u00e1dio tem futuro na era digital? Como ele pode existir frente \u00e0 multiplica\u00e7\u00e3o de novos agentes de informa\u00e7\u00e3o?<\/p>\n<p>Moderador &#8211; Paulo Fernando de Carvalho Lopes, Rubra\/UFPB;<\/p>\n<p>Ant\u00f4nio Alonso, Sebrae Nacional;<\/p>\n<p>Patr\u00edcia Marins, Oficina Consultoria;<\/p>\n<p>Thiago Regotto, <strong>EBC<\/strong>.<\/p>\n<p>12h &#8211; Painel Explora\u00e7\u00e3o de caminhos de colabora\u00e7\u00e3o entre as m\u00eddias p\u00fablicas<\/p>\n<p>Moderadora &#8211; Ver\u00f4nica Lima Nogueira da Silva, <em>R\u00e1dio C\u00e2mara Bras\u00edlia<\/em>;<\/p>\n<p>Adriano de Angelis, <strong>EBC<\/strong>;<\/p>\n<p>Elcio Ramalho, <em>RFI<\/em>;<\/p>\n<p>Gianfranco Del Sent, <em>R\u00e1dio C\u00e2mara Bras\u00edlia<\/em>;<\/p>\n<p>Norma Meireles, Rubra.<\/p>\n<p>14h30 &#8211; Painel Contribui\u00e7\u00e3o do r\u00e1dio \u00e0 cria\u00e7\u00e3o da consci\u00eancia ecol\u00f3gica (ap\u00f3s a COP-30 em Bel\u00e9m)<\/p>\n<p>Moderador &#8211; Pedro Ivo, F\u00f3rum Brasileiro de ONGs e Movimentos Sociais para o Meio Ambiente e Desenvolvimento;<\/p>\n<p>Ana Raquel\/Jos\u00e9 Carlos Oliveira, <em>R\u00e1dio C\u00e2mara<\/em>;<\/p>\n<p>Norma Meireles, Rubra;<\/p>\n<p>Mara R\u00e9gia di Perna, <strong>EBC<\/strong>.<\/p>\n<p>16h30 &#8211; Painel Interioriza\u00e7\u00e3o da r\u00e1dio p\u00fablica: os casos da <strong>EBC<\/strong>, da RNCP, da <em>R\u00e1dio C\u00e2mara<\/em>, da Rede Legislativa e da Rubra<\/p>\n<p>Moderadora &#8211; Debora Lopez, Rubra;<\/p>\n<p>L\u00eddia Neves, <strong>EBC<\/strong>;<\/p>\n<p>Nelia del Bianco, GP R\u00e1dio e M\u00eddia Sonora;<\/p>\n<p>Norma Meireles, Rubra.<\/p>\n<p>18h &#8211; Assinatura da carta de inten\u00e7\u00f5es tripartite entre a <strong>EBC<\/strong>, a Coordena\u00e7\u00e3o Geral da Alian\u00e7a Francesa no Brasil e o grupo FMM para a disponibiliza\u00e7\u00e3o de duas s\u00e9ries radiof\u00f4nicas sobre a l\u00edngua francesa, produzidas pela <em>RFI<\/em>, para as r\u00e1dios da RNCP<\/p>\n<p>18h30 &#8211; Lan\u00e7amento do livro <em>Interioriza\u00e7\u00e3o da r\u00e1dio p\u00fablica: informa\u00e7\u00e3o legislativa para todo o Brasil<\/em>, produzido pela Rede Legislativa e o Grupo de Pesquisa de R\u00e1dio e M\u00eddia Sonora da Intercom<\/p>\n<p>Sexta-feira (12)<\/p>\n<p>9h30 &#8211; Painel Os jovens diante das novas m\u00eddias: informa\u00e7\u00e3o versus desinforma\u00e7\u00e3o na era digital<\/p>\n<p>Moderadora &#8211; Ana Potyara Tavares, Andi Direito e Comunica\u00e7\u00e3o;<\/p>\n<p>Debora Lop\u00e9z, Rubra;<\/p>\n<p>Eliana Albuquerque, <em>R\u00e1dio UESC<\/em>;<\/p>\n<p>Katia Brembatti, Abraji.<\/p>\n<p>11h30 &#8211; Painel Meios de comunica\u00e7\u00e3o, democracia e constru\u00e7\u00e3o de valores universais<\/p>\n<p>Moderador &#8211; Marcos Urup\u00e1, UNB;<\/p>\n<p>Braulio Ribeiro, <strong>EBC<\/strong>;<\/p>\n<p>Carla Jimenez, <em>UOL<\/em>;<\/p>\n<p>Lilian Mariano Alves, <em>R\u00e1dio Terceiro Andar UFMG<\/em>;<\/p>\n<p>S\u00f4nia Pessoa, <em>R\u00e1dio UFG<\/em>.<\/p>\n<p>14h30 &#8211; Painel O r\u00e1dio privado: busca de equil\u00edbrio entre a necessidade do rating e a responsabilidade no tratamento da informa\u00e7\u00e3o, do di\u00e1logo intercultural e da diversidade social<\/p>\n<p>Moderador &#8211; Rafael Medeiros, <em>R\u00e1dio Educativa UFMG<\/em>;<\/p>\n<p>Felipe Damo, Sebrae Nacional;<\/p>\n<p>Hiury Wdson, <em>Ag\u00eancia Radioweb<\/em>;<\/p>\n<p>Neila Kadhi, <em>R\u00e1dio Educadora da Bahia<\/em>.<\/p>\n<p>16h30 &#8211; Painel A IA: amiga ou inimiga do jornalismo?<\/p>\n<p>Moderadora &#8211; Kariane Costa, <strong>EBC<\/strong>;<\/p>\n<p>Paulo Gilvane, Grupo Radioweb;<\/p>\n<p>Rachel Librelon, <em>Ag\u00eancia C\u00e2mara<\/em>;<\/p>\n<p>Elcio Ramalho, <em>RFI<\/em>.<\/p>\n<p>      <!-- Relacionada --><\/p>\n<p>            <!-- Relacionada -->\n    <\/div>\n","protected":false},"excerpt":{"rendered":"<p>Por EBC, A Empresa Brasil de Comunica\u00e7\u00e3o (EBC) \u00e9 parceira institucional do Encontro de R\u00e1dios Bras\u00edlia 2025, que ser\u00e1 realizado nos dias 11 e 12 de dezembro, na Sala Le Corbusier, na Embaixada da Fran\u00e7a, em Bras\u00edlia. O evento \u00e9 organizado pela R\u00e1dio Fran\u00e7a Internacional (RFI) e o tema \u00e9 Qual \u00e9 o futuro do &hellip;<\/p>\n","protected":false},"author":1,"featured_media":0,"comment_status":"open","ping_status":"open","sticky":false,"template":"","format":"standard","meta":{"_jetpack_memberships_contains_paid_content":false,"footnotes":""},"categories":[2,12225,4],"tags":[],"class_list":["post-453234","post","type-post","status-publish","format-standard","hentry","category-entretenimento","category-noticias","category-servicos"],"yoast_head":"<!-- This site is optimized with the Yoast SEO plugin v27.4 - https:\/\/yoast.com\/product\/yoast-seo-wordpress\/ -->\n<title>EBC \u00e9 parceira do Encontro de R\u00e1dios Bras\u00edlia 2025<\/title>\n<meta name=\"robots\" content=\"index, follow, max-snippet:-1, max-image-preview:large, max-video-preview:-1\" \/>\n<link rel=\"canonical\" href=\"https:\/\/mrnews.com.br\/index.php\/2025\/12\/08\/ebc-e-parceira-do-encontro-de-radios-brasilia-2025\/\" \/>\n<meta property=\"og:locale\" content=\"pt_BR\" \/>\n<meta property=\"og:type\" content=\"article\" \/>\n<meta property=\"og:title\" content=\"EBC \u00e9 parceira do Encontro de R\u00e1dios Bras\u00edlia 2025\" \/>\n<meta property=\"og:description\" content=\"Por EBC, A Empresa Brasil de Comunica\u00e7\u00e3o (EBC) \u00e9 parceira institucional do Encontro de R\u00e1dios Bras\u00edlia 2025, que ser\u00e1 realizado nos dias 11 e 12 de dezembro, na Sala Le Corbusier, na Embaixada da Fran\u00e7a, em Bras\u00edlia. O evento \u00e9 organizado pela R\u00e1dio Fran\u00e7a Internacional (RFI) e o tema \u00e9 Qual \u00e9 o futuro do &hellip;\" \/>\n<meta property=\"og:url\" content=\"https:\/\/mrnews.com.br\/index.php\/2025\/12\/08\/ebc-e-parceira-do-encontro-de-radios-brasilia-2025\/\" \/>\n<meta property=\"og:site_name\" content=\"MRNews\" \/>\n<meta property=\"article:publisher\" content=\"https:\/\/www.facebook.com\/eaipahpah\/?locale2=pt_BR\" \/>\n<meta property=\"article:published_time\" content=\"2025-12-08T17:09:15+00:00\" \/>\n<meta name=\"author\" content=\"MR News\" \/>\n<meta name=\"twitter:card\" content=\"summary_large_image\" \/>\n<meta name=\"twitter:creator\" content=\"@conspirou\" \/>\n<meta name=\"twitter:site\" content=\"@conspirou\" \/>\n<meta name=\"twitter:label1\" content=\"Escrito por\" \/>\n\t<meta name=\"twitter:data1\" content=\"MR News\" \/>\n\t<meta name=\"twitter:label2\" content=\"Est. tempo de leitura\" \/>\n\t<meta name=\"twitter:data2\" content=\"4 minutos\" \/>\n<script type=\"application\/ld+json\" class=\"yoast-schema-graph\">{\"@context\":\"https:\\\/\\\/schema.org\",\"@graph\":[{\"@type\":\"Article\",\"@id\":\"https:\\\/\\\/mrnews.com.br\\\/index.php\\\/2025\\\/12\\\/08\\\/ebc-e-parceira-do-encontro-de-radios-brasilia-2025\\\/#article\",\"isPartOf\":{\"@id\":\"https:\\\/\\\/mrnews.com.br\\\/index.php\\\/2025\\\/12\\\/08\\\/ebc-e-parceira-do-encontro-de-radios-brasilia-2025\\\/\"},\"author\":{\"name\":\"MR News\",\"@id\":\"https:\\\/\\\/mrnews.com.br\\\/#\\\/schema\\\/person\\\/be3203154562a9f207407861cef7827b\"},\"headline\":\"EBC \u00e9 parceira do Encontro de R\u00e1dios Bras\u00edlia 2025\",\"datePublished\":\"2025-12-08T17:09:15+00:00\",\"mainEntityOfPage\":{\"@id\":\"https:\\\/\\\/mrnews.com.br\\\/index.php\\\/2025\\\/12\\\/08\\\/ebc-e-parceira-do-encontro-de-radios-brasilia-2025\\\/\"},\"wordCount\":735,\"commentCount\":0,\"publisher\":{\"@id\":\"https:\\\/\\\/mrnews.com.br\\\/#organization\"},\"articleSection\":[\"ENTRETENIMENTO\",\"NOTICIAS\",\"SERVI\u00c7OS\"],\"inLanguage\":\"pt-BR\",\"potentialAction\":[{\"@type\":\"CommentAction\",\"name\":\"Comment\",\"target\":[\"https:\\\/\\\/mrnews.com.br\\\/index.php\\\/2025\\\/12\\\/08\\\/ebc-e-parceira-do-encontro-de-radios-brasilia-2025\\\/#respond\"]}]},{\"@type\":\"WebPage\",\"@id\":\"https:\\\/\\\/mrnews.com.br\\\/index.php\\\/2025\\\/12\\\/08\\\/ebc-e-parceira-do-encontro-de-radios-brasilia-2025\\\/\",\"url\":\"https:\\\/\\\/mrnews.com.br\\\/index.php\\\/2025\\\/12\\\/08\\\/ebc-e-parceira-do-encontro-de-radios-brasilia-2025\\\/\",\"name\":\"EBC \u00e9 parceira do Encontro de R\u00e1dios Bras\u00edlia 2025\",\"isPartOf\":{\"@id\":\"https:\\\/\\\/mrnews.com.br\\\/#website\"},\"datePublished\":\"2025-12-08T17:09:15+00:00\",\"breadcrumb\":{\"@id\":\"https:\\\/\\\/mrnews.com.br\\\/index.php\\\/2025\\\/12\\\/08\\\/ebc-e-parceira-do-encontro-de-radios-brasilia-2025\\\/#breadcrumb\"},\"inLanguage\":\"pt-BR\",\"potentialAction\":[{\"@type\":\"ReadAction\",\"target\":[\"https:\\\/\\\/mrnews.com.br\\\/index.php\\\/2025\\\/12\\\/08\\\/ebc-e-parceira-do-encontro-de-radios-brasilia-2025\\\/\"]}]},{\"@type\":\"BreadcrumbList\",\"@id\":\"https:\\\/\\\/mrnews.com.br\\\/index.php\\\/2025\\\/12\\\/08\\\/ebc-e-parceira-do-encontro-de-radios-brasilia-2025\\\/#breadcrumb\",\"itemListElement\":[{\"@type\":\"ListItem\",\"position\":1,\"name\":\"In\u00edcio\",\"item\":\"https:\\\/\\\/mrnews.com.br\\\/\"},{\"@type\":\"ListItem\",\"position\":2,\"name\":\"EBC \u00e9 parceira do Encontro de R\u00e1dios Bras\u00edlia 2025\"}]},{\"@type\":\"WebSite\",\"@id\":\"https:\\\/\\\/mrnews.com.br\\\/#website\",\"url\":\"https:\\\/\\\/mrnews.com.br\\\/\",\"name\":\"MRNews\",\"description\":\"MRNews Jogos de hoje da TV, transmiss\u00f5es ao vivo, Not\u00edcias de futebol, Jogos ao vivo, Lives, resumo de novelas, Programa\u00e7\u00e3o da Globo, A Fazenda e BBB\",\"publisher\":{\"@id\":\"https:\\\/\\\/mrnews.com.br\\\/#organization\"},\"potentialAction\":[{\"@type\":\"SearchAction\",\"target\":{\"@type\":\"EntryPoint\",\"urlTemplate\":\"https:\\\/\\\/mrnews.com.br\\\/?s={search_term_string}\"},\"query-input\":{\"@type\":\"PropertyValueSpecification\",\"valueRequired\":true,\"valueName\":\"search_term_string\"}}],\"inLanguage\":\"pt-BR\"},{\"@type\":\"Organization\",\"@id\":\"https:\\\/\\\/mrnews.com.br\\\/#organization\",\"name\":\"MRNews\",\"url\":\"https:\\\/\\\/mrnews.com.br\\\/\",\"logo\":{\"@type\":\"ImageObject\",\"inLanguage\":\"pt-BR\",\"@id\":\"https:\\\/\\\/mrnews.com.br\\\/#\\\/schema\\\/logo\\\/image\\\/\",\"url\":\"https:\\\/\\\/mrnews.com.br\\\/wp-content\\\/uploads\\\/2019\\\/06\\\/MRNewslogo2.png\",\"contentUrl\":\"https:\\\/\\\/mrnews.com.br\\\/wp-content\\\/uploads\\\/2019\\\/06\\\/MRNewslogo2.png\",\"width\":223,\"height\":58,\"caption\":\"MRNews\"},\"image\":{\"@id\":\"https:\\\/\\\/mrnews.com.br\\\/#\\\/schema\\\/logo\\\/image\\\/\"},\"sameAs\":[\"https:\\\/\\\/www.facebook.com\\\/eaipahpah\\\/?locale2=pt_BR\",\"https:\\\/\\\/x.com\\\/conspirou\",\"https:\\\/\\\/www.instagram.com\\\/eai_pahpah\",\"https:\\\/\\\/br.pinterest.com\\\/mrnewsn\\\/boards\\\/\",\"https:\\\/\\\/www.youtube.com\\\/channel\\\/UCacgnpznQ61fifLWr1tQ-vA?view_as=subscriber\"]},{\"@type\":\"Person\",\"@id\":\"https:\\\/\\\/mrnews.com.br\\\/#\\\/schema\\\/person\\\/be3203154562a9f207407861cef7827b\",\"name\":\"MR News\",\"image\":{\"@type\":\"ImageObject\",\"inLanguage\":\"pt-BR\",\"@id\":\"https:\\\/\\\/secure.gravatar.com\\\/avatar\\\/04084e6d73c042b8646e7c17b494073bf0ede3ea13c7105cfc45cbbbc28385a4?s=96&d=monsterid&r=g\",\"url\":\"https:\\\/\\\/secure.gravatar.com\\\/avatar\\\/04084e6d73c042b8646e7c17b494073bf0ede3ea13c7105cfc45cbbbc28385a4?s=96&d=monsterid&r=g\",\"contentUrl\":\"https:\\\/\\\/secure.gravatar.com\\\/avatar\\\/04084e6d73c042b8646e7c17b494073bf0ede3ea13c7105cfc45cbbbc28385a4?s=96&d=monsterid&r=g\",\"caption\":\"MR News\"},\"description\":\"Especializado em jornalismo colaborativo pela FTP em n\u00edvel de p\u00f3s-gradua\u00e7\u00e3o. suporte@oimeliga.combr\",\"sameAs\":[\"HUGO R.\",\"Admin\"],\"url\":\"https:\\\/\\\/mrnews.com.br\\\/index.php\\\/author\\\/admin\\\/\"}]}<\/script>\n<!-- \/ Yoast SEO plugin. -->","yoast_head_json":{"title":"EBC \u00e9 parceira do Encontro de R\u00e1dios Bras\u00edlia 2025","robots":{"index":"index","follow":"follow","max-snippet":"max-snippet:-1","max-image-preview":"max-image-preview:large","max-video-preview":"max-video-preview:-1"},"canonical":"https:\/\/mrnews.com.br\/index.php\/2025\/12\/08\/ebc-e-parceira-do-encontro-de-radios-brasilia-2025\/","og_locale":"pt_BR","og_type":"article","og_title":"EBC \u00e9 parceira do Encontro de R\u00e1dios Bras\u00edlia 2025","og_description":"Por EBC, A Empresa Brasil de Comunica\u00e7\u00e3o (EBC) \u00e9 parceira institucional do Encontro de R\u00e1dios Bras\u00edlia 2025, que ser\u00e1 realizado nos dias 11 e 12 de dezembro, na Sala Le Corbusier, na Embaixada da Fran\u00e7a, em Bras\u00edlia. O evento \u00e9 organizado pela R\u00e1dio Fran\u00e7a Internacional (RFI) e o tema \u00e9 Qual \u00e9 o futuro do &hellip;","og_url":"https:\/\/mrnews.com.br\/index.php\/2025\/12\/08\/ebc-e-parceira-do-encontro-de-radios-brasilia-2025\/","og_site_name":"MRNews","article_publisher":"https:\/\/www.facebook.com\/eaipahpah\/?locale2=pt_BR","article_published_time":"2025-12-08T17:09:15+00:00","author":"MR News","twitter_card":"summary_large_image","twitter_creator":"@conspirou","twitter_site":"@conspirou","twitter_misc":{"Escrito por":"MR News","Est. tempo de leitura":"4 minutos"},"schema":{"@context":"https:\/\/schema.org","@graph":[{"@type":"Article","@id":"https:\/\/mrnews.com.br\/index.php\/2025\/12\/08\/ebc-e-parceira-do-encontro-de-radios-brasilia-2025\/#article","isPartOf":{"@id":"https:\/\/mrnews.com.br\/index.php\/2025\/12\/08\/ebc-e-parceira-do-encontro-de-radios-brasilia-2025\/"},"author":{"name":"MR News","@id":"https:\/\/mrnews.com.br\/#\/schema\/person\/be3203154562a9f207407861cef7827b"},"headline":"EBC \u00e9 parceira do Encontro de R\u00e1dios Bras\u00edlia 2025","datePublished":"2025-12-08T17:09:15+00:00","mainEntityOfPage":{"@id":"https:\/\/mrnews.com.br\/index.php\/2025\/12\/08\/ebc-e-parceira-do-encontro-de-radios-brasilia-2025\/"},"wordCount":735,"commentCount":0,"publisher":{"@id":"https:\/\/mrnews.com.br\/#organization"},"articleSection":["ENTRETENIMENTO","NOTICIAS","SERVI\u00c7OS"],"inLanguage":"pt-BR","potentialAction":[{"@type":"CommentAction","name":"Comment","target":["https:\/\/mrnews.com.br\/index.php\/2025\/12\/08\/ebc-e-parceira-do-encontro-de-radios-brasilia-2025\/#respond"]}]},{"@type":"WebPage","@id":"https:\/\/mrnews.com.br\/index.php\/2025\/12\/08\/ebc-e-parceira-do-encontro-de-radios-brasilia-2025\/","url":"https:\/\/mrnews.com.br\/index.php\/2025\/12\/08\/ebc-e-parceira-do-encontro-de-radios-brasilia-2025\/","name":"EBC \u00e9 parceira do Encontro de R\u00e1dios Bras\u00edlia 2025","isPartOf":{"@id":"https:\/\/mrnews.com.br\/#website"},"datePublished":"2025-12-08T17:09:15+00:00","breadcrumb":{"@id":"https:\/\/mrnews.com.br\/index.php\/2025\/12\/08\/ebc-e-parceira-do-encontro-de-radios-brasilia-2025\/#breadcrumb"},"inLanguage":"pt-BR","potentialAction":[{"@type":"ReadAction","target":["https:\/\/mrnews.com.br\/index.php\/2025\/12\/08\/ebc-e-parceira-do-encontro-de-radios-brasilia-2025\/"]}]},{"@type":"BreadcrumbList","@id":"https:\/\/mrnews.com.br\/index.php\/2025\/12\/08\/ebc-e-parceira-do-encontro-de-radios-brasilia-2025\/#breadcrumb","itemListElement":[{"@type":"ListItem","position":1,"name":"In\u00edcio","item":"https:\/\/mrnews.com.br\/"},{"@type":"ListItem","position":2,"name":"EBC \u00e9 parceira do Encontro de R\u00e1dios Bras\u00edlia 2025"}]},{"@type":"WebSite","@id":"https:\/\/mrnews.com.br\/#website","url":"https:\/\/mrnews.com.br\/","name":"MRNews","description":"MRNews Jogos de hoje da TV, transmiss\u00f5es ao vivo, Not\u00edcias de futebol, Jogos ao vivo, Lives, resumo de novelas, Programa\u00e7\u00e3o da Globo, A Fazenda e BBB","publisher":{"@id":"https:\/\/mrnews.com.br\/#organization"},"potentialAction":[{"@type":"SearchAction","target":{"@type":"EntryPoint","urlTemplate":"https:\/\/mrnews.com.br\/?s={search_term_string}"},"query-input":{"@type":"PropertyValueSpecification","valueRequired":true,"valueName":"search_term_string"}}],"inLanguage":"pt-BR"},{"@type":"Organization","@id":"https:\/\/mrnews.com.br\/#organization","name":"MRNews","url":"https:\/\/mrnews.com.br\/","logo":{"@type":"ImageObject","inLanguage":"pt-BR","@id":"https:\/\/mrnews.com.br\/#\/schema\/logo\/image\/","url":"https:\/\/mrnews.com.br\/wp-content\/uploads\/2019\/06\/MRNewslogo2.png","contentUrl":"https:\/\/mrnews.com.br\/wp-content\/uploads\/2019\/06\/MRNewslogo2.png","width":223,"height":58,"caption":"MRNews"},"image":{"@id":"https:\/\/mrnews.com.br\/#\/schema\/logo\/image\/"},"sameAs":["https:\/\/www.facebook.com\/eaipahpah\/?locale2=pt_BR","https:\/\/x.com\/conspirou","https:\/\/www.instagram.com\/eai_pahpah","https:\/\/br.pinterest.com\/mrnewsn\/boards\/","https:\/\/www.youtube.com\/channel\/UCacgnpznQ61fifLWr1tQ-vA?view_as=subscriber"]},{"@type":"Person","@id":"https:\/\/mrnews.com.br\/#\/schema\/person\/be3203154562a9f207407861cef7827b","name":"MR News","image":{"@type":"ImageObject","inLanguage":"pt-BR","@id":"https:\/\/secure.gravatar.com\/avatar\/04084e6d73c042b8646e7c17b494073bf0ede3ea13c7105cfc45cbbbc28385a4?s=96&d=monsterid&r=g","url":"https:\/\/secure.gravatar.com\/avatar\/04084e6d73c042b8646e7c17b494073bf0ede3ea13c7105cfc45cbbbc28385a4?s=96&d=monsterid&r=g","contentUrl":"https:\/\/secure.gravatar.com\/avatar\/04084e6d73c042b8646e7c17b494073bf0ede3ea13c7105cfc45cbbbc28385a4?s=96&d=monsterid&r=g","caption":"MR News"},"description":"Especializado em jornalismo colaborativo pela FTP em n\u00edvel de p\u00f3s-gradua\u00e7\u00e3o. suporte@oimeliga.combr","sameAs":["HUGO R.","Admin"],"url":"https:\/\/mrnews.com.br\/index.php\/author\/admin\/"}]}},"jetpack_featured_media_url":"","jetpack_sharing_enabled":true,"jetpack_shortlink":"https:\/\/wp.me\/pa2Qf7-1TUe","amp_enabled":true,"_links":{"self":[{"href":"https:\/\/mrnews.com.br\/index.php\/wp-json\/wp\/v2\/posts\/453234","targetHints":{"allow":["GET"]}}],"collection":[{"href":"https:\/\/mrnews.com.br\/index.php\/wp-json\/wp\/v2\/posts"}],"about":[{"href":"https:\/\/mrnews.com.br\/index.php\/wp-json\/wp\/v2\/types\/post"}],"author":[{"embeddable":true,"href":"https:\/\/mrnews.com.br\/index.php\/wp-json\/wp\/v2\/users\/1"}],"replies":[{"embeddable":true,"href":"https:\/\/mrnews.com.br\/index.php\/wp-json\/wp\/v2\/comments?post=453234"}],"version-history":[{"count":0,"href":"https:\/\/mrnews.com.br\/index.php\/wp-json\/wp\/v2\/posts\/453234\/revisions"}],"wp:attachment":[{"href":"https:\/\/mrnews.com.br\/index.php\/wp-json\/wp\/v2\/media?parent=453234"}],"wp:term":[{"taxonomy":"category","embeddable":true,"href":"https:\/\/mrnews.com.br\/index.php\/wp-json\/wp\/v2\/categories?post=453234"},{"taxonomy":"post_tag","embeddable":true,"href":"https:\/\/mrnews.com.br\/index.php\/wp-json\/wp\/v2\/tags?post=453234"}],"curies":[{"name":"wp","href":"https:\/\/api.w.org\/{rel}","templated":true}]}}