{"id":453244,"date":"2025-12-08T18:21:17","date_gmt":"2025-12-08T21:21:17","guid":{"rendered":"https:\/\/mrnews.com.br\/index.php\/2025\/12\/08\/ministerio-das-cidades-aguarda-estudo-da-fazenda-sobre-tarifa-zero\/"},"modified":"2025-12-08T18:21:17","modified_gmt":"2025-12-08T21:21:17","slug":"ministerio-das-cidades-aguarda-estudo-da-fazenda-sobre-tarifa-zero","status":"publish","type":"post","link":"https:\/\/mrnews.com.br\/index.php\/2025\/12\/08\/ministerio-das-cidades-aguarda-estudo-da-fazenda-sobre-tarifa-zero\/","title":{"rendered":"Minist\u00e9rio das Cidades aguarda estudo da Fazenda sobre tarifa zero"},"content":{"rendered":"<p>Por EBC, <\/p>\n<div>\n<p>Uma das promessas do governo para o pr\u00f3ximo ano, a tarifa zero no transporte p\u00fablico, depende da conclus\u00e3o dos estudos t\u00e9cnicos do Minist\u00e9rio da Fazenda para avan\u00e7ar, informou nesta segunda-feira (8) o ministro das Cidades, Jader Filho. <strong>Somente ap\u00f3s a apresenta\u00e7\u00e3o dos n\u00fameros, ressaltou, as duas pastas come\u00e7ar\u00e3o a construir uma proposta conjunta para um modelo de financiamento.<\/strong><\/p>\n<p>Em encontro com jornalistas, o ministro evitou dar detalhes sobre a proposta. Apenas defendeu um pacto federativo envolvendo Uni\u00e3o, estados e munic\u00edpios.<\/p>\n<blockquote>\n<p>\u201cTodos os entes da Federa\u00e7\u00e3o precisam estabelecer solu\u00e7\u00f5es compartilhadas, com cada um contribuindo\u201d, defende o ministro.<\/p>\n<\/blockquote>\n<p>Ele destacou que os pr\u00f3prios munic\u00edpios t\u00eam estabelecido iniciativas de tarifa zero no transporte p\u00fablico em determinados dias da semana e que isso ser\u00e1 levado em conta pelo governo federal.<\/p>\n<p><strong>Para Jader Filho, o pa\u00eds n\u00e3o pode mais adiar o debate sobre a implementa\u00e7\u00e3o da tarifa zero.<\/strong><\/p>\n<p>\u201cEstamos chegando num processo que o mundo inteiro j\u00e1 est\u00e1 tratando, e o Brasil n\u00e3o vai poder se furtar dessa discuss\u00e3o [sobre a gratuidade do transporte p\u00fablico]\u201d, disse.<\/p>\n<h2>Contribui\u00e7\u00e3o conjunta<\/h2>\n<p>O ministro avalia que o modelo atual de financiamento do transporte p\u00fablico \u201cn\u00e3o para em p\u00e9\u201d e vem contribuindo para o sucateamento do sistema e a queda do n\u00famero de usu\u00e1rios.<\/p>\n<p><strong>De acordo com o ministro, h\u00e1 um processo r\u00e1pido de sucateamento que est\u00e1 expulsando o usu\u00e1rio do transporte p\u00fablico.<\/strong> \u201cEsse modelo que est\u00e1 a\u00ed n\u00e3o funciona mais\u201d, afirmou.<\/p>\n<h2>Or\u00e7amento<\/h2>\n<p>Jader Filho tamb\u00e9m ressaltou que a pasta empenhou quase a totalidade dos R$ 501,4 milh\u00f5es liberados pela equipe econ\u00f4mica no fim de novembro.<\/p>\n<p>Segundo o ministro, dos cerca de R$ 15 bilh\u00f5es do Or\u00e7amento da pasta para este ano, apenas R$ 15 milh\u00f5es, a mil\u00e9sima parte, n\u00e3o foram empenhados.<\/p>\n<p>      <!-- Relacionada --><\/p>\n<p>            <!-- Relacionada -->\n    <\/div>\n","protected":false},"excerpt":{"rendered":"<p>Por EBC, Uma das promessas do governo para o pr\u00f3ximo ano, a tarifa zero no transporte p\u00fablico, depende da conclus\u00e3o dos estudos t\u00e9cnicos do Minist\u00e9rio da Fazenda para avan\u00e7ar, informou nesta segunda-feira (8) o ministro das Cidades, Jader Filho. Somente ap\u00f3s a apresenta\u00e7\u00e3o dos n\u00fameros, ressaltou, as duas pastas come\u00e7ar\u00e3o a construir uma proposta conjunta &hellip;<\/p>\n","protected":false},"author":1,"featured_media":0,"comment_status":"open","ping_status":"open","sticky":false,"template":"","format":"standard","meta":{"_jetpack_memberships_contains_paid_content":false,"footnotes":""},"categories":[2,12225,4],"tags":[],"class_list":["post-453244","post","type-post","status-publish","format-standard","hentry","category-entretenimento","category-noticias","category-servicos"],"yoast_head":"<!-- This site is optimized with the Yoast SEO plugin v27.4 - https:\/\/yoast.com\/product\/yoast-seo-wordpress\/ -->\n<title>Minist\u00e9rio das Cidades aguarda estudo da Fazenda sobre tarifa zero<\/title>\n<meta name=\"robots\" content=\"index, follow, max-snippet:-1, max-image-preview:large, max-video-preview:-1\" \/>\n<link rel=\"canonical\" href=\"https:\/\/mrnews.com.br\/index.php\/2025\/12\/08\/ministerio-das-cidades-aguarda-estudo-da-fazenda-sobre-tarifa-zero\/\" \/>\n<meta property=\"og:locale\" content=\"pt_BR\" \/>\n<meta property=\"og:type\" content=\"article\" \/>\n<meta property=\"og:title\" content=\"Minist\u00e9rio das Cidades aguarda estudo da Fazenda sobre tarifa zero\" \/>\n<meta property=\"og:description\" content=\"Por EBC, Uma das promessas do governo para o pr\u00f3ximo ano, a tarifa zero no transporte p\u00fablico, depende da conclus\u00e3o dos estudos t\u00e9cnicos do Minist\u00e9rio da Fazenda para avan\u00e7ar, informou nesta segunda-feira (8) o ministro das Cidades, Jader Filho. Somente ap\u00f3s a apresenta\u00e7\u00e3o dos n\u00fameros, ressaltou, as duas pastas come\u00e7ar\u00e3o a construir uma proposta conjunta &hellip;\" \/>\n<meta property=\"og:url\" content=\"https:\/\/mrnews.com.br\/index.php\/2025\/12\/08\/ministerio-das-cidades-aguarda-estudo-da-fazenda-sobre-tarifa-zero\/\" \/>\n<meta property=\"og:site_name\" content=\"MRNews\" \/>\n<meta property=\"article:publisher\" content=\"https:\/\/www.facebook.com\/eaipahpah\/?locale2=pt_BR\" \/>\n<meta property=\"article:published_time\" content=\"2025-12-08T21:21:17+00:00\" \/>\n<meta name=\"author\" content=\"MR News\" \/>\n<meta name=\"twitter:card\" content=\"summary_large_image\" \/>\n<meta name=\"twitter:creator\" content=\"@conspirou\" \/>\n<meta name=\"twitter:site\" content=\"@conspirou\" \/>\n<meta name=\"twitter:label1\" content=\"Escrito por\" \/>\n\t<meta name=\"twitter:data1\" content=\"MR News\" \/>\n\t<meta name=\"twitter:label2\" content=\"Est. tempo de leitura\" \/>\n\t<meta name=\"twitter:data2\" content=\"2 minutos\" \/>\n<script type=\"application\/ld+json\" class=\"yoast-schema-graph\">{\"@context\":\"https:\\\/\\\/schema.org\",\"@graph\":[{\"@type\":\"Article\",\"@id\":\"https:\\\/\\\/mrnews.com.br\\\/index.php\\\/2025\\\/12\\\/08\\\/ministerio-das-cidades-aguarda-estudo-da-fazenda-sobre-tarifa-zero\\\/#article\",\"isPartOf\":{\"@id\":\"https:\\\/\\\/mrnews.com.br\\\/index.php\\\/2025\\\/12\\\/08\\\/ministerio-das-cidades-aguarda-estudo-da-fazenda-sobre-tarifa-zero\\\/\"},\"author\":{\"name\":\"MR News\",\"@id\":\"https:\\\/\\\/mrnews.com.br\\\/#\\\/schema\\\/person\\\/be3203154562a9f207407861cef7827b\"},\"headline\":\"Minist\u00e9rio das Cidades aguarda estudo da Fazenda sobre tarifa zero\",\"datePublished\":\"2025-12-08T21:21:17+00:00\",\"mainEntityOfPage\":{\"@id\":\"https:\\\/\\\/mrnews.com.br\\\/index.php\\\/2025\\\/12\\\/08\\\/ministerio-das-cidades-aguarda-estudo-da-fazenda-sobre-tarifa-zero\\\/\"},\"wordCount\":334,\"commentCount\":0,\"publisher\":{\"@id\":\"https:\\\/\\\/mrnews.com.br\\\/#organization\"},\"articleSection\":[\"ENTRETENIMENTO\",\"NOTICIAS\",\"SERVI\u00c7OS\"],\"inLanguage\":\"pt-BR\",\"potentialAction\":[{\"@type\":\"CommentAction\",\"name\":\"Comment\",\"target\":[\"https:\\\/\\\/mrnews.com.br\\\/index.php\\\/2025\\\/12\\\/08\\\/ministerio-das-cidades-aguarda-estudo-da-fazenda-sobre-tarifa-zero\\\/#respond\"]}]},{\"@type\":\"WebPage\",\"@id\":\"https:\\\/\\\/mrnews.com.br\\\/index.php\\\/2025\\\/12\\\/08\\\/ministerio-das-cidades-aguarda-estudo-da-fazenda-sobre-tarifa-zero\\\/\",\"url\":\"https:\\\/\\\/mrnews.com.br\\\/index.php\\\/2025\\\/12\\\/08\\\/ministerio-das-cidades-aguarda-estudo-da-fazenda-sobre-tarifa-zero\\\/\",\"name\":\"Minist\u00e9rio das Cidades aguarda estudo da Fazenda sobre tarifa zero\",\"isPartOf\":{\"@id\":\"https:\\\/\\\/mrnews.com.br\\\/#website\"},\"datePublished\":\"2025-12-08T21:21:17+00:00\",\"breadcrumb\":{\"@id\":\"https:\\\/\\\/mrnews.com.br\\\/index.php\\\/2025\\\/12\\\/08\\\/ministerio-das-cidades-aguarda-estudo-da-fazenda-sobre-tarifa-zero\\\/#breadcrumb\"},\"inLanguage\":\"pt-BR\",\"potentialAction\":[{\"@type\":\"ReadAction\",\"target\":[\"https:\\\/\\\/mrnews.com.br\\\/index.php\\\/2025\\\/12\\\/08\\\/ministerio-das-cidades-aguarda-estudo-da-fazenda-sobre-tarifa-zero\\\/\"]}]},{\"@type\":\"BreadcrumbList\",\"@id\":\"https:\\\/\\\/mrnews.com.br\\\/index.php\\\/2025\\\/12\\\/08\\\/ministerio-das-cidades-aguarda-estudo-da-fazenda-sobre-tarifa-zero\\\/#breadcrumb\",\"itemListElement\":[{\"@type\":\"ListItem\",\"position\":1,\"name\":\"In\u00edcio\",\"item\":\"https:\\\/\\\/mrnews.com.br\\\/\"},{\"@type\":\"ListItem\",\"position\":2,\"name\":\"Minist\u00e9rio das Cidades aguarda estudo da Fazenda sobre tarifa zero\"}]},{\"@type\":\"WebSite\",\"@id\":\"https:\\\/\\\/mrnews.com.br\\\/#website\",\"url\":\"https:\\\/\\\/mrnews.com.br\\\/\",\"name\":\"MRNews\",\"description\":\"MRNews Jogos de hoje da TV, transmiss\u00f5es ao vivo, Not\u00edcias de futebol, Jogos ao vivo, Lives, resumo de novelas, Programa\u00e7\u00e3o da Globo, A Fazenda e BBB\",\"publisher\":{\"@id\":\"https:\\\/\\\/mrnews.com.br\\\/#organization\"},\"potentialAction\":[{\"@type\":\"SearchAction\",\"target\":{\"@type\":\"EntryPoint\",\"urlTemplate\":\"https:\\\/\\\/mrnews.com.br\\\/?s={search_term_string}\"},\"query-input\":{\"@type\":\"PropertyValueSpecification\",\"valueRequired\":true,\"valueName\":\"search_term_string\"}}],\"inLanguage\":\"pt-BR\"},{\"@type\":\"Organization\",\"@id\":\"https:\\\/\\\/mrnews.com.br\\\/#organization\",\"name\":\"MRNews\",\"url\":\"https:\\\/\\\/mrnews.com.br\\\/\",\"logo\":{\"@type\":\"ImageObject\",\"inLanguage\":\"pt-BR\",\"@id\":\"https:\\\/\\\/mrnews.com.br\\\/#\\\/schema\\\/logo\\\/image\\\/\",\"url\":\"https:\\\/\\\/mrnews.com.br\\\/wp-content\\\/uploads\\\/2019\\\/06\\\/MRNewslogo2.png\",\"contentUrl\":\"https:\\\/\\\/mrnews.com.br\\\/wp-content\\\/uploads\\\/2019\\\/06\\\/MRNewslogo2.png\",\"width\":223,\"height\":58,\"caption\":\"MRNews\"},\"image\":{\"@id\":\"https:\\\/\\\/mrnews.com.br\\\/#\\\/schema\\\/logo\\\/image\\\/\"},\"sameAs\":[\"https:\\\/\\\/www.facebook.com\\\/eaipahpah\\\/?locale2=pt_BR\",\"https:\\\/\\\/x.com\\\/conspirou\",\"https:\\\/\\\/www.instagram.com\\\/eai_pahpah\",\"https:\\\/\\\/br.pinterest.com\\\/mrnewsn\\\/boards\\\/\",\"https:\\\/\\\/www.youtube.com\\\/channel\\\/UCacgnpznQ61fifLWr1tQ-vA?view_as=subscriber\"]},{\"@type\":\"Person\",\"@id\":\"https:\\\/\\\/mrnews.com.br\\\/#\\\/schema\\\/person\\\/be3203154562a9f207407861cef7827b\",\"name\":\"MR News\",\"image\":{\"@type\":\"ImageObject\",\"inLanguage\":\"pt-BR\",\"@id\":\"https:\\\/\\\/secure.gravatar.com\\\/avatar\\\/04084e6d73c042b8646e7c17b494073bf0ede3ea13c7105cfc45cbbbc28385a4?s=96&d=monsterid&r=g\",\"url\":\"https:\\\/\\\/secure.gravatar.com\\\/avatar\\\/04084e6d73c042b8646e7c17b494073bf0ede3ea13c7105cfc45cbbbc28385a4?s=96&d=monsterid&r=g\",\"contentUrl\":\"https:\\\/\\\/secure.gravatar.com\\\/avatar\\\/04084e6d73c042b8646e7c17b494073bf0ede3ea13c7105cfc45cbbbc28385a4?s=96&d=monsterid&r=g\",\"caption\":\"MR News\"},\"description\":\"Especializado em jornalismo colaborativo pela FTP em n\u00edvel de p\u00f3s-gradua\u00e7\u00e3o. suporte@oimeliga.combr\",\"sameAs\":[\"HUGO R.\",\"Admin\"],\"url\":\"https:\\\/\\\/mrnews.com.br\\\/index.php\\\/author\\\/admin\\\/\"}]}<\/script>\n<!-- \/ Yoast SEO plugin. -->","yoast_head_json":{"title":"Minist\u00e9rio das Cidades aguarda estudo da Fazenda sobre tarifa zero","robots":{"index":"index","follow":"follow","max-snippet":"max-snippet:-1","max-image-preview":"max-image-preview:large","max-video-preview":"max-video-preview:-1"},"canonical":"https:\/\/mrnews.com.br\/index.php\/2025\/12\/08\/ministerio-das-cidades-aguarda-estudo-da-fazenda-sobre-tarifa-zero\/","og_locale":"pt_BR","og_type":"article","og_title":"Minist\u00e9rio das Cidades aguarda estudo da Fazenda sobre tarifa zero","og_description":"Por EBC, Uma das promessas do governo para o pr\u00f3ximo ano, a tarifa zero no transporte p\u00fablico, depende da conclus\u00e3o dos estudos t\u00e9cnicos do Minist\u00e9rio da Fazenda para avan\u00e7ar, informou nesta segunda-feira (8) o ministro das Cidades, Jader Filho. Somente ap\u00f3s a apresenta\u00e7\u00e3o dos n\u00fameros, ressaltou, as duas pastas come\u00e7ar\u00e3o a construir uma proposta conjunta &hellip;","og_url":"https:\/\/mrnews.com.br\/index.php\/2025\/12\/08\/ministerio-das-cidades-aguarda-estudo-da-fazenda-sobre-tarifa-zero\/","og_site_name":"MRNews","article_publisher":"https:\/\/www.facebook.com\/eaipahpah\/?locale2=pt_BR","article_published_time":"2025-12-08T21:21:17+00:00","author":"MR News","twitter_card":"summary_large_image","twitter_creator":"@conspirou","twitter_site":"@conspirou","twitter_misc":{"Escrito por":"MR News","Est. tempo de leitura":"2 minutos"},"schema":{"@context":"https:\/\/schema.org","@graph":[{"@type":"Article","@id":"https:\/\/mrnews.com.br\/index.php\/2025\/12\/08\/ministerio-das-cidades-aguarda-estudo-da-fazenda-sobre-tarifa-zero\/#article","isPartOf":{"@id":"https:\/\/mrnews.com.br\/index.php\/2025\/12\/08\/ministerio-das-cidades-aguarda-estudo-da-fazenda-sobre-tarifa-zero\/"},"author":{"name":"MR News","@id":"https:\/\/mrnews.com.br\/#\/schema\/person\/be3203154562a9f207407861cef7827b"},"headline":"Minist\u00e9rio das Cidades aguarda estudo da Fazenda sobre tarifa zero","datePublished":"2025-12-08T21:21:17+00:00","mainEntityOfPage":{"@id":"https:\/\/mrnews.com.br\/index.php\/2025\/12\/08\/ministerio-das-cidades-aguarda-estudo-da-fazenda-sobre-tarifa-zero\/"},"wordCount":334,"commentCount":0,"publisher":{"@id":"https:\/\/mrnews.com.br\/#organization"},"articleSection":["ENTRETENIMENTO","NOTICIAS","SERVI\u00c7OS"],"inLanguage":"pt-BR","potentialAction":[{"@type":"CommentAction","name":"Comment","target":["https:\/\/mrnews.com.br\/index.php\/2025\/12\/08\/ministerio-das-cidades-aguarda-estudo-da-fazenda-sobre-tarifa-zero\/#respond"]}]},{"@type":"WebPage","@id":"https:\/\/mrnews.com.br\/index.php\/2025\/12\/08\/ministerio-das-cidades-aguarda-estudo-da-fazenda-sobre-tarifa-zero\/","url":"https:\/\/mrnews.com.br\/index.php\/2025\/12\/08\/ministerio-das-cidades-aguarda-estudo-da-fazenda-sobre-tarifa-zero\/","name":"Minist\u00e9rio das Cidades aguarda estudo da Fazenda sobre tarifa zero","isPartOf":{"@id":"https:\/\/mrnews.com.br\/#website"},"datePublished":"2025-12-08T21:21:17+00:00","breadcrumb":{"@id":"https:\/\/mrnews.com.br\/index.php\/2025\/12\/08\/ministerio-das-cidades-aguarda-estudo-da-fazenda-sobre-tarifa-zero\/#breadcrumb"},"inLanguage":"pt-BR","potentialAction":[{"@type":"ReadAction","target":["https:\/\/mrnews.com.br\/index.php\/2025\/12\/08\/ministerio-das-cidades-aguarda-estudo-da-fazenda-sobre-tarifa-zero\/"]}]},{"@type":"BreadcrumbList","@id":"https:\/\/mrnews.com.br\/index.php\/2025\/12\/08\/ministerio-das-cidades-aguarda-estudo-da-fazenda-sobre-tarifa-zero\/#breadcrumb","itemListElement":[{"@type":"ListItem","position":1,"name":"In\u00edcio","item":"https:\/\/mrnews.com.br\/"},{"@type":"ListItem","position":2,"name":"Minist\u00e9rio das Cidades aguarda estudo da Fazenda sobre tarifa zero"}]},{"@type":"WebSite","@id":"https:\/\/mrnews.com.br\/#website","url":"https:\/\/mrnews.com.br\/","name":"MRNews","description":"MRNews Jogos de hoje da TV, transmiss\u00f5es ao vivo, Not\u00edcias de futebol, Jogos ao vivo, Lives, resumo de novelas, Programa\u00e7\u00e3o da Globo, A Fazenda e BBB","publisher":{"@id":"https:\/\/mrnews.com.br\/#organization"},"potentialAction":[{"@type":"SearchAction","target":{"@type":"EntryPoint","urlTemplate":"https:\/\/mrnews.com.br\/?s={search_term_string}"},"query-input":{"@type":"PropertyValueSpecification","valueRequired":true,"valueName":"search_term_string"}}],"inLanguage":"pt-BR"},{"@type":"Organization","@id":"https:\/\/mrnews.com.br\/#organization","name":"MRNews","url":"https:\/\/mrnews.com.br\/","logo":{"@type":"ImageObject","inLanguage":"pt-BR","@id":"https:\/\/mrnews.com.br\/#\/schema\/logo\/image\/","url":"https:\/\/mrnews.com.br\/wp-content\/uploads\/2019\/06\/MRNewslogo2.png","contentUrl":"https:\/\/mrnews.com.br\/wp-content\/uploads\/2019\/06\/MRNewslogo2.png","width":223,"height":58,"caption":"MRNews"},"image":{"@id":"https:\/\/mrnews.com.br\/#\/schema\/logo\/image\/"},"sameAs":["https:\/\/www.facebook.com\/eaipahpah\/?locale2=pt_BR","https:\/\/x.com\/conspirou","https:\/\/www.instagram.com\/eai_pahpah","https:\/\/br.pinterest.com\/mrnewsn\/boards\/","https:\/\/www.youtube.com\/channel\/UCacgnpznQ61fifLWr1tQ-vA?view_as=subscriber"]},{"@type":"Person","@id":"https:\/\/mrnews.com.br\/#\/schema\/person\/be3203154562a9f207407861cef7827b","name":"MR News","image":{"@type":"ImageObject","inLanguage":"pt-BR","@id":"https:\/\/secure.gravatar.com\/avatar\/04084e6d73c042b8646e7c17b494073bf0ede3ea13c7105cfc45cbbbc28385a4?s=96&d=monsterid&r=g","url":"https:\/\/secure.gravatar.com\/avatar\/04084e6d73c042b8646e7c17b494073bf0ede3ea13c7105cfc45cbbbc28385a4?s=96&d=monsterid&r=g","contentUrl":"https:\/\/secure.gravatar.com\/avatar\/04084e6d73c042b8646e7c17b494073bf0ede3ea13c7105cfc45cbbbc28385a4?s=96&d=monsterid&r=g","caption":"MR News"},"description":"Especializado em jornalismo colaborativo pela FTP em n\u00edvel de p\u00f3s-gradua\u00e7\u00e3o. suporte@oimeliga.combr","sameAs":["HUGO R.","Admin"],"url":"https:\/\/mrnews.com.br\/index.php\/author\/admin\/"}]}},"jetpack_featured_media_url":"","jetpack_sharing_enabled":true,"jetpack_shortlink":"https:\/\/wp.me\/pa2Qf7-1TUo","amp_enabled":true,"_links":{"self":[{"href":"https:\/\/mrnews.com.br\/index.php\/wp-json\/wp\/v2\/posts\/453244","targetHints":{"allow":["GET"]}}],"collection":[{"href":"https:\/\/mrnews.com.br\/index.php\/wp-json\/wp\/v2\/posts"}],"about":[{"href":"https:\/\/mrnews.com.br\/index.php\/wp-json\/wp\/v2\/types\/post"}],"author":[{"embeddable":true,"href":"https:\/\/mrnews.com.br\/index.php\/wp-json\/wp\/v2\/users\/1"}],"replies":[{"embeddable":true,"href":"https:\/\/mrnews.com.br\/index.php\/wp-json\/wp\/v2\/comments?post=453244"}],"version-history":[{"count":0,"href":"https:\/\/mrnews.com.br\/index.php\/wp-json\/wp\/v2\/posts\/453244\/revisions"}],"wp:attachment":[{"href":"https:\/\/mrnews.com.br\/index.php\/wp-json\/wp\/v2\/media?parent=453244"}],"wp:term":[{"taxonomy":"category","embeddable":true,"href":"https:\/\/mrnews.com.br\/index.php\/wp-json\/wp\/v2\/categories?post=453244"},{"taxonomy":"post_tag","embeddable":true,"href":"https:\/\/mrnews.com.br\/index.php\/wp-json\/wp\/v2\/tags?post=453244"}],"curies":[{"name":"wp","href":"https:\/\/api.w.org\/{rel}","templated":true}]}}