{"id":453246,"date":"2025-12-08T19:03:14","date_gmt":"2025-12-08T22:03:14","guid":{"rendered":"https:\/\/mrnews.com.br\/index.php\/2025\/12\/08\/alerj-decide-revogar-a-prisao-preventiva-do-deputado-rodrigo-bacellar\/"},"modified":"2025-12-08T19:03:14","modified_gmt":"2025-12-08T22:03:14","slug":"alerj-decide-revogar-a-prisao-preventiva-do-deputado-rodrigo-bacellar","status":"publish","type":"post","link":"https:\/\/mrnews.com.br\/index.php\/2025\/12\/08\/alerj-decide-revogar-a-prisao-preventiva-do-deputado-rodrigo-bacellar\/","title":{"rendered":"Alerj decide revogar a pris\u00e3o preventiva do deputado Rodrigo Bacellar"},"content":{"rendered":"<p>Por EBC, <\/p>\n<div>\n<p>Em sess\u00e3o extraordin\u00e1ria, a Assembleia Legislativa do Rio de Janeiro (Alerj) decidiu por 42 votos favor\u00e1veis a 21 contr\u00e1rios pela soltura do presidente afastado da Casa Rodrigo Bacellar (Uni\u00e3o Brasil). Houve duas absten\u00e7\u00f5es, dos 65 deputados presentes.<\/p>\n<p>O deputado estadual Rodrigo Bacellar foi preso preventivamente na manh\u00e3 de quarta-feira (3), durante a Opera\u00e7\u00e3o Unha e Carne, deflagrada pela Pol\u00edcia Federal (PF), para investigar o vazamento de informa\u00e7\u00f5es sigilosas sobre a Opera\u00e7\u00e3o Zargun, que prendeu o deputado estadual TH Joias.<\/p>\n<p><strong>A a\u00e7\u00e3o ocorreu enquanto Bacellar prestava depoimento na sede da Pol\u00edcia Federal, no Rio de Janeiro, por determina\u00e7\u00e3o do ministro do Supremo Tribunal Federal (STF) Alexandre de Moraes.<\/strong><\/p>\n<p>Bacellar \u00e9 suspeito de envolvimento no repasse de informa\u00e7\u00f5es que teriam antecipado detalhes da opera\u00e7\u00e3o que mirava o deputado estadual TH Joias.<\/p>\n<p>Segundo a PF, o vazamento comprometeu o andamento das investiga\u00e7\u00f5es que resultaram na pris\u00e3o de TH Joias.\u00a0<\/p>\n<p>      <!-- Relacionada --><\/p>\n<p>            <!-- Relacionada -->\n    <\/div>\n","protected":false},"excerpt":{"rendered":"<p>Por EBC, Em sess\u00e3o extraordin\u00e1ria, a Assembleia Legislativa do Rio de Janeiro (Alerj) decidiu por 42 votos favor\u00e1veis a 21 contr\u00e1rios pela soltura do presidente afastado da Casa Rodrigo Bacellar (Uni\u00e3o Brasil). Houve duas absten\u00e7\u00f5es, dos 65 deputados presentes. O deputado estadual Rodrigo Bacellar foi preso preventivamente na manh\u00e3 de quarta-feira (3), durante a Opera\u00e7\u00e3o &hellip;<\/p>\n","protected":false},"author":1,"featured_media":0,"comment_status":"open","ping_status":"open","sticky":false,"template":"","format":"standard","meta":{"_jetpack_memberships_contains_paid_content":false,"footnotes":""},"categories":[2,12225,4],"tags":[],"class_list":["post-453246","post","type-post","status-publish","format-standard","hentry","category-entretenimento","category-noticias","category-servicos"],"yoast_head":"<!-- This site is optimized with the Yoast SEO plugin v27.5 - https:\/\/yoast.com\/product\/yoast-seo-wordpress\/ -->\n<title>Alerj decide revogar a pris\u00e3o preventiva do deputado Rodrigo Bacellar<\/title>\n<meta name=\"robots\" content=\"index, follow, max-snippet:-1, max-image-preview:large, max-video-preview:-1\" \/>\n<link rel=\"canonical\" href=\"https:\/\/mrnews.com.br\/index.php\/2025\/12\/08\/alerj-decide-revogar-a-prisao-preventiva-do-deputado-rodrigo-bacellar\/\" \/>\n<meta property=\"og:locale\" content=\"pt_BR\" \/>\n<meta property=\"og:type\" content=\"article\" \/>\n<meta property=\"og:title\" content=\"Alerj decide revogar a pris\u00e3o preventiva do deputado Rodrigo Bacellar\" \/>\n<meta property=\"og:description\" content=\"Por EBC, Em sess\u00e3o extraordin\u00e1ria, a Assembleia Legislativa do Rio de Janeiro (Alerj) decidiu por 42 votos favor\u00e1veis a 21 contr\u00e1rios pela soltura do presidente afastado da Casa Rodrigo Bacellar (Uni\u00e3o Brasil). Houve duas absten\u00e7\u00f5es, dos 65 deputados presentes. O deputado estadual Rodrigo Bacellar foi preso preventivamente na manh\u00e3 de quarta-feira (3), durante a Opera\u00e7\u00e3o &hellip;\" \/>\n<meta property=\"og:url\" content=\"https:\/\/mrnews.com.br\/index.php\/2025\/12\/08\/alerj-decide-revogar-a-prisao-preventiva-do-deputado-rodrigo-bacellar\/\" \/>\n<meta property=\"og:site_name\" content=\"MRNews\" \/>\n<meta property=\"article:publisher\" content=\"https:\/\/www.facebook.com\/eaipahpah\/?locale2=pt_BR\" \/>\n<meta property=\"article:published_time\" content=\"2025-12-08T22:03:14+00:00\" \/>\n<meta name=\"author\" content=\"MR News\" \/>\n<meta name=\"twitter:card\" content=\"summary_large_image\" \/>\n<meta name=\"twitter:creator\" content=\"@conspirou\" \/>\n<meta name=\"twitter:site\" content=\"@conspirou\" \/>\n<meta name=\"twitter:label1\" content=\"Escrito por\" \/>\n\t<meta name=\"twitter:data1\" content=\"MR News\" \/>\n\t<meta name=\"twitter:label2\" content=\"Est. tempo de leitura\" \/>\n\t<meta name=\"twitter:data2\" content=\"1 minuto\" \/>\n<script type=\"application\/ld+json\" class=\"yoast-schema-graph\">{\"@context\":\"https:\\\/\\\/schema.org\",\"@graph\":[{\"@type\":\"Article\",\"@id\":\"https:\\\/\\\/mrnews.com.br\\\/index.php\\\/2025\\\/12\\\/08\\\/alerj-decide-revogar-a-prisao-preventiva-do-deputado-rodrigo-bacellar\\\/#article\",\"isPartOf\":{\"@id\":\"https:\\\/\\\/mrnews.com.br\\\/index.php\\\/2025\\\/12\\\/08\\\/alerj-decide-revogar-a-prisao-preventiva-do-deputado-rodrigo-bacellar\\\/\"},\"author\":{\"name\":\"MR News\",\"@id\":\"https:\\\/\\\/mrnews.com.br\\\/#\\\/schema\\\/person\\\/be3203154562a9f207407861cef7827b\"},\"headline\":\"Alerj decide revogar a pris\u00e3o preventiva do deputado Rodrigo Bacellar\",\"datePublished\":\"2025-12-08T22:03:14+00:00\",\"mainEntityOfPage\":{\"@id\":\"https:\\\/\\\/mrnews.com.br\\\/index.php\\\/2025\\\/12\\\/08\\\/alerj-decide-revogar-a-prisao-preventiva-do-deputado-rodrigo-bacellar\\\/\"},\"wordCount\":171,\"commentCount\":0,\"publisher\":{\"@id\":\"https:\\\/\\\/mrnews.com.br\\\/#organization\"},\"articleSection\":[\"ENTRETENIMENTO\",\"NOTICIAS\",\"SERVI\u00c7OS\"],\"inLanguage\":\"pt-BR\",\"potentialAction\":[{\"@type\":\"CommentAction\",\"name\":\"Comment\",\"target\":[\"https:\\\/\\\/mrnews.com.br\\\/index.php\\\/2025\\\/12\\\/08\\\/alerj-decide-revogar-a-prisao-preventiva-do-deputado-rodrigo-bacellar\\\/#respond\"]}]},{\"@type\":\"WebPage\",\"@id\":\"https:\\\/\\\/mrnews.com.br\\\/index.php\\\/2025\\\/12\\\/08\\\/alerj-decide-revogar-a-prisao-preventiva-do-deputado-rodrigo-bacellar\\\/\",\"url\":\"https:\\\/\\\/mrnews.com.br\\\/index.php\\\/2025\\\/12\\\/08\\\/alerj-decide-revogar-a-prisao-preventiva-do-deputado-rodrigo-bacellar\\\/\",\"name\":\"Alerj decide revogar a pris\u00e3o preventiva do deputado Rodrigo Bacellar\",\"isPartOf\":{\"@id\":\"https:\\\/\\\/mrnews.com.br\\\/#website\"},\"datePublished\":\"2025-12-08T22:03:14+00:00\",\"breadcrumb\":{\"@id\":\"https:\\\/\\\/mrnews.com.br\\\/index.php\\\/2025\\\/12\\\/08\\\/alerj-decide-revogar-a-prisao-preventiva-do-deputado-rodrigo-bacellar\\\/#breadcrumb\"},\"inLanguage\":\"pt-BR\",\"potentialAction\":[{\"@type\":\"ReadAction\",\"target\":[\"https:\\\/\\\/mrnews.com.br\\\/index.php\\\/2025\\\/12\\\/08\\\/alerj-decide-revogar-a-prisao-preventiva-do-deputado-rodrigo-bacellar\\\/\"]}]},{\"@type\":\"BreadcrumbList\",\"@id\":\"https:\\\/\\\/mrnews.com.br\\\/index.php\\\/2025\\\/12\\\/08\\\/alerj-decide-revogar-a-prisao-preventiva-do-deputado-rodrigo-bacellar\\\/#breadcrumb\",\"itemListElement\":[{\"@type\":\"ListItem\",\"position\":1,\"name\":\"In\u00edcio\",\"item\":\"https:\\\/\\\/mrnews.com.br\\\/\"},{\"@type\":\"ListItem\",\"position\":2,\"name\":\"Alerj decide revogar a pris\u00e3o preventiva do deputado Rodrigo Bacellar\"}]},{\"@type\":\"WebSite\",\"@id\":\"https:\\\/\\\/mrnews.com.br\\\/#website\",\"url\":\"https:\\\/\\\/mrnews.com.br\\\/\",\"name\":\"MRNews\",\"description\":\"MRNews Jogos de hoje da TV, transmiss\u00f5es ao vivo, Not\u00edcias de futebol, Jogos ao vivo, Lives, resumo de novelas, Programa\u00e7\u00e3o da Globo, A Fazenda e BBB\",\"publisher\":{\"@id\":\"https:\\\/\\\/mrnews.com.br\\\/#organization\"},\"potentialAction\":[{\"@type\":\"SearchAction\",\"target\":{\"@type\":\"EntryPoint\",\"urlTemplate\":\"https:\\\/\\\/mrnews.com.br\\\/?s={search_term_string}\"},\"query-input\":{\"@type\":\"PropertyValueSpecification\",\"valueRequired\":true,\"valueName\":\"search_term_string\"}}],\"inLanguage\":\"pt-BR\"},{\"@type\":\"Organization\",\"@id\":\"https:\\\/\\\/mrnews.com.br\\\/#organization\",\"name\":\"MRNews\",\"url\":\"https:\\\/\\\/mrnews.com.br\\\/\",\"logo\":{\"@type\":\"ImageObject\",\"inLanguage\":\"pt-BR\",\"@id\":\"https:\\\/\\\/mrnews.com.br\\\/#\\\/schema\\\/logo\\\/image\\\/\",\"url\":\"https:\\\/\\\/mrnews.com.br\\\/wp-content\\\/uploads\\\/2019\\\/06\\\/MRNewslogo2.png\",\"contentUrl\":\"https:\\\/\\\/mrnews.com.br\\\/wp-content\\\/uploads\\\/2019\\\/06\\\/MRNewslogo2.png\",\"width\":223,\"height\":58,\"caption\":\"MRNews\"},\"image\":{\"@id\":\"https:\\\/\\\/mrnews.com.br\\\/#\\\/schema\\\/logo\\\/image\\\/\"},\"sameAs\":[\"https:\\\/\\\/www.facebook.com\\\/eaipahpah\\\/?locale2=pt_BR\",\"https:\\\/\\\/x.com\\\/conspirou\",\"https:\\\/\\\/www.instagram.com\\\/eai_pahpah\",\"https:\\\/\\\/br.pinterest.com\\\/mrnewsn\\\/boards\\\/\",\"https:\\\/\\\/www.youtube.com\\\/channel\\\/UCacgnpznQ61fifLWr1tQ-vA?view_as=subscriber\"]},{\"@type\":\"Person\",\"@id\":\"https:\\\/\\\/mrnews.com.br\\\/#\\\/schema\\\/person\\\/be3203154562a9f207407861cef7827b\",\"name\":\"MR News\",\"image\":{\"@type\":\"ImageObject\",\"inLanguage\":\"pt-BR\",\"@id\":\"https:\\\/\\\/secure.gravatar.com\\\/avatar\\\/04084e6d73c042b8646e7c17b494073bf0ede3ea13c7105cfc45cbbbc28385a4?s=96&d=monsterid&r=g\",\"url\":\"https:\\\/\\\/secure.gravatar.com\\\/avatar\\\/04084e6d73c042b8646e7c17b494073bf0ede3ea13c7105cfc45cbbbc28385a4?s=96&d=monsterid&r=g\",\"contentUrl\":\"https:\\\/\\\/secure.gravatar.com\\\/avatar\\\/04084e6d73c042b8646e7c17b494073bf0ede3ea13c7105cfc45cbbbc28385a4?s=96&d=monsterid&r=g\",\"caption\":\"MR News\"},\"description\":\"Especializado em jornalismo colaborativo pela FTP em n\u00edvel de p\u00f3s-gradua\u00e7\u00e3o. suporte@oimeliga.combr\",\"sameAs\":[\"HUGO R.\",\"Admin\"],\"url\":\"https:\\\/\\\/mrnews.com.br\\\/index.php\\\/author\\\/admin\\\/\"}]}<\/script>\n<!-- \/ Yoast SEO plugin. -->","yoast_head_json":{"title":"Alerj decide revogar a pris\u00e3o preventiva do deputado Rodrigo Bacellar","robots":{"index":"index","follow":"follow","max-snippet":"max-snippet:-1","max-image-preview":"max-image-preview:large","max-video-preview":"max-video-preview:-1"},"canonical":"https:\/\/mrnews.com.br\/index.php\/2025\/12\/08\/alerj-decide-revogar-a-prisao-preventiva-do-deputado-rodrigo-bacellar\/","og_locale":"pt_BR","og_type":"article","og_title":"Alerj decide revogar a pris\u00e3o preventiva do deputado Rodrigo Bacellar","og_description":"Por EBC, Em sess\u00e3o extraordin\u00e1ria, a Assembleia Legislativa do Rio de Janeiro (Alerj) decidiu por 42 votos favor\u00e1veis a 21 contr\u00e1rios pela soltura do presidente afastado da Casa Rodrigo Bacellar (Uni\u00e3o Brasil). Houve duas absten\u00e7\u00f5es, dos 65 deputados presentes. O deputado estadual Rodrigo Bacellar foi preso preventivamente na manh\u00e3 de quarta-feira (3), durante a Opera\u00e7\u00e3o &hellip;","og_url":"https:\/\/mrnews.com.br\/index.php\/2025\/12\/08\/alerj-decide-revogar-a-prisao-preventiva-do-deputado-rodrigo-bacellar\/","og_site_name":"MRNews","article_publisher":"https:\/\/www.facebook.com\/eaipahpah\/?locale2=pt_BR","article_published_time":"2025-12-08T22:03:14+00:00","author":"MR News","twitter_card":"summary_large_image","twitter_creator":"@conspirou","twitter_site":"@conspirou","twitter_misc":{"Escrito por":"MR News","Est. tempo de leitura":"1 minuto"},"schema":{"@context":"https:\/\/schema.org","@graph":[{"@type":"Article","@id":"https:\/\/mrnews.com.br\/index.php\/2025\/12\/08\/alerj-decide-revogar-a-prisao-preventiva-do-deputado-rodrigo-bacellar\/#article","isPartOf":{"@id":"https:\/\/mrnews.com.br\/index.php\/2025\/12\/08\/alerj-decide-revogar-a-prisao-preventiva-do-deputado-rodrigo-bacellar\/"},"author":{"name":"MR News","@id":"https:\/\/mrnews.com.br\/#\/schema\/person\/be3203154562a9f207407861cef7827b"},"headline":"Alerj decide revogar a pris\u00e3o preventiva do deputado Rodrigo Bacellar","datePublished":"2025-12-08T22:03:14+00:00","mainEntityOfPage":{"@id":"https:\/\/mrnews.com.br\/index.php\/2025\/12\/08\/alerj-decide-revogar-a-prisao-preventiva-do-deputado-rodrigo-bacellar\/"},"wordCount":171,"commentCount":0,"publisher":{"@id":"https:\/\/mrnews.com.br\/#organization"},"articleSection":["ENTRETENIMENTO","NOTICIAS","SERVI\u00c7OS"],"inLanguage":"pt-BR","potentialAction":[{"@type":"CommentAction","name":"Comment","target":["https:\/\/mrnews.com.br\/index.php\/2025\/12\/08\/alerj-decide-revogar-a-prisao-preventiva-do-deputado-rodrigo-bacellar\/#respond"]}]},{"@type":"WebPage","@id":"https:\/\/mrnews.com.br\/index.php\/2025\/12\/08\/alerj-decide-revogar-a-prisao-preventiva-do-deputado-rodrigo-bacellar\/","url":"https:\/\/mrnews.com.br\/index.php\/2025\/12\/08\/alerj-decide-revogar-a-prisao-preventiva-do-deputado-rodrigo-bacellar\/","name":"Alerj decide revogar a pris\u00e3o preventiva do deputado Rodrigo Bacellar","isPartOf":{"@id":"https:\/\/mrnews.com.br\/#website"},"datePublished":"2025-12-08T22:03:14+00:00","breadcrumb":{"@id":"https:\/\/mrnews.com.br\/index.php\/2025\/12\/08\/alerj-decide-revogar-a-prisao-preventiva-do-deputado-rodrigo-bacellar\/#breadcrumb"},"inLanguage":"pt-BR","potentialAction":[{"@type":"ReadAction","target":["https:\/\/mrnews.com.br\/index.php\/2025\/12\/08\/alerj-decide-revogar-a-prisao-preventiva-do-deputado-rodrigo-bacellar\/"]}]},{"@type":"BreadcrumbList","@id":"https:\/\/mrnews.com.br\/index.php\/2025\/12\/08\/alerj-decide-revogar-a-prisao-preventiva-do-deputado-rodrigo-bacellar\/#breadcrumb","itemListElement":[{"@type":"ListItem","position":1,"name":"In\u00edcio","item":"https:\/\/mrnews.com.br\/"},{"@type":"ListItem","position":2,"name":"Alerj decide revogar a pris\u00e3o preventiva do deputado Rodrigo Bacellar"}]},{"@type":"WebSite","@id":"https:\/\/mrnews.com.br\/#website","url":"https:\/\/mrnews.com.br\/","name":"MRNews","description":"MRNews Jogos de hoje da TV, transmiss\u00f5es ao vivo, Not\u00edcias de futebol, Jogos ao vivo, Lives, resumo de novelas, Programa\u00e7\u00e3o da Globo, A Fazenda e BBB","publisher":{"@id":"https:\/\/mrnews.com.br\/#organization"},"potentialAction":[{"@type":"SearchAction","target":{"@type":"EntryPoint","urlTemplate":"https:\/\/mrnews.com.br\/?s={search_term_string}"},"query-input":{"@type":"PropertyValueSpecification","valueRequired":true,"valueName":"search_term_string"}}],"inLanguage":"pt-BR"},{"@type":"Organization","@id":"https:\/\/mrnews.com.br\/#organization","name":"MRNews","url":"https:\/\/mrnews.com.br\/","logo":{"@type":"ImageObject","inLanguage":"pt-BR","@id":"https:\/\/mrnews.com.br\/#\/schema\/logo\/image\/","url":"https:\/\/mrnews.com.br\/wp-content\/uploads\/2019\/06\/MRNewslogo2.png","contentUrl":"https:\/\/mrnews.com.br\/wp-content\/uploads\/2019\/06\/MRNewslogo2.png","width":223,"height":58,"caption":"MRNews"},"image":{"@id":"https:\/\/mrnews.com.br\/#\/schema\/logo\/image\/"},"sameAs":["https:\/\/www.facebook.com\/eaipahpah\/?locale2=pt_BR","https:\/\/x.com\/conspirou","https:\/\/www.instagram.com\/eai_pahpah","https:\/\/br.pinterest.com\/mrnewsn\/boards\/","https:\/\/www.youtube.com\/channel\/UCacgnpznQ61fifLWr1tQ-vA?view_as=subscriber"]},{"@type":"Person","@id":"https:\/\/mrnews.com.br\/#\/schema\/person\/be3203154562a9f207407861cef7827b","name":"MR News","image":{"@type":"ImageObject","inLanguage":"pt-BR","@id":"https:\/\/secure.gravatar.com\/avatar\/04084e6d73c042b8646e7c17b494073bf0ede3ea13c7105cfc45cbbbc28385a4?s=96&d=monsterid&r=g","url":"https:\/\/secure.gravatar.com\/avatar\/04084e6d73c042b8646e7c17b494073bf0ede3ea13c7105cfc45cbbbc28385a4?s=96&d=monsterid&r=g","contentUrl":"https:\/\/secure.gravatar.com\/avatar\/04084e6d73c042b8646e7c17b494073bf0ede3ea13c7105cfc45cbbbc28385a4?s=96&d=monsterid&r=g","caption":"MR News"},"description":"Especializado em jornalismo colaborativo pela FTP em n\u00edvel de p\u00f3s-gradua\u00e7\u00e3o. suporte@oimeliga.combr","sameAs":["HUGO R.","Admin"],"url":"https:\/\/mrnews.com.br\/index.php\/author\/admin\/"}]}},"jetpack_featured_media_url":"","jetpack_sharing_enabled":true,"jetpack_shortlink":"https:\/\/wp.me\/pa2Qf7-1TUq","amp_enabled":true,"_links":{"self":[{"href":"https:\/\/mrnews.com.br\/index.php\/wp-json\/wp\/v2\/posts\/453246","targetHints":{"allow":["GET"]}}],"collection":[{"href":"https:\/\/mrnews.com.br\/index.php\/wp-json\/wp\/v2\/posts"}],"about":[{"href":"https:\/\/mrnews.com.br\/index.php\/wp-json\/wp\/v2\/types\/post"}],"author":[{"embeddable":true,"href":"https:\/\/mrnews.com.br\/index.php\/wp-json\/wp\/v2\/users\/1"}],"replies":[{"embeddable":true,"href":"https:\/\/mrnews.com.br\/index.php\/wp-json\/wp\/v2\/comments?post=453246"}],"version-history":[{"count":0,"href":"https:\/\/mrnews.com.br\/index.php\/wp-json\/wp\/v2\/posts\/453246\/revisions"}],"wp:attachment":[{"href":"https:\/\/mrnews.com.br\/index.php\/wp-json\/wp\/v2\/media?parent=453246"}],"wp:term":[{"taxonomy":"category","embeddable":true,"href":"https:\/\/mrnews.com.br\/index.php\/wp-json\/wp\/v2\/categories?post=453246"},{"taxonomy":"post_tag","embeddable":true,"href":"https:\/\/mrnews.com.br\/index.php\/wp-json\/wp\/v2\/tags?post=453246"}],"curies":[{"name":"wp","href":"https:\/\/api.w.org\/{rel}","templated":true}]}}