{"id":453266,"date":"2025-12-09T08:22:15","date_gmt":"2025-12-09T11:22:15","guid":{"rendered":"https:\/\/mrnews.com.br\/index.php\/2025\/12\/09\/consciencia-ambiental-cresce-em-areas-com-projetos-de-longa-duracao\/"},"modified":"2025-12-09T08:22:15","modified_gmt":"2025-12-09T11:22:15","slug":"consciencia-ambiental-cresce-em-areas-com-projetos-de-longa-duracao","status":"publish","type":"post","link":"https:\/\/mrnews.com.br\/index.php\/2025\/12\/09\/consciencia-ambiental-cresce-em-areas-com-projetos-de-longa-duracao\/","title":{"rendered":"Consci\u00eancia ambiental cresce em \u00e1reas com projetos de longa dura\u00e7\u00e3o"},"content":{"rendered":"<p>Por EBC, <\/p>\n<div>\n<p><strong>Regi\u00f5es com projetos de conserva\u00e7\u00e3o com longo prazo de atua\u00e7\u00e3o aumentam em at\u00e9 20% a consci\u00eancia ambiental das pessoas. \u00c9 o que revela estudo in\u00e9dito elaborado pelo Programa Mar\u00e9 de Ci\u00eancia, da Universidade Federal de S\u00e3o Paulo (Unifesp) em parceria com a Rede Biomar, que re\u00fane cinco principais projetos de conserva\u00e7\u00e3o marinha (Albatroz, Baleia Jubarte, Coral Vivo, Golfinho Rotador e Meros do Brasil).<\/strong><\/p>\n<p>O estudo foi realizado em maio deste ano junto a 1.803 pessoas, sendo 1.501 conhecedoras de, pelo menos, um dos cinco projetos da Rede Biomar e um grupo de controle, formado por 302 pessoas n\u00e3o conhecedoras de nenhuma das atividades da rede. Os entrevistados s\u00e3o residentes em munic\u00edpios costeiros e foram selecionados de forma aleat\u00f3ria.<\/p>\n<p><strong>Os dados apurados indicam que os projetos de longa dura\u00e7\u00e3o com, pelo menos, duas d\u00e9cadas de atua\u00e7\u00e3o, elevam a percep\u00e7\u00e3o das pessoas sobre sua conex\u00e3o com o oceano em mais de 10%, atingindo 20% em alguns casos. Os resultados refor\u00e7am que investimentos cont\u00ednuos em educa\u00e7\u00e3o ambiental e sensibiliza\u00e7\u00e3o comunit\u00e1ria t\u00eam efeito direto e duradouro no comportamento social e ambiental dos indiv\u00edduos.<\/strong><\/p>\n<h2>Impacto<\/h2>\n<p>Outros n\u00fameros indicam que a percep\u00e7\u00e3o de como o oceano impacta a vida das pessoas \u00e9 11% maior entre os que conhecem projetos da Rede Biomar; 88% das pessoas que conhecem os projetos afirmam buscar informa\u00e7\u00f5es sobre o oceano, n\u00famero 23% maior do que o grupo sem contato com as iniciativas; 87% dos entrevistados disseram se sentir motivados a contribuir com a conserva\u00e7\u00e3o, enquanto no grupo controle foram apenas 13%.<\/p>\n<p><strong>Al\u00e9m disso, 82% dos consultados mostraram-se dispostos a mudar h\u00e1bitos pelo bem do oceano, sendo que 47% se declaram extremamente dispostos, o que significa quase o dobro do grupo controle. Mais de 90% dos entrevistados ligados \u00e0 Rede Biomar afirmam \u00a0estar dispostos a agir como agentes de mudan\u00e7a ou de divulga\u00e7\u00e3o dos projetos de conserva\u00e7\u00e3o marinha, 12% acima do grupo controle.<\/strong><\/p>\n<h2>Planejamento estrat\u00e9gico<\/h2>\n<p>A pesquisa faz parte do planejamento estrat\u00e9gico da Rede Biomar para a D\u00e9cada da Ci\u00eancia Oce\u00e2nica para o Desenvolvimento Sustent\u00e1vel, da Organiza\u00e7\u00e3o das Na\u00e7\u00f5es Unidas (ONU), que se estender\u00e1 at\u00e9 2030.<\/p>\n<blockquote>\n<p>\u201cUm dos eixos desse planejamento \u00e9 a conscientiza\u00e7\u00e3o, ou seja, promover o aumento da conscientiza\u00e7\u00e3o das pessoas sobre a import\u00e2ncia da conserva\u00e7\u00e3o marinha e como a gente pode mudar o comportamento das pessoas nesse sentido\u201d, disse \u00e0 Ag\u00eancia Brasil a fundadora do Projeto Albatroz, integrante da Rede Biomar, Tatiana Neves.<\/p>\n<\/blockquote>\n<p>Para apurar se o planejamento estava sendo eficaz, a Rede Biomar fez parceria com o Programa Mar\u00e9 de Ci\u00eancia, visando entender o impacto das a\u00e7\u00f5es sobre o p\u00fablico. \u201cEla foi uma pesquisa bastante pioneira\u201d, disse Tatiana.<\/p>\n<p><strong>Acrescentou que \u201cpara a gente [o levantamento] foi muito importante porque n\u00e3o s\u00f3 nos mostra como estamos impactando, como tamb\u00e9m nos orienta sobre as estrat\u00e9gias que devemos adotar para aprimorar as nossas a\u00e7\u00f5es para alcan\u00e7ar esse objetivo. Ent\u00e3o, para n\u00f3s foi um divisor de \u00e1guas\u201d.\u00a0<\/strong><\/p>\n<div class=\"dnd-widget-wrapper context-cheio_8colunas type-image\">\n<div class=\"dnd-atom-rendered\"><!-- scald=447407:cheio_8colunas --><\/p>\n<p>    <!-- END scald=447407 --><\/div>\n<\/div>\n<h2>Mobiliza\u00e7\u00e3o<\/h2>\n<p>Segundo Tatiana, a pesquisa deixa claro que a esmagadora maioria das pessoas que conhecem os projetos da Rede \u201cse informa, se interessa, vai buscar. E isso, para a gente, \u00e9 muito importante porque reflete em uma mobiliza\u00e7\u00e3o de pessoas que querem contribuir de alguma forma na conserva\u00e7\u00e3o.<\/p>\n<blockquote>\n<p>\u201cOs dados s\u00e3o bastante animadores e mostram que a maioria das pessoas conhece a import\u00e2ncia do oceano e demonstra preocupa\u00e7\u00e3o sobre os impactos da atividade humana nos mares. Significa que a nossa mensagem est\u00e1 dando certo, que est\u00e1 chegando ao p\u00fablico\u201d, enfatiza.<\/p>\n<\/blockquote>\n<p><strong>Ronaldo Christofoletti, coordenador do Programa Mar\u00e9 da Ci\u00eancia, da Unifesp, entende que o resultado da sondagem mostra a import\u00e2ncia da educa\u00e7\u00e3o de longo prazo. \u201cA educa\u00e7\u00e3o \u00e9 um processo que demora tempo. Ela n\u00e3o acontece da noite para o dia. Ent\u00e3o, quando voc\u00ea tem uma rede com projetos que est\u00e3o no territ\u00f3rio h\u00e1 mais de 20 anos, alguns h\u00e1 mais de 30 anos atuantes, as pessoas nessas regi\u00f5es est\u00e3o j\u00e1 apresentando uma melhoria no seu conhecimento\u201d, argumenta.<\/strong><\/p>\n<h2>Desafios<\/h2>\n<p>A fundadora do Projeto Albatroz indicou que o desafio que se descortina agora \u00e9 converter essa preocupa\u00e7\u00e3o em engajamento pr\u00e1tico, pensando em como essa pesquisa pode auxiliar como uma estrat\u00e9gia futura. Tatiana avalia que essa ser\u00e1 uma segunda etapa. O estudo efetuado com o Programa Mar\u00e9 de Ci\u00eancia foi a primeira a\u00e7\u00e3o. Ser\u00e3o feitos outros levantamentos ainda no meio do caminho e ao final da d\u00e9cada do oceano, em 2030.<\/p>\n<p>Mas com os resultados dessa primeira pesquisa, as a\u00e7\u00f5es da Rede Biomar ser\u00e3o dirigidas para ajudar as pessoas a trabalhar em atividades que revertam na conserva\u00e7\u00e3o do oceano.<\/p>\n<p>\u201cPara mim, ficou bastante claro que ainda falta clareza para as pessoas sobre o que fazer. Elas querem fazer alguma coisa mas, muitas vezes, o engajamento \u00e9 baixo. Elas n\u00e3o sabem quais a\u00e7\u00f5es realmente s\u00e3o eficazes ou poss\u00edveis no seu cotidiano\u201d, explicou Tatiana.<\/p>\n<p><strong>Exemplos de a\u00e7\u00f5es positivas s\u00e3o reduzir o consumo de pl\u00e1stico descart\u00e1vel, procurar produtos mais sustent\u00e1veis, participar de mutir\u00f5es de limpeza ou mutir\u00f5es que revertem em uma a\u00e7\u00e3o coletiva em prol do meio ambiente. \u201cPara mim, a pesquisa refletiu isso e o Projeto Albatroz agora come\u00e7a a buscar formas de indicar o caminho para as pessoas\u201d, disse Tatiana.<\/strong><\/p>\n<h2>Adapta\u00e7\u00f5es<\/h2>\n<p>Ronaldo Christofoletti sugere que as estrat\u00e9gias t\u00eam que ser adaptadas aos diferentes segmentos da popula\u00e7\u00e3o que n\u00e3o t\u00eam conhecimento, n\u00e3o t\u00eam instru\u00e7\u00e3o. Ou seja, tem que haver uma adapta\u00e7\u00e3o a todas as popula\u00e7\u00f5es, sejam adapta\u00e7\u00f5es em termos de idade, do linguajar, do conte\u00fado, regionais.<\/p>\n<blockquote>\n<p>\u201cA gente precisa que esse conhecimento tenha significado no dia a dia dessas pessoas e que seja acess\u00edvel para elas. Ent\u00e3o, tem que realmente mapear todos os grupos, inclusive os que t\u00eam menos conhecimento ou nenhum conhecimento sobre o tema. \u00c9 um processo em que a gente fala de baixo para cima e n\u00e3o de cima para baixo\u201d, avalia.<\/p>\n<\/blockquote>\n<p>Ele esclarece que esse \u00e9 um processo de conscientiza\u00e7\u00e3o \u00a0constru\u00eddo com aquelas pessoas ou aquela comunidade, para entenderem \u201cqual \u00e9 a realidade em que vivem, o que eles sabem, o que eles podem contribuir, quais s\u00e3o as d\u00favidas e, a\u00ed, a gente vai aos poucos ampliando a conversa sobre o tema\u201d.<\/p>\n<h2>Atitudes<\/h2>\n<p><strong>Tatiana Neves assegura que o que dificulta as pessoas na tomada de atitudes em prol da conserva\u00e7\u00e3o ambiental \u00e9 que, muitas vezes, elas t\u00eam um certo distanciamento da responsabilidade individual, acreditando que cabe ao governo resolver.<\/strong><\/p>\n<p>Acentua que \u201cisso acaba criando uma sensa\u00e7\u00e3o de impot\u00eancia e de falta de liga\u00e7\u00e3o com o problema\u201d. Ela acredita que grandes empresas e governos devem se engajar na luta pela conscientiza\u00e7\u00e3o das popula\u00e7\u00f5es e investir nesse processo\u201d.<\/p>\n<p>Ressaltou que a pesquisa mostra a import\u00e2ncia do investimento a longo prazo em educa\u00e7\u00e3o ambiental. \u201cIsso para mim \u00e9 chave\u201d, esclarece. Ela defendeu que os patroc\u00ednios devem ser de longo prazo, assim como faz a Petrobras com a Rede Biomar, para que haja, de fato, uma modifica\u00e7\u00e3o de vis\u00e3o, de comportamento, de entendimento do p\u00fablico sobre a import\u00e2ncia da conserva\u00e7\u00e3o do oceano e como as pessoas podem se engajar nesse esfor\u00e7o.<\/p>\n<h2>Curr\u00edculo Azul<\/h2>\n<p><strong>Para Ronaldo Christofoletti, o estudo veio sacramentar a import\u00e2ncia de se investir, valorizar, reconhecer o papel da educa\u00e7\u00e3o no pa\u00eds e de se pensar o comportamento de cada pessoa, inclusive em um ano eleitoral, \u201cpara a gente cobrar [no sentido de] que os nossos pol\u00edticos apresentem respostas para a mudan\u00e7a do clima. Esse \u00e9 um dever de cada cidad\u00e3o e cada votante. Mas tamb\u00e9m a gente quer saber da conserva\u00e7\u00e3o das esp\u00e9cies\u201d.<\/strong><\/p>\n<p>Por isso, Christofoletti aponta que h\u00e1 uma s\u00e9rie de a\u00e7\u00f5es que passam do n\u00edvel de indiv\u00edduos, de comunidade, at\u00e9 chegar a governos que s\u00e3o importantes.<\/p>\n<p>Pol\u00edticas p\u00fablicas s\u00e3o essenciais, segundo ele, para essa conscientiza\u00e7\u00e3o da popula\u00e7\u00e3o. \u201cA gente precisa de pol\u00edticas n\u00e3o s\u00f3 para o ambiente, mas para o que a gente chama de cultura oce\u00e2nica, que \u00e9 como as pessoas entendem a sua rela\u00e7\u00e3o com o meio ambiente, no caso, com o oceano\u201d.<\/p>\n<blockquote>\n<p>Ele referiu-se ao Curr\u00edculo Azul, pol\u00edtica p\u00fablica que o Brasil est\u00e1 desenvolvendo, e que vem a ser a Educa\u00e7\u00e3o Oce\u00e2nica integrada ao curr\u00edculo escolar brasileiro. Trata-se de uma pol\u00edtica pioneira que ensina sobre a import\u00e2ncia dos oceanos para a forma\u00e7\u00e3o de cidad\u00e3os e profissionais mais conscientes sobre sustentabilidade e clima e ser\u00e1 aplicada em todas as redes de ensino.<\/p>\n<\/blockquote>\n<blockquote>\n<p>\u201cEu digo o meio ambiente como um todo porque, apesar de a gente chamar cultura oce\u00e2nica, tendo em conta que 70% do planeta s\u00e3o \u00e1gua, oceano, os ambientes terrestres, como a Amaz\u00f4nia, Caatinga, o Cerrado, o Pantanal, [eles] t\u00eam uma rela\u00e7\u00e3o direta com o oceano tamb\u00e9m. Ent\u00e3o, quando a gente fala do oceano, a gente est\u00e1 falando de toda a natureza, de todos os biomas. E o Curr\u00edculo Azul faz isso, inclusive com esse olhar da mudan\u00e7a do clima\u201d.<\/p>\n<\/blockquote>\n<h2>Fortalecimento de pol\u00edticas<\/h2>\n<p><strong>Christofoletti disse, ainda, que fortalecer pol\u00edticas p\u00fablicas como esse projeto e os da Rede Biomar, patrocinados pela Petrobras, \u00e9 essencial em todos os n\u00edveis municipal, estadual e federal, objetivando maior engajamento da popula\u00e7\u00e3o.<\/strong><\/p>\n<p>Na an\u00e1lise do coordenador do Mar\u00e9 de Ci\u00eancia, h\u00e1 v\u00e1rias etapas nesse processo. Uma \u00e9 o conhecimento, mas ele requer que se olhe tamb\u00e9m as emo\u00e7\u00f5es, para que essas levem a atitudes, ao engajamento.<\/p>\n<p>\u201c\u00c9 preciso, essencialmente, que todo mundo mude o comportamento em rela\u00e7\u00e3o ao meio ambiente e \u00e0 conserva\u00e7\u00e3o marinha. A\u00ed a gente come\u00e7a a ter a transforma\u00e7\u00e3o necess\u00e1ria dos indiv\u00edduos\u201d, opina.<\/p>\n<p><strong>Ele acredita que isso deveria ser inserido nas escolas desde os anos iniciais, inclusive a partir do maternal. \u201cEm todas as idades, em todos os n\u00edveis. Do ensino infantil, fundamental um e dois, t\u00e9cnico, m\u00e9dio, superior inclusive\u201d.<\/strong><\/p>\n<h2>Rede Biomar<\/h2>\n<p>Criada em 2007, a Rede Biomar atua de forma integrada na pesquisa cient\u00edfica, conserva\u00e7\u00e3o da biodiversidade e educa\u00e7\u00e3o ambiental ao longo do litoral brasileiro. Com foco em esp\u00e9cies-chave e ecossistemas estrat\u00e9gicos, os projetos da rede combinam a\u00e7\u00f5es cient\u00edficas, comunit\u00e1rias e educativas, mostrando que a longevidade e a continuidade s\u00e3o diferenciais fundamentais para fortalecer a consci\u00eancia ambiental e formar novas gera\u00e7\u00f5es de cidad\u00e3os oce\u00e2nicos.<\/p>\n<p><strong>O Programa Mar\u00e9 de Ci\u00eancia, da Universidade Federal de S\u00e3o Paulo (Unifesp), \u00e9 uma iniciativa de refer\u00eancia nacional e internacional dedicada \u00e0 populariza\u00e7\u00e3o da ci\u00eancia, educa\u00e7\u00e3o oce\u00e2nica e sustentabilidade. Criado em 2012, o programa desenvolve a\u00e7\u00f5es de pesquisa, comunica\u00e7\u00e3o e engajamento social que aproximam a sociedade do oceano e da ci\u00eancia, promovendo uma cultura de responsabilidade ambiental e cidadania oce\u00e2nica.<\/strong><\/p>\n<p>O programa conecta escolas, comunidades, universidades, gestores p\u00fablicos e o setor produtivo para coproduzir conhecimento e fortalecer pol\u00edticas p\u00fablicas voltadas \u00e0 conserva\u00e7\u00e3o marinha e \u00e0 resili\u00eancia clim\u00e1tica.<\/p>\n<p>      <!-- Relacionada --><\/p>\n<p>            <!-- Relacionada -->\n    <\/div>\n","protected":false},"excerpt":{"rendered":"<p>Por EBC, Regi\u00f5es com projetos de conserva\u00e7\u00e3o com longo prazo de atua\u00e7\u00e3o aumentam em at\u00e9 20% a consci\u00eancia ambiental das pessoas. \u00c9 o que revela estudo in\u00e9dito elaborado pelo Programa Mar\u00e9 de Ci\u00eancia, da Universidade Federal de S\u00e3o Paulo (Unifesp) em parceria com a Rede Biomar, que re\u00fane cinco principais projetos de conserva\u00e7\u00e3o marinha (Albatroz, &hellip;<\/p>\n","protected":false},"author":1,"featured_media":0,"comment_status":"open","ping_status":"open","sticky":false,"template":"","format":"standard","meta":{"_jetpack_memberships_contains_paid_content":false,"footnotes":""},"categories":[2,12225,4],"tags":[],"class_list":["post-453266","post","type-post","status-publish","format-standard","hentry","category-entretenimento","category-noticias","category-servicos"],"yoast_head":"<!-- This site is optimized with the Yoast SEO plugin v27.4 - https:\/\/yoast.com\/product\/yoast-seo-wordpress\/ -->\n<title>Consci\u00eancia ambiental cresce em \u00e1reas com projetos de longa dura\u00e7\u00e3o<\/title>\n<meta name=\"robots\" content=\"index, follow, max-snippet:-1, max-image-preview:large, max-video-preview:-1\" \/>\n<link rel=\"canonical\" href=\"https:\/\/mrnews.com.br\/index.php\/2025\/12\/09\/consciencia-ambiental-cresce-em-areas-com-projetos-de-longa-duracao\/\" \/>\n<meta property=\"og:locale\" content=\"pt_BR\" \/>\n<meta property=\"og:type\" content=\"article\" \/>\n<meta property=\"og:title\" content=\"Consci\u00eancia ambiental cresce em \u00e1reas com projetos de longa dura\u00e7\u00e3o\" \/>\n<meta property=\"og:description\" content=\"Por EBC, Regi\u00f5es com projetos de conserva\u00e7\u00e3o com longo prazo de atua\u00e7\u00e3o aumentam em at\u00e9 20% a consci\u00eancia ambiental das pessoas. \u00c9 o que revela estudo in\u00e9dito elaborado pelo Programa Mar\u00e9 de Ci\u00eancia, da Universidade Federal de S\u00e3o Paulo (Unifesp) em parceria com a Rede Biomar, que re\u00fane cinco principais projetos de conserva\u00e7\u00e3o marinha (Albatroz, &hellip;\" \/>\n<meta property=\"og:url\" content=\"https:\/\/mrnews.com.br\/index.php\/2025\/12\/09\/consciencia-ambiental-cresce-em-areas-com-projetos-de-longa-duracao\/\" \/>\n<meta property=\"og:site_name\" content=\"MRNews\" \/>\n<meta property=\"article:publisher\" content=\"https:\/\/www.facebook.com\/eaipahpah\/?locale2=pt_BR\" \/>\n<meta property=\"article:published_time\" content=\"2025-12-09T11:22:15+00:00\" \/>\n<meta name=\"author\" content=\"MR News\" \/>\n<meta name=\"twitter:card\" content=\"summary_large_image\" \/>\n<meta name=\"twitter:creator\" content=\"@conspirou\" \/>\n<meta name=\"twitter:site\" content=\"@conspirou\" \/>\n<meta name=\"twitter:label1\" content=\"Escrito por\" \/>\n\t<meta name=\"twitter:data1\" content=\"MR News\" \/>\n\t<meta name=\"twitter:label2\" content=\"Est. tempo de leitura\" \/>\n\t<meta name=\"twitter:data2\" content=\"9 minutos\" \/>\n<script type=\"application\/ld+json\" class=\"yoast-schema-graph\">{\"@context\":\"https:\\\/\\\/schema.org\",\"@graph\":[{\"@type\":\"Article\",\"@id\":\"https:\\\/\\\/mrnews.com.br\\\/index.php\\\/2025\\\/12\\\/09\\\/consciencia-ambiental-cresce-em-areas-com-projetos-de-longa-duracao\\\/#article\",\"isPartOf\":{\"@id\":\"https:\\\/\\\/mrnews.com.br\\\/index.php\\\/2025\\\/12\\\/09\\\/consciencia-ambiental-cresce-em-areas-com-projetos-de-longa-duracao\\\/\"},\"author\":{\"name\":\"MR News\",\"@id\":\"https:\\\/\\\/mrnews.com.br\\\/#\\\/schema\\\/person\\\/be3203154562a9f207407861cef7827b\"},\"headline\":\"Consci\u00eancia ambiental cresce em \u00e1reas com projetos de longa dura\u00e7\u00e3o\",\"datePublished\":\"2025-12-09T11:22:15+00:00\",\"mainEntityOfPage\":{\"@id\":\"https:\\\/\\\/mrnews.com.br\\\/index.php\\\/2025\\\/12\\\/09\\\/consciencia-ambiental-cresce-em-areas-com-projetos-de-longa-duracao\\\/\"},\"wordCount\":1911,\"commentCount\":0,\"publisher\":{\"@id\":\"https:\\\/\\\/mrnews.com.br\\\/#organization\"},\"articleSection\":[\"ENTRETENIMENTO\",\"NOTICIAS\",\"SERVI\u00c7OS\"],\"inLanguage\":\"pt-BR\",\"potentialAction\":[{\"@type\":\"CommentAction\",\"name\":\"Comment\",\"target\":[\"https:\\\/\\\/mrnews.com.br\\\/index.php\\\/2025\\\/12\\\/09\\\/consciencia-ambiental-cresce-em-areas-com-projetos-de-longa-duracao\\\/#respond\"]}]},{\"@type\":\"WebPage\",\"@id\":\"https:\\\/\\\/mrnews.com.br\\\/index.php\\\/2025\\\/12\\\/09\\\/consciencia-ambiental-cresce-em-areas-com-projetos-de-longa-duracao\\\/\",\"url\":\"https:\\\/\\\/mrnews.com.br\\\/index.php\\\/2025\\\/12\\\/09\\\/consciencia-ambiental-cresce-em-areas-com-projetos-de-longa-duracao\\\/\",\"name\":\"Consci\u00eancia ambiental cresce em \u00e1reas com projetos de longa dura\u00e7\u00e3o\",\"isPartOf\":{\"@id\":\"https:\\\/\\\/mrnews.com.br\\\/#website\"},\"datePublished\":\"2025-12-09T11:22:15+00:00\",\"breadcrumb\":{\"@id\":\"https:\\\/\\\/mrnews.com.br\\\/index.php\\\/2025\\\/12\\\/09\\\/consciencia-ambiental-cresce-em-areas-com-projetos-de-longa-duracao\\\/#breadcrumb\"},\"inLanguage\":\"pt-BR\",\"potentialAction\":[{\"@type\":\"ReadAction\",\"target\":[\"https:\\\/\\\/mrnews.com.br\\\/index.php\\\/2025\\\/12\\\/09\\\/consciencia-ambiental-cresce-em-areas-com-projetos-de-longa-duracao\\\/\"]}]},{\"@type\":\"BreadcrumbList\",\"@id\":\"https:\\\/\\\/mrnews.com.br\\\/index.php\\\/2025\\\/12\\\/09\\\/consciencia-ambiental-cresce-em-areas-com-projetos-de-longa-duracao\\\/#breadcrumb\",\"itemListElement\":[{\"@type\":\"ListItem\",\"position\":1,\"name\":\"In\u00edcio\",\"item\":\"https:\\\/\\\/mrnews.com.br\\\/\"},{\"@type\":\"ListItem\",\"position\":2,\"name\":\"Consci\u00eancia ambiental cresce em \u00e1reas com projetos de longa dura\u00e7\u00e3o\"}]},{\"@type\":\"WebSite\",\"@id\":\"https:\\\/\\\/mrnews.com.br\\\/#website\",\"url\":\"https:\\\/\\\/mrnews.com.br\\\/\",\"name\":\"MRNews\",\"description\":\"MRNews Jogos de hoje da TV, transmiss\u00f5es ao vivo, Not\u00edcias de futebol, Jogos ao vivo, Lives, resumo de novelas, Programa\u00e7\u00e3o da Globo, A Fazenda e BBB\",\"publisher\":{\"@id\":\"https:\\\/\\\/mrnews.com.br\\\/#organization\"},\"potentialAction\":[{\"@type\":\"SearchAction\",\"target\":{\"@type\":\"EntryPoint\",\"urlTemplate\":\"https:\\\/\\\/mrnews.com.br\\\/?s={search_term_string}\"},\"query-input\":{\"@type\":\"PropertyValueSpecification\",\"valueRequired\":true,\"valueName\":\"search_term_string\"}}],\"inLanguage\":\"pt-BR\"},{\"@type\":\"Organization\",\"@id\":\"https:\\\/\\\/mrnews.com.br\\\/#organization\",\"name\":\"MRNews\",\"url\":\"https:\\\/\\\/mrnews.com.br\\\/\",\"logo\":{\"@type\":\"ImageObject\",\"inLanguage\":\"pt-BR\",\"@id\":\"https:\\\/\\\/mrnews.com.br\\\/#\\\/schema\\\/logo\\\/image\\\/\",\"url\":\"https:\\\/\\\/mrnews.com.br\\\/wp-content\\\/uploads\\\/2019\\\/06\\\/MRNewslogo2.png\",\"contentUrl\":\"https:\\\/\\\/mrnews.com.br\\\/wp-content\\\/uploads\\\/2019\\\/06\\\/MRNewslogo2.png\",\"width\":223,\"height\":58,\"caption\":\"MRNews\"},\"image\":{\"@id\":\"https:\\\/\\\/mrnews.com.br\\\/#\\\/schema\\\/logo\\\/image\\\/\"},\"sameAs\":[\"https:\\\/\\\/www.facebook.com\\\/eaipahpah\\\/?locale2=pt_BR\",\"https:\\\/\\\/x.com\\\/conspirou\",\"https:\\\/\\\/www.instagram.com\\\/eai_pahpah\",\"https:\\\/\\\/br.pinterest.com\\\/mrnewsn\\\/boards\\\/\",\"https:\\\/\\\/www.youtube.com\\\/channel\\\/UCacgnpznQ61fifLWr1tQ-vA?view_as=subscriber\"]},{\"@type\":\"Person\",\"@id\":\"https:\\\/\\\/mrnews.com.br\\\/#\\\/schema\\\/person\\\/be3203154562a9f207407861cef7827b\",\"name\":\"MR News\",\"image\":{\"@type\":\"ImageObject\",\"inLanguage\":\"pt-BR\",\"@id\":\"https:\\\/\\\/secure.gravatar.com\\\/avatar\\\/04084e6d73c042b8646e7c17b494073bf0ede3ea13c7105cfc45cbbbc28385a4?s=96&d=monsterid&r=g\",\"url\":\"https:\\\/\\\/secure.gravatar.com\\\/avatar\\\/04084e6d73c042b8646e7c17b494073bf0ede3ea13c7105cfc45cbbbc28385a4?s=96&d=monsterid&r=g\",\"contentUrl\":\"https:\\\/\\\/secure.gravatar.com\\\/avatar\\\/04084e6d73c042b8646e7c17b494073bf0ede3ea13c7105cfc45cbbbc28385a4?s=96&d=monsterid&r=g\",\"caption\":\"MR News\"},\"description\":\"Especializado em jornalismo colaborativo pela FTP em n\u00edvel de p\u00f3s-gradua\u00e7\u00e3o. suporte@oimeliga.combr\",\"sameAs\":[\"HUGO R.\",\"Admin\"],\"url\":\"https:\\\/\\\/mrnews.com.br\\\/index.php\\\/author\\\/admin\\\/\"}]}<\/script>\n<!-- \/ Yoast SEO plugin. -->","yoast_head_json":{"title":"Consci\u00eancia ambiental cresce em \u00e1reas com projetos de longa dura\u00e7\u00e3o","robots":{"index":"index","follow":"follow","max-snippet":"max-snippet:-1","max-image-preview":"max-image-preview:large","max-video-preview":"max-video-preview:-1"},"canonical":"https:\/\/mrnews.com.br\/index.php\/2025\/12\/09\/consciencia-ambiental-cresce-em-areas-com-projetos-de-longa-duracao\/","og_locale":"pt_BR","og_type":"article","og_title":"Consci\u00eancia ambiental cresce em \u00e1reas com projetos de longa dura\u00e7\u00e3o","og_description":"Por EBC, Regi\u00f5es com projetos de conserva\u00e7\u00e3o com longo prazo de atua\u00e7\u00e3o aumentam em at\u00e9 20% a consci\u00eancia ambiental das pessoas. \u00c9 o que revela estudo in\u00e9dito elaborado pelo Programa Mar\u00e9 de Ci\u00eancia, da Universidade Federal de S\u00e3o Paulo (Unifesp) em parceria com a Rede Biomar, que re\u00fane cinco principais projetos de conserva\u00e7\u00e3o marinha (Albatroz, &hellip;","og_url":"https:\/\/mrnews.com.br\/index.php\/2025\/12\/09\/consciencia-ambiental-cresce-em-areas-com-projetos-de-longa-duracao\/","og_site_name":"MRNews","article_publisher":"https:\/\/www.facebook.com\/eaipahpah\/?locale2=pt_BR","article_published_time":"2025-12-09T11:22:15+00:00","author":"MR News","twitter_card":"summary_large_image","twitter_creator":"@conspirou","twitter_site":"@conspirou","twitter_misc":{"Escrito por":"MR News","Est. tempo de leitura":"9 minutos"},"schema":{"@context":"https:\/\/schema.org","@graph":[{"@type":"Article","@id":"https:\/\/mrnews.com.br\/index.php\/2025\/12\/09\/consciencia-ambiental-cresce-em-areas-com-projetos-de-longa-duracao\/#article","isPartOf":{"@id":"https:\/\/mrnews.com.br\/index.php\/2025\/12\/09\/consciencia-ambiental-cresce-em-areas-com-projetos-de-longa-duracao\/"},"author":{"name":"MR News","@id":"https:\/\/mrnews.com.br\/#\/schema\/person\/be3203154562a9f207407861cef7827b"},"headline":"Consci\u00eancia ambiental cresce em \u00e1reas com projetos de longa dura\u00e7\u00e3o","datePublished":"2025-12-09T11:22:15+00:00","mainEntityOfPage":{"@id":"https:\/\/mrnews.com.br\/index.php\/2025\/12\/09\/consciencia-ambiental-cresce-em-areas-com-projetos-de-longa-duracao\/"},"wordCount":1911,"commentCount":0,"publisher":{"@id":"https:\/\/mrnews.com.br\/#organization"},"articleSection":["ENTRETENIMENTO","NOTICIAS","SERVI\u00c7OS"],"inLanguage":"pt-BR","potentialAction":[{"@type":"CommentAction","name":"Comment","target":["https:\/\/mrnews.com.br\/index.php\/2025\/12\/09\/consciencia-ambiental-cresce-em-areas-com-projetos-de-longa-duracao\/#respond"]}]},{"@type":"WebPage","@id":"https:\/\/mrnews.com.br\/index.php\/2025\/12\/09\/consciencia-ambiental-cresce-em-areas-com-projetos-de-longa-duracao\/","url":"https:\/\/mrnews.com.br\/index.php\/2025\/12\/09\/consciencia-ambiental-cresce-em-areas-com-projetos-de-longa-duracao\/","name":"Consci\u00eancia ambiental cresce em \u00e1reas com projetos de longa dura\u00e7\u00e3o","isPartOf":{"@id":"https:\/\/mrnews.com.br\/#website"},"datePublished":"2025-12-09T11:22:15+00:00","breadcrumb":{"@id":"https:\/\/mrnews.com.br\/index.php\/2025\/12\/09\/consciencia-ambiental-cresce-em-areas-com-projetos-de-longa-duracao\/#breadcrumb"},"inLanguage":"pt-BR","potentialAction":[{"@type":"ReadAction","target":["https:\/\/mrnews.com.br\/index.php\/2025\/12\/09\/consciencia-ambiental-cresce-em-areas-com-projetos-de-longa-duracao\/"]}]},{"@type":"BreadcrumbList","@id":"https:\/\/mrnews.com.br\/index.php\/2025\/12\/09\/consciencia-ambiental-cresce-em-areas-com-projetos-de-longa-duracao\/#breadcrumb","itemListElement":[{"@type":"ListItem","position":1,"name":"In\u00edcio","item":"https:\/\/mrnews.com.br\/"},{"@type":"ListItem","position":2,"name":"Consci\u00eancia ambiental cresce em \u00e1reas com projetos de longa dura\u00e7\u00e3o"}]},{"@type":"WebSite","@id":"https:\/\/mrnews.com.br\/#website","url":"https:\/\/mrnews.com.br\/","name":"MRNews","description":"MRNews Jogos de hoje da TV, transmiss\u00f5es ao vivo, Not\u00edcias de futebol, Jogos ao vivo, Lives, resumo de novelas, Programa\u00e7\u00e3o da Globo, A Fazenda e BBB","publisher":{"@id":"https:\/\/mrnews.com.br\/#organization"},"potentialAction":[{"@type":"SearchAction","target":{"@type":"EntryPoint","urlTemplate":"https:\/\/mrnews.com.br\/?s={search_term_string}"},"query-input":{"@type":"PropertyValueSpecification","valueRequired":true,"valueName":"search_term_string"}}],"inLanguage":"pt-BR"},{"@type":"Organization","@id":"https:\/\/mrnews.com.br\/#organization","name":"MRNews","url":"https:\/\/mrnews.com.br\/","logo":{"@type":"ImageObject","inLanguage":"pt-BR","@id":"https:\/\/mrnews.com.br\/#\/schema\/logo\/image\/","url":"https:\/\/mrnews.com.br\/wp-content\/uploads\/2019\/06\/MRNewslogo2.png","contentUrl":"https:\/\/mrnews.com.br\/wp-content\/uploads\/2019\/06\/MRNewslogo2.png","width":223,"height":58,"caption":"MRNews"},"image":{"@id":"https:\/\/mrnews.com.br\/#\/schema\/logo\/image\/"},"sameAs":["https:\/\/www.facebook.com\/eaipahpah\/?locale2=pt_BR","https:\/\/x.com\/conspirou","https:\/\/www.instagram.com\/eai_pahpah","https:\/\/br.pinterest.com\/mrnewsn\/boards\/","https:\/\/www.youtube.com\/channel\/UCacgnpznQ61fifLWr1tQ-vA?view_as=subscriber"]},{"@type":"Person","@id":"https:\/\/mrnews.com.br\/#\/schema\/person\/be3203154562a9f207407861cef7827b","name":"MR News","image":{"@type":"ImageObject","inLanguage":"pt-BR","@id":"https:\/\/secure.gravatar.com\/avatar\/04084e6d73c042b8646e7c17b494073bf0ede3ea13c7105cfc45cbbbc28385a4?s=96&d=monsterid&r=g","url":"https:\/\/secure.gravatar.com\/avatar\/04084e6d73c042b8646e7c17b494073bf0ede3ea13c7105cfc45cbbbc28385a4?s=96&d=monsterid&r=g","contentUrl":"https:\/\/secure.gravatar.com\/avatar\/04084e6d73c042b8646e7c17b494073bf0ede3ea13c7105cfc45cbbbc28385a4?s=96&d=monsterid&r=g","caption":"MR News"},"description":"Especializado em jornalismo colaborativo pela FTP em n\u00edvel de p\u00f3s-gradua\u00e7\u00e3o. suporte@oimeliga.combr","sameAs":["HUGO R.","Admin"],"url":"https:\/\/mrnews.com.br\/index.php\/author\/admin\/"}]}},"jetpack_featured_media_url":"","jetpack_sharing_enabled":true,"jetpack_shortlink":"https:\/\/wp.me\/pa2Qf7-1TUK","amp_enabled":true,"_links":{"self":[{"href":"https:\/\/mrnews.com.br\/index.php\/wp-json\/wp\/v2\/posts\/453266","targetHints":{"allow":["GET"]}}],"collection":[{"href":"https:\/\/mrnews.com.br\/index.php\/wp-json\/wp\/v2\/posts"}],"about":[{"href":"https:\/\/mrnews.com.br\/index.php\/wp-json\/wp\/v2\/types\/post"}],"author":[{"embeddable":true,"href":"https:\/\/mrnews.com.br\/index.php\/wp-json\/wp\/v2\/users\/1"}],"replies":[{"embeddable":true,"href":"https:\/\/mrnews.com.br\/index.php\/wp-json\/wp\/v2\/comments?post=453266"}],"version-history":[{"count":0,"href":"https:\/\/mrnews.com.br\/index.php\/wp-json\/wp\/v2\/posts\/453266\/revisions"}],"wp:attachment":[{"href":"https:\/\/mrnews.com.br\/index.php\/wp-json\/wp\/v2\/media?parent=453266"}],"wp:term":[{"taxonomy":"category","embeddable":true,"href":"https:\/\/mrnews.com.br\/index.php\/wp-json\/wp\/v2\/categories?post=453266"},{"taxonomy":"post_tag","embeddable":true,"href":"https:\/\/mrnews.com.br\/index.php\/wp-json\/wp\/v2\/tags?post=453266"}],"curies":[{"name":"wp","href":"https:\/\/api.w.org\/{rel}","templated":true}]}}