{"id":453277,"date":"2025-12-09T15:22:14","date_gmt":"2025-12-09T18:22:14","guid":{"rendered":"https:\/\/mrnews.com.br\/index.php\/2025\/12\/09\/cpi-do-crime-convoca-bacellar-presidente-da-alerj-solto-por-colegas\/"},"modified":"2025-12-09T15:22:14","modified_gmt":"2025-12-09T18:22:14","slug":"cpi-do-crime-convoca-bacellar-presidente-da-alerj-solto-por-colegas","status":"publish","type":"post","link":"https:\/\/mrnews.com.br\/index.php\/2025\/12\/09\/cpi-do-crime-convoca-bacellar-presidente-da-alerj-solto-por-colegas\/","title":{"rendered":"CPI do Crime convoca Bacellar, presidente da Alerj solto por colegas"},"content":{"rendered":"<p>Por EBC, <\/p>\n<div>\n<p><strong>A Comiss\u00e3o Parlamentar de Inqu\u00e9rito (CPI) do Crime Organizado no Senado aprovou, nesta ter\u00e7a-feira (9), a convoca\u00e7\u00e3o do presidente da Assembleia Legislativa do Rio de Janeiro (Alerj), deputado estadual Rodrigo Baceller (Uni\u00e3o), preso preventivamente acusado de vazar informa\u00e7\u00f5es sobre opera\u00e7\u00f5es contra o Comando Vermelho.<\/strong><\/p>\n<p>Em decis\u00e3o nessa segunda-feira (8), os colegas do pol\u00edtico na Alerj votaram pela soltura dele por 42 votos contra 21. Bacellar \u00e9 acusado de vazar informa\u00e7\u00f5es da Opera\u00e7\u00e3o Zargun, que prendeu o ex-deputado estadual TH Joias, acusado de intermediar a compra e venda de armas para a principal fac\u00e7\u00e3o carioca.\u00a0<\/p>\n<p>A convoca\u00e7\u00e3o de Bacellar, que ser\u00e1 obrigado a comparecer \u00e0 CPI do Senado, foi aprovada como item extra pauta durante a sess\u00e3o que ouviu o ministro da Justi\u00e7a e Seguran\u00e7a P\u00fablica, Ricardo Lewandowski.<\/p>\n<p>Ao justificar a convoca\u00e7\u00e3o do pol\u00edtico fluminense, o relator da CPI, senador Alessandro Vieira (MDB-SE), enfatizou que o trabalho da Comiss\u00e3o \u00e9 \u201centender como essa for\u00e7a criminosa atua para corromper institui\u00e7\u00f5es e desviar recursos vitais da na\u00e7\u00e3o\u201d.<\/p>\n<p>\u00a0<\/p>\n<div class=\"dnd-widget-wrapper context-cheio_8colunas type-image\">\n<div class=\"dnd-atom-rendered\"><!-- scald=446776:cheio_8colunas --><\/p>\n<p>    <!-- END scald=446776 --><\/div>\n<div class=\"dnd-caption-wrapper\">\n<p>\u00a0O relator da CPI, senador Alessandro Vieira, disse que a oitiva de\u00a0Garotinho\u00a0\u00e9 fundamental por causa das den\u00fancias\u00a0que tem feito sobre o crime organizado. Foto-arquivo: Edilson Rodrigues\/Ag\u00eancia Senado &#8211; <strong>Edilson Rodrigues\/Ag\u00eancia Senado<\/strong><!--END copyright=446776--><\/p>\n<\/div>\n<\/div>\n<blockquote>\n<p>\u201cA contribui\u00e7\u00e3o do Senhor Rodrigo Bacellar \u00e9 imprescind\u00edvel para que esta CPI possa construir um diagn\u00f3stico fidedigno acerca da amea\u00e7a representada pela infiltra\u00e7\u00e3o econ\u00f4mica do crime organizado\u201d, completou Vieira.<\/p>\n<\/blockquote>\n<h2>Antonhy Garotinho<\/h2>\n<p>A CPI tamb\u00e9m aprovou o convite a Antonhy Garotinho, que governou o Rio de Janeiro entre 1998 e 2002.<\/p>\n<p>O relator da CPI Alessandro Vieira disse que a oitiva do pol\u00edtico \u00e9 fundamental por causa das den\u00fancias que tem feito sobre a infiltra\u00e7\u00e3o do crime organizado no estado fluminense.<\/p>\n<blockquote>\n<p>\u201cO senhor Anthony Garotinho, ex-governador, ex-secret\u00e1rio de Seguran\u00e7a, figura p\u00fablica de longa e conturbada trajet\u00f3ria, mas que vem apresentando reiteradas e densas den\u00fancias com rela\u00e7\u00e3o ao estado de coisas do Estado do Rio de Janeiro\u201d, afirmou Vieira durante a sess\u00e3o.<\/p>\n<\/blockquote>\n<p>No requerimento apresentado para o convite a Garotinho, o relator da CPI acrescenta que o depoimento do ex-governador \u00e9 \u201cimprescind\u00edvel para que esta CPI possa aprofundar a compreens\u00e3o sobre os mecanismos de infiltra\u00e7\u00e3o do crime organizado nas estruturas estatais\u201d.<\/p>\n<p>Como se trata de um convite, e n\u00e3o de uma convoca\u00e7\u00e3o, o ex-governador Garotinho pode escolher se comparece, ou n\u00e3o, \u00e0 CPI.<\/p>\n<p>O presidente da Comiss\u00e3o, senador Fabiano Contarato (PT-ES), informou que h\u00e1 \u201cgrande possibilidade\u201d de pautar as oitivas aprovadas hoje j\u00e1 na pr\u00f3xima semana.<\/p>\n<p>      <!-- Relacionada --><\/p>\n<p>            <!-- Relacionada -->\n    <\/div>\n","protected":false},"excerpt":{"rendered":"<p>Por EBC, A Comiss\u00e3o Parlamentar de Inqu\u00e9rito (CPI) do Crime Organizado no Senado aprovou, nesta ter\u00e7a-feira (9), a convoca\u00e7\u00e3o do presidente da Assembleia Legislativa do Rio de Janeiro (Alerj), deputado estadual Rodrigo Baceller (Uni\u00e3o), preso preventivamente acusado de vazar informa\u00e7\u00f5es sobre opera\u00e7\u00f5es contra o Comando Vermelho. Em decis\u00e3o nessa segunda-feira (8), os colegas do pol\u00edtico &hellip;<\/p>\n","protected":false},"author":1,"featured_media":0,"comment_status":"open","ping_status":"open","sticky":false,"template":"","format":"standard","meta":{"_jetpack_memberships_contains_paid_content":false,"footnotes":""},"categories":[2,12225,4],"tags":[],"class_list":["post-453277","post","type-post","status-publish","format-standard","hentry","category-entretenimento","category-noticias","category-servicos"],"yoast_head":"<!-- This site is optimized with the Yoast SEO plugin v27.4 - https:\/\/yoast.com\/product\/yoast-seo-wordpress\/ -->\n<title>CPI do Crime convoca Bacellar, presidente da Alerj solto por colegas<\/title>\n<meta name=\"robots\" content=\"index, follow, max-snippet:-1, max-image-preview:large, max-video-preview:-1\" \/>\n<link rel=\"canonical\" href=\"https:\/\/mrnews.com.br\/index.php\/2025\/12\/09\/cpi-do-crime-convoca-bacellar-presidente-da-alerj-solto-por-colegas\/\" \/>\n<meta property=\"og:locale\" content=\"pt_BR\" \/>\n<meta property=\"og:type\" content=\"article\" \/>\n<meta property=\"og:title\" content=\"CPI do Crime convoca Bacellar, presidente da Alerj solto por colegas\" \/>\n<meta property=\"og:description\" content=\"Por EBC, A Comiss\u00e3o Parlamentar de Inqu\u00e9rito (CPI) do Crime Organizado no Senado aprovou, nesta ter\u00e7a-feira (9), a convoca\u00e7\u00e3o do presidente da Assembleia Legislativa do Rio de Janeiro (Alerj), deputado estadual Rodrigo Baceller (Uni\u00e3o), preso preventivamente acusado de vazar informa\u00e7\u00f5es sobre opera\u00e7\u00f5es contra o Comando Vermelho. Em decis\u00e3o nessa segunda-feira (8), os colegas do pol\u00edtico &hellip;\" \/>\n<meta property=\"og:url\" content=\"https:\/\/mrnews.com.br\/index.php\/2025\/12\/09\/cpi-do-crime-convoca-bacellar-presidente-da-alerj-solto-por-colegas\/\" \/>\n<meta property=\"og:site_name\" content=\"MRNews\" \/>\n<meta property=\"article:publisher\" content=\"https:\/\/www.facebook.com\/eaipahpah\/?locale2=pt_BR\" \/>\n<meta property=\"article:published_time\" content=\"2025-12-09T18:22:14+00:00\" \/>\n<meta name=\"author\" content=\"MR News\" \/>\n<meta name=\"twitter:card\" content=\"summary_large_image\" \/>\n<meta name=\"twitter:creator\" content=\"@conspirou\" \/>\n<meta name=\"twitter:site\" content=\"@conspirou\" \/>\n<meta name=\"twitter:label1\" content=\"Escrito por\" \/>\n\t<meta name=\"twitter:data1\" content=\"MR News\" \/>\n\t<meta name=\"twitter:label2\" content=\"Est. tempo de leitura\" \/>\n\t<meta name=\"twitter:data2\" content=\"2 minutos\" \/>\n<script type=\"application\/ld+json\" class=\"yoast-schema-graph\">{\"@context\":\"https:\\\/\\\/schema.org\",\"@graph\":[{\"@type\":\"Article\",\"@id\":\"https:\\\/\\\/mrnews.com.br\\\/index.php\\\/2025\\\/12\\\/09\\\/cpi-do-crime-convoca-bacellar-presidente-da-alerj-solto-por-colegas\\\/#article\",\"isPartOf\":{\"@id\":\"https:\\\/\\\/mrnews.com.br\\\/index.php\\\/2025\\\/12\\\/09\\\/cpi-do-crime-convoca-bacellar-presidente-da-alerj-solto-por-colegas\\\/\"},\"author\":{\"name\":\"MR News\",\"@id\":\"https:\\\/\\\/mrnews.com.br\\\/#\\\/schema\\\/person\\\/be3203154562a9f207407861cef7827b\"},\"headline\":\"CPI do Crime convoca Bacellar, presidente da Alerj solto por colegas\",\"datePublished\":\"2025-12-09T18:22:14+00:00\",\"mainEntityOfPage\":{\"@id\":\"https:\\\/\\\/mrnews.com.br\\\/index.php\\\/2025\\\/12\\\/09\\\/cpi-do-crime-convoca-bacellar-presidente-da-alerj-solto-por-colegas\\\/\"},\"wordCount\":454,\"commentCount\":0,\"publisher\":{\"@id\":\"https:\\\/\\\/mrnews.com.br\\\/#organization\"},\"articleSection\":[\"ENTRETENIMENTO\",\"NOTICIAS\",\"SERVI\u00c7OS\"],\"inLanguage\":\"pt-BR\",\"potentialAction\":[{\"@type\":\"CommentAction\",\"name\":\"Comment\",\"target\":[\"https:\\\/\\\/mrnews.com.br\\\/index.php\\\/2025\\\/12\\\/09\\\/cpi-do-crime-convoca-bacellar-presidente-da-alerj-solto-por-colegas\\\/#respond\"]}]},{\"@type\":\"WebPage\",\"@id\":\"https:\\\/\\\/mrnews.com.br\\\/index.php\\\/2025\\\/12\\\/09\\\/cpi-do-crime-convoca-bacellar-presidente-da-alerj-solto-por-colegas\\\/\",\"url\":\"https:\\\/\\\/mrnews.com.br\\\/index.php\\\/2025\\\/12\\\/09\\\/cpi-do-crime-convoca-bacellar-presidente-da-alerj-solto-por-colegas\\\/\",\"name\":\"CPI do Crime convoca Bacellar, presidente da Alerj solto por colegas\",\"isPartOf\":{\"@id\":\"https:\\\/\\\/mrnews.com.br\\\/#website\"},\"datePublished\":\"2025-12-09T18:22:14+00:00\",\"breadcrumb\":{\"@id\":\"https:\\\/\\\/mrnews.com.br\\\/index.php\\\/2025\\\/12\\\/09\\\/cpi-do-crime-convoca-bacellar-presidente-da-alerj-solto-por-colegas\\\/#breadcrumb\"},\"inLanguage\":\"pt-BR\",\"potentialAction\":[{\"@type\":\"ReadAction\",\"target\":[\"https:\\\/\\\/mrnews.com.br\\\/index.php\\\/2025\\\/12\\\/09\\\/cpi-do-crime-convoca-bacellar-presidente-da-alerj-solto-por-colegas\\\/\"]}]},{\"@type\":\"BreadcrumbList\",\"@id\":\"https:\\\/\\\/mrnews.com.br\\\/index.php\\\/2025\\\/12\\\/09\\\/cpi-do-crime-convoca-bacellar-presidente-da-alerj-solto-por-colegas\\\/#breadcrumb\",\"itemListElement\":[{\"@type\":\"ListItem\",\"position\":1,\"name\":\"In\u00edcio\",\"item\":\"https:\\\/\\\/mrnews.com.br\\\/\"},{\"@type\":\"ListItem\",\"position\":2,\"name\":\"CPI do Crime convoca Bacellar, presidente da Alerj solto por colegas\"}]},{\"@type\":\"WebSite\",\"@id\":\"https:\\\/\\\/mrnews.com.br\\\/#website\",\"url\":\"https:\\\/\\\/mrnews.com.br\\\/\",\"name\":\"MRNews\",\"description\":\"MRNews Jogos de hoje da TV, transmiss\u00f5es ao vivo, Not\u00edcias de futebol, Jogos ao vivo, Lives, resumo de novelas, Programa\u00e7\u00e3o da Globo, A Fazenda e BBB\",\"publisher\":{\"@id\":\"https:\\\/\\\/mrnews.com.br\\\/#organization\"},\"potentialAction\":[{\"@type\":\"SearchAction\",\"target\":{\"@type\":\"EntryPoint\",\"urlTemplate\":\"https:\\\/\\\/mrnews.com.br\\\/?s={search_term_string}\"},\"query-input\":{\"@type\":\"PropertyValueSpecification\",\"valueRequired\":true,\"valueName\":\"search_term_string\"}}],\"inLanguage\":\"pt-BR\"},{\"@type\":\"Organization\",\"@id\":\"https:\\\/\\\/mrnews.com.br\\\/#organization\",\"name\":\"MRNews\",\"url\":\"https:\\\/\\\/mrnews.com.br\\\/\",\"logo\":{\"@type\":\"ImageObject\",\"inLanguage\":\"pt-BR\",\"@id\":\"https:\\\/\\\/mrnews.com.br\\\/#\\\/schema\\\/logo\\\/image\\\/\",\"url\":\"https:\\\/\\\/mrnews.com.br\\\/wp-content\\\/uploads\\\/2019\\\/06\\\/MRNewslogo2.png\",\"contentUrl\":\"https:\\\/\\\/mrnews.com.br\\\/wp-content\\\/uploads\\\/2019\\\/06\\\/MRNewslogo2.png\",\"width\":223,\"height\":58,\"caption\":\"MRNews\"},\"image\":{\"@id\":\"https:\\\/\\\/mrnews.com.br\\\/#\\\/schema\\\/logo\\\/image\\\/\"},\"sameAs\":[\"https:\\\/\\\/www.facebook.com\\\/eaipahpah\\\/?locale2=pt_BR\",\"https:\\\/\\\/x.com\\\/conspirou\",\"https:\\\/\\\/www.instagram.com\\\/eai_pahpah\",\"https:\\\/\\\/br.pinterest.com\\\/mrnewsn\\\/boards\\\/\",\"https:\\\/\\\/www.youtube.com\\\/channel\\\/UCacgnpznQ61fifLWr1tQ-vA?view_as=subscriber\"]},{\"@type\":\"Person\",\"@id\":\"https:\\\/\\\/mrnews.com.br\\\/#\\\/schema\\\/person\\\/be3203154562a9f207407861cef7827b\",\"name\":\"MR News\",\"image\":{\"@type\":\"ImageObject\",\"inLanguage\":\"pt-BR\",\"@id\":\"https:\\\/\\\/secure.gravatar.com\\\/avatar\\\/04084e6d73c042b8646e7c17b494073bf0ede3ea13c7105cfc45cbbbc28385a4?s=96&d=monsterid&r=g\",\"url\":\"https:\\\/\\\/secure.gravatar.com\\\/avatar\\\/04084e6d73c042b8646e7c17b494073bf0ede3ea13c7105cfc45cbbbc28385a4?s=96&d=monsterid&r=g\",\"contentUrl\":\"https:\\\/\\\/secure.gravatar.com\\\/avatar\\\/04084e6d73c042b8646e7c17b494073bf0ede3ea13c7105cfc45cbbbc28385a4?s=96&d=monsterid&r=g\",\"caption\":\"MR News\"},\"description\":\"Especializado em jornalismo colaborativo pela FTP em n\u00edvel de p\u00f3s-gradua\u00e7\u00e3o. suporte@oimeliga.combr\",\"sameAs\":[\"HUGO R.\",\"Admin\"],\"url\":\"https:\\\/\\\/mrnews.com.br\\\/index.php\\\/author\\\/admin\\\/\"}]}<\/script>\n<!-- \/ Yoast SEO plugin. -->","yoast_head_json":{"title":"CPI do Crime convoca Bacellar, presidente da Alerj solto por colegas","robots":{"index":"index","follow":"follow","max-snippet":"max-snippet:-1","max-image-preview":"max-image-preview:large","max-video-preview":"max-video-preview:-1"},"canonical":"https:\/\/mrnews.com.br\/index.php\/2025\/12\/09\/cpi-do-crime-convoca-bacellar-presidente-da-alerj-solto-por-colegas\/","og_locale":"pt_BR","og_type":"article","og_title":"CPI do Crime convoca Bacellar, presidente da Alerj solto por colegas","og_description":"Por EBC, A Comiss\u00e3o Parlamentar de Inqu\u00e9rito (CPI) do Crime Organizado no Senado aprovou, nesta ter\u00e7a-feira (9), a convoca\u00e7\u00e3o do presidente da Assembleia Legislativa do Rio de Janeiro (Alerj), deputado estadual Rodrigo Baceller (Uni\u00e3o), preso preventivamente acusado de vazar informa\u00e7\u00f5es sobre opera\u00e7\u00f5es contra o Comando Vermelho. Em decis\u00e3o nessa segunda-feira (8), os colegas do pol\u00edtico &hellip;","og_url":"https:\/\/mrnews.com.br\/index.php\/2025\/12\/09\/cpi-do-crime-convoca-bacellar-presidente-da-alerj-solto-por-colegas\/","og_site_name":"MRNews","article_publisher":"https:\/\/www.facebook.com\/eaipahpah\/?locale2=pt_BR","article_published_time":"2025-12-09T18:22:14+00:00","author":"MR News","twitter_card":"summary_large_image","twitter_creator":"@conspirou","twitter_site":"@conspirou","twitter_misc":{"Escrito por":"MR News","Est. tempo de leitura":"2 minutos"},"schema":{"@context":"https:\/\/schema.org","@graph":[{"@type":"Article","@id":"https:\/\/mrnews.com.br\/index.php\/2025\/12\/09\/cpi-do-crime-convoca-bacellar-presidente-da-alerj-solto-por-colegas\/#article","isPartOf":{"@id":"https:\/\/mrnews.com.br\/index.php\/2025\/12\/09\/cpi-do-crime-convoca-bacellar-presidente-da-alerj-solto-por-colegas\/"},"author":{"name":"MR News","@id":"https:\/\/mrnews.com.br\/#\/schema\/person\/be3203154562a9f207407861cef7827b"},"headline":"CPI do Crime convoca Bacellar, presidente da Alerj solto por colegas","datePublished":"2025-12-09T18:22:14+00:00","mainEntityOfPage":{"@id":"https:\/\/mrnews.com.br\/index.php\/2025\/12\/09\/cpi-do-crime-convoca-bacellar-presidente-da-alerj-solto-por-colegas\/"},"wordCount":454,"commentCount":0,"publisher":{"@id":"https:\/\/mrnews.com.br\/#organization"},"articleSection":["ENTRETENIMENTO","NOTICIAS","SERVI\u00c7OS"],"inLanguage":"pt-BR","potentialAction":[{"@type":"CommentAction","name":"Comment","target":["https:\/\/mrnews.com.br\/index.php\/2025\/12\/09\/cpi-do-crime-convoca-bacellar-presidente-da-alerj-solto-por-colegas\/#respond"]}]},{"@type":"WebPage","@id":"https:\/\/mrnews.com.br\/index.php\/2025\/12\/09\/cpi-do-crime-convoca-bacellar-presidente-da-alerj-solto-por-colegas\/","url":"https:\/\/mrnews.com.br\/index.php\/2025\/12\/09\/cpi-do-crime-convoca-bacellar-presidente-da-alerj-solto-por-colegas\/","name":"CPI do Crime convoca Bacellar, presidente da Alerj solto por colegas","isPartOf":{"@id":"https:\/\/mrnews.com.br\/#website"},"datePublished":"2025-12-09T18:22:14+00:00","breadcrumb":{"@id":"https:\/\/mrnews.com.br\/index.php\/2025\/12\/09\/cpi-do-crime-convoca-bacellar-presidente-da-alerj-solto-por-colegas\/#breadcrumb"},"inLanguage":"pt-BR","potentialAction":[{"@type":"ReadAction","target":["https:\/\/mrnews.com.br\/index.php\/2025\/12\/09\/cpi-do-crime-convoca-bacellar-presidente-da-alerj-solto-por-colegas\/"]}]},{"@type":"BreadcrumbList","@id":"https:\/\/mrnews.com.br\/index.php\/2025\/12\/09\/cpi-do-crime-convoca-bacellar-presidente-da-alerj-solto-por-colegas\/#breadcrumb","itemListElement":[{"@type":"ListItem","position":1,"name":"In\u00edcio","item":"https:\/\/mrnews.com.br\/"},{"@type":"ListItem","position":2,"name":"CPI do Crime convoca Bacellar, presidente da Alerj solto por colegas"}]},{"@type":"WebSite","@id":"https:\/\/mrnews.com.br\/#website","url":"https:\/\/mrnews.com.br\/","name":"MRNews","description":"MRNews Jogos de hoje da TV, transmiss\u00f5es ao vivo, Not\u00edcias de futebol, Jogos ao vivo, Lives, resumo de novelas, Programa\u00e7\u00e3o da Globo, A Fazenda e BBB","publisher":{"@id":"https:\/\/mrnews.com.br\/#organization"},"potentialAction":[{"@type":"SearchAction","target":{"@type":"EntryPoint","urlTemplate":"https:\/\/mrnews.com.br\/?s={search_term_string}"},"query-input":{"@type":"PropertyValueSpecification","valueRequired":true,"valueName":"search_term_string"}}],"inLanguage":"pt-BR"},{"@type":"Organization","@id":"https:\/\/mrnews.com.br\/#organization","name":"MRNews","url":"https:\/\/mrnews.com.br\/","logo":{"@type":"ImageObject","inLanguage":"pt-BR","@id":"https:\/\/mrnews.com.br\/#\/schema\/logo\/image\/","url":"https:\/\/mrnews.com.br\/wp-content\/uploads\/2019\/06\/MRNewslogo2.png","contentUrl":"https:\/\/mrnews.com.br\/wp-content\/uploads\/2019\/06\/MRNewslogo2.png","width":223,"height":58,"caption":"MRNews"},"image":{"@id":"https:\/\/mrnews.com.br\/#\/schema\/logo\/image\/"},"sameAs":["https:\/\/www.facebook.com\/eaipahpah\/?locale2=pt_BR","https:\/\/x.com\/conspirou","https:\/\/www.instagram.com\/eai_pahpah","https:\/\/br.pinterest.com\/mrnewsn\/boards\/","https:\/\/www.youtube.com\/channel\/UCacgnpznQ61fifLWr1tQ-vA?view_as=subscriber"]},{"@type":"Person","@id":"https:\/\/mrnews.com.br\/#\/schema\/person\/be3203154562a9f207407861cef7827b","name":"MR News","image":{"@type":"ImageObject","inLanguage":"pt-BR","@id":"https:\/\/secure.gravatar.com\/avatar\/04084e6d73c042b8646e7c17b494073bf0ede3ea13c7105cfc45cbbbc28385a4?s=96&d=monsterid&r=g","url":"https:\/\/secure.gravatar.com\/avatar\/04084e6d73c042b8646e7c17b494073bf0ede3ea13c7105cfc45cbbbc28385a4?s=96&d=monsterid&r=g","contentUrl":"https:\/\/secure.gravatar.com\/avatar\/04084e6d73c042b8646e7c17b494073bf0ede3ea13c7105cfc45cbbbc28385a4?s=96&d=monsterid&r=g","caption":"MR News"},"description":"Especializado em jornalismo colaborativo pela FTP em n\u00edvel de p\u00f3s-gradua\u00e7\u00e3o. suporte@oimeliga.combr","sameAs":["HUGO R.","Admin"],"url":"https:\/\/mrnews.com.br\/index.php\/author\/admin\/"}]}},"jetpack_featured_media_url":"","jetpack_sharing_enabled":true,"jetpack_shortlink":"https:\/\/wp.me\/pa2Qf7-1TUV","amp_enabled":true,"_links":{"self":[{"href":"https:\/\/mrnews.com.br\/index.php\/wp-json\/wp\/v2\/posts\/453277","targetHints":{"allow":["GET"]}}],"collection":[{"href":"https:\/\/mrnews.com.br\/index.php\/wp-json\/wp\/v2\/posts"}],"about":[{"href":"https:\/\/mrnews.com.br\/index.php\/wp-json\/wp\/v2\/types\/post"}],"author":[{"embeddable":true,"href":"https:\/\/mrnews.com.br\/index.php\/wp-json\/wp\/v2\/users\/1"}],"replies":[{"embeddable":true,"href":"https:\/\/mrnews.com.br\/index.php\/wp-json\/wp\/v2\/comments?post=453277"}],"version-history":[{"count":0,"href":"https:\/\/mrnews.com.br\/index.php\/wp-json\/wp\/v2\/posts\/453277\/revisions"}],"wp:attachment":[{"href":"https:\/\/mrnews.com.br\/index.php\/wp-json\/wp\/v2\/media?parent=453277"}],"wp:term":[{"taxonomy":"category","embeddable":true,"href":"https:\/\/mrnews.com.br\/index.php\/wp-json\/wp\/v2\/categories?post=453277"},{"taxonomy":"post_tag","embeddable":true,"href":"https:\/\/mrnews.com.br\/index.php\/wp-json\/wp\/v2\/tags?post=453277"}],"curies":[{"name":"wp","href":"https:\/\/api.w.org\/{rel}","templated":true}]}}