{"id":453278,"date":"2025-12-09T16:04:15","date_gmt":"2025-12-09T19:04:15","guid":{"rendered":"https:\/\/mrnews.com.br\/index.php\/2025\/12\/09\/camara-vota-hoje-projeto-da-dosimetria-a-condenados-por-atos-de-8-01\/"},"modified":"2025-12-09T16:04:15","modified_gmt":"2025-12-09T19:04:15","slug":"camara-vota-hoje-projeto-da-dosimetria-a-condenados-por-atos-de-8-01","status":"publish","type":"post","link":"https:\/\/mrnews.com.br\/index.php\/2025\/12\/09\/camara-vota-hoje-projeto-da-dosimetria-a-condenados-por-atos-de-8-01\/","title":{"rendered":"C\u00e2mara vota hoje projeto da dosimetria a condenados por atos de 8\/01"},"content":{"rendered":"<p>Por EBC, <\/p>\n<div>\n<p><strong>A C\u00e2mara dos Deputados deve votar nesta ter\u00e7a-feira\u00a0(9) o projeto de Lei (PL) 2162\/23 que pode reduzir penas para envolvidos com os atos golpistas, inclusive a do ex-presidente Jair Bolsonaro.<\/strong> O an\u00fancio da vota\u00e7\u00e3o do chamado PL da Dosimetria foi feita hoje\u00a0pelo presidente da C\u00e2mara dos Deputados, Hugo Motta (Republicanos-PB), ap\u00f3s a reuni\u00e3o de l\u00edderes partid\u00e1rios.<\/p>\n<p>O tema \u00e9 considerado pol\u00eamico. Inicialmente a proposta previa a anistia aos envolvidos direta ou indiretamente com manifesta\u00e7\u00f5es ocorridas desde o segundo turno das elei\u00e7\u00f5es de 2022 e que pretendiam evitar a posse de Luiz\u00a0In\u00e1cio Lula da Silva como presidente da Rep\u00fablica em 2023. Mas o relator, deputado Paulinho da For\u00e7a (Solidariedade-SP), defendeu uma alternativa, propondo a redu\u00e7\u00e3o nas penas aos envolvidos nos atos golpistas de 8 de janeiro de 2023. O projeto chegou a ter a urg\u00eancia aprovada, mas enfrentou resist\u00eancia e nunca foi a plen\u00e1rio.<\/p>\n<p><strong>Ao anunciar a pauta, Motta disse que a quest\u00e3o da anistia foi superada e que aguardou a conclus\u00e3o do processo legal dos r\u00e9us do N\u00facleo 1 da tentativa de golpe de Estado no Supremo Tribunal Federal (STF).<\/strong><\/p>\n<blockquote>\n<p>\u201cRespeitamos o devido processo legal do Supremo Tribunal Federal concluir o julgamento dessas pessoas que participaram desse ato do 8 de janeiro, at\u00e9 porque, para se tratar de alguma quest\u00e3o sobre essas penas n\u00f3s precisar\u00edamos ter o devido processo legal conclu\u00eddo\u201d, disse Motta.<\/p>\n<\/blockquote>\n<p>\u201cN\u00f3s j\u00e1 hav\u00edamos designado o deputado Paulinho da For\u00e7a como relator e vamos pautar no dia de hoje esse projeto que n\u00e3o tratar\u00e1 de anistia, mas sim de uma possibilidade de redu\u00e7\u00e3o de penas para essas pessoas que foram condenadas pelo atos de 8 de janeiro. Eu penso que o plen\u00e1rio da casa \u00e9 soberano para decidir sobre essas quest\u00f5es\u201d, concluiu.<\/p>\n<p><strong>O presidente da C\u00e2mara negou ainda ceder a press\u00f5es de aliados de Bolsonaro. <\/strong>Na sexta-feira (5), o filho do ex-presidente, senador Fl\u00e1vio Bolsonaro (PL-RJ), anunciou sua pr\u00e9-candidatura \u00e0 Presid\u00eancia da Rep\u00fablica. Na ocasi\u00e3o, o senador afirmou que a retirada de sua pr\u00e9-candidatura estaria condicionada \u00e0\u00a0vota\u00e7\u00e3o do projeto de anistia aos condenados pelos atos golpistas de 8 de janeiro.<\/p>\n<p>\u201cQuero aqui tamb\u00e9m deixar de p\u00fablico que a nossa decis\u00e3o foi tomada exclusivamente por vontade do presidente, que tem poder de pauta. Ela n\u00e3o foi tomada para atender a pedido de ningu\u00e9m. N\u00f3s entendemos que \u00e9 o momento onde a mat\u00e9ria est\u00e1 madura para ir ao plen\u00e1rio\u201d, afirmou Motta, que disse que o novo relat\u00f3rio da mat\u00e9ria ainda deve ser apresentado pelo relator.<\/p>\n<p>      <!-- Relacionada --><\/p>\n<p>            <!-- Relacionada -->\n    <\/div>\n","protected":false},"excerpt":{"rendered":"<p>Por EBC, A C\u00e2mara dos Deputados deve votar nesta ter\u00e7a-feira\u00a0(9) o projeto de Lei (PL) 2162\/23 que pode reduzir penas para envolvidos com os atos golpistas, inclusive a do ex-presidente Jair Bolsonaro. O an\u00fancio da vota\u00e7\u00e3o do chamado PL da Dosimetria foi feita hoje\u00a0pelo presidente da C\u00e2mara dos Deputados, Hugo Motta (Republicanos-PB), ap\u00f3s a reuni\u00e3o &hellip;<\/p>\n","protected":false},"author":1,"featured_media":0,"comment_status":"open","ping_status":"open","sticky":false,"template":"","format":"standard","meta":{"_jetpack_memberships_contains_paid_content":false,"footnotes":""},"categories":[2,12225,4],"tags":[],"class_list":["post-453278","post","type-post","status-publish","format-standard","hentry","category-entretenimento","category-noticias","category-servicos"],"yoast_head":"<!-- This site is optimized with the Yoast SEO plugin v27.4 - https:\/\/yoast.com\/product\/yoast-seo-wordpress\/ -->\n<title>C\u00e2mara vota hoje projeto da dosimetria a condenados por atos de 8\/01<\/title>\n<meta name=\"robots\" content=\"index, follow, max-snippet:-1, max-image-preview:large, max-video-preview:-1\" \/>\n<link rel=\"canonical\" href=\"https:\/\/mrnews.com.br\/index.php\/2025\/12\/09\/camara-vota-hoje-projeto-da-dosimetria-a-condenados-por-atos-de-8-01\/\" \/>\n<meta property=\"og:locale\" content=\"pt_BR\" \/>\n<meta property=\"og:type\" content=\"article\" \/>\n<meta property=\"og:title\" content=\"C\u00e2mara vota hoje projeto da dosimetria a condenados por atos de 8\/01\" \/>\n<meta property=\"og:description\" content=\"Por EBC, A C\u00e2mara dos Deputados deve votar nesta ter\u00e7a-feira\u00a0(9) o projeto de Lei (PL) 2162\/23 que pode reduzir penas para envolvidos com os atos golpistas, inclusive a do ex-presidente Jair Bolsonaro. O an\u00fancio da vota\u00e7\u00e3o do chamado PL da Dosimetria foi feita hoje\u00a0pelo presidente da C\u00e2mara dos Deputados, Hugo Motta (Republicanos-PB), ap\u00f3s a reuni\u00e3o &hellip;\" \/>\n<meta property=\"og:url\" content=\"https:\/\/mrnews.com.br\/index.php\/2025\/12\/09\/camara-vota-hoje-projeto-da-dosimetria-a-condenados-por-atos-de-8-01\/\" \/>\n<meta property=\"og:site_name\" content=\"MRNews\" \/>\n<meta property=\"article:publisher\" content=\"https:\/\/www.facebook.com\/eaipahpah\/?locale2=pt_BR\" \/>\n<meta property=\"article:published_time\" content=\"2025-12-09T19:04:15+00:00\" \/>\n<meta name=\"author\" content=\"MR News\" \/>\n<meta name=\"twitter:card\" content=\"summary_large_image\" \/>\n<meta name=\"twitter:creator\" content=\"@conspirou\" \/>\n<meta name=\"twitter:site\" content=\"@conspirou\" \/>\n<meta name=\"twitter:label1\" content=\"Escrito por\" \/>\n\t<meta name=\"twitter:data1\" content=\"MR News\" \/>\n\t<meta name=\"twitter:label2\" content=\"Est. tempo de leitura\" \/>\n\t<meta name=\"twitter:data2\" content=\"2 minutos\" \/>\n<script type=\"application\/ld+json\" class=\"yoast-schema-graph\">{\"@context\":\"https:\\\/\\\/schema.org\",\"@graph\":[{\"@type\":\"Article\",\"@id\":\"https:\\\/\\\/mrnews.com.br\\\/index.php\\\/2025\\\/12\\\/09\\\/camara-vota-hoje-projeto-da-dosimetria-a-condenados-por-atos-de-8-01\\\/#article\",\"isPartOf\":{\"@id\":\"https:\\\/\\\/mrnews.com.br\\\/index.php\\\/2025\\\/12\\\/09\\\/camara-vota-hoje-projeto-da-dosimetria-a-condenados-por-atos-de-8-01\\\/\"},\"author\":{\"name\":\"MR News\",\"@id\":\"https:\\\/\\\/mrnews.com.br\\\/#\\\/schema\\\/person\\\/be3203154562a9f207407861cef7827b\"},\"headline\":\"C\u00e2mara vota hoje projeto da dosimetria a condenados por atos de 8\\\/01\",\"datePublished\":\"2025-12-09T19:04:15+00:00\",\"mainEntityOfPage\":{\"@id\":\"https:\\\/\\\/mrnews.com.br\\\/index.php\\\/2025\\\/12\\\/09\\\/camara-vota-hoje-projeto-da-dosimetria-a-condenados-por-atos-de-8-01\\\/\"},\"wordCount\":460,\"commentCount\":0,\"publisher\":{\"@id\":\"https:\\\/\\\/mrnews.com.br\\\/#organization\"},\"articleSection\":[\"ENTRETENIMENTO\",\"NOTICIAS\",\"SERVI\u00c7OS\"],\"inLanguage\":\"pt-BR\",\"potentialAction\":[{\"@type\":\"CommentAction\",\"name\":\"Comment\",\"target\":[\"https:\\\/\\\/mrnews.com.br\\\/index.php\\\/2025\\\/12\\\/09\\\/camara-vota-hoje-projeto-da-dosimetria-a-condenados-por-atos-de-8-01\\\/#respond\"]}]},{\"@type\":\"WebPage\",\"@id\":\"https:\\\/\\\/mrnews.com.br\\\/index.php\\\/2025\\\/12\\\/09\\\/camara-vota-hoje-projeto-da-dosimetria-a-condenados-por-atos-de-8-01\\\/\",\"url\":\"https:\\\/\\\/mrnews.com.br\\\/index.php\\\/2025\\\/12\\\/09\\\/camara-vota-hoje-projeto-da-dosimetria-a-condenados-por-atos-de-8-01\\\/\",\"name\":\"C\u00e2mara vota hoje projeto da dosimetria a condenados por atos de 8\\\/01\",\"isPartOf\":{\"@id\":\"https:\\\/\\\/mrnews.com.br\\\/#website\"},\"datePublished\":\"2025-12-09T19:04:15+00:00\",\"breadcrumb\":{\"@id\":\"https:\\\/\\\/mrnews.com.br\\\/index.php\\\/2025\\\/12\\\/09\\\/camara-vota-hoje-projeto-da-dosimetria-a-condenados-por-atos-de-8-01\\\/#breadcrumb\"},\"inLanguage\":\"pt-BR\",\"potentialAction\":[{\"@type\":\"ReadAction\",\"target\":[\"https:\\\/\\\/mrnews.com.br\\\/index.php\\\/2025\\\/12\\\/09\\\/camara-vota-hoje-projeto-da-dosimetria-a-condenados-por-atos-de-8-01\\\/\"]}]},{\"@type\":\"BreadcrumbList\",\"@id\":\"https:\\\/\\\/mrnews.com.br\\\/index.php\\\/2025\\\/12\\\/09\\\/camara-vota-hoje-projeto-da-dosimetria-a-condenados-por-atos-de-8-01\\\/#breadcrumb\",\"itemListElement\":[{\"@type\":\"ListItem\",\"position\":1,\"name\":\"In\u00edcio\",\"item\":\"https:\\\/\\\/mrnews.com.br\\\/\"},{\"@type\":\"ListItem\",\"position\":2,\"name\":\"C\u00e2mara vota hoje projeto da dosimetria a condenados por atos de 8\\\/01\"}]},{\"@type\":\"WebSite\",\"@id\":\"https:\\\/\\\/mrnews.com.br\\\/#website\",\"url\":\"https:\\\/\\\/mrnews.com.br\\\/\",\"name\":\"MRNews\",\"description\":\"MRNews Jogos de hoje da TV, transmiss\u00f5es ao vivo, Not\u00edcias de futebol, Jogos ao vivo, Lives, resumo de novelas, Programa\u00e7\u00e3o da Globo, A Fazenda e BBB\",\"publisher\":{\"@id\":\"https:\\\/\\\/mrnews.com.br\\\/#organization\"},\"potentialAction\":[{\"@type\":\"SearchAction\",\"target\":{\"@type\":\"EntryPoint\",\"urlTemplate\":\"https:\\\/\\\/mrnews.com.br\\\/?s={search_term_string}\"},\"query-input\":{\"@type\":\"PropertyValueSpecification\",\"valueRequired\":true,\"valueName\":\"search_term_string\"}}],\"inLanguage\":\"pt-BR\"},{\"@type\":\"Organization\",\"@id\":\"https:\\\/\\\/mrnews.com.br\\\/#organization\",\"name\":\"MRNews\",\"url\":\"https:\\\/\\\/mrnews.com.br\\\/\",\"logo\":{\"@type\":\"ImageObject\",\"inLanguage\":\"pt-BR\",\"@id\":\"https:\\\/\\\/mrnews.com.br\\\/#\\\/schema\\\/logo\\\/image\\\/\",\"url\":\"https:\\\/\\\/mrnews.com.br\\\/wp-content\\\/uploads\\\/2019\\\/06\\\/MRNewslogo2.png\",\"contentUrl\":\"https:\\\/\\\/mrnews.com.br\\\/wp-content\\\/uploads\\\/2019\\\/06\\\/MRNewslogo2.png\",\"width\":223,\"height\":58,\"caption\":\"MRNews\"},\"image\":{\"@id\":\"https:\\\/\\\/mrnews.com.br\\\/#\\\/schema\\\/logo\\\/image\\\/\"},\"sameAs\":[\"https:\\\/\\\/www.facebook.com\\\/eaipahpah\\\/?locale2=pt_BR\",\"https:\\\/\\\/x.com\\\/conspirou\",\"https:\\\/\\\/www.instagram.com\\\/eai_pahpah\",\"https:\\\/\\\/br.pinterest.com\\\/mrnewsn\\\/boards\\\/\",\"https:\\\/\\\/www.youtube.com\\\/channel\\\/UCacgnpznQ61fifLWr1tQ-vA?view_as=subscriber\"]},{\"@type\":\"Person\",\"@id\":\"https:\\\/\\\/mrnews.com.br\\\/#\\\/schema\\\/person\\\/be3203154562a9f207407861cef7827b\",\"name\":\"MR News\",\"image\":{\"@type\":\"ImageObject\",\"inLanguage\":\"pt-BR\",\"@id\":\"https:\\\/\\\/secure.gravatar.com\\\/avatar\\\/04084e6d73c042b8646e7c17b494073bf0ede3ea13c7105cfc45cbbbc28385a4?s=96&d=monsterid&r=g\",\"url\":\"https:\\\/\\\/secure.gravatar.com\\\/avatar\\\/04084e6d73c042b8646e7c17b494073bf0ede3ea13c7105cfc45cbbbc28385a4?s=96&d=monsterid&r=g\",\"contentUrl\":\"https:\\\/\\\/secure.gravatar.com\\\/avatar\\\/04084e6d73c042b8646e7c17b494073bf0ede3ea13c7105cfc45cbbbc28385a4?s=96&d=monsterid&r=g\",\"caption\":\"MR News\"},\"description\":\"Especializado em jornalismo colaborativo pela FTP em n\u00edvel de p\u00f3s-gradua\u00e7\u00e3o. suporte@oimeliga.combr\",\"sameAs\":[\"HUGO R.\",\"Admin\"],\"url\":\"https:\\\/\\\/mrnews.com.br\\\/index.php\\\/author\\\/admin\\\/\"}]}<\/script>\n<!-- \/ Yoast SEO plugin. -->","yoast_head_json":{"title":"C\u00e2mara vota hoje projeto da dosimetria a condenados por atos de 8\/01","robots":{"index":"index","follow":"follow","max-snippet":"max-snippet:-1","max-image-preview":"max-image-preview:large","max-video-preview":"max-video-preview:-1"},"canonical":"https:\/\/mrnews.com.br\/index.php\/2025\/12\/09\/camara-vota-hoje-projeto-da-dosimetria-a-condenados-por-atos-de-8-01\/","og_locale":"pt_BR","og_type":"article","og_title":"C\u00e2mara vota hoje projeto da dosimetria a condenados por atos de 8\/01","og_description":"Por EBC, A C\u00e2mara dos Deputados deve votar nesta ter\u00e7a-feira\u00a0(9) o projeto de Lei (PL) 2162\/23 que pode reduzir penas para envolvidos com os atos golpistas, inclusive a do ex-presidente Jair Bolsonaro. O an\u00fancio da vota\u00e7\u00e3o do chamado PL da Dosimetria foi feita hoje\u00a0pelo presidente da C\u00e2mara dos Deputados, Hugo Motta (Republicanos-PB), ap\u00f3s a reuni\u00e3o &hellip;","og_url":"https:\/\/mrnews.com.br\/index.php\/2025\/12\/09\/camara-vota-hoje-projeto-da-dosimetria-a-condenados-por-atos-de-8-01\/","og_site_name":"MRNews","article_publisher":"https:\/\/www.facebook.com\/eaipahpah\/?locale2=pt_BR","article_published_time":"2025-12-09T19:04:15+00:00","author":"MR News","twitter_card":"summary_large_image","twitter_creator":"@conspirou","twitter_site":"@conspirou","twitter_misc":{"Escrito por":"MR News","Est. tempo de leitura":"2 minutos"},"schema":{"@context":"https:\/\/schema.org","@graph":[{"@type":"Article","@id":"https:\/\/mrnews.com.br\/index.php\/2025\/12\/09\/camara-vota-hoje-projeto-da-dosimetria-a-condenados-por-atos-de-8-01\/#article","isPartOf":{"@id":"https:\/\/mrnews.com.br\/index.php\/2025\/12\/09\/camara-vota-hoje-projeto-da-dosimetria-a-condenados-por-atos-de-8-01\/"},"author":{"name":"MR News","@id":"https:\/\/mrnews.com.br\/#\/schema\/person\/be3203154562a9f207407861cef7827b"},"headline":"C\u00e2mara vota hoje projeto da dosimetria a condenados por atos de 8\/01","datePublished":"2025-12-09T19:04:15+00:00","mainEntityOfPage":{"@id":"https:\/\/mrnews.com.br\/index.php\/2025\/12\/09\/camara-vota-hoje-projeto-da-dosimetria-a-condenados-por-atos-de-8-01\/"},"wordCount":460,"commentCount":0,"publisher":{"@id":"https:\/\/mrnews.com.br\/#organization"},"articleSection":["ENTRETENIMENTO","NOTICIAS","SERVI\u00c7OS"],"inLanguage":"pt-BR","potentialAction":[{"@type":"CommentAction","name":"Comment","target":["https:\/\/mrnews.com.br\/index.php\/2025\/12\/09\/camara-vota-hoje-projeto-da-dosimetria-a-condenados-por-atos-de-8-01\/#respond"]}]},{"@type":"WebPage","@id":"https:\/\/mrnews.com.br\/index.php\/2025\/12\/09\/camara-vota-hoje-projeto-da-dosimetria-a-condenados-por-atos-de-8-01\/","url":"https:\/\/mrnews.com.br\/index.php\/2025\/12\/09\/camara-vota-hoje-projeto-da-dosimetria-a-condenados-por-atos-de-8-01\/","name":"C\u00e2mara vota hoje projeto da dosimetria a condenados por atos de 8\/01","isPartOf":{"@id":"https:\/\/mrnews.com.br\/#website"},"datePublished":"2025-12-09T19:04:15+00:00","breadcrumb":{"@id":"https:\/\/mrnews.com.br\/index.php\/2025\/12\/09\/camara-vota-hoje-projeto-da-dosimetria-a-condenados-por-atos-de-8-01\/#breadcrumb"},"inLanguage":"pt-BR","potentialAction":[{"@type":"ReadAction","target":["https:\/\/mrnews.com.br\/index.php\/2025\/12\/09\/camara-vota-hoje-projeto-da-dosimetria-a-condenados-por-atos-de-8-01\/"]}]},{"@type":"BreadcrumbList","@id":"https:\/\/mrnews.com.br\/index.php\/2025\/12\/09\/camara-vota-hoje-projeto-da-dosimetria-a-condenados-por-atos-de-8-01\/#breadcrumb","itemListElement":[{"@type":"ListItem","position":1,"name":"In\u00edcio","item":"https:\/\/mrnews.com.br\/"},{"@type":"ListItem","position":2,"name":"C\u00e2mara vota hoje projeto da dosimetria a condenados por atos de 8\/01"}]},{"@type":"WebSite","@id":"https:\/\/mrnews.com.br\/#website","url":"https:\/\/mrnews.com.br\/","name":"MRNews","description":"MRNews Jogos de hoje da TV, transmiss\u00f5es ao vivo, Not\u00edcias de futebol, Jogos ao vivo, Lives, resumo de novelas, Programa\u00e7\u00e3o da Globo, A Fazenda e BBB","publisher":{"@id":"https:\/\/mrnews.com.br\/#organization"},"potentialAction":[{"@type":"SearchAction","target":{"@type":"EntryPoint","urlTemplate":"https:\/\/mrnews.com.br\/?s={search_term_string}"},"query-input":{"@type":"PropertyValueSpecification","valueRequired":true,"valueName":"search_term_string"}}],"inLanguage":"pt-BR"},{"@type":"Organization","@id":"https:\/\/mrnews.com.br\/#organization","name":"MRNews","url":"https:\/\/mrnews.com.br\/","logo":{"@type":"ImageObject","inLanguage":"pt-BR","@id":"https:\/\/mrnews.com.br\/#\/schema\/logo\/image\/","url":"https:\/\/mrnews.com.br\/wp-content\/uploads\/2019\/06\/MRNewslogo2.png","contentUrl":"https:\/\/mrnews.com.br\/wp-content\/uploads\/2019\/06\/MRNewslogo2.png","width":223,"height":58,"caption":"MRNews"},"image":{"@id":"https:\/\/mrnews.com.br\/#\/schema\/logo\/image\/"},"sameAs":["https:\/\/www.facebook.com\/eaipahpah\/?locale2=pt_BR","https:\/\/x.com\/conspirou","https:\/\/www.instagram.com\/eai_pahpah","https:\/\/br.pinterest.com\/mrnewsn\/boards\/","https:\/\/www.youtube.com\/channel\/UCacgnpznQ61fifLWr1tQ-vA?view_as=subscriber"]},{"@type":"Person","@id":"https:\/\/mrnews.com.br\/#\/schema\/person\/be3203154562a9f207407861cef7827b","name":"MR News","image":{"@type":"ImageObject","inLanguage":"pt-BR","@id":"https:\/\/secure.gravatar.com\/avatar\/04084e6d73c042b8646e7c17b494073bf0ede3ea13c7105cfc45cbbbc28385a4?s=96&d=monsterid&r=g","url":"https:\/\/secure.gravatar.com\/avatar\/04084e6d73c042b8646e7c17b494073bf0ede3ea13c7105cfc45cbbbc28385a4?s=96&d=monsterid&r=g","contentUrl":"https:\/\/secure.gravatar.com\/avatar\/04084e6d73c042b8646e7c17b494073bf0ede3ea13c7105cfc45cbbbc28385a4?s=96&d=monsterid&r=g","caption":"MR News"},"description":"Especializado em jornalismo colaborativo pela FTP em n\u00edvel de p\u00f3s-gradua\u00e7\u00e3o. suporte@oimeliga.combr","sameAs":["HUGO R.","Admin"],"url":"https:\/\/mrnews.com.br\/index.php\/author\/admin\/"}]}},"jetpack_featured_media_url":"","jetpack_sharing_enabled":true,"jetpack_shortlink":"https:\/\/wp.me\/pa2Qf7-1TUW","amp_enabled":true,"_links":{"self":[{"href":"https:\/\/mrnews.com.br\/index.php\/wp-json\/wp\/v2\/posts\/453278","targetHints":{"allow":["GET"]}}],"collection":[{"href":"https:\/\/mrnews.com.br\/index.php\/wp-json\/wp\/v2\/posts"}],"about":[{"href":"https:\/\/mrnews.com.br\/index.php\/wp-json\/wp\/v2\/types\/post"}],"author":[{"embeddable":true,"href":"https:\/\/mrnews.com.br\/index.php\/wp-json\/wp\/v2\/users\/1"}],"replies":[{"embeddable":true,"href":"https:\/\/mrnews.com.br\/index.php\/wp-json\/wp\/v2\/comments?post=453278"}],"version-history":[{"count":0,"href":"https:\/\/mrnews.com.br\/index.php\/wp-json\/wp\/v2\/posts\/453278\/revisions"}],"wp:attachment":[{"href":"https:\/\/mrnews.com.br\/index.php\/wp-json\/wp\/v2\/media?parent=453278"}],"wp:term":[{"taxonomy":"category","embeddable":true,"href":"https:\/\/mrnews.com.br\/index.php\/wp-json\/wp\/v2\/categories?post=453278"},{"taxonomy":"post_tag","embeddable":true,"href":"https:\/\/mrnews.com.br\/index.php\/wp-json\/wp\/v2\/tags?post=453278"}],"curies":[{"name":"wp","href":"https:\/\/api.w.org\/{rel}","templated":true}]}}