{"id":453281,"date":"2025-12-09T17:28:15","date_gmt":"2025-12-09T20:28:15","guid":{"rendered":"https:\/\/mrnews.com.br\/index.php\/2025\/12\/09\/pec-relator-quer-proibir-bloqueio-de-verbas-para-area-da-seguranca\/"},"modified":"2025-12-09T17:28:15","modified_gmt":"2025-12-09T20:28:15","slug":"pec-relator-quer-proibir-bloqueio-de-verbas-para-area-da-seguranca","status":"publish","type":"post","link":"https:\/\/mrnews.com.br\/index.php\/2025\/12\/09\/pec-relator-quer-proibir-bloqueio-de-verbas-para-area-da-seguranca\/","title":{"rendered":"PEC: relator quer proibir bloqueio de verbas para \u00e1rea da seguran\u00e7a"},"content":{"rendered":"<p>Por EBC, <\/p>\n<div>\n<p>O relator da Proposta de Emenda \u00e0 Constitui\u00e7\u00e3o (PEC) da Seguran\u00e7a P\u00fablica, deputado Mendon\u00e7a Filho (Uni\u00e3o-PE), quer proibir o bloqueio ou contingenciamento de recursos da Uni\u00e3o destinados \u00e0 \u00e1rea da seguran\u00e7a.\u00a0<strong>A previs\u00e3o \u00e9 que o parecer da PEC 18 de 2025 seja lido nesta quarta-feira (10), na Comiss\u00e3o Especial<\/strong>.<\/p>\n<p>Segundo o relator informou nesta ter\u00e7a-feira (9), a proposta amplia as fontes de financiamento para o \u00e1rea da seguran\u00e7a e, conforme previa o texto original do Executivo, constitucionaliza os Fundos Nacionais de Seguran\u00e7a P\u00fablica (FNSP) e o Fundo Nacional Penitenci\u00e1rio (Funpen).<\/p>\n<blockquote>\n<p>\u201cO Fundo Nacional de Seguran\u00e7a P\u00fablica vai executar, em 2025, menos de 1% de tudo que \u00e9 investido em seguran\u00e7a p\u00fablica no Brasil. Isso n\u00e3o \u00e9 nada. \u00c9 rid\u00edculo. Como \u00e9 que voc\u00ea vai fazer seguran\u00e7a p\u00fablica sem recursos? \u00c9 imposs\u00edvel\u201d, afirmou Mendon\u00e7a Filho. \u00a0<\/p>\n<\/blockquote>\n<p><strong>Em audi\u00eancia p\u00fablica no Senado nesta ter\u00e7a-feira (9), o ministro da Justi\u00e7a e Seguran\u00e7a P\u00fablica (MJSP), Ricardo Lewandowski, destacou que o baixo recurso or\u00e7ament\u00e1rio \u00e9 uma das principais dificuldades da Uni\u00e3o para combater o crime<\/strong>.\u00a0<\/p>\n<h2>Parecer do relator<\/h2>\n<p>Mendon\u00e7a Filho apresentou aos l\u00edderes partid\u00e1rios, nesta ter\u00e7a-feira (9), os \u201cprinc\u00edpios\u201d do seu parecer, dividindo o relat\u00f3rio em quatro pilares principais: pol\u00edtica criminal; sistema policial; sistema prisional e pol\u00edtica de seguran\u00e7a.<\/p>\n<p><strong>Por\u00e9m, o parecer final do deputado ainda n\u00e3o foi divulgado e a leitura do relat\u00f3rio foi marcada para esta quarta-feira (10) na Comiss\u00e3o Especial da PEC 18 de 2025<\/strong>.<\/p>\n<p>Ainda segundo Mendon\u00e7a, a PEC prop\u00f5e o fim da progress\u00e3o de pena para integrantes de fac\u00e7\u00f5es e mil\u00edcias ou autores de crimes violentos. Com isso, esses presos teriam que cumprir 100% da pena em regime fechado.<\/p>\n<p><strong>A PEC tamb\u00e9m autorizaria os estados e Distrito Federal a legislarem em temas de seguran\u00e7a p\u00fablica e, segundo o relator, rejeita o modelo proposto pelo Executivo para integra\u00e7\u00e3o das for\u00e7as de seguran\u00e7a, considerado \u201ccentralizador\u201d pelo deputado<\/strong>.<\/p>\n<h2>Coopera\u00e7\u00e3o federativa<\/h2>\n<p>Enviada originalmente pelo Executivo em abril deste ano, a PEC 18 de 2025 vinha sofrendo resist\u00eancias no Parlamento e por parte de governadores, em especial, contra dispositivo que atribui \u00e0 Uni\u00e3o a elabora\u00e7\u00e3o do plano nacional de seguran\u00e7a p\u00fablica que dever\u00e1 ser observado pelos estados e Distrito Federal.\u00a0<\/p>\n<p><strong>O relator Mendon\u00e7a Filho, de oposi\u00e7\u00e3o ao governo, informou que rejeitou a linha central do texto original enviado pelo governo Luiz In\u00e1cio Lula da Silva que, segundo ele, centralizava a seguran\u00e7a p\u00fablica na Uni\u00e3o<\/strong>.<\/p>\n<blockquote>\n<p>\u201cO nosso texto trabalha a governan\u00e7a federativa mais articulada, coopera\u00e7\u00e3o interag\u00eancias e o fortalecimento da prote\u00e7\u00e3o \u00e0 sociedade. Garantimos a autonomia dos estados. Nenhum pa\u00eds de dimens\u00f5es continentais tem centraliza\u00e7\u00e3o de seguran\u00e7a\u201d, defendeu Mendon\u00e7a.<\/p>\n<\/blockquote>\n<p>O governo federal nega que a PEC original promovesse qualquer centraliza\u00e7\u00e3o e sempre defendeu que o texto foi constru\u00eddo para integrar as for\u00e7as de seguran\u00e7a, mantendo a autonomia dos estados.<\/p>\n<p><strong>O texto original do Executivo afirma que a Uni\u00e3o seria a respons\u00e1vel por elaborar a pol\u00edtica nacional de seguran\u00e7a p\u00fablic<\/strong>a, \u201ccujas diretrizes ser\u00e3o de observ\u00e2ncia obrigat\u00f3ria por parte dos entes federados, ouvido o Conselho Nacional de Seguran\u00e7a P\u00fablica e Defesa Social, integrado por representantes da Uni\u00e3o, dos Estados, do Distrito Federal e dos Munic\u00edpios\u201d.\u00a0<\/p>\n<p>Em entrevista \u00e0<strong> Ag\u00eancia Brasil<\/strong>, o policial federal e conselheiro do F\u00f3rum Brasileiro de Seguran\u00e7a P\u00fablica, Roberto Uch\u00f4a, defendeu que \u00e9 preciso colocar o governo federal na lideran\u00e7a do combate \u00e0s fac\u00e7\u00f5es criminosas e organiza\u00e7\u00f5es hoje transnacionais.<\/p>\n<blockquote>\n<p>\u201cJ\u00e1 ficou mais do que evidente que os governos estaduais, todos eles, n\u00e3o conseguem mais resolver sozinhos os seus problemas de seguran\u00e7a p\u00fablica. N\u00e3o \u00e9 sobre tirar a autonomia dos estados, \u00e9 liderar um processo que pode envolver, por exemplo, em uma investiga\u00e7\u00e3o, dois, tr\u00eas, quatro estados\u201d, explicou.<\/p>\n<\/blockquote>\n<h2>Maioridade penal<\/h2>\n<p><strong>O relator da PEC da Seguran\u00e7a afirmou ainda que quer incluir no texto da proposta de emenda constitucional a previs\u00e3o de um referendo, a ser realizado em 2028, para redu\u00e7\u00e3o da maioridade penal, de 18 para 16 anos, para autores de crimes violentos, hediondos ou para membros de fac\u00e7\u00f5es<\/strong>.<\/p>\n<p>\u201cEsse \u00e9 um tema que j\u00e1 foi debatido, foi votado na C\u00e2mara dos Deputados, mas n\u00e3o avan\u00e7ou no Senado. Ent\u00e3o, nada melhor do que a popula\u00e7\u00e3o possa responder a essa tese\u201d, afirmou o parlamentar a jornalistas.<\/p>\n<p>Em outubro deste ano, o Senado aprovou e enviou \u00e0 C\u00e2mara projeto que, sem reduzir a maioridade penal, aumenta o tempo de interna\u00e7\u00e3o de jovens em conflito com a lei, dos atuais tr\u00eas anos de interna\u00e7\u00e3o, para at\u00e9 dez anos de priva\u00e7\u00e3o de liberdade.<\/p>\n<p>Segundo a assessoria do parlamentar, a previs\u00e3o do referendo ainda est\u00e1 em discuss\u00e3o com os l\u00edderes para definir se entra, ou n\u00e3o, no relat\u00f3rio final a ser lido amanh\u00e3 na Comiss\u00e3o Especial.<\/p>\n<p>      <!-- Relacionada --><\/p>\n<p>            <!-- Relacionada -->\n    <\/div>\n","protected":false},"excerpt":{"rendered":"<p>Por EBC, O relator da Proposta de Emenda \u00e0 Constitui\u00e7\u00e3o (PEC) da Seguran\u00e7a P\u00fablica, deputado Mendon\u00e7a Filho (Uni\u00e3o-PE), quer proibir o bloqueio ou contingenciamento de recursos da Uni\u00e3o destinados \u00e0 \u00e1rea da seguran\u00e7a.\u00a0A previs\u00e3o \u00e9 que o parecer da PEC 18 de 2025 seja lido nesta quarta-feira (10), na Comiss\u00e3o Especial. Segundo o relator informou &hellip;<\/p>\n","protected":false},"author":1,"featured_media":0,"comment_status":"open","ping_status":"open","sticky":false,"template":"","format":"standard","meta":{"_jetpack_memberships_contains_paid_content":false,"footnotes":""},"categories":[2,12225,4],"tags":[],"class_list":["post-453281","post","type-post","status-publish","format-standard","hentry","category-entretenimento","category-noticias","category-servicos"],"yoast_head":"<!-- This site is optimized with the Yoast SEO plugin v27.5 - https:\/\/yoast.com\/product\/yoast-seo-wordpress\/ -->\n<title>PEC: relator quer proibir bloqueio de verbas para \u00e1rea da seguran\u00e7a<\/title>\n<meta name=\"robots\" content=\"index, follow, max-snippet:-1, max-image-preview:large, max-video-preview:-1\" \/>\n<link rel=\"canonical\" href=\"https:\/\/mrnews.com.br\/index.php\/2025\/12\/09\/pec-relator-quer-proibir-bloqueio-de-verbas-para-area-da-seguranca\/\" \/>\n<meta property=\"og:locale\" content=\"pt_BR\" \/>\n<meta property=\"og:type\" content=\"article\" \/>\n<meta property=\"og:title\" content=\"PEC: relator quer proibir bloqueio de verbas para \u00e1rea da seguran\u00e7a\" \/>\n<meta property=\"og:description\" content=\"Por EBC, O relator da Proposta de Emenda \u00e0 Constitui\u00e7\u00e3o (PEC) da Seguran\u00e7a P\u00fablica, deputado Mendon\u00e7a Filho (Uni\u00e3o-PE), quer proibir o bloqueio ou contingenciamento de recursos da Uni\u00e3o destinados \u00e0 \u00e1rea da seguran\u00e7a.\u00a0A previs\u00e3o \u00e9 que o parecer da PEC 18 de 2025 seja lido nesta quarta-feira (10), na Comiss\u00e3o Especial. Segundo o relator informou &hellip;\" \/>\n<meta property=\"og:url\" content=\"https:\/\/mrnews.com.br\/index.php\/2025\/12\/09\/pec-relator-quer-proibir-bloqueio-de-verbas-para-area-da-seguranca\/\" \/>\n<meta property=\"og:site_name\" content=\"MRNews\" \/>\n<meta property=\"article:publisher\" content=\"https:\/\/www.facebook.com\/eaipahpah\/?locale2=pt_BR\" \/>\n<meta property=\"article:published_time\" content=\"2025-12-09T20:28:15+00:00\" \/>\n<meta name=\"author\" content=\"MR News\" \/>\n<meta name=\"twitter:card\" content=\"summary_large_image\" \/>\n<meta name=\"twitter:creator\" content=\"@conspirou\" \/>\n<meta name=\"twitter:site\" content=\"@conspirou\" \/>\n<meta name=\"twitter:label1\" content=\"Escrito por\" \/>\n\t<meta name=\"twitter:data1\" content=\"MR News\" \/>\n\t<meta name=\"twitter:label2\" content=\"Est. tempo de leitura\" \/>\n\t<meta name=\"twitter:data2\" content=\"4 minutos\" \/>\n<script type=\"application\/ld+json\" class=\"yoast-schema-graph\">{\"@context\":\"https:\\\/\\\/schema.org\",\"@graph\":[{\"@type\":\"Article\",\"@id\":\"https:\\\/\\\/mrnews.com.br\\\/index.php\\\/2025\\\/12\\\/09\\\/pec-relator-quer-proibir-bloqueio-de-verbas-para-area-da-seguranca\\\/#article\",\"isPartOf\":{\"@id\":\"https:\\\/\\\/mrnews.com.br\\\/index.php\\\/2025\\\/12\\\/09\\\/pec-relator-quer-proibir-bloqueio-de-verbas-para-area-da-seguranca\\\/\"},\"author\":{\"name\":\"MR News\",\"@id\":\"https:\\\/\\\/mrnews.com.br\\\/#\\\/schema\\\/person\\\/be3203154562a9f207407861cef7827b\"},\"headline\":\"PEC: relator quer proibir bloqueio de verbas para \u00e1rea da seguran\u00e7a\",\"datePublished\":\"2025-12-09T20:28:15+00:00\",\"mainEntityOfPage\":{\"@id\":\"https:\\\/\\\/mrnews.com.br\\\/index.php\\\/2025\\\/12\\\/09\\\/pec-relator-quer-proibir-bloqueio-de-verbas-para-area-da-seguranca\\\/\"},\"wordCount\":863,\"commentCount\":0,\"publisher\":{\"@id\":\"https:\\\/\\\/mrnews.com.br\\\/#organization\"},\"articleSection\":[\"ENTRETENIMENTO\",\"NOTICIAS\",\"SERVI\u00c7OS\"],\"inLanguage\":\"pt-BR\",\"potentialAction\":[{\"@type\":\"CommentAction\",\"name\":\"Comment\",\"target\":[\"https:\\\/\\\/mrnews.com.br\\\/index.php\\\/2025\\\/12\\\/09\\\/pec-relator-quer-proibir-bloqueio-de-verbas-para-area-da-seguranca\\\/#respond\"]}]},{\"@type\":\"WebPage\",\"@id\":\"https:\\\/\\\/mrnews.com.br\\\/index.php\\\/2025\\\/12\\\/09\\\/pec-relator-quer-proibir-bloqueio-de-verbas-para-area-da-seguranca\\\/\",\"url\":\"https:\\\/\\\/mrnews.com.br\\\/index.php\\\/2025\\\/12\\\/09\\\/pec-relator-quer-proibir-bloqueio-de-verbas-para-area-da-seguranca\\\/\",\"name\":\"PEC: relator quer proibir bloqueio de verbas para \u00e1rea da seguran\u00e7a\",\"isPartOf\":{\"@id\":\"https:\\\/\\\/mrnews.com.br\\\/#website\"},\"datePublished\":\"2025-12-09T20:28:15+00:00\",\"breadcrumb\":{\"@id\":\"https:\\\/\\\/mrnews.com.br\\\/index.php\\\/2025\\\/12\\\/09\\\/pec-relator-quer-proibir-bloqueio-de-verbas-para-area-da-seguranca\\\/#breadcrumb\"},\"inLanguage\":\"pt-BR\",\"potentialAction\":[{\"@type\":\"ReadAction\",\"target\":[\"https:\\\/\\\/mrnews.com.br\\\/index.php\\\/2025\\\/12\\\/09\\\/pec-relator-quer-proibir-bloqueio-de-verbas-para-area-da-seguranca\\\/\"]}]},{\"@type\":\"BreadcrumbList\",\"@id\":\"https:\\\/\\\/mrnews.com.br\\\/index.php\\\/2025\\\/12\\\/09\\\/pec-relator-quer-proibir-bloqueio-de-verbas-para-area-da-seguranca\\\/#breadcrumb\",\"itemListElement\":[{\"@type\":\"ListItem\",\"position\":1,\"name\":\"In\u00edcio\",\"item\":\"https:\\\/\\\/mrnews.com.br\\\/\"},{\"@type\":\"ListItem\",\"position\":2,\"name\":\"PEC: relator quer proibir bloqueio de verbas para \u00e1rea da seguran\u00e7a\"}]},{\"@type\":\"WebSite\",\"@id\":\"https:\\\/\\\/mrnews.com.br\\\/#website\",\"url\":\"https:\\\/\\\/mrnews.com.br\\\/\",\"name\":\"MRNews\",\"description\":\"MRNews Jogos de hoje da TV, transmiss\u00f5es ao vivo, Not\u00edcias de futebol, Jogos ao vivo, Lives, resumo de novelas, Programa\u00e7\u00e3o da Globo, A Fazenda e BBB\",\"publisher\":{\"@id\":\"https:\\\/\\\/mrnews.com.br\\\/#organization\"},\"potentialAction\":[{\"@type\":\"SearchAction\",\"target\":{\"@type\":\"EntryPoint\",\"urlTemplate\":\"https:\\\/\\\/mrnews.com.br\\\/?s={search_term_string}\"},\"query-input\":{\"@type\":\"PropertyValueSpecification\",\"valueRequired\":true,\"valueName\":\"search_term_string\"}}],\"inLanguage\":\"pt-BR\"},{\"@type\":\"Organization\",\"@id\":\"https:\\\/\\\/mrnews.com.br\\\/#organization\",\"name\":\"MRNews\",\"url\":\"https:\\\/\\\/mrnews.com.br\\\/\",\"logo\":{\"@type\":\"ImageObject\",\"inLanguage\":\"pt-BR\",\"@id\":\"https:\\\/\\\/mrnews.com.br\\\/#\\\/schema\\\/logo\\\/image\\\/\",\"url\":\"https:\\\/\\\/mrnews.com.br\\\/wp-content\\\/uploads\\\/2019\\\/06\\\/MRNewslogo2.png\",\"contentUrl\":\"https:\\\/\\\/mrnews.com.br\\\/wp-content\\\/uploads\\\/2019\\\/06\\\/MRNewslogo2.png\",\"width\":223,\"height\":58,\"caption\":\"MRNews\"},\"image\":{\"@id\":\"https:\\\/\\\/mrnews.com.br\\\/#\\\/schema\\\/logo\\\/image\\\/\"},\"sameAs\":[\"https:\\\/\\\/www.facebook.com\\\/eaipahpah\\\/?locale2=pt_BR\",\"https:\\\/\\\/x.com\\\/conspirou\",\"https:\\\/\\\/www.instagram.com\\\/eai_pahpah\",\"https:\\\/\\\/br.pinterest.com\\\/mrnewsn\\\/boards\\\/\",\"https:\\\/\\\/www.youtube.com\\\/channel\\\/UCacgnpznQ61fifLWr1tQ-vA?view_as=subscriber\"]},{\"@type\":\"Person\",\"@id\":\"https:\\\/\\\/mrnews.com.br\\\/#\\\/schema\\\/person\\\/be3203154562a9f207407861cef7827b\",\"name\":\"MR News\",\"image\":{\"@type\":\"ImageObject\",\"inLanguage\":\"pt-BR\",\"@id\":\"https:\\\/\\\/secure.gravatar.com\\\/avatar\\\/04084e6d73c042b8646e7c17b494073bf0ede3ea13c7105cfc45cbbbc28385a4?s=96&d=monsterid&r=g\",\"url\":\"https:\\\/\\\/secure.gravatar.com\\\/avatar\\\/04084e6d73c042b8646e7c17b494073bf0ede3ea13c7105cfc45cbbbc28385a4?s=96&d=monsterid&r=g\",\"contentUrl\":\"https:\\\/\\\/secure.gravatar.com\\\/avatar\\\/04084e6d73c042b8646e7c17b494073bf0ede3ea13c7105cfc45cbbbc28385a4?s=96&d=monsterid&r=g\",\"caption\":\"MR News\"},\"description\":\"Especializado em jornalismo colaborativo pela FTP em n\u00edvel de p\u00f3s-gradua\u00e7\u00e3o. suporte@oimeliga.combr\",\"sameAs\":[\"HUGO R.\",\"Admin\"],\"url\":\"https:\\\/\\\/mrnews.com.br\\\/index.php\\\/author\\\/admin\\\/\"}]}<\/script>\n<!-- \/ Yoast SEO plugin. -->","yoast_head_json":{"title":"PEC: relator quer proibir bloqueio de verbas para \u00e1rea da seguran\u00e7a","robots":{"index":"index","follow":"follow","max-snippet":"max-snippet:-1","max-image-preview":"max-image-preview:large","max-video-preview":"max-video-preview:-1"},"canonical":"https:\/\/mrnews.com.br\/index.php\/2025\/12\/09\/pec-relator-quer-proibir-bloqueio-de-verbas-para-area-da-seguranca\/","og_locale":"pt_BR","og_type":"article","og_title":"PEC: relator quer proibir bloqueio de verbas para \u00e1rea da seguran\u00e7a","og_description":"Por EBC, O relator da Proposta de Emenda \u00e0 Constitui\u00e7\u00e3o (PEC) da Seguran\u00e7a P\u00fablica, deputado Mendon\u00e7a Filho (Uni\u00e3o-PE), quer proibir o bloqueio ou contingenciamento de recursos da Uni\u00e3o destinados \u00e0 \u00e1rea da seguran\u00e7a.\u00a0A previs\u00e3o \u00e9 que o parecer da PEC 18 de 2025 seja lido nesta quarta-feira (10), na Comiss\u00e3o Especial. Segundo o relator informou &hellip;","og_url":"https:\/\/mrnews.com.br\/index.php\/2025\/12\/09\/pec-relator-quer-proibir-bloqueio-de-verbas-para-area-da-seguranca\/","og_site_name":"MRNews","article_publisher":"https:\/\/www.facebook.com\/eaipahpah\/?locale2=pt_BR","article_published_time":"2025-12-09T20:28:15+00:00","author":"MR News","twitter_card":"summary_large_image","twitter_creator":"@conspirou","twitter_site":"@conspirou","twitter_misc":{"Escrito por":"MR News","Est. tempo de leitura":"4 minutos"},"schema":{"@context":"https:\/\/schema.org","@graph":[{"@type":"Article","@id":"https:\/\/mrnews.com.br\/index.php\/2025\/12\/09\/pec-relator-quer-proibir-bloqueio-de-verbas-para-area-da-seguranca\/#article","isPartOf":{"@id":"https:\/\/mrnews.com.br\/index.php\/2025\/12\/09\/pec-relator-quer-proibir-bloqueio-de-verbas-para-area-da-seguranca\/"},"author":{"name":"MR News","@id":"https:\/\/mrnews.com.br\/#\/schema\/person\/be3203154562a9f207407861cef7827b"},"headline":"PEC: relator quer proibir bloqueio de verbas para \u00e1rea da seguran\u00e7a","datePublished":"2025-12-09T20:28:15+00:00","mainEntityOfPage":{"@id":"https:\/\/mrnews.com.br\/index.php\/2025\/12\/09\/pec-relator-quer-proibir-bloqueio-de-verbas-para-area-da-seguranca\/"},"wordCount":863,"commentCount":0,"publisher":{"@id":"https:\/\/mrnews.com.br\/#organization"},"articleSection":["ENTRETENIMENTO","NOTICIAS","SERVI\u00c7OS"],"inLanguage":"pt-BR","potentialAction":[{"@type":"CommentAction","name":"Comment","target":["https:\/\/mrnews.com.br\/index.php\/2025\/12\/09\/pec-relator-quer-proibir-bloqueio-de-verbas-para-area-da-seguranca\/#respond"]}]},{"@type":"WebPage","@id":"https:\/\/mrnews.com.br\/index.php\/2025\/12\/09\/pec-relator-quer-proibir-bloqueio-de-verbas-para-area-da-seguranca\/","url":"https:\/\/mrnews.com.br\/index.php\/2025\/12\/09\/pec-relator-quer-proibir-bloqueio-de-verbas-para-area-da-seguranca\/","name":"PEC: relator quer proibir bloqueio de verbas para \u00e1rea da seguran\u00e7a","isPartOf":{"@id":"https:\/\/mrnews.com.br\/#website"},"datePublished":"2025-12-09T20:28:15+00:00","breadcrumb":{"@id":"https:\/\/mrnews.com.br\/index.php\/2025\/12\/09\/pec-relator-quer-proibir-bloqueio-de-verbas-para-area-da-seguranca\/#breadcrumb"},"inLanguage":"pt-BR","potentialAction":[{"@type":"ReadAction","target":["https:\/\/mrnews.com.br\/index.php\/2025\/12\/09\/pec-relator-quer-proibir-bloqueio-de-verbas-para-area-da-seguranca\/"]}]},{"@type":"BreadcrumbList","@id":"https:\/\/mrnews.com.br\/index.php\/2025\/12\/09\/pec-relator-quer-proibir-bloqueio-de-verbas-para-area-da-seguranca\/#breadcrumb","itemListElement":[{"@type":"ListItem","position":1,"name":"In\u00edcio","item":"https:\/\/mrnews.com.br\/"},{"@type":"ListItem","position":2,"name":"PEC: relator quer proibir bloqueio de verbas para \u00e1rea da seguran\u00e7a"}]},{"@type":"WebSite","@id":"https:\/\/mrnews.com.br\/#website","url":"https:\/\/mrnews.com.br\/","name":"MRNews","description":"MRNews Jogos de hoje da TV, transmiss\u00f5es ao vivo, Not\u00edcias de futebol, Jogos ao vivo, Lives, resumo de novelas, Programa\u00e7\u00e3o da Globo, A Fazenda e BBB","publisher":{"@id":"https:\/\/mrnews.com.br\/#organization"},"potentialAction":[{"@type":"SearchAction","target":{"@type":"EntryPoint","urlTemplate":"https:\/\/mrnews.com.br\/?s={search_term_string}"},"query-input":{"@type":"PropertyValueSpecification","valueRequired":true,"valueName":"search_term_string"}}],"inLanguage":"pt-BR"},{"@type":"Organization","@id":"https:\/\/mrnews.com.br\/#organization","name":"MRNews","url":"https:\/\/mrnews.com.br\/","logo":{"@type":"ImageObject","inLanguage":"pt-BR","@id":"https:\/\/mrnews.com.br\/#\/schema\/logo\/image\/","url":"https:\/\/mrnews.com.br\/wp-content\/uploads\/2019\/06\/MRNewslogo2.png","contentUrl":"https:\/\/mrnews.com.br\/wp-content\/uploads\/2019\/06\/MRNewslogo2.png","width":223,"height":58,"caption":"MRNews"},"image":{"@id":"https:\/\/mrnews.com.br\/#\/schema\/logo\/image\/"},"sameAs":["https:\/\/www.facebook.com\/eaipahpah\/?locale2=pt_BR","https:\/\/x.com\/conspirou","https:\/\/www.instagram.com\/eai_pahpah","https:\/\/br.pinterest.com\/mrnewsn\/boards\/","https:\/\/www.youtube.com\/channel\/UCacgnpznQ61fifLWr1tQ-vA?view_as=subscriber"]},{"@type":"Person","@id":"https:\/\/mrnews.com.br\/#\/schema\/person\/be3203154562a9f207407861cef7827b","name":"MR News","image":{"@type":"ImageObject","inLanguage":"pt-BR","@id":"https:\/\/secure.gravatar.com\/avatar\/04084e6d73c042b8646e7c17b494073bf0ede3ea13c7105cfc45cbbbc28385a4?s=96&d=monsterid&r=g","url":"https:\/\/secure.gravatar.com\/avatar\/04084e6d73c042b8646e7c17b494073bf0ede3ea13c7105cfc45cbbbc28385a4?s=96&d=monsterid&r=g","contentUrl":"https:\/\/secure.gravatar.com\/avatar\/04084e6d73c042b8646e7c17b494073bf0ede3ea13c7105cfc45cbbbc28385a4?s=96&d=monsterid&r=g","caption":"MR News"},"description":"Especializado em jornalismo colaborativo pela FTP em n\u00edvel de p\u00f3s-gradua\u00e7\u00e3o. suporte@oimeliga.combr","sameAs":["HUGO R.","Admin"],"url":"https:\/\/mrnews.com.br\/index.php\/author\/admin\/"}]}},"jetpack_featured_media_url":"","jetpack_sharing_enabled":true,"jetpack_shortlink":"https:\/\/wp.me\/pa2Qf7-1TUZ","amp_enabled":true,"_links":{"self":[{"href":"https:\/\/mrnews.com.br\/index.php\/wp-json\/wp\/v2\/posts\/453281","targetHints":{"allow":["GET"]}}],"collection":[{"href":"https:\/\/mrnews.com.br\/index.php\/wp-json\/wp\/v2\/posts"}],"about":[{"href":"https:\/\/mrnews.com.br\/index.php\/wp-json\/wp\/v2\/types\/post"}],"author":[{"embeddable":true,"href":"https:\/\/mrnews.com.br\/index.php\/wp-json\/wp\/v2\/users\/1"}],"replies":[{"embeddable":true,"href":"https:\/\/mrnews.com.br\/index.php\/wp-json\/wp\/v2\/comments?post=453281"}],"version-history":[{"count":0,"href":"https:\/\/mrnews.com.br\/index.php\/wp-json\/wp\/v2\/posts\/453281\/revisions"}],"wp:attachment":[{"href":"https:\/\/mrnews.com.br\/index.php\/wp-json\/wp\/v2\/media?parent=453281"}],"wp:term":[{"taxonomy":"category","embeddable":true,"href":"https:\/\/mrnews.com.br\/index.php\/wp-json\/wp\/v2\/categories?post=453281"},{"taxonomy":"post_tag","embeddable":true,"href":"https:\/\/mrnews.com.br\/index.php\/wp-json\/wp\/v2\/tags?post=453281"}],"curies":[{"name":"wp","href":"https:\/\/api.w.org\/{rel}","templated":true}]}}