{"id":453287,"date":"2025-12-09T20:16:14","date_gmt":"2025-12-09T23:16:14","guid":{"rendered":"https:\/\/mrnews.com.br\/index.php\/2025\/12\/09\/stf-encerra-primeiro-dia-do-julgamento-do-nucleo-2-da-trama-golpista\/"},"modified":"2025-12-09T20:16:14","modified_gmt":"2025-12-09T23:16:14","slug":"stf-encerra-primeiro-dia-do-julgamento-do-nucleo-2-da-trama-golpista","status":"publish","type":"post","link":"https:\/\/mrnews.com.br\/index.php\/2025\/12\/09\/stf-encerra-primeiro-dia-do-julgamento-do-nucleo-2-da-trama-golpista\/","title":{"rendered":"STF encerra primeiro dia do julgamento do N\u00facleo 2 da trama golpista"},"content":{"rendered":"<p>Por EBC, <\/p>\n<div>\n<p><strong>O Supremo Tribunal Federal (STF) encerrou o primeiro dia do julgamento que pode condenar seis r\u00e9us do n\u00facleo 2 da trama golpista ocorrida durante o governo do ex-presidente Jair Bolsonaro.\u00a0<\/strong><\/p>\n<p>A sess\u00e3o ser\u00e1 retomada na pr\u00f3xima ter\u00e7a-feira (16), quando os ministros v\u00e3o come\u00e7ar a vota\u00e7\u00e3o que vai decidir se os r\u00e9us ser\u00e3o condenados ou absolvidos.\u00a0<\/p>\n<p>O julgamento \u00e9 realizado de forma presencial pela Primeira Turma da Corte. Os ministros Alexandre de Moraes, relator da a\u00e7\u00e3o penal, Fl\u00e1vio Dino, Cristiano Zanin e C\u00e1rmen L\u00facia fazem parte do colegiado.<\/p>\n<p><strong>A a\u00e7\u00e3o penal envolve Filipe Martins, ex-assessor de Assuntos Internacionais do ex- presidente Jair Bolsonaro; Marcelo C\u00e2mara, ex-assessor de Bolsonaro; Silvinei Vasques, ex-diretor da Pol\u00edcia Rodovi\u00e1ria Federal (PRF); M\u00e1rio Fernandes, general da reserva do Ex\u00e9rcito; Mar\u00edlia de Alencar, ex-diretora de Intelig\u00eancia do Minist\u00e9rio da Justi\u00e7a e Fernando de Sousa Oliveira, ex-diretor de Opera\u00e7\u00f5es do Minist\u00e9rio da Justi\u00e7a.<\/strong><\/p>\n<p><strong>Os r\u00e9us s\u00e3o acusados pelos crimes de organiza\u00e7\u00e3o criminosa armada, tentativa de aboli\u00e7\u00e3o violenta do Estado Democr\u00e1tico de Direito, golpe de Estado, dano qualificado pela viol\u00eancia e grave amea\u00e7a e deteriora\u00e7\u00e3o de patrim\u00f4nio tombado.<\/strong><\/p>\n<h2>Sess\u00e3o<\/h2>\n<p><strong>Pela manh\u00e3, o procurador-geral da Rep\u00fablica, Paulo Gonet, defendeu a condena\u00e7\u00e3o de todos os r\u00e9us. Em seguida, as\u00a0defesas de Filipe Martins e de Fernando de Sousa Oliveira\u00a0se manifestaram.<\/strong><\/p>\n<p>Na parte da tarde, a defesa do coronel do Ex\u00e9rcito Marcelo\u00a0C\u00e2mara, ex-assessor de Jair Bolsonaro, negou que o militar tenha realizado o monitoramento ilegal do ministro Alexandre de Moraes.<\/p>\n<p>O advogado de Mar\u00edlia de Alencar, ex-diretora de Intelig\u00eancia do Minist\u00e9rio da Justi\u00e7a, pediu a absolvi\u00e7\u00e3o da acusa\u00e7\u00e3o de participa\u00e7\u00e3o na trama golpista. Delegada da Pol\u00edcia Federal, ela foi respons\u00e1vel pelo levantamento de dados que baseou as blitzes da Pol\u00edcia\u00a0Rodovi\u00e1ria Federal (PRF) para dificultar a circula\u00e7\u00e3o de eleitores do Nordeste durante o segundo turno das elei\u00e7\u00f5es de 2022.<\/p>\n<p>A defesa do general do Ex\u00e9rcito M\u00e1rio Fernandes negou que o militar tenha apresentado conduta concreta para matar autoridades.<\/p>\n<p>Durante o governo Bolsonaro, o general ocupou o cargo secret\u00e1rio-executivo da secretaria-geral da Presid\u00eancia da Rep\u00fablica e foi respons\u00e1vel, segundo a Pol\u00edcia Federal (PF), pela elabora\u00e7\u00e3o do arquivo de word intitulado &#8220;Punhal Verde e Amarelo&#8221;, com planejamento &#8220;voltado ao sequestro ou homic\u00eddio&#8221; do ministro Alexandre de Moraes, do presidente Luiz In\u00e1cio Lula da Silva e do vice-presidente, Geraldo Alckmin.<\/p>\n<p>\u00daltimo a se manifestar, a defesa de Silvinei\u00a0Vasques, ex-diretor da Pol\u00edcia Rodovi\u00e1ria Federal (PRF), negou que seu cliente atuou para barrar o deslocamento de eleitores do presidente Luiz In\u00e1cio Lula da Silva no segundo turno das elei\u00e7\u00f5es de 2022.<\/p>\n<h2>Outros n\u00facleos<\/h2>\n<p>At\u00e9 o momento, o\u00a0STF\u00a0j\u00e1 condenou 24 r\u00e9us pela trama golpista. Os condenados fazem parte dos n\u00facleos 1, liderado pelo ex-presidente Jair Bolsonaro, 3 e 4.<\/p>\n<p>O n\u00facleo 5 \u00e9 formado pelo r\u00e9u Paulo Figueiredo, neto do ex-presidente da ditadura Jo\u00e3o Figueiredo. Ele mora dos Estados Unidos, e n\u00e3o h\u00e1 previs\u00e3o para o julgamento.\u00a0<\/p>\n<p>      <!-- Relacionada --><\/p>\n<p>            <!-- Relacionada -->\n    <\/div>\n","protected":false},"excerpt":{"rendered":"<p>Por EBC, O Supremo Tribunal Federal (STF) encerrou o primeiro dia do julgamento que pode condenar seis r\u00e9us do n\u00facleo 2 da trama golpista ocorrida durante o governo do ex-presidente Jair Bolsonaro.\u00a0 A sess\u00e3o ser\u00e1 retomada na pr\u00f3xima ter\u00e7a-feira (16), quando os ministros v\u00e3o come\u00e7ar a vota\u00e7\u00e3o que vai decidir se os r\u00e9us ser\u00e3o condenados &hellip;<\/p>\n","protected":false},"author":1,"featured_media":0,"comment_status":"open","ping_status":"open","sticky":false,"template":"","format":"standard","meta":{"_jetpack_memberships_contains_paid_content":false,"footnotes":""},"categories":[2,12225,4],"tags":[],"class_list":["post-453287","post","type-post","status-publish","format-standard","hentry","category-entretenimento","category-noticias","category-servicos"],"yoast_head":"<!-- This site is optimized with the Yoast SEO plugin v27.4 - https:\/\/yoast.com\/product\/yoast-seo-wordpress\/ -->\n<title>STF encerra primeiro dia do julgamento do N\u00facleo 2 da trama golpista<\/title>\n<meta name=\"robots\" content=\"index, follow, max-snippet:-1, max-image-preview:large, max-video-preview:-1\" \/>\n<link rel=\"canonical\" href=\"https:\/\/mrnews.com.br\/index.php\/2025\/12\/09\/stf-encerra-primeiro-dia-do-julgamento-do-nucleo-2-da-trama-golpista\/\" \/>\n<meta property=\"og:locale\" content=\"pt_BR\" \/>\n<meta property=\"og:type\" content=\"article\" \/>\n<meta property=\"og:title\" content=\"STF encerra primeiro dia do julgamento do N\u00facleo 2 da trama golpista\" \/>\n<meta property=\"og:description\" content=\"Por EBC, O Supremo Tribunal Federal (STF) encerrou o primeiro dia do julgamento que pode condenar seis r\u00e9us do n\u00facleo 2 da trama golpista ocorrida durante o governo do ex-presidente Jair Bolsonaro.\u00a0 A sess\u00e3o ser\u00e1 retomada na pr\u00f3xima ter\u00e7a-feira (16), quando os ministros v\u00e3o come\u00e7ar a vota\u00e7\u00e3o que vai decidir se os r\u00e9us ser\u00e3o condenados &hellip;\" \/>\n<meta property=\"og:url\" content=\"https:\/\/mrnews.com.br\/index.php\/2025\/12\/09\/stf-encerra-primeiro-dia-do-julgamento-do-nucleo-2-da-trama-golpista\/\" \/>\n<meta property=\"og:site_name\" content=\"MRNews\" \/>\n<meta property=\"article:publisher\" content=\"https:\/\/www.facebook.com\/eaipahpah\/?locale2=pt_BR\" \/>\n<meta property=\"article:published_time\" content=\"2025-12-09T23:16:14+00:00\" \/>\n<meta name=\"author\" content=\"MR News\" \/>\n<meta name=\"twitter:card\" content=\"summary_large_image\" \/>\n<meta name=\"twitter:creator\" content=\"@conspirou\" \/>\n<meta name=\"twitter:site\" content=\"@conspirou\" \/>\n<meta name=\"twitter:label1\" content=\"Escrito por\" \/>\n\t<meta name=\"twitter:data1\" content=\"MR News\" \/>\n\t<meta name=\"twitter:label2\" content=\"Est. tempo de leitura\" \/>\n\t<meta name=\"twitter:data2\" content=\"3 minutos\" \/>\n<script type=\"application\/ld+json\" class=\"yoast-schema-graph\">{\"@context\":\"https:\\\/\\\/schema.org\",\"@graph\":[{\"@type\":\"Article\",\"@id\":\"https:\\\/\\\/mrnews.com.br\\\/index.php\\\/2025\\\/12\\\/09\\\/stf-encerra-primeiro-dia-do-julgamento-do-nucleo-2-da-trama-golpista\\\/#article\",\"isPartOf\":{\"@id\":\"https:\\\/\\\/mrnews.com.br\\\/index.php\\\/2025\\\/12\\\/09\\\/stf-encerra-primeiro-dia-do-julgamento-do-nucleo-2-da-trama-golpista\\\/\"},\"author\":{\"name\":\"MR News\",\"@id\":\"https:\\\/\\\/mrnews.com.br\\\/#\\\/schema\\\/person\\\/be3203154562a9f207407861cef7827b\"},\"headline\":\"STF encerra primeiro dia do julgamento do N\u00facleo 2 da trama golpista\",\"datePublished\":\"2025-12-09T23:16:14+00:00\",\"mainEntityOfPage\":{\"@id\":\"https:\\\/\\\/mrnews.com.br\\\/index.php\\\/2025\\\/12\\\/09\\\/stf-encerra-primeiro-dia-do-julgamento-do-nucleo-2-da-trama-golpista\\\/\"},\"wordCount\":553,\"commentCount\":0,\"publisher\":{\"@id\":\"https:\\\/\\\/mrnews.com.br\\\/#organization\"},\"articleSection\":[\"ENTRETENIMENTO\",\"NOTICIAS\",\"SERVI\u00c7OS\"],\"inLanguage\":\"pt-BR\",\"potentialAction\":[{\"@type\":\"CommentAction\",\"name\":\"Comment\",\"target\":[\"https:\\\/\\\/mrnews.com.br\\\/index.php\\\/2025\\\/12\\\/09\\\/stf-encerra-primeiro-dia-do-julgamento-do-nucleo-2-da-trama-golpista\\\/#respond\"]}]},{\"@type\":\"WebPage\",\"@id\":\"https:\\\/\\\/mrnews.com.br\\\/index.php\\\/2025\\\/12\\\/09\\\/stf-encerra-primeiro-dia-do-julgamento-do-nucleo-2-da-trama-golpista\\\/\",\"url\":\"https:\\\/\\\/mrnews.com.br\\\/index.php\\\/2025\\\/12\\\/09\\\/stf-encerra-primeiro-dia-do-julgamento-do-nucleo-2-da-trama-golpista\\\/\",\"name\":\"STF encerra primeiro dia do julgamento do N\u00facleo 2 da trama golpista\",\"isPartOf\":{\"@id\":\"https:\\\/\\\/mrnews.com.br\\\/#website\"},\"datePublished\":\"2025-12-09T23:16:14+00:00\",\"breadcrumb\":{\"@id\":\"https:\\\/\\\/mrnews.com.br\\\/index.php\\\/2025\\\/12\\\/09\\\/stf-encerra-primeiro-dia-do-julgamento-do-nucleo-2-da-trama-golpista\\\/#breadcrumb\"},\"inLanguage\":\"pt-BR\",\"potentialAction\":[{\"@type\":\"ReadAction\",\"target\":[\"https:\\\/\\\/mrnews.com.br\\\/index.php\\\/2025\\\/12\\\/09\\\/stf-encerra-primeiro-dia-do-julgamento-do-nucleo-2-da-trama-golpista\\\/\"]}]},{\"@type\":\"BreadcrumbList\",\"@id\":\"https:\\\/\\\/mrnews.com.br\\\/index.php\\\/2025\\\/12\\\/09\\\/stf-encerra-primeiro-dia-do-julgamento-do-nucleo-2-da-trama-golpista\\\/#breadcrumb\",\"itemListElement\":[{\"@type\":\"ListItem\",\"position\":1,\"name\":\"In\u00edcio\",\"item\":\"https:\\\/\\\/mrnews.com.br\\\/\"},{\"@type\":\"ListItem\",\"position\":2,\"name\":\"STF encerra primeiro dia do julgamento do N\u00facleo 2 da trama golpista\"}]},{\"@type\":\"WebSite\",\"@id\":\"https:\\\/\\\/mrnews.com.br\\\/#website\",\"url\":\"https:\\\/\\\/mrnews.com.br\\\/\",\"name\":\"MRNews\",\"description\":\"MRNews Jogos de hoje da TV, transmiss\u00f5es ao vivo, Not\u00edcias de futebol, Jogos ao vivo, Lives, resumo de novelas, Programa\u00e7\u00e3o da Globo, A Fazenda e BBB\",\"publisher\":{\"@id\":\"https:\\\/\\\/mrnews.com.br\\\/#organization\"},\"potentialAction\":[{\"@type\":\"SearchAction\",\"target\":{\"@type\":\"EntryPoint\",\"urlTemplate\":\"https:\\\/\\\/mrnews.com.br\\\/?s={search_term_string}\"},\"query-input\":{\"@type\":\"PropertyValueSpecification\",\"valueRequired\":true,\"valueName\":\"search_term_string\"}}],\"inLanguage\":\"pt-BR\"},{\"@type\":\"Organization\",\"@id\":\"https:\\\/\\\/mrnews.com.br\\\/#organization\",\"name\":\"MRNews\",\"url\":\"https:\\\/\\\/mrnews.com.br\\\/\",\"logo\":{\"@type\":\"ImageObject\",\"inLanguage\":\"pt-BR\",\"@id\":\"https:\\\/\\\/mrnews.com.br\\\/#\\\/schema\\\/logo\\\/image\\\/\",\"url\":\"https:\\\/\\\/mrnews.com.br\\\/wp-content\\\/uploads\\\/2019\\\/06\\\/MRNewslogo2.png\",\"contentUrl\":\"https:\\\/\\\/mrnews.com.br\\\/wp-content\\\/uploads\\\/2019\\\/06\\\/MRNewslogo2.png\",\"width\":223,\"height\":58,\"caption\":\"MRNews\"},\"image\":{\"@id\":\"https:\\\/\\\/mrnews.com.br\\\/#\\\/schema\\\/logo\\\/image\\\/\"},\"sameAs\":[\"https:\\\/\\\/www.facebook.com\\\/eaipahpah\\\/?locale2=pt_BR\",\"https:\\\/\\\/x.com\\\/conspirou\",\"https:\\\/\\\/www.instagram.com\\\/eai_pahpah\",\"https:\\\/\\\/br.pinterest.com\\\/mrnewsn\\\/boards\\\/\",\"https:\\\/\\\/www.youtube.com\\\/channel\\\/UCacgnpznQ61fifLWr1tQ-vA?view_as=subscriber\"]},{\"@type\":\"Person\",\"@id\":\"https:\\\/\\\/mrnews.com.br\\\/#\\\/schema\\\/person\\\/be3203154562a9f207407861cef7827b\",\"name\":\"MR News\",\"image\":{\"@type\":\"ImageObject\",\"inLanguage\":\"pt-BR\",\"@id\":\"https:\\\/\\\/secure.gravatar.com\\\/avatar\\\/04084e6d73c042b8646e7c17b494073bf0ede3ea13c7105cfc45cbbbc28385a4?s=96&d=monsterid&r=g\",\"url\":\"https:\\\/\\\/secure.gravatar.com\\\/avatar\\\/04084e6d73c042b8646e7c17b494073bf0ede3ea13c7105cfc45cbbbc28385a4?s=96&d=monsterid&r=g\",\"contentUrl\":\"https:\\\/\\\/secure.gravatar.com\\\/avatar\\\/04084e6d73c042b8646e7c17b494073bf0ede3ea13c7105cfc45cbbbc28385a4?s=96&d=monsterid&r=g\",\"caption\":\"MR News\"},\"description\":\"Especializado em jornalismo colaborativo pela FTP em n\u00edvel de p\u00f3s-gradua\u00e7\u00e3o. suporte@oimeliga.combr\",\"sameAs\":[\"HUGO R.\",\"Admin\"],\"url\":\"https:\\\/\\\/mrnews.com.br\\\/index.php\\\/author\\\/admin\\\/\"}]}<\/script>\n<!-- \/ Yoast SEO plugin. -->","yoast_head_json":{"title":"STF encerra primeiro dia do julgamento do N\u00facleo 2 da trama golpista","robots":{"index":"index","follow":"follow","max-snippet":"max-snippet:-1","max-image-preview":"max-image-preview:large","max-video-preview":"max-video-preview:-1"},"canonical":"https:\/\/mrnews.com.br\/index.php\/2025\/12\/09\/stf-encerra-primeiro-dia-do-julgamento-do-nucleo-2-da-trama-golpista\/","og_locale":"pt_BR","og_type":"article","og_title":"STF encerra primeiro dia do julgamento do N\u00facleo 2 da trama golpista","og_description":"Por EBC, O Supremo Tribunal Federal (STF) encerrou o primeiro dia do julgamento que pode condenar seis r\u00e9us do n\u00facleo 2 da trama golpista ocorrida durante o governo do ex-presidente Jair Bolsonaro.\u00a0 A sess\u00e3o ser\u00e1 retomada na pr\u00f3xima ter\u00e7a-feira (16), quando os ministros v\u00e3o come\u00e7ar a vota\u00e7\u00e3o que vai decidir se os r\u00e9us ser\u00e3o condenados &hellip;","og_url":"https:\/\/mrnews.com.br\/index.php\/2025\/12\/09\/stf-encerra-primeiro-dia-do-julgamento-do-nucleo-2-da-trama-golpista\/","og_site_name":"MRNews","article_publisher":"https:\/\/www.facebook.com\/eaipahpah\/?locale2=pt_BR","article_published_time":"2025-12-09T23:16:14+00:00","author":"MR News","twitter_card":"summary_large_image","twitter_creator":"@conspirou","twitter_site":"@conspirou","twitter_misc":{"Escrito por":"MR News","Est. tempo de leitura":"3 minutos"},"schema":{"@context":"https:\/\/schema.org","@graph":[{"@type":"Article","@id":"https:\/\/mrnews.com.br\/index.php\/2025\/12\/09\/stf-encerra-primeiro-dia-do-julgamento-do-nucleo-2-da-trama-golpista\/#article","isPartOf":{"@id":"https:\/\/mrnews.com.br\/index.php\/2025\/12\/09\/stf-encerra-primeiro-dia-do-julgamento-do-nucleo-2-da-trama-golpista\/"},"author":{"name":"MR News","@id":"https:\/\/mrnews.com.br\/#\/schema\/person\/be3203154562a9f207407861cef7827b"},"headline":"STF encerra primeiro dia do julgamento do N\u00facleo 2 da trama golpista","datePublished":"2025-12-09T23:16:14+00:00","mainEntityOfPage":{"@id":"https:\/\/mrnews.com.br\/index.php\/2025\/12\/09\/stf-encerra-primeiro-dia-do-julgamento-do-nucleo-2-da-trama-golpista\/"},"wordCount":553,"commentCount":0,"publisher":{"@id":"https:\/\/mrnews.com.br\/#organization"},"articleSection":["ENTRETENIMENTO","NOTICIAS","SERVI\u00c7OS"],"inLanguage":"pt-BR","potentialAction":[{"@type":"CommentAction","name":"Comment","target":["https:\/\/mrnews.com.br\/index.php\/2025\/12\/09\/stf-encerra-primeiro-dia-do-julgamento-do-nucleo-2-da-trama-golpista\/#respond"]}]},{"@type":"WebPage","@id":"https:\/\/mrnews.com.br\/index.php\/2025\/12\/09\/stf-encerra-primeiro-dia-do-julgamento-do-nucleo-2-da-trama-golpista\/","url":"https:\/\/mrnews.com.br\/index.php\/2025\/12\/09\/stf-encerra-primeiro-dia-do-julgamento-do-nucleo-2-da-trama-golpista\/","name":"STF encerra primeiro dia do julgamento do N\u00facleo 2 da trama golpista","isPartOf":{"@id":"https:\/\/mrnews.com.br\/#website"},"datePublished":"2025-12-09T23:16:14+00:00","breadcrumb":{"@id":"https:\/\/mrnews.com.br\/index.php\/2025\/12\/09\/stf-encerra-primeiro-dia-do-julgamento-do-nucleo-2-da-trama-golpista\/#breadcrumb"},"inLanguage":"pt-BR","potentialAction":[{"@type":"ReadAction","target":["https:\/\/mrnews.com.br\/index.php\/2025\/12\/09\/stf-encerra-primeiro-dia-do-julgamento-do-nucleo-2-da-trama-golpista\/"]}]},{"@type":"BreadcrumbList","@id":"https:\/\/mrnews.com.br\/index.php\/2025\/12\/09\/stf-encerra-primeiro-dia-do-julgamento-do-nucleo-2-da-trama-golpista\/#breadcrumb","itemListElement":[{"@type":"ListItem","position":1,"name":"In\u00edcio","item":"https:\/\/mrnews.com.br\/"},{"@type":"ListItem","position":2,"name":"STF encerra primeiro dia do julgamento do N\u00facleo 2 da trama golpista"}]},{"@type":"WebSite","@id":"https:\/\/mrnews.com.br\/#website","url":"https:\/\/mrnews.com.br\/","name":"MRNews","description":"MRNews Jogos de hoje da TV, transmiss\u00f5es ao vivo, Not\u00edcias de futebol, Jogos ao vivo, Lives, resumo de novelas, Programa\u00e7\u00e3o da Globo, A Fazenda e BBB","publisher":{"@id":"https:\/\/mrnews.com.br\/#organization"},"potentialAction":[{"@type":"SearchAction","target":{"@type":"EntryPoint","urlTemplate":"https:\/\/mrnews.com.br\/?s={search_term_string}"},"query-input":{"@type":"PropertyValueSpecification","valueRequired":true,"valueName":"search_term_string"}}],"inLanguage":"pt-BR"},{"@type":"Organization","@id":"https:\/\/mrnews.com.br\/#organization","name":"MRNews","url":"https:\/\/mrnews.com.br\/","logo":{"@type":"ImageObject","inLanguage":"pt-BR","@id":"https:\/\/mrnews.com.br\/#\/schema\/logo\/image\/","url":"https:\/\/mrnews.com.br\/wp-content\/uploads\/2019\/06\/MRNewslogo2.png","contentUrl":"https:\/\/mrnews.com.br\/wp-content\/uploads\/2019\/06\/MRNewslogo2.png","width":223,"height":58,"caption":"MRNews"},"image":{"@id":"https:\/\/mrnews.com.br\/#\/schema\/logo\/image\/"},"sameAs":["https:\/\/www.facebook.com\/eaipahpah\/?locale2=pt_BR","https:\/\/x.com\/conspirou","https:\/\/www.instagram.com\/eai_pahpah","https:\/\/br.pinterest.com\/mrnewsn\/boards\/","https:\/\/www.youtube.com\/channel\/UCacgnpznQ61fifLWr1tQ-vA?view_as=subscriber"]},{"@type":"Person","@id":"https:\/\/mrnews.com.br\/#\/schema\/person\/be3203154562a9f207407861cef7827b","name":"MR News","image":{"@type":"ImageObject","inLanguage":"pt-BR","@id":"https:\/\/secure.gravatar.com\/avatar\/04084e6d73c042b8646e7c17b494073bf0ede3ea13c7105cfc45cbbbc28385a4?s=96&d=monsterid&r=g","url":"https:\/\/secure.gravatar.com\/avatar\/04084e6d73c042b8646e7c17b494073bf0ede3ea13c7105cfc45cbbbc28385a4?s=96&d=monsterid&r=g","contentUrl":"https:\/\/secure.gravatar.com\/avatar\/04084e6d73c042b8646e7c17b494073bf0ede3ea13c7105cfc45cbbbc28385a4?s=96&d=monsterid&r=g","caption":"MR News"},"description":"Especializado em jornalismo colaborativo pela FTP em n\u00edvel de p\u00f3s-gradua\u00e7\u00e3o. suporte@oimeliga.combr","sameAs":["HUGO R.","Admin"],"url":"https:\/\/mrnews.com.br\/index.php\/author\/admin\/"}]}},"jetpack_featured_media_url":"","jetpack_sharing_enabled":true,"jetpack_shortlink":"https:\/\/wp.me\/pa2Qf7-1TV5","amp_enabled":true,"_links":{"self":[{"href":"https:\/\/mrnews.com.br\/index.php\/wp-json\/wp\/v2\/posts\/453287","targetHints":{"allow":["GET"]}}],"collection":[{"href":"https:\/\/mrnews.com.br\/index.php\/wp-json\/wp\/v2\/posts"}],"about":[{"href":"https:\/\/mrnews.com.br\/index.php\/wp-json\/wp\/v2\/types\/post"}],"author":[{"embeddable":true,"href":"https:\/\/mrnews.com.br\/index.php\/wp-json\/wp\/v2\/users\/1"}],"replies":[{"embeddable":true,"href":"https:\/\/mrnews.com.br\/index.php\/wp-json\/wp\/v2\/comments?post=453287"}],"version-history":[{"count":0,"href":"https:\/\/mrnews.com.br\/index.php\/wp-json\/wp\/v2\/posts\/453287\/revisions"}],"wp:attachment":[{"href":"https:\/\/mrnews.com.br\/index.php\/wp-json\/wp\/v2\/media?parent=453287"}],"wp:term":[{"taxonomy":"category","embeddable":true,"href":"https:\/\/mrnews.com.br\/index.php\/wp-json\/wp\/v2\/categories?post=453287"},{"taxonomy":"post_tag","embeddable":true,"href":"https:\/\/mrnews.com.br\/index.php\/wp-json\/wp\/v2\/tags?post=453287"}],"curies":[{"name":"wp","href":"https:\/\/api.w.org\/{rel}","templated":true}]}}