{"id":453320,"date":"2025-12-10T17:59:14","date_gmt":"2025-12-10T20:59:14","guid":{"rendered":"https:\/\/mrnews.com.br\/index.php\/2025\/12\/10\/preco-da-hospedagem-em-belem-quase-triplicou-em-novembro-diz-ibge\/"},"modified":"2025-12-10T17:59:14","modified_gmt":"2025-12-10T20:59:14","slug":"preco-da-hospedagem-em-belem-quase-triplicou-em-novembro-diz-ibge","status":"publish","type":"post","link":"https:\/\/mrnews.com.br\/index.php\/2025\/12\/10\/preco-da-hospedagem-em-belem-quase-triplicou-em-novembro-diz-ibge\/","title":{"rendered":"Pre\u00e7o da hospedagem em Bel\u00e9m quase triplicou em novembro, diz IBGE"},"content":{"rendered":"<p>Por EBC, <\/p>\n<div>\n<p><strong>O pre\u00e7o da hospedagem na regi\u00e3o metropolitana de Bel\u00e9m subiu 178,93% no m\u00eas de novembro. A explica\u00e7\u00e3o est\u00e1 no fato de a capital paraense ter se tornado praticamente a\u00a0capital mundial das quest\u00f5es clim\u00e1ticas no m\u00eas passado.<\/strong><\/p>\n<p>A cidade sediou a 30\u00aa Confer\u00eancia das Na\u00e7\u00f5es Unidas sobre Mudan\u00e7a do Clima (COP30), de\u00a010 a\u00a022 de novembro. Antes disso, recebeu a C\u00fapula do Clima, nos dias 6 e 7, encontro internacional que reuniu chefes de Estado e de governo.<\/p>\n<p><strong>A infla\u00e7\u00e3o da acomoda\u00e7\u00e3o em Bel\u00e9m fico muito acima da registrada no Brasil como um todo, em novembro (4,09%).<\/strong><\/p>\n<p>Os dados fazem parte do \u00cdndice Nacional de Pre\u00e7os ao Consumidor Amplo (IPCA), divulgado nesta quarta-feira (10) pelo Instituto Brasileiro de Geografia e Estat\u00edstica (IBGE).<\/p>\n<p>O gerente da pesquisa, Fernando Gon\u00e7alves, confirma que a COP30 \u00e9 a explica\u00e7\u00e3o para a explos\u00e3o de pre\u00e7os de hospedagem em Bel\u00e9m. \u201c178% \u00e9 realmente bem expressivo\u201d, avalia.<\/p>\n<h2>Preocupa\u00e7\u00e3o dos organizadores<\/h2>\n<p>Os valores pedidos pelos donos de quartos em Bel\u00e9m foi uma das preocupa\u00e7\u00f5es dos organizadores da COP30.\u00a0Algumas delega\u00e7\u00f5es chegaram a diminuir o envio de representantes.<\/p>\n<p>O gerente do IBGE esclarece que o aumento registrado no IPCA de novembro se refere especificamente ao custo naquele m\u00eas. N\u00e3o entra na conta gastos com hospedagens pagas antecipadamente.<\/p>\n<p><strong>Outro custo que se destacou em Bel\u00e9m em novembro \u00e9 o da passagem a\u00e9rea, que subiu 25,32%, mais que o dobro da alta do pa\u00eds como um todo (11,90%).<\/strong><\/p>\n<p>Gon\u00e7alves acrescenta que o fato de o m\u00eas ter tido tr\u00eas feriados (Finados, Proclama\u00e7\u00e3o da Rep\u00fablica e Consci\u00eancia Negra) e a chegada do fim do ano tamb\u00e9m podem ter exercido press\u00e3o de alta no pre\u00e7o do bilhete de avi\u00e3o.<\/p>\n<h2>Peso regional<\/h2>\n<p>De acordo com a metodologia do IPCA, a infla\u00e7\u00e3o na regi\u00e3o metropolitana de Bel\u00e9m tem peso de 3,94% na infla\u00e7\u00e3o do pa\u00eds. A Grande S\u00e3o Paulo tem o maior peso, 32,28%. Isso significa que se o impacto no pre\u00e7o das hospedagens fosse em S\u00e3o Paulo, o resultado seria muito mais sentido na infla\u00e7\u00e3o geral do pa\u00eds.<\/p>\n<p>\u201cBel\u00e9m teve uma press\u00e3o na infla\u00e7\u00e3o [nacional], mas n\u00e3o t\u00e3o expressiva, por exemplo, como se fosse S\u00e3o Paulo\u201d, diz Fernando Gon\u00e7alves.<\/p>\n<p>O IPCA \u00e9 considerado a pr\u00e9via da infla\u00e7\u00e3o oficial do pa\u00eds e fechou novembro em 0,18%, fazendo o \u00edndice voltar para o limite da meta do governo<\/p>\n<p>      <!-- Relacionada --><\/p>\n<p>            <!-- Relacionada -->\n    <\/div>\n","protected":false},"excerpt":{"rendered":"<p>Por EBC, O pre\u00e7o da hospedagem na regi\u00e3o metropolitana de Bel\u00e9m subiu 178,93% no m\u00eas de novembro. A explica\u00e7\u00e3o est\u00e1 no fato de a capital paraense ter se tornado praticamente a\u00a0capital mundial das quest\u00f5es clim\u00e1ticas no m\u00eas passado. A cidade sediou a 30\u00aa Confer\u00eancia das Na\u00e7\u00f5es Unidas sobre Mudan\u00e7a do Clima (COP30), de\u00a010 a\u00a022 de &hellip;<\/p>\n","protected":false},"author":1,"featured_media":0,"comment_status":"open","ping_status":"open","sticky":false,"template":"","format":"standard","meta":{"_jetpack_memberships_contains_paid_content":false,"footnotes":""},"categories":[2,12225,4],"tags":[],"class_list":["post-453320","post","type-post","status-publish","format-standard","hentry","category-entretenimento","category-noticias","category-servicos"],"yoast_head":"<!-- This site is optimized with the Yoast SEO plugin v27.5 - https:\/\/yoast.com\/product\/yoast-seo-wordpress\/ -->\n<title>Pre\u00e7o da hospedagem em Bel\u00e9m quase triplicou em novembro, diz IBGE<\/title>\n<meta name=\"robots\" content=\"index, follow, max-snippet:-1, max-image-preview:large, max-video-preview:-1\" \/>\n<link rel=\"canonical\" href=\"https:\/\/mrnews.com.br\/index.php\/2025\/12\/10\/preco-da-hospedagem-em-belem-quase-triplicou-em-novembro-diz-ibge\/\" \/>\n<meta property=\"og:locale\" content=\"pt_BR\" \/>\n<meta property=\"og:type\" content=\"article\" \/>\n<meta property=\"og:title\" content=\"Pre\u00e7o da hospedagem em Bel\u00e9m quase triplicou em novembro, diz IBGE\" \/>\n<meta property=\"og:description\" content=\"Por EBC, O pre\u00e7o da hospedagem na regi\u00e3o metropolitana de Bel\u00e9m subiu 178,93% no m\u00eas de novembro. A explica\u00e7\u00e3o est\u00e1 no fato de a capital paraense ter se tornado praticamente a\u00a0capital mundial das quest\u00f5es clim\u00e1ticas no m\u00eas passado. A cidade sediou a 30\u00aa Confer\u00eancia das Na\u00e7\u00f5es Unidas sobre Mudan\u00e7a do Clima (COP30), de\u00a010 a\u00a022 de &hellip;\" \/>\n<meta property=\"og:url\" content=\"https:\/\/mrnews.com.br\/index.php\/2025\/12\/10\/preco-da-hospedagem-em-belem-quase-triplicou-em-novembro-diz-ibge\/\" \/>\n<meta property=\"og:site_name\" content=\"MRNews\" \/>\n<meta property=\"article:publisher\" content=\"https:\/\/www.facebook.com\/eaipahpah\/?locale2=pt_BR\" \/>\n<meta property=\"article:published_time\" content=\"2025-12-10T20:59:14+00:00\" \/>\n<meta name=\"author\" content=\"MR News\" \/>\n<meta name=\"twitter:card\" content=\"summary_large_image\" \/>\n<meta name=\"twitter:creator\" content=\"@conspirou\" \/>\n<meta name=\"twitter:site\" content=\"@conspirou\" \/>\n<meta name=\"twitter:label1\" content=\"Escrito por\" \/>\n\t<meta name=\"twitter:data1\" content=\"MR News\" \/>\n\t<meta name=\"twitter:label2\" content=\"Est. tempo de leitura\" \/>\n\t<meta name=\"twitter:data2\" content=\"2 minutos\" \/>\n<script type=\"application\/ld+json\" class=\"yoast-schema-graph\">{\"@context\":\"https:\\\/\\\/schema.org\",\"@graph\":[{\"@type\":\"Article\",\"@id\":\"https:\\\/\\\/mrnews.com.br\\\/index.php\\\/2025\\\/12\\\/10\\\/preco-da-hospedagem-em-belem-quase-triplicou-em-novembro-diz-ibge\\\/#article\",\"isPartOf\":{\"@id\":\"https:\\\/\\\/mrnews.com.br\\\/index.php\\\/2025\\\/12\\\/10\\\/preco-da-hospedagem-em-belem-quase-triplicou-em-novembro-diz-ibge\\\/\"},\"author\":{\"name\":\"MR News\",\"@id\":\"https:\\\/\\\/mrnews.com.br\\\/#\\\/schema\\\/person\\\/be3203154562a9f207407861cef7827b\"},\"headline\":\"Pre\u00e7o da hospedagem em Bel\u00e9m quase triplicou em novembro, diz IBGE\",\"datePublished\":\"2025-12-10T20:59:14+00:00\",\"mainEntityOfPage\":{\"@id\":\"https:\\\/\\\/mrnews.com.br\\\/index.php\\\/2025\\\/12\\\/10\\\/preco-da-hospedagem-em-belem-quase-triplicou-em-novembro-diz-ibge\\\/\"},\"wordCount\":441,\"commentCount\":0,\"publisher\":{\"@id\":\"https:\\\/\\\/mrnews.com.br\\\/#organization\"},\"articleSection\":[\"ENTRETENIMENTO\",\"NOTICIAS\",\"SERVI\u00c7OS\"],\"inLanguage\":\"pt-BR\",\"potentialAction\":[{\"@type\":\"CommentAction\",\"name\":\"Comment\",\"target\":[\"https:\\\/\\\/mrnews.com.br\\\/index.php\\\/2025\\\/12\\\/10\\\/preco-da-hospedagem-em-belem-quase-triplicou-em-novembro-diz-ibge\\\/#respond\"]}]},{\"@type\":\"WebPage\",\"@id\":\"https:\\\/\\\/mrnews.com.br\\\/index.php\\\/2025\\\/12\\\/10\\\/preco-da-hospedagem-em-belem-quase-triplicou-em-novembro-diz-ibge\\\/\",\"url\":\"https:\\\/\\\/mrnews.com.br\\\/index.php\\\/2025\\\/12\\\/10\\\/preco-da-hospedagem-em-belem-quase-triplicou-em-novembro-diz-ibge\\\/\",\"name\":\"Pre\u00e7o da hospedagem em Bel\u00e9m quase triplicou em novembro, diz IBGE\",\"isPartOf\":{\"@id\":\"https:\\\/\\\/mrnews.com.br\\\/#website\"},\"datePublished\":\"2025-12-10T20:59:14+00:00\",\"breadcrumb\":{\"@id\":\"https:\\\/\\\/mrnews.com.br\\\/index.php\\\/2025\\\/12\\\/10\\\/preco-da-hospedagem-em-belem-quase-triplicou-em-novembro-diz-ibge\\\/#breadcrumb\"},\"inLanguage\":\"pt-BR\",\"potentialAction\":[{\"@type\":\"ReadAction\",\"target\":[\"https:\\\/\\\/mrnews.com.br\\\/index.php\\\/2025\\\/12\\\/10\\\/preco-da-hospedagem-em-belem-quase-triplicou-em-novembro-diz-ibge\\\/\"]}]},{\"@type\":\"BreadcrumbList\",\"@id\":\"https:\\\/\\\/mrnews.com.br\\\/index.php\\\/2025\\\/12\\\/10\\\/preco-da-hospedagem-em-belem-quase-triplicou-em-novembro-diz-ibge\\\/#breadcrumb\",\"itemListElement\":[{\"@type\":\"ListItem\",\"position\":1,\"name\":\"In\u00edcio\",\"item\":\"https:\\\/\\\/mrnews.com.br\\\/\"},{\"@type\":\"ListItem\",\"position\":2,\"name\":\"Pre\u00e7o da hospedagem em Bel\u00e9m quase triplicou em novembro, diz IBGE\"}]},{\"@type\":\"WebSite\",\"@id\":\"https:\\\/\\\/mrnews.com.br\\\/#website\",\"url\":\"https:\\\/\\\/mrnews.com.br\\\/\",\"name\":\"MRNews\",\"description\":\"MRNews Jogos de hoje da TV, transmiss\u00f5es ao vivo, Not\u00edcias de futebol, Jogos ao vivo, Lives, resumo de novelas, Programa\u00e7\u00e3o da Globo, A Fazenda e BBB\",\"publisher\":{\"@id\":\"https:\\\/\\\/mrnews.com.br\\\/#organization\"},\"potentialAction\":[{\"@type\":\"SearchAction\",\"target\":{\"@type\":\"EntryPoint\",\"urlTemplate\":\"https:\\\/\\\/mrnews.com.br\\\/?s={search_term_string}\"},\"query-input\":{\"@type\":\"PropertyValueSpecification\",\"valueRequired\":true,\"valueName\":\"search_term_string\"}}],\"inLanguage\":\"pt-BR\"},{\"@type\":\"Organization\",\"@id\":\"https:\\\/\\\/mrnews.com.br\\\/#organization\",\"name\":\"MRNews\",\"url\":\"https:\\\/\\\/mrnews.com.br\\\/\",\"logo\":{\"@type\":\"ImageObject\",\"inLanguage\":\"pt-BR\",\"@id\":\"https:\\\/\\\/mrnews.com.br\\\/#\\\/schema\\\/logo\\\/image\\\/\",\"url\":\"https:\\\/\\\/mrnews.com.br\\\/wp-content\\\/uploads\\\/2019\\\/06\\\/MRNewslogo2.png\",\"contentUrl\":\"https:\\\/\\\/mrnews.com.br\\\/wp-content\\\/uploads\\\/2019\\\/06\\\/MRNewslogo2.png\",\"width\":223,\"height\":58,\"caption\":\"MRNews\"},\"image\":{\"@id\":\"https:\\\/\\\/mrnews.com.br\\\/#\\\/schema\\\/logo\\\/image\\\/\"},\"sameAs\":[\"https:\\\/\\\/www.facebook.com\\\/eaipahpah\\\/?locale2=pt_BR\",\"https:\\\/\\\/x.com\\\/conspirou\",\"https:\\\/\\\/www.instagram.com\\\/eai_pahpah\",\"https:\\\/\\\/br.pinterest.com\\\/mrnewsn\\\/boards\\\/\",\"https:\\\/\\\/www.youtube.com\\\/channel\\\/UCacgnpznQ61fifLWr1tQ-vA?view_as=subscriber\"]},{\"@type\":\"Person\",\"@id\":\"https:\\\/\\\/mrnews.com.br\\\/#\\\/schema\\\/person\\\/be3203154562a9f207407861cef7827b\",\"name\":\"MR News\",\"image\":{\"@type\":\"ImageObject\",\"inLanguage\":\"pt-BR\",\"@id\":\"https:\\\/\\\/secure.gravatar.com\\\/avatar\\\/04084e6d73c042b8646e7c17b494073bf0ede3ea13c7105cfc45cbbbc28385a4?s=96&d=monsterid&r=g\",\"url\":\"https:\\\/\\\/secure.gravatar.com\\\/avatar\\\/04084e6d73c042b8646e7c17b494073bf0ede3ea13c7105cfc45cbbbc28385a4?s=96&d=monsterid&r=g\",\"contentUrl\":\"https:\\\/\\\/secure.gravatar.com\\\/avatar\\\/04084e6d73c042b8646e7c17b494073bf0ede3ea13c7105cfc45cbbbc28385a4?s=96&d=monsterid&r=g\",\"caption\":\"MR News\"},\"description\":\"Especializado em jornalismo colaborativo pela FTP em n\u00edvel de p\u00f3s-gradua\u00e7\u00e3o. suporte@oimeliga.combr\",\"sameAs\":[\"HUGO R.\",\"Admin\"],\"url\":\"https:\\\/\\\/mrnews.com.br\\\/index.php\\\/author\\\/admin\\\/\"}]}<\/script>\n<!-- \/ Yoast SEO plugin. -->","yoast_head_json":{"title":"Pre\u00e7o da hospedagem em Bel\u00e9m quase triplicou em novembro, diz IBGE","robots":{"index":"index","follow":"follow","max-snippet":"max-snippet:-1","max-image-preview":"max-image-preview:large","max-video-preview":"max-video-preview:-1"},"canonical":"https:\/\/mrnews.com.br\/index.php\/2025\/12\/10\/preco-da-hospedagem-em-belem-quase-triplicou-em-novembro-diz-ibge\/","og_locale":"pt_BR","og_type":"article","og_title":"Pre\u00e7o da hospedagem em Bel\u00e9m quase triplicou em novembro, diz IBGE","og_description":"Por EBC, O pre\u00e7o da hospedagem na regi\u00e3o metropolitana de Bel\u00e9m subiu 178,93% no m\u00eas de novembro. A explica\u00e7\u00e3o est\u00e1 no fato de a capital paraense ter se tornado praticamente a\u00a0capital mundial das quest\u00f5es clim\u00e1ticas no m\u00eas passado. A cidade sediou a 30\u00aa Confer\u00eancia das Na\u00e7\u00f5es Unidas sobre Mudan\u00e7a do Clima (COP30), de\u00a010 a\u00a022 de &hellip;","og_url":"https:\/\/mrnews.com.br\/index.php\/2025\/12\/10\/preco-da-hospedagem-em-belem-quase-triplicou-em-novembro-diz-ibge\/","og_site_name":"MRNews","article_publisher":"https:\/\/www.facebook.com\/eaipahpah\/?locale2=pt_BR","article_published_time":"2025-12-10T20:59:14+00:00","author":"MR News","twitter_card":"summary_large_image","twitter_creator":"@conspirou","twitter_site":"@conspirou","twitter_misc":{"Escrito por":"MR News","Est. tempo de leitura":"2 minutos"},"schema":{"@context":"https:\/\/schema.org","@graph":[{"@type":"Article","@id":"https:\/\/mrnews.com.br\/index.php\/2025\/12\/10\/preco-da-hospedagem-em-belem-quase-triplicou-em-novembro-diz-ibge\/#article","isPartOf":{"@id":"https:\/\/mrnews.com.br\/index.php\/2025\/12\/10\/preco-da-hospedagem-em-belem-quase-triplicou-em-novembro-diz-ibge\/"},"author":{"name":"MR News","@id":"https:\/\/mrnews.com.br\/#\/schema\/person\/be3203154562a9f207407861cef7827b"},"headline":"Pre\u00e7o da hospedagem em Bel\u00e9m quase triplicou em novembro, diz IBGE","datePublished":"2025-12-10T20:59:14+00:00","mainEntityOfPage":{"@id":"https:\/\/mrnews.com.br\/index.php\/2025\/12\/10\/preco-da-hospedagem-em-belem-quase-triplicou-em-novembro-diz-ibge\/"},"wordCount":441,"commentCount":0,"publisher":{"@id":"https:\/\/mrnews.com.br\/#organization"},"articleSection":["ENTRETENIMENTO","NOTICIAS","SERVI\u00c7OS"],"inLanguage":"pt-BR","potentialAction":[{"@type":"CommentAction","name":"Comment","target":["https:\/\/mrnews.com.br\/index.php\/2025\/12\/10\/preco-da-hospedagem-em-belem-quase-triplicou-em-novembro-diz-ibge\/#respond"]}]},{"@type":"WebPage","@id":"https:\/\/mrnews.com.br\/index.php\/2025\/12\/10\/preco-da-hospedagem-em-belem-quase-triplicou-em-novembro-diz-ibge\/","url":"https:\/\/mrnews.com.br\/index.php\/2025\/12\/10\/preco-da-hospedagem-em-belem-quase-triplicou-em-novembro-diz-ibge\/","name":"Pre\u00e7o da hospedagem em Bel\u00e9m quase triplicou em novembro, diz IBGE","isPartOf":{"@id":"https:\/\/mrnews.com.br\/#website"},"datePublished":"2025-12-10T20:59:14+00:00","breadcrumb":{"@id":"https:\/\/mrnews.com.br\/index.php\/2025\/12\/10\/preco-da-hospedagem-em-belem-quase-triplicou-em-novembro-diz-ibge\/#breadcrumb"},"inLanguage":"pt-BR","potentialAction":[{"@type":"ReadAction","target":["https:\/\/mrnews.com.br\/index.php\/2025\/12\/10\/preco-da-hospedagem-em-belem-quase-triplicou-em-novembro-diz-ibge\/"]}]},{"@type":"BreadcrumbList","@id":"https:\/\/mrnews.com.br\/index.php\/2025\/12\/10\/preco-da-hospedagem-em-belem-quase-triplicou-em-novembro-diz-ibge\/#breadcrumb","itemListElement":[{"@type":"ListItem","position":1,"name":"In\u00edcio","item":"https:\/\/mrnews.com.br\/"},{"@type":"ListItem","position":2,"name":"Pre\u00e7o da hospedagem em Bel\u00e9m quase triplicou em novembro, diz IBGE"}]},{"@type":"WebSite","@id":"https:\/\/mrnews.com.br\/#website","url":"https:\/\/mrnews.com.br\/","name":"MRNews","description":"MRNews Jogos de hoje da TV, transmiss\u00f5es ao vivo, Not\u00edcias de futebol, Jogos ao vivo, Lives, resumo de novelas, Programa\u00e7\u00e3o da Globo, A Fazenda e BBB","publisher":{"@id":"https:\/\/mrnews.com.br\/#organization"},"potentialAction":[{"@type":"SearchAction","target":{"@type":"EntryPoint","urlTemplate":"https:\/\/mrnews.com.br\/?s={search_term_string}"},"query-input":{"@type":"PropertyValueSpecification","valueRequired":true,"valueName":"search_term_string"}}],"inLanguage":"pt-BR"},{"@type":"Organization","@id":"https:\/\/mrnews.com.br\/#organization","name":"MRNews","url":"https:\/\/mrnews.com.br\/","logo":{"@type":"ImageObject","inLanguage":"pt-BR","@id":"https:\/\/mrnews.com.br\/#\/schema\/logo\/image\/","url":"https:\/\/mrnews.com.br\/wp-content\/uploads\/2019\/06\/MRNewslogo2.png","contentUrl":"https:\/\/mrnews.com.br\/wp-content\/uploads\/2019\/06\/MRNewslogo2.png","width":223,"height":58,"caption":"MRNews"},"image":{"@id":"https:\/\/mrnews.com.br\/#\/schema\/logo\/image\/"},"sameAs":["https:\/\/www.facebook.com\/eaipahpah\/?locale2=pt_BR","https:\/\/x.com\/conspirou","https:\/\/www.instagram.com\/eai_pahpah","https:\/\/br.pinterest.com\/mrnewsn\/boards\/","https:\/\/www.youtube.com\/channel\/UCacgnpznQ61fifLWr1tQ-vA?view_as=subscriber"]},{"@type":"Person","@id":"https:\/\/mrnews.com.br\/#\/schema\/person\/be3203154562a9f207407861cef7827b","name":"MR News","image":{"@type":"ImageObject","inLanguage":"pt-BR","@id":"https:\/\/secure.gravatar.com\/avatar\/04084e6d73c042b8646e7c17b494073bf0ede3ea13c7105cfc45cbbbc28385a4?s=96&d=monsterid&r=g","url":"https:\/\/secure.gravatar.com\/avatar\/04084e6d73c042b8646e7c17b494073bf0ede3ea13c7105cfc45cbbbc28385a4?s=96&d=monsterid&r=g","contentUrl":"https:\/\/secure.gravatar.com\/avatar\/04084e6d73c042b8646e7c17b494073bf0ede3ea13c7105cfc45cbbbc28385a4?s=96&d=monsterid&r=g","caption":"MR News"},"description":"Especializado em jornalismo colaborativo pela FTP em n\u00edvel de p\u00f3s-gradua\u00e7\u00e3o. suporte@oimeliga.combr","sameAs":["HUGO R.","Admin"],"url":"https:\/\/mrnews.com.br\/index.php\/author\/admin\/"}]}},"jetpack_featured_media_url":"","jetpack_sharing_enabled":true,"jetpack_shortlink":"https:\/\/wp.me\/pa2Qf7-1TVC","amp_enabled":true,"_links":{"self":[{"href":"https:\/\/mrnews.com.br\/index.php\/wp-json\/wp\/v2\/posts\/453320","targetHints":{"allow":["GET"]}}],"collection":[{"href":"https:\/\/mrnews.com.br\/index.php\/wp-json\/wp\/v2\/posts"}],"about":[{"href":"https:\/\/mrnews.com.br\/index.php\/wp-json\/wp\/v2\/types\/post"}],"author":[{"embeddable":true,"href":"https:\/\/mrnews.com.br\/index.php\/wp-json\/wp\/v2\/users\/1"}],"replies":[{"embeddable":true,"href":"https:\/\/mrnews.com.br\/index.php\/wp-json\/wp\/v2\/comments?post=453320"}],"version-history":[{"count":0,"href":"https:\/\/mrnews.com.br\/index.php\/wp-json\/wp\/v2\/posts\/453320\/revisions"}],"wp:attachment":[{"href":"https:\/\/mrnews.com.br\/index.php\/wp-json\/wp\/v2\/media?parent=453320"}],"wp:term":[{"taxonomy":"category","embeddable":true,"href":"https:\/\/mrnews.com.br\/index.php\/wp-json\/wp\/v2\/categories?post=453320"},{"taxonomy":"post_tag","embeddable":true,"href":"https:\/\/mrnews.com.br\/index.php\/wp-json\/wp\/v2\/tags?post=453320"}],"curies":[{"name":"wp","href":"https:\/\/api.w.org\/{rel}","templated":true}]}}