{"id":453331,"date":"2025-12-10T23:40:24","date_gmt":"2025-12-11T02:40:24","guid":{"rendered":"https:\/\/mrnews.com.br\/index.php\/2025\/12\/10\/escola-barao-do-rio-branco-conquista-o-primeiro-lugar-no-projeto-controlador-jovem-em-acao-2025-cgnoticias\/"},"modified":"2025-12-10T23:40:24","modified_gmt":"2025-12-11T02:40:24","slug":"escola-barao-do-rio-branco-conquista-o-primeiro-lugar-no-projeto-controlador-jovem-em-acao-2025-cgnoticias","status":"publish","type":"post","link":"https:\/\/mrnews.com.br\/index.php\/2025\/12\/10\/escola-barao-do-rio-branco-conquista-o-primeiro-lugar-no-projeto-controlador-jovem-em-acao-2025-cgnoticias\/","title":{"rendered":"Escola Bar\u00e3o do Rio Branco Conquista o Primeiro Lugar no Projeto \u201cControlador Jovem em A\u00e7\u00e3o 2025\u201d \u2013 CGNot\u00edcias"},"content":{"rendered":"<p><\/p>\n<div>\n<p>A C\u00e2mara Municipal de Campo Grande foi palco, nesta quarta-feira (10), da cerim\u00f4nia de encerramento e premia\u00e7\u00e3o do projeto \u201cControlador Jovem em A\u00e7\u00e3o 2025\u201d. Promovida pela Controladoria-Geral do Munic\u00edpio (CGM) em parceria com a Secretaria Municipal de Educa\u00e7\u00e3o (SEMED), a iniciativa distribuiu R$ 128.000,00 em pr\u00eamios para as Associa\u00e7\u00f5es de Pais e Mestres (APMs) das escolas vencedoras, al\u00e9m de bicicletas e equipamentos eletr\u00f4nicos para alunos e professores. O grande destaque da tarde foi a Escola Municipal Agr\u00edcola Bar\u00e3o do Rio Branco, que conquistou o primeiro lugar com um projeto voltado \u00e0 sustentabilidade.<\/p>\n<p>Durante a solenidade, o Controlador-Geral do Munic\u00edpio, Elton Dione de Souza, destacou que a competi\u00e7\u00e3o \u00e9 um est\u00edmulo para um objetivo maior: o engajamento c\u00edvico. \u201cO objetivo principal aqui n\u00e3o \u00e9 a disputa pelo primeiro, segundo ou terceiro lugar. O que buscamos \u00e9 que os alunos se envolvam com a autoria cidad\u00e3\u201d, afirmou. Ele refor\u00e7ou a import\u00e2ncia dos estudantes como disseminadores de boas pr\u00e1ticas, lembrando que \u201cvoc\u00eas s\u00e3o o futuro da na\u00e7\u00e3o\u201d e que o projeto, que contou com a participa\u00e7\u00e3o de 25 escolas em 2025, visa fortalecer a transpar\u00eancia e o cuidado com o bem p\u00fablico.<\/p>\n<p>A grande vencedora, E.M. Agr\u00edcola Bar\u00e3o do Rio Branco, recebeu R$ 30.000,00 pelo projeto \u201cBar\u00e3o saud\u00e1vel, refeit\u00f3rio sustent\u00e1vel\u201d. A aluna Bianca Coelho Corr\u00eaa, integrante da equipe campe\u00e3, explicou que a iniciativa transformou um espa\u00e7o subutilizado da escola em um ambiente ecol\u00f3gico e funcional. \u201cDesenvolvemos o projeto do refeit\u00f3rio sustent\u00e1vel, utilizando \u00e1guas cinzas, como a \u00e1gua usada para lavar as m\u00e3os e escovar os dentes, para limpar o local\u201d, detalhou. Segundo Bianca, o projeto teve custo zero, gra\u00e7as ao engajamento da comunidade escolar: \u201cTodo o material foi doado ou arrecadado dentro da escola, por meio de uma gincana\u201d.<\/p>\n<p>Al\u00e9m da sustentabilidade ambiental, a valoriza\u00e7\u00e3o cultural tamb\u00e9m teve destaque. A E.M. Professor Jo\u00e3o C\u00e2ndido de Souza, que ficou em 6\u00ba lugar, apresentou um projeto focado na inclus\u00e3o e na cultura ind\u00edgena. A aluna Beatriz Victoria explicou que a proposta buscou tornar a escola mais acolhedora, ressaltando a presen\u00e7a da cultura Terena na comunidade escolar. \u201cCriamos uma amarelinha na l\u00edngua Terena para que quem n\u00e3o entendesse a l\u00edngua aprendesse brincando\u201d, contou, celebrando a troca cultural entre os colegas.<\/p>\n<p>O Secret\u00e1rio Municipal de Educa\u00e7\u00e3o, Lucas Henrique Bitencourt, destacou a dedica\u00e7\u00e3o dos gestores escolares em um ano considerado desafiador. Dirigindo-se aos diretores e \u00e0s equipes t\u00e9cnicas, afirmou que o valor do projeto vai muito al\u00e9m da recompensa financeira. \u201cGanhar o pr\u00eamio \u00e9 importante, mas o processo de constru\u00e7\u00e3o \u00e9 o que realmente faz a diferen\u00e7a\u201d, disse, agradecendo o trabalho incans\u00e1vel dos profissionais da educa\u00e7\u00e3o. Em um momento descontra\u00eddo, convidou os alunos a ocupar a frente do plen\u00e1rio, enfatizando que aquela tarde havia sido \u201cpensada para eles\u201d, os verdadeiros protagonistas da a\u00e7\u00e3o.<\/p>\n<p>Criado em 2022, o projeto \u201cControlador Jovem em A\u00e7\u00e3o\u201d evoluiu significativamente, passando de equipes de quatro para vinte alunos por escola nesta edi\u00e7\u00e3o de 2025. As escolas participantes realizaram auditorias c\u00edvicas para identificar problemas e propor solu\u00e7\u00f5es, que foram apresentadas na IV Feira de Ci\u00eancias, Inova\u00e7\u00e3o e Tecnologia da REME (FECIT-REME).<\/p>\n<p>Ao final do evento, al\u00e9m da premia\u00e7\u00e3o principal para a Bar\u00e3o do Rio Branco, outras 12 escolas foram reconhecidas, incluindo a E.M. Nerone Maiolino, em segundo lugar, e a E.M. Professora Oliva Enciso, em terceiro. Tamb\u00e9m foram entregues pr\u00eamios de Relev\u00e2ncia Social a tr\u00eas institui\u00e7\u00f5es que desenvolveram a\u00e7\u00f5es de impacto significativo na comunidade.<\/p>\n<\/div>\n<p><script async defer async defer src=\"https:\/\/connect.facebook.net\/en_US\/sdk.js?ver=1#xfbml=1&amp;version=v3.2\" id=\"prefeitura-campogrande-script-facebook-sdk-js\"><\/script><\/p>\n","protected":false},"excerpt":{"rendered":"<p>A C\u00e2mara Municipal de Campo Grande foi palco, nesta quarta-feira (10), da cerim\u00f4nia de encerramento e premia\u00e7\u00e3o do projeto \u201cControlador Jovem em A\u00e7\u00e3o 2025\u201d. Promovida pela Controladoria-Geral do Munic\u00edpio (CGM) em parceria com a Secretaria Municipal de Educa\u00e7\u00e3o (SEMED), a iniciativa distribuiu R$ 128.000,00 em pr\u00eamios para as Associa\u00e7\u00f5es de Pais e Mestres (APMs) das &hellip;<\/p>\n","protected":false},"author":1,"featured_media":0,"comment_status":"open","ping_status":"open","sticky":false,"template":"","format":"standard","meta":{"_jetpack_memberships_contains_paid_content":false,"footnotes":""},"categories":[12410],"tags":[],"class_list":["post-453331","post","type-post","status-publish","format-standard","hentry","category-ms"],"yoast_head":"<!-- This site is optimized with the Yoast SEO plugin v27.5 - https:\/\/yoast.com\/product\/yoast-seo-wordpress\/ -->\n<title>Escola Bar\u00e3o do Rio Branco Conquista o Primeiro Lugar no Projeto \u201cControlador Jovem em A\u00e7\u00e3o 2025\u201d \u2013 CGNot\u00edcias<\/title>\n<meta name=\"robots\" content=\"index, follow, max-snippet:-1, max-image-preview:large, max-video-preview:-1\" \/>\n<link rel=\"canonical\" href=\"https:\/\/mrnews.com.br\/index.php\/2025\/12\/10\/escola-barao-do-rio-branco-conquista-o-primeiro-lugar-no-projeto-controlador-jovem-em-acao-2025-cgnoticias\/\" \/>\n<meta property=\"og:locale\" content=\"pt_BR\" \/>\n<meta property=\"og:type\" content=\"article\" \/>\n<meta property=\"og:title\" content=\"Escola Bar\u00e3o do Rio Branco Conquista o Primeiro Lugar no Projeto \u201cControlador Jovem em A\u00e7\u00e3o 2025\u201d \u2013 CGNot\u00edcias\" \/>\n<meta property=\"og:description\" content=\"A C\u00e2mara Municipal de Campo Grande foi palco, nesta quarta-feira (10), da cerim\u00f4nia de encerramento e premia\u00e7\u00e3o do projeto \u201cControlador Jovem em A\u00e7\u00e3o 2025\u201d. Promovida pela Controladoria-Geral do Munic\u00edpio (CGM) em parceria com a Secretaria Municipal de Educa\u00e7\u00e3o (SEMED), a iniciativa distribuiu R$ 128.000,00 em pr\u00eamios para as Associa\u00e7\u00f5es de Pais e Mestres (APMs) das &hellip;\" \/>\n<meta property=\"og:url\" content=\"https:\/\/mrnews.com.br\/index.php\/2025\/12\/10\/escola-barao-do-rio-branco-conquista-o-primeiro-lugar-no-projeto-controlador-jovem-em-acao-2025-cgnoticias\/\" \/>\n<meta property=\"og:site_name\" content=\"MRNews\" \/>\n<meta property=\"article:publisher\" content=\"https:\/\/www.facebook.com\/eaipahpah\/?locale2=pt_BR\" \/>\n<meta property=\"article:published_time\" content=\"2025-12-11T02:40:24+00:00\" \/>\n<meta name=\"author\" content=\"MR News\" \/>\n<meta name=\"twitter:card\" content=\"summary_large_image\" \/>\n<meta name=\"twitter:creator\" content=\"@conspirou\" \/>\n<meta name=\"twitter:site\" content=\"@conspirou\" \/>\n<meta name=\"twitter:label1\" content=\"Escrito por\" \/>\n\t<meta name=\"twitter:data1\" content=\"MR News\" \/>\n\t<meta name=\"twitter:label2\" content=\"Est. tempo de leitura\" \/>\n\t<meta name=\"twitter:data2\" content=\"3 minutos\" \/>\n<script type=\"application\/ld+json\" class=\"yoast-schema-graph\">{\"@context\":\"https:\\\/\\\/schema.org\",\"@graph\":[{\"@type\":\"Article\",\"@id\":\"https:\\\/\\\/mrnews.com.br\\\/index.php\\\/2025\\\/12\\\/10\\\/escola-barao-do-rio-branco-conquista-o-primeiro-lugar-no-projeto-controlador-jovem-em-acao-2025-cgnoticias\\\/#article\",\"isPartOf\":{\"@id\":\"https:\\\/\\\/mrnews.com.br\\\/index.php\\\/2025\\\/12\\\/10\\\/escola-barao-do-rio-branco-conquista-o-primeiro-lugar-no-projeto-controlador-jovem-em-acao-2025-cgnoticias\\\/\"},\"author\":{\"name\":\"MR News\",\"@id\":\"https:\\\/\\\/mrnews.com.br\\\/#\\\/schema\\\/person\\\/be3203154562a9f207407861cef7827b\"},\"headline\":\"Escola Bar\u00e3o do Rio Branco Conquista o Primeiro Lugar no Projeto \u201cControlador Jovem em A\u00e7\u00e3o 2025\u201d \u2013 CGNot\u00edcias\",\"datePublished\":\"2025-12-11T02:40:24+00:00\",\"mainEntityOfPage\":{\"@id\":\"https:\\\/\\\/mrnews.com.br\\\/index.php\\\/2025\\\/12\\\/10\\\/escola-barao-do-rio-branco-conquista-o-primeiro-lugar-no-projeto-controlador-jovem-em-acao-2025-cgnoticias\\\/\"},\"wordCount\":644,\"commentCount\":0,\"publisher\":{\"@id\":\"https:\\\/\\\/mrnews.com.br\\\/#organization\"},\"articleSection\":[\"Mato Grosso do Sul\"],\"inLanguage\":\"pt-BR\",\"potentialAction\":[{\"@type\":\"CommentAction\",\"name\":\"Comment\",\"target\":[\"https:\\\/\\\/mrnews.com.br\\\/index.php\\\/2025\\\/12\\\/10\\\/escola-barao-do-rio-branco-conquista-o-primeiro-lugar-no-projeto-controlador-jovem-em-acao-2025-cgnoticias\\\/#respond\"]}]},{\"@type\":\"WebPage\",\"@id\":\"https:\\\/\\\/mrnews.com.br\\\/index.php\\\/2025\\\/12\\\/10\\\/escola-barao-do-rio-branco-conquista-o-primeiro-lugar-no-projeto-controlador-jovem-em-acao-2025-cgnoticias\\\/\",\"url\":\"https:\\\/\\\/mrnews.com.br\\\/index.php\\\/2025\\\/12\\\/10\\\/escola-barao-do-rio-branco-conquista-o-primeiro-lugar-no-projeto-controlador-jovem-em-acao-2025-cgnoticias\\\/\",\"name\":\"Escola Bar\u00e3o do Rio Branco Conquista o Primeiro Lugar no Projeto \u201cControlador Jovem em A\u00e7\u00e3o 2025\u201d \u2013 CGNot\u00edcias\",\"isPartOf\":{\"@id\":\"https:\\\/\\\/mrnews.com.br\\\/#website\"},\"datePublished\":\"2025-12-11T02:40:24+00:00\",\"breadcrumb\":{\"@id\":\"https:\\\/\\\/mrnews.com.br\\\/index.php\\\/2025\\\/12\\\/10\\\/escola-barao-do-rio-branco-conquista-o-primeiro-lugar-no-projeto-controlador-jovem-em-acao-2025-cgnoticias\\\/#breadcrumb\"},\"inLanguage\":\"pt-BR\",\"potentialAction\":[{\"@type\":\"ReadAction\",\"target\":[\"https:\\\/\\\/mrnews.com.br\\\/index.php\\\/2025\\\/12\\\/10\\\/escola-barao-do-rio-branco-conquista-o-primeiro-lugar-no-projeto-controlador-jovem-em-acao-2025-cgnoticias\\\/\"]}]},{\"@type\":\"BreadcrumbList\",\"@id\":\"https:\\\/\\\/mrnews.com.br\\\/index.php\\\/2025\\\/12\\\/10\\\/escola-barao-do-rio-branco-conquista-o-primeiro-lugar-no-projeto-controlador-jovem-em-acao-2025-cgnoticias\\\/#breadcrumb\",\"itemListElement\":[{\"@type\":\"ListItem\",\"position\":1,\"name\":\"In\u00edcio\",\"item\":\"https:\\\/\\\/mrnews.com.br\\\/\"},{\"@type\":\"ListItem\",\"position\":2,\"name\":\"Escola Bar\u00e3o do Rio Branco Conquista o Primeiro Lugar no Projeto \u201cControlador Jovem em A\u00e7\u00e3o 2025\u201d \u2013 CGNot\u00edcias\"}]},{\"@type\":\"WebSite\",\"@id\":\"https:\\\/\\\/mrnews.com.br\\\/#website\",\"url\":\"https:\\\/\\\/mrnews.com.br\\\/\",\"name\":\"MRNews\",\"description\":\"MRNews Jogos de hoje da TV, transmiss\u00f5es ao vivo, Not\u00edcias de futebol, Jogos ao vivo, Lives, resumo de novelas, Programa\u00e7\u00e3o da Globo, A Fazenda e BBB\",\"publisher\":{\"@id\":\"https:\\\/\\\/mrnews.com.br\\\/#organization\"},\"potentialAction\":[{\"@type\":\"SearchAction\",\"target\":{\"@type\":\"EntryPoint\",\"urlTemplate\":\"https:\\\/\\\/mrnews.com.br\\\/?s={search_term_string}\"},\"query-input\":{\"@type\":\"PropertyValueSpecification\",\"valueRequired\":true,\"valueName\":\"search_term_string\"}}],\"inLanguage\":\"pt-BR\"},{\"@type\":\"Organization\",\"@id\":\"https:\\\/\\\/mrnews.com.br\\\/#organization\",\"name\":\"MRNews\",\"url\":\"https:\\\/\\\/mrnews.com.br\\\/\",\"logo\":{\"@type\":\"ImageObject\",\"inLanguage\":\"pt-BR\",\"@id\":\"https:\\\/\\\/mrnews.com.br\\\/#\\\/schema\\\/logo\\\/image\\\/\",\"url\":\"https:\\\/\\\/mrnews.com.br\\\/wp-content\\\/uploads\\\/2019\\\/06\\\/MRNewslogo2.png\",\"contentUrl\":\"https:\\\/\\\/mrnews.com.br\\\/wp-content\\\/uploads\\\/2019\\\/06\\\/MRNewslogo2.png\",\"width\":223,\"height\":58,\"caption\":\"MRNews\"},\"image\":{\"@id\":\"https:\\\/\\\/mrnews.com.br\\\/#\\\/schema\\\/logo\\\/image\\\/\"},\"sameAs\":[\"https:\\\/\\\/www.facebook.com\\\/eaipahpah\\\/?locale2=pt_BR\",\"https:\\\/\\\/x.com\\\/conspirou\",\"https:\\\/\\\/www.instagram.com\\\/eai_pahpah\",\"https:\\\/\\\/br.pinterest.com\\\/mrnewsn\\\/boards\\\/\",\"https:\\\/\\\/www.youtube.com\\\/channel\\\/UCacgnpznQ61fifLWr1tQ-vA?view_as=subscriber\"]},{\"@type\":\"Person\",\"@id\":\"https:\\\/\\\/mrnews.com.br\\\/#\\\/schema\\\/person\\\/be3203154562a9f207407861cef7827b\",\"name\":\"MR News\",\"image\":{\"@type\":\"ImageObject\",\"inLanguage\":\"pt-BR\",\"@id\":\"https:\\\/\\\/secure.gravatar.com\\\/avatar\\\/04084e6d73c042b8646e7c17b494073bf0ede3ea13c7105cfc45cbbbc28385a4?s=96&d=monsterid&r=g\",\"url\":\"https:\\\/\\\/secure.gravatar.com\\\/avatar\\\/04084e6d73c042b8646e7c17b494073bf0ede3ea13c7105cfc45cbbbc28385a4?s=96&d=monsterid&r=g\",\"contentUrl\":\"https:\\\/\\\/secure.gravatar.com\\\/avatar\\\/04084e6d73c042b8646e7c17b494073bf0ede3ea13c7105cfc45cbbbc28385a4?s=96&d=monsterid&r=g\",\"caption\":\"MR News\"},\"description\":\"Especializado em jornalismo colaborativo pela FTP em n\u00edvel de p\u00f3s-gradua\u00e7\u00e3o. suporte@oimeliga.combr\",\"sameAs\":[\"HUGO R.\",\"Admin\"],\"url\":\"https:\\\/\\\/mrnews.com.br\\\/index.php\\\/author\\\/admin\\\/\"}]}<\/script>\n<!-- \/ Yoast SEO plugin. -->","yoast_head_json":{"title":"Escola Bar\u00e3o do Rio Branco Conquista o Primeiro Lugar no Projeto \u201cControlador Jovem em A\u00e7\u00e3o 2025\u201d \u2013 CGNot\u00edcias","robots":{"index":"index","follow":"follow","max-snippet":"max-snippet:-1","max-image-preview":"max-image-preview:large","max-video-preview":"max-video-preview:-1"},"canonical":"https:\/\/mrnews.com.br\/index.php\/2025\/12\/10\/escola-barao-do-rio-branco-conquista-o-primeiro-lugar-no-projeto-controlador-jovem-em-acao-2025-cgnoticias\/","og_locale":"pt_BR","og_type":"article","og_title":"Escola Bar\u00e3o do Rio Branco Conquista o Primeiro Lugar no Projeto \u201cControlador Jovem em A\u00e7\u00e3o 2025\u201d \u2013 CGNot\u00edcias","og_description":"A C\u00e2mara Municipal de Campo Grande foi palco, nesta quarta-feira (10), da cerim\u00f4nia de encerramento e premia\u00e7\u00e3o do projeto \u201cControlador Jovem em A\u00e7\u00e3o 2025\u201d. Promovida pela Controladoria-Geral do Munic\u00edpio (CGM) em parceria com a Secretaria Municipal de Educa\u00e7\u00e3o (SEMED), a iniciativa distribuiu R$ 128.000,00 em pr\u00eamios para as Associa\u00e7\u00f5es de Pais e Mestres (APMs) das &hellip;","og_url":"https:\/\/mrnews.com.br\/index.php\/2025\/12\/10\/escola-barao-do-rio-branco-conquista-o-primeiro-lugar-no-projeto-controlador-jovem-em-acao-2025-cgnoticias\/","og_site_name":"MRNews","article_publisher":"https:\/\/www.facebook.com\/eaipahpah\/?locale2=pt_BR","article_published_time":"2025-12-11T02:40:24+00:00","author":"MR News","twitter_card":"summary_large_image","twitter_creator":"@conspirou","twitter_site":"@conspirou","twitter_misc":{"Escrito por":"MR News","Est. tempo de leitura":"3 minutos"},"schema":{"@context":"https:\/\/schema.org","@graph":[{"@type":"Article","@id":"https:\/\/mrnews.com.br\/index.php\/2025\/12\/10\/escola-barao-do-rio-branco-conquista-o-primeiro-lugar-no-projeto-controlador-jovem-em-acao-2025-cgnoticias\/#article","isPartOf":{"@id":"https:\/\/mrnews.com.br\/index.php\/2025\/12\/10\/escola-barao-do-rio-branco-conquista-o-primeiro-lugar-no-projeto-controlador-jovem-em-acao-2025-cgnoticias\/"},"author":{"name":"MR News","@id":"https:\/\/mrnews.com.br\/#\/schema\/person\/be3203154562a9f207407861cef7827b"},"headline":"Escola Bar\u00e3o do Rio Branco Conquista o Primeiro Lugar no Projeto \u201cControlador Jovem em A\u00e7\u00e3o 2025\u201d \u2013 CGNot\u00edcias","datePublished":"2025-12-11T02:40:24+00:00","mainEntityOfPage":{"@id":"https:\/\/mrnews.com.br\/index.php\/2025\/12\/10\/escola-barao-do-rio-branco-conquista-o-primeiro-lugar-no-projeto-controlador-jovem-em-acao-2025-cgnoticias\/"},"wordCount":644,"commentCount":0,"publisher":{"@id":"https:\/\/mrnews.com.br\/#organization"},"articleSection":["Mato Grosso do Sul"],"inLanguage":"pt-BR","potentialAction":[{"@type":"CommentAction","name":"Comment","target":["https:\/\/mrnews.com.br\/index.php\/2025\/12\/10\/escola-barao-do-rio-branco-conquista-o-primeiro-lugar-no-projeto-controlador-jovem-em-acao-2025-cgnoticias\/#respond"]}]},{"@type":"WebPage","@id":"https:\/\/mrnews.com.br\/index.php\/2025\/12\/10\/escola-barao-do-rio-branco-conquista-o-primeiro-lugar-no-projeto-controlador-jovem-em-acao-2025-cgnoticias\/","url":"https:\/\/mrnews.com.br\/index.php\/2025\/12\/10\/escola-barao-do-rio-branco-conquista-o-primeiro-lugar-no-projeto-controlador-jovem-em-acao-2025-cgnoticias\/","name":"Escola Bar\u00e3o do Rio Branco Conquista o Primeiro Lugar no Projeto \u201cControlador Jovem em A\u00e7\u00e3o 2025\u201d \u2013 CGNot\u00edcias","isPartOf":{"@id":"https:\/\/mrnews.com.br\/#website"},"datePublished":"2025-12-11T02:40:24+00:00","breadcrumb":{"@id":"https:\/\/mrnews.com.br\/index.php\/2025\/12\/10\/escola-barao-do-rio-branco-conquista-o-primeiro-lugar-no-projeto-controlador-jovem-em-acao-2025-cgnoticias\/#breadcrumb"},"inLanguage":"pt-BR","potentialAction":[{"@type":"ReadAction","target":["https:\/\/mrnews.com.br\/index.php\/2025\/12\/10\/escola-barao-do-rio-branco-conquista-o-primeiro-lugar-no-projeto-controlador-jovem-em-acao-2025-cgnoticias\/"]}]},{"@type":"BreadcrumbList","@id":"https:\/\/mrnews.com.br\/index.php\/2025\/12\/10\/escola-barao-do-rio-branco-conquista-o-primeiro-lugar-no-projeto-controlador-jovem-em-acao-2025-cgnoticias\/#breadcrumb","itemListElement":[{"@type":"ListItem","position":1,"name":"In\u00edcio","item":"https:\/\/mrnews.com.br\/"},{"@type":"ListItem","position":2,"name":"Escola Bar\u00e3o do Rio Branco Conquista o Primeiro Lugar no Projeto \u201cControlador Jovem em A\u00e7\u00e3o 2025\u201d \u2013 CGNot\u00edcias"}]},{"@type":"WebSite","@id":"https:\/\/mrnews.com.br\/#website","url":"https:\/\/mrnews.com.br\/","name":"MRNews","description":"MRNews Jogos de hoje da TV, transmiss\u00f5es ao vivo, Not\u00edcias de futebol, Jogos ao vivo, Lives, resumo de novelas, Programa\u00e7\u00e3o da Globo, A Fazenda e BBB","publisher":{"@id":"https:\/\/mrnews.com.br\/#organization"},"potentialAction":[{"@type":"SearchAction","target":{"@type":"EntryPoint","urlTemplate":"https:\/\/mrnews.com.br\/?s={search_term_string}"},"query-input":{"@type":"PropertyValueSpecification","valueRequired":true,"valueName":"search_term_string"}}],"inLanguage":"pt-BR"},{"@type":"Organization","@id":"https:\/\/mrnews.com.br\/#organization","name":"MRNews","url":"https:\/\/mrnews.com.br\/","logo":{"@type":"ImageObject","inLanguage":"pt-BR","@id":"https:\/\/mrnews.com.br\/#\/schema\/logo\/image\/","url":"https:\/\/mrnews.com.br\/wp-content\/uploads\/2019\/06\/MRNewslogo2.png","contentUrl":"https:\/\/mrnews.com.br\/wp-content\/uploads\/2019\/06\/MRNewslogo2.png","width":223,"height":58,"caption":"MRNews"},"image":{"@id":"https:\/\/mrnews.com.br\/#\/schema\/logo\/image\/"},"sameAs":["https:\/\/www.facebook.com\/eaipahpah\/?locale2=pt_BR","https:\/\/x.com\/conspirou","https:\/\/www.instagram.com\/eai_pahpah","https:\/\/br.pinterest.com\/mrnewsn\/boards\/","https:\/\/www.youtube.com\/channel\/UCacgnpznQ61fifLWr1tQ-vA?view_as=subscriber"]},{"@type":"Person","@id":"https:\/\/mrnews.com.br\/#\/schema\/person\/be3203154562a9f207407861cef7827b","name":"MR News","image":{"@type":"ImageObject","inLanguage":"pt-BR","@id":"https:\/\/secure.gravatar.com\/avatar\/04084e6d73c042b8646e7c17b494073bf0ede3ea13c7105cfc45cbbbc28385a4?s=96&d=monsterid&r=g","url":"https:\/\/secure.gravatar.com\/avatar\/04084e6d73c042b8646e7c17b494073bf0ede3ea13c7105cfc45cbbbc28385a4?s=96&d=monsterid&r=g","contentUrl":"https:\/\/secure.gravatar.com\/avatar\/04084e6d73c042b8646e7c17b494073bf0ede3ea13c7105cfc45cbbbc28385a4?s=96&d=monsterid&r=g","caption":"MR News"},"description":"Especializado em jornalismo colaborativo pela FTP em n\u00edvel de p\u00f3s-gradua\u00e7\u00e3o. suporte@oimeliga.combr","sameAs":["HUGO R.","Admin"],"url":"https:\/\/mrnews.com.br\/index.php\/author\/admin\/"}]}},"jetpack_featured_media_url":"","jetpack_sharing_enabled":true,"jetpack_shortlink":"https:\/\/wp.me\/pa2Qf7-1TVN","amp_enabled":true,"_links":{"self":[{"href":"https:\/\/mrnews.com.br\/index.php\/wp-json\/wp\/v2\/posts\/453331","targetHints":{"allow":["GET"]}}],"collection":[{"href":"https:\/\/mrnews.com.br\/index.php\/wp-json\/wp\/v2\/posts"}],"about":[{"href":"https:\/\/mrnews.com.br\/index.php\/wp-json\/wp\/v2\/types\/post"}],"author":[{"embeddable":true,"href":"https:\/\/mrnews.com.br\/index.php\/wp-json\/wp\/v2\/users\/1"}],"replies":[{"embeddable":true,"href":"https:\/\/mrnews.com.br\/index.php\/wp-json\/wp\/v2\/comments?post=453331"}],"version-history":[{"count":0,"href":"https:\/\/mrnews.com.br\/index.php\/wp-json\/wp\/v2\/posts\/453331\/revisions"}],"wp:attachment":[{"href":"https:\/\/mrnews.com.br\/index.php\/wp-json\/wp\/v2\/media?parent=453331"}],"wp:term":[{"taxonomy":"category","embeddable":true,"href":"https:\/\/mrnews.com.br\/index.php\/wp-json\/wp\/v2\/categories?post=453331"},{"taxonomy":"post_tag","embeddable":true,"href":"https:\/\/mrnews.com.br\/index.php\/wp-json\/wp\/v2\/tags?post=453331"}],"curies":[{"name":"wp","href":"https:\/\/api.w.org\/{rel}","templated":true}]}}