{"id":453350,"date":"2025-12-11T14:17:22","date_gmt":"2025-12-11T17:17:22","guid":{"rendered":"https:\/\/mrnews.com.br\/index.php\/2025\/12\/11\/sc-assembleia-proibe-cotas-raciais-em-universidades-estaduais\/"},"modified":"2025-12-11T14:17:22","modified_gmt":"2025-12-11T17:17:22","slug":"sc-assembleia-proibe-cotas-raciais-em-universidades-estaduais","status":"publish","type":"post","link":"https:\/\/mrnews.com.br\/index.php\/2025\/12\/11\/sc-assembleia-proibe-cotas-raciais-em-universidades-estaduais\/","title":{"rendered":"SC: Assembleia pro\u00edbe cotas raciais em universidades estaduais"},"content":{"rendered":"<p>Por EBC, <\/p>\n<div>\n<p>A Assembleia Legislativa do Estado de Santa Catarina (Alesc) aprovou projeto de lei que pro\u00edbe cotas raciais em universidades estaduais. A proibi\u00e7\u00e3o\u00a0vale para o ingresso de estudantes e de funcion\u00e1rios nos quadros.<\/p>\n<p>O Projeto 753\/2025, de autoria do deputado Alex Brasil (PL), n\u00e3o cita textualmente cotas raciais, mas n\u00e3o as inclui\u00a0nas reservas de vagas que ficam autorizadas.<\/p>\n<blockquote>\n<p><strong>\u201cFicam\u00a0exclu\u00eddas\u00a0dessa proibi\u00e7\u00e3o as reservas de vagas a pessoas com defici\u00eancia (PCD), a reserva baseada em crit\u00e9rios exclusivamente econ\u00f4micos e a\u00a0de estudantes oriundos de institui\u00e7\u00f5es estaduais p\u00fablicas de ensino m\u00e9dio\u201d.<\/strong><\/p>\n<\/blockquote>\n<p>A proibi\u00e7\u00e3o\u00a0de outras cotas se aplica tamb\u00e9m a\u00a0institui\u00e7\u00f5es que recebem verbas p\u00fablicas no \u00e2mbito do estado.<\/p>\n<p><strong>Uma das institui\u00e7\u00f5es afetadas pelo texto \u00e9 a Universidade do Estado de Santa Catarina (Udesc), que tem cerca de 14 mil alunos distribu\u00eddos em mais de 60 cursos de gradua\u00e7\u00e3o e em mais de 50 mestrados e doutorados.<\/strong><\/p>\n<h2>O projeto<\/h2>\n<p><strong>O projeto imp\u00f5e multa de R$ 100 mil para editais que n\u00e3o respeitarem a veda\u00e7\u00e3o e o procedimento administrativo disciplinar contra agentes p\u00fablicos por ofensa ao princ\u00edpio da legalidade.<\/strong><\/p>\n<p>Na justificativa da mat\u00e9ria, o deputado Alex Brasil afirma que a ado\u00e7\u00e3o de cotas fundadas em outros crit\u00e9rios,\u00a0que n\u00e3o o estritamente econ\u00f4mico ou de origem estudantil em escolas p\u00fablicas,\u00a0\u201csuscita controv\u00e9rsias jur\u00eddicas e pode colidir com os princ\u00edpios da isonomia e da impessoalidade, ao criar distin\u00e7\u00f5es que n\u00e3o necessariamente refletem situa\u00e7\u00f5es de desvantagem\u201d.<\/p>\n<p><strong>Antes da vota\u00e7\u00e3o, o autor criticou o surgimento de outros tipos de a\u00e7\u00e3o afirmativa, como popula\u00e7\u00e3o transsexual e refugiados. \u201cCotas para tudo que \u00e9 coisa que se imaginar\u201d<\/strong>.<\/p>\n<blockquote>\n<p>\u201cO m\u00e9rito daquela pessoa que precisa estudar, que precisa realmente se dedicar para conseguir uma vaga, estava sendo deixado de lado\u201d, disse.<\/p>\n<\/blockquote>\n<p>Na vis\u00e3o do deputado, o projeto de lei valoriza quem realmente precisa de cota.<\/p>\n<blockquote>\n<p>\u201cPode ser filho de pai negro, pode ser filho de pai branco\u201d, completou.<\/p>\n<\/blockquote>\n<h2>Vota\u00e7\u00e3o simb\u00f3lica<\/h2>\n<p><strong>A vota\u00e7\u00e3o do projeto de lei no plen\u00e1rio da Alesc ocorreu\u00a0de forma simb\u00f3lica, ou seja, sem registro dos votos no painel de vota\u00e7\u00e3o. Mas a mesa diretora da Casa citou nominalmente os sete deputados que se opuseram \u00e0 mat\u00e9ria:<\/strong><\/p>\n<p>Padre Pedro Baldissera (PT)<\/p>\n<p>Fabiano da Luz (PT)<\/p>\n<p>Neodi Saretta (PT)<\/p>\n<p>Marquito (Psol)<\/p>\n<p>Dr. Vicente Caropreso (PSDB)<\/p>\n<p>Paulinha (Podemos)<\/p>\n<p>Rodrigo Minotto (PDT)<\/p>\n<p>A Alesc tem 40 parlamentares. Dois n\u00e3o estavam presentes no plen\u00e1rio.<\/p>\n<h2>Oposi\u00e7\u00e3o<\/h2>\n<p><strong>Em discurso, o deputado Fabiano da Luz afirmou que o projeto de lei n\u00e3o promove justi\u00e7a ou igualdade, \u201cmas sim\u00a0um apagamento\u201d.<\/strong><\/p>\n<blockquote>\n<p>\u201cAs cotas raciais n\u00e3o s\u00e3o privil\u00e9gios, s\u00e3o instrumentos de uma corre\u00e7\u00e3o da desigualdade hist\u00f3rica profunda que ainda estrutura o Brasil e que, infelizmente, prova que tamb\u00e9m estrutura Santa Catarina\u201d, declarou.<\/p>\n<\/blockquote>\n<p>De acordo com o Censo 2022, pretos e pardos representam 55,5% da popula\u00e7\u00e3o. No caso de Santa Catarina, os dois grupos somam 23,3%.\u00a0<\/p>\n<p>O petista lembrou que pessoas negras (pretos e pardos) recebem cerca de 40% menos que as brancas.<\/p>\n<blockquote>\n<p>\u201cH\u00e1 ampla base cient\u00edfica mostrando que ra\u00e7a e renda operam juntas, como fatores de exclus\u00e3o, inclusive no acesso ao ensino superior\u201d.<\/p>\n<\/blockquote>\n<p><strong>Segundo ele, \u201cfingir que isso n\u00e3o existe \u00e9 escolher a cegueira institucional\u201d.<\/strong><\/p>\n<p>Fabiano da Luz considera que o projeto de lei \u00e9 \u201cretr\u00f3grado e envergonha Santa Catarina\u201d e levantou d\u00favidas sobre a constitucionalidade da mat\u00e9ria.<\/p>\n<blockquote>\n<p>\u201cVai ser tema de a\u00e7\u00e3o judicial e vai ser feio esta Casa ter mais uma vez na Justi\u00e7a um projeto anulado pela inconstitucionalidade\u201d.<\/p>\n<\/blockquote>\n<p><strong>Para passar a valer, o projeto precisa ser sancionado pelo governador Jorginho Mello, do PL, mesmo partido do autor da proposta.<\/strong><\/p>\n<p>A<strong>\u00a0Ag\u00eancia Brasil<\/strong>\u00a0pediu coment\u00e1rios sobre o posicionamento do governador, mas n\u00e3o recebeu retorno at\u00e9 a conclus\u00e3o da reportagem.<\/p>\n<h2>\u00c2mbito federal<\/h2>\n<p>A proibi\u00e7\u00e3o de cotas n\u00e3o vale para institui\u00e7\u00f5es federais, como a Universidade Federal de Santa Catarina (UFSC).<\/p>\n<p>No \u00e2mbito federal vigora a Lei de Cotas, com reserva de vaga para minorias.\u00a0Em alguns estados, como no Rio de Janeiro, h\u00e1 leis espec\u00edficas para universidades estaduais.<\/p>\n<p><strong>Estudos apontam que a pol\u00edtica de cotas transformou um dos espa\u00e7os mais elitizados da sociedade brasileira, a universidade, democratizando o acesso.<\/strong><\/p>\n<p>Em julgamento no ano de 2012, o Supremo Tribunal Federal (STF), corte m\u00e1xima da Justi\u00e7a no pa\u00eds, decidiu-se favor\u00e1vel \u00e0 constitucionalidade da pol\u00edtica de cotas para negros e ind\u00edgenas nas universidades.\u00a0<\/p>\n<blockquote>\n<p>\u201cA regra tem o objetivo de superar distor\u00e7\u00f5es sociais hist\u00f3ricas, com base no direito \u00e0 igualdade material e no princ\u00edpio da proporcionalidade\u201d, diz\u00a0o resultado do julgamento.<\/p>\n<\/blockquote>\n<p>      <!-- Relacionada --><\/p>\n<p>            <!-- Relacionada -->\n    <\/div>\n","protected":false},"excerpt":{"rendered":"<p>Por EBC, A Assembleia Legislativa do Estado de Santa Catarina (Alesc) aprovou projeto de lei que pro\u00edbe cotas raciais em universidades estaduais. A proibi\u00e7\u00e3o\u00a0vale para o ingresso de estudantes e de funcion\u00e1rios nos quadros. O Projeto 753\/2025, de autoria do deputado Alex Brasil (PL), n\u00e3o cita textualmente cotas raciais, mas n\u00e3o as inclui\u00a0nas reservas de &hellip;<\/p>\n","protected":false},"author":1,"featured_media":0,"comment_status":"open","ping_status":"open","sticky":false,"template":"","format":"standard","meta":{"_jetpack_memberships_contains_paid_content":false,"footnotes":""},"categories":[2,12225,4],"tags":[],"class_list":["post-453350","post","type-post","status-publish","format-standard","hentry","category-entretenimento","category-noticias","category-servicos"],"yoast_head":"<!-- This site is optimized with the Yoast SEO plugin v27.5 - https:\/\/yoast.com\/product\/yoast-seo-wordpress\/ -->\n<title>SC: Assembleia pro\u00edbe cotas raciais em universidades estaduais<\/title>\n<meta name=\"robots\" content=\"index, follow, max-snippet:-1, max-image-preview:large, max-video-preview:-1\" \/>\n<link rel=\"canonical\" href=\"https:\/\/mrnews.com.br\/index.php\/2025\/12\/11\/sc-assembleia-proibe-cotas-raciais-em-universidades-estaduais\/\" \/>\n<meta property=\"og:locale\" content=\"pt_BR\" \/>\n<meta property=\"og:type\" content=\"article\" \/>\n<meta property=\"og:title\" content=\"SC: Assembleia pro\u00edbe cotas raciais em universidades estaduais\" \/>\n<meta property=\"og:description\" content=\"Por EBC, A Assembleia Legislativa do Estado de Santa Catarina (Alesc) aprovou projeto de lei que pro\u00edbe cotas raciais em universidades estaduais. A proibi\u00e7\u00e3o\u00a0vale para o ingresso de estudantes e de funcion\u00e1rios nos quadros. O Projeto 753\/2025, de autoria do deputado Alex Brasil (PL), n\u00e3o cita textualmente cotas raciais, mas n\u00e3o as inclui\u00a0nas reservas de &hellip;\" \/>\n<meta property=\"og:url\" content=\"https:\/\/mrnews.com.br\/index.php\/2025\/12\/11\/sc-assembleia-proibe-cotas-raciais-em-universidades-estaduais\/\" \/>\n<meta property=\"og:site_name\" content=\"MRNews\" \/>\n<meta property=\"article:publisher\" content=\"https:\/\/www.facebook.com\/eaipahpah\/?locale2=pt_BR\" \/>\n<meta property=\"article:published_time\" content=\"2025-12-11T17:17:22+00:00\" \/>\n<meta name=\"author\" content=\"MR News\" \/>\n<meta name=\"twitter:card\" content=\"summary_large_image\" \/>\n<meta name=\"twitter:creator\" content=\"@conspirou\" \/>\n<meta name=\"twitter:site\" content=\"@conspirou\" \/>\n<meta name=\"twitter:label1\" content=\"Escrito por\" \/>\n\t<meta name=\"twitter:data1\" content=\"MR News\" \/>\n\t<meta name=\"twitter:label2\" content=\"Est. tempo de leitura\" \/>\n\t<meta name=\"twitter:data2\" content=\"4 minutos\" \/>\n<script type=\"application\/ld+json\" class=\"yoast-schema-graph\">{\"@context\":\"https:\\\/\\\/schema.org\",\"@graph\":[{\"@type\":\"Article\",\"@id\":\"https:\\\/\\\/mrnews.com.br\\\/index.php\\\/2025\\\/12\\\/11\\\/sc-assembleia-proibe-cotas-raciais-em-universidades-estaduais\\\/#article\",\"isPartOf\":{\"@id\":\"https:\\\/\\\/mrnews.com.br\\\/index.php\\\/2025\\\/12\\\/11\\\/sc-assembleia-proibe-cotas-raciais-em-universidades-estaduais\\\/\"},\"author\":{\"name\":\"MR News\",\"@id\":\"https:\\\/\\\/mrnews.com.br\\\/#\\\/schema\\\/person\\\/be3203154562a9f207407861cef7827b\"},\"headline\":\"SC: Assembleia pro\u00edbe cotas raciais em universidades estaduais\",\"datePublished\":\"2025-12-11T17:17:22+00:00\",\"mainEntityOfPage\":{\"@id\":\"https:\\\/\\\/mrnews.com.br\\\/index.php\\\/2025\\\/12\\\/11\\\/sc-assembleia-proibe-cotas-raciais-em-universidades-estaduais\\\/\"},\"wordCount\":805,\"commentCount\":0,\"publisher\":{\"@id\":\"https:\\\/\\\/mrnews.com.br\\\/#organization\"},\"articleSection\":[\"ENTRETENIMENTO\",\"NOTICIAS\",\"SERVI\u00c7OS\"],\"inLanguage\":\"pt-BR\",\"potentialAction\":[{\"@type\":\"CommentAction\",\"name\":\"Comment\",\"target\":[\"https:\\\/\\\/mrnews.com.br\\\/index.php\\\/2025\\\/12\\\/11\\\/sc-assembleia-proibe-cotas-raciais-em-universidades-estaduais\\\/#respond\"]}]},{\"@type\":\"WebPage\",\"@id\":\"https:\\\/\\\/mrnews.com.br\\\/index.php\\\/2025\\\/12\\\/11\\\/sc-assembleia-proibe-cotas-raciais-em-universidades-estaduais\\\/\",\"url\":\"https:\\\/\\\/mrnews.com.br\\\/index.php\\\/2025\\\/12\\\/11\\\/sc-assembleia-proibe-cotas-raciais-em-universidades-estaduais\\\/\",\"name\":\"SC: Assembleia pro\u00edbe cotas raciais em universidades estaduais\",\"isPartOf\":{\"@id\":\"https:\\\/\\\/mrnews.com.br\\\/#website\"},\"datePublished\":\"2025-12-11T17:17:22+00:00\",\"breadcrumb\":{\"@id\":\"https:\\\/\\\/mrnews.com.br\\\/index.php\\\/2025\\\/12\\\/11\\\/sc-assembleia-proibe-cotas-raciais-em-universidades-estaduais\\\/#breadcrumb\"},\"inLanguage\":\"pt-BR\",\"potentialAction\":[{\"@type\":\"ReadAction\",\"target\":[\"https:\\\/\\\/mrnews.com.br\\\/index.php\\\/2025\\\/12\\\/11\\\/sc-assembleia-proibe-cotas-raciais-em-universidades-estaduais\\\/\"]}]},{\"@type\":\"BreadcrumbList\",\"@id\":\"https:\\\/\\\/mrnews.com.br\\\/index.php\\\/2025\\\/12\\\/11\\\/sc-assembleia-proibe-cotas-raciais-em-universidades-estaduais\\\/#breadcrumb\",\"itemListElement\":[{\"@type\":\"ListItem\",\"position\":1,\"name\":\"In\u00edcio\",\"item\":\"https:\\\/\\\/mrnews.com.br\\\/\"},{\"@type\":\"ListItem\",\"position\":2,\"name\":\"SC: Assembleia pro\u00edbe cotas raciais em universidades estaduais\"}]},{\"@type\":\"WebSite\",\"@id\":\"https:\\\/\\\/mrnews.com.br\\\/#website\",\"url\":\"https:\\\/\\\/mrnews.com.br\\\/\",\"name\":\"MRNews\",\"description\":\"MRNews Jogos de hoje da TV, transmiss\u00f5es ao vivo, Not\u00edcias de futebol, Jogos ao vivo, Lives, resumo de novelas, Programa\u00e7\u00e3o da Globo, A Fazenda e BBB\",\"publisher\":{\"@id\":\"https:\\\/\\\/mrnews.com.br\\\/#organization\"},\"potentialAction\":[{\"@type\":\"SearchAction\",\"target\":{\"@type\":\"EntryPoint\",\"urlTemplate\":\"https:\\\/\\\/mrnews.com.br\\\/?s={search_term_string}\"},\"query-input\":{\"@type\":\"PropertyValueSpecification\",\"valueRequired\":true,\"valueName\":\"search_term_string\"}}],\"inLanguage\":\"pt-BR\"},{\"@type\":\"Organization\",\"@id\":\"https:\\\/\\\/mrnews.com.br\\\/#organization\",\"name\":\"MRNews\",\"url\":\"https:\\\/\\\/mrnews.com.br\\\/\",\"logo\":{\"@type\":\"ImageObject\",\"inLanguage\":\"pt-BR\",\"@id\":\"https:\\\/\\\/mrnews.com.br\\\/#\\\/schema\\\/logo\\\/image\\\/\",\"url\":\"https:\\\/\\\/mrnews.com.br\\\/wp-content\\\/uploads\\\/2019\\\/06\\\/MRNewslogo2.png\",\"contentUrl\":\"https:\\\/\\\/mrnews.com.br\\\/wp-content\\\/uploads\\\/2019\\\/06\\\/MRNewslogo2.png\",\"width\":223,\"height\":58,\"caption\":\"MRNews\"},\"image\":{\"@id\":\"https:\\\/\\\/mrnews.com.br\\\/#\\\/schema\\\/logo\\\/image\\\/\"},\"sameAs\":[\"https:\\\/\\\/www.facebook.com\\\/eaipahpah\\\/?locale2=pt_BR\",\"https:\\\/\\\/x.com\\\/conspirou\",\"https:\\\/\\\/www.instagram.com\\\/eai_pahpah\",\"https:\\\/\\\/br.pinterest.com\\\/mrnewsn\\\/boards\\\/\",\"https:\\\/\\\/www.youtube.com\\\/channel\\\/UCacgnpznQ61fifLWr1tQ-vA?view_as=subscriber\"]},{\"@type\":\"Person\",\"@id\":\"https:\\\/\\\/mrnews.com.br\\\/#\\\/schema\\\/person\\\/be3203154562a9f207407861cef7827b\",\"name\":\"MR News\",\"image\":{\"@type\":\"ImageObject\",\"inLanguage\":\"pt-BR\",\"@id\":\"https:\\\/\\\/secure.gravatar.com\\\/avatar\\\/04084e6d73c042b8646e7c17b494073bf0ede3ea13c7105cfc45cbbbc28385a4?s=96&d=monsterid&r=g\",\"url\":\"https:\\\/\\\/secure.gravatar.com\\\/avatar\\\/04084e6d73c042b8646e7c17b494073bf0ede3ea13c7105cfc45cbbbc28385a4?s=96&d=monsterid&r=g\",\"contentUrl\":\"https:\\\/\\\/secure.gravatar.com\\\/avatar\\\/04084e6d73c042b8646e7c17b494073bf0ede3ea13c7105cfc45cbbbc28385a4?s=96&d=monsterid&r=g\",\"caption\":\"MR News\"},\"description\":\"Especializado em jornalismo colaborativo pela FTP em n\u00edvel de p\u00f3s-gradua\u00e7\u00e3o. suporte@oimeliga.combr\",\"sameAs\":[\"HUGO R.\",\"Admin\"],\"url\":\"https:\\\/\\\/mrnews.com.br\\\/index.php\\\/author\\\/admin\\\/\"}]}<\/script>\n<!-- \/ Yoast SEO plugin. -->","yoast_head_json":{"title":"SC: Assembleia pro\u00edbe cotas raciais em universidades estaduais","robots":{"index":"index","follow":"follow","max-snippet":"max-snippet:-1","max-image-preview":"max-image-preview:large","max-video-preview":"max-video-preview:-1"},"canonical":"https:\/\/mrnews.com.br\/index.php\/2025\/12\/11\/sc-assembleia-proibe-cotas-raciais-em-universidades-estaduais\/","og_locale":"pt_BR","og_type":"article","og_title":"SC: Assembleia pro\u00edbe cotas raciais em universidades estaduais","og_description":"Por EBC, A Assembleia Legislativa do Estado de Santa Catarina (Alesc) aprovou projeto de lei que pro\u00edbe cotas raciais em universidades estaduais. A proibi\u00e7\u00e3o\u00a0vale para o ingresso de estudantes e de funcion\u00e1rios nos quadros. O Projeto 753\/2025, de autoria do deputado Alex Brasil (PL), n\u00e3o cita textualmente cotas raciais, mas n\u00e3o as inclui\u00a0nas reservas de &hellip;","og_url":"https:\/\/mrnews.com.br\/index.php\/2025\/12\/11\/sc-assembleia-proibe-cotas-raciais-em-universidades-estaduais\/","og_site_name":"MRNews","article_publisher":"https:\/\/www.facebook.com\/eaipahpah\/?locale2=pt_BR","article_published_time":"2025-12-11T17:17:22+00:00","author":"MR News","twitter_card":"summary_large_image","twitter_creator":"@conspirou","twitter_site":"@conspirou","twitter_misc":{"Escrito por":"MR News","Est. tempo de leitura":"4 minutos"},"schema":{"@context":"https:\/\/schema.org","@graph":[{"@type":"Article","@id":"https:\/\/mrnews.com.br\/index.php\/2025\/12\/11\/sc-assembleia-proibe-cotas-raciais-em-universidades-estaduais\/#article","isPartOf":{"@id":"https:\/\/mrnews.com.br\/index.php\/2025\/12\/11\/sc-assembleia-proibe-cotas-raciais-em-universidades-estaduais\/"},"author":{"name":"MR News","@id":"https:\/\/mrnews.com.br\/#\/schema\/person\/be3203154562a9f207407861cef7827b"},"headline":"SC: Assembleia pro\u00edbe cotas raciais em universidades estaduais","datePublished":"2025-12-11T17:17:22+00:00","mainEntityOfPage":{"@id":"https:\/\/mrnews.com.br\/index.php\/2025\/12\/11\/sc-assembleia-proibe-cotas-raciais-em-universidades-estaduais\/"},"wordCount":805,"commentCount":0,"publisher":{"@id":"https:\/\/mrnews.com.br\/#organization"},"articleSection":["ENTRETENIMENTO","NOTICIAS","SERVI\u00c7OS"],"inLanguage":"pt-BR","potentialAction":[{"@type":"CommentAction","name":"Comment","target":["https:\/\/mrnews.com.br\/index.php\/2025\/12\/11\/sc-assembleia-proibe-cotas-raciais-em-universidades-estaduais\/#respond"]}]},{"@type":"WebPage","@id":"https:\/\/mrnews.com.br\/index.php\/2025\/12\/11\/sc-assembleia-proibe-cotas-raciais-em-universidades-estaduais\/","url":"https:\/\/mrnews.com.br\/index.php\/2025\/12\/11\/sc-assembleia-proibe-cotas-raciais-em-universidades-estaduais\/","name":"SC: Assembleia pro\u00edbe cotas raciais em universidades estaduais","isPartOf":{"@id":"https:\/\/mrnews.com.br\/#website"},"datePublished":"2025-12-11T17:17:22+00:00","breadcrumb":{"@id":"https:\/\/mrnews.com.br\/index.php\/2025\/12\/11\/sc-assembleia-proibe-cotas-raciais-em-universidades-estaduais\/#breadcrumb"},"inLanguage":"pt-BR","potentialAction":[{"@type":"ReadAction","target":["https:\/\/mrnews.com.br\/index.php\/2025\/12\/11\/sc-assembleia-proibe-cotas-raciais-em-universidades-estaduais\/"]}]},{"@type":"BreadcrumbList","@id":"https:\/\/mrnews.com.br\/index.php\/2025\/12\/11\/sc-assembleia-proibe-cotas-raciais-em-universidades-estaduais\/#breadcrumb","itemListElement":[{"@type":"ListItem","position":1,"name":"In\u00edcio","item":"https:\/\/mrnews.com.br\/"},{"@type":"ListItem","position":2,"name":"SC: Assembleia pro\u00edbe cotas raciais em universidades estaduais"}]},{"@type":"WebSite","@id":"https:\/\/mrnews.com.br\/#website","url":"https:\/\/mrnews.com.br\/","name":"MRNews","description":"MRNews Jogos de hoje da TV, transmiss\u00f5es ao vivo, Not\u00edcias de futebol, Jogos ao vivo, Lives, resumo de novelas, Programa\u00e7\u00e3o da Globo, A Fazenda e BBB","publisher":{"@id":"https:\/\/mrnews.com.br\/#organization"},"potentialAction":[{"@type":"SearchAction","target":{"@type":"EntryPoint","urlTemplate":"https:\/\/mrnews.com.br\/?s={search_term_string}"},"query-input":{"@type":"PropertyValueSpecification","valueRequired":true,"valueName":"search_term_string"}}],"inLanguage":"pt-BR"},{"@type":"Organization","@id":"https:\/\/mrnews.com.br\/#organization","name":"MRNews","url":"https:\/\/mrnews.com.br\/","logo":{"@type":"ImageObject","inLanguage":"pt-BR","@id":"https:\/\/mrnews.com.br\/#\/schema\/logo\/image\/","url":"https:\/\/mrnews.com.br\/wp-content\/uploads\/2019\/06\/MRNewslogo2.png","contentUrl":"https:\/\/mrnews.com.br\/wp-content\/uploads\/2019\/06\/MRNewslogo2.png","width":223,"height":58,"caption":"MRNews"},"image":{"@id":"https:\/\/mrnews.com.br\/#\/schema\/logo\/image\/"},"sameAs":["https:\/\/www.facebook.com\/eaipahpah\/?locale2=pt_BR","https:\/\/x.com\/conspirou","https:\/\/www.instagram.com\/eai_pahpah","https:\/\/br.pinterest.com\/mrnewsn\/boards\/","https:\/\/www.youtube.com\/channel\/UCacgnpznQ61fifLWr1tQ-vA?view_as=subscriber"]},{"@type":"Person","@id":"https:\/\/mrnews.com.br\/#\/schema\/person\/be3203154562a9f207407861cef7827b","name":"MR News","image":{"@type":"ImageObject","inLanguage":"pt-BR","@id":"https:\/\/secure.gravatar.com\/avatar\/04084e6d73c042b8646e7c17b494073bf0ede3ea13c7105cfc45cbbbc28385a4?s=96&d=monsterid&r=g","url":"https:\/\/secure.gravatar.com\/avatar\/04084e6d73c042b8646e7c17b494073bf0ede3ea13c7105cfc45cbbbc28385a4?s=96&d=monsterid&r=g","contentUrl":"https:\/\/secure.gravatar.com\/avatar\/04084e6d73c042b8646e7c17b494073bf0ede3ea13c7105cfc45cbbbc28385a4?s=96&d=monsterid&r=g","caption":"MR News"},"description":"Especializado em jornalismo colaborativo pela FTP em n\u00edvel de p\u00f3s-gradua\u00e7\u00e3o. suporte@oimeliga.combr","sameAs":["HUGO R.","Admin"],"url":"https:\/\/mrnews.com.br\/index.php\/author\/admin\/"}]}},"jetpack_featured_media_url":"","jetpack_sharing_enabled":true,"jetpack_shortlink":"https:\/\/wp.me\/pa2Qf7-1TW6","amp_enabled":true,"_links":{"self":[{"href":"https:\/\/mrnews.com.br\/index.php\/wp-json\/wp\/v2\/posts\/453350","targetHints":{"allow":["GET"]}}],"collection":[{"href":"https:\/\/mrnews.com.br\/index.php\/wp-json\/wp\/v2\/posts"}],"about":[{"href":"https:\/\/mrnews.com.br\/index.php\/wp-json\/wp\/v2\/types\/post"}],"author":[{"embeddable":true,"href":"https:\/\/mrnews.com.br\/index.php\/wp-json\/wp\/v2\/users\/1"}],"replies":[{"embeddable":true,"href":"https:\/\/mrnews.com.br\/index.php\/wp-json\/wp\/v2\/comments?post=453350"}],"version-history":[{"count":0,"href":"https:\/\/mrnews.com.br\/index.php\/wp-json\/wp\/v2\/posts\/453350\/revisions"}],"wp:attachment":[{"href":"https:\/\/mrnews.com.br\/index.php\/wp-json\/wp\/v2\/media?parent=453350"}],"wp:term":[{"taxonomy":"category","embeddable":true,"href":"https:\/\/mrnews.com.br\/index.php\/wp-json\/wp\/v2\/categories?post=453350"},{"taxonomy":"post_tag","embeddable":true,"href":"https:\/\/mrnews.com.br\/index.php\/wp-json\/wp\/v2\/tags?post=453350"}],"curies":[{"name":"wp","href":"https:\/\/api.w.org\/{rel}","templated":true}]}}