{"id":453352,"date":"2025-12-11T15:41:16","date_gmt":"2025-12-11T18:41:16","guid":{"rendered":"https:\/\/mrnews.com.br\/index.php\/2025\/12\/11\/entidades-condenam-em-audiencia-no-senado-cerceamento-a-jornalistas\/"},"modified":"2025-12-11T15:41:16","modified_gmt":"2025-12-11T18:41:16","slug":"entidades-condenam-em-audiencia-no-senado-cerceamento-a-jornalistas","status":"publish","type":"post","link":"https:\/\/mrnews.com.br\/index.php\/2025\/12\/11\/entidades-condenam-em-audiencia-no-senado-cerceamento-a-jornalistas\/","title":{"rendered":"Entidades condenam, em audi\u00eancia no Senado, cerceamento a jornalistas"},"content":{"rendered":"<p>Por EBC, <\/p>\n<div>\n<p>A a\u00e7\u00e3o violenta de policiais legislativos contra jornalistas e o epis\u00f3dio de censura com a interrup\u00e7\u00e3o do sinal da <em>TV C\u00e2mara<\/em> e a retirada de profissionais de imprensa do plen\u00e1rio da C\u00e2mara dos Deputados motivou uma audi\u00eancia p\u00fablica no Senado, nesta quinta-feira (11). <strong>Entidades representativas lamentaram o cerceamento do direito \u00e0 informa\u00e7\u00e3o ocorrido na ter\u00e7a-feira (9).<\/strong><\/p>\n<p>O epis\u00f3dio ocorreu ap\u00f3s o deputado Glauber Braga (PSOL-RJ) ocupar a cadeira da presid\u00eancia da Casa em protesto contra o presidente da C\u00e2mara dos Deputados, Hugo Motta (Republicanos-PB). Enquanto Braga era retirado \u00e0 for\u00e7a do local, jornalistas, fot\u00f3grafos, cinegrafistas e assessores de imprensa tamb\u00e9m sofreram agress\u00e3o.<\/p>\n<p><strong>Ao abrir a audi\u00eancia p\u00fablica, na Comiss\u00e3o de Direitos Humanos, o senador Paulo Paim (PT-RS), autor do pedido, declarou que acompanhou o caso inicialmente pela televis\u00e3o e depois por v\u00eddeos registrados em celulares e divulgados.<\/strong>\u00a0<\/p>\n<p>\u201cTodos n\u00f3s ficamos chocados com a viol\u00eancia sofrida por jornalistas na noite de ter\u00e7a-feira na C\u00e2mara dos Deputados. Minha solidariedade a todos profissionais de imprensa\u201d, declarou o senador, \u00fanico parlamentar a se manifestar na sess\u00e3o.<\/p>\n<p><strong>O presidente da Associa\u00e7\u00e3o Brasileira de Imprensa (ABI), Oct\u00e1vio Costa, anunciou que a institui\u00e7\u00e3o deu entrada em uma representa\u00e7\u00e3o junto \u00e0 Procuradoria-Geral da Rep\u00fablica (PGR) em que pede a\u00e7\u00e3o contra o deputado Hugo Motta por crime de responsabilidade, pelo ato de censura que infringe a Constitui\u00e7\u00e3o Federal.<\/strong><\/p>\n<blockquote>\n<p>\u201cIsso n\u00e3o pode ficar impune. N\u00e3o queremos s\u00f3 uma explica\u00e7\u00e3o, queremos puni\u00e7\u00e3o deste presidente da C\u00e2mara. O que ele fez \u00e9 lament\u00e1vel e afeta a todos n\u00f3s\u201d, defendeu.<\/p>\n<\/blockquote>\n<p>Costa disse que a entidade tamb\u00e9m protocolar\u00e1 outras representa\u00e7\u00f5es de den\u00fancia na Comiss\u00e3o de Direitos Humanos da Casa, da Organiza\u00e7\u00e3o dos Estados Americanos (OEA) e na Comiss\u00e3o de \u00c9tica da C\u00e2mara dos Deputados.<\/p>\n<p><strong>\u201cQuando um presidente da C\u00e2mara dos Deputados d\u00e1 o exemplo que o senhor Hugo Motta deu, \u00e0s v\u00e9speras de uma elei\u00e7\u00e3o, \u00e9 altamente preocupante, por isso que digo que \u00e9 importante que haja uma resposta judicial contra o que ocorreu\u201d, refor\u00e7a.<\/strong><\/p>\n<p>Na avalia\u00e7\u00e3o da coordenadora de Incid\u00eancia para a Am\u00e9rica Latina da Rep\u00f3rteres sem Fronteiras (RSF), Bia Barbosa, o epis\u00f3dio de viol\u00eancia e censura \u00e9 fruto de uma banaliza\u00e7\u00e3o e naturaliza\u00e7\u00e3o do cerceamento da atividade jornal\u00edstica e de comunica\u00e7\u00e3o no pa\u00eds.\u00a0<\/p>\n<p><strong>\u201cIsso foi brutalmente intensificado durante o governo [Jair] Bolsonaro e se espraiou e capilarizou na nossa sociedade de tal maneira que mesmo depois de uma mudan\u00e7a de governo e dessa mudan\u00e7a de institucionalidade em rela\u00e7\u00e3o \u00e0 imprensa, n\u00e3o fez com que epis\u00f3dios como esse deixassem de acontecer\u201d, avaliou.<\/strong><\/p>\n<h2>Viol\u00eancia<\/h2>\n<p>A presidente da Associa\u00e7\u00e3o Brasileira de Jornalismo Investigativo (Abraji), K\u00e1tia Brembatti, afirma que a postura de pol\u00edticos, agentes de seguran\u00e7a e at\u00e9 mesmo do cidad\u00e3o comum sofreu uma escalada de abordagem violeta que se manifesta de diversas formas, seja na viol\u00eancia f\u00edsica, verbal ou na viol\u00eancia judicial, que ocorre com a intimida\u00e7\u00e3o a partir da abertura de um processo Judicial que questiona o conte\u00fado veiculado.<\/p>\n<blockquote>\n<p>\u201cA imprensa n\u00e3o est\u00e1 sob uma redoma que n\u00e3o poderia ser criticada, ela pode ser criticada, mas existem formas de fazer isso. N\u00e3o \u00e9 atacando, agredindo as pessoas. A viol\u00eancia n\u00e3o \u00e9 leg\u00edtima em nenhuma face\u201d, afirma.<\/p>\n<\/blockquote>\n<p>De acordo com K\u00e1tia, h\u00e1 atualmente no Brasil 654 processos que s\u00e3o caracterizados como ass\u00e9dio judicial a partir de uma classifica\u00e7\u00e3o j\u00e1 reconhecida judicialmente pelo Supremo Tribunal Federal.<\/p>\n<p><strong>\u201cEsses processos intimidam os jornalistas. Eles sufocam financeiramente as empresas e criam um autopoliciamento. A sociedade deixa de ser informada quando um jornalista pensa cinco vezes antes de abordar um assunto porque aquele assunto vai dar dor de cabe\u00e7a\u201d, alerta.<\/strong><\/p>\n<p>Samira Cunha, presidente da Federa\u00e7\u00e3o Nacional dos Jornalistas (Fenaj), lembrou que o Relat\u00f3rio Anual da Viol\u00eancia contra Jornalistas e Liberdade de Imprensa aponta que, somente em 2024, houve 144 casos no Brasil.\u00a0<\/p>\n<p><strong>\u201cAinda \u00e9 um n\u00famero que choca e que n\u00e3o podemos naturalizar\u201d, ressalta.<\/strong><\/p>\n<p>Na avalia\u00e7\u00e3o da presidente da Fenaj, o cerceamento do trabalho da imprensa resulta na perda do direito \u00e0 informa\u00e7\u00e3o aos cidad\u00e3os.\u00a0<\/p>\n<p>\u201cEm um pa\u00eds que se diz democr\u00e1tico, impedir a imprensa de fazer o trabalho dela sob qualquer forma de viol\u00eancia, de amea\u00e7a nas redes sociais a uma agress\u00e3o verbal, que muito rapidamente passa para outros tipos de viol\u00eancia, como o ass\u00e9dio judicial, resulta na censura, na autocensura, e \u00e9 absolutamente injustific\u00e1vel\u201d.<\/p>\n<p>      <!-- Relacionada --><\/p>\n<p>            <!-- Relacionada -->\n    <\/div>\n","protected":false},"excerpt":{"rendered":"<p>Por EBC, A a\u00e7\u00e3o violenta de policiais legislativos contra jornalistas e o epis\u00f3dio de censura com a interrup\u00e7\u00e3o do sinal da TV C\u00e2mara e a retirada de profissionais de imprensa do plen\u00e1rio da C\u00e2mara dos Deputados motivou uma audi\u00eancia p\u00fablica no Senado, nesta quinta-feira (11). Entidades representativas lamentaram o cerceamento do direito \u00e0 informa\u00e7\u00e3o ocorrido &hellip;<\/p>\n","protected":false},"author":1,"featured_media":0,"comment_status":"open","ping_status":"open","sticky":false,"template":"","format":"standard","meta":{"_jetpack_memberships_contains_paid_content":false,"footnotes":""},"categories":[2,12225,4],"tags":[],"class_list":["post-453352","post","type-post","status-publish","format-standard","hentry","category-entretenimento","category-noticias","category-servicos"],"yoast_head":"<!-- This site is optimized with the Yoast SEO plugin v27.5 - https:\/\/yoast.com\/product\/yoast-seo-wordpress\/ -->\n<title>Entidades condenam, em audi\u00eancia no Senado, cerceamento a jornalistas<\/title>\n<meta name=\"robots\" content=\"index, follow, max-snippet:-1, max-image-preview:large, max-video-preview:-1\" \/>\n<link rel=\"canonical\" href=\"https:\/\/mrnews.com.br\/index.php\/2025\/12\/11\/entidades-condenam-em-audiencia-no-senado-cerceamento-a-jornalistas\/\" \/>\n<meta property=\"og:locale\" content=\"pt_BR\" \/>\n<meta property=\"og:type\" content=\"article\" \/>\n<meta property=\"og:title\" content=\"Entidades condenam, em audi\u00eancia no Senado, cerceamento a jornalistas\" \/>\n<meta property=\"og:description\" content=\"Por EBC, A a\u00e7\u00e3o violenta de policiais legislativos contra jornalistas e o epis\u00f3dio de censura com a interrup\u00e7\u00e3o do sinal da TV C\u00e2mara e a retirada de profissionais de imprensa do plen\u00e1rio da C\u00e2mara dos Deputados motivou uma audi\u00eancia p\u00fablica no Senado, nesta quinta-feira (11). Entidades representativas lamentaram o cerceamento do direito \u00e0 informa\u00e7\u00e3o ocorrido &hellip;\" \/>\n<meta property=\"og:url\" content=\"https:\/\/mrnews.com.br\/index.php\/2025\/12\/11\/entidades-condenam-em-audiencia-no-senado-cerceamento-a-jornalistas\/\" \/>\n<meta property=\"og:site_name\" content=\"MRNews\" \/>\n<meta property=\"article:publisher\" content=\"https:\/\/www.facebook.com\/eaipahpah\/?locale2=pt_BR\" \/>\n<meta property=\"article:published_time\" content=\"2025-12-11T18:41:16+00:00\" \/>\n<meta name=\"author\" content=\"MR News\" \/>\n<meta name=\"twitter:card\" content=\"summary_large_image\" \/>\n<meta name=\"twitter:creator\" content=\"@conspirou\" \/>\n<meta name=\"twitter:site\" content=\"@conspirou\" \/>\n<meta name=\"twitter:label1\" content=\"Escrito por\" \/>\n\t<meta name=\"twitter:data1\" content=\"MR News\" \/>\n\t<meta name=\"twitter:label2\" content=\"Est. tempo de leitura\" \/>\n\t<meta name=\"twitter:data2\" content=\"4 minutos\" \/>\n<script type=\"application\/ld+json\" class=\"yoast-schema-graph\">{\"@context\":\"https:\\\/\\\/schema.org\",\"@graph\":[{\"@type\":\"Article\",\"@id\":\"https:\\\/\\\/mrnews.com.br\\\/index.php\\\/2025\\\/12\\\/11\\\/entidades-condenam-em-audiencia-no-senado-cerceamento-a-jornalistas\\\/#article\",\"isPartOf\":{\"@id\":\"https:\\\/\\\/mrnews.com.br\\\/index.php\\\/2025\\\/12\\\/11\\\/entidades-condenam-em-audiencia-no-senado-cerceamento-a-jornalistas\\\/\"},\"author\":{\"name\":\"MR News\",\"@id\":\"https:\\\/\\\/mrnews.com.br\\\/#\\\/schema\\\/person\\\/be3203154562a9f207407861cef7827b\"},\"headline\":\"Entidades condenam, em audi\u00eancia no Senado, cerceamento a jornalistas\",\"datePublished\":\"2025-12-11T18:41:16+00:00\",\"mainEntityOfPage\":{\"@id\":\"https:\\\/\\\/mrnews.com.br\\\/index.php\\\/2025\\\/12\\\/11\\\/entidades-condenam-em-audiencia-no-senado-cerceamento-a-jornalistas\\\/\"},\"wordCount\":797,\"commentCount\":0,\"publisher\":{\"@id\":\"https:\\\/\\\/mrnews.com.br\\\/#organization\"},\"articleSection\":[\"ENTRETENIMENTO\",\"NOTICIAS\",\"SERVI\u00c7OS\"],\"inLanguage\":\"pt-BR\",\"potentialAction\":[{\"@type\":\"CommentAction\",\"name\":\"Comment\",\"target\":[\"https:\\\/\\\/mrnews.com.br\\\/index.php\\\/2025\\\/12\\\/11\\\/entidades-condenam-em-audiencia-no-senado-cerceamento-a-jornalistas\\\/#respond\"]}]},{\"@type\":\"WebPage\",\"@id\":\"https:\\\/\\\/mrnews.com.br\\\/index.php\\\/2025\\\/12\\\/11\\\/entidades-condenam-em-audiencia-no-senado-cerceamento-a-jornalistas\\\/\",\"url\":\"https:\\\/\\\/mrnews.com.br\\\/index.php\\\/2025\\\/12\\\/11\\\/entidades-condenam-em-audiencia-no-senado-cerceamento-a-jornalistas\\\/\",\"name\":\"Entidades condenam, em audi\u00eancia no Senado, cerceamento a jornalistas\",\"isPartOf\":{\"@id\":\"https:\\\/\\\/mrnews.com.br\\\/#website\"},\"datePublished\":\"2025-12-11T18:41:16+00:00\",\"breadcrumb\":{\"@id\":\"https:\\\/\\\/mrnews.com.br\\\/index.php\\\/2025\\\/12\\\/11\\\/entidades-condenam-em-audiencia-no-senado-cerceamento-a-jornalistas\\\/#breadcrumb\"},\"inLanguage\":\"pt-BR\",\"potentialAction\":[{\"@type\":\"ReadAction\",\"target\":[\"https:\\\/\\\/mrnews.com.br\\\/index.php\\\/2025\\\/12\\\/11\\\/entidades-condenam-em-audiencia-no-senado-cerceamento-a-jornalistas\\\/\"]}]},{\"@type\":\"BreadcrumbList\",\"@id\":\"https:\\\/\\\/mrnews.com.br\\\/index.php\\\/2025\\\/12\\\/11\\\/entidades-condenam-em-audiencia-no-senado-cerceamento-a-jornalistas\\\/#breadcrumb\",\"itemListElement\":[{\"@type\":\"ListItem\",\"position\":1,\"name\":\"In\u00edcio\",\"item\":\"https:\\\/\\\/mrnews.com.br\\\/\"},{\"@type\":\"ListItem\",\"position\":2,\"name\":\"Entidades condenam, em audi\u00eancia no Senado, cerceamento a jornalistas\"}]},{\"@type\":\"WebSite\",\"@id\":\"https:\\\/\\\/mrnews.com.br\\\/#website\",\"url\":\"https:\\\/\\\/mrnews.com.br\\\/\",\"name\":\"MRNews\",\"description\":\"MRNews Jogos de hoje da TV, transmiss\u00f5es ao vivo, Not\u00edcias de futebol, Jogos ao vivo, Lives, resumo de novelas, Programa\u00e7\u00e3o da Globo, A Fazenda e BBB\",\"publisher\":{\"@id\":\"https:\\\/\\\/mrnews.com.br\\\/#organization\"},\"potentialAction\":[{\"@type\":\"SearchAction\",\"target\":{\"@type\":\"EntryPoint\",\"urlTemplate\":\"https:\\\/\\\/mrnews.com.br\\\/?s={search_term_string}\"},\"query-input\":{\"@type\":\"PropertyValueSpecification\",\"valueRequired\":true,\"valueName\":\"search_term_string\"}}],\"inLanguage\":\"pt-BR\"},{\"@type\":\"Organization\",\"@id\":\"https:\\\/\\\/mrnews.com.br\\\/#organization\",\"name\":\"MRNews\",\"url\":\"https:\\\/\\\/mrnews.com.br\\\/\",\"logo\":{\"@type\":\"ImageObject\",\"inLanguage\":\"pt-BR\",\"@id\":\"https:\\\/\\\/mrnews.com.br\\\/#\\\/schema\\\/logo\\\/image\\\/\",\"url\":\"https:\\\/\\\/mrnews.com.br\\\/wp-content\\\/uploads\\\/2019\\\/06\\\/MRNewslogo2.png\",\"contentUrl\":\"https:\\\/\\\/mrnews.com.br\\\/wp-content\\\/uploads\\\/2019\\\/06\\\/MRNewslogo2.png\",\"width\":223,\"height\":58,\"caption\":\"MRNews\"},\"image\":{\"@id\":\"https:\\\/\\\/mrnews.com.br\\\/#\\\/schema\\\/logo\\\/image\\\/\"},\"sameAs\":[\"https:\\\/\\\/www.facebook.com\\\/eaipahpah\\\/?locale2=pt_BR\",\"https:\\\/\\\/x.com\\\/conspirou\",\"https:\\\/\\\/www.instagram.com\\\/eai_pahpah\",\"https:\\\/\\\/br.pinterest.com\\\/mrnewsn\\\/boards\\\/\",\"https:\\\/\\\/www.youtube.com\\\/channel\\\/UCacgnpznQ61fifLWr1tQ-vA?view_as=subscriber\"]},{\"@type\":\"Person\",\"@id\":\"https:\\\/\\\/mrnews.com.br\\\/#\\\/schema\\\/person\\\/be3203154562a9f207407861cef7827b\",\"name\":\"MR News\",\"image\":{\"@type\":\"ImageObject\",\"inLanguage\":\"pt-BR\",\"@id\":\"https:\\\/\\\/secure.gravatar.com\\\/avatar\\\/04084e6d73c042b8646e7c17b494073bf0ede3ea13c7105cfc45cbbbc28385a4?s=96&d=monsterid&r=g\",\"url\":\"https:\\\/\\\/secure.gravatar.com\\\/avatar\\\/04084e6d73c042b8646e7c17b494073bf0ede3ea13c7105cfc45cbbbc28385a4?s=96&d=monsterid&r=g\",\"contentUrl\":\"https:\\\/\\\/secure.gravatar.com\\\/avatar\\\/04084e6d73c042b8646e7c17b494073bf0ede3ea13c7105cfc45cbbbc28385a4?s=96&d=monsterid&r=g\",\"caption\":\"MR News\"},\"description\":\"Especializado em jornalismo colaborativo pela FTP em n\u00edvel de p\u00f3s-gradua\u00e7\u00e3o. suporte@oimeliga.combr\",\"sameAs\":[\"HUGO R.\",\"Admin\"],\"url\":\"https:\\\/\\\/mrnews.com.br\\\/index.php\\\/author\\\/admin\\\/\"}]}<\/script>\n<!-- \/ Yoast SEO plugin. -->","yoast_head_json":{"title":"Entidades condenam, em audi\u00eancia no Senado, cerceamento a jornalistas","robots":{"index":"index","follow":"follow","max-snippet":"max-snippet:-1","max-image-preview":"max-image-preview:large","max-video-preview":"max-video-preview:-1"},"canonical":"https:\/\/mrnews.com.br\/index.php\/2025\/12\/11\/entidades-condenam-em-audiencia-no-senado-cerceamento-a-jornalistas\/","og_locale":"pt_BR","og_type":"article","og_title":"Entidades condenam, em audi\u00eancia no Senado, cerceamento a jornalistas","og_description":"Por EBC, A a\u00e7\u00e3o violenta de policiais legislativos contra jornalistas e o epis\u00f3dio de censura com a interrup\u00e7\u00e3o do sinal da TV C\u00e2mara e a retirada de profissionais de imprensa do plen\u00e1rio da C\u00e2mara dos Deputados motivou uma audi\u00eancia p\u00fablica no Senado, nesta quinta-feira (11). Entidades representativas lamentaram o cerceamento do direito \u00e0 informa\u00e7\u00e3o ocorrido &hellip;","og_url":"https:\/\/mrnews.com.br\/index.php\/2025\/12\/11\/entidades-condenam-em-audiencia-no-senado-cerceamento-a-jornalistas\/","og_site_name":"MRNews","article_publisher":"https:\/\/www.facebook.com\/eaipahpah\/?locale2=pt_BR","article_published_time":"2025-12-11T18:41:16+00:00","author":"MR News","twitter_card":"summary_large_image","twitter_creator":"@conspirou","twitter_site":"@conspirou","twitter_misc":{"Escrito por":"MR News","Est. tempo de leitura":"4 minutos"},"schema":{"@context":"https:\/\/schema.org","@graph":[{"@type":"Article","@id":"https:\/\/mrnews.com.br\/index.php\/2025\/12\/11\/entidades-condenam-em-audiencia-no-senado-cerceamento-a-jornalistas\/#article","isPartOf":{"@id":"https:\/\/mrnews.com.br\/index.php\/2025\/12\/11\/entidades-condenam-em-audiencia-no-senado-cerceamento-a-jornalistas\/"},"author":{"name":"MR News","@id":"https:\/\/mrnews.com.br\/#\/schema\/person\/be3203154562a9f207407861cef7827b"},"headline":"Entidades condenam, em audi\u00eancia no Senado, cerceamento a jornalistas","datePublished":"2025-12-11T18:41:16+00:00","mainEntityOfPage":{"@id":"https:\/\/mrnews.com.br\/index.php\/2025\/12\/11\/entidades-condenam-em-audiencia-no-senado-cerceamento-a-jornalistas\/"},"wordCount":797,"commentCount":0,"publisher":{"@id":"https:\/\/mrnews.com.br\/#organization"},"articleSection":["ENTRETENIMENTO","NOTICIAS","SERVI\u00c7OS"],"inLanguage":"pt-BR","potentialAction":[{"@type":"CommentAction","name":"Comment","target":["https:\/\/mrnews.com.br\/index.php\/2025\/12\/11\/entidades-condenam-em-audiencia-no-senado-cerceamento-a-jornalistas\/#respond"]}]},{"@type":"WebPage","@id":"https:\/\/mrnews.com.br\/index.php\/2025\/12\/11\/entidades-condenam-em-audiencia-no-senado-cerceamento-a-jornalistas\/","url":"https:\/\/mrnews.com.br\/index.php\/2025\/12\/11\/entidades-condenam-em-audiencia-no-senado-cerceamento-a-jornalistas\/","name":"Entidades condenam, em audi\u00eancia no Senado, cerceamento a jornalistas","isPartOf":{"@id":"https:\/\/mrnews.com.br\/#website"},"datePublished":"2025-12-11T18:41:16+00:00","breadcrumb":{"@id":"https:\/\/mrnews.com.br\/index.php\/2025\/12\/11\/entidades-condenam-em-audiencia-no-senado-cerceamento-a-jornalistas\/#breadcrumb"},"inLanguage":"pt-BR","potentialAction":[{"@type":"ReadAction","target":["https:\/\/mrnews.com.br\/index.php\/2025\/12\/11\/entidades-condenam-em-audiencia-no-senado-cerceamento-a-jornalistas\/"]}]},{"@type":"BreadcrumbList","@id":"https:\/\/mrnews.com.br\/index.php\/2025\/12\/11\/entidades-condenam-em-audiencia-no-senado-cerceamento-a-jornalistas\/#breadcrumb","itemListElement":[{"@type":"ListItem","position":1,"name":"In\u00edcio","item":"https:\/\/mrnews.com.br\/"},{"@type":"ListItem","position":2,"name":"Entidades condenam, em audi\u00eancia no Senado, cerceamento a jornalistas"}]},{"@type":"WebSite","@id":"https:\/\/mrnews.com.br\/#website","url":"https:\/\/mrnews.com.br\/","name":"MRNews","description":"MRNews Jogos de hoje da TV, transmiss\u00f5es ao vivo, Not\u00edcias de futebol, Jogos ao vivo, Lives, resumo de novelas, Programa\u00e7\u00e3o da Globo, A Fazenda e BBB","publisher":{"@id":"https:\/\/mrnews.com.br\/#organization"},"potentialAction":[{"@type":"SearchAction","target":{"@type":"EntryPoint","urlTemplate":"https:\/\/mrnews.com.br\/?s={search_term_string}"},"query-input":{"@type":"PropertyValueSpecification","valueRequired":true,"valueName":"search_term_string"}}],"inLanguage":"pt-BR"},{"@type":"Organization","@id":"https:\/\/mrnews.com.br\/#organization","name":"MRNews","url":"https:\/\/mrnews.com.br\/","logo":{"@type":"ImageObject","inLanguage":"pt-BR","@id":"https:\/\/mrnews.com.br\/#\/schema\/logo\/image\/","url":"https:\/\/mrnews.com.br\/wp-content\/uploads\/2019\/06\/MRNewslogo2.png","contentUrl":"https:\/\/mrnews.com.br\/wp-content\/uploads\/2019\/06\/MRNewslogo2.png","width":223,"height":58,"caption":"MRNews"},"image":{"@id":"https:\/\/mrnews.com.br\/#\/schema\/logo\/image\/"},"sameAs":["https:\/\/www.facebook.com\/eaipahpah\/?locale2=pt_BR","https:\/\/x.com\/conspirou","https:\/\/www.instagram.com\/eai_pahpah","https:\/\/br.pinterest.com\/mrnewsn\/boards\/","https:\/\/www.youtube.com\/channel\/UCacgnpznQ61fifLWr1tQ-vA?view_as=subscriber"]},{"@type":"Person","@id":"https:\/\/mrnews.com.br\/#\/schema\/person\/be3203154562a9f207407861cef7827b","name":"MR News","image":{"@type":"ImageObject","inLanguage":"pt-BR","@id":"https:\/\/secure.gravatar.com\/avatar\/04084e6d73c042b8646e7c17b494073bf0ede3ea13c7105cfc45cbbbc28385a4?s=96&d=monsterid&r=g","url":"https:\/\/secure.gravatar.com\/avatar\/04084e6d73c042b8646e7c17b494073bf0ede3ea13c7105cfc45cbbbc28385a4?s=96&d=monsterid&r=g","contentUrl":"https:\/\/secure.gravatar.com\/avatar\/04084e6d73c042b8646e7c17b494073bf0ede3ea13c7105cfc45cbbbc28385a4?s=96&d=monsterid&r=g","caption":"MR News"},"description":"Especializado em jornalismo colaborativo pela FTP em n\u00edvel de p\u00f3s-gradua\u00e7\u00e3o. suporte@oimeliga.combr","sameAs":["HUGO R.","Admin"],"url":"https:\/\/mrnews.com.br\/index.php\/author\/admin\/"}]}},"jetpack_featured_media_url":"","jetpack_sharing_enabled":true,"jetpack_shortlink":"https:\/\/wp.me\/pa2Qf7-1TW8","amp_enabled":true,"_links":{"self":[{"href":"https:\/\/mrnews.com.br\/index.php\/wp-json\/wp\/v2\/posts\/453352","targetHints":{"allow":["GET"]}}],"collection":[{"href":"https:\/\/mrnews.com.br\/index.php\/wp-json\/wp\/v2\/posts"}],"about":[{"href":"https:\/\/mrnews.com.br\/index.php\/wp-json\/wp\/v2\/types\/post"}],"author":[{"embeddable":true,"href":"https:\/\/mrnews.com.br\/index.php\/wp-json\/wp\/v2\/users\/1"}],"replies":[{"embeddable":true,"href":"https:\/\/mrnews.com.br\/index.php\/wp-json\/wp\/v2\/comments?post=453352"}],"version-history":[{"count":0,"href":"https:\/\/mrnews.com.br\/index.php\/wp-json\/wp\/v2\/posts\/453352\/revisions"}],"wp:attachment":[{"href":"https:\/\/mrnews.com.br\/index.php\/wp-json\/wp\/v2\/media?parent=453352"}],"wp:term":[{"taxonomy":"category","embeddable":true,"href":"https:\/\/mrnews.com.br\/index.php\/wp-json\/wp\/v2\/categories?post=453352"},{"taxonomy":"post_tag","embeddable":true,"href":"https:\/\/mrnews.com.br\/index.php\/wp-json\/wp\/v2\/tags?post=453352"}],"curies":[{"name":"wp","href":"https:\/\/api.w.org\/{rel}","templated":true}]}}