{"id":453425,"date":"2025-12-13T13:12:14","date_gmt":"2025-12-13T16:12:14","guid":{"rendered":"https:\/\/mrnews.com.br\/index.php\/2025\/12\/13\/candidatos-negros-do-cnu-precisam-passar-por-etapa-de-confirmacao\/"},"modified":"2025-12-13T13:12:14","modified_gmt":"2025-12-13T16:12:14","slug":"candidatos-negros-do-cnu-precisam-passar-por-etapa-de-confirmacao","status":"publish","type":"post","link":"https:\/\/mrnews.com.br\/index.php\/2025\/12\/13\/candidatos-negros-do-cnu-precisam-passar-por-etapa-de-confirmacao\/","title":{"rendered":"Candidatos negros do CNU precisam passar por etapa de confirma\u00e7\u00e3o"},"content":{"rendered":"<p>Por EBC, <\/p>\n<div>\n<p><strong>Pelo menos 14.651 candidatos que se declararam negros\u00a0na segunda edi\u00e7\u00e3o do Concurso P\u00fablico Nacional Unificado (CPNU 2) precisam participar, neste final de semana (dias 13 e 14), da etapa de confirma\u00e7\u00e3o das a\u00e7\u00f5es afirmativas<\/strong>. O procedimento vai ser realizado em 224 munic\u00edpios brasileiros.<\/p>\n<p>O Minist\u00e9rio da Gest\u00e3o e da Inova\u00e7\u00e3o em Servi\u00e7os P\u00fablicos (MGI) disponibilizou a rela\u00e7\u00e3o dos locais para realizar o procedimento (confira aqui).<\/p>\n<p>A organiza\u00e7\u00e3o do concurso salienta que <strong>os convocados n\u00e3o podem faltar ou se recusar a\u00a0participar de qualquer etapa \u2013 incluindo filmagem e biometria<\/strong>. Se n\u00e3o houver a confirma\u00e7\u00e3o, o candidato perde direito \u00e0 vaga reservada. Nesses casos, a pessoa permanecer\u00e1 apenas na ampla concorr\u00eancia, desde que tenha nota suficiente.<\/p>\n<p>Neste s\u00e1bado, no per\u00edodo da manh\u00e3, os port\u00f5es abriram \u00e0s 7h e fecharam \u00e0s 7h45, com in\u00edcio das atividades \u00e0s 8h. \u00c0 tarde, a abertura ocorre \u00e0s 13h, com fechamento \u00e0s 13h45, e in\u00edcio \u00e0s 14h. No domingo, os candidatos ter\u00e3o de observar os mesmos hor\u00e1rios deste s\u00e1bado.<\/p>\n<h2>Verifica\u00e7\u00e3o<\/h2>\n<p>Segundo explica o governo,<strong> a verifica\u00e7\u00e3o \u00e9 exclusivamente fenot\u00edpica e \u00e9 conduzida por uma comiss\u00e3o formada por cinco integrantes, com diversidade de g\u00eanero, cor e, sempre que poss\u00edvel, origem regional.<\/strong> A etapa inclui registro de foto e filmagem, al\u00e9m da coleta biom\u00e9trica.<\/p>\n<p>A confirma\u00e7\u00e3o complementar \u00e0 autodeclara\u00e7\u00e3o \u00e9 presencial e ocorrer\u00e1 na mesma cidade escolhida pelo candidato\u00a0para a realiza\u00e7\u00e3o das provas. A etapa est\u00e1 prevista na legisla\u00e7\u00e3o que regulamenta as a\u00e7\u00f5es afirmativas no servi\u00e7o p\u00fablico federal.<\/p>\n<p>Nesta segunda edi\u00e7\u00e3o do concurso unificado, foi ampliado para 25% o percentual de vagas reservadas para pessoas negras e foram criadas cotas para pessoas ind\u00edgenas (3%) e quilombolas (2%). A reserva para pessoas com defici\u00eancia permanece em 5%, conforme a Lei n\u00ba 8.112\/1990.<\/p>\n<p>      <!-- Relacionada --><\/p>\n<p>            <!-- Relacionada -->\n    <\/div>\n","protected":false},"excerpt":{"rendered":"<p>Por EBC, Pelo menos 14.651 candidatos que se declararam negros\u00a0na segunda edi\u00e7\u00e3o do Concurso P\u00fablico Nacional Unificado (CPNU 2) precisam participar, neste final de semana (dias 13 e 14), da etapa de confirma\u00e7\u00e3o das a\u00e7\u00f5es afirmativas. O procedimento vai ser realizado em 224 munic\u00edpios brasileiros. O Minist\u00e9rio da Gest\u00e3o e da Inova\u00e7\u00e3o em Servi\u00e7os P\u00fablicos &hellip;<\/p>\n","protected":false},"author":1,"featured_media":0,"comment_status":"open","ping_status":"open","sticky":false,"template":"","format":"standard","meta":{"_jetpack_memberships_contains_paid_content":false,"footnotes":""},"categories":[2,12225,4],"tags":[],"class_list":["post-453425","post","type-post","status-publish","format-standard","hentry","category-entretenimento","category-noticias","category-servicos"],"yoast_head":"<!-- This site is optimized with the Yoast SEO plugin v27.5 - https:\/\/yoast.com\/product\/yoast-seo-wordpress\/ -->\n<title>Candidatos negros do CNU precisam passar por etapa de confirma\u00e7\u00e3o<\/title>\n<meta name=\"robots\" content=\"index, follow, max-snippet:-1, max-image-preview:large, max-video-preview:-1\" \/>\n<link rel=\"canonical\" href=\"https:\/\/mrnews.com.br\/index.php\/2025\/12\/13\/candidatos-negros-do-cnu-precisam-passar-por-etapa-de-confirmacao\/\" \/>\n<meta property=\"og:locale\" content=\"pt_BR\" \/>\n<meta property=\"og:type\" content=\"article\" \/>\n<meta property=\"og:title\" content=\"Candidatos negros do CNU precisam passar por etapa de confirma\u00e7\u00e3o\" \/>\n<meta property=\"og:description\" content=\"Por EBC, Pelo menos 14.651 candidatos que se declararam negros\u00a0na segunda edi\u00e7\u00e3o do Concurso P\u00fablico Nacional Unificado (CPNU 2) precisam participar, neste final de semana (dias 13 e 14), da etapa de confirma\u00e7\u00e3o das a\u00e7\u00f5es afirmativas. O procedimento vai ser realizado em 224 munic\u00edpios brasileiros. O Minist\u00e9rio da Gest\u00e3o e da Inova\u00e7\u00e3o em Servi\u00e7os P\u00fablicos &hellip;\" \/>\n<meta property=\"og:url\" content=\"https:\/\/mrnews.com.br\/index.php\/2025\/12\/13\/candidatos-negros-do-cnu-precisam-passar-por-etapa-de-confirmacao\/\" \/>\n<meta property=\"og:site_name\" content=\"MRNews\" \/>\n<meta property=\"article:publisher\" content=\"https:\/\/www.facebook.com\/eaipahpah\/?locale2=pt_BR\" \/>\n<meta property=\"article:published_time\" content=\"2025-12-13T16:12:14+00:00\" \/>\n<meta name=\"author\" content=\"MR News\" \/>\n<meta name=\"twitter:card\" content=\"summary_large_image\" \/>\n<meta name=\"twitter:creator\" content=\"@conspirou\" \/>\n<meta name=\"twitter:site\" content=\"@conspirou\" \/>\n<meta name=\"twitter:label1\" content=\"Escrito por\" \/>\n\t<meta name=\"twitter:data1\" content=\"MR News\" \/>\n\t<meta name=\"twitter:label2\" content=\"Est. tempo de leitura\" \/>\n\t<meta name=\"twitter:data2\" content=\"2 minutos\" \/>\n<script type=\"application\/ld+json\" class=\"yoast-schema-graph\">{\"@context\":\"https:\\\/\\\/schema.org\",\"@graph\":[{\"@type\":\"Article\",\"@id\":\"https:\\\/\\\/mrnews.com.br\\\/index.php\\\/2025\\\/12\\\/13\\\/candidatos-negros-do-cnu-precisam-passar-por-etapa-de-confirmacao\\\/#article\",\"isPartOf\":{\"@id\":\"https:\\\/\\\/mrnews.com.br\\\/index.php\\\/2025\\\/12\\\/13\\\/candidatos-negros-do-cnu-precisam-passar-por-etapa-de-confirmacao\\\/\"},\"author\":{\"name\":\"MR News\",\"@id\":\"https:\\\/\\\/mrnews.com.br\\\/#\\\/schema\\\/person\\\/be3203154562a9f207407861cef7827b\"},\"headline\":\"Candidatos negros do CNU precisam passar por etapa de confirma\u00e7\u00e3o\",\"datePublished\":\"2025-12-13T16:12:14+00:00\",\"mainEntityOfPage\":{\"@id\":\"https:\\\/\\\/mrnews.com.br\\\/index.php\\\/2025\\\/12\\\/13\\\/candidatos-negros-do-cnu-precisam-passar-por-etapa-de-confirmacao\\\/\"},\"wordCount\":323,\"commentCount\":0,\"publisher\":{\"@id\":\"https:\\\/\\\/mrnews.com.br\\\/#organization\"},\"articleSection\":[\"ENTRETENIMENTO\",\"NOTICIAS\",\"SERVI\u00c7OS\"],\"inLanguage\":\"pt-BR\",\"potentialAction\":[{\"@type\":\"CommentAction\",\"name\":\"Comment\",\"target\":[\"https:\\\/\\\/mrnews.com.br\\\/index.php\\\/2025\\\/12\\\/13\\\/candidatos-negros-do-cnu-precisam-passar-por-etapa-de-confirmacao\\\/#respond\"]}]},{\"@type\":\"WebPage\",\"@id\":\"https:\\\/\\\/mrnews.com.br\\\/index.php\\\/2025\\\/12\\\/13\\\/candidatos-negros-do-cnu-precisam-passar-por-etapa-de-confirmacao\\\/\",\"url\":\"https:\\\/\\\/mrnews.com.br\\\/index.php\\\/2025\\\/12\\\/13\\\/candidatos-negros-do-cnu-precisam-passar-por-etapa-de-confirmacao\\\/\",\"name\":\"Candidatos negros do CNU precisam passar por etapa de confirma\u00e7\u00e3o\",\"isPartOf\":{\"@id\":\"https:\\\/\\\/mrnews.com.br\\\/#website\"},\"datePublished\":\"2025-12-13T16:12:14+00:00\",\"breadcrumb\":{\"@id\":\"https:\\\/\\\/mrnews.com.br\\\/index.php\\\/2025\\\/12\\\/13\\\/candidatos-negros-do-cnu-precisam-passar-por-etapa-de-confirmacao\\\/#breadcrumb\"},\"inLanguage\":\"pt-BR\",\"potentialAction\":[{\"@type\":\"ReadAction\",\"target\":[\"https:\\\/\\\/mrnews.com.br\\\/index.php\\\/2025\\\/12\\\/13\\\/candidatos-negros-do-cnu-precisam-passar-por-etapa-de-confirmacao\\\/\"]}]},{\"@type\":\"BreadcrumbList\",\"@id\":\"https:\\\/\\\/mrnews.com.br\\\/index.php\\\/2025\\\/12\\\/13\\\/candidatos-negros-do-cnu-precisam-passar-por-etapa-de-confirmacao\\\/#breadcrumb\",\"itemListElement\":[{\"@type\":\"ListItem\",\"position\":1,\"name\":\"In\u00edcio\",\"item\":\"https:\\\/\\\/mrnews.com.br\\\/\"},{\"@type\":\"ListItem\",\"position\":2,\"name\":\"Candidatos negros do CNU precisam passar por etapa de confirma\u00e7\u00e3o\"}]},{\"@type\":\"WebSite\",\"@id\":\"https:\\\/\\\/mrnews.com.br\\\/#website\",\"url\":\"https:\\\/\\\/mrnews.com.br\\\/\",\"name\":\"MRNews\",\"description\":\"MRNews Jogos de hoje da TV, transmiss\u00f5es ao vivo, Not\u00edcias de futebol, Jogos ao vivo, Lives, resumo de novelas, Programa\u00e7\u00e3o da Globo, A Fazenda e BBB\",\"publisher\":{\"@id\":\"https:\\\/\\\/mrnews.com.br\\\/#organization\"},\"potentialAction\":[{\"@type\":\"SearchAction\",\"target\":{\"@type\":\"EntryPoint\",\"urlTemplate\":\"https:\\\/\\\/mrnews.com.br\\\/?s={search_term_string}\"},\"query-input\":{\"@type\":\"PropertyValueSpecification\",\"valueRequired\":true,\"valueName\":\"search_term_string\"}}],\"inLanguage\":\"pt-BR\"},{\"@type\":\"Organization\",\"@id\":\"https:\\\/\\\/mrnews.com.br\\\/#organization\",\"name\":\"MRNews\",\"url\":\"https:\\\/\\\/mrnews.com.br\\\/\",\"logo\":{\"@type\":\"ImageObject\",\"inLanguage\":\"pt-BR\",\"@id\":\"https:\\\/\\\/mrnews.com.br\\\/#\\\/schema\\\/logo\\\/image\\\/\",\"url\":\"https:\\\/\\\/mrnews.com.br\\\/wp-content\\\/uploads\\\/2019\\\/06\\\/MRNewslogo2.png\",\"contentUrl\":\"https:\\\/\\\/mrnews.com.br\\\/wp-content\\\/uploads\\\/2019\\\/06\\\/MRNewslogo2.png\",\"width\":223,\"height\":58,\"caption\":\"MRNews\"},\"image\":{\"@id\":\"https:\\\/\\\/mrnews.com.br\\\/#\\\/schema\\\/logo\\\/image\\\/\"},\"sameAs\":[\"https:\\\/\\\/www.facebook.com\\\/eaipahpah\\\/?locale2=pt_BR\",\"https:\\\/\\\/x.com\\\/conspirou\",\"https:\\\/\\\/www.instagram.com\\\/eai_pahpah\",\"https:\\\/\\\/br.pinterest.com\\\/mrnewsn\\\/boards\\\/\",\"https:\\\/\\\/www.youtube.com\\\/channel\\\/UCacgnpznQ61fifLWr1tQ-vA?view_as=subscriber\"]},{\"@type\":\"Person\",\"@id\":\"https:\\\/\\\/mrnews.com.br\\\/#\\\/schema\\\/person\\\/be3203154562a9f207407861cef7827b\",\"name\":\"MR News\",\"image\":{\"@type\":\"ImageObject\",\"inLanguage\":\"pt-BR\",\"@id\":\"https:\\\/\\\/secure.gravatar.com\\\/avatar\\\/04084e6d73c042b8646e7c17b494073bf0ede3ea13c7105cfc45cbbbc28385a4?s=96&d=monsterid&r=g\",\"url\":\"https:\\\/\\\/secure.gravatar.com\\\/avatar\\\/04084e6d73c042b8646e7c17b494073bf0ede3ea13c7105cfc45cbbbc28385a4?s=96&d=monsterid&r=g\",\"contentUrl\":\"https:\\\/\\\/secure.gravatar.com\\\/avatar\\\/04084e6d73c042b8646e7c17b494073bf0ede3ea13c7105cfc45cbbbc28385a4?s=96&d=monsterid&r=g\",\"caption\":\"MR News\"},\"description\":\"Especializado em jornalismo colaborativo pela FTP em n\u00edvel de p\u00f3s-gradua\u00e7\u00e3o. suporte@oimeliga.combr\",\"sameAs\":[\"HUGO R.\",\"Admin\"],\"url\":\"https:\\\/\\\/mrnews.com.br\\\/index.php\\\/author\\\/admin\\\/\"}]}<\/script>\n<!-- \/ Yoast SEO plugin. -->","yoast_head_json":{"title":"Candidatos negros do CNU precisam passar por etapa de confirma\u00e7\u00e3o","robots":{"index":"index","follow":"follow","max-snippet":"max-snippet:-1","max-image-preview":"max-image-preview:large","max-video-preview":"max-video-preview:-1"},"canonical":"https:\/\/mrnews.com.br\/index.php\/2025\/12\/13\/candidatos-negros-do-cnu-precisam-passar-por-etapa-de-confirmacao\/","og_locale":"pt_BR","og_type":"article","og_title":"Candidatos negros do CNU precisam passar por etapa de confirma\u00e7\u00e3o","og_description":"Por EBC, Pelo menos 14.651 candidatos que se declararam negros\u00a0na segunda edi\u00e7\u00e3o do Concurso P\u00fablico Nacional Unificado (CPNU 2) precisam participar, neste final de semana (dias 13 e 14), da etapa de confirma\u00e7\u00e3o das a\u00e7\u00f5es afirmativas. O procedimento vai ser realizado em 224 munic\u00edpios brasileiros. O Minist\u00e9rio da Gest\u00e3o e da Inova\u00e7\u00e3o em Servi\u00e7os P\u00fablicos &hellip;","og_url":"https:\/\/mrnews.com.br\/index.php\/2025\/12\/13\/candidatos-negros-do-cnu-precisam-passar-por-etapa-de-confirmacao\/","og_site_name":"MRNews","article_publisher":"https:\/\/www.facebook.com\/eaipahpah\/?locale2=pt_BR","article_published_time":"2025-12-13T16:12:14+00:00","author":"MR News","twitter_card":"summary_large_image","twitter_creator":"@conspirou","twitter_site":"@conspirou","twitter_misc":{"Escrito por":"MR News","Est. tempo de leitura":"2 minutos"},"schema":{"@context":"https:\/\/schema.org","@graph":[{"@type":"Article","@id":"https:\/\/mrnews.com.br\/index.php\/2025\/12\/13\/candidatos-negros-do-cnu-precisam-passar-por-etapa-de-confirmacao\/#article","isPartOf":{"@id":"https:\/\/mrnews.com.br\/index.php\/2025\/12\/13\/candidatos-negros-do-cnu-precisam-passar-por-etapa-de-confirmacao\/"},"author":{"name":"MR News","@id":"https:\/\/mrnews.com.br\/#\/schema\/person\/be3203154562a9f207407861cef7827b"},"headline":"Candidatos negros do CNU precisam passar por etapa de confirma\u00e7\u00e3o","datePublished":"2025-12-13T16:12:14+00:00","mainEntityOfPage":{"@id":"https:\/\/mrnews.com.br\/index.php\/2025\/12\/13\/candidatos-negros-do-cnu-precisam-passar-por-etapa-de-confirmacao\/"},"wordCount":323,"commentCount":0,"publisher":{"@id":"https:\/\/mrnews.com.br\/#organization"},"articleSection":["ENTRETENIMENTO","NOTICIAS","SERVI\u00c7OS"],"inLanguage":"pt-BR","potentialAction":[{"@type":"CommentAction","name":"Comment","target":["https:\/\/mrnews.com.br\/index.php\/2025\/12\/13\/candidatos-negros-do-cnu-precisam-passar-por-etapa-de-confirmacao\/#respond"]}]},{"@type":"WebPage","@id":"https:\/\/mrnews.com.br\/index.php\/2025\/12\/13\/candidatos-negros-do-cnu-precisam-passar-por-etapa-de-confirmacao\/","url":"https:\/\/mrnews.com.br\/index.php\/2025\/12\/13\/candidatos-negros-do-cnu-precisam-passar-por-etapa-de-confirmacao\/","name":"Candidatos negros do CNU precisam passar por etapa de confirma\u00e7\u00e3o","isPartOf":{"@id":"https:\/\/mrnews.com.br\/#website"},"datePublished":"2025-12-13T16:12:14+00:00","breadcrumb":{"@id":"https:\/\/mrnews.com.br\/index.php\/2025\/12\/13\/candidatos-negros-do-cnu-precisam-passar-por-etapa-de-confirmacao\/#breadcrumb"},"inLanguage":"pt-BR","potentialAction":[{"@type":"ReadAction","target":["https:\/\/mrnews.com.br\/index.php\/2025\/12\/13\/candidatos-negros-do-cnu-precisam-passar-por-etapa-de-confirmacao\/"]}]},{"@type":"BreadcrumbList","@id":"https:\/\/mrnews.com.br\/index.php\/2025\/12\/13\/candidatos-negros-do-cnu-precisam-passar-por-etapa-de-confirmacao\/#breadcrumb","itemListElement":[{"@type":"ListItem","position":1,"name":"In\u00edcio","item":"https:\/\/mrnews.com.br\/"},{"@type":"ListItem","position":2,"name":"Candidatos negros do CNU precisam passar por etapa de confirma\u00e7\u00e3o"}]},{"@type":"WebSite","@id":"https:\/\/mrnews.com.br\/#website","url":"https:\/\/mrnews.com.br\/","name":"MRNews","description":"MRNews Jogos de hoje da TV, transmiss\u00f5es ao vivo, Not\u00edcias de futebol, Jogos ao vivo, Lives, resumo de novelas, Programa\u00e7\u00e3o da Globo, A Fazenda e BBB","publisher":{"@id":"https:\/\/mrnews.com.br\/#organization"},"potentialAction":[{"@type":"SearchAction","target":{"@type":"EntryPoint","urlTemplate":"https:\/\/mrnews.com.br\/?s={search_term_string}"},"query-input":{"@type":"PropertyValueSpecification","valueRequired":true,"valueName":"search_term_string"}}],"inLanguage":"pt-BR"},{"@type":"Organization","@id":"https:\/\/mrnews.com.br\/#organization","name":"MRNews","url":"https:\/\/mrnews.com.br\/","logo":{"@type":"ImageObject","inLanguage":"pt-BR","@id":"https:\/\/mrnews.com.br\/#\/schema\/logo\/image\/","url":"https:\/\/mrnews.com.br\/wp-content\/uploads\/2019\/06\/MRNewslogo2.png","contentUrl":"https:\/\/mrnews.com.br\/wp-content\/uploads\/2019\/06\/MRNewslogo2.png","width":223,"height":58,"caption":"MRNews"},"image":{"@id":"https:\/\/mrnews.com.br\/#\/schema\/logo\/image\/"},"sameAs":["https:\/\/www.facebook.com\/eaipahpah\/?locale2=pt_BR","https:\/\/x.com\/conspirou","https:\/\/www.instagram.com\/eai_pahpah","https:\/\/br.pinterest.com\/mrnewsn\/boards\/","https:\/\/www.youtube.com\/channel\/UCacgnpznQ61fifLWr1tQ-vA?view_as=subscriber"]},{"@type":"Person","@id":"https:\/\/mrnews.com.br\/#\/schema\/person\/be3203154562a9f207407861cef7827b","name":"MR News","image":{"@type":"ImageObject","inLanguage":"pt-BR","@id":"https:\/\/secure.gravatar.com\/avatar\/04084e6d73c042b8646e7c17b494073bf0ede3ea13c7105cfc45cbbbc28385a4?s=96&d=monsterid&r=g","url":"https:\/\/secure.gravatar.com\/avatar\/04084e6d73c042b8646e7c17b494073bf0ede3ea13c7105cfc45cbbbc28385a4?s=96&d=monsterid&r=g","contentUrl":"https:\/\/secure.gravatar.com\/avatar\/04084e6d73c042b8646e7c17b494073bf0ede3ea13c7105cfc45cbbbc28385a4?s=96&d=monsterid&r=g","caption":"MR News"},"description":"Especializado em jornalismo colaborativo pela FTP em n\u00edvel de p\u00f3s-gradua\u00e7\u00e3o. suporte@oimeliga.combr","sameAs":["HUGO R.","Admin"],"url":"https:\/\/mrnews.com.br\/index.php\/author\/admin\/"}]}},"jetpack_featured_media_url":"","jetpack_sharing_enabled":true,"jetpack_shortlink":"https:\/\/wp.me\/pa2Qf7-1TXj","amp_enabled":true,"_links":{"self":[{"href":"https:\/\/mrnews.com.br\/index.php\/wp-json\/wp\/v2\/posts\/453425","targetHints":{"allow":["GET"]}}],"collection":[{"href":"https:\/\/mrnews.com.br\/index.php\/wp-json\/wp\/v2\/posts"}],"about":[{"href":"https:\/\/mrnews.com.br\/index.php\/wp-json\/wp\/v2\/types\/post"}],"author":[{"embeddable":true,"href":"https:\/\/mrnews.com.br\/index.php\/wp-json\/wp\/v2\/users\/1"}],"replies":[{"embeddable":true,"href":"https:\/\/mrnews.com.br\/index.php\/wp-json\/wp\/v2\/comments?post=453425"}],"version-history":[{"count":0,"href":"https:\/\/mrnews.com.br\/index.php\/wp-json\/wp\/v2\/posts\/453425\/revisions"}],"wp:attachment":[{"href":"https:\/\/mrnews.com.br\/index.php\/wp-json\/wp\/v2\/media?parent=453425"}],"wp:term":[{"taxonomy":"category","embeddable":true,"href":"https:\/\/mrnews.com.br\/index.php\/wp-json\/wp\/v2\/categories?post=453425"},{"taxonomy":"post_tag","embeddable":true,"href":"https:\/\/mrnews.com.br\/index.php\/wp-json\/wp\/v2\/tags?post=453425"}],"curies":[{"name":"wp","href":"https:\/\/api.w.org\/{rel}","templated":true}]}}