{"id":453426,"date":"2025-12-13T13:54:14","date_gmt":"2025-12-13T16:54:14","guid":{"rendered":"https:\/\/mrnews.com.br\/index.php\/2025\/12\/13\/enel-diz-que-fornecimento-de-energia-deve-ser-normalizado-ate-amanha\/"},"modified":"2025-12-13T13:54:14","modified_gmt":"2025-12-13T16:54:14","slug":"enel-diz-que-fornecimento-de-energia-deve-ser-normalizado-ate-amanha","status":"publish","type":"post","link":"https:\/\/mrnews.com.br\/index.php\/2025\/12\/13\/enel-diz-que-fornecimento-de-energia-deve-ser-normalizado-ate-amanha\/","title":{"rendered":"Enel diz que fornecimento de energia deve ser normalizado at\u00e9 amanh\u00e3"},"content":{"rendered":"<p>Por EBC, <\/p>\n<div>\n<p><strong>Desde a passagem de um ciclone extratropical que provocou ventos fortes e muitos estragos pelo territ\u00f3rio paulista, mais de 417 mil moradores da Grande S\u00e3o Paulo continuam enfrentando falta de energia.<\/strong> Este \u00e9 o caso, por exemplo, da roteirista Erica Chaves, moradora do Butant\u00e3, na capital paulista. Ela est\u00e1 sem luz desde as 12h de quarta-feira (10).<\/p>\n<p>Na \u00faltima quinta-feira (11) ela conversou com a reportagem da <strong>Ag\u00eancia Brasil<\/strong> e relatou que estava chegando em casa, do mercado, quando descobriu que sua casa estava sem luz.<\/p>\n<blockquote>\n<p>\u201cA primeira coisa que eu enfrentei foi o problema de chegar aqui em casa, com as compras do mercado e encontr\u00e1-la sem luz. Algumas coisas a gente conseguiu levar para a casa de uma vizinha para botar no congelador, que eram comidas que tem uma representatividade afetiva para a gente, que a gente trouxe de uma viagem e a gente deixou no congelador para ir comendo aos poucos. Essas ai a gente deixou na casa de uma amiga, no congelador dela\u201d, relatou. \u201cO resto a gente est\u00e1 administrando aqui, algumas coisas j\u00e1 joguei fora porque n\u00e3o dava mais\u201d.<\/p>\n<\/blockquote>\n<p>Nesta manh\u00e3 de s\u00e1bado (13), ela voltou a conversar com a <strong>Ag\u00eancia Brasil<\/strong> e relatou que sua situa\u00e7\u00e3o permanece inalterada desde ent\u00e3o. A falta de energia tamb\u00e9m tem feito ela economizar o uso do celular, para economizar internet e n\u00e3o ficar sem bateria.<\/p>\n<blockquote>\n<p>\u201cO meu pai est\u00e1 internado no hospital e gra\u00e7as a Deus tem energia no hospital onde ele est\u00e1. Mas assim, eu estou economizando a internet e entrando de hora em hora na internet para economizar bateria e poder ter not\u00edcias dele\u201d, contou. \u201cAvisei a fam\u00edlia e falei: \u2018Olha, eu estou sem internet para economizar para ter mais tempo, mas o telefone est\u00e1 normal e funcionando. Ent\u00e3o me ligue para um telefone normal para qualquer emerg\u00eancia.&#8221;<\/p>\n<\/blockquote>\n<p><strong>Na regi\u00e3o do Bixiga, no centro da capital paulista, moradores fizeram um protesto na noite de ontem (12) contra falta de energia. <\/strong><\/p>\n<blockquote>\n<p>\u201cQueremos luz\u201d, gritaram os moradores da regi\u00e3o. Na manh\u00e3 de hoje, eles ainda sofriam com o problema. \u201cAinda estou sem energia e sem luz\u201d, relatou uma moradora do bairro \u00e0 reportagem.<\/p>\n<\/blockquote>\n<p>Segundo ela, o seu condom\u00ednio todo permanece sem energia e os idosos que vivem no local est\u00e3o sofrendo para subir escadas e enfrentando dificuldades para tomar banho, se alimentar e tomar seus medicamentos.<\/p>\n<p>J\u00e1 na Pompeia, na zona oeste da capital, um protesto estava marcado para ocorrer no in\u00edcio da tarde de hoje. Mas a luz, relatou uma moradora \u00e0 reportagem, acabou voltando na regi\u00e3o h\u00e1 pouco mais de uma hora.<\/p>\n<p><strong>Na manh\u00e3 deste s\u00e1bado, a Enel, companhia respons\u00e1vel pelo abastecimento de energia na Grande S\u00e3o Paulo, informou que \u201cmobilizou um n\u00famero recorde de equipes em campo\u201d desde a \u00faltima quarta-feira e que a previs\u00e3o \u00e9 de conseguir restabelecer a energia para todos os seus clientes at\u00e9 amanh\u00e3.<\/strong><\/p>\n<blockquote>\n<p>\u201cA distribuidora est\u00e1 trabalhando para restabelecer o servi\u00e7o e normalizar o fornecimento aos consumidores atingidos pelo evento meteorol\u00f3gico dos dias 10 e 11 de dezembro at\u00e9 o fim do dia de amanh\u00e3\u201d, diz a nota da companhia.<\/p>\n<\/blockquote>\n<p><strong>Segundo a Enel, a falta de energia foi provocada por \u201ccondi\u00e7\u00f5es meteorol\u00f3gicas adversas\u201d, que \u201cimpactaram significativamente as opera\u00e7\u00f5es de restabelecimento, pois as rajadas cont\u00ednuas causaram novas interrup\u00e7\u00f5es enquanto as equipes trabalhavam para religar os clientes\u201d.<\/strong><\/p>\n<p>Na noite de ontem (12), a Justi\u00e7a de S\u00e3o Paulo acatou determina\u00e7\u00e3o do Minist\u00e9rio P\u00fablico SP e da Defensoria P\u00fablica e determinou que a Enel restabele\u00e7a a energia el\u00e9trica em at\u00e9 12 horas. Caso isso n\u00e3o aconte\u00e7a, a concession\u00e1ria ser\u00e1 multada em R$ 200 mil por hora. <strong>Em resposta, a Enel afirmou que &#8220;n\u00e3o foi intimada da decis\u00e3o [da Justi\u00e7a] e segue trabalhando de maneira ininterrupta para restabelecer o fornecimento de energia ao restante da popula\u00e7\u00e3o que foi afetada pelo evento clim\u00e1tico&#8221;.<\/strong><\/p>\n<p>\u00a0<\/p>\n<p>      <!-- Relacionada --><\/p>\n<p>            <!-- Relacionada -->\n    <\/div>\n","protected":false},"excerpt":{"rendered":"<p>Por EBC, Desde a passagem de um ciclone extratropical que provocou ventos fortes e muitos estragos pelo territ\u00f3rio paulista, mais de 417 mil moradores da Grande S\u00e3o Paulo continuam enfrentando falta de energia. Este \u00e9 o caso, por exemplo, da roteirista Erica Chaves, moradora do Butant\u00e3, na capital paulista. Ela est\u00e1 sem luz desde as &hellip;<\/p>\n","protected":false},"author":1,"featured_media":0,"comment_status":"open","ping_status":"open","sticky":false,"template":"","format":"standard","meta":{"_jetpack_memberships_contains_paid_content":false,"footnotes":""},"categories":[2,12225,4],"tags":[],"class_list":["post-453426","post","type-post","status-publish","format-standard","hentry","category-entretenimento","category-noticias","category-servicos"],"yoast_head":"<!-- This site is optimized with the Yoast SEO plugin v27.5 - https:\/\/yoast.com\/product\/yoast-seo-wordpress\/ -->\n<title>Enel diz que fornecimento de energia deve ser normalizado at\u00e9 amanh\u00e3<\/title>\n<meta name=\"robots\" content=\"index, follow, max-snippet:-1, max-image-preview:large, max-video-preview:-1\" \/>\n<link rel=\"canonical\" href=\"https:\/\/mrnews.com.br\/index.php\/2025\/12\/13\/enel-diz-que-fornecimento-de-energia-deve-ser-normalizado-ate-amanha\/\" \/>\n<meta property=\"og:locale\" content=\"pt_BR\" \/>\n<meta property=\"og:type\" content=\"article\" \/>\n<meta property=\"og:title\" content=\"Enel diz que fornecimento de energia deve ser normalizado at\u00e9 amanh\u00e3\" \/>\n<meta property=\"og:description\" content=\"Por EBC, Desde a passagem de um ciclone extratropical que provocou ventos fortes e muitos estragos pelo territ\u00f3rio paulista, mais de 417 mil moradores da Grande S\u00e3o Paulo continuam enfrentando falta de energia. Este \u00e9 o caso, por exemplo, da roteirista Erica Chaves, moradora do Butant\u00e3, na capital paulista. Ela est\u00e1 sem luz desde as &hellip;\" \/>\n<meta property=\"og:url\" content=\"https:\/\/mrnews.com.br\/index.php\/2025\/12\/13\/enel-diz-que-fornecimento-de-energia-deve-ser-normalizado-ate-amanha\/\" \/>\n<meta property=\"og:site_name\" content=\"MRNews\" \/>\n<meta property=\"article:publisher\" content=\"https:\/\/www.facebook.com\/eaipahpah\/?locale2=pt_BR\" \/>\n<meta property=\"article:published_time\" content=\"2025-12-13T16:54:14+00:00\" \/>\n<meta name=\"author\" content=\"MR News\" \/>\n<meta name=\"twitter:card\" content=\"summary_large_image\" \/>\n<meta name=\"twitter:creator\" content=\"@conspirou\" \/>\n<meta name=\"twitter:site\" content=\"@conspirou\" \/>\n<meta name=\"twitter:label1\" content=\"Escrito por\" \/>\n\t<meta name=\"twitter:data1\" content=\"MR News\" \/>\n\t<meta name=\"twitter:label2\" content=\"Est. tempo de leitura\" \/>\n\t<meta name=\"twitter:data2\" content=\"3 minutos\" \/>\n<script type=\"application\/ld+json\" class=\"yoast-schema-graph\">{\"@context\":\"https:\\\/\\\/schema.org\",\"@graph\":[{\"@type\":\"Article\",\"@id\":\"https:\\\/\\\/mrnews.com.br\\\/index.php\\\/2025\\\/12\\\/13\\\/enel-diz-que-fornecimento-de-energia-deve-ser-normalizado-ate-amanha\\\/#article\",\"isPartOf\":{\"@id\":\"https:\\\/\\\/mrnews.com.br\\\/index.php\\\/2025\\\/12\\\/13\\\/enel-diz-que-fornecimento-de-energia-deve-ser-normalizado-ate-amanha\\\/\"},\"author\":{\"name\":\"MR News\",\"@id\":\"https:\\\/\\\/mrnews.com.br\\\/#\\\/schema\\\/person\\\/be3203154562a9f207407861cef7827b\"},\"headline\":\"Enel diz que fornecimento de energia deve ser normalizado at\u00e9 amanh\u00e3\",\"datePublished\":\"2025-12-13T16:54:14+00:00\",\"mainEntityOfPage\":{\"@id\":\"https:\\\/\\\/mrnews.com.br\\\/index.php\\\/2025\\\/12\\\/13\\\/enel-diz-que-fornecimento-de-energia-deve-ser-normalizado-ate-amanha\\\/\"},\"wordCount\":676,\"commentCount\":0,\"publisher\":{\"@id\":\"https:\\\/\\\/mrnews.com.br\\\/#organization\"},\"articleSection\":[\"ENTRETENIMENTO\",\"NOTICIAS\",\"SERVI\u00c7OS\"],\"inLanguage\":\"pt-BR\",\"potentialAction\":[{\"@type\":\"CommentAction\",\"name\":\"Comment\",\"target\":[\"https:\\\/\\\/mrnews.com.br\\\/index.php\\\/2025\\\/12\\\/13\\\/enel-diz-que-fornecimento-de-energia-deve-ser-normalizado-ate-amanha\\\/#respond\"]}]},{\"@type\":\"WebPage\",\"@id\":\"https:\\\/\\\/mrnews.com.br\\\/index.php\\\/2025\\\/12\\\/13\\\/enel-diz-que-fornecimento-de-energia-deve-ser-normalizado-ate-amanha\\\/\",\"url\":\"https:\\\/\\\/mrnews.com.br\\\/index.php\\\/2025\\\/12\\\/13\\\/enel-diz-que-fornecimento-de-energia-deve-ser-normalizado-ate-amanha\\\/\",\"name\":\"Enel diz que fornecimento de energia deve ser normalizado at\u00e9 amanh\u00e3\",\"isPartOf\":{\"@id\":\"https:\\\/\\\/mrnews.com.br\\\/#website\"},\"datePublished\":\"2025-12-13T16:54:14+00:00\",\"breadcrumb\":{\"@id\":\"https:\\\/\\\/mrnews.com.br\\\/index.php\\\/2025\\\/12\\\/13\\\/enel-diz-que-fornecimento-de-energia-deve-ser-normalizado-ate-amanha\\\/#breadcrumb\"},\"inLanguage\":\"pt-BR\",\"potentialAction\":[{\"@type\":\"ReadAction\",\"target\":[\"https:\\\/\\\/mrnews.com.br\\\/index.php\\\/2025\\\/12\\\/13\\\/enel-diz-que-fornecimento-de-energia-deve-ser-normalizado-ate-amanha\\\/\"]}]},{\"@type\":\"BreadcrumbList\",\"@id\":\"https:\\\/\\\/mrnews.com.br\\\/index.php\\\/2025\\\/12\\\/13\\\/enel-diz-que-fornecimento-de-energia-deve-ser-normalizado-ate-amanha\\\/#breadcrumb\",\"itemListElement\":[{\"@type\":\"ListItem\",\"position\":1,\"name\":\"In\u00edcio\",\"item\":\"https:\\\/\\\/mrnews.com.br\\\/\"},{\"@type\":\"ListItem\",\"position\":2,\"name\":\"Enel diz que fornecimento de energia deve ser normalizado at\u00e9 amanh\u00e3\"}]},{\"@type\":\"WebSite\",\"@id\":\"https:\\\/\\\/mrnews.com.br\\\/#website\",\"url\":\"https:\\\/\\\/mrnews.com.br\\\/\",\"name\":\"MRNews\",\"description\":\"MRNews Jogos de hoje da TV, transmiss\u00f5es ao vivo, Not\u00edcias de futebol, Jogos ao vivo, Lives, resumo de novelas, Programa\u00e7\u00e3o da Globo, A Fazenda e BBB\",\"publisher\":{\"@id\":\"https:\\\/\\\/mrnews.com.br\\\/#organization\"},\"potentialAction\":[{\"@type\":\"SearchAction\",\"target\":{\"@type\":\"EntryPoint\",\"urlTemplate\":\"https:\\\/\\\/mrnews.com.br\\\/?s={search_term_string}\"},\"query-input\":{\"@type\":\"PropertyValueSpecification\",\"valueRequired\":true,\"valueName\":\"search_term_string\"}}],\"inLanguage\":\"pt-BR\"},{\"@type\":\"Organization\",\"@id\":\"https:\\\/\\\/mrnews.com.br\\\/#organization\",\"name\":\"MRNews\",\"url\":\"https:\\\/\\\/mrnews.com.br\\\/\",\"logo\":{\"@type\":\"ImageObject\",\"inLanguage\":\"pt-BR\",\"@id\":\"https:\\\/\\\/mrnews.com.br\\\/#\\\/schema\\\/logo\\\/image\\\/\",\"url\":\"https:\\\/\\\/mrnews.com.br\\\/wp-content\\\/uploads\\\/2019\\\/06\\\/MRNewslogo2.png\",\"contentUrl\":\"https:\\\/\\\/mrnews.com.br\\\/wp-content\\\/uploads\\\/2019\\\/06\\\/MRNewslogo2.png\",\"width\":223,\"height\":58,\"caption\":\"MRNews\"},\"image\":{\"@id\":\"https:\\\/\\\/mrnews.com.br\\\/#\\\/schema\\\/logo\\\/image\\\/\"},\"sameAs\":[\"https:\\\/\\\/www.facebook.com\\\/eaipahpah\\\/?locale2=pt_BR\",\"https:\\\/\\\/x.com\\\/conspirou\",\"https:\\\/\\\/www.instagram.com\\\/eai_pahpah\",\"https:\\\/\\\/br.pinterest.com\\\/mrnewsn\\\/boards\\\/\",\"https:\\\/\\\/www.youtube.com\\\/channel\\\/UCacgnpznQ61fifLWr1tQ-vA?view_as=subscriber\"]},{\"@type\":\"Person\",\"@id\":\"https:\\\/\\\/mrnews.com.br\\\/#\\\/schema\\\/person\\\/be3203154562a9f207407861cef7827b\",\"name\":\"MR News\",\"image\":{\"@type\":\"ImageObject\",\"inLanguage\":\"pt-BR\",\"@id\":\"https:\\\/\\\/secure.gravatar.com\\\/avatar\\\/04084e6d73c042b8646e7c17b494073bf0ede3ea13c7105cfc45cbbbc28385a4?s=96&d=monsterid&r=g\",\"url\":\"https:\\\/\\\/secure.gravatar.com\\\/avatar\\\/04084e6d73c042b8646e7c17b494073bf0ede3ea13c7105cfc45cbbbc28385a4?s=96&d=monsterid&r=g\",\"contentUrl\":\"https:\\\/\\\/secure.gravatar.com\\\/avatar\\\/04084e6d73c042b8646e7c17b494073bf0ede3ea13c7105cfc45cbbbc28385a4?s=96&d=monsterid&r=g\",\"caption\":\"MR News\"},\"description\":\"Especializado em jornalismo colaborativo pela FTP em n\u00edvel de p\u00f3s-gradua\u00e7\u00e3o. suporte@oimeliga.combr\",\"sameAs\":[\"HUGO R.\",\"Admin\"],\"url\":\"https:\\\/\\\/mrnews.com.br\\\/index.php\\\/author\\\/admin\\\/\"}]}<\/script>\n<!-- \/ Yoast SEO plugin. -->","yoast_head_json":{"title":"Enel diz que fornecimento de energia deve ser normalizado at\u00e9 amanh\u00e3","robots":{"index":"index","follow":"follow","max-snippet":"max-snippet:-1","max-image-preview":"max-image-preview:large","max-video-preview":"max-video-preview:-1"},"canonical":"https:\/\/mrnews.com.br\/index.php\/2025\/12\/13\/enel-diz-que-fornecimento-de-energia-deve-ser-normalizado-ate-amanha\/","og_locale":"pt_BR","og_type":"article","og_title":"Enel diz que fornecimento de energia deve ser normalizado at\u00e9 amanh\u00e3","og_description":"Por EBC, Desde a passagem de um ciclone extratropical que provocou ventos fortes e muitos estragos pelo territ\u00f3rio paulista, mais de 417 mil moradores da Grande S\u00e3o Paulo continuam enfrentando falta de energia. Este \u00e9 o caso, por exemplo, da roteirista Erica Chaves, moradora do Butant\u00e3, na capital paulista. Ela est\u00e1 sem luz desde as &hellip;","og_url":"https:\/\/mrnews.com.br\/index.php\/2025\/12\/13\/enel-diz-que-fornecimento-de-energia-deve-ser-normalizado-ate-amanha\/","og_site_name":"MRNews","article_publisher":"https:\/\/www.facebook.com\/eaipahpah\/?locale2=pt_BR","article_published_time":"2025-12-13T16:54:14+00:00","author":"MR News","twitter_card":"summary_large_image","twitter_creator":"@conspirou","twitter_site":"@conspirou","twitter_misc":{"Escrito por":"MR News","Est. tempo de leitura":"3 minutos"},"schema":{"@context":"https:\/\/schema.org","@graph":[{"@type":"Article","@id":"https:\/\/mrnews.com.br\/index.php\/2025\/12\/13\/enel-diz-que-fornecimento-de-energia-deve-ser-normalizado-ate-amanha\/#article","isPartOf":{"@id":"https:\/\/mrnews.com.br\/index.php\/2025\/12\/13\/enel-diz-que-fornecimento-de-energia-deve-ser-normalizado-ate-amanha\/"},"author":{"name":"MR News","@id":"https:\/\/mrnews.com.br\/#\/schema\/person\/be3203154562a9f207407861cef7827b"},"headline":"Enel diz que fornecimento de energia deve ser normalizado at\u00e9 amanh\u00e3","datePublished":"2025-12-13T16:54:14+00:00","mainEntityOfPage":{"@id":"https:\/\/mrnews.com.br\/index.php\/2025\/12\/13\/enel-diz-que-fornecimento-de-energia-deve-ser-normalizado-ate-amanha\/"},"wordCount":676,"commentCount":0,"publisher":{"@id":"https:\/\/mrnews.com.br\/#organization"},"articleSection":["ENTRETENIMENTO","NOTICIAS","SERVI\u00c7OS"],"inLanguage":"pt-BR","potentialAction":[{"@type":"CommentAction","name":"Comment","target":["https:\/\/mrnews.com.br\/index.php\/2025\/12\/13\/enel-diz-que-fornecimento-de-energia-deve-ser-normalizado-ate-amanha\/#respond"]}]},{"@type":"WebPage","@id":"https:\/\/mrnews.com.br\/index.php\/2025\/12\/13\/enel-diz-que-fornecimento-de-energia-deve-ser-normalizado-ate-amanha\/","url":"https:\/\/mrnews.com.br\/index.php\/2025\/12\/13\/enel-diz-que-fornecimento-de-energia-deve-ser-normalizado-ate-amanha\/","name":"Enel diz que fornecimento de energia deve ser normalizado at\u00e9 amanh\u00e3","isPartOf":{"@id":"https:\/\/mrnews.com.br\/#website"},"datePublished":"2025-12-13T16:54:14+00:00","breadcrumb":{"@id":"https:\/\/mrnews.com.br\/index.php\/2025\/12\/13\/enel-diz-que-fornecimento-de-energia-deve-ser-normalizado-ate-amanha\/#breadcrumb"},"inLanguage":"pt-BR","potentialAction":[{"@type":"ReadAction","target":["https:\/\/mrnews.com.br\/index.php\/2025\/12\/13\/enel-diz-que-fornecimento-de-energia-deve-ser-normalizado-ate-amanha\/"]}]},{"@type":"BreadcrumbList","@id":"https:\/\/mrnews.com.br\/index.php\/2025\/12\/13\/enel-diz-que-fornecimento-de-energia-deve-ser-normalizado-ate-amanha\/#breadcrumb","itemListElement":[{"@type":"ListItem","position":1,"name":"In\u00edcio","item":"https:\/\/mrnews.com.br\/"},{"@type":"ListItem","position":2,"name":"Enel diz que fornecimento de energia deve ser normalizado at\u00e9 amanh\u00e3"}]},{"@type":"WebSite","@id":"https:\/\/mrnews.com.br\/#website","url":"https:\/\/mrnews.com.br\/","name":"MRNews","description":"MRNews Jogos de hoje da TV, transmiss\u00f5es ao vivo, Not\u00edcias de futebol, Jogos ao vivo, Lives, resumo de novelas, Programa\u00e7\u00e3o da Globo, A Fazenda e BBB","publisher":{"@id":"https:\/\/mrnews.com.br\/#organization"},"potentialAction":[{"@type":"SearchAction","target":{"@type":"EntryPoint","urlTemplate":"https:\/\/mrnews.com.br\/?s={search_term_string}"},"query-input":{"@type":"PropertyValueSpecification","valueRequired":true,"valueName":"search_term_string"}}],"inLanguage":"pt-BR"},{"@type":"Organization","@id":"https:\/\/mrnews.com.br\/#organization","name":"MRNews","url":"https:\/\/mrnews.com.br\/","logo":{"@type":"ImageObject","inLanguage":"pt-BR","@id":"https:\/\/mrnews.com.br\/#\/schema\/logo\/image\/","url":"https:\/\/mrnews.com.br\/wp-content\/uploads\/2019\/06\/MRNewslogo2.png","contentUrl":"https:\/\/mrnews.com.br\/wp-content\/uploads\/2019\/06\/MRNewslogo2.png","width":223,"height":58,"caption":"MRNews"},"image":{"@id":"https:\/\/mrnews.com.br\/#\/schema\/logo\/image\/"},"sameAs":["https:\/\/www.facebook.com\/eaipahpah\/?locale2=pt_BR","https:\/\/x.com\/conspirou","https:\/\/www.instagram.com\/eai_pahpah","https:\/\/br.pinterest.com\/mrnewsn\/boards\/","https:\/\/www.youtube.com\/channel\/UCacgnpznQ61fifLWr1tQ-vA?view_as=subscriber"]},{"@type":"Person","@id":"https:\/\/mrnews.com.br\/#\/schema\/person\/be3203154562a9f207407861cef7827b","name":"MR News","image":{"@type":"ImageObject","inLanguage":"pt-BR","@id":"https:\/\/secure.gravatar.com\/avatar\/04084e6d73c042b8646e7c17b494073bf0ede3ea13c7105cfc45cbbbc28385a4?s=96&d=monsterid&r=g","url":"https:\/\/secure.gravatar.com\/avatar\/04084e6d73c042b8646e7c17b494073bf0ede3ea13c7105cfc45cbbbc28385a4?s=96&d=monsterid&r=g","contentUrl":"https:\/\/secure.gravatar.com\/avatar\/04084e6d73c042b8646e7c17b494073bf0ede3ea13c7105cfc45cbbbc28385a4?s=96&d=monsterid&r=g","caption":"MR News"},"description":"Especializado em jornalismo colaborativo pela FTP em n\u00edvel de p\u00f3s-gradua\u00e7\u00e3o. suporte@oimeliga.combr","sameAs":["HUGO R.","Admin"],"url":"https:\/\/mrnews.com.br\/index.php\/author\/admin\/"}]}},"jetpack_featured_media_url":"","jetpack_sharing_enabled":true,"jetpack_shortlink":"https:\/\/wp.me\/pa2Qf7-1TXk","amp_enabled":true,"_links":{"self":[{"href":"https:\/\/mrnews.com.br\/index.php\/wp-json\/wp\/v2\/posts\/453426","targetHints":{"allow":["GET"]}}],"collection":[{"href":"https:\/\/mrnews.com.br\/index.php\/wp-json\/wp\/v2\/posts"}],"about":[{"href":"https:\/\/mrnews.com.br\/index.php\/wp-json\/wp\/v2\/types\/post"}],"author":[{"embeddable":true,"href":"https:\/\/mrnews.com.br\/index.php\/wp-json\/wp\/v2\/users\/1"}],"replies":[{"embeddable":true,"href":"https:\/\/mrnews.com.br\/index.php\/wp-json\/wp\/v2\/comments?post=453426"}],"version-history":[{"count":0,"href":"https:\/\/mrnews.com.br\/index.php\/wp-json\/wp\/v2\/posts\/453426\/revisions"}],"wp:attachment":[{"href":"https:\/\/mrnews.com.br\/index.php\/wp-json\/wp\/v2\/media?parent=453426"}],"wp:term":[{"taxonomy":"category","embeddable":true,"href":"https:\/\/mrnews.com.br\/index.php\/wp-json\/wp\/v2\/categories?post=453426"},{"taxonomy":"post_tag","embeddable":true,"href":"https:\/\/mrnews.com.br\/index.php\/wp-json\/wp\/v2\/tags?post=453426"}],"curies":[{"name":"wp","href":"https:\/\/api.w.org\/{rel}","templated":true}]}}