{"id":454018,"date":"2025-12-31T20:16:29","date_gmt":"2025-12-31T23:16:29","guid":{"rendered":"https:\/\/mrnews.com.br\/index.php\/2025\/12\/31\/defesa-de-bolsonaro-apresenta-novo-pedido-de-domiciliar-ao-stf\/"},"modified":"2025-12-31T20:16:29","modified_gmt":"2025-12-31T23:16:29","slug":"defesa-de-bolsonaro-apresenta-novo-pedido-de-domiciliar-ao-stf","status":"publish","type":"post","link":"https:\/\/mrnews.com.br\/index.php\/2025\/12\/31\/defesa-de-bolsonaro-apresenta-novo-pedido-de-domiciliar-ao-stf\/","title":{"rendered":"Defesa de Bolsonaro apresenta novo pedido de domiciliar ao STF"},"content":{"rendered":"<p>Por EBC, <\/p>\n<div>\n<p>A defesa do ex-presidente Jair Bolsonaro apresentou na tarde desta quarta-feira (31), um novo pedido para pris\u00e3o domiciliar ao Supremo Tribunal Federal (STF).<\/p>\n<p>O novo requerimento foi encaminhado ao ministro da Suprema Corte\u00a0Alexandre de Moraes,\u00a0que analisar\u00e1 os documentos.<\/p>\n<p>No novo pedido, os advogados de defesa alegam que as condi\u00e7\u00f5es de sa\u00fade do ex-presidente podem ser agravadas no cumprimento do regime fechado. Por isso, solicitam a substitui\u00e7\u00e3o da pris\u00e3o por regime domiciliar.<\/p>\n<blockquote>\n<p>&#8220;A perman\u00eancia desse paciente em estabelecimento prisional, t\u00e3o logo obtenha alta hospitalar, submeter-lhe-ia a risco concreto de agravamento s\u00fabito do estado de sa\u00fade, o que n\u00e3o encontra amparo nos princ\u00edpios da dignidade da pessoa humana, da humanidade da pena e do direito fundamental \u00e0 sa\u00fade&#8221;,\u00a0detalha o requerimento.<\/p>\n<\/blockquote>\n<p>Em outro trecho, a defesa alega que \u201ca execu\u00e7\u00e3o penal n\u00e3o pode \u2014 nem deve \u2014 converter-se em instrumento de exposi\u00e7\u00e3o indevida do apenado a riscos m\u00e9dicos relevantes e evit\u00e1veis\u201d.<\/p>\n<p>A defesa ainda citou a pris\u00e3o domiciliar que foi concedida ao tamb\u00e9m ex-presidente Fernando\u00a0Collor de Mello. \u201cNaquela oportunidade, ficaram comprovadas comorbidades relevantes, entre elas apneia do sono grave com uso obrigat\u00f3rio de CPAP, somadas \u00e0 idade avan\u00e7ada e \u00e0 necessidade de tratamento m\u00e9dico cont\u00ednuo\u201d, diz o texto, em refer\u00eancia ao ex-presidente Collor.<\/p>\n<p><strong>Possibilidade de alta<\/strong><\/p>\n<p><strong>Em entrevista coletiva \u00e0 imprensa na tarde desta quarta-feira, os m\u00e9dicos confirmaram que a previs\u00e3o de alta do ex-presidente est\u00e1 mantida para esta quinta-feira (1\u00ba). Ap\u00f3s a alta, Bolsonaro deve retornar \u00e0 Superintend\u00eancia da Pol\u00edcia Federal, onde est\u00e1 preso desde novembro ap\u00f3s condena\u00e7\u00e3o.<\/strong><\/p>\n<p>Desde a v\u00e9spera do Natal, Jair Bolsonaro est\u00e1 internado no Hospital DF Star, em Bras\u00edlia. Ele passou por cirurgias recentes para corre\u00e7\u00e3o de uma h\u00e9rnia inguinal bilateral e para tentar conter crises persistentes de solu\u00e7os.<\/p>\n<p>Atualmente, Jair Bolsonaro cumpre uma pena de 27 anos e 3 meses de reclus\u00e3o decorrente de sua condena\u00e7\u00e3o por coordenar a trama de golpe de Estado.<\/p>\n<p>A defesa ainda citou a pris\u00e3o domiciliar que foi concedida ao tamb\u00e9m ex-presidente Fernando Collor \u201cainda que se tratasse de condenado ao cumprimento de pena em regime inicial fechado.\u201d<\/p>\n<p><strong>Terceiro pedido<\/strong><\/p>\n<p>Este \u00e9 o terceiro pedido semelhante em pouco mais de um m\u00eas. Os pedidos anteriores (em 22 de novembro\u00a0e 19 de dezembro) foram negados pelo ministro Alexandre de Moraes, que citou o risco de fuga e a garantia de que o ex-presidente j\u00e1 possui acesso total a cuidados m\u00e9dicos na pris\u00e3o.<\/p>\n<p>No entanto, a peti\u00e7\u00e3o protocolada no \u00faltimo dia do ano diz que se trata de circunst\u00e2ncia nova, devidamente comprovada por documentos m\u00e9dicos.<\/p>\n<p>O advogado do ex-presidente, Paulo Cunha Bueno, relatou os riscos \u00e0 sa\u00fade enfrentados por seu cliente, a partir de relat\u00f3rio m\u00e9dico que ele relata ter tido acesso. Em publica\u00e7\u00e3o em rede social, ele lista\u00a0os poss\u00edveis riscos de agravamento do estado atual, se faltarem os cuidados adequados.<\/p>\n<p>\u201cConsiderando a idade do paciente e as comorbidades conhecidas e documentadas, salientamos que a n\u00e3o ado\u00e7\u00e3o das medidas relacionadas ou o agravamento das condi\u00e7\u00f5es cl\u00ednicas descritas, poder\u00e1 causar o risco de incid\u00eancia de s\u00e9rias complica\u00e7\u00f5es, incluindo pneumonia broncoaspirativa e insufici\u00eancia respirat\u00f3ria, acidente vascular cerebral, risco de queda com traumatismos m\u00faltiplos, especialmente traumatismo cr\u00e2nio encef\u00e1lico, piora da insufici\u00eancia renal por desidrata\u00e7\u00e3o ou hipertens\u00e3o n\u00e3o controlada, crises hipertensivas, risco de decl\u00ednio funcional e outras condi\u00e7\u00f5es imprevis\u00edveis, associadas \u00e0s demais comorbidades relatadas\u201d, publicou.<\/p>\n<p>      <!-- Relacionada --><\/p>\n<p>            <!-- Relacionada -->\n    <\/div>\n","protected":false},"excerpt":{"rendered":"<p>Por EBC, A defesa do ex-presidente Jair Bolsonaro apresentou na tarde desta quarta-feira (31), um novo pedido para pris\u00e3o domiciliar ao Supremo Tribunal Federal (STF). O novo requerimento foi encaminhado ao ministro da Suprema Corte\u00a0Alexandre de Moraes,\u00a0que analisar\u00e1 os documentos. No novo pedido, os advogados de defesa alegam que as condi\u00e7\u00f5es de sa\u00fade do ex-presidente &hellip;<\/p>\n","protected":false},"author":1,"featured_media":0,"comment_status":"open","ping_status":"open","sticky":false,"template":"","format":"standard","meta":{"_jetpack_memberships_contains_paid_content":false,"footnotes":""},"categories":[2,12225,4],"tags":[],"class_list":["post-454018","post","type-post","status-publish","format-standard","hentry","category-entretenimento","category-noticias","category-servicos"],"yoast_head":"<!-- This site is optimized with the Yoast SEO plugin v27.5 - https:\/\/yoast.com\/product\/yoast-seo-wordpress\/ -->\n<title>Defesa de Bolsonaro apresenta novo pedido de domiciliar ao STF<\/title>\n<meta name=\"robots\" content=\"index, follow, max-snippet:-1, max-image-preview:large, max-video-preview:-1\" \/>\n<link rel=\"canonical\" href=\"https:\/\/mrnews.com.br\/index.php\/2025\/12\/31\/defesa-de-bolsonaro-apresenta-novo-pedido-de-domiciliar-ao-stf\/\" \/>\n<meta property=\"og:locale\" content=\"pt_BR\" \/>\n<meta property=\"og:type\" content=\"article\" \/>\n<meta property=\"og:title\" content=\"Defesa de Bolsonaro apresenta novo pedido de domiciliar ao STF\" \/>\n<meta property=\"og:description\" content=\"Por EBC, A defesa do ex-presidente Jair Bolsonaro apresentou na tarde desta quarta-feira (31), um novo pedido para pris\u00e3o domiciliar ao Supremo Tribunal Federal (STF). O novo requerimento foi encaminhado ao ministro da Suprema Corte\u00a0Alexandre de Moraes,\u00a0que analisar\u00e1 os documentos. No novo pedido, os advogados de defesa alegam que as condi\u00e7\u00f5es de sa\u00fade do ex-presidente &hellip;\" \/>\n<meta property=\"og:url\" content=\"https:\/\/mrnews.com.br\/index.php\/2025\/12\/31\/defesa-de-bolsonaro-apresenta-novo-pedido-de-domiciliar-ao-stf\/\" \/>\n<meta property=\"og:site_name\" content=\"MRNews\" \/>\n<meta property=\"article:publisher\" content=\"https:\/\/www.facebook.com\/eaipahpah\/?locale2=pt_BR\" \/>\n<meta property=\"article:published_time\" content=\"2025-12-31T23:16:29+00:00\" \/>\n<meta name=\"author\" content=\"MR News\" \/>\n<meta name=\"twitter:card\" content=\"summary_large_image\" \/>\n<meta name=\"twitter:creator\" content=\"@conspirou\" \/>\n<meta name=\"twitter:site\" content=\"@conspirou\" \/>\n<meta name=\"twitter:label1\" content=\"Escrito por\" \/>\n\t<meta name=\"twitter:data1\" content=\"MR News\" \/>\n\t<meta name=\"twitter:label2\" content=\"Est. tempo de leitura\" \/>\n\t<meta name=\"twitter:data2\" content=\"3 minutos\" \/>\n<script type=\"application\/ld+json\" class=\"yoast-schema-graph\">{\"@context\":\"https:\\\/\\\/schema.org\",\"@graph\":[{\"@type\":\"Article\",\"@id\":\"https:\\\/\\\/mrnews.com.br\\\/index.php\\\/2025\\\/12\\\/31\\\/defesa-de-bolsonaro-apresenta-novo-pedido-de-domiciliar-ao-stf\\\/#article\",\"isPartOf\":{\"@id\":\"https:\\\/\\\/mrnews.com.br\\\/index.php\\\/2025\\\/12\\\/31\\\/defesa-de-bolsonaro-apresenta-novo-pedido-de-domiciliar-ao-stf\\\/\"},\"author\":{\"name\":\"MR News\",\"@id\":\"https:\\\/\\\/mrnews.com.br\\\/#\\\/schema\\\/person\\\/be3203154562a9f207407861cef7827b\"},\"headline\":\"Defesa de Bolsonaro apresenta novo pedido de domiciliar ao STF\",\"datePublished\":\"2025-12-31T23:16:29+00:00\",\"mainEntityOfPage\":{\"@id\":\"https:\\\/\\\/mrnews.com.br\\\/index.php\\\/2025\\\/12\\\/31\\\/defesa-de-bolsonaro-apresenta-novo-pedido-de-domiciliar-ao-stf\\\/\"},\"wordCount\":610,\"commentCount\":0,\"publisher\":{\"@id\":\"https:\\\/\\\/mrnews.com.br\\\/#organization\"},\"articleSection\":[\"ENTRETENIMENTO\",\"NOTICIAS\",\"SERVI\u00c7OS\"],\"inLanguage\":\"pt-BR\",\"potentialAction\":[{\"@type\":\"CommentAction\",\"name\":\"Comment\",\"target\":[\"https:\\\/\\\/mrnews.com.br\\\/index.php\\\/2025\\\/12\\\/31\\\/defesa-de-bolsonaro-apresenta-novo-pedido-de-domiciliar-ao-stf\\\/#respond\"]}]},{\"@type\":\"WebPage\",\"@id\":\"https:\\\/\\\/mrnews.com.br\\\/index.php\\\/2025\\\/12\\\/31\\\/defesa-de-bolsonaro-apresenta-novo-pedido-de-domiciliar-ao-stf\\\/\",\"url\":\"https:\\\/\\\/mrnews.com.br\\\/index.php\\\/2025\\\/12\\\/31\\\/defesa-de-bolsonaro-apresenta-novo-pedido-de-domiciliar-ao-stf\\\/\",\"name\":\"Defesa de Bolsonaro apresenta novo pedido de domiciliar ao STF\",\"isPartOf\":{\"@id\":\"https:\\\/\\\/mrnews.com.br\\\/#website\"},\"datePublished\":\"2025-12-31T23:16:29+00:00\",\"breadcrumb\":{\"@id\":\"https:\\\/\\\/mrnews.com.br\\\/index.php\\\/2025\\\/12\\\/31\\\/defesa-de-bolsonaro-apresenta-novo-pedido-de-domiciliar-ao-stf\\\/#breadcrumb\"},\"inLanguage\":\"pt-BR\",\"potentialAction\":[{\"@type\":\"ReadAction\",\"target\":[\"https:\\\/\\\/mrnews.com.br\\\/index.php\\\/2025\\\/12\\\/31\\\/defesa-de-bolsonaro-apresenta-novo-pedido-de-domiciliar-ao-stf\\\/\"]}]},{\"@type\":\"BreadcrumbList\",\"@id\":\"https:\\\/\\\/mrnews.com.br\\\/index.php\\\/2025\\\/12\\\/31\\\/defesa-de-bolsonaro-apresenta-novo-pedido-de-domiciliar-ao-stf\\\/#breadcrumb\",\"itemListElement\":[{\"@type\":\"ListItem\",\"position\":1,\"name\":\"In\u00edcio\",\"item\":\"https:\\\/\\\/mrnews.com.br\\\/\"},{\"@type\":\"ListItem\",\"position\":2,\"name\":\"Defesa de Bolsonaro apresenta novo pedido de domiciliar ao STF\"}]},{\"@type\":\"WebSite\",\"@id\":\"https:\\\/\\\/mrnews.com.br\\\/#website\",\"url\":\"https:\\\/\\\/mrnews.com.br\\\/\",\"name\":\"MRNews\",\"description\":\"MRNews Jogos de hoje da TV, transmiss\u00f5es ao vivo, Not\u00edcias de futebol, Jogos ao vivo, Lives, resumo de novelas, Programa\u00e7\u00e3o da Globo, A Fazenda e BBB\",\"publisher\":{\"@id\":\"https:\\\/\\\/mrnews.com.br\\\/#organization\"},\"potentialAction\":[{\"@type\":\"SearchAction\",\"target\":{\"@type\":\"EntryPoint\",\"urlTemplate\":\"https:\\\/\\\/mrnews.com.br\\\/?s={search_term_string}\"},\"query-input\":{\"@type\":\"PropertyValueSpecification\",\"valueRequired\":true,\"valueName\":\"search_term_string\"}}],\"inLanguage\":\"pt-BR\"},{\"@type\":\"Organization\",\"@id\":\"https:\\\/\\\/mrnews.com.br\\\/#organization\",\"name\":\"MRNews\",\"url\":\"https:\\\/\\\/mrnews.com.br\\\/\",\"logo\":{\"@type\":\"ImageObject\",\"inLanguage\":\"pt-BR\",\"@id\":\"https:\\\/\\\/mrnews.com.br\\\/#\\\/schema\\\/logo\\\/image\\\/\",\"url\":\"https:\\\/\\\/mrnews.com.br\\\/wp-content\\\/uploads\\\/2019\\\/06\\\/MRNewslogo2.png\",\"contentUrl\":\"https:\\\/\\\/mrnews.com.br\\\/wp-content\\\/uploads\\\/2019\\\/06\\\/MRNewslogo2.png\",\"width\":223,\"height\":58,\"caption\":\"MRNews\"},\"image\":{\"@id\":\"https:\\\/\\\/mrnews.com.br\\\/#\\\/schema\\\/logo\\\/image\\\/\"},\"sameAs\":[\"https:\\\/\\\/www.facebook.com\\\/eaipahpah\\\/?locale2=pt_BR\",\"https:\\\/\\\/x.com\\\/conspirou\",\"https:\\\/\\\/www.instagram.com\\\/eai_pahpah\",\"https:\\\/\\\/br.pinterest.com\\\/mrnewsn\\\/boards\\\/\",\"https:\\\/\\\/www.youtube.com\\\/channel\\\/UCacgnpznQ61fifLWr1tQ-vA?view_as=subscriber\"]},{\"@type\":\"Person\",\"@id\":\"https:\\\/\\\/mrnews.com.br\\\/#\\\/schema\\\/person\\\/be3203154562a9f207407861cef7827b\",\"name\":\"MR News\",\"image\":{\"@type\":\"ImageObject\",\"inLanguage\":\"pt-BR\",\"@id\":\"https:\\\/\\\/secure.gravatar.com\\\/avatar\\\/04084e6d73c042b8646e7c17b494073bf0ede3ea13c7105cfc45cbbbc28385a4?s=96&d=monsterid&r=g\",\"url\":\"https:\\\/\\\/secure.gravatar.com\\\/avatar\\\/04084e6d73c042b8646e7c17b494073bf0ede3ea13c7105cfc45cbbbc28385a4?s=96&d=monsterid&r=g\",\"contentUrl\":\"https:\\\/\\\/secure.gravatar.com\\\/avatar\\\/04084e6d73c042b8646e7c17b494073bf0ede3ea13c7105cfc45cbbbc28385a4?s=96&d=monsterid&r=g\",\"caption\":\"MR News\"},\"description\":\"Especializado em jornalismo colaborativo pela FTP em n\u00edvel de p\u00f3s-gradua\u00e7\u00e3o. suporte@oimeliga.combr\",\"sameAs\":[\"HUGO R.\",\"Admin\"],\"url\":\"https:\\\/\\\/mrnews.com.br\\\/index.php\\\/author\\\/admin\\\/\"}]}<\/script>\n<!-- \/ Yoast SEO plugin. -->","yoast_head_json":{"title":"Defesa de Bolsonaro apresenta novo pedido de domiciliar ao STF","robots":{"index":"index","follow":"follow","max-snippet":"max-snippet:-1","max-image-preview":"max-image-preview:large","max-video-preview":"max-video-preview:-1"},"canonical":"https:\/\/mrnews.com.br\/index.php\/2025\/12\/31\/defesa-de-bolsonaro-apresenta-novo-pedido-de-domiciliar-ao-stf\/","og_locale":"pt_BR","og_type":"article","og_title":"Defesa de Bolsonaro apresenta novo pedido de domiciliar ao STF","og_description":"Por EBC, A defesa do ex-presidente Jair Bolsonaro apresentou na tarde desta quarta-feira (31), um novo pedido para pris\u00e3o domiciliar ao Supremo Tribunal Federal (STF). O novo requerimento foi encaminhado ao ministro da Suprema Corte\u00a0Alexandre de Moraes,\u00a0que analisar\u00e1 os documentos. No novo pedido, os advogados de defesa alegam que as condi\u00e7\u00f5es de sa\u00fade do ex-presidente &hellip;","og_url":"https:\/\/mrnews.com.br\/index.php\/2025\/12\/31\/defesa-de-bolsonaro-apresenta-novo-pedido-de-domiciliar-ao-stf\/","og_site_name":"MRNews","article_publisher":"https:\/\/www.facebook.com\/eaipahpah\/?locale2=pt_BR","article_published_time":"2025-12-31T23:16:29+00:00","author":"MR News","twitter_card":"summary_large_image","twitter_creator":"@conspirou","twitter_site":"@conspirou","twitter_misc":{"Escrito por":"MR News","Est. tempo de leitura":"3 minutos"},"schema":{"@context":"https:\/\/schema.org","@graph":[{"@type":"Article","@id":"https:\/\/mrnews.com.br\/index.php\/2025\/12\/31\/defesa-de-bolsonaro-apresenta-novo-pedido-de-domiciliar-ao-stf\/#article","isPartOf":{"@id":"https:\/\/mrnews.com.br\/index.php\/2025\/12\/31\/defesa-de-bolsonaro-apresenta-novo-pedido-de-domiciliar-ao-stf\/"},"author":{"name":"MR News","@id":"https:\/\/mrnews.com.br\/#\/schema\/person\/be3203154562a9f207407861cef7827b"},"headline":"Defesa de Bolsonaro apresenta novo pedido de domiciliar ao STF","datePublished":"2025-12-31T23:16:29+00:00","mainEntityOfPage":{"@id":"https:\/\/mrnews.com.br\/index.php\/2025\/12\/31\/defesa-de-bolsonaro-apresenta-novo-pedido-de-domiciliar-ao-stf\/"},"wordCount":610,"commentCount":0,"publisher":{"@id":"https:\/\/mrnews.com.br\/#organization"},"articleSection":["ENTRETENIMENTO","NOTICIAS","SERVI\u00c7OS"],"inLanguage":"pt-BR","potentialAction":[{"@type":"CommentAction","name":"Comment","target":["https:\/\/mrnews.com.br\/index.php\/2025\/12\/31\/defesa-de-bolsonaro-apresenta-novo-pedido-de-domiciliar-ao-stf\/#respond"]}]},{"@type":"WebPage","@id":"https:\/\/mrnews.com.br\/index.php\/2025\/12\/31\/defesa-de-bolsonaro-apresenta-novo-pedido-de-domiciliar-ao-stf\/","url":"https:\/\/mrnews.com.br\/index.php\/2025\/12\/31\/defesa-de-bolsonaro-apresenta-novo-pedido-de-domiciliar-ao-stf\/","name":"Defesa de Bolsonaro apresenta novo pedido de domiciliar ao STF","isPartOf":{"@id":"https:\/\/mrnews.com.br\/#website"},"datePublished":"2025-12-31T23:16:29+00:00","breadcrumb":{"@id":"https:\/\/mrnews.com.br\/index.php\/2025\/12\/31\/defesa-de-bolsonaro-apresenta-novo-pedido-de-domiciliar-ao-stf\/#breadcrumb"},"inLanguage":"pt-BR","potentialAction":[{"@type":"ReadAction","target":["https:\/\/mrnews.com.br\/index.php\/2025\/12\/31\/defesa-de-bolsonaro-apresenta-novo-pedido-de-domiciliar-ao-stf\/"]}]},{"@type":"BreadcrumbList","@id":"https:\/\/mrnews.com.br\/index.php\/2025\/12\/31\/defesa-de-bolsonaro-apresenta-novo-pedido-de-domiciliar-ao-stf\/#breadcrumb","itemListElement":[{"@type":"ListItem","position":1,"name":"In\u00edcio","item":"https:\/\/mrnews.com.br\/"},{"@type":"ListItem","position":2,"name":"Defesa de Bolsonaro apresenta novo pedido de domiciliar ao STF"}]},{"@type":"WebSite","@id":"https:\/\/mrnews.com.br\/#website","url":"https:\/\/mrnews.com.br\/","name":"MRNews","description":"MRNews Jogos de hoje da TV, transmiss\u00f5es ao vivo, Not\u00edcias de futebol, Jogos ao vivo, Lives, resumo de novelas, Programa\u00e7\u00e3o da Globo, A Fazenda e BBB","publisher":{"@id":"https:\/\/mrnews.com.br\/#organization"},"potentialAction":[{"@type":"SearchAction","target":{"@type":"EntryPoint","urlTemplate":"https:\/\/mrnews.com.br\/?s={search_term_string}"},"query-input":{"@type":"PropertyValueSpecification","valueRequired":true,"valueName":"search_term_string"}}],"inLanguage":"pt-BR"},{"@type":"Organization","@id":"https:\/\/mrnews.com.br\/#organization","name":"MRNews","url":"https:\/\/mrnews.com.br\/","logo":{"@type":"ImageObject","inLanguage":"pt-BR","@id":"https:\/\/mrnews.com.br\/#\/schema\/logo\/image\/","url":"https:\/\/mrnews.com.br\/wp-content\/uploads\/2019\/06\/MRNewslogo2.png","contentUrl":"https:\/\/mrnews.com.br\/wp-content\/uploads\/2019\/06\/MRNewslogo2.png","width":223,"height":58,"caption":"MRNews"},"image":{"@id":"https:\/\/mrnews.com.br\/#\/schema\/logo\/image\/"},"sameAs":["https:\/\/www.facebook.com\/eaipahpah\/?locale2=pt_BR","https:\/\/x.com\/conspirou","https:\/\/www.instagram.com\/eai_pahpah","https:\/\/br.pinterest.com\/mrnewsn\/boards\/","https:\/\/www.youtube.com\/channel\/UCacgnpznQ61fifLWr1tQ-vA?view_as=subscriber"]},{"@type":"Person","@id":"https:\/\/mrnews.com.br\/#\/schema\/person\/be3203154562a9f207407861cef7827b","name":"MR News","image":{"@type":"ImageObject","inLanguage":"pt-BR","@id":"https:\/\/secure.gravatar.com\/avatar\/04084e6d73c042b8646e7c17b494073bf0ede3ea13c7105cfc45cbbbc28385a4?s=96&d=monsterid&r=g","url":"https:\/\/secure.gravatar.com\/avatar\/04084e6d73c042b8646e7c17b494073bf0ede3ea13c7105cfc45cbbbc28385a4?s=96&d=monsterid&r=g","contentUrl":"https:\/\/secure.gravatar.com\/avatar\/04084e6d73c042b8646e7c17b494073bf0ede3ea13c7105cfc45cbbbc28385a4?s=96&d=monsterid&r=g","caption":"MR News"},"description":"Especializado em jornalismo colaborativo pela FTP em n\u00edvel de p\u00f3s-gradua\u00e7\u00e3o. suporte@oimeliga.combr","sameAs":["HUGO R.","Admin"],"url":"https:\/\/mrnews.com.br\/index.php\/author\/admin\/"}]}},"jetpack_featured_media_url":"","jetpack_sharing_enabled":true,"jetpack_shortlink":"https:\/\/wp.me\/pa2Qf7-1U6S","amp_enabled":true,"_links":{"self":[{"href":"https:\/\/mrnews.com.br\/index.php\/wp-json\/wp\/v2\/posts\/454018","targetHints":{"allow":["GET"]}}],"collection":[{"href":"https:\/\/mrnews.com.br\/index.php\/wp-json\/wp\/v2\/posts"}],"about":[{"href":"https:\/\/mrnews.com.br\/index.php\/wp-json\/wp\/v2\/types\/post"}],"author":[{"embeddable":true,"href":"https:\/\/mrnews.com.br\/index.php\/wp-json\/wp\/v2\/users\/1"}],"replies":[{"embeddable":true,"href":"https:\/\/mrnews.com.br\/index.php\/wp-json\/wp\/v2\/comments?post=454018"}],"version-history":[{"count":0,"href":"https:\/\/mrnews.com.br\/index.php\/wp-json\/wp\/v2\/posts\/454018\/revisions"}],"wp:attachment":[{"href":"https:\/\/mrnews.com.br\/index.php\/wp-json\/wp\/v2\/media?parent=454018"}],"wp:term":[{"taxonomy":"category","embeddable":true,"href":"https:\/\/mrnews.com.br\/index.php\/wp-json\/wp\/v2\/categories?post=454018"},{"taxonomy":"post_tag","embeddable":true,"href":"https:\/\/mrnews.com.br\/index.php\/wp-json\/wp\/v2\/tags?post=454018"}],"curies":[{"name":"wp","href":"https:\/\/api.w.org\/{rel}","templated":true}]}}