{"id":454191,"date":"2026-01-07T12:37:26","date_gmt":"2026-01-07T15:37:26","guid":{"rendered":"https:\/\/mrnews.com.br\/index.php\/2026\/01\/07\/tempestade-goretti-nevascas-cancelam-centenas-de-voos-na-europa\/"},"modified":"2026-01-07T12:37:26","modified_gmt":"2026-01-07T15:37:26","slug":"tempestade-goretti-nevascas-cancelam-centenas-de-voos-na-europa","status":"publish","type":"post","link":"https:\/\/mrnews.com.br\/index.php\/2026\/01\/07\/tempestade-goretti-nevascas-cancelam-centenas-de-voos-na-europa\/","title":{"rendered":"Tempestade Goretti: nevascas cancelam centenas de voos na Europa"},"content":{"rendered":"<p>Por EBC, <\/p>\n<div>\n<p>A Europa atravessa uma onda de mau tempo, essencialmente com neve e muito vento, no momento em que a tempestade Goretti atinge, nesta quarta-feira (6), a costa atl\u00e2ntica do continente.<\/p>\n<p>Na Holanda, a nevasca levou ao cancelamento de 800 voos programados para hoje no Aeroporto Schiphol, em Amsterd\u00e3. \u00c9 o sexto dia consecutivo de interrup\u00e7\u00f5es em um dos aeroportos mais movimentados da Europa.<\/p>\n<p>Mais de mil pessoas passaram a noite em Schiphol, que informou ter colocado camas nas instala\u00e7\u00f5es e oferecido um pequeno almo\u00e7o aos viajantes obrigados a dormir no aeroporto.<\/p>\n<p>O tr\u00e1fego ferrovi\u00e1rio tamb\u00e9m est\u00e1 severamente afetado. A empresa ferrovi\u00e1ria nacional holandesa, a NS, aconselha os passageiros a adiarem suas viagens, a menos que sejam absolutamente necess\u00e1rias.<\/p>\n<p>As autoridades da Holanda pediram \u00e0 popula\u00e7\u00e3o para trabalhar de casa (homeoffice), se poss\u00edvel. Por volta das 5h desta quarta-feira (hor\u00e1rio de Bras\u00edlia), as estradas do pa\u00eds registravam mais de 700 quil\u00f4metros de congestionamentos.<\/p>\n<p>De acordo com a ag\u00eancia de not\u00edcias holandesa ANP, j\u00e1 nevou durante mais tempo este ano em De Bilt, onde s\u00e3o realizados estudos meteorol\u00f3gicos, do que nos quatro anos anteriores juntos.<\/p>\n<p>Em Bruxelas, dezenas de voos foram cancelados. O descongelamento das pistas e das asas das aeronaves tamb\u00e9m est\u00e1 causando atrasos.<\/p>\n<p>Al\u00e9m disso, h\u00e1 registro de comboios belgas parados na fronteira holandesa.<\/p>\n<h2>Fran\u00e7a\u00a0<\/h2>\n<p>Um forte nevasca caiu nesta madrugada tamb\u00e9m em Paris, com os aeroportos da capital francesa cancelando centenas de voos. Os servi\u00e7os de \u00f4nibus da capital francesa foram suspensos nesta quarta-feira devido \u00e0 neve.<\/p>\n<p>O territ\u00f3rio franc\u00eas est\u00e1 sob aviso laranja devido \u00e0s baixas temperaturas. A ag\u00eancia meteorol\u00f3gica francesa Meteo France alertou que as nevascas dever\u00e3o estender-se pelo Norte do pa\u00eds ainda nesta quarta-feira.<\/p>\n<p>As autoridades proibiram a circula\u00e7\u00e3o de caminh\u00f5es e \u00f4nibus escolares em cerca de um ter\u00e7o dos departamentos administrativos, a maioria na regi\u00e3o norte.<\/p>\n<p>A autoridade de avia\u00e7\u00e3o civil francesa pediu \u00e0s companhias a\u00e9reas que reduzissem 40% dos voos no principal aeroporto internacional de Paris, o Roissy-Charles de Gaulle, e 25% por cento dos voos no aeroporto de Orly.<\/p>\n<p>Para quinta e sexta-feira prev\u00ea-se que o sul do Reino Unido seja a regi\u00e3o mais afetada da Europa. O brit\u00e2nico Met Office explicou que os alertas de gelo v\u00e3o permanecer na Esc\u00f3cia, mas ser\u00e3o suspensos no final desta manh\u00e3 na maior parte da Inglaterra e do Pa\u00eds de Gales.<\/p>\n<p>      <!-- Relacionada --><br \/>\n            <!-- Relacionada -->\n    <\/div>\n","protected":false},"excerpt":{"rendered":"<p>Por EBC, A Europa atravessa uma onda de mau tempo, essencialmente com neve e muito vento, no momento em que a tempestade Goretti atinge, nesta quarta-feira (6), a costa atl\u00e2ntica do continente. Na Holanda, a nevasca levou ao cancelamento de 800 voos programados para hoje no Aeroporto Schiphol, em Amsterd\u00e3. \u00c9 o sexto dia consecutivo &hellip;<\/p>\n","protected":false},"author":1,"featured_media":0,"comment_status":"open","ping_status":"open","sticky":false,"template":"","format":"standard","meta":{"_jetpack_newsletter_access":"","_jetpack_dont_email_post_to_subs":false,"_jetpack_newsletter_tier_id":0,"_jetpack_memberships_contains_paywalled_content":false,"_jetpack_feature_clip_id":0,"_jetpack_memberships_contains_paid_content":false,"footnotes":"","jetpack_post_was_ever_published":false},"categories":[2,12225,4],"tags":[],"class_list":["post-454191","post","type-post","status-publish","format-standard","hentry","category-entretenimento","category-noticias","category-servicos"],"yoast_head":"<!-- This site is optimized with the Yoast SEO plugin v28.4 - https:\/\/yoast.com\/product\/yoast-seo-wordpress\/ -->\n<title>Tempestade Goretti: nevascas cancelam centenas de voos na Europa<\/title>\n<meta name=\"robots\" content=\"index, follow, max-snippet:-1, max-image-preview:large, max-video-preview:-1\" \/>\n<link rel=\"canonical\" href=\"https:\/\/mrnews.com.br\/index.php\/2026\/01\/07\/tempestade-goretti-nevascas-cancelam-centenas-de-voos-na-europa\/\" \/>\n<meta property=\"og:locale\" content=\"pt_BR\" \/>\n<meta property=\"og:type\" content=\"article\" \/>\n<meta property=\"og:title\" content=\"Tempestade Goretti: nevascas cancelam centenas de voos na Europa\" \/>\n<meta property=\"og:description\" content=\"Por EBC, A Europa atravessa uma onda de mau tempo, essencialmente com neve e muito vento, no momento em que a tempestade Goretti atinge, nesta quarta-feira (6), a costa atl\u00e2ntica do continente. Na Holanda, a nevasca levou ao cancelamento de 800 voos programados para hoje no Aeroporto Schiphol, em Amsterd\u00e3. \u00c9 o sexto dia consecutivo &hellip;\" \/>\n<meta property=\"og:url\" content=\"https:\/\/mrnews.com.br\/index.php\/2026\/01\/07\/tempestade-goretti-nevascas-cancelam-centenas-de-voos-na-europa\/\" \/>\n<meta property=\"og:site_name\" content=\"MRNews\" \/>\n<meta property=\"article:publisher\" content=\"https:\/\/www.facebook.com\/eaipahpah\/?locale2=pt_BR\" \/>\n<meta property=\"article:published_time\" content=\"2026-01-07T15:37:26+00:00\" \/>\n<meta name=\"author\" content=\"MR News\" \/>\n<meta name=\"twitter:card\" content=\"summary_large_image\" \/>\n<meta name=\"twitter:creator\" content=\"@conspirou\" \/>\n<meta name=\"twitter:site\" content=\"@conspirou\" \/>\n<meta name=\"twitter:label1\" content=\"Escrito por\" \/>\n\t<meta name=\"twitter:data1\" content=\"MR News\" \/>\n\t<meta name=\"twitter:label2\" content=\"Est. tempo de leitura\" \/>\n\t<meta name=\"twitter:data2\" content=\"2 minutos\" \/>\n<script type=\"application\/ld+json\" class=\"yoast-schema-graph\">{\"@context\":\"https:\\\/\\\/schema.org\",\"@graph\":[{\"@type\":\"Article\",\"@id\":\"https:\\\/\\\/mrnews.com.br\\\/index.php\\\/2026\\\/01\\\/07\\\/tempestade-goretti-nevascas-cancelam-centenas-de-voos-na-europa\\\/#article\",\"isPartOf\":{\"@id\":\"https:\\\/\\\/mrnews.com.br\\\/index.php\\\/2026\\\/01\\\/07\\\/tempestade-goretti-nevascas-cancelam-centenas-de-voos-na-europa\\\/\"},\"author\":{\"name\":\"MR News\",\"@id\":\"https:\\\/\\\/mrnews.com.br\\\/#\\\/schema\\\/person\\\/be3203154562a9f207407861cef7827b\"},\"headline\":\"Tempestade Goretti: nevascas cancelam centenas de voos na Europa\",\"datePublished\":\"2026-01-07T15:37:26+00:00\",\"mainEntityOfPage\":{\"@id\":\"https:\\\/\\\/mrnews.com.br\\\/index.php\\\/2026\\\/01\\\/07\\\/tempestade-goretti-nevascas-cancelam-centenas-de-voos-na-europa\\\/\"},\"wordCount\":431,\"commentCount\":0,\"publisher\":{\"@id\":\"https:\\\/\\\/mrnews.com.br\\\/#organization\"},\"articleSection\":[\"ENTRETENIMENTO\",\"NOTICIAS\",\"SERVI\u00c7OS\"],\"inLanguage\":\"pt-BR\",\"potentialAction\":[{\"@type\":\"CommentAction\",\"name\":\"Comment\",\"target\":[\"https:\\\/\\\/mrnews.com.br\\\/index.php\\\/2026\\\/01\\\/07\\\/tempestade-goretti-nevascas-cancelam-centenas-de-voos-na-europa\\\/#respond\"]}]},{\"@type\":\"WebPage\",\"@id\":\"https:\\\/\\\/mrnews.com.br\\\/index.php\\\/2026\\\/01\\\/07\\\/tempestade-goretti-nevascas-cancelam-centenas-de-voos-na-europa\\\/\",\"url\":\"https:\\\/\\\/mrnews.com.br\\\/index.php\\\/2026\\\/01\\\/07\\\/tempestade-goretti-nevascas-cancelam-centenas-de-voos-na-europa\\\/\",\"name\":\"Tempestade Goretti: nevascas cancelam centenas de voos na Europa\",\"isPartOf\":{\"@id\":\"https:\\\/\\\/mrnews.com.br\\\/#website\"},\"datePublished\":\"2026-01-07T15:37:26+00:00\",\"breadcrumb\":{\"@id\":\"https:\\\/\\\/mrnews.com.br\\\/index.php\\\/2026\\\/01\\\/07\\\/tempestade-goretti-nevascas-cancelam-centenas-de-voos-na-europa\\\/#breadcrumb\"},\"inLanguage\":\"pt-BR\",\"potentialAction\":[{\"@type\":\"ReadAction\",\"target\":[\"https:\\\/\\\/mrnews.com.br\\\/index.php\\\/2026\\\/01\\\/07\\\/tempestade-goretti-nevascas-cancelam-centenas-de-voos-na-europa\\\/\"]}]},{\"@type\":\"BreadcrumbList\",\"@id\":\"https:\\\/\\\/mrnews.com.br\\\/index.php\\\/2026\\\/01\\\/07\\\/tempestade-goretti-nevascas-cancelam-centenas-de-voos-na-europa\\\/#breadcrumb\",\"itemListElement\":[{\"@type\":\"ListItem\",\"position\":1,\"name\":\"In\u00edcio\",\"item\":\"https:\\\/\\\/mrnews.com.br\\\/\"},{\"@type\":\"ListItem\",\"position\":2,\"name\":\"Tempestade Goretti: nevascas cancelam centenas de voos na Europa\"}]},{\"@type\":\"WebSite\",\"@id\":\"https:\\\/\\\/mrnews.com.br\\\/#website\",\"url\":\"https:\\\/\\\/mrnews.com.br\\\/\",\"name\":\"MRNews\",\"description\":\"MRNews Jogos de hoje da TV, transmiss\u00f5es ao vivo, Not\u00edcias de futebol, Jogos ao vivo, Lives, resumo de novelas, Programa\u00e7\u00e3o da Globo, A Fazenda e BBB\",\"publisher\":{\"@id\":\"https:\\\/\\\/mrnews.com.br\\\/#organization\"},\"potentialAction\":[{\"@type\":\"SearchAction\",\"target\":{\"@type\":\"EntryPoint\",\"urlTemplate\":\"https:\\\/\\\/mrnews.com.br\\\/?s={search_term_string}\"},\"query-input\":{\"@type\":\"PropertyValueSpecification\",\"valueRequired\":true,\"valueName\":\"search_term_string\"}}],\"inLanguage\":\"pt-BR\"},{\"@type\":\"Organization\",\"@id\":\"https:\\\/\\\/mrnews.com.br\\\/#organization\",\"name\":\"MRNews\",\"url\":\"https:\\\/\\\/mrnews.com.br\\\/\",\"logo\":{\"@type\":\"ImageObject\",\"inLanguage\":\"pt-BR\",\"@id\":\"https:\\\/\\\/mrnews.com.br\\\/#\\\/schema\\\/logo\\\/image\\\/\",\"url\":\"https:\\\/\\\/mrnews.com.br\\\/wp-content\\\/uploads\\\/2026\\\/08\\\/MRNEws.png\",\"contentUrl\":\"https:\\\/\\\/mrnews.com.br\\\/wp-content\\\/uploads\\\/2026\\\/08\\\/MRNEws.png\",\"width\":1254,\"height\":1254,\"caption\":\"MRNews\"},\"image\":{\"@id\":\"https:\\\/\\\/mrnews.com.br\\\/#\\\/schema\\\/logo\\\/image\\\/\"},\"sameAs\":[\"https:\\\/\\\/www.facebook.com\\\/eaipahpah\\\/?locale2=pt_BR\",\"https:\\\/\\\/x.com\\\/conspirou\",\"https:\\\/\\\/www.instagram.com\\\/eai_pahpah\",\"https:\\\/\\\/br.pinterest.com\\\/mrnewsn\\\/boards\\\/\",\"https:\\\/\\\/www.youtube.com\\\/channel\\\/UCacgnpznQ61fifLWr1tQ-vA?view_as=subscriber\"]},{\"@type\":\"Person\",\"@id\":\"https:\\\/\\\/mrnews.com.br\\\/#\\\/schema\\\/person\\\/be3203154562a9f207407861cef7827b\",\"name\":\"MR News\",\"image\":{\"@type\":\"ImageObject\",\"inLanguage\":\"pt-BR\",\"@id\":\"https:\\\/\\\/secure.gravatar.com\\\/avatar\\\/04084e6d73c042b8646e7c17b494073bf0ede3ea13c7105cfc45cbbbc28385a4?s=96&d=monsterid&r=g\",\"url\":\"https:\\\/\\\/secure.gravatar.com\\\/avatar\\\/04084e6d73c042b8646e7c17b494073bf0ede3ea13c7105cfc45cbbbc28385a4?s=96&d=monsterid&r=g\",\"contentUrl\":\"https:\\\/\\\/secure.gravatar.com\\\/avatar\\\/04084e6d73c042b8646e7c17b494073bf0ede3ea13c7105cfc45cbbbc28385a4?s=96&d=monsterid&r=g\",\"caption\":\"MR News\"},\"description\":\"Especializado em jornalismo colaborativo pela FTP em n\u00edvel de p\u00f3s-gradua\u00e7\u00e3o. suporte@oimeliga.combr\",\"sameAs\":[\"HUGO R.\",\"Admin\"],\"url\":\"https:\\\/\\\/mrnews.com.br\\\/index.php\\\/author\\\/admin\\\/\"}]}<\/script>\n<!-- \/ Yoast SEO plugin. -->","yoast_head_json":{"title":"Tempestade Goretti: nevascas cancelam centenas de voos na Europa","robots":{"index":"index","follow":"follow","max-snippet":"max-snippet:-1","max-image-preview":"max-image-preview:large","max-video-preview":"max-video-preview:-1"},"canonical":"https:\/\/mrnews.com.br\/index.php\/2026\/01\/07\/tempestade-goretti-nevascas-cancelam-centenas-de-voos-na-europa\/","og_locale":"pt_BR","og_type":"article","og_title":"Tempestade Goretti: nevascas cancelam centenas de voos na Europa","og_description":"Por EBC, A Europa atravessa uma onda de mau tempo, essencialmente com neve e muito vento, no momento em que a tempestade Goretti atinge, nesta quarta-feira (6), a costa atl\u00e2ntica do continente. Na Holanda, a nevasca levou ao cancelamento de 800 voos programados para hoje no Aeroporto Schiphol, em Amsterd\u00e3. \u00c9 o sexto dia consecutivo &hellip;","og_url":"https:\/\/mrnews.com.br\/index.php\/2026\/01\/07\/tempestade-goretti-nevascas-cancelam-centenas-de-voos-na-europa\/","og_site_name":"MRNews","article_publisher":"https:\/\/www.facebook.com\/eaipahpah\/?locale2=pt_BR","article_published_time":"2026-01-07T15:37:26+00:00","author":"MR News","twitter_card":"summary_large_image","twitter_creator":"@conspirou","twitter_site":"@conspirou","twitter_misc":{"Escrito por":"MR News","Est. tempo de leitura":"2 minutos"},"schema":{"@context":"https:\/\/schema.org","@graph":[{"@type":"Article","@id":"https:\/\/mrnews.com.br\/index.php\/2026\/01\/07\/tempestade-goretti-nevascas-cancelam-centenas-de-voos-na-europa\/#article","isPartOf":{"@id":"https:\/\/mrnews.com.br\/index.php\/2026\/01\/07\/tempestade-goretti-nevascas-cancelam-centenas-de-voos-na-europa\/"},"author":{"name":"MR News","@id":"https:\/\/mrnews.com.br\/#\/schema\/person\/be3203154562a9f207407861cef7827b"},"headline":"Tempestade Goretti: nevascas cancelam centenas de voos na Europa","datePublished":"2026-01-07T15:37:26+00:00","mainEntityOfPage":{"@id":"https:\/\/mrnews.com.br\/index.php\/2026\/01\/07\/tempestade-goretti-nevascas-cancelam-centenas-de-voos-na-europa\/"},"wordCount":431,"commentCount":0,"publisher":{"@id":"https:\/\/mrnews.com.br\/#organization"},"articleSection":["ENTRETENIMENTO","NOTICIAS","SERVI\u00c7OS"],"inLanguage":"pt-BR","potentialAction":[{"@type":"CommentAction","name":"Comment","target":["https:\/\/mrnews.com.br\/index.php\/2026\/01\/07\/tempestade-goretti-nevascas-cancelam-centenas-de-voos-na-europa\/#respond"]}]},{"@type":"WebPage","@id":"https:\/\/mrnews.com.br\/index.php\/2026\/01\/07\/tempestade-goretti-nevascas-cancelam-centenas-de-voos-na-europa\/","url":"https:\/\/mrnews.com.br\/index.php\/2026\/01\/07\/tempestade-goretti-nevascas-cancelam-centenas-de-voos-na-europa\/","name":"Tempestade Goretti: nevascas cancelam centenas de voos na Europa","isPartOf":{"@id":"https:\/\/mrnews.com.br\/#website"},"datePublished":"2026-01-07T15:37:26+00:00","breadcrumb":{"@id":"https:\/\/mrnews.com.br\/index.php\/2026\/01\/07\/tempestade-goretti-nevascas-cancelam-centenas-de-voos-na-europa\/#breadcrumb"},"inLanguage":"pt-BR","potentialAction":[{"@type":"ReadAction","target":["https:\/\/mrnews.com.br\/index.php\/2026\/01\/07\/tempestade-goretti-nevascas-cancelam-centenas-de-voos-na-europa\/"]}]},{"@type":"BreadcrumbList","@id":"https:\/\/mrnews.com.br\/index.php\/2026\/01\/07\/tempestade-goretti-nevascas-cancelam-centenas-de-voos-na-europa\/#breadcrumb","itemListElement":[{"@type":"ListItem","position":1,"name":"In\u00edcio","item":"https:\/\/mrnews.com.br\/"},{"@type":"ListItem","position":2,"name":"Tempestade Goretti: nevascas cancelam centenas de voos na Europa"}]},{"@type":"WebSite","@id":"https:\/\/mrnews.com.br\/#website","url":"https:\/\/mrnews.com.br\/","name":"MRNews","description":"MRNews Jogos de hoje da TV, transmiss\u00f5es ao vivo, Not\u00edcias de futebol, Jogos ao vivo, Lives, resumo de novelas, Programa\u00e7\u00e3o da Globo, A Fazenda e BBB","publisher":{"@id":"https:\/\/mrnews.com.br\/#organization"},"potentialAction":[{"@type":"SearchAction","target":{"@type":"EntryPoint","urlTemplate":"https:\/\/mrnews.com.br\/?s={search_term_string}"},"query-input":{"@type":"PropertyValueSpecification","valueRequired":true,"valueName":"search_term_string"}}],"inLanguage":"pt-BR"},{"@type":"Organization","@id":"https:\/\/mrnews.com.br\/#organization","name":"MRNews","url":"https:\/\/mrnews.com.br\/","logo":{"@type":"ImageObject","inLanguage":"pt-BR","@id":"https:\/\/mrnews.com.br\/#\/schema\/logo\/image\/","url":"https:\/\/mrnews.com.br\/wp-content\/uploads\/2026\/08\/MRNEws.png","contentUrl":"https:\/\/mrnews.com.br\/wp-content\/uploads\/2026\/08\/MRNEws.png","width":1254,"height":1254,"caption":"MRNews"},"image":{"@id":"https:\/\/mrnews.com.br\/#\/schema\/logo\/image\/"},"sameAs":["https:\/\/www.facebook.com\/eaipahpah\/?locale2=pt_BR","https:\/\/x.com\/conspirou","https:\/\/www.instagram.com\/eai_pahpah","https:\/\/br.pinterest.com\/mrnewsn\/boards\/","https:\/\/www.youtube.com\/channel\/UCacgnpznQ61fifLWr1tQ-vA?view_as=subscriber"]},{"@type":"Person","@id":"https:\/\/mrnews.com.br\/#\/schema\/person\/be3203154562a9f207407861cef7827b","name":"MR News","image":{"@type":"ImageObject","inLanguage":"pt-BR","@id":"https:\/\/secure.gravatar.com\/avatar\/04084e6d73c042b8646e7c17b494073bf0ede3ea13c7105cfc45cbbbc28385a4?s=96&d=monsterid&r=g","url":"https:\/\/secure.gravatar.com\/avatar\/04084e6d73c042b8646e7c17b494073bf0ede3ea13c7105cfc45cbbbc28385a4?s=96&d=monsterid&r=g","contentUrl":"https:\/\/secure.gravatar.com\/avatar\/04084e6d73c042b8646e7c17b494073bf0ede3ea13c7105cfc45cbbbc28385a4?s=96&d=monsterid&r=g","caption":"MR News"},"description":"Especializado em jornalismo colaborativo pela FTP em n\u00edvel de p\u00f3s-gradua\u00e7\u00e3o. suporte@oimeliga.combr","sameAs":["HUGO R.","Admin"],"url":"https:\/\/mrnews.com.br\/index.php\/author\/admin\/"}]}},"jetpack_sharing_enabled":true,"jetpack_shortlink":"https:\/\/wp.me\/pa2Qf7-1U9F","amp_enabled":true,"jetpack_featured_media_url":"","_links":{"self":[{"href":"https:\/\/mrnews.com.br\/index.php\/wp-json\/wp\/v2\/posts\/454191","targetHints":{"allow":["GET"]}}],"collection":[{"href":"https:\/\/mrnews.com.br\/index.php\/wp-json\/wp\/v2\/posts"}],"about":[{"href":"https:\/\/mrnews.com.br\/index.php\/wp-json\/wp\/v2\/types\/post"}],"author":[{"embeddable":true,"href":"https:\/\/mrnews.com.br\/index.php\/wp-json\/wp\/v2\/users\/1"}],"replies":[{"embeddable":true,"href":"https:\/\/mrnews.com.br\/index.php\/wp-json\/wp\/v2\/comments?post=454191"}],"version-history":[{"count":0,"href":"https:\/\/mrnews.com.br\/index.php\/wp-json\/wp\/v2\/posts\/454191\/revisions"}],"wp:attachment":[{"href":"https:\/\/mrnews.com.br\/index.php\/wp-json\/wp\/v2\/media?parent=454191"}],"wp:term":[{"taxonomy":"category","embeddable":true,"href":"https:\/\/mrnews.com.br\/index.php\/wp-json\/wp\/v2\/categories?post=454191"},{"taxonomy":"post_tag","embeddable":true,"href":"https:\/\/mrnews.com.br\/index.php\/wp-json\/wp\/v2\/tags?post=454191"}],"curies":[{"name":"wp","href":"https:\/\/api.w.org\/{rel}","templated":true}]}}