{"id":454398,"date":"2026-01-14T19:25:28","date_gmt":"2026-01-14T22:25:28","guid":{"rendered":"https:\/\/mrnews.com.br\/index.php\/2026\/01\/14\/prefcg-mobiliza-frentes-de-trabalho-apos-chuva-intensa-cgnoticias\/"},"modified":"2026-01-14T19:25:28","modified_gmt":"2026-01-14T22:25:28","slug":"prefcg-mobiliza-frentes-de-trabalho-apos-chuva-intensa-cgnoticias","status":"publish","type":"post","link":"https:\/\/mrnews.com.br\/index.php\/2026\/01\/14\/prefcg-mobiliza-frentes-de-trabalho-apos-chuva-intensa-cgnoticias\/","title":{"rendered":"PrefCG mobiliza frentes de trabalho ap\u00f3s chuva intensa \u2013 CGNot\u00edcias"},"content":{"rendered":"<p><\/p>\n<div>\n<p>esde as primeiras horas desta quarta-feira, a Secretaria Municipal de Infraestrutura e Servi\u00e7os P\u00fablicos (Sisep) intensificou os trabalhos de recupera\u00e7\u00e3o em pontos cr\u00edticos da capital afetados pelas recentes chuvas. As a\u00e7\u00f5es incluem desde a limpeza mecanizada de detritos at\u00e9 obras estruturais de drenagem para prevenir novos alagamentos.<\/p>\n<h6 class=\"wp-block-heading\"><strong>Desobstru\u00e7\u00e3o na Avenida Ministro Jo\u00e3o Arinos<\/strong><\/h6>\n<p>Um dos principais focos de atua\u00e7\u00e3o \u00e9 a regi\u00e3o do viaduto da Avenida Ministro Jo\u00e3o Arinos com o Anel Rodovi\u00e1rio. No local, m\u00e1quinas e caminh\u00f5es realizam a retirada de terra, pedras e res\u00edduos s\u00f3lidos arrastados pelas enxurradas. A via, que liga o centro \u00e0 BR-262, recebeu sinaliza\u00e7\u00e3o refor\u00e7ada devido ao intenso fluxo de ve\u00edculos pesados.<\/p>\n<p>Al\u00e9m da limpeza da pista, as equipes trabalham na desobstru\u00e7\u00e3o do canal de escoamento. Segundo o secret\u00e1rio da Sisep, Marcelo Miglioli, a regi\u00e3o sofre com a falta de um sistema de capta\u00e7\u00e3o de \u00e1guas pluviais.<\/p>\n<div class=\"wp-block-prefeitura-campogrande-quote\"><span>\u201c<\/span><\/p>\n<blockquote class=\"wp-block-quote is-layout-flow wp-block-quote-is-layout-flow\">\n<p>\u201cPara evitar novos alagamentos como o registrado ontem, firmamos um termo de compromisso com a empresa respons\u00e1vel por um novo condom\u00ednio na regi\u00e3o. Ela executar\u00e1 uma obra de drenagem na margem esquerda da Jo\u00e3o Arinos, no sentido bairro-centro\u201d, explicou o secret\u00e1rio.<\/p>\n<\/blockquote>\n<\/div>\n<figure class=\"wp-block-image size-large\"><\/figure>\n<h6 class=\"wp-block-heading\"><strong>Reparos na Rotat\u00f3ria da Zahran<\/strong><\/h6>\n<p>Na rotat\u00f3ria que interliga a Avenida Eduardo Elias Zahran \u00e0 Rua Joaquim Murtinho, o trabalho foi de car\u00e1ter emergencial. As chuvas da \u00faltima semana comprometeram a estrutura de um Po\u00e7o de Visita (bueiro), afetando o asfalto.<\/p>\n<p>Nesta quarta-feira, foi feito o reparo estrutural e na sequ\u00eancia, aplicada a nova capa asf\u00e1ltica. O Trecho que foi interditado parcialmente pela manh\u00e3, foi totalmente liberado no in\u00edcio da tarde, contando com apoio da Agetran.<\/p>\n<figure class=\"wp-block-gallery has-nested-images columns-default is-cropped wp-block-gallery-2 is-layout-flex wp-block-gallery-is-layout-flex\">\n<figure class=\"wp-block-image size-large\"><\/figure>\n<\/figure>\n<h6 class=\"wp-block-heading\"><strong>Recupera\u00e7\u00e3o do C\u00f3rrego Segredo<\/strong><\/h6>\n<p>Na Avenida Ernesto Geisel, a Sisep mant\u00e9m o cronograma de recupera\u00e7\u00e3o das placas de concreto do canal do C\u00f3rrego Segredo, que cederam h\u00e1 duas semanas. As frentes de trabalho atuam em dois pontos: pr\u00f3ximo ao Centro de Belas Artes e nas imedia\u00e7\u00f5es da Avenida Rachid Neder.<\/p>\n<p>Embora o cronograma dependa das condi\u00e7\u00f5es clim\u00e1ticas, as equipes aproveitam os per\u00edodos de estiagem para acelerar a recomposi\u00e7\u00e3o das margens e garantir a estabilidade da via.<\/p>\n<figure class=\"wp-block-gallery has-nested-images columns-default is-cropped wp-block-gallery-3 is-layout-flex wp-block-gallery-is-layout-flex\">\n<figure class=\"wp-block-image size-large\"><\/figure>\n<\/figure>\n<p><em>#ParaTodosVerem: Imagens mostram m\u00e1quinas e pessoas trabalhando na recupera\u00e7\u00e3o de vias ap\u00f3s chuva intensa <\/em><\/p>\n<\/div>\n<p><script async defer async defer src=\"https:\/\/connect.facebook.net\/en_US\/sdk.js?ver=1#xfbml=1&amp;version=v3.2\" id=\"prefeitura-campogrande-script-facebook-sdk-js\"><\/script><\/p>\n","protected":false},"excerpt":{"rendered":"<p>esde as primeiras horas desta quarta-feira, a Secretaria Municipal de Infraestrutura e Servi\u00e7os P\u00fablicos (Sisep) intensificou os trabalhos de recupera\u00e7\u00e3o em pontos cr\u00edticos da capital afetados pelas recentes chuvas. As a\u00e7\u00f5es incluem desde a limpeza mecanizada de detritos at\u00e9 obras estruturais de drenagem para prevenir novos alagamentos. Desobstru\u00e7\u00e3o na Avenida Ministro Jo\u00e3o Arinos Um dos &hellip;<\/p>\n","protected":false},"author":1,"featured_media":0,"comment_status":"open","ping_status":"open","sticky":false,"template":"","format":"standard","meta":{"_jetpack_newsletter_access":"","_jetpack_dont_email_post_to_subs":false,"_jetpack_newsletter_tier_id":0,"_jetpack_memberships_contains_paywalled_content":false,"_jetpack_feature_clip_id":0,"_jetpack_memberships_contains_paid_content":false,"footnotes":"","jetpack_post_was_ever_published":false},"categories":[12410],"tags":[],"class_list":["post-454398","post","type-post","status-publish","format-standard","hentry","category-ms"],"yoast_head":"<!-- This site is optimized with the Yoast SEO plugin v28.4 - https:\/\/yoast.com\/product\/yoast-seo-wordpress\/ -->\n<title>PrefCG mobiliza frentes de trabalho ap\u00f3s chuva intensa \u2013 CGNot\u00edcias<\/title>\n<meta name=\"robots\" content=\"index, follow, max-snippet:-1, max-image-preview:large, max-video-preview:-1\" \/>\n<link rel=\"canonical\" href=\"https:\/\/mrnews.com.br\/index.php\/2026\/01\/14\/prefcg-mobiliza-frentes-de-trabalho-apos-chuva-intensa-cgnoticias\/\" \/>\n<meta property=\"og:locale\" content=\"pt_BR\" \/>\n<meta property=\"og:type\" content=\"article\" \/>\n<meta property=\"og:title\" content=\"PrefCG mobiliza frentes de trabalho ap\u00f3s chuva intensa \u2013 CGNot\u00edcias\" \/>\n<meta property=\"og:description\" content=\"esde as primeiras horas desta quarta-feira, a Secretaria Municipal de Infraestrutura e Servi\u00e7os P\u00fablicos (Sisep) intensificou os trabalhos de recupera\u00e7\u00e3o em pontos cr\u00edticos da capital afetados pelas recentes chuvas. As a\u00e7\u00f5es incluem desde a limpeza mecanizada de detritos at\u00e9 obras estruturais de drenagem para prevenir novos alagamentos. Desobstru\u00e7\u00e3o na Avenida Ministro Jo\u00e3o Arinos Um dos &hellip;\" \/>\n<meta property=\"og:url\" content=\"https:\/\/mrnews.com.br\/index.php\/2026\/01\/14\/prefcg-mobiliza-frentes-de-trabalho-apos-chuva-intensa-cgnoticias\/\" \/>\n<meta property=\"og:site_name\" content=\"MRNews\" \/>\n<meta property=\"article:publisher\" content=\"https:\/\/www.facebook.com\/eaipahpah\/?locale2=pt_BR\" \/>\n<meta property=\"article:published_time\" content=\"2026-01-14T22:25:28+00:00\" \/>\n<meta name=\"author\" content=\"MR News\" \/>\n<meta name=\"twitter:card\" content=\"summary_large_image\" \/>\n<meta name=\"twitter:creator\" content=\"@conspirou\" \/>\n<meta name=\"twitter:site\" content=\"@conspirou\" \/>\n<meta name=\"twitter:label1\" content=\"Escrito por\" \/>\n\t<meta name=\"twitter:data1\" content=\"MR News\" \/>\n\t<meta name=\"twitter:label2\" content=\"Est. tempo de leitura\" \/>\n\t<meta name=\"twitter:data2\" content=\"2 minutos\" \/>\n<script type=\"application\/ld+json\" class=\"yoast-schema-graph\">{\"@context\":\"https:\\\/\\\/schema.org\",\"@graph\":[{\"@type\":\"Article\",\"@id\":\"https:\\\/\\\/mrnews.com.br\\\/index.php\\\/2026\\\/01\\\/14\\\/prefcg-mobiliza-frentes-de-trabalho-apos-chuva-intensa-cgnoticias\\\/#article\",\"isPartOf\":{\"@id\":\"https:\\\/\\\/mrnews.com.br\\\/index.php\\\/2026\\\/01\\\/14\\\/prefcg-mobiliza-frentes-de-trabalho-apos-chuva-intensa-cgnoticias\\\/\"},\"author\":{\"name\":\"MR News\",\"@id\":\"https:\\\/\\\/mrnews.com.br\\\/#\\\/schema\\\/person\\\/be3203154562a9f207407861cef7827b\"},\"headline\":\"PrefCG mobiliza frentes de trabalho ap\u00f3s chuva intensa \u2013 CGNot\u00edcias\",\"datePublished\":\"2026-01-14T22:25:28+00:00\",\"mainEntityOfPage\":{\"@id\":\"https:\\\/\\\/mrnews.com.br\\\/index.php\\\/2026\\\/01\\\/14\\\/prefcg-mobiliza-frentes-de-trabalho-apos-chuva-intensa-cgnoticias\\\/\"},\"wordCount\":407,\"commentCount\":0,\"publisher\":{\"@id\":\"https:\\\/\\\/mrnews.com.br\\\/#organization\"},\"articleSection\":[\"Mato Grosso do Sul\"],\"inLanguage\":\"pt-BR\",\"potentialAction\":[{\"@type\":\"CommentAction\",\"name\":\"Comment\",\"target\":[\"https:\\\/\\\/mrnews.com.br\\\/index.php\\\/2026\\\/01\\\/14\\\/prefcg-mobiliza-frentes-de-trabalho-apos-chuva-intensa-cgnoticias\\\/#respond\"]}]},{\"@type\":\"WebPage\",\"@id\":\"https:\\\/\\\/mrnews.com.br\\\/index.php\\\/2026\\\/01\\\/14\\\/prefcg-mobiliza-frentes-de-trabalho-apos-chuva-intensa-cgnoticias\\\/\",\"url\":\"https:\\\/\\\/mrnews.com.br\\\/index.php\\\/2026\\\/01\\\/14\\\/prefcg-mobiliza-frentes-de-trabalho-apos-chuva-intensa-cgnoticias\\\/\",\"name\":\"PrefCG mobiliza frentes de trabalho ap\u00f3s chuva intensa \u2013 CGNot\u00edcias\",\"isPartOf\":{\"@id\":\"https:\\\/\\\/mrnews.com.br\\\/#website\"},\"datePublished\":\"2026-01-14T22:25:28+00:00\",\"breadcrumb\":{\"@id\":\"https:\\\/\\\/mrnews.com.br\\\/index.php\\\/2026\\\/01\\\/14\\\/prefcg-mobiliza-frentes-de-trabalho-apos-chuva-intensa-cgnoticias\\\/#breadcrumb\"},\"inLanguage\":\"pt-BR\",\"potentialAction\":[{\"@type\":\"ReadAction\",\"target\":[\"https:\\\/\\\/mrnews.com.br\\\/index.php\\\/2026\\\/01\\\/14\\\/prefcg-mobiliza-frentes-de-trabalho-apos-chuva-intensa-cgnoticias\\\/\"]}]},{\"@type\":\"BreadcrumbList\",\"@id\":\"https:\\\/\\\/mrnews.com.br\\\/index.php\\\/2026\\\/01\\\/14\\\/prefcg-mobiliza-frentes-de-trabalho-apos-chuva-intensa-cgnoticias\\\/#breadcrumb\",\"itemListElement\":[{\"@type\":\"ListItem\",\"position\":1,\"name\":\"In\u00edcio\",\"item\":\"https:\\\/\\\/mrnews.com.br\\\/\"},{\"@type\":\"ListItem\",\"position\":2,\"name\":\"PrefCG mobiliza frentes de trabalho ap\u00f3s chuva intensa \u2013 CGNot\u00edcias\"}]},{\"@type\":\"WebSite\",\"@id\":\"https:\\\/\\\/mrnews.com.br\\\/#website\",\"url\":\"https:\\\/\\\/mrnews.com.br\\\/\",\"name\":\"MRNews\",\"description\":\"MRNews Jogos de hoje da TV, transmiss\u00f5es ao vivo, Not\u00edcias de futebol, Jogos ao vivo, Lives, resumo de novelas, Programa\u00e7\u00e3o da Globo, A Fazenda e BBB\",\"publisher\":{\"@id\":\"https:\\\/\\\/mrnews.com.br\\\/#organization\"},\"potentialAction\":[{\"@type\":\"SearchAction\",\"target\":{\"@type\":\"EntryPoint\",\"urlTemplate\":\"https:\\\/\\\/mrnews.com.br\\\/?s={search_term_string}\"},\"query-input\":{\"@type\":\"PropertyValueSpecification\",\"valueRequired\":true,\"valueName\":\"search_term_string\"}}],\"inLanguage\":\"pt-BR\"},{\"@type\":\"Organization\",\"@id\":\"https:\\\/\\\/mrnews.com.br\\\/#organization\",\"name\":\"MRNews\",\"url\":\"https:\\\/\\\/mrnews.com.br\\\/\",\"logo\":{\"@type\":\"ImageObject\",\"inLanguage\":\"pt-BR\",\"@id\":\"https:\\\/\\\/mrnews.com.br\\\/#\\\/schema\\\/logo\\\/image\\\/\",\"url\":\"https:\\\/\\\/mrnews.com.br\\\/wp-content\\\/uploads\\\/2026\\\/08\\\/MRNEws.png\",\"contentUrl\":\"https:\\\/\\\/mrnews.com.br\\\/wp-content\\\/uploads\\\/2026\\\/08\\\/MRNEws.png\",\"width\":1254,\"height\":1254,\"caption\":\"MRNews\"},\"image\":{\"@id\":\"https:\\\/\\\/mrnews.com.br\\\/#\\\/schema\\\/logo\\\/image\\\/\"},\"sameAs\":[\"https:\\\/\\\/www.facebook.com\\\/eaipahpah\\\/?locale2=pt_BR\",\"https:\\\/\\\/x.com\\\/conspirou\",\"https:\\\/\\\/www.instagram.com\\\/eai_pahpah\",\"https:\\\/\\\/br.pinterest.com\\\/mrnewsn\\\/boards\\\/\",\"https:\\\/\\\/www.youtube.com\\\/channel\\\/UCacgnpznQ61fifLWr1tQ-vA?view_as=subscriber\"]},{\"@type\":\"Person\",\"@id\":\"https:\\\/\\\/mrnews.com.br\\\/#\\\/schema\\\/person\\\/be3203154562a9f207407861cef7827b\",\"name\":\"MR News\",\"image\":{\"@type\":\"ImageObject\",\"inLanguage\":\"pt-BR\",\"@id\":\"https:\\\/\\\/secure.gravatar.com\\\/avatar\\\/04084e6d73c042b8646e7c17b494073bf0ede3ea13c7105cfc45cbbbc28385a4?s=96&d=monsterid&r=g\",\"url\":\"https:\\\/\\\/secure.gravatar.com\\\/avatar\\\/04084e6d73c042b8646e7c17b494073bf0ede3ea13c7105cfc45cbbbc28385a4?s=96&d=monsterid&r=g\",\"contentUrl\":\"https:\\\/\\\/secure.gravatar.com\\\/avatar\\\/04084e6d73c042b8646e7c17b494073bf0ede3ea13c7105cfc45cbbbc28385a4?s=96&d=monsterid&r=g\",\"caption\":\"MR News\"},\"description\":\"Especializado em jornalismo colaborativo pela FTP em n\u00edvel de p\u00f3s-gradua\u00e7\u00e3o. suporte@oimeliga.combr\",\"sameAs\":[\"HUGO R.\",\"Admin\"],\"url\":\"https:\\\/\\\/mrnews.com.br\\\/index.php\\\/author\\\/admin\\\/\"}]}<\/script>\n<!-- \/ Yoast SEO plugin. -->","yoast_head_json":{"title":"PrefCG mobiliza frentes de trabalho ap\u00f3s chuva intensa \u2013 CGNot\u00edcias","robots":{"index":"index","follow":"follow","max-snippet":"max-snippet:-1","max-image-preview":"max-image-preview:large","max-video-preview":"max-video-preview:-1"},"canonical":"https:\/\/mrnews.com.br\/index.php\/2026\/01\/14\/prefcg-mobiliza-frentes-de-trabalho-apos-chuva-intensa-cgnoticias\/","og_locale":"pt_BR","og_type":"article","og_title":"PrefCG mobiliza frentes de trabalho ap\u00f3s chuva intensa \u2013 CGNot\u00edcias","og_description":"esde as primeiras horas desta quarta-feira, a Secretaria Municipal de Infraestrutura e Servi\u00e7os P\u00fablicos (Sisep) intensificou os trabalhos de recupera\u00e7\u00e3o em pontos cr\u00edticos da capital afetados pelas recentes chuvas. As a\u00e7\u00f5es incluem desde a limpeza mecanizada de detritos at\u00e9 obras estruturais de drenagem para prevenir novos alagamentos. Desobstru\u00e7\u00e3o na Avenida Ministro Jo\u00e3o Arinos Um dos &hellip;","og_url":"https:\/\/mrnews.com.br\/index.php\/2026\/01\/14\/prefcg-mobiliza-frentes-de-trabalho-apos-chuva-intensa-cgnoticias\/","og_site_name":"MRNews","article_publisher":"https:\/\/www.facebook.com\/eaipahpah\/?locale2=pt_BR","article_published_time":"2026-01-14T22:25:28+00:00","author":"MR News","twitter_card":"summary_large_image","twitter_creator":"@conspirou","twitter_site":"@conspirou","twitter_misc":{"Escrito por":"MR News","Est. tempo de leitura":"2 minutos"},"schema":{"@context":"https:\/\/schema.org","@graph":[{"@type":"Article","@id":"https:\/\/mrnews.com.br\/index.php\/2026\/01\/14\/prefcg-mobiliza-frentes-de-trabalho-apos-chuva-intensa-cgnoticias\/#article","isPartOf":{"@id":"https:\/\/mrnews.com.br\/index.php\/2026\/01\/14\/prefcg-mobiliza-frentes-de-trabalho-apos-chuva-intensa-cgnoticias\/"},"author":{"name":"MR News","@id":"https:\/\/mrnews.com.br\/#\/schema\/person\/be3203154562a9f207407861cef7827b"},"headline":"PrefCG mobiliza frentes de trabalho ap\u00f3s chuva intensa \u2013 CGNot\u00edcias","datePublished":"2026-01-14T22:25:28+00:00","mainEntityOfPage":{"@id":"https:\/\/mrnews.com.br\/index.php\/2026\/01\/14\/prefcg-mobiliza-frentes-de-trabalho-apos-chuva-intensa-cgnoticias\/"},"wordCount":407,"commentCount":0,"publisher":{"@id":"https:\/\/mrnews.com.br\/#organization"},"articleSection":["Mato Grosso do Sul"],"inLanguage":"pt-BR","potentialAction":[{"@type":"CommentAction","name":"Comment","target":["https:\/\/mrnews.com.br\/index.php\/2026\/01\/14\/prefcg-mobiliza-frentes-de-trabalho-apos-chuva-intensa-cgnoticias\/#respond"]}]},{"@type":"WebPage","@id":"https:\/\/mrnews.com.br\/index.php\/2026\/01\/14\/prefcg-mobiliza-frentes-de-trabalho-apos-chuva-intensa-cgnoticias\/","url":"https:\/\/mrnews.com.br\/index.php\/2026\/01\/14\/prefcg-mobiliza-frentes-de-trabalho-apos-chuva-intensa-cgnoticias\/","name":"PrefCG mobiliza frentes de trabalho ap\u00f3s chuva intensa \u2013 CGNot\u00edcias","isPartOf":{"@id":"https:\/\/mrnews.com.br\/#website"},"datePublished":"2026-01-14T22:25:28+00:00","breadcrumb":{"@id":"https:\/\/mrnews.com.br\/index.php\/2026\/01\/14\/prefcg-mobiliza-frentes-de-trabalho-apos-chuva-intensa-cgnoticias\/#breadcrumb"},"inLanguage":"pt-BR","potentialAction":[{"@type":"ReadAction","target":["https:\/\/mrnews.com.br\/index.php\/2026\/01\/14\/prefcg-mobiliza-frentes-de-trabalho-apos-chuva-intensa-cgnoticias\/"]}]},{"@type":"BreadcrumbList","@id":"https:\/\/mrnews.com.br\/index.php\/2026\/01\/14\/prefcg-mobiliza-frentes-de-trabalho-apos-chuva-intensa-cgnoticias\/#breadcrumb","itemListElement":[{"@type":"ListItem","position":1,"name":"In\u00edcio","item":"https:\/\/mrnews.com.br\/"},{"@type":"ListItem","position":2,"name":"PrefCG mobiliza frentes de trabalho ap\u00f3s chuva intensa \u2013 CGNot\u00edcias"}]},{"@type":"WebSite","@id":"https:\/\/mrnews.com.br\/#website","url":"https:\/\/mrnews.com.br\/","name":"MRNews","description":"MRNews Jogos de hoje da TV, transmiss\u00f5es ao vivo, Not\u00edcias de futebol, Jogos ao vivo, Lives, resumo de novelas, Programa\u00e7\u00e3o da Globo, A Fazenda e BBB","publisher":{"@id":"https:\/\/mrnews.com.br\/#organization"},"potentialAction":[{"@type":"SearchAction","target":{"@type":"EntryPoint","urlTemplate":"https:\/\/mrnews.com.br\/?s={search_term_string}"},"query-input":{"@type":"PropertyValueSpecification","valueRequired":true,"valueName":"search_term_string"}}],"inLanguage":"pt-BR"},{"@type":"Organization","@id":"https:\/\/mrnews.com.br\/#organization","name":"MRNews","url":"https:\/\/mrnews.com.br\/","logo":{"@type":"ImageObject","inLanguage":"pt-BR","@id":"https:\/\/mrnews.com.br\/#\/schema\/logo\/image\/","url":"https:\/\/mrnews.com.br\/wp-content\/uploads\/2026\/08\/MRNEws.png","contentUrl":"https:\/\/mrnews.com.br\/wp-content\/uploads\/2026\/08\/MRNEws.png","width":1254,"height":1254,"caption":"MRNews"},"image":{"@id":"https:\/\/mrnews.com.br\/#\/schema\/logo\/image\/"},"sameAs":["https:\/\/www.facebook.com\/eaipahpah\/?locale2=pt_BR","https:\/\/x.com\/conspirou","https:\/\/www.instagram.com\/eai_pahpah","https:\/\/br.pinterest.com\/mrnewsn\/boards\/","https:\/\/www.youtube.com\/channel\/UCacgnpznQ61fifLWr1tQ-vA?view_as=subscriber"]},{"@type":"Person","@id":"https:\/\/mrnews.com.br\/#\/schema\/person\/be3203154562a9f207407861cef7827b","name":"MR News","image":{"@type":"ImageObject","inLanguage":"pt-BR","@id":"https:\/\/secure.gravatar.com\/avatar\/04084e6d73c042b8646e7c17b494073bf0ede3ea13c7105cfc45cbbbc28385a4?s=96&d=monsterid&r=g","url":"https:\/\/secure.gravatar.com\/avatar\/04084e6d73c042b8646e7c17b494073bf0ede3ea13c7105cfc45cbbbc28385a4?s=96&d=monsterid&r=g","contentUrl":"https:\/\/secure.gravatar.com\/avatar\/04084e6d73c042b8646e7c17b494073bf0ede3ea13c7105cfc45cbbbc28385a4?s=96&d=monsterid&r=g","caption":"MR News"},"description":"Especializado em jornalismo colaborativo pela FTP em n\u00edvel de p\u00f3s-gradua\u00e7\u00e3o. suporte@oimeliga.combr","sameAs":["HUGO R.","Admin"],"url":"https:\/\/mrnews.com.br\/index.php\/author\/admin\/"}]}},"jetpack_sharing_enabled":true,"jetpack_shortlink":"https:\/\/wp.me\/pa2Qf7-1Ud0","amp_enabled":true,"jetpack_featured_media_url":"","_links":{"self":[{"href":"https:\/\/mrnews.com.br\/index.php\/wp-json\/wp\/v2\/posts\/454398","targetHints":{"allow":["GET"]}}],"collection":[{"href":"https:\/\/mrnews.com.br\/index.php\/wp-json\/wp\/v2\/posts"}],"about":[{"href":"https:\/\/mrnews.com.br\/index.php\/wp-json\/wp\/v2\/types\/post"}],"author":[{"embeddable":true,"href":"https:\/\/mrnews.com.br\/index.php\/wp-json\/wp\/v2\/users\/1"}],"replies":[{"embeddable":true,"href":"https:\/\/mrnews.com.br\/index.php\/wp-json\/wp\/v2\/comments?post=454398"}],"version-history":[{"count":0,"href":"https:\/\/mrnews.com.br\/index.php\/wp-json\/wp\/v2\/posts\/454398\/revisions"}],"wp:attachment":[{"href":"https:\/\/mrnews.com.br\/index.php\/wp-json\/wp\/v2\/media?parent=454398"}],"wp:term":[{"taxonomy":"category","embeddable":true,"href":"https:\/\/mrnews.com.br\/index.php\/wp-json\/wp\/v2\/categories?post=454398"},{"taxonomy":"post_tag","embeddable":true,"href":"https:\/\/mrnews.com.br\/index.php\/wp-json\/wp\/v2\/tags?post=454398"}],"curies":[{"name":"wp","href":"https:\/\/api.w.org\/{rel}","templated":true}]}}