{"id":454413,"date":"2026-01-15T08:59:29","date_gmt":"2026-01-15T11:59:29","guid":{"rendered":"https:\/\/mrnews.com.br\/index.php\/2026\/01\/15\/projeto-reduz-infeccoes-em-hospitais-publicos-no-pais\/"},"modified":"2026-01-15T08:59:29","modified_gmt":"2026-01-15T11:59:29","slug":"projeto-reduz-infeccoes-em-hospitais-publicos-no-pais","status":"publish","type":"post","link":"https:\/\/mrnews.com.br\/index.php\/2026\/01\/15\/projeto-reduz-infeccoes-em-hospitais-publicos-no-pais\/","title":{"rendered":"Projeto reduz infec\u00e7\u00f5es em hospitais p\u00fablicos no pa\u00eds"},"content":{"rendered":"<p>Por EBC, <\/p>\n<div>\n<p>Criado para ajudar a reduzir as infec\u00e7\u00f5es relacionadas \u00e0 assist\u00eancia \u00e0 sa\u00fade em unidades hospitalares p\u00fablicas do Brasil, o projeto Sa\u00fade em Nossas M\u00e3os t\u00eam conseguido atingir seu objetivo. Entre setembro de 2024 e outubro de 2025, o projeto conseguiu reduzir em 26% essas infec\u00e7\u00f5es hospitalares em unidades de terapia intensiva (UTI) de adultos, crian\u00e7as e neonatais.<\/p>\n<p><strong>Com essa redu\u00e7\u00e3o em infec\u00e7\u00f5es hospitalares, estima-se que o Sistema \u00danico de Sa\u00fade (SUS) tenha tido uma economia de mais de R$ 150 milh\u00f5es nesse per\u00edodo.<\/strong><\/p>\n<p>O projeto Sa\u00fade em Nossas M\u00e3os foi desenvolvido pelos hospitais Oswaldo Cruz, Benefic\u00eancia Portuguesa de S\u00e3o Paulo, Hospital Albert Einstein, Hospital do Cora\u00e7\u00e3o (Hcor), Hospital Moinhos de Vento e Hospital S\u00edrio-Liban\u00eas, que participam do Programa de Apoio ao Desenvolvimento Institucional do Sistema \u00danico de Sa\u00fade (Proadi-SUS), do Minist\u00e9rio da Sa\u00fade.\u00a0<\/p>\n<p><strong>A proposta do projeto \u00e9 atuar em UTIs brasileiras para reduzir casos de infec\u00e7\u00e3o prim\u00e1ria de corrente sangu\u00ednea associada a cateter venoso central, pneumonia associada \u00e0 ventila\u00e7\u00e3o mec\u00e2nica e infec\u00e7\u00e3o do trato urin\u00e1rio associada a cateter vesical.<\/strong><\/p>\n<p>\u201cO Sa\u00fade em Nossas M\u00e3os \u00e9 uma iniciativa que gera um movimento de aprendizagem, onde todos ensinam e todos aprendem e, o principal, aborda medidas de combate \u00e0s tr\u00eas principais Infec\u00e7\u00f5es Relacionadas \u00e0 Assist\u00eancia \u00e0 Sa\u00fade em UTIs. Estamos falando de infec\u00e7\u00f5es graves causadas por cateteres [venoso central, ventila\u00e7\u00e3o mec\u00e2nica e vesical], que aumentam morbidade, mortalidade e custos hospitalares e que podem ser evitadas com medidas eficazes de preven\u00e7\u00e3o\u201d, disse Claudia Garcia, coordenadora geral do projeto, por meio de nota.<\/p>\n<p><strong>Estimativas apontam que as infec\u00e7\u00f5es relacionadas \u00e0 assist\u00eancia \u00e0 sa\u00fade podem causar at\u00e9 3,5 milh\u00f5es de mortes a cada ano em todo o mundo.<\/strong> No Brasil, cada infec\u00e7\u00e3o dessa que \u00e9 evitada ajuda a poupar entre R$ 60 mil e R$ 110 mil.<\/p>\n<p>A meta do projeto \u00e9 reduzir essas infec\u00e7\u00f5es hospitalares em 50% at\u00e9 o final deste ano.<\/p>\n<p>      <!-- Relacionada --><\/p>\n<p>            <!-- Relacionada -->\n    <\/div>\n","protected":false},"excerpt":{"rendered":"<p>Por EBC, Criado para ajudar a reduzir as infec\u00e7\u00f5es relacionadas \u00e0 assist\u00eancia \u00e0 sa\u00fade em unidades hospitalares p\u00fablicas do Brasil, o projeto Sa\u00fade em Nossas M\u00e3os t\u00eam conseguido atingir seu objetivo. Entre setembro de 2024 e outubro de 2025, o projeto conseguiu reduzir em 26% essas infec\u00e7\u00f5es hospitalares em unidades de terapia intensiva (UTI) de &hellip;<\/p>\n","protected":false},"author":1,"featured_media":0,"comment_status":"open","ping_status":"open","sticky":false,"template":"","format":"standard","meta":{"_jetpack_memberships_contains_paid_content":false,"footnotes":""},"categories":[2,12225,4],"tags":[],"class_list":["post-454413","post","type-post","status-publish","format-standard","hentry","category-entretenimento","category-noticias","category-servicos"],"yoast_head":"<!-- This site is optimized with the Yoast SEO plugin v27.4 - https:\/\/yoast.com\/product\/yoast-seo-wordpress\/ -->\n<title>Projeto reduz infec\u00e7\u00f5es em hospitais p\u00fablicos no pa\u00eds<\/title>\n<meta name=\"robots\" content=\"index, follow, max-snippet:-1, max-image-preview:large, max-video-preview:-1\" \/>\n<link rel=\"canonical\" href=\"https:\/\/mrnews.com.br\/index.php\/2026\/01\/15\/projeto-reduz-infeccoes-em-hospitais-publicos-no-pais\/\" \/>\n<meta property=\"og:locale\" content=\"pt_BR\" \/>\n<meta property=\"og:type\" content=\"article\" \/>\n<meta property=\"og:title\" content=\"Projeto reduz infec\u00e7\u00f5es em hospitais p\u00fablicos no pa\u00eds\" \/>\n<meta property=\"og:description\" content=\"Por EBC, Criado para ajudar a reduzir as infec\u00e7\u00f5es relacionadas \u00e0 assist\u00eancia \u00e0 sa\u00fade em unidades hospitalares p\u00fablicas do Brasil, o projeto Sa\u00fade em Nossas M\u00e3os t\u00eam conseguido atingir seu objetivo. Entre setembro de 2024 e outubro de 2025, o projeto conseguiu reduzir em 26% essas infec\u00e7\u00f5es hospitalares em unidades de terapia intensiva (UTI) de &hellip;\" \/>\n<meta property=\"og:url\" content=\"https:\/\/mrnews.com.br\/index.php\/2026\/01\/15\/projeto-reduz-infeccoes-em-hospitais-publicos-no-pais\/\" \/>\n<meta property=\"og:site_name\" content=\"MRNews\" \/>\n<meta property=\"article:publisher\" content=\"https:\/\/www.facebook.com\/eaipahpah\/?locale2=pt_BR\" \/>\n<meta property=\"article:published_time\" content=\"2026-01-15T11:59:29+00:00\" \/>\n<meta name=\"author\" content=\"MR News\" \/>\n<meta name=\"twitter:card\" content=\"summary_large_image\" \/>\n<meta name=\"twitter:creator\" content=\"@conspirou\" \/>\n<meta name=\"twitter:site\" content=\"@conspirou\" \/>\n<meta name=\"twitter:label1\" content=\"Escrito por\" \/>\n\t<meta name=\"twitter:data1\" content=\"MR News\" \/>\n\t<meta name=\"twitter:label2\" content=\"Est. tempo de leitura\" \/>\n\t<meta name=\"twitter:data2\" content=\"2 minutos\" \/>\n<script type=\"application\/ld+json\" class=\"yoast-schema-graph\">{\"@context\":\"https:\\\/\\\/schema.org\",\"@graph\":[{\"@type\":\"Article\",\"@id\":\"https:\\\/\\\/mrnews.com.br\\\/index.php\\\/2026\\\/01\\\/15\\\/projeto-reduz-infeccoes-em-hospitais-publicos-no-pais\\\/#article\",\"isPartOf\":{\"@id\":\"https:\\\/\\\/mrnews.com.br\\\/index.php\\\/2026\\\/01\\\/15\\\/projeto-reduz-infeccoes-em-hospitais-publicos-no-pais\\\/\"},\"author\":{\"name\":\"MR News\",\"@id\":\"https:\\\/\\\/mrnews.com.br\\\/#\\\/schema\\\/person\\\/be3203154562a9f207407861cef7827b\"},\"headline\":\"Projeto reduz infec\u00e7\u00f5es em hospitais p\u00fablicos no pa\u00eds\",\"datePublished\":\"2026-01-15T11:59:29+00:00\",\"mainEntityOfPage\":{\"@id\":\"https:\\\/\\\/mrnews.com.br\\\/index.php\\\/2026\\\/01\\\/15\\\/projeto-reduz-infeccoes-em-hospitais-publicos-no-pais\\\/\"},\"wordCount\":350,\"commentCount\":0,\"publisher\":{\"@id\":\"https:\\\/\\\/mrnews.com.br\\\/#organization\"},\"articleSection\":[\"ENTRETENIMENTO\",\"NOTICIAS\",\"SERVI\u00c7OS\"],\"inLanguage\":\"pt-BR\",\"potentialAction\":[{\"@type\":\"CommentAction\",\"name\":\"Comment\",\"target\":[\"https:\\\/\\\/mrnews.com.br\\\/index.php\\\/2026\\\/01\\\/15\\\/projeto-reduz-infeccoes-em-hospitais-publicos-no-pais\\\/#respond\"]}]},{\"@type\":\"WebPage\",\"@id\":\"https:\\\/\\\/mrnews.com.br\\\/index.php\\\/2026\\\/01\\\/15\\\/projeto-reduz-infeccoes-em-hospitais-publicos-no-pais\\\/\",\"url\":\"https:\\\/\\\/mrnews.com.br\\\/index.php\\\/2026\\\/01\\\/15\\\/projeto-reduz-infeccoes-em-hospitais-publicos-no-pais\\\/\",\"name\":\"Projeto reduz infec\u00e7\u00f5es em hospitais p\u00fablicos no pa\u00eds\",\"isPartOf\":{\"@id\":\"https:\\\/\\\/mrnews.com.br\\\/#website\"},\"datePublished\":\"2026-01-15T11:59:29+00:00\",\"breadcrumb\":{\"@id\":\"https:\\\/\\\/mrnews.com.br\\\/index.php\\\/2026\\\/01\\\/15\\\/projeto-reduz-infeccoes-em-hospitais-publicos-no-pais\\\/#breadcrumb\"},\"inLanguage\":\"pt-BR\",\"potentialAction\":[{\"@type\":\"ReadAction\",\"target\":[\"https:\\\/\\\/mrnews.com.br\\\/index.php\\\/2026\\\/01\\\/15\\\/projeto-reduz-infeccoes-em-hospitais-publicos-no-pais\\\/\"]}]},{\"@type\":\"BreadcrumbList\",\"@id\":\"https:\\\/\\\/mrnews.com.br\\\/index.php\\\/2026\\\/01\\\/15\\\/projeto-reduz-infeccoes-em-hospitais-publicos-no-pais\\\/#breadcrumb\",\"itemListElement\":[{\"@type\":\"ListItem\",\"position\":1,\"name\":\"In\u00edcio\",\"item\":\"https:\\\/\\\/mrnews.com.br\\\/\"},{\"@type\":\"ListItem\",\"position\":2,\"name\":\"Projeto reduz infec\u00e7\u00f5es em hospitais p\u00fablicos no pa\u00eds\"}]},{\"@type\":\"WebSite\",\"@id\":\"https:\\\/\\\/mrnews.com.br\\\/#website\",\"url\":\"https:\\\/\\\/mrnews.com.br\\\/\",\"name\":\"MRNews\",\"description\":\"MRNews Jogos de hoje da TV, transmiss\u00f5es ao vivo, Not\u00edcias de futebol, Jogos ao vivo, Lives, resumo de novelas, Programa\u00e7\u00e3o da Globo, A Fazenda e BBB\",\"publisher\":{\"@id\":\"https:\\\/\\\/mrnews.com.br\\\/#organization\"},\"potentialAction\":[{\"@type\":\"SearchAction\",\"target\":{\"@type\":\"EntryPoint\",\"urlTemplate\":\"https:\\\/\\\/mrnews.com.br\\\/?s={search_term_string}\"},\"query-input\":{\"@type\":\"PropertyValueSpecification\",\"valueRequired\":true,\"valueName\":\"search_term_string\"}}],\"inLanguage\":\"pt-BR\"},{\"@type\":\"Organization\",\"@id\":\"https:\\\/\\\/mrnews.com.br\\\/#organization\",\"name\":\"MRNews\",\"url\":\"https:\\\/\\\/mrnews.com.br\\\/\",\"logo\":{\"@type\":\"ImageObject\",\"inLanguage\":\"pt-BR\",\"@id\":\"https:\\\/\\\/mrnews.com.br\\\/#\\\/schema\\\/logo\\\/image\\\/\",\"url\":\"https:\\\/\\\/mrnews.com.br\\\/wp-content\\\/uploads\\\/2019\\\/06\\\/MRNewslogo2.png\",\"contentUrl\":\"https:\\\/\\\/mrnews.com.br\\\/wp-content\\\/uploads\\\/2019\\\/06\\\/MRNewslogo2.png\",\"width\":223,\"height\":58,\"caption\":\"MRNews\"},\"image\":{\"@id\":\"https:\\\/\\\/mrnews.com.br\\\/#\\\/schema\\\/logo\\\/image\\\/\"},\"sameAs\":[\"https:\\\/\\\/www.facebook.com\\\/eaipahpah\\\/?locale2=pt_BR\",\"https:\\\/\\\/x.com\\\/conspirou\",\"https:\\\/\\\/www.instagram.com\\\/eai_pahpah\",\"https:\\\/\\\/br.pinterest.com\\\/mrnewsn\\\/boards\\\/\",\"https:\\\/\\\/www.youtube.com\\\/channel\\\/UCacgnpznQ61fifLWr1tQ-vA?view_as=subscriber\"]},{\"@type\":\"Person\",\"@id\":\"https:\\\/\\\/mrnews.com.br\\\/#\\\/schema\\\/person\\\/be3203154562a9f207407861cef7827b\",\"name\":\"MR News\",\"image\":{\"@type\":\"ImageObject\",\"inLanguage\":\"pt-BR\",\"@id\":\"https:\\\/\\\/secure.gravatar.com\\\/avatar\\\/04084e6d73c042b8646e7c17b494073bf0ede3ea13c7105cfc45cbbbc28385a4?s=96&d=monsterid&r=g\",\"url\":\"https:\\\/\\\/secure.gravatar.com\\\/avatar\\\/04084e6d73c042b8646e7c17b494073bf0ede3ea13c7105cfc45cbbbc28385a4?s=96&d=monsterid&r=g\",\"contentUrl\":\"https:\\\/\\\/secure.gravatar.com\\\/avatar\\\/04084e6d73c042b8646e7c17b494073bf0ede3ea13c7105cfc45cbbbc28385a4?s=96&d=monsterid&r=g\",\"caption\":\"MR News\"},\"description\":\"Especializado em jornalismo colaborativo pela FTP em n\u00edvel de p\u00f3s-gradua\u00e7\u00e3o. suporte@oimeliga.combr\",\"sameAs\":[\"HUGO R.\",\"Admin\"],\"url\":\"https:\\\/\\\/mrnews.com.br\\\/index.php\\\/author\\\/admin\\\/\"}]}<\/script>\n<!-- \/ Yoast SEO plugin. -->","yoast_head_json":{"title":"Projeto reduz infec\u00e7\u00f5es em hospitais p\u00fablicos no pa\u00eds","robots":{"index":"index","follow":"follow","max-snippet":"max-snippet:-1","max-image-preview":"max-image-preview:large","max-video-preview":"max-video-preview:-1"},"canonical":"https:\/\/mrnews.com.br\/index.php\/2026\/01\/15\/projeto-reduz-infeccoes-em-hospitais-publicos-no-pais\/","og_locale":"pt_BR","og_type":"article","og_title":"Projeto reduz infec\u00e7\u00f5es em hospitais p\u00fablicos no pa\u00eds","og_description":"Por EBC, Criado para ajudar a reduzir as infec\u00e7\u00f5es relacionadas \u00e0 assist\u00eancia \u00e0 sa\u00fade em unidades hospitalares p\u00fablicas do Brasil, o projeto Sa\u00fade em Nossas M\u00e3os t\u00eam conseguido atingir seu objetivo. Entre setembro de 2024 e outubro de 2025, o projeto conseguiu reduzir em 26% essas infec\u00e7\u00f5es hospitalares em unidades de terapia intensiva (UTI) de &hellip;","og_url":"https:\/\/mrnews.com.br\/index.php\/2026\/01\/15\/projeto-reduz-infeccoes-em-hospitais-publicos-no-pais\/","og_site_name":"MRNews","article_publisher":"https:\/\/www.facebook.com\/eaipahpah\/?locale2=pt_BR","article_published_time":"2026-01-15T11:59:29+00:00","author":"MR News","twitter_card":"summary_large_image","twitter_creator":"@conspirou","twitter_site":"@conspirou","twitter_misc":{"Escrito por":"MR News","Est. tempo de leitura":"2 minutos"},"schema":{"@context":"https:\/\/schema.org","@graph":[{"@type":"Article","@id":"https:\/\/mrnews.com.br\/index.php\/2026\/01\/15\/projeto-reduz-infeccoes-em-hospitais-publicos-no-pais\/#article","isPartOf":{"@id":"https:\/\/mrnews.com.br\/index.php\/2026\/01\/15\/projeto-reduz-infeccoes-em-hospitais-publicos-no-pais\/"},"author":{"name":"MR News","@id":"https:\/\/mrnews.com.br\/#\/schema\/person\/be3203154562a9f207407861cef7827b"},"headline":"Projeto reduz infec\u00e7\u00f5es em hospitais p\u00fablicos no pa\u00eds","datePublished":"2026-01-15T11:59:29+00:00","mainEntityOfPage":{"@id":"https:\/\/mrnews.com.br\/index.php\/2026\/01\/15\/projeto-reduz-infeccoes-em-hospitais-publicos-no-pais\/"},"wordCount":350,"commentCount":0,"publisher":{"@id":"https:\/\/mrnews.com.br\/#organization"},"articleSection":["ENTRETENIMENTO","NOTICIAS","SERVI\u00c7OS"],"inLanguage":"pt-BR","potentialAction":[{"@type":"CommentAction","name":"Comment","target":["https:\/\/mrnews.com.br\/index.php\/2026\/01\/15\/projeto-reduz-infeccoes-em-hospitais-publicos-no-pais\/#respond"]}]},{"@type":"WebPage","@id":"https:\/\/mrnews.com.br\/index.php\/2026\/01\/15\/projeto-reduz-infeccoes-em-hospitais-publicos-no-pais\/","url":"https:\/\/mrnews.com.br\/index.php\/2026\/01\/15\/projeto-reduz-infeccoes-em-hospitais-publicos-no-pais\/","name":"Projeto reduz infec\u00e7\u00f5es em hospitais p\u00fablicos no pa\u00eds","isPartOf":{"@id":"https:\/\/mrnews.com.br\/#website"},"datePublished":"2026-01-15T11:59:29+00:00","breadcrumb":{"@id":"https:\/\/mrnews.com.br\/index.php\/2026\/01\/15\/projeto-reduz-infeccoes-em-hospitais-publicos-no-pais\/#breadcrumb"},"inLanguage":"pt-BR","potentialAction":[{"@type":"ReadAction","target":["https:\/\/mrnews.com.br\/index.php\/2026\/01\/15\/projeto-reduz-infeccoes-em-hospitais-publicos-no-pais\/"]}]},{"@type":"BreadcrumbList","@id":"https:\/\/mrnews.com.br\/index.php\/2026\/01\/15\/projeto-reduz-infeccoes-em-hospitais-publicos-no-pais\/#breadcrumb","itemListElement":[{"@type":"ListItem","position":1,"name":"In\u00edcio","item":"https:\/\/mrnews.com.br\/"},{"@type":"ListItem","position":2,"name":"Projeto reduz infec\u00e7\u00f5es em hospitais p\u00fablicos no pa\u00eds"}]},{"@type":"WebSite","@id":"https:\/\/mrnews.com.br\/#website","url":"https:\/\/mrnews.com.br\/","name":"MRNews","description":"MRNews Jogos de hoje da TV, transmiss\u00f5es ao vivo, Not\u00edcias de futebol, Jogos ao vivo, Lives, resumo de novelas, Programa\u00e7\u00e3o da Globo, A Fazenda e BBB","publisher":{"@id":"https:\/\/mrnews.com.br\/#organization"},"potentialAction":[{"@type":"SearchAction","target":{"@type":"EntryPoint","urlTemplate":"https:\/\/mrnews.com.br\/?s={search_term_string}"},"query-input":{"@type":"PropertyValueSpecification","valueRequired":true,"valueName":"search_term_string"}}],"inLanguage":"pt-BR"},{"@type":"Organization","@id":"https:\/\/mrnews.com.br\/#organization","name":"MRNews","url":"https:\/\/mrnews.com.br\/","logo":{"@type":"ImageObject","inLanguage":"pt-BR","@id":"https:\/\/mrnews.com.br\/#\/schema\/logo\/image\/","url":"https:\/\/mrnews.com.br\/wp-content\/uploads\/2019\/06\/MRNewslogo2.png","contentUrl":"https:\/\/mrnews.com.br\/wp-content\/uploads\/2019\/06\/MRNewslogo2.png","width":223,"height":58,"caption":"MRNews"},"image":{"@id":"https:\/\/mrnews.com.br\/#\/schema\/logo\/image\/"},"sameAs":["https:\/\/www.facebook.com\/eaipahpah\/?locale2=pt_BR","https:\/\/x.com\/conspirou","https:\/\/www.instagram.com\/eai_pahpah","https:\/\/br.pinterest.com\/mrnewsn\/boards\/","https:\/\/www.youtube.com\/channel\/UCacgnpznQ61fifLWr1tQ-vA?view_as=subscriber"]},{"@type":"Person","@id":"https:\/\/mrnews.com.br\/#\/schema\/person\/be3203154562a9f207407861cef7827b","name":"MR News","image":{"@type":"ImageObject","inLanguage":"pt-BR","@id":"https:\/\/secure.gravatar.com\/avatar\/04084e6d73c042b8646e7c17b494073bf0ede3ea13c7105cfc45cbbbc28385a4?s=96&d=monsterid&r=g","url":"https:\/\/secure.gravatar.com\/avatar\/04084e6d73c042b8646e7c17b494073bf0ede3ea13c7105cfc45cbbbc28385a4?s=96&d=monsterid&r=g","contentUrl":"https:\/\/secure.gravatar.com\/avatar\/04084e6d73c042b8646e7c17b494073bf0ede3ea13c7105cfc45cbbbc28385a4?s=96&d=monsterid&r=g","caption":"MR News"},"description":"Especializado em jornalismo colaborativo pela FTP em n\u00edvel de p\u00f3s-gradua\u00e7\u00e3o. suporte@oimeliga.combr","sameAs":["HUGO R.","Admin"],"url":"https:\/\/mrnews.com.br\/index.php\/author\/admin\/"}]}},"jetpack_featured_media_url":"","jetpack_sharing_enabled":true,"jetpack_shortlink":"https:\/\/wp.me\/pa2Qf7-1Udf","amp_enabled":true,"_links":{"self":[{"href":"https:\/\/mrnews.com.br\/index.php\/wp-json\/wp\/v2\/posts\/454413","targetHints":{"allow":["GET"]}}],"collection":[{"href":"https:\/\/mrnews.com.br\/index.php\/wp-json\/wp\/v2\/posts"}],"about":[{"href":"https:\/\/mrnews.com.br\/index.php\/wp-json\/wp\/v2\/types\/post"}],"author":[{"embeddable":true,"href":"https:\/\/mrnews.com.br\/index.php\/wp-json\/wp\/v2\/users\/1"}],"replies":[{"embeddable":true,"href":"https:\/\/mrnews.com.br\/index.php\/wp-json\/wp\/v2\/comments?post=454413"}],"version-history":[{"count":0,"href":"https:\/\/mrnews.com.br\/index.php\/wp-json\/wp\/v2\/posts\/454413\/revisions"}],"wp:attachment":[{"href":"https:\/\/mrnews.com.br\/index.php\/wp-json\/wp\/v2\/media?parent=454413"}],"wp:term":[{"taxonomy":"category","embeddable":true,"href":"https:\/\/mrnews.com.br\/index.php\/wp-json\/wp\/v2\/categories?post=454413"},{"taxonomy":"post_tag","embeddable":true,"href":"https:\/\/mrnews.com.br\/index.php\/wp-json\/wp\/v2\/tags?post=454413"}],"curies":[{"name":"wp","href":"https:\/\/api.w.org\/{rel}","templated":true}]}}