{"id":454550,"date":"2026-01-19T09:35:30","date_gmt":"2026-01-19T12:35:30","guid":{"rendered":"https:\/\/mrnews.com.br\/index.php\/2026\/01\/19\/musica-no-museu-abre-serie-de-concertos-de-verao-gratuitos-no-rio\/"},"modified":"2026-01-19T09:35:30","modified_gmt":"2026-01-19T12:35:30","slug":"musica-no-museu-abre-serie-de-concertos-de-verao-gratuitos-no-rio","status":"publish","type":"post","link":"https:\/\/mrnews.com.br\/index.php\/2026\/01\/19\/musica-no-museu-abre-serie-de-concertos-de-verao-gratuitos-no-rio\/","title":{"rendered":"M\u00fasica no Museu abre s\u00e9rie de Concertos de Ver\u00e3o gratuitos no Rio"},"content":{"rendered":"<p>Por EBC, <\/p>\n<div>\n<p>O projeto M\u00fasica no Museu inicia as comemora\u00e7\u00f5es de seus 29 anos de cria\u00e7\u00e3o abrindo a temporada 2026 com seus Concertos de Ver\u00e3o, totalmente gratuitos para o p\u00fablico. O primeiro ocorrer\u00e1 nesta ter\u00e7a-feira (20), dia do padroeiro da cidade do Rio de Janeiro, S\u00e3o Sebasti\u00e3o, \u00e0s 16h, no Espa\u00e7o Cultural Arte Sesc, no Flamengo, zona sul da cidade. Haver\u00e1 apresenta\u00e7\u00e3o da Banda Sinf\u00f4nica Nacional tocando cl\u00e1ssicos brasileiros, sob a reg\u00eancia do maestro Eduardo Lagrega Fan.<\/p>\n<p>Na sequ\u00eancia, se apresentar\u00e3o,\u00a0no Centro Cultural Banco do Brasil do Rio de Janeiro (CCBB RJ), o Duo Jorge Saraiva (piano) e Leandro Turano (escaleta), no dia 21, \u00e0s 12h30; e a pianista Alessandra Lucena, no dia 28, no mesmo hor\u00e1rio e local. No repert\u00f3rio do dia 21, o chorinho \u00e9 o principal tema; j\u00e1 no dia 28, ser\u00e3o os cl\u00e1ssicos brasileiros.<\/p>\n<h2>Multiculturalismo religioso<\/h2>\n<p>Os Concertos de Ver\u00e3o continuam em fevereiro. <strong>No dia 2\/2<\/strong>, \u00e0s 18h, ser\u00e1 prestada homenagem \u00e0 Iemanj\u00e1, no Espa\u00e7o Cultural Arte Sesc, apresentando os Cl\u00e1ssicos do Carnaval com Thais Fraga, voz e percuss\u00e3o (tamborim e bong\u00f4), Ricardo Mac Cord, teclado, Jimmy Santa Cruz, baixo, e Vistor Bertrami, bateria.<\/p>\n<p><strong>No dia 4\/2<\/strong>, \u00e0s 12h30, no CCBB RJ, apresentam-se os pianistas Cecilia Guimar\u00e3es e Ezequiel Peres, tendo no programa composi\u00e7\u00f5es de Bach, Mozart, Schubert, Schumann e Satie.<\/p>\n<p>A programa\u00e7\u00e3o segue <strong>no dia 11\/2<\/strong>, \u00e0s 12h30, no CCBB RJ, com os pianistas Adriana Kellner, Cec\u00edlia Guimar\u00e3es, Ezequiel Peres, Fernanda Cruz e Maria Helena de Andrade tocando m\u00fasicas do outro lado do carnaval, sob a dire\u00e7\u00e3o de Maria Helena de Andrade.<\/p>\n<p>Os Concertos de Ver\u00e3o de fevereiro ser\u00e3o encerrados <strong>no dia 25\/2<\/strong>, no mesmo hor\u00e1rio e lugar, com Silas Barbosa ao piano, tocando cl\u00e1ssicos internacionais.<\/p>\n<p>\u201cNa abertura da temporada 2026 homenageamos S\u00e3o Sebasti\u00e3o e, no dia 2 de fevereiro, faremos evento de sauda\u00e7\u00e3o a Iemanj\u00e1. Est\u00e3o previstas apresenta\u00e7\u00f5es em sinagogas, demonstrando o multiculturalismo religioso do projeto\u201d, salientou em entrevista \u00e0 <strong>Ag\u00eancia Brasil<\/strong> o idealizador e diretor do M\u00fasica no Museu, jornalista Sergio da Costa e Silva.<\/p>\n<p>O diretor anunciou ainda que, em paralelo \u00e0 programa\u00e7\u00e3o em museus, centros culturais, bibliotecas e\u00a0pal\u00e1cios, o projeto far\u00e1 tamb\u00e9m este ano apresenta\u00e7\u00f5es em comunidades.<\/p>\n<h2>Mulheres<\/h2>\n<p><strong>Os Concertos de Ver\u00e3o prosseguem ainda em mar\u00e7o, m\u00eas atribu\u00eddo \u00e0s mulheres, iniciando no dia 2\/3, \u00e0s 18h<\/strong>, no Sesc do Flamengo, com a Camerata do Uer\u00ea, do Complexo da Mar\u00e9, tocando cl\u00e1ssicos internacionais. No dia 3, o Duo Madri de Viol\u00f5es, formado por Adriana Ballest\u00e9 e Mara Lucia, apresenta cl\u00e1ssicos brasileiros, \u00e0s 13h, no Tribunal Pleno-Museu da Justi\u00e7a, em Niter\u00f3i.<\/p>\n<p>Os concertos continuam <strong>no dia 4\/3<\/strong>, no CCBB RJ, \u00e0s 12h30, com Else Vergara (piano), e Beatriz Balan (voz), apresentando \u00e1rias de \u00f3peras com personagens femininas.<\/p>\n<p>Seguem-se, no mesmo hor\u00e1rio e local,<strong> no dia 11\/3<\/strong>, a pianista Fernanda Cruz e cl\u00e1ssicos internacionais; <strong>no dia 18\/3<\/strong>, os m\u00fasicos Luiz Bomfim, bar\u00edtono e Regina Lacerda, piano, tamb\u00e9m com cl\u00e1ssicos internacionais; e <strong>no dia 25\/3<\/strong>, haver\u00e1 apresenta\u00e7\u00f5es de flauta doce, sob a dire\u00e7\u00e3o de Nelma Pataro, com cl\u00e1ssicos brasileiros.<\/p>\n<p><strong>Na sexta-feira (27\/3)<\/strong>, Dia da M\u00fasica no Museu, o Quarteto de Teclados \u201cTeclas Sonoras\u201d se apresenta no Museu da Justi\u00e7a, \u00e0s 12h30, tocando pe\u00e7as eruditas e populares do Brasil.<\/p>\n<p><strong>Os Concertos de Ver\u00e3o de mar\u00e7o se encerram no dia 28<\/strong>, \u00e0s 18h, no Pal\u00e1cio S\u00e3o Clemente, onde funciona o Consulado de Portugal, com a pianista Miriam Grosman tocando cl\u00e1ssicos internacionais.<\/p>\n<p>\u201cSer\u00e3o tocadas m\u00fasicas com nomes de mulheres e temas femininos\u201d, informou Sergio da Costa e Silva.\u00a0<\/p>\n<p>Ainda em mar\u00e7o, haver\u00e1 dois concertos internacionais nos dias 20, no Gr\u00eamio Liter\u00e1rio, em Lisboa; e no dia 21, no Lawrence\u00b4s Hotel, em Sintra, com a pianista Fernanda Canaud, tocando cl\u00e1ssicos brasileiros. As duas apresenta\u00e7\u00f5es est\u00e3o previstas para as 19h.<\/p>\n<p>      <!-- Relacionada --><\/p>\n<p>            <!-- Relacionada -->\n    <\/div>\n","protected":false},"excerpt":{"rendered":"<p>Por EBC, O projeto M\u00fasica no Museu inicia as comemora\u00e7\u00f5es de seus 29 anos de cria\u00e7\u00e3o abrindo a temporada 2026 com seus Concertos de Ver\u00e3o, totalmente gratuitos para o p\u00fablico. O primeiro ocorrer\u00e1 nesta ter\u00e7a-feira (20), dia do padroeiro da cidade do Rio de Janeiro, S\u00e3o Sebasti\u00e3o, \u00e0s 16h, no Espa\u00e7o Cultural Arte Sesc, no &hellip;<\/p>\n","protected":false},"author":1,"featured_media":0,"comment_status":"open","ping_status":"open","sticky":false,"template":"","format":"standard","meta":{"_jetpack_memberships_contains_paid_content":false,"footnotes":""},"categories":[2,12225,4],"tags":[],"class_list":["post-454550","post","type-post","status-publish","format-standard","hentry","category-entretenimento","category-noticias","category-servicos"],"yoast_head":"<!-- This site is optimized with the Yoast SEO plugin v27.4 - https:\/\/yoast.com\/product\/yoast-seo-wordpress\/ -->\n<title>M\u00fasica no Museu abre s\u00e9rie de Concertos de Ver\u00e3o gratuitos no Rio<\/title>\n<meta name=\"robots\" content=\"index, follow, max-snippet:-1, max-image-preview:large, max-video-preview:-1\" \/>\n<link rel=\"canonical\" href=\"https:\/\/mrnews.com.br\/index.php\/2026\/01\/19\/musica-no-museu-abre-serie-de-concertos-de-verao-gratuitos-no-rio\/\" \/>\n<meta property=\"og:locale\" content=\"pt_BR\" \/>\n<meta property=\"og:type\" content=\"article\" \/>\n<meta property=\"og:title\" content=\"M\u00fasica no Museu abre s\u00e9rie de Concertos de Ver\u00e3o gratuitos no Rio\" \/>\n<meta property=\"og:description\" content=\"Por EBC, O projeto M\u00fasica no Museu inicia as comemora\u00e7\u00f5es de seus 29 anos de cria\u00e7\u00e3o abrindo a temporada 2026 com seus Concertos de Ver\u00e3o, totalmente gratuitos para o p\u00fablico. O primeiro ocorrer\u00e1 nesta ter\u00e7a-feira (20), dia do padroeiro da cidade do Rio de Janeiro, S\u00e3o Sebasti\u00e3o, \u00e0s 16h, no Espa\u00e7o Cultural Arte Sesc, no &hellip;\" \/>\n<meta property=\"og:url\" content=\"https:\/\/mrnews.com.br\/index.php\/2026\/01\/19\/musica-no-museu-abre-serie-de-concertos-de-verao-gratuitos-no-rio\/\" \/>\n<meta property=\"og:site_name\" content=\"MRNews\" \/>\n<meta property=\"article:publisher\" content=\"https:\/\/www.facebook.com\/eaipahpah\/?locale2=pt_BR\" \/>\n<meta property=\"article:published_time\" content=\"2026-01-19T12:35:30+00:00\" \/>\n<meta name=\"author\" content=\"MR News\" \/>\n<meta name=\"twitter:card\" content=\"summary_large_image\" \/>\n<meta name=\"twitter:creator\" content=\"@conspirou\" \/>\n<meta name=\"twitter:site\" content=\"@conspirou\" \/>\n<meta name=\"twitter:label1\" content=\"Escrito por\" \/>\n\t<meta name=\"twitter:data1\" content=\"MR News\" \/>\n\t<meta name=\"twitter:label2\" content=\"Est. tempo de leitura\" \/>\n\t<meta name=\"twitter:data2\" content=\"3 minutos\" \/>\n<script type=\"application\/ld+json\" class=\"yoast-schema-graph\">{\"@context\":\"https:\\\/\\\/schema.org\",\"@graph\":[{\"@type\":\"Article\",\"@id\":\"https:\\\/\\\/mrnews.com.br\\\/index.php\\\/2026\\\/01\\\/19\\\/musica-no-museu-abre-serie-de-concertos-de-verao-gratuitos-no-rio\\\/#article\",\"isPartOf\":{\"@id\":\"https:\\\/\\\/mrnews.com.br\\\/index.php\\\/2026\\\/01\\\/19\\\/musica-no-museu-abre-serie-de-concertos-de-verao-gratuitos-no-rio\\\/\"},\"author\":{\"name\":\"MR News\",\"@id\":\"https:\\\/\\\/mrnews.com.br\\\/#\\\/schema\\\/person\\\/be3203154562a9f207407861cef7827b\"},\"headline\":\"M\u00fasica no Museu abre s\u00e9rie de Concertos de Ver\u00e3o gratuitos no Rio\",\"datePublished\":\"2026-01-19T12:35:30+00:00\",\"mainEntityOfPage\":{\"@id\":\"https:\\\/\\\/mrnews.com.br\\\/index.php\\\/2026\\\/01\\\/19\\\/musica-no-museu-abre-serie-de-concertos-de-verao-gratuitos-no-rio\\\/\"},\"wordCount\":680,\"commentCount\":0,\"publisher\":{\"@id\":\"https:\\\/\\\/mrnews.com.br\\\/#organization\"},\"articleSection\":[\"ENTRETENIMENTO\",\"NOTICIAS\",\"SERVI\u00c7OS\"],\"inLanguage\":\"pt-BR\",\"potentialAction\":[{\"@type\":\"CommentAction\",\"name\":\"Comment\",\"target\":[\"https:\\\/\\\/mrnews.com.br\\\/index.php\\\/2026\\\/01\\\/19\\\/musica-no-museu-abre-serie-de-concertos-de-verao-gratuitos-no-rio\\\/#respond\"]}]},{\"@type\":\"WebPage\",\"@id\":\"https:\\\/\\\/mrnews.com.br\\\/index.php\\\/2026\\\/01\\\/19\\\/musica-no-museu-abre-serie-de-concertos-de-verao-gratuitos-no-rio\\\/\",\"url\":\"https:\\\/\\\/mrnews.com.br\\\/index.php\\\/2026\\\/01\\\/19\\\/musica-no-museu-abre-serie-de-concertos-de-verao-gratuitos-no-rio\\\/\",\"name\":\"M\u00fasica no Museu abre s\u00e9rie de Concertos de Ver\u00e3o gratuitos no Rio\",\"isPartOf\":{\"@id\":\"https:\\\/\\\/mrnews.com.br\\\/#website\"},\"datePublished\":\"2026-01-19T12:35:30+00:00\",\"breadcrumb\":{\"@id\":\"https:\\\/\\\/mrnews.com.br\\\/index.php\\\/2026\\\/01\\\/19\\\/musica-no-museu-abre-serie-de-concertos-de-verao-gratuitos-no-rio\\\/#breadcrumb\"},\"inLanguage\":\"pt-BR\",\"potentialAction\":[{\"@type\":\"ReadAction\",\"target\":[\"https:\\\/\\\/mrnews.com.br\\\/index.php\\\/2026\\\/01\\\/19\\\/musica-no-museu-abre-serie-de-concertos-de-verao-gratuitos-no-rio\\\/\"]}]},{\"@type\":\"BreadcrumbList\",\"@id\":\"https:\\\/\\\/mrnews.com.br\\\/index.php\\\/2026\\\/01\\\/19\\\/musica-no-museu-abre-serie-de-concertos-de-verao-gratuitos-no-rio\\\/#breadcrumb\",\"itemListElement\":[{\"@type\":\"ListItem\",\"position\":1,\"name\":\"In\u00edcio\",\"item\":\"https:\\\/\\\/mrnews.com.br\\\/\"},{\"@type\":\"ListItem\",\"position\":2,\"name\":\"M\u00fasica no Museu abre s\u00e9rie de Concertos de Ver\u00e3o gratuitos no Rio\"}]},{\"@type\":\"WebSite\",\"@id\":\"https:\\\/\\\/mrnews.com.br\\\/#website\",\"url\":\"https:\\\/\\\/mrnews.com.br\\\/\",\"name\":\"MRNews\",\"description\":\"MRNews Jogos de hoje da TV, transmiss\u00f5es ao vivo, Not\u00edcias de futebol, Jogos ao vivo, Lives, resumo de novelas, Programa\u00e7\u00e3o da Globo, A Fazenda e BBB\",\"publisher\":{\"@id\":\"https:\\\/\\\/mrnews.com.br\\\/#organization\"},\"potentialAction\":[{\"@type\":\"SearchAction\",\"target\":{\"@type\":\"EntryPoint\",\"urlTemplate\":\"https:\\\/\\\/mrnews.com.br\\\/?s={search_term_string}\"},\"query-input\":{\"@type\":\"PropertyValueSpecification\",\"valueRequired\":true,\"valueName\":\"search_term_string\"}}],\"inLanguage\":\"pt-BR\"},{\"@type\":\"Organization\",\"@id\":\"https:\\\/\\\/mrnews.com.br\\\/#organization\",\"name\":\"MRNews\",\"url\":\"https:\\\/\\\/mrnews.com.br\\\/\",\"logo\":{\"@type\":\"ImageObject\",\"inLanguage\":\"pt-BR\",\"@id\":\"https:\\\/\\\/mrnews.com.br\\\/#\\\/schema\\\/logo\\\/image\\\/\",\"url\":\"https:\\\/\\\/mrnews.com.br\\\/wp-content\\\/uploads\\\/2019\\\/06\\\/MRNewslogo2.png\",\"contentUrl\":\"https:\\\/\\\/mrnews.com.br\\\/wp-content\\\/uploads\\\/2019\\\/06\\\/MRNewslogo2.png\",\"width\":223,\"height\":58,\"caption\":\"MRNews\"},\"image\":{\"@id\":\"https:\\\/\\\/mrnews.com.br\\\/#\\\/schema\\\/logo\\\/image\\\/\"},\"sameAs\":[\"https:\\\/\\\/www.facebook.com\\\/eaipahpah\\\/?locale2=pt_BR\",\"https:\\\/\\\/x.com\\\/conspirou\",\"https:\\\/\\\/www.instagram.com\\\/eai_pahpah\",\"https:\\\/\\\/br.pinterest.com\\\/mrnewsn\\\/boards\\\/\",\"https:\\\/\\\/www.youtube.com\\\/channel\\\/UCacgnpznQ61fifLWr1tQ-vA?view_as=subscriber\"]},{\"@type\":\"Person\",\"@id\":\"https:\\\/\\\/mrnews.com.br\\\/#\\\/schema\\\/person\\\/be3203154562a9f207407861cef7827b\",\"name\":\"MR News\",\"image\":{\"@type\":\"ImageObject\",\"inLanguage\":\"pt-BR\",\"@id\":\"https:\\\/\\\/secure.gravatar.com\\\/avatar\\\/04084e6d73c042b8646e7c17b494073bf0ede3ea13c7105cfc45cbbbc28385a4?s=96&d=monsterid&r=g\",\"url\":\"https:\\\/\\\/secure.gravatar.com\\\/avatar\\\/04084e6d73c042b8646e7c17b494073bf0ede3ea13c7105cfc45cbbbc28385a4?s=96&d=monsterid&r=g\",\"contentUrl\":\"https:\\\/\\\/secure.gravatar.com\\\/avatar\\\/04084e6d73c042b8646e7c17b494073bf0ede3ea13c7105cfc45cbbbc28385a4?s=96&d=monsterid&r=g\",\"caption\":\"MR News\"},\"description\":\"Especializado em jornalismo colaborativo pela FTP em n\u00edvel de p\u00f3s-gradua\u00e7\u00e3o. suporte@oimeliga.combr\",\"sameAs\":[\"HUGO R.\",\"Admin\"],\"url\":\"https:\\\/\\\/mrnews.com.br\\\/index.php\\\/author\\\/admin\\\/\"}]}<\/script>\n<!-- \/ Yoast SEO plugin. -->","yoast_head_json":{"title":"M\u00fasica no Museu abre s\u00e9rie de Concertos de Ver\u00e3o gratuitos no Rio","robots":{"index":"index","follow":"follow","max-snippet":"max-snippet:-1","max-image-preview":"max-image-preview:large","max-video-preview":"max-video-preview:-1"},"canonical":"https:\/\/mrnews.com.br\/index.php\/2026\/01\/19\/musica-no-museu-abre-serie-de-concertos-de-verao-gratuitos-no-rio\/","og_locale":"pt_BR","og_type":"article","og_title":"M\u00fasica no Museu abre s\u00e9rie de Concertos de Ver\u00e3o gratuitos no Rio","og_description":"Por EBC, O projeto M\u00fasica no Museu inicia as comemora\u00e7\u00f5es de seus 29 anos de cria\u00e7\u00e3o abrindo a temporada 2026 com seus Concertos de Ver\u00e3o, totalmente gratuitos para o p\u00fablico. O primeiro ocorrer\u00e1 nesta ter\u00e7a-feira (20), dia do padroeiro da cidade do Rio de Janeiro, S\u00e3o Sebasti\u00e3o, \u00e0s 16h, no Espa\u00e7o Cultural Arte Sesc, no &hellip;","og_url":"https:\/\/mrnews.com.br\/index.php\/2026\/01\/19\/musica-no-museu-abre-serie-de-concertos-de-verao-gratuitos-no-rio\/","og_site_name":"MRNews","article_publisher":"https:\/\/www.facebook.com\/eaipahpah\/?locale2=pt_BR","article_published_time":"2026-01-19T12:35:30+00:00","author":"MR News","twitter_card":"summary_large_image","twitter_creator":"@conspirou","twitter_site":"@conspirou","twitter_misc":{"Escrito por":"MR News","Est. tempo de leitura":"3 minutos"},"schema":{"@context":"https:\/\/schema.org","@graph":[{"@type":"Article","@id":"https:\/\/mrnews.com.br\/index.php\/2026\/01\/19\/musica-no-museu-abre-serie-de-concertos-de-verao-gratuitos-no-rio\/#article","isPartOf":{"@id":"https:\/\/mrnews.com.br\/index.php\/2026\/01\/19\/musica-no-museu-abre-serie-de-concertos-de-verao-gratuitos-no-rio\/"},"author":{"name":"MR News","@id":"https:\/\/mrnews.com.br\/#\/schema\/person\/be3203154562a9f207407861cef7827b"},"headline":"M\u00fasica no Museu abre s\u00e9rie de Concertos de Ver\u00e3o gratuitos no Rio","datePublished":"2026-01-19T12:35:30+00:00","mainEntityOfPage":{"@id":"https:\/\/mrnews.com.br\/index.php\/2026\/01\/19\/musica-no-museu-abre-serie-de-concertos-de-verao-gratuitos-no-rio\/"},"wordCount":680,"commentCount":0,"publisher":{"@id":"https:\/\/mrnews.com.br\/#organization"},"articleSection":["ENTRETENIMENTO","NOTICIAS","SERVI\u00c7OS"],"inLanguage":"pt-BR","potentialAction":[{"@type":"CommentAction","name":"Comment","target":["https:\/\/mrnews.com.br\/index.php\/2026\/01\/19\/musica-no-museu-abre-serie-de-concertos-de-verao-gratuitos-no-rio\/#respond"]}]},{"@type":"WebPage","@id":"https:\/\/mrnews.com.br\/index.php\/2026\/01\/19\/musica-no-museu-abre-serie-de-concertos-de-verao-gratuitos-no-rio\/","url":"https:\/\/mrnews.com.br\/index.php\/2026\/01\/19\/musica-no-museu-abre-serie-de-concertos-de-verao-gratuitos-no-rio\/","name":"M\u00fasica no Museu abre s\u00e9rie de Concertos de Ver\u00e3o gratuitos no Rio","isPartOf":{"@id":"https:\/\/mrnews.com.br\/#website"},"datePublished":"2026-01-19T12:35:30+00:00","breadcrumb":{"@id":"https:\/\/mrnews.com.br\/index.php\/2026\/01\/19\/musica-no-museu-abre-serie-de-concertos-de-verao-gratuitos-no-rio\/#breadcrumb"},"inLanguage":"pt-BR","potentialAction":[{"@type":"ReadAction","target":["https:\/\/mrnews.com.br\/index.php\/2026\/01\/19\/musica-no-museu-abre-serie-de-concertos-de-verao-gratuitos-no-rio\/"]}]},{"@type":"BreadcrumbList","@id":"https:\/\/mrnews.com.br\/index.php\/2026\/01\/19\/musica-no-museu-abre-serie-de-concertos-de-verao-gratuitos-no-rio\/#breadcrumb","itemListElement":[{"@type":"ListItem","position":1,"name":"In\u00edcio","item":"https:\/\/mrnews.com.br\/"},{"@type":"ListItem","position":2,"name":"M\u00fasica no Museu abre s\u00e9rie de Concertos de Ver\u00e3o gratuitos no Rio"}]},{"@type":"WebSite","@id":"https:\/\/mrnews.com.br\/#website","url":"https:\/\/mrnews.com.br\/","name":"MRNews","description":"MRNews Jogos de hoje da TV, transmiss\u00f5es ao vivo, Not\u00edcias de futebol, Jogos ao vivo, Lives, resumo de novelas, Programa\u00e7\u00e3o da Globo, A Fazenda e BBB","publisher":{"@id":"https:\/\/mrnews.com.br\/#organization"},"potentialAction":[{"@type":"SearchAction","target":{"@type":"EntryPoint","urlTemplate":"https:\/\/mrnews.com.br\/?s={search_term_string}"},"query-input":{"@type":"PropertyValueSpecification","valueRequired":true,"valueName":"search_term_string"}}],"inLanguage":"pt-BR"},{"@type":"Organization","@id":"https:\/\/mrnews.com.br\/#organization","name":"MRNews","url":"https:\/\/mrnews.com.br\/","logo":{"@type":"ImageObject","inLanguage":"pt-BR","@id":"https:\/\/mrnews.com.br\/#\/schema\/logo\/image\/","url":"https:\/\/mrnews.com.br\/wp-content\/uploads\/2019\/06\/MRNewslogo2.png","contentUrl":"https:\/\/mrnews.com.br\/wp-content\/uploads\/2019\/06\/MRNewslogo2.png","width":223,"height":58,"caption":"MRNews"},"image":{"@id":"https:\/\/mrnews.com.br\/#\/schema\/logo\/image\/"},"sameAs":["https:\/\/www.facebook.com\/eaipahpah\/?locale2=pt_BR","https:\/\/x.com\/conspirou","https:\/\/www.instagram.com\/eai_pahpah","https:\/\/br.pinterest.com\/mrnewsn\/boards\/","https:\/\/www.youtube.com\/channel\/UCacgnpznQ61fifLWr1tQ-vA?view_as=subscriber"]},{"@type":"Person","@id":"https:\/\/mrnews.com.br\/#\/schema\/person\/be3203154562a9f207407861cef7827b","name":"MR News","image":{"@type":"ImageObject","inLanguage":"pt-BR","@id":"https:\/\/secure.gravatar.com\/avatar\/04084e6d73c042b8646e7c17b494073bf0ede3ea13c7105cfc45cbbbc28385a4?s=96&d=monsterid&r=g","url":"https:\/\/secure.gravatar.com\/avatar\/04084e6d73c042b8646e7c17b494073bf0ede3ea13c7105cfc45cbbbc28385a4?s=96&d=monsterid&r=g","contentUrl":"https:\/\/secure.gravatar.com\/avatar\/04084e6d73c042b8646e7c17b494073bf0ede3ea13c7105cfc45cbbbc28385a4?s=96&d=monsterid&r=g","caption":"MR News"},"description":"Especializado em jornalismo colaborativo pela FTP em n\u00edvel de p\u00f3s-gradua\u00e7\u00e3o. suporte@oimeliga.combr","sameAs":["HUGO R.","Admin"],"url":"https:\/\/mrnews.com.br\/index.php\/author\/admin\/"}]}},"jetpack_featured_media_url":"","jetpack_sharing_enabled":true,"jetpack_shortlink":"https:\/\/wp.me\/pa2Qf7-1Ufs","amp_enabled":true,"_links":{"self":[{"href":"https:\/\/mrnews.com.br\/index.php\/wp-json\/wp\/v2\/posts\/454550","targetHints":{"allow":["GET"]}}],"collection":[{"href":"https:\/\/mrnews.com.br\/index.php\/wp-json\/wp\/v2\/posts"}],"about":[{"href":"https:\/\/mrnews.com.br\/index.php\/wp-json\/wp\/v2\/types\/post"}],"author":[{"embeddable":true,"href":"https:\/\/mrnews.com.br\/index.php\/wp-json\/wp\/v2\/users\/1"}],"replies":[{"embeddable":true,"href":"https:\/\/mrnews.com.br\/index.php\/wp-json\/wp\/v2\/comments?post=454550"}],"version-history":[{"count":0,"href":"https:\/\/mrnews.com.br\/index.php\/wp-json\/wp\/v2\/posts\/454550\/revisions"}],"wp:attachment":[{"href":"https:\/\/mrnews.com.br\/index.php\/wp-json\/wp\/v2\/media?parent=454550"}],"wp:term":[{"taxonomy":"category","embeddable":true,"href":"https:\/\/mrnews.com.br\/index.php\/wp-json\/wp\/v2\/categories?post=454550"},{"taxonomy":"post_tag","embeddable":true,"href":"https:\/\/mrnews.com.br\/index.php\/wp-json\/wp\/v2\/tags?post=454550"}],"curies":[{"name":"wp","href":"https:\/\/api.w.org\/{rel}","templated":true}]}}