{"id":454591,"date":"2026-01-20T10:48:30","date_gmt":"2026-01-20T13:48:30","guid":{"rendered":"https:\/\/mrnews.com.br\/index.php\/2026\/01\/20\/cesta-basica-cai-em-todas-as-capitais-do-pais-no-2o-semestre-de-2025\/"},"modified":"2026-01-20T10:48:30","modified_gmt":"2026-01-20T13:48:30","slug":"cesta-basica-cai-em-todas-as-capitais-do-pais-no-2o-semestre-de-2025","status":"publish","type":"post","link":"https:\/\/mrnews.com.br\/index.php\/2026\/01\/20\/cesta-basica-cai-em-todas-as-capitais-do-pais-no-2o-semestre-de-2025\/","title":{"rendered":"Cesta b\u00e1sica cai em todas as capitais do pa\u00eds no 2\u00ba semestre de 2025"},"content":{"rendered":"<p>Por EBC, <\/p>\n<div>\n<p>O pre\u00e7o da cesta b\u00e1sica de alimentos caiu em todas as 27 capitais brasileiras no acumulado do \u00faltimo semestre de 2025. As\u00a0 quedas oscilaram entre -9,08%, em Boa Vista (RR,) e -1,56%, em Belo Horizonte (MG).<\/p>\n<p>Os dados, divulgados nesta ter\u00e7a-feira (20), s\u00e3o do\u00a0 Departamento Intersindical de Estat\u00edstica e Estudos Socioecon\u00f4micos (Dieese) e da Companhia Nacional de Abastecimento (Conab). Desde julho de 2025, a pesquisa engloba todas as 27 capitais do pa\u00eds. Anteriormente, o levantamento era feito apenas em 17.\u00a0<\/p>\n<p><strong>Campe\u00e3 em queda de pre\u00e7o entre as capitais, Boa Vista (RR) teve a redu\u00e7\u00e3o de -9,08% no valor da cesta b\u00e1sica no \u00faltimo semestre do ano passado, com o pre\u00e7o passando de R$ 712,83 em julho de 2025, para R$ 652,1,4 em dezembro \u2013\u00a0 R$ 60,69 menor.<\/strong><\/p>\n<p>A segunda capital com maior queda no per\u00edodo foi Manaus (AM), com diminui\u00e7\u00e3o de -8,12% no pre\u00e7o da cesta, de R$ 674,78 para R$ 620,42, ou seja, custo R$ 54,36 a menos. Fortaleza (CE) ocupa o terceiro lugar em diminui\u00e7\u00e3o do pre\u00e7o do conjunto de alimentos essenciais: queda de -7,90%, passando de R$ 738,09, em julho, para R$ 677, em dezembro, R$ 61,09 mais barata.\u00a0<\/p>\n<p><strong>As capitais que tiveram menores baixas foram Belo Horizonte (MG), Macap\u00e1 (AP) e Campo Grande (MS) com quedas de -1,56%, -2,10% e -2,16%, respectivamente, no acumulado do per\u00edodo.<\/strong><\/p>\n<p>Por regi\u00f5es, Boa Vista (RR) lidera o cen\u00e1rio de baixa de pre\u00e7os n\u00e3o s\u00f3 nacionalmente, mas tamb\u00e9m no Norte, assim como Fortaleza (CE), ocupa n\u00e3o somente o terceiro lugar geral, mas tamb\u00e9m \u00e9 campe\u00e3 no Nordeste do pa\u00eds.\u00a0<\/p>\n<p>No Centro-Oeste, Bras\u00edlia (DF), \u00e9 a recordista em decl\u00ednio de pre\u00e7o da cesta no per\u00edodo, com varia\u00e7\u00e3o de -7,65% nos \u00faltimos seis meses de 2025. No Sul, a capital mais bem colocada \u00e9 Florian\u00f3polis (SC), que teve redu\u00e7\u00e3o de -7,67% no valor do conjunto de produtos. Vit\u00f3ria (ES) \u00e9 a capital vencedora no Sudeste do pa\u00eds, com redu\u00e7\u00e3o de -7,05% no pre\u00e7o da cesta b\u00e1sica de alimentos de julho a dezembro do ano passado..<\/p>\n<p><strong>Segundo o presidente da Conab, Edegar Pretto, o resultado dos \u00faltimos seis meses de 2025 demonstram que a pol\u00edtica agr\u00edcola do Brasil est\u00e1 no caminho certo.<\/strong><\/p>\n<blockquote>\n<p>\u201cEstamos comemorando porque essa queda generalizada \u00e9 fruto dos investimentos que o governo federal vem fazendo no setor agropecu\u00e1rio brasileiro, aumentando a produ\u00e7\u00e3o de alimentos para o consumo interno nacional\u201d.<\/p>\n<\/blockquote>\n<p>Ele destacou os planos Safra dos \u00faltimos tr\u00eas anos, tanto o empresarial quanto o da Agricultura Familiar.<\/p>\n<blockquote>\n<p>\u201cJ\u00e1 s\u00e3o tr\u00eas anos que ambos t\u00eam valores recordes, n\u00e3o faltando recursos para o financiamento agr\u00edcola, e com juros subsidiados\u201d.\u00a0<\/p>\n<\/blockquote>\n<p>      <!-- Relacionada --><\/p>\n<p>            <!-- Relacionada -->\n    <\/div>\n","protected":false},"excerpt":{"rendered":"<p>Por EBC, O pre\u00e7o da cesta b\u00e1sica de alimentos caiu em todas as 27 capitais brasileiras no acumulado do \u00faltimo semestre de 2025. As\u00a0 quedas oscilaram entre -9,08%, em Boa Vista (RR,) e -1,56%, em Belo Horizonte (MG). Os dados, divulgados nesta ter\u00e7a-feira (20), s\u00e3o do\u00a0 Departamento Intersindical de Estat\u00edstica e Estudos Socioecon\u00f4micos (Dieese) e &hellip;<\/p>\n","protected":false},"author":1,"featured_media":0,"comment_status":"open","ping_status":"open","sticky":false,"template":"","format":"standard","meta":{"_jetpack_memberships_contains_paid_content":false,"footnotes":""},"categories":[2,12225,4],"tags":[],"class_list":["post-454591","post","type-post","status-publish","format-standard","hentry","category-entretenimento","category-noticias","category-servicos"],"yoast_head":"<!-- This site is optimized with the Yoast SEO plugin v27.4 - https:\/\/yoast.com\/product\/yoast-seo-wordpress\/ -->\n<title>Cesta b\u00e1sica cai em todas as capitais do pa\u00eds no 2\u00ba semestre de 2025<\/title>\n<meta name=\"robots\" content=\"index, follow, max-snippet:-1, max-image-preview:large, max-video-preview:-1\" \/>\n<link rel=\"canonical\" href=\"https:\/\/mrnews.com.br\/index.php\/2026\/01\/20\/cesta-basica-cai-em-todas-as-capitais-do-pais-no-2o-semestre-de-2025\/\" \/>\n<meta property=\"og:locale\" content=\"pt_BR\" \/>\n<meta property=\"og:type\" content=\"article\" \/>\n<meta property=\"og:title\" content=\"Cesta b\u00e1sica cai em todas as capitais do pa\u00eds no 2\u00ba semestre de 2025\" \/>\n<meta property=\"og:description\" content=\"Por EBC, O pre\u00e7o da cesta b\u00e1sica de alimentos caiu em todas as 27 capitais brasileiras no acumulado do \u00faltimo semestre de 2025. As\u00a0 quedas oscilaram entre -9,08%, em Boa Vista (RR,) e -1,56%, em Belo Horizonte (MG). Os dados, divulgados nesta ter\u00e7a-feira (20), s\u00e3o do\u00a0 Departamento Intersindical de Estat\u00edstica e Estudos Socioecon\u00f4micos (Dieese) e &hellip;\" \/>\n<meta property=\"og:url\" content=\"https:\/\/mrnews.com.br\/index.php\/2026\/01\/20\/cesta-basica-cai-em-todas-as-capitais-do-pais-no-2o-semestre-de-2025\/\" \/>\n<meta property=\"og:site_name\" content=\"MRNews\" \/>\n<meta property=\"article:publisher\" content=\"https:\/\/www.facebook.com\/eaipahpah\/?locale2=pt_BR\" \/>\n<meta property=\"article:published_time\" content=\"2026-01-20T13:48:30+00:00\" \/>\n<meta name=\"author\" content=\"MR News\" \/>\n<meta name=\"twitter:card\" content=\"summary_large_image\" \/>\n<meta name=\"twitter:creator\" content=\"@conspirou\" \/>\n<meta name=\"twitter:site\" content=\"@conspirou\" \/>\n<meta name=\"twitter:label1\" content=\"Escrito por\" \/>\n\t<meta name=\"twitter:data1\" content=\"MR News\" \/>\n\t<meta name=\"twitter:label2\" content=\"Est. tempo de leitura\" \/>\n\t<meta name=\"twitter:data2\" content=\"2 minutos\" \/>\n<script type=\"application\/ld+json\" class=\"yoast-schema-graph\">{\"@context\":\"https:\\\/\\\/schema.org\",\"@graph\":[{\"@type\":\"Article\",\"@id\":\"https:\\\/\\\/mrnews.com.br\\\/index.php\\\/2026\\\/01\\\/20\\\/cesta-basica-cai-em-todas-as-capitais-do-pais-no-2o-semestre-de-2025\\\/#article\",\"isPartOf\":{\"@id\":\"https:\\\/\\\/mrnews.com.br\\\/index.php\\\/2026\\\/01\\\/20\\\/cesta-basica-cai-em-todas-as-capitais-do-pais-no-2o-semestre-de-2025\\\/\"},\"author\":{\"name\":\"MR News\",\"@id\":\"https:\\\/\\\/mrnews.com.br\\\/#\\\/schema\\\/person\\\/be3203154562a9f207407861cef7827b\"},\"headline\":\"Cesta b\u00e1sica cai em todas as capitais do pa\u00eds no 2\u00ba semestre de 2025\",\"datePublished\":\"2026-01-20T13:48:30+00:00\",\"mainEntityOfPage\":{\"@id\":\"https:\\\/\\\/mrnews.com.br\\\/index.php\\\/2026\\\/01\\\/20\\\/cesta-basica-cai-em-todas-as-capitais-do-pais-no-2o-semestre-de-2025\\\/\"},\"wordCount\":464,\"commentCount\":0,\"publisher\":{\"@id\":\"https:\\\/\\\/mrnews.com.br\\\/#organization\"},\"articleSection\":[\"ENTRETENIMENTO\",\"NOTICIAS\",\"SERVI\u00c7OS\"],\"inLanguage\":\"pt-BR\",\"potentialAction\":[{\"@type\":\"CommentAction\",\"name\":\"Comment\",\"target\":[\"https:\\\/\\\/mrnews.com.br\\\/index.php\\\/2026\\\/01\\\/20\\\/cesta-basica-cai-em-todas-as-capitais-do-pais-no-2o-semestre-de-2025\\\/#respond\"]}]},{\"@type\":\"WebPage\",\"@id\":\"https:\\\/\\\/mrnews.com.br\\\/index.php\\\/2026\\\/01\\\/20\\\/cesta-basica-cai-em-todas-as-capitais-do-pais-no-2o-semestre-de-2025\\\/\",\"url\":\"https:\\\/\\\/mrnews.com.br\\\/index.php\\\/2026\\\/01\\\/20\\\/cesta-basica-cai-em-todas-as-capitais-do-pais-no-2o-semestre-de-2025\\\/\",\"name\":\"Cesta b\u00e1sica cai em todas as capitais do pa\u00eds no 2\u00ba semestre de 2025\",\"isPartOf\":{\"@id\":\"https:\\\/\\\/mrnews.com.br\\\/#website\"},\"datePublished\":\"2026-01-20T13:48:30+00:00\",\"breadcrumb\":{\"@id\":\"https:\\\/\\\/mrnews.com.br\\\/index.php\\\/2026\\\/01\\\/20\\\/cesta-basica-cai-em-todas-as-capitais-do-pais-no-2o-semestre-de-2025\\\/#breadcrumb\"},\"inLanguage\":\"pt-BR\",\"potentialAction\":[{\"@type\":\"ReadAction\",\"target\":[\"https:\\\/\\\/mrnews.com.br\\\/index.php\\\/2026\\\/01\\\/20\\\/cesta-basica-cai-em-todas-as-capitais-do-pais-no-2o-semestre-de-2025\\\/\"]}]},{\"@type\":\"BreadcrumbList\",\"@id\":\"https:\\\/\\\/mrnews.com.br\\\/index.php\\\/2026\\\/01\\\/20\\\/cesta-basica-cai-em-todas-as-capitais-do-pais-no-2o-semestre-de-2025\\\/#breadcrumb\",\"itemListElement\":[{\"@type\":\"ListItem\",\"position\":1,\"name\":\"In\u00edcio\",\"item\":\"https:\\\/\\\/mrnews.com.br\\\/\"},{\"@type\":\"ListItem\",\"position\":2,\"name\":\"Cesta b\u00e1sica cai em todas as capitais do pa\u00eds no 2\u00ba semestre de 2025\"}]},{\"@type\":\"WebSite\",\"@id\":\"https:\\\/\\\/mrnews.com.br\\\/#website\",\"url\":\"https:\\\/\\\/mrnews.com.br\\\/\",\"name\":\"MRNews\",\"description\":\"MRNews Jogos de hoje da TV, transmiss\u00f5es ao vivo, Not\u00edcias de futebol, Jogos ao vivo, Lives, resumo de novelas, Programa\u00e7\u00e3o da Globo, A Fazenda e BBB\",\"publisher\":{\"@id\":\"https:\\\/\\\/mrnews.com.br\\\/#organization\"},\"potentialAction\":[{\"@type\":\"SearchAction\",\"target\":{\"@type\":\"EntryPoint\",\"urlTemplate\":\"https:\\\/\\\/mrnews.com.br\\\/?s={search_term_string}\"},\"query-input\":{\"@type\":\"PropertyValueSpecification\",\"valueRequired\":true,\"valueName\":\"search_term_string\"}}],\"inLanguage\":\"pt-BR\"},{\"@type\":\"Organization\",\"@id\":\"https:\\\/\\\/mrnews.com.br\\\/#organization\",\"name\":\"MRNews\",\"url\":\"https:\\\/\\\/mrnews.com.br\\\/\",\"logo\":{\"@type\":\"ImageObject\",\"inLanguage\":\"pt-BR\",\"@id\":\"https:\\\/\\\/mrnews.com.br\\\/#\\\/schema\\\/logo\\\/image\\\/\",\"url\":\"https:\\\/\\\/mrnews.com.br\\\/wp-content\\\/uploads\\\/2019\\\/06\\\/MRNewslogo2.png\",\"contentUrl\":\"https:\\\/\\\/mrnews.com.br\\\/wp-content\\\/uploads\\\/2019\\\/06\\\/MRNewslogo2.png\",\"width\":223,\"height\":58,\"caption\":\"MRNews\"},\"image\":{\"@id\":\"https:\\\/\\\/mrnews.com.br\\\/#\\\/schema\\\/logo\\\/image\\\/\"},\"sameAs\":[\"https:\\\/\\\/www.facebook.com\\\/eaipahpah\\\/?locale2=pt_BR\",\"https:\\\/\\\/x.com\\\/conspirou\",\"https:\\\/\\\/www.instagram.com\\\/eai_pahpah\",\"https:\\\/\\\/br.pinterest.com\\\/mrnewsn\\\/boards\\\/\",\"https:\\\/\\\/www.youtube.com\\\/channel\\\/UCacgnpznQ61fifLWr1tQ-vA?view_as=subscriber\"]},{\"@type\":\"Person\",\"@id\":\"https:\\\/\\\/mrnews.com.br\\\/#\\\/schema\\\/person\\\/be3203154562a9f207407861cef7827b\",\"name\":\"MR News\",\"image\":{\"@type\":\"ImageObject\",\"inLanguage\":\"pt-BR\",\"@id\":\"https:\\\/\\\/secure.gravatar.com\\\/avatar\\\/04084e6d73c042b8646e7c17b494073bf0ede3ea13c7105cfc45cbbbc28385a4?s=96&d=monsterid&r=g\",\"url\":\"https:\\\/\\\/secure.gravatar.com\\\/avatar\\\/04084e6d73c042b8646e7c17b494073bf0ede3ea13c7105cfc45cbbbc28385a4?s=96&d=monsterid&r=g\",\"contentUrl\":\"https:\\\/\\\/secure.gravatar.com\\\/avatar\\\/04084e6d73c042b8646e7c17b494073bf0ede3ea13c7105cfc45cbbbc28385a4?s=96&d=monsterid&r=g\",\"caption\":\"MR News\"},\"description\":\"Especializado em jornalismo colaborativo pela FTP em n\u00edvel de p\u00f3s-gradua\u00e7\u00e3o. suporte@oimeliga.combr\",\"sameAs\":[\"HUGO R.\",\"Admin\"],\"url\":\"https:\\\/\\\/mrnews.com.br\\\/index.php\\\/author\\\/admin\\\/\"}]}<\/script>\n<!-- \/ Yoast SEO plugin. -->","yoast_head_json":{"title":"Cesta b\u00e1sica cai em todas as capitais do pa\u00eds no 2\u00ba semestre de 2025","robots":{"index":"index","follow":"follow","max-snippet":"max-snippet:-1","max-image-preview":"max-image-preview:large","max-video-preview":"max-video-preview:-1"},"canonical":"https:\/\/mrnews.com.br\/index.php\/2026\/01\/20\/cesta-basica-cai-em-todas-as-capitais-do-pais-no-2o-semestre-de-2025\/","og_locale":"pt_BR","og_type":"article","og_title":"Cesta b\u00e1sica cai em todas as capitais do pa\u00eds no 2\u00ba semestre de 2025","og_description":"Por EBC, O pre\u00e7o da cesta b\u00e1sica de alimentos caiu em todas as 27 capitais brasileiras no acumulado do \u00faltimo semestre de 2025. As\u00a0 quedas oscilaram entre -9,08%, em Boa Vista (RR,) e -1,56%, em Belo Horizonte (MG). Os dados, divulgados nesta ter\u00e7a-feira (20), s\u00e3o do\u00a0 Departamento Intersindical de Estat\u00edstica e Estudos Socioecon\u00f4micos (Dieese) e &hellip;","og_url":"https:\/\/mrnews.com.br\/index.php\/2026\/01\/20\/cesta-basica-cai-em-todas-as-capitais-do-pais-no-2o-semestre-de-2025\/","og_site_name":"MRNews","article_publisher":"https:\/\/www.facebook.com\/eaipahpah\/?locale2=pt_BR","article_published_time":"2026-01-20T13:48:30+00:00","author":"MR News","twitter_card":"summary_large_image","twitter_creator":"@conspirou","twitter_site":"@conspirou","twitter_misc":{"Escrito por":"MR News","Est. tempo de leitura":"2 minutos"},"schema":{"@context":"https:\/\/schema.org","@graph":[{"@type":"Article","@id":"https:\/\/mrnews.com.br\/index.php\/2026\/01\/20\/cesta-basica-cai-em-todas-as-capitais-do-pais-no-2o-semestre-de-2025\/#article","isPartOf":{"@id":"https:\/\/mrnews.com.br\/index.php\/2026\/01\/20\/cesta-basica-cai-em-todas-as-capitais-do-pais-no-2o-semestre-de-2025\/"},"author":{"name":"MR News","@id":"https:\/\/mrnews.com.br\/#\/schema\/person\/be3203154562a9f207407861cef7827b"},"headline":"Cesta b\u00e1sica cai em todas as capitais do pa\u00eds no 2\u00ba semestre de 2025","datePublished":"2026-01-20T13:48:30+00:00","mainEntityOfPage":{"@id":"https:\/\/mrnews.com.br\/index.php\/2026\/01\/20\/cesta-basica-cai-em-todas-as-capitais-do-pais-no-2o-semestre-de-2025\/"},"wordCount":464,"commentCount":0,"publisher":{"@id":"https:\/\/mrnews.com.br\/#organization"},"articleSection":["ENTRETENIMENTO","NOTICIAS","SERVI\u00c7OS"],"inLanguage":"pt-BR","potentialAction":[{"@type":"CommentAction","name":"Comment","target":["https:\/\/mrnews.com.br\/index.php\/2026\/01\/20\/cesta-basica-cai-em-todas-as-capitais-do-pais-no-2o-semestre-de-2025\/#respond"]}]},{"@type":"WebPage","@id":"https:\/\/mrnews.com.br\/index.php\/2026\/01\/20\/cesta-basica-cai-em-todas-as-capitais-do-pais-no-2o-semestre-de-2025\/","url":"https:\/\/mrnews.com.br\/index.php\/2026\/01\/20\/cesta-basica-cai-em-todas-as-capitais-do-pais-no-2o-semestre-de-2025\/","name":"Cesta b\u00e1sica cai em todas as capitais do pa\u00eds no 2\u00ba semestre de 2025","isPartOf":{"@id":"https:\/\/mrnews.com.br\/#website"},"datePublished":"2026-01-20T13:48:30+00:00","breadcrumb":{"@id":"https:\/\/mrnews.com.br\/index.php\/2026\/01\/20\/cesta-basica-cai-em-todas-as-capitais-do-pais-no-2o-semestre-de-2025\/#breadcrumb"},"inLanguage":"pt-BR","potentialAction":[{"@type":"ReadAction","target":["https:\/\/mrnews.com.br\/index.php\/2026\/01\/20\/cesta-basica-cai-em-todas-as-capitais-do-pais-no-2o-semestre-de-2025\/"]}]},{"@type":"BreadcrumbList","@id":"https:\/\/mrnews.com.br\/index.php\/2026\/01\/20\/cesta-basica-cai-em-todas-as-capitais-do-pais-no-2o-semestre-de-2025\/#breadcrumb","itemListElement":[{"@type":"ListItem","position":1,"name":"In\u00edcio","item":"https:\/\/mrnews.com.br\/"},{"@type":"ListItem","position":2,"name":"Cesta b\u00e1sica cai em todas as capitais do pa\u00eds no 2\u00ba semestre de 2025"}]},{"@type":"WebSite","@id":"https:\/\/mrnews.com.br\/#website","url":"https:\/\/mrnews.com.br\/","name":"MRNews","description":"MRNews Jogos de hoje da TV, transmiss\u00f5es ao vivo, Not\u00edcias de futebol, Jogos ao vivo, Lives, resumo de novelas, Programa\u00e7\u00e3o da Globo, A Fazenda e BBB","publisher":{"@id":"https:\/\/mrnews.com.br\/#organization"},"potentialAction":[{"@type":"SearchAction","target":{"@type":"EntryPoint","urlTemplate":"https:\/\/mrnews.com.br\/?s={search_term_string}"},"query-input":{"@type":"PropertyValueSpecification","valueRequired":true,"valueName":"search_term_string"}}],"inLanguage":"pt-BR"},{"@type":"Organization","@id":"https:\/\/mrnews.com.br\/#organization","name":"MRNews","url":"https:\/\/mrnews.com.br\/","logo":{"@type":"ImageObject","inLanguage":"pt-BR","@id":"https:\/\/mrnews.com.br\/#\/schema\/logo\/image\/","url":"https:\/\/mrnews.com.br\/wp-content\/uploads\/2019\/06\/MRNewslogo2.png","contentUrl":"https:\/\/mrnews.com.br\/wp-content\/uploads\/2019\/06\/MRNewslogo2.png","width":223,"height":58,"caption":"MRNews"},"image":{"@id":"https:\/\/mrnews.com.br\/#\/schema\/logo\/image\/"},"sameAs":["https:\/\/www.facebook.com\/eaipahpah\/?locale2=pt_BR","https:\/\/x.com\/conspirou","https:\/\/www.instagram.com\/eai_pahpah","https:\/\/br.pinterest.com\/mrnewsn\/boards\/","https:\/\/www.youtube.com\/channel\/UCacgnpznQ61fifLWr1tQ-vA?view_as=subscriber"]},{"@type":"Person","@id":"https:\/\/mrnews.com.br\/#\/schema\/person\/be3203154562a9f207407861cef7827b","name":"MR News","image":{"@type":"ImageObject","inLanguage":"pt-BR","@id":"https:\/\/secure.gravatar.com\/avatar\/04084e6d73c042b8646e7c17b494073bf0ede3ea13c7105cfc45cbbbc28385a4?s=96&d=monsterid&r=g","url":"https:\/\/secure.gravatar.com\/avatar\/04084e6d73c042b8646e7c17b494073bf0ede3ea13c7105cfc45cbbbc28385a4?s=96&d=monsterid&r=g","contentUrl":"https:\/\/secure.gravatar.com\/avatar\/04084e6d73c042b8646e7c17b494073bf0ede3ea13c7105cfc45cbbbc28385a4?s=96&d=monsterid&r=g","caption":"MR News"},"description":"Especializado em jornalismo colaborativo pela FTP em n\u00edvel de p\u00f3s-gradua\u00e7\u00e3o. suporte@oimeliga.combr","sameAs":["HUGO R.","Admin"],"url":"https:\/\/mrnews.com.br\/index.php\/author\/admin\/"}]}},"jetpack_featured_media_url":"","jetpack_sharing_enabled":true,"jetpack_shortlink":"https:\/\/wp.me\/pa2Qf7-1Ug7","amp_enabled":true,"_links":{"self":[{"href":"https:\/\/mrnews.com.br\/index.php\/wp-json\/wp\/v2\/posts\/454591","targetHints":{"allow":["GET"]}}],"collection":[{"href":"https:\/\/mrnews.com.br\/index.php\/wp-json\/wp\/v2\/posts"}],"about":[{"href":"https:\/\/mrnews.com.br\/index.php\/wp-json\/wp\/v2\/types\/post"}],"author":[{"embeddable":true,"href":"https:\/\/mrnews.com.br\/index.php\/wp-json\/wp\/v2\/users\/1"}],"replies":[{"embeddable":true,"href":"https:\/\/mrnews.com.br\/index.php\/wp-json\/wp\/v2\/comments?post=454591"}],"version-history":[{"count":0,"href":"https:\/\/mrnews.com.br\/index.php\/wp-json\/wp\/v2\/posts\/454591\/revisions"}],"wp:attachment":[{"href":"https:\/\/mrnews.com.br\/index.php\/wp-json\/wp\/v2\/media?parent=454591"}],"wp:term":[{"taxonomy":"category","embeddable":true,"href":"https:\/\/mrnews.com.br\/index.php\/wp-json\/wp\/v2\/categories?post=454591"},{"taxonomy":"post_tag","embeddable":true,"href":"https:\/\/mrnews.com.br\/index.php\/wp-json\/wp\/v2\/tags?post=454591"}],"curies":[{"name":"wp","href":"https:\/\/api.w.org\/{rel}","templated":true}]}}