{"id":454605,"date":"2026-01-20T15:43:36","date_gmt":"2026-01-20T18:43:36","guid":{"rendered":"https:\/\/mrnews.com.br\/index.php\/2026\/01\/20\/canetas-emagrecedoras-entram-na-mira-do-combate-aos-crimes-transfronteiricos-em-ms-agencia-de-noticias-do-governo-de-mato-grosso-do-sul\/"},"modified":"2026-01-20T15:43:36","modified_gmt":"2026-01-20T18:43:36","slug":"canetas-emagrecedoras-entram-na-mira-do-combate-aos-crimes-transfronteiricos-em-ms-agencia-de-noticias-do-governo-de-mato-grosso-do-sul","status":"publish","type":"post","link":"https:\/\/mrnews.com.br\/index.php\/2026\/01\/20\/canetas-emagrecedoras-entram-na-mira-do-combate-aos-crimes-transfronteiricos-em-ms-agencia-de-noticias-do-governo-de-mato-grosso-do-sul\/","title":{"rendered":"Canetas emagrecedoras entram na mira do combate aos crimes transfronteiri\u00e7os em MS \u2013 Ag\u00eancia de Noticias do Governo de Mato Grosso do Sul"},"content":{"rendered":"<p><\/p>\n<div>\n<p class=\"has-text-align-center has-text-align-center\" style=\"text-align: center;\"><em>DOF e BPMRv intensificam apreens\u00f5es; produtos ilegais configuram crimes de contrabando e descaminho<\/em><\/p>\n<p>Com o aumento expressivo do transporte irregular de medicamentos utilizados no tratamento da obesidade e do sobrepeso nas rodovias estaduais, as for\u00e7as de seguran\u00e7a vinculadas \u00e0 Secretaria de Estado de Justi\u00e7a e Seguran\u00e7a P\u00fablica (Sejusp-MS) t\u00eam intensificado, nos \u00faltimos meses, as apreens\u00f5es desse tipo de produto, popularmente conhecido como \u201ccaneta emagrecedora\u201d. As mercadorias, em sua maioria oriundas do Paraguai, s\u00e3o frequentemente interceptadas durante a\u00e7\u00f5es de fiscaliza\u00e7\u00e3o na regi\u00e3o de fronteira por equipes do Departamento de Opera\u00e7\u00f5es de Fronteira (DOF) e do Batalh\u00e3o de Pol\u00edcia Militar Rodovi\u00e1ria (BPMRv).<\/p>\n<p>Levantamento da Sejusp aponta que, desde 2025, j\u00e1 foram apreendidas mais de 3 mil caixas desse tipo de produto, cada uma contendo, em m\u00e9dia, quatro unidades do medicamento. Somente na primeira quinzena de 2026, 189 caixas foram retiradas de circula\u00e7\u00e3o nas rodovias estaduais, evidenciando a continuidade e a intensidade dessa modalidade criminosa.<\/p>\n<figure class=\"wp-block-gallery has-nested-images columns-default is-cropped wp-block-gallery-1 is-layout-flex wp-block-gallery-is-layout-flex\">&#13;<\/p>\n<figure class=\"wp-block-image size-large\"><\/figure>\n<p>&#13;<br \/>\n&#13;<br \/>\n&#13;<br \/>\n&#13;<\/p>\n<figure class=\"wp-block-image size-large\"><\/figure>\n<p>&#13;<br \/>\n&#13;<figcaption class=\"blocks-gallery-caption wp-element-caption\">Produtos ilegais transportados junto a outras mercadorias &#8211; <em>FOTOS: Comunica\u00e7\u00e3o DOF<\/em><\/figcaption>&#13;<br \/>\n<\/figure>\n<p>O comandante do DOF, Tenente-Coronel Wilmar Fernandes, explica que as apreens\u00f5es das canetas emagrecedoras ocorrem, em sua maioria, durante a\u00e7\u00f5es de combate a crimes transfronteiri\u00e7os, especialmente contrabando e descaminho. Segundo ele, os produtos ilegais costumam ser transportados junto a outras mercadorias, como eletr\u00f4nicos, perfumes e cigarros, na tentativa de burlar a fiscaliza\u00e7\u00e3o.<\/p>\n<p>\u201cEssas canetas t\u00eam sido encontradas em meio a cargas de descaminho e contrabando. Por se tratar de um produto que n\u00e3o possui autoriza\u00e7\u00e3o de importa\u00e7\u00e3o pelos \u00f3rg\u00e3os reguladores do pa\u00eds, a entrada \u00e9 considerada crime de contrabando. Conforme previsto em lei, o respons\u00e1vel \u00e9 autuado, o material \u00e9 apreendido e encaminhado \u00e0 Pol\u00edcia Federal e, posteriormente, \u00e0 Receita Federal, para os procedimentos legais\u201d, detalhou o comandante.<\/p>\n<p>Uma das ocorr\u00eancias que chamaram a aten\u00e7\u00e3o nesta primeira quinzena de 2026 foi registrada durante uma abordagem realizada por equipes do BPMRv na rodovia MS-386, em Sanga Puit\u00e3, distrito de Ponta Por\u00e3, quando os policiais localizaram os produtos ocultos no compartimento do estepe de um ve\u00edculo.<\/p>\n<figure class=\"wp-block-gallery has-nested-images columns-default is-cropped wp-block-gallery-2 is-layout-flex wp-block-gallery-is-layout-flex\">&#13;<\/p>\n<figure class=\"wp-block-image size-large\"><\/figure>\n<p>&#13;<br \/>\n&#13;<br \/>\n&#13;<br \/>\n&#13;<\/p>\n<figure class=\"wp-block-image size-large\"><\/figure>\n<p>&#13;<br \/>\n&#13;<figcaption class=\"blocks-gallery-caption wp-element-caption\">BPMRv refor\u00e7ou as fiscaliza\u00e7\u00f5es em rodovias estaduais &#8211; <em>FOTOS: Comunica\u00e7\u00e3o BPMRv<\/em><\/figcaption>&#13;<br \/>\n<\/figure>\n<p>O comandante do BPMRv, Tenente-Coronel Vin\u00edcius de Souza Almeida, destaca que, diante do aumento desse tipo de crime, o batalh\u00e3o tem refor\u00e7ado a presen\u00e7a ostensiva e as fiscaliza\u00e7\u00f5es nas rodovias estaduais, especialmente nos trechos pr\u00f3ximos \u00e0 fronteira. Segundo ele, as a\u00e7\u00f5es seguem voltadas tanto \u00e0 seguran\u00e7a vi\u00e1ria quanto ao enfrentamento aos crimes transfronteiri\u00e7os, o que tem permitido a identifica\u00e7\u00e3o e a intercepta\u00e7\u00e3o do transporte irregular de medicamentos.<\/p>\n<p>\u201cTemos percebido que os respons\u00e1veis adotam estrat\u00e9gias cada vez mais sofisticadas para tentar ocultar as mercadorias, utilizando compartimentos escondidos e at\u00e9 o estepe dos ve\u00edculos. Ainda assim, a rotina operacional, a observa\u00e7\u00e3o atenta durante as abordagens e a experi\u00eancia das equipes possibilitam a localiza\u00e7\u00e3o desses produtos e a retirada deles de circula\u00e7\u00e3o\u201d, afirmou.<\/p>\n<figure class=\"wp-block-gallery has-nested-images columns-default is-cropped wp-block-gallery-3 is-layout-flex wp-block-gallery-is-layout-flex\">&#13;<\/p>\n<figure class=\"wp-block-image size-large\">&#13;<figcaption class=\"wp-element-caption\">Apreens\u00e3o ocorrida no \u00faltimo fim de semana pelo BPMRv &#8211;<em> FOTO: Comunica\u00e7\u00e3o BPMRv<\/em><\/figcaption>&#13;<br \/>\n<\/figure>\n<p>&#13;<br \/>\n<\/figure>\n<p>O secret\u00e1rio-executivo de Seguran\u00e7a P\u00fablica, Wagner Ferreira da Silva, refor\u00e7a que o enfrentamento ao transporte ilegal de canetas emagrecedoras integra uma estrat\u00e9gia mais ampla de combate aos crimes transfronteiri\u00e7os no Estado.<\/p>\n<p>\u201cAs for\u00e7as de seguran\u00e7a de Mato Grosso do Sul est\u00e3o atentas a essa nova din\u00e2mica criminosa e atuam de forma integrada para coibir a entrada de produtos ilegais no territ\u00f3rio estadual. Al\u00e9m de configurar crime, esse tipo de mercadoria representa risco direto \u00e0 sa\u00fade da popula\u00e7\u00e3o quando utilizado sem prescri\u00e7\u00e3o m\u00e9dica, o que torna ainda mais necess\u00e1ria a intensifica\u00e7\u00e3o das a\u00e7\u00f5es de fiscaliza\u00e7\u00e3o, especialmente nas regi\u00f5es de fronteira e nos principais corredores rodovi\u00e1rios\u201d, destacou.<\/p>\n<p><em>Joilson Francelino, Sejusp<br \/>Foto destaque: Comunica\u00e7\u00e3o DOF<\/em><\/p>\n<p>\u00a0<\/p>\n<\/div>\n","protected":false},"excerpt":{"rendered":"<p>DOF e BPMRv intensificam apreens\u00f5es; produtos ilegais configuram crimes de contrabando e descaminho Com o aumento expressivo do transporte irregular de medicamentos utilizados no tratamento da obesidade e do sobrepeso nas rodovias estaduais, as for\u00e7as de seguran\u00e7a vinculadas \u00e0 Secretaria de Estado de Justi\u00e7a e Seguran\u00e7a P\u00fablica (Sejusp-MS) t\u00eam intensificado, nos \u00faltimos meses, as apreens\u00f5es &hellip;<\/p>\n","protected":false},"author":1,"featured_media":0,"comment_status":"open","ping_status":"open","sticky":false,"template":"","format":"standard","meta":{"_jetpack_memberships_contains_paid_content":false,"footnotes":""},"categories":[12410],"tags":[],"class_list":["post-454605","post","type-post","status-publish","format-standard","hentry","category-ms"],"yoast_head":"<!-- This site is optimized with the Yoast SEO plugin v27.4 - https:\/\/yoast.com\/product\/yoast-seo-wordpress\/ -->\n<title>Canetas emagrecedoras entram na mira do combate aos crimes transfronteiri\u00e7os em MS \u2013 Ag\u00eancia de Noticias do Governo de Mato Grosso do Sul<\/title>\n<meta name=\"robots\" content=\"index, follow, max-snippet:-1, max-image-preview:large, max-video-preview:-1\" \/>\n<link rel=\"canonical\" href=\"https:\/\/mrnews.com.br\/index.php\/2026\/01\/20\/canetas-emagrecedoras-entram-na-mira-do-combate-aos-crimes-transfronteiricos-em-ms-agencia-de-noticias-do-governo-de-mato-grosso-do-sul\/\" \/>\n<meta property=\"og:locale\" content=\"pt_BR\" \/>\n<meta property=\"og:type\" content=\"article\" \/>\n<meta property=\"og:title\" content=\"Canetas emagrecedoras entram na mira do combate aos crimes transfronteiri\u00e7os em MS \u2013 Ag\u00eancia de Noticias do Governo de Mato Grosso do Sul\" \/>\n<meta property=\"og:description\" content=\"DOF e BPMRv intensificam apreens\u00f5es; produtos ilegais configuram crimes de contrabando e descaminho Com o aumento expressivo do transporte irregular de medicamentos utilizados no tratamento da obesidade e do sobrepeso nas rodovias estaduais, as for\u00e7as de seguran\u00e7a vinculadas \u00e0 Secretaria de Estado de Justi\u00e7a e Seguran\u00e7a P\u00fablica (Sejusp-MS) t\u00eam intensificado, nos \u00faltimos meses, as apreens\u00f5es &hellip;\" \/>\n<meta property=\"og:url\" content=\"https:\/\/mrnews.com.br\/index.php\/2026\/01\/20\/canetas-emagrecedoras-entram-na-mira-do-combate-aos-crimes-transfronteiricos-em-ms-agencia-de-noticias-do-governo-de-mato-grosso-do-sul\/\" \/>\n<meta property=\"og:site_name\" content=\"MRNews\" \/>\n<meta property=\"article:publisher\" content=\"https:\/\/www.facebook.com\/eaipahpah\/?locale2=pt_BR\" \/>\n<meta property=\"article:published_time\" content=\"2026-01-20T18:43:36+00:00\" \/>\n<meta name=\"author\" content=\"MR News\" \/>\n<meta name=\"twitter:card\" content=\"summary_large_image\" \/>\n<meta name=\"twitter:creator\" content=\"@conspirou\" \/>\n<meta name=\"twitter:site\" content=\"@conspirou\" \/>\n<meta name=\"twitter:label1\" content=\"Escrito por\" \/>\n\t<meta name=\"twitter:data1\" content=\"MR News\" \/>\n\t<meta name=\"twitter:label2\" content=\"Est. tempo de leitura\" \/>\n\t<meta name=\"twitter:data2\" content=\"3 minutos\" \/>\n<script type=\"application\/ld+json\" class=\"yoast-schema-graph\">{\"@context\":\"https:\\\/\\\/schema.org\",\"@graph\":[{\"@type\":\"Article\",\"@id\":\"https:\\\/\\\/mrnews.com.br\\\/index.php\\\/2026\\\/01\\\/20\\\/canetas-emagrecedoras-entram-na-mira-do-combate-aos-crimes-transfronteiricos-em-ms-agencia-de-noticias-do-governo-de-mato-grosso-do-sul\\\/#article\",\"isPartOf\":{\"@id\":\"https:\\\/\\\/mrnews.com.br\\\/index.php\\\/2026\\\/01\\\/20\\\/canetas-emagrecedoras-entram-na-mira-do-combate-aos-crimes-transfronteiricos-em-ms-agencia-de-noticias-do-governo-de-mato-grosso-do-sul\\\/\"},\"author\":{\"name\":\"MR News\",\"@id\":\"https:\\\/\\\/mrnews.com.br\\\/#\\\/schema\\\/person\\\/be3203154562a9f207407861cef7827b\"},\"headline\":\"Canetas emagrecedoras entram na mira do combate aos crimes transfronteiri\u00e7os em MS \u2013 Ag\u00eancia de Noticias do Governo de Mato Grosso do Sul\",\"datePublished\":\"2026-01-20T18:43:36+00:00\",\"mainEntityOfPage\":{\"@id\":\"https:\\\/\\\/mrnews.com.br\\\/index.php\\\/2026\\\/01\\\/20\\\/canetas-emagrecedoras-entram-na-mira-do-combate-aos-crimes-transfronteiricos-em-ms-agencia-de-noticias-do-governo-de-mato-grosso-do-sul\\\/\"},\"wordCount\":674,\"commentCount\":0,\"publisher\":{\"@id\":\"https:\\\/\\\/mrnews.com.br\\\/#organization\"},\"articleSection\":[\"Mato Grosso do Sul\"],\"inLanguage\":\"pt-BR\",\"potentialAction\":[{\"@type\":\"CommentAction\",\"name\":\"Comment\",\"target\":[\"https:\\\/\\\/mrnews.com.br\\\/index.php\\\/2026\\\/01\\\/20\\\/canetas-emagrecedoras-entram-na-mira-do-combate-aos-crimes-transfronteiricos-em-ms-agencia-de-noticias-do-governo-de-mato-grosso-do-sul\\\/#respond\"]}]},{\"@type\":\"WebPage\",\"@id\":\"https:\\\/\\\/mrnews.com.br\\\/index.php\\\/2026\\\/01\\\/20\\\/canetas-emagrecedoras-entram-na-mira-do-combate-aos-crimes-transfronteiricos-em-ms-agencia-de-noticias-do-governo-de-mato-grosso-do-sul\\\/\",\"url\":\"https:\\\/\\\/mrnews.com.br\\\/index.php\\\/2026\\\/01\\\/20\\\/canetas-emagrecedoras-entram-na-mira-do-combate-aos-crimes-transfronteiricos-em-ms-agencia-de-noticias-do-governo-de-mato-grosso-do-sul\\\/\",\"name\":\"Canetas emagrecedoras entram na mira do combate aos crimes transfronteiri\u00e7os em MS \u2013 Ag\u00eancia de Noticias do Governo de Mato Grosso do Sul\",\"isPartOf\":{\"@id\":\"https:\\\/\\\/mrnews.com.br\\\/#website\"},\"datePublished\":\"2026-01-20T18:43:36+00:00\",\"breadcrumb\":{\"@id\":\"https:\\\/\\\/mrnews.com.br\\\/index.php\\\/2026\\\/01\\\/20\\\/canetas-emagrecedoras-entram-na-mira-do-combate-aos-crimes-transfronteiricos-em-ms-agencia-de-noticias-do-governo-de-mato-grosso-do-sul\\\/#breadcrumb\"},\"inLanguage\":\"pt-BR\",\"potentialAction\":[{\"@type\":\"ReadAction\",\"target\":[\"https:\\\/\\\/mrnews.com.br\\\/index.php\\\/2026\\\/01\\\/20\\\/canetas-emagrecedoras-entram-na-mira-do-combate-aos-crimes-transfronteiricos-em-ms-agencia-de-noticias-do-governo-de-mato-grosso-do-sul\\\/\"]}]},{\"@type\":\"BreadcrumbList\",\"@id\":\"https:\\\/\\\/mrnews.com.br\\\/index.php\\\/2026\\\/01\\\/20\\\/canetas-emagrecedoras-entram-na-mira-do-combate-aos-crimes-transfronteiricos-em-ms-agencia-de-noticias-do-governo-de-mato-grosso-do-sul\\\/#breadcrumb\",\"itemListElement\":[{\"@type\":\"ListItem\",\"position\":1,\"name\":\"In\u00edcio\",\"item\":\"https:\\\/\\\/mrnews.com.br\\\/\"},{\"@type\":\"ListItem\",\"position\":2,\"name\":\"Canetas emagrecedoras entram na mira do combate aos crimes transfronteiri\u00e7os em MS \u2013 Ag\u00eancia de Noticias do Governo de Mato Grosso do Sul\"}]},{\"@type\":\"WebSite\",\"@id\":\"https:\\\/\\\/mrnews.com.br\\\/#website\",\"url\":\"https:\\\/\\\/mrnews.com.br\\\/\",\"name\":\"MRNews\",\"description\":\"MRNews Jogos de hoje da TV, transmiss\u00f5es ao vivo, Not\u00edcias de futebol, Jogos ao vivo, Lives, resumo de novelas, Programa\u00e7\u00e3o da Globo, A Fazenda e BBB\",\"publisher\":{\"@id\":\"https:\\\/\\\/mrnews.com.br\\\/#organization\"},\"potentialAction\":[{\"@type\":\"SearchAction\",\"target\":{\"@type\":\"EntryPoint\",\"urlTemplate\":\"https:\\\/\\\/mrnews.com.br\\\/?s={search_term_string}\"},\"query-input\":{\"@type\":\"PropertyValueSpecification\",\"valueRequired\":true,\"valueName\":\"search_term_string\"}}],\"inLanguage\":\"pt-BR\"},{\"@type\":\"Organization\",\"@id\":\"https:\\\/\\\/mrnews.com.br\\\/#organization\",\"name\":\"MRNews\",\"url\":\"https:\\\/\\\/mrnews.com.br\\\/\",\"logo\":{\"@type\":\"ImageObject\",\"inLanguage\":\"pt-BR\",\"@id\":\"https:\\\/\\\/mrnews.com.br\\\/#\\\/schema\\\/logo\\\/image\\\/\",\"url\":\"https:\\\/\\\/mrnews.com.br\\\/wp-content\\\/uploads\\\/2019\\\/06\\\/MRNewslogo2.png\",\"contentUrl\":\"https:\\\/\\\/mrnews.com.br\\\/wp-content\\\/uploads\\\/2019\\\/06\\\/MRNewslogo2.png\",\"width\":223,\"height\":58,\"caption\":\"MRNews\"},\"image\":{\"@id\":\"https:\\\/\\\/mrnews.com.br\\\/#\\\/schema\\\/logo\\\/image\\\/\"},\"sameAs\":[\"https:\\\/\\\/www.facebook.com\\\/eaipahpah\\\/?locale2=pt_BR\",\"https:\\\/\\\/x.com\\\/conspirou\",\"https:\\\/\\\/www.instagram.com\\\/eai_pahpah\",\"https:\\\/\\\/br.pinterest.com\\\/mrnewsn\\\/boards\\\/\",\"https:\\\/\\\/www.youtube.com\\\/channel\\\/UCacgnpznQ61fifLWr1tQ-vA?view_as=subscriber\"]},{\"@type\":\"Person\",\"@id\":\"https:\\\/\\\/mrnews.com.br\\\/#\\\/schema\\\/person\\\/be3203154562a9f207407861cef7827b\",\"name\":\"MR News\",\"image\":{\"@type\":\"ImageObject\",\"inLanguage\":\"pt-BR\",\"@id\":\"https:\\\/\\\/secure.gravatar.com\\\/avatar\\\/04084e6d73c042b8646e7c17b494073bf0ede3ea13c7105cfc45cbbbc28385a4?s=96&d=monsterid&r=g\",\"url\":\"https:\\\/\\\/secure.gravatar.com\\\/avatar\\\/04084e6d73c042b8646e7c17b494073bf0ede3ea13c7105cfc45cbbbc28385a4?s=96&d=monsterid&r=g\",\"contentUrl\":\"https:\\\/\\\/secure.gravatar.com\\\/avatar\\\/04084e6d73c042b8646e7c17b494073bf0ede3ea13c7105cfc45cbbbc28385a4?s=96&d=monsterid&r=g\",\"caption\":\"MR News\"},\"description\":\"Especializado em jornalismo colaborativo pela FTP em n\u00edvel de p\u00f3s-gradua\u00e7\u00e3o. suporte@oimeliga.combr\",\"sameAs\":[\"HUGO R.\",\"Admin\"],\"url\":\"https:\\\/\\\/mrnews.com.br\\\/index.php\\\/author\\\/admin\\\/\"}]}<\/script>\n<!-- \/ Yoast SEO plugin. -->","yoast_head_json":{"title":"Canetas emagrecedoras entram na mira do combate aos crimes transfronteiri\u00e7os em MS \u2013 Ag\u00eancia de Noticias do Governo de Mato Grosso do Sul","robots":{"index":"index","follow":"follow","max-snippet":"max-snippet:-1","max-image-preview":"max-image-preview:large","max-video-preview":"max-video-preview:-1"},"canonical":"https:\/\/mrnews.com.br\/index.php\/2026\/01\/20\/canetas-emagrecedoras-entram-na-mira-do-combate-aos-crimes-transfronteiricos-em-ms-agencia-de-noticias-do-governo-de-mato-grosso-do-sul\/","og_locale":"pt_BR","og_type":"article","og_title":"Canetas emagrecedoras entram na mira do combate aos crimes transfronteiri\u00e7os em MS \u2013 Ag\u00eancia de Noticias do Governo de Mato Grosso do Sul","og_description":"DOF e BPMRv intensificam apreens\u00f5es; produtos ilegais configuram crimes de contrabando e descaminho Com o aumento expressivo do transporte irregular de medicamentos utilizados no tratamento da obesidade e do sobrepeso nas rodovias estaduais, as for\u00e7as de seguran\u00e7a vinculadas \u00e0 Secretaria de Estado de Justi\u00e7a e Seguran\u00e7a P\u00fablica (Sejusp-MS) t\u00eam intensificado, nos \u00faltimos meses, as apreens\u00f5es &hellip;","og_url":"https:\/\/mrnews.com.br\/index.php\/2026\/01\/20\/canetas-emagrecedoras-entram-na-mira-do-combate-aos-crimes-transfronteiricos-em-ms-agencia-de-noticias-do-governo-de-mato-grosso-do-sul\/","og_site_name":"MRNews","article_publisher":"https:\/\/www.facebook.com\/eaipahpah\/?locale2=pt_BR","article_published_time":"2026-01-20T18:43:36+00:00","author":"MR News","twitter_card":"summary_large_image","twitter_creator":"@conspirou","twitter_site":"@conspirou","twitter_misc":{"Escrito por":"MR News","Est. tempo de leitura":"3 minutos"},"schema":{"@context":"https:\/\/schema.org","@graph":[{"@type":"Article","@id":"https:\/\/mrnews.com.br\/index.php\/2026\/01\/20\/canetas-emagrecedoras-entram-na-mira-do-combate-aos-crimes-transfronteiricos-em-ms-agencia-de-noticias-do-governo-de-mato-grosso-do-sul\/#article","isPartOf":{"@id":"https:\/\/mrnews.com.br\/index.php\/2026\/01\/20\/canetas-emagrecedoras-entram-na-mira-do-combate-aos-crimes-transfronteiricos-em-ms-agencia-de-noticias-do-governo-de-mato-grosso-do-sul\/"},"author":{"name":"MR News","@id":"https:\/\/mrnews.com.br\/#\/schema\/person\/be3203154562a9f207407861cef7827b"},"headline":"Canetas emagrecedoras entram na mira do combate aos crimes transfronteiri\u00e7os em MS \u2013 Ag\u00eancia de Noticias do Governo de Mato Grosso do Sul","datePublished":"2026-01-20T18:43:36+00:00","mainEntityOfPage":{"@id":"https:\/\/mrnews.com.br\/index.php\/2026\/01\/20\/canetas-emagrecedoras-entram-na-mira-do-combate-aos-crimes-transfronteiricos-em-ms-agencia-de-noticias-do-governo-de-mato-grosso-do-sul\/"},"wordCount":674,"commentCount":0,"publisher":{"@id":"https:\/\/mrnews.com.br\/#organization"},"articleSection":["Mato Grosso do Sul"],"inLanguage":"pt-BR","potentialAction":[{"@type":"CommentAction","name":"Comment","target":["https:\/\/mrnews.com.br\/index.php\/2026\/01\/20\/canetas-emagrecedoras-entram-na-mira-do-combate-aos-crimes-transfronteiricos-em-ms-agencia-de-noticias-do-governo-de-mato-grosso-do-sul\/#respond"]}]},{"@type":"WebPage","@id":"https:\/\/mrnews.com.br\/index.php\/2026\/01\/20\/canetas-emagrecedoras-entram-na-mira-do-combate-aos-crimes-transfronteiricos-em-ms-agencia-de-noticias-do-governo-de-mato-grosso-do-sul\/","url":"https:\/\/mrnews.com.br\/index.php\/2026\/01\/20\/canetas-emagrecedoras-entram-na-mira-do-combate-aos-crimes-transfronteiricos-em-ms-agencia-de-noticias-do-governo-de-mato-grosso-do-sul\/","name":"Canetas emagrecedoras entram na mira do combate aos crimes transfronteiri\u00e7os em MS \u2013 Ag\u00eancia de Noticias do Governo de Mato Grosso do Sul","isPartOf":{"@id":"https:\/\/mrnews.com.br\/#website"},"datePublished":"2026-01-20T18:43:36+00:00","breadcrumb":{"@id":"https:\/\/mrnews.com.br\/index.php\/2026\/01\/20\/canetas-emagrecedoras-entram-na-mira-do-combate-aos-crimes-transfronteiricos-em-ms-agencia-de-noticias-do-governo-de-mato-grosso-do-sul\/#breadcrumb"},"inLanguage":"pt-BR","potentialAction":[{"@type":"ReadAction","target":["https:\/\/mrnews.com.br\/index.php\/2026\/01\/20\/canetas-emagrecedoras-entram-na-mira-do-combate-aos-crimes-transfronteiricos-em-ms-agencia-de-noticias-do-governo-de-mato-grosso-do-sul\/"]}]},{"@type":"BreadcrumbList","@id":"https:\/\/mrnews.com.br\/index.php\/2026\/01\/20\/canetas-emagrecedoras-entram-na-mira-do-combate-aos-crimes-transfronteiricos-em-ms-agencia-de-noticias-do-governo-de-mato-grosso-do-sul\/#breadcrumb","itemListElement":[{"@type":"ListItem","position":1,"name":"In\u00edcio","item":"https:\/\/mrnews.com.br\/"},{"@type":"ListItem","position":2,"name":"Canetas emagrecedoras entram na mira do combate aos crimes transfronteiri\u00e7os em MS \u2013 Ag\u00eancia de Noticias do Governo de Mato Grosso do Sul"}]},{"@type":"WebSite","@id":"https:\/\/mrnews.com.br\/#website","url":"https:\/\/mrnews.com.br\/","name":"MRNews","description":"MRNews Jogos de hoje da TV, transmiss\u00f5es ao vivo, Not\u00edcias de futebol, Jogos ao vivo, Lives, resumo de novelas, Programa\u00e7\u00e3o da Globo, A Fazenda e BBB","publisher":{"@id":"https:\/\/mrnews.com.br\/#organization"},"potentialAction":[{"@type":"SearchAction","target":{"@type":"EntryPoint","urlTemplate":"https:\/\/mrnews.com.br\/?s={search_term_string}"},"query-input":{"@type":"PropertyValueSpecification","valueRequired":true,"valueName":"search_term_string"}}],"inLanguage":"pt-BR"},{"@type":"Organization","@id":"https:\/\/mrnews.com.br\/#organization","name":"MRNews","url":"https:\/\/mrnews.com.br\/","logo":{"@type":"ImageObject","inLanguage":"pt-BR","@id":"https:\/\/mrnews.com.br\/#\/schema\/logo\/image\/","url":"https:\/\/mrnews.com.br\/wp-content\/uploads\/2019\/06\/MRNewslogo2.png","contentUrl":"https:\/\/mrnews.com.br\/wp-content\/uploads\/2019\/06\/MRNewslogo2.png","width":223,"height":58,"caption":"MRNews"},"image":{"@id":"https:\/\/mrnews.com.br\/#\/schema\/logo\/image\/"},"sameAs":["https:\/\/www.facebook.com\/eaipahpah\/?locale2=pt_BR","https:\/\/x.com\/conspirou","https:\/\/www.instagram.com\/eai_pahpah","https:\/\/br.pinterest.com\/mrnewsn\/boards\/","https:\/\/www.youtube.com\/channel\/UCacgnpznQ61fifLWr1tQ-vA?view_as=subscriber"]},{"@type":"Person","@id":"https:\/\/mrnews.com.br\/#\/schema\/person\/be3203154562a9f207407861cef7827b","name":"MR News","image":{"@type":"ImageObject","inLanguage":"pt-BR","@id":"https:\/\/secure.gravatar.com\/avatar\/04084e6d73c042b8646e7c17b494073bf0ede3ea13c7105cfc45cbbbc28385a4?s=96&d=monsterid&r=g","url":"https:\/\/secure.gravatar.com\/avatar\/04084e6d73c042b8646e7c17b494073bf0ede3ea13c7105cfc45cbbbc28385a4?s=96&d=monsterid&r=g","contentUrl":"https:\/\/secure.gravatar.com\/avatar\/04084e6d73c042b8646e7c17b494073bf0ede3ea13c7105cfc45cbbbc28385a4?s=96&d=monsterid&r=g","caption":"MR News"},"description":"Especializado em jornalismo colaborativo pela FTP em n\u00edvel de p\u00f3s-gradua\u00e7\u00e3o. suporte@oimeliga.combr","sameAs":["HUGO R.","Admin"],"url":"https:\/\/mrnews.com.br\/index.php\/author\/admin\/"}]}},"jetpack_featured_media_url":"","jetpack_sharing_enabled":true,"jetpack_shortlink":"https:\/\/wp.me\/pa2Qf7-1Ugl","amp_enabled":true,"_links":{"self":[{"href":"https:\/\/mrnews.com.br\/index.php\/wp-json\/wp\/v2\/posts\/454605","targetHints":{"allow":["GET"]}}],"collection":[{"href":"https:\/\/mrnews.com.br\/index.php\/wp-json\/wp\/v2\/posts"}],"about":[{"href":"https:\/\/mrnews.com.br\/index.php\/wp-json\/wp\/v2\/types\/post"}],"author":[{"embeddable":true,"href":"https:\/\/mrnews.com.br\/index.php\/wp-json\/wp\/v2\/users\/1"}],"replies":[{"embeddable":true,"href":"https:\/\/mrnews.com.br\/index.php\/wp-json\/wp\/v2\/comments?post=454605"}],"version-history":[{"count":0,"href":"https:\/\/mrnews.com.br\/index.php\/wp-json\/wp\/v2\/posts\/454605\/revisions"}],"wp:attachment":[{"href":"https:\/\/mrnews.com.br\/index.php\/wp-json\/wp\/v2\/media?parent=454605"}],"wp:term":[{"taxonomy":"category","embeddable":true,"href":"https:\/\/mrnews.com.br\/index.php\/wp-json\/wp\/v2\/categories?post=454605"},{"taxonomy":"post_tag","embeddable":true,"href":"https:\/\/mrnews.com.br\/index.php\/wp-json\/wp\/v2\/tags?post=454605"}],"curies":[{"name":"wp","href":"https:\/\/api.w.org\/{rel}","templated":true}]}}