{"id":454607,"date":"2026-01-20T17:06:35","date_gmt":"2026-01-20T20:06:35","guid":{"rendered":"https:\/\/mrnews.com.br\/index.php\/2026\/01\/20\/novo-filme-de-karim-ainouz-e-selecionado-para-o-festival-de-berlim\/"},"modified":"2026-01-20T17:06:35","modified_gmt":"2026-01-20T20:06:35","slug":"novo-filme-de-karim-ainouz-e-selecionado-para-o-festival-de-berlim","status":"publish","type":"post","link":"https:\/\/mrnews.com.br\/index.php\/2026\/01\/20\/novo-filme-de-karim-ainouz-e-selecionado-para-o-festival-de-berlim\/","title":{"rendered":"Novo filme de Karim A\u00efnouz \u00e9 selecionado para o Festival de Berlim"},"content":{"rendered":"<p>Por EBC, <\/p>\n<div>\n<p>O cinema brasileiro segue em evid\u00eancia no circuito internacional em 2026. A organiza\u00e7\u00e3o do Festival Internacional de Cinema de Berlim, tamb\u00e9m chamado de Berlinale,\u00a0anunciou nesta ter\u00e7a-feira (20) a sele\u00e7\u00e3o de <em>Rosebush Pruning<\/em>, novo longa-metragem do diretor cearense Karim A\u00efnouz, para a competi\u00e7\u00e3o oficial da 76\u00aa edi\u00e7\u00e3o do festival, que ocorre entre 12 e 22 de fevereiro, na capital alem\u00e3. A escolha refor\u00e7a a presen\u00e7a do Brasil entre os principais eventos do calend\u00e1rio audiovisual mundial.<\/p>\n<p>Com trajet\u00f3ria frequente na Berlinale, A\u00efnouz retorna \u00e0 competi\u00e7\u00e3o com um projeto de alcance internacional, ap\u00f3s passagens marcantes por grandes vitrines do cinema autoral. Em 2019, o cineasta venceu o pr\u00eamio Un Certain Regard, no Festival de Cannes, com <em>A Vida Invis\u00edvel<\/em>, consolidando seu nome entre os realizadores brasileiros de maior proje\u00e7\u00e3o no exterior.<\/p>\n<p>\u201cEstou feliz da vida de voltar ao Festival de Berlim, um festival vision\u00e1rio. O \u00faltimo filme meu que esteve em competi\u00e7\u00e3o aqui foi <em>Praia do Futuro<\/em>, em 2014. \u00c9 uma honra poder estrear novamente aqui&#8221;, disse o diretor.<\/p>\n<p><strong>A\u00efnouz destacou que o festival\u00a0aposta em um cinema de inova\u00e7\u00e3o, o que o torna uma vitrine perfeita para o filme<\/strong>, &#8220;que investe num afiado senso de humor, marcado pela transgress\u00e3o e ousadia, valores que s\u00e3o sin\u00f4nimos do pr\u00f3prio festival e da cidade de Berlim&#8221;.<\/p>\n<p>&#8220;Estar ao lado dos filmes selecionados me deixa profundamente lisonjeado\u201d, comemorou.<\/p>\n<p>Com sinopse divulgada, mas ainda sem tradu\u00e7\u00e3o em portugu\u00eas, o filme \u00e9 ambientado em uma mans\u00e3o na Catalunha. <strong><em>Rosebush Pruning<\/em>\u00a0\u00e9 descrito como uma s\u00e1tira contempor\u00e2nea sobre as contradi\u00e7\u00f5es da fam\u00edlia tradicional.\u00a0<\/strong><\/p>\n<p>&gt;&gt; Siga o canal da <strong>Ag\u00eancia Brasil<\/strong> no WhatsApp<\/p>\n<p>A trama acompanha quatro irm\u00e3os, que s\u00e3o\u00a0herdeiros de uma fortuna que os mant\u00e9m isolados do mundo exterior. Entre roupas de grife e conflitos afetivos, eles ignoram as demandas do pai cego at\u00e9 que a decis\u00e3o do irm\u00e3o mais velho de deixar a casa desencadeia uma espiral de revela\u00e7\u00f5es, mentiras e viol\u00eancia.<\/p>\n<p>O roteiro \u00e9 assinado por Efthimis Filippou, indicado ao Oscar por<em>\u00a0O Lagosta<\/em>. A equipe criativa re\u00fane profissionais premiados, como a figurinista indicada ao Oscar\u00a0Bina Daigeler, o diretor de arte Rodrigo Martirena e a diretora de fotografia H\u00e9l\u00e8ne Louvart, colaboradora recorrente de A\u00efnouz.<\/p>\n<p>\u00a0<\/p>\n<div class=\"dnd-widget-wrapper context-cheio_8colunas type-image\">\n<div class=\"dnd-atom-rendered\"><!-- scald=450725:cheio_8colunas --><\/p>\n<p>    <!-- END scald=450725 --><\/div>\n<p><h6 class=\"meta\">\u00a0Elenco do filme <em>Rosebush Pruning<\/em>, do diretor cearense Karim A\u00efnouz. Foto: Maria Lobo\/Divulga\u00e7\u00e3o<!--END copyright=450725--><\/h6>\n<\/p>\n<\/div>\n<h2>Brasil em v\u00e1rias frentes da Berlinale<\/h2>\n<p>A presen\u00e7a brasileira no Festival de Berlim 2026 vai al\u00e9m da competi\u00e7\u00e3o principal e se espalha por diferentes mostras do evento, consolidando um momento de forte visibilidade do audiovisual nacional.<\/p>\n<p>Na Generation Kplus, voltada ao p\u00fablico jovem, foram selecionados\u00a0<em>Feito Pipa<\/em> (Gugu\u2019s World), de Allan Deberton;\u00a0<em>Papaya<\/em>, de Priscilla Kellen, o primeiro longa brasileiro de anima\u00e7\u00e3o a integrar a sele\u00e7\u00e3o do festival; e o document\u00e1rio\u00a0<em>A Fabulosa M\u00e1quina do Tempo<\/em>, de Eliza Capai.<\/p>\n<p>Na mostra Panorama, uma das vitrines centrais da Berlinale, o Brasil marca presen\u00e7a com\u00a0<em>Se Eu Fosse Vivo\u2026 Vivia<\/em>, de Andr\u00e9 Novais Oliveira. J\u00e1 na se\u00e7\u00e3o Forum, historicamente associada \u00e0 liberdade est\u00e9tica e \u00e0 experimenta\u00e7\u00e3o formal, foi escolhido\u00a0<em>Fiz um foguete imaginando que voc\u00ea vinha<\/em>, de Jana\u00edna Marques.\u200b<\/p>\n<p>      <!-- Relacionada --><\/p>\n<p>            <!-- Relacionada -->\n    <\/div>\n","protected":false},"excerpt":{"rendered":"<p>Por EBC, O cinema brasileiro segue em evid\u00eancia no circuito internacional em 2026. A organiza\u00e7\u00e3o do Festival Internacional de Cinema de Berlim, tamb\u00e9m chamado de Berlinale,\u00a0anunciou nesta ter\u00e7a-feira (20) a sele\u00e7\u00e3o de Rosebush Pruning, novo longa-metragem do diretor cearense Karim A\u00efnouz, para a competi\u00e7\u00e3o oficial da 76\u00aa edi\u00e7\u00e3o do festival, que ocorre entre 12 e &hellip;<\/p>\n","protected":false},"author":1,"featured_media":0,"comment_status":"open","ping_status":"open","sticky":false,"template":"","format":"standard","meta":{"_jetpack_memberships_contains_paid_content":false,"footnotes":""},"categories":[2,12225,4],"tags":[],"class_list":["post-454607","post","type-post","status-publish","format-standard","hentry","category-entretenimento","category-noticias","category-servicos"],"yoast_head":"<!-- This site is optimized with the Yoast SEO plugin v27.5 - https:\/\/yoast.com\/product\/yoast-seo-wordpress\/ -->\n<title>Novo filme de Karim A\u00efnouz \u00e9 selecionado para o Festival de Berlim<\/title>\n<meta name=\"robots\" content=\"index, follow, max-snippet:-1, max-image-preview:large, max-video-preview:-1\" \/>\n<link rel=\"canonical\" href=\"https:\/\/mrnews.com.br\/index.php\/2026\/01\/20\/novo-filme-de-karim-ainouz-e-selecionado-para-o-festival-de-berlim\/\" \/>\n<meta property=\"og:locale\" content=\"pt_BR\" \/>\n<meta property=\"og:type\" content=\"article\" \/>\n<meta property=\"og:title\" content=\"Novo filme de Karim A\u00efnouz \u00e9 selecionado para o Festival de Berlim\" \/>\n<meta property=\"og:description\" content=\"Por EBC, O cinema brasileiro segue em evid\u00eancia no circuito internacional em 2026. A organiza\u00e7\u00e3o do Festival Internacional de Cinema de Berlim, tamb\u00e9m chamado de Berlinale,\u00a0anunciou nesta ter\u00e7a-feira (20) a sele\u00e7\u00e3o de Rosebush Pruning, novo longa-metragem do diretor cearense Karim A\u00efnouz, para a competi\u00e7\u00e3o oficial da 76\u00aa edi\u00e7\u00e3o do festival, que ocorre entre 12 e &hellip;\" \/>\n<meta property=\"og:url\" content=\"https:\/\/mrnews.com.br\/index.php\/2026\/01\/20\/novo-filme-de-karim-ainouz-e-selecionado-para-o-festival-de-berlim\/\" \/>\n<meta property=\"og:site_name\" content=\"MRNews\" \/>\n<meta property=\"article:publisher\" content=\"https:\/\/www.facebook.com\/eaipahpah\/?locale2=pt_BR\" \/>\n<meta property=\"article:published_time\" content=\"2026-01-20T20:06:35+00:00\" \/>\n<meta name=\"author\" content=\"MR News\" \/>\n<meta name=\"twitter:card\" content=\"summary_large_image\" \/>\n<meta name=\"twitter:creator\" content=\"@conspirou\" \/>\n<meta name=\"twitter:site\" content=\"@conspirou\" \/>\n<meta name=\"twitter:label1\" content=\"Escrito por\" \/>\n\t<meta name=\"twitter:data1\" content=\"MR News\" \/>\n\t<meta name=\"twitter:label2\" content=\"Est. tempo de leitura\" \/>\n\t<meta name=\"twitter:data2\" content=\"3 minutos\" \/>\n<script type=\"application\/ld+json\" class=\"yoast-schema-graph\">{\"@context\":\"https:\\\/\\\/schema.org\",\"@graph\":[{\"@type\":\"Article\",\"@id\":\"https:\\\/\\\/mrnews.com.br\\\/index.php\\\/2026\\\/01\\\/20\\\/novo-filme-de-karim-ainouz-e-selecionado-para-o-festival-de-berlim\\\/#article\",\"isPartOf\":{\"@id\":\"https:\\\/\\\/mrnews.com.br\\\/index.php\\\/2026\\\/01\\\/20\\\/novo-filme-de-karim-ainouz-e-selecionado-para-o-festival-de-berlim\\\/\"},\"author\":{\"name\":\"MR News\",\"@id\":\"https:\\\/\\\/mrnews.com.br\\\/#\\\/schema\\\/person\\\/be3203154562a9f207407861cef7827b\"},\"headline\":\"Novo filme de Karim A\u00efnouz \u00e9 selecionado para o Festival de Berlim\",\"datePublished\":\"2026-01-20T20:06:35+00:00\",\"mainEntityOfPage\":{\"@id\":\"https:\\\/\\\/mrnews.com.br\\\/index.php\\\/2026\\\/01\\\/20\\\/novo-filme-de-karim-ainouz-e-selecionado-para-o-festival-de-berlim\\\/\"},\"wordCount\":563,\"commentCount\":0,\"publisher\":{\"@id\":\"https:\\\/\\\/mrnews.com.br\\\/#organization\"},\"articleSection\":[\"ENTRETENIMENTO\",\"NOTICIAS\",\"SERVI\u00c7OS\"],\"inLanguage\":\"pt-BR\",\"potentialAction\":[{\"@type\":\"CommentAction\",\"name\":\"Comment\",\"target\":[\"https:\\\/\\\/mrnews.com.br\\\/index.php\\\/2026\\\/01\\\/20\\\/novo-filme-de-karim-ainouz-e-selecionado-para-o-festival-de-berlim\\\/#respond\"]}]},{\"@type\":\"WebPage\",\"@id\":\"https:\\\/\\\/mrnews.com.br\\\/index.php\\\/2026\\\/01\\\/20\\\/novo-filme-de-karim-ainouz-e-selecionado-para-o-festival-de-berlim\\\/\",\"url\":\"https:\\\/\\\/mrnews.com.br\\\/index.php\\\/2026\\\/01\\\/20\\\/novo-filme-de-karim-ainouz-e-selecionado-para-o-festival-de-berlim\\\/\",\"name\":\"Novo filme de Karim A\u00efnouz \u00e9 selecionado para o Festival de Berlim\",\"isPartOf\":{\"@id\":\"https:\\\/\\\/mrnews.com.br\\\/#website\"},\"datePublished\":\"2026-01-20T20:06:35+00:00\",\"breadcrumb\":{\"@id\":\"https:\\\/\\\/mrnews.com.br\\\/index.php\\\/2026\\\/01\\\/20\\\/novo-filme-de-karim-ainouz-e-selecionado-para-o-festival-de-berlim\\\/#breadcrumb\"},\"inLanguage\":\"pt-BR\",\"potentialAction\":[{\"@type\":\"ReadAction\",\"target\":[\"https:\\\/\\\/mrnews.com.br\\\/index.php\\\/2026\\\/01\\\/20\\\/novo-filme-de-karim-ainouz-e-selecionado-para-o-festival-de-berlim\\\/\"]}]},{\"@type\":\"BreadcrumbList\",\"@id\":\"https:\\\/\\\/mrnews.com.br\\\/index.php\\\/2026\\\/01\\\/20\\\/novo-filme-de-karim-ainouz-e-selecionado-para-o-festival-de-berlim\\\/#breadcrumb\",\"itemListElement\":[{\"@type\":\"ListItem\",\"position\":1,\"name\":\"In\u00edcio\",\"item\":\"https:\\\/\\\/mrnews.com.br\\\/\"},{\"@type\":\"ListItem\",\"position\":2,\"name\":\"Novo filme de Karim A\u00efnouz \u00e9 selecionado para o Festival de Berlim\"}]},{\"@type\":\"WebSite\",\"@id\":\"https:\\\/\\\/mrnews.com.br\\\/#website\",\"url\":\"https:\\\/\\\/mrnews.com.br\\\/\",\"name\":\"MRNews\",\"description\":\"MRNews Jogos de hoje da TV, transmiss\u00f5es ao vivo, Not\u00edcias de futebol, Jogos ao vivo, Lives, resumo de novelas, Programa\u00e7\u00e3o da Globo, A Fazenda e BBB\",\"publisher\":{\"@id\":\"https:\\\/\\\/mrnews.com.br\\\/#organization\"},\"potentialAction\":[{\"@type\":\"SearchAction\",\"target\":{\"@type\":\"EntryPoint\",\"urlTemplate\":\"https:\\\/\\\/mrnews.com.br\\\/?s={search_term_string}\"},\"query-input\":{\"@type\":\"PropertyValueSpecification\",\"valueRequired\":true,\"valueName\":\"search_term_string\"}}],\"inLanguage\":\"pt-BR\"},{\"@type\":\"Organization\",\"@id\":\"https:\\\/\\\/mrnews.com.br\\\/#organization\",\"name\":\"MRNews\",\"url\":\"https:\\\/\\\/mrnews.com.br\\\/\",\"logo\":{\"@type\":\"ImageObject\",\"inLanguage\":\"pt-BR\",\"@id\":\"https:\\\/\\\/mrnews.com.br\\\/#\\\/schema\\\/logo\\\/image\\\/\",\"url\":\"https:\\\/\\\/mrnews.com.br\\\/wp-content\\\/uploads\\\/2019\\\/06\\\/MRNewslogo2.png\",\"contentUrl\":\"https:\\\/\\\/mrnews.com.br\\\/wp-content\\\/uploads\\\/2019\\\/06\\\/MRNewslogo2.png\",\"width\":223,\"height\":58,\"caption\":\"MRNews\"},\"image\":{\"@id\":\"https:\\\/\\\/mrnews.com.br\\\/#\\\/schema\\\/logo\\\/image\\\/\"},\"sameAs\":[\"https:\\\/\\\/www.facebook.com\\\/eaipahpah\\\/?locale2=pt_BR\",\"https:\\\/\\\/x.com\\\/conspirou\",\"https:\\\/\\\/www.instagram.com\\\/eai_pahpah\",\"https:\\\/\\\/br.pinterest.com\\\/mrnewsn\\\/boards\\\/\",\"https:\\\/\\\/www.youtube.com\\\/channel\\\/UCacgnpznQ61fifLWr1tQ-vA?view_as=subscriber\"]},{\"@type\":\"Person\",\"@id\":\"https:\\\/\\\/mrnews.com.br\\\/#\\\/schema\\\/person\\\/be3203154562a9f207407861cef7827b\",\"name\":\"MR News\",\"image\":{\"@type\":\"ImageObject\",\"inLanguage\":\"pt-BR\",\"@id\":\"https:\\\/\\\/secure.gravatar.com\\\/avatar\\\/04084e6d73c042b8646e7c17b494073bf0ede3ea13c7105cfc45cbbbc28385a4?s=96&d=monsterid&r=g\",\"url\":\"https:\\\/\\\/secure.gravatar.com\\\/avatar\\\/04084e6d73c042b8646e7c17b494073bf0ede3ea13c7105cfc45cbbbc28385a4?s=96&d=monsterid&r=g\",\"contentUrl\":\"https:\\\/\\\/secure.gravatar.com\\\/avatar\\\/04084e6d73c042b8646e7c17b494073bf0ede3ea13c7105cfc45cbbbc28385a4?s=96&d=monsterid&r=g\",\"caption\":\"MR News\"},\"description\":\"Especializado em jornalismo colaborativo pela FTP em n\u00edvel de p\u00f3s-gradua\u00e7\u00e3o. suporte@oimeliga.combr\",\"sameAs\":[\"HUGO R.\",\"Admin\"],\"url\":\"https:\\\/\\\/mrnews.com.br\\\/index.php\\\/author\\\/admin\\\/\"}]}<\/script>\n<!-- \/ Yoast SEO plugin. -->","yoast_head_json":{"title":"Novo filme de Karim A\u00efnouz \u00e9 selecionado para o Festival de Berlim","robots":{"index":"index","follow":"follow","max-snippet":"max-snippet:-1","max-image-preview":"max-image-preview:large","max-video-preview":"max-video-preview:-1"},"canonical":"https:\/\/mrnews.com.br\/index.php\/2026\/01\/20\/novo-filme-de-karim-ainouz-e-selecionado-para-o-festival-de-berlim\/","og_locale":"pt_BR","og_type":"article","og_title":"Novo filme de Karim A\u00efnouz \u00e9 selecionado para o Festival de Berlim","og_description":"Por EBC, O cinema brasileiro segue em evid\u00eancia no circuito internacional em 2026. A organiza\u00e7\u00e3o do Festival Internacional de Cinema de Berlim, tamb\u00e9m chamado de Berlinale,\u00a0anunciou nesta ter\u00e7a-feira (20) a sele\u00e7\u00e3o de Rosebush Pruning, novo longa-metragem do diretor cearense Karim A\u00efnouz, para a competi\u00e7\u00e3o oficial da 76\u00aa edi\u00e7\u00e3o do festival, que ocorre entre 12 e &hellip;","og_url":"https:\/\/mrnews.com.br\/index.php\/2026\/01\/20\/novo-filme-de-karim-ainouz-e-selecionado-para-o-festival-de-berlim\/","og_site_name":"MRNews","article_publisher":"https:\/\/www.facebook.com\/eaipahpah\/?locale2=pt_BR","article_published_time":"2026-01-20T20:06:35+00:00","author":"MR News","twitter_card":"summary_large_image","twitter_creator":"@conspirou","twitter_site":"@conspirou","twitter_misc":{"Escrito por":"MR News","Est. tempo de leitura":"3 minutos"},"schema":{"@context":"https:\/\/schema.org","@graph":[{"@type":"Article","@id":"https:\/\/mrnews.com.br\/index.php\/2026\/01\/20\/novo-filme-de-karim-ainouz-e-selecionado-para-o-festival-de-berlim\/#article","isPartOf":{"@id":"https:\/\/mrnews.com.br\/index.php\/2026\/01\/20\/novo-filme-de-karim-ainouz-e-selecionado-para-o-festival-de-berlim\/"},"author":{"name":"MR News","@id":"https:\/\/mrnews.com.br\/#\/schema\/person\/be3203154562a9f207407861cef7827b"},"headline":"Novo filme de Karim A\u00efnouz \u00e9 selecionado para o Festival de Berlim","datePublished":"2026-01-20T20:06:35+00:00","mainEntityOfPage":{"@id":"https:\/\/mrnews.com.br\/index.php\/2026\/01\/20\/novo-filme-de-karim-ainouz-e-selecionado-para-o-festival-de-berlim\/"},"wordCount":563,"commentCount":0,"publisher":{"@id":"https:\/\/mrnews.com.br\/#organization"},"articleSection":["ENTRETENIMENTO","NOTICIAS","SERVI\u00c7OS"],"inLanguage":"pt-BR","potentialAction":[{"@type":"CommentAction","name":"Comment","target":["https:\/\/mrnews.com.br\/index.php\/2026\/01\/20\/novo-filme-de-karim-ainouz-e-selecionado-para-o-festival-de-berlim\/#respond"]}]},{"@type":"WebPage","@id":"https:\/\/mrnews.com.br\/index.php\/2026\/01\/20\/novo-filme-de-karim-ainouz-e-selecionado-para-o-festival-de-berlim\/","url":"https:\/\/mrnews.com.br\/index.php\/2026\/01\/20\/novo-filme-de-karim-ainouz-e-selecionado-para-o-festival-de-berlim\/","name":"Novo filme de Karim A\u00efnouz \u00e9 selecionado para o Festival de Berlim","isPartOf":{"@id":"https:\/\/mrnews.com.br\/#website"},"datePublished":"2026-01-20T20:06:35+00:00","breadcrumb":{"@id":"https:\/\/mrnews.com.br\/index.php\/2026\/01\/20\/novo-filme-de-karim-ainouz-e-selecionado-para-o-festival-de-berlim\/#breadcrumb"},"inLanguage":"pt-BR","potentialAction":[{"@type":"ReadAction","target":["https:\/\/mrnews.com.br\/index.php\/2026\/01\/20\/novo-filme-de-karim-ainouz-e-selecionado-para-o-festival-de-berlim\/"]}]},{"@type":"BreadcrumbList","@id":"https:\/\/mrnews.com.br\/index.php\/2026\/01\/20\/novo-filme-de-karim-ainouz-e-selecionado-para-o-festival-de-berlim\/#breadcrumb","itemListElement":[{"@type":"ListItem","position":1,"name":"In\u00edcio","item":"https:\/\/mrnews.com.br\/"},{"@type":"ListItem","position":2,"name":"Novo filme de Karim A\u00efnouz \u00e9 selecionado para o Festival de Berlim"}]},{"@type":"WebSite","@id":"https:\/\/mrnews.com.br\/#website","url":"https:\/\/mrnews.com.br\/","name":"MRNews","description":"MRNews Jogos de hoje da TV, transmiss\u00f5es ao vivo, Not\u00edcias de futebol, Jogos ao vivo, Lives, resumo de novelas, Programa\u00e7\u00e3o da Globo, A Fazenda e BBB","publisher":{"@id":"https:\/\/mrnews.com.br\/#organization"},"potentialAction":[{"@type":"SearchAction","target":{"@type":"EntryPoint","urlTemplate":"https:\/\/mrnews.com.br\/?s={search_term_string}"},"query-input":{"@type":"PropertyValueSpecification","valueRequired":true,"valueName":"search_term_string"}}],"inLanguage":"pt-BR"},{"@type":"Organization","@id":"https:\/\/mrnews.com.br\/#organization","name":"MRNews","url":"https:\/\/mrnews.com.br\/","logo":{"@type":"ImageObject","inLanguage":"pt-BR","@id":"https:\/\/mrnews.com.br\/#\/schema\/logo\/image\/","url":"https:\/\/mrnews.com.br\/wp-content\/uploads\/2019\/06\/MRNewslogo2.png","contentUrl":"https:\/\/mrnews.com.br\/wp-content\/uploads\/2019\/06\/MRNewslogo2.png","width":223,"height":58,"caption":"MRNews"},"image":{"@id":"https:\/\/mrnews.com.br\/#\/schema\/logo\/image\/"},"sameAs":["https:\/\/www.facebook.com\/eaipahpah\/?locale2=pt_BR","https:\/\/x.com\/conspirou","https:\/\/www.instagram.com\/eai_pahpah","https:\/\/br.pinterest.com\/mrnewsn\/boards\/","https:\/\/www.youtube.com\/channel\/UCacgnpznQ61fifLWr1tQ-vA?view_as=subscriber"]},{"@type":"Person","@id":"https:\/\/mrnews.com.br\/#\/schema\/person\/be3203154562a9f207407861cef7827b","name":"MR News","image":{"@type":"ImageObject","inLanguage":"pt-BR","@id":"https:\/\/secure.gravatar.com\/avatar\/04084e6d73c042b8646e7c17b494073bf0ede3ea13c7105cfc45cbbbc28385a4?s=96&d=monsterid&r=g","url":"https:\/\/secure.gravatar.com\/avatar\/04084e6d73c042b8646e7c17b494073bf0ede3ea13c7105cfc45cbbbc28385a4?s=96&d=monsterid&r=g","contentUrl":"https:\/\/secure.gravatar.com\/avatar\/04084e6d73c042b8646e7c17b494073bf0ede3ea13c7105cfc45cbbbc28385a4?s=96&d=monsterid&r=g","caption":"MR News"},"description":"Especializado em jornalismo colaborativo pela FTP em n\u00edvel de p\u00f3s-gradua\u00e7\u00e3o. suporte@oimeliga.combr","sameAs":["HUGO R.","Admin"],"url":"https:\/\/mrnews.com.br\/index.php\/author\/admin\/"}]}},"jetpack_featured_media_url":"","jetpack_sharing_enabled":true,"jetpack_shortlink":"https:\/\/wp.me\/pa2Qf7-1Ugn","amp_enabled":true,"_links":{"self":[{"href":"https:\/\/mrnews.com.br\/index.php\/wp-json\/wp\/v2\/posts\/454607","targetHints":{"allow":["GET"]}}],"collection":[{"href":"https:\/\/mrnews.com.br\/index.php\/wp-json\/wp\/v2\/posts"}],"about":[{"href":"https:\/\/mrnews.com.br\/index.php\/wp-json\/wp\/v2\/types\/post"}],"author":[{"embeddable":true,"href":"https:\/\/mrnews.com.br\/index.php\/wp-json\/wp\/v2\/users\/1"}],"replies":[{"embeddable":true,"href":"https:\/\/mrnews.com.br\/index.php\/wp-json\/wp\/v2\/comments?post=454607"}],"version-history":[{"count":0,"href":"https:\/\/mrnews.com.br\/index.php\/wp-json\/wp\/v2\/posts\/454607\/revisions"}],"wp:attachment":[{"href":"https:\/\/mrnews.com.br\/index.php\/wp-json\/wp\/v2\/media?parent=454607"}],"wp:term":[{"taxonomy":"category","embeddable":true,"href":"https:\/\/mrnews.com.br\/index.php\/wp-json\/wp\/v2\/categories?post=454607"},{"taxonomy":"post_tag","embeddable":true,"href":"https:\/\/mrnews.com.br\/index.php\/wp-json\/wp\/v2\/tags?post=454607"}],"curies":[{"name":"wp","href":"https:\/\/api.w.org\/{rel}","templated":true}]}}