{"id":454653,"date":"2026-01-21T16:07:33","date_gmt":"2026-01-21T19:07:33","guid":{"rendered":"https:\/\/mrnews.com.br\/index.php\/2026\/01\/21\/prefcg-inclui-maes-atipicas-em-projeto-de-insercao-ao-mercado-de-trabalho-cgnoticias\/"},"modified":"2026-01-21T16:07:33","modified_gmt":"2026-01-21T19:07:33","slug":"prefcg-inclui-maes-atipicas-em-projeto-de-insercao-ao-mercado-de-trabalho-cgnoticias","status":"publish","type":"post","link":"https:\/\/mrnews.com.br\/index.php\/2026\/01\/21\/prefcg-inclui-maes-atipicas-em-projeto-de-insercao-ao-mercado-de-trabalho-cgnoticias\/","title":{"rendered":"PrefCG inclui m\u00e3es at\u00edpicas em projeto de inser\u00e7\u00e3o ao mercado de trabalho \u2013 CGNot\u00edcias"},"content":{"rendered":"<p><\/p>\n<div>\n<p>Inova\u00e7\u00e3o prevista na Lei Municipal n\u00ba 7.374\/2025, o Primt (Programa de Inclus\u00e3o ao Mercado de Trabalho) passa a contemplar, a partir de 2026, cota espec\u00edfica para m\u00e3es e pais de crian\u00e7as neurodiversas. A iniciativa funciona como uma ponte para a reinser\u00e7\u00e3o desse p\u00fablico no mercado de trabalho, ap\u00f3s um per\u00edodo de ambienta\u00e7\u00e3o capaz de preparar os benefici\u00e1rios para obter maior acesso e estabilidade em futuras contrata\u00e7\u00f5es.<\/p>\n<p>A proposta j\u00e1 havia beneficiado Lays Rezende, de 28 anos, que participou anteriormente do programa em uma experi\u00eancia decisiva para dedicar mais aten\u00e7\u00e3o ao filho Luiz Ricardo, hoje com nove anos.<br \/>\u201cNa outra vez, consegui obter uma renda para investir melhor nos tratamentos dele, al\u00e9m de acompanhar mais de perto as consultas, o processo educacional, as tarefas e o di\u00e1logo com os professores. Foi uma oportunidade que eu n\u00e3o teria no servi\u00e7o em que estava antes, o qual deixei justamente para cuidar do Luiz. Depois disso, n\u00e3o consegui mais ser contratada em outras vagas\u201d, explica a inscrita no primeiro dia do Primt Itinerante 2026.<\/p>\n<figure class=\"wp-block-image aligncenter size-full is-resized\"><\/figure>\n<p>M\u00e3e de duas crian\u00e7as e moradora do bairro Paulo Coelho Machado, Lays busca sua segunda participa\u00e7\u00e3o no Primt, agora com metas bem definidas. \u201cA ideia \u00e9 participar do maior n\u00famero poss\u00edvel de cursos da Escola Funsat, aprender bastante no servi\u00e7o que eu desempenhar em alguma Secretaria e come\u00e7ar, ainda neste ano, um curso superior. S\u00f3 com uma boa qualifica\u00e7\u00e3o vou conseguir me fixar e evoluir mais nas empresas que me contratarem\u201d, analisa a m\u00e3e que, h\u00e1 quatro anos, descobriu, ap\u00f3s processo investigativo, a condi\u00e7\u00e3o neurodiversa de um dos tr\u00eas filhos.<\/p>\n<p>A iniciativa tamb\u00e9m representa um desafio superado para D\u00e9bora Alves de Almeida, de 28 anos, moradora do bairro Los Angeles, m\u00e3e solo e at\u00edpica. Dos tr\u00eas filhos, a maior demanda de cuidados com agendas m\u00e9dicas, atendimentos com fonoaudi\u00f3logos e at\u00e9 a\u00e7\u00f5es judiciais para garantir tratamento \u00e9 voltada a \u00cdtalo, diagnosticado com duas condi\u00e7\u00f5es neurodiversas. O panorama s\u00f3 foi esclarecido ap\u00f3s seis meses de consultas, aus\u00eancias necess\u00e1rias no trabalho e, infelizmente, demiss\u00f5es.<\/p>\n<p>\u201cNo Primt, pela lei que determina e assegura essas regras, a m\u00e3e at\u00edpica ou o pai benefici\u00e1rio ser\u00e1 compreendido. Isso ajuda muito e pode tornar essa vaga de cota bastante disputada. No primeiro dia do mutir\u00e3o, cheguei na noite anterior e passei sete horas do lado de fora na fila, mas consegui me inscrever\u201d, relatou a moradora, que deixou o Amazonas em 2021 em busca de melhores oportunidades de trabalho na Capital de Mato Grosso do Sul.<\/p>\n<figure class=\"wp-block-image aligncenter size-full is-resized\"><\/figure>\n<p>Sobre a conquista, D\u00e9bora deixa um alerta e um incentivo \u00e0s fam\u00edlias que vivem a mesma realidade. \u201cTomara que o exemplo da Prefeitura de Campo Grande, de apoiar e compreender essa quest\u00e3o t\u00e3o importante da sa\u00fade dos nossos filhos, seja visto e repetido nas empresas. O Primt mostra que \u00e9 poss\u00edvel dar uma chance \u00e0 pessoa, adaptar hor\u00e1rios e, mesmo assim, a m\u00e3e at\u00edpica colaborar de alguma forma. Precisamos de oportunidades, principalmente quando esse v\u00ednculo tamb\u00e9m incentiva o crescimento pessoal\u201d, pontua.<\/p>\n<p>Entre os diversos impactos positivos que a nova condi\u00e7\u00e3o de benefici\u00e1ria do Primt pode trazer, D\u00e9bora destaca um como prioridade:<\/p>\n<p>\u201cQuero aproveitar essa possibilidade para fazer v\u00e1rios cursos, melhorar o curr\u00edculo e, futuramente, conseguir um bom emprego no mercado de trabalho. O Primt \u00e9 uma ponte que se abre para quem precisa e agora vai colaborar com fam\u00edlias de crian\u00e7as neurodiversas. Para quem ainda n\u00e3o tentou a inscri\u00e7\u00e3o, se for algu\u00e9m como eu, recomendo que procure o mutir\u00e3o nos dias restantes. \u00c9 um direito nosso\u201d, refor\u00e7a.<\/p>\n<p><em>#ParaTodosVerem, fotos mostram duas m\u00e3es at\u00edpicas al\u00e9m de atendimento do primt<\/em><\/p>\n<\/div>\n<p><script async defer async defer src=\"https:\/\/connect.facebook.net\/en_US\/sdk.js?ver=1#xfbml=1&amp;version=v3.2\" id=\"prefeitura-campogrande-script-facebook-sdk-js\"><\/script><\/p>\n","protected":false},"excerpt":{"rendered":"<p>Inova\u00e7\u00e3o prevista na Lei Municipal n\u00ba 7.374\/2025, o Primt (Programa de Inclus\u00e3o ao Mercado de Trabalho) passa a contemplar, a partir de 2026, cota espec\u00edfica para m\u00e3es e pais de crian\u00e7as neurodiversas. A iniciativa funciona como uma ponte para a reinser\u00e7\u00e3o desse p\u00fablico no mercado de trabalho, ap\u00f3s um per\u00edodo de ambienta\u00e7\u00e3o capaz de preparar &hellip;<\/p>\n","protected":false},"author":1,"featured_media":0,"comment_status":"open","ping_status":"open","sticky":false,"template":"","format":"standard","meta":{"_jetpack_memberships_contains_paid_content":false,"footnotes":""},"categories":[12410],"tags":[],"class_list":["post-454653","post","type-post","status-publish","format-standard","hentry","category-ms"],"yoast_head":"<!-- This site is optimized with the Yoast SEO plugin v27.5 - https:\/\/yoast.com\/product\/yoast-seo-wordpress\/ -->\n<title>PrefCG inclui m\u00e3es at\u00edpicas em projeto de inser\u00e7\u00e3o ao mercado de trabalho \u2013 CGNot\u00edcias<\/title>\n<meta name=\"robots\" content=\"index, follow, max-snippet:-1, max-image-preview:large, max-video-preview:-1\" \/>\n<link rel=\"canonical\" href=\"https:\/\/mrnews.com.br\/index.php\/2026\/01\/21\/prefcg-inclui-maes-atipicas-em-projeto-de-insercao-ao-mercado-de-trabalho-cgnoticias\/\" \/>\n<meta property=\"og:locale\" content=\"pt_BR\" \/>\n<meta property=\"og:type\" content=\"article\" \/>\n<meta property=\"og:title\" content=\"PrefCG inclui m\u00e3es at\u00edpicas em projeto de inser\u00e7\u00e3o ao mercado de trabalho \u2013 CGNot\u00edcias\" \/>\n<meta property=\"og:description\" content=\"Inova\u00e7\u00e3o prevista na Lei Municipal n\u00ba 7.374\/2025, o Primt (Programa de Inclus\u00e3o ao Mercado de Trabalho) passa a contemplar, a partir de 2026, cota espec\u00edfica para m\u00e3es e pais de crian\u00e7as neurodiversas. A iniciativa funciona como uma ponte para a reinser\u00e7\u00e3o desse p\u00fablico no mercado de trabalho, ap\u00f3s um per\u00edodo de ambienta\u00e7\u00e3o capaz de preparar &hellip;\" \/>\n<meta property=\"og:url\" content=\"https:\/\/mrnews.com.br\/index.php\/2026\/01\/21\/prefcg-inclui-maes-atipicas-em-projeto-de-insercao-ao-mercado-de-trabalho-cgnoticias\/\" \/>\n<meta property=\"og:site_name\" content=\"MRNews\" \/>\n<meta property=\"article:publisher\" content=\"https:\/\/www.facebook.com\/eaipahpah\/?locale2=pt_BR\" \/>\n<meta property=\"article:published_time\" content=\"2026-01-21T19:07:33+00:00\" \/>\n<meta name=\"author\" content=\"MR News\" \/>\n<meta name=\"twitter:card\" content=\"summary_large_image\" \/>\n<meta name=\"twitter:creator\" content=\"@conspirou\" \/>\n<meta name=\"twitter:site\" content=\"@conspirou\" \/>\n<meta name=\"twitter:label1\" content=\"Escrito por\" \/>\n\t<meta name=\"twitter:data1\" content=\"MR News\" \/>\n\t<meta name=\"twitter:label2\" content=\"Est. tempo de leitura\" \/>\n\t<meta name=\"twitter:data2\" content=\"3 minutos\" \/>\n<script type=\"application\/ld+json\" class=\"yoast-schema-graph\">{\"@context\":\"https:\\\/\\\/schema.org\",\"@graph\":[{\"@type\":\"Article\",\"@id\":\"https:\\\/\\\/mrnews.com.br\\\/index.php\\\/2026\\\/01\\\/21\\\/prefcg-inclui-maes-atipicas-em-projeto-de-insercao-ao-mercado-de-trabalho-cgnoticias\\\/#article\",\"isPartOf\":{\"@id\":\"https:\\\/\\\/mrnews.com.br\\\/index.php\\\/2026\\\/01\\\/21\\\/prefcg-inclui-maes-atipicas-em-projeto-de-insercao-ao-mercado-de-trabalho-cgnoticias\\\/\"},\"author\":{\"name\":\"MR News\",\"@id\":\"https:\\\/\\\/mrnews.com.br\\\/#\\\/schema\\\/person\\\/be3203154562a9f207407861cef7827b\"},\"headline\":\"PrefCG inclui m\u00e3es at\u00edpicas em projeto de inser\u00e7\u00e3o ao mercado de trabalho \u2013 CGNot\u00edcias\",\"datePublished\":\"2026-01-21T19:07:33+00:00\",\"mainEntityOfPage\":{\"@id\":\"https:\\\/\\\/mrnews.com.br\\\/index.php\\\/2026\\\/01\\\/21\\\/prefcg-inclui-maes-atipicas-em-projeto-de-insercao-ao-mercado-de-trabalho-cgnoticias\\\/\"},\"wordCount\":665,\"commentCount\":0,\"publisher\":{\"@id\":\"https:\\\/\\\/mrnews.com.br\\\/#organization\"},\"articleSection\":[\"Mato Grosso do Sul\"],\"inLanguage\":\"pt-BR\",\"potentialAction\":[{\"@type\":\"CommentAction\",\"name\":\"Comment\",\"target\":[\"https:\\\/\\\/mrnews.com.br\\\/index.php\\\/2026\\\/01\\\/21\\\/prefcg-inclui-maes-atipicas-em-projeto-de-insercao-ao-mercado-de-trabalho-cgnoticias\\\/#respond\"]}]},{\"@type\":\"WebPage\",\"@id\":\"https:\\\/\\\/mrnews.com.br\\\/index.php\\\/2026\\\/01\\\/21\\\/prefcg-inclui-maes-atipicas-em-projeto-de-insercao-ao-mercado-de-trabalho-cgnoticias\\\/\",\"url\":\"https:\\\/\\\/mrnews.com.br\\\/index.php\\\/2026\\\/01\\\/21\\\/prefcg-inclui-maes-atipicas-em-projeto-de-insercao-ao-mercado-de-trabalho-cgnoticias\\\/\",\"name\":\"PrefCG inclui m\u00e3es at\u00edpicas em projeto de inser\u00e7\u00e3o ao mercado de trabalho \u2013 CGNot\u00edcias\",\"isPartOf\":{\"@id\":\"https:\\\/\\\/mrnews.com.br\\\/#website\"},\"datePublished\":\"2026-01-21T19:07:33+00:00\",\"breadcrumb\":{\"@id\":\"https:\\\/\\\/mrnews.com.br\\\/index.php\\\/2026\\\/01\\\/21\\\/prefcg-inclui-maes-atipicas-em-projeto-de-insercao-ao-mercado-de-trabalho-cgnoticias\\\/#breadcrumb\"},\"inLanguage\":\"pt-BR\",\"potentialAction\":[{\"@type\":\"ReadAction\",\"target\":[\"https:\\\/\\\/mrnews.com.br\\\/index.php\\\/2026\\\/01\\\/21\\\/prefcg-inclui-maes-atipicas-em-projeto-de-insercao-ao-mercado-de-trabalho-cgnoticias\\\/\"]}]},{\"@type\":\"BreadcrumbList\",\"@id\":\"https:\\\/\\\/mrnews.com.br\\\/index.php\\\/2026\\\/01\\\/21\\\/prefcg-inclui-maes-atipicas-em-projeto-de-insercao-ao-mercado-de-trabalho-cgnoticias\\\/#breadcrumb\",\"itemListElement\":[{\"@type\":\"ListItem\",\"position\":1,\"name\":\"In\u00edcio\",\"item\":\"https:\\\/\\\/mrnews.com.br\\\/\"},{\"@type\":\"ListItem\",\"position\":2,\"name\":\"PrefCG inclui m\u00e3es at\u00edpicas em projeto de inser\u00e7\u00e3o ao mercado de trabalho \u2013 CGNot\u00edcias\"}]},{\"@type\":\"WebSite\",\"@id\":\"https:\\\/\\\/mrnews.com.br\\\/#website\",\"url\":\"https:\\\/\\\/mrnews.com.br\\\/\",\"name\":\"MRNews\",\"description\":\"MRNews Jogos de hoje da TV, transmiss\u00f5es ao vivo, Not\u00edcias de futebol, Jogos ao vivo, Lives, resumo de novelas, Programa\u00e7\u00e3o da Globo, A Fazenda e BBB\",\"publisher\":{\"@id\":\"https:\\\/\\\/mrnews.com.br\\\/#organization\"},\"potentialAction\":[{\"@type\":\"SearchAction\",\"target\":{\"@type\":\"EntryPoint\",\"urlTemplate\":\"https:\\\/\\\/mrnews.com.br\\\/?s={search_term_string}\"},\"query-input\":{\"@type\":\"PropertyValueSpecification\",\"valueRequired\":true,\"valueName\":\"search_term_string\"}}],\"inLanguage\":\"pt-BR\"},{\"@type\":\"Organization\",\"@id\":\"https:\\\/\\\/mrnews.com.br\\\/#organization\",\"name\":\"MRNews\",\"url\":\"https:\\\/\\\/mrnews.com.br\\\/\",\"logo\":{\"@type\":\"ImageObject\",\"inLanguage\":\"pt-BR\",\"@id\":\"https:\\\/\\\/mrnews.com.br\\\/#\\\/schema\\\/logo\\\/image\\\/\",\"url\":\"https:\\\/\\\/mrnews.com.br\\\/wp-content\\\/uploads\\\/2019\\\/06\\\/MRNewslogo2.png\",\"contentUrl\":\"https:\\\/\\\/mrnews.com.br\\\/wp-content\\\/uploads\\\/2019\\\/06\\\/MRNewslogo2.png\",\"width\":223,\"height\":58,\"caption\":\"MRNews\"},\"image\":{\"@id\":\"https:\\\/\\\/mrnews.com.br\\\/#\\\/schema\\\/logo\\\/image\\\/\"},\"sameAs\":[\"https:\\\/\\\/www.facebook.com\\\/eaipahpah\\\/?locale2=pt_BR\",\"https:\\\/\\\/x.com\\\/conspirou\",\"https:\\\/\\\/www.instagram.com\\\/eai_pahpah\",\"https:\\\/\\\/br.pinterest.com\\\/mrnewsn\\\/boards\\\/\",\"https:\\\/\\\/www.youtube.com\\\/channel\\\/UCacgnpznQ61fifLWr1tQ-vA?view_as=subscriber\"]},{\"@type\":\"Person\",\"@id\":\"https:\\\/\\\/mrnews.com.br\\\/#\\\/schema\\\/person\\\/be3203154562a9f207407861cef7827b\",\"name\":\"MR News\",\"image\":{\"@type\":\"ImageObject\",\"inLanguage\":\"pt-BR\",\"@id\":\"https:\\\/\\\/secure.gravatar.com\\\/avatar\\\/04084e6d73c042b8646e7c17b494073bf0ede3ea13c7105cfc45cbbbc28385a4?s=96&d=monsterid&r=g\",\"url\":\"https:\\\/\\\/secure.gravatar.com\\\/avatar\\\/04084e6d73c042b8646e7c17b494073bf0ede3ea13c7105cfc45cbbbc28385a4?s=96&d=monsterid&r=g\",\"contentUrl\":\"https:\\\/\\\/secure.gravatar.com\\\/avatar\\\/04084e6d73c042b8646e7c17b494073bf0ede3ea13c7105cfc45cbbbc28385a4?s=96&d=monsterid&r=g\",\"caption\":\"MR News\"},\"description\":\"Especializado em jornalismo colaborativo pela FTP em n\u00edvel de p\u00f3s-gradua\u00e7\u00e3o. suporte@oimeliga.combr\",\"sameAs\":[\"HUGO R.\",\"Admin\"],\"url\":\"https:\\\/\\\/mrnews.com.br\\\/index.php\\\/author\\\/admin\\\/\"}]}<\/script>\n<!-- \/ Yoast SEO plugin. -->","yoast_head_json":{"title":"PrefCG inclui m\u00e3es at\u00edpicas em projeto de inser\u00e7\u00e3o ao mercado de trabalho \u2013 CGNot\u00edcias","robots":{"index":"index","follow":"follow","max-snippet":"max-snippet:-1","max-image-preview":"max-image-preview:large","max-video-preview":"max-video-preview:-1"},"canonical":"https:\/\/mrnews.com.br\/index.php\/2026\/01\/21\/prefcg-inclui-maes-atipicas-em-projeto-de-insercao-ao-mercado-de-trabalho-cgnoticias\/","og_locale":"pt_BR","og_type":"article","og_title":"PrefCG inclui m\u00e3es at\u00edpicas em projeto de inser\u00e7\u00e3o ao mercado de trabalho \u2013 CGNot\u00edcias","og_description":"Inova\u00e7\u00e3o prevista na Lei Municipal n\u00ba 7.374\/2025, o Primt (Programa de Inclus\u00e3o ao Mercado de Trabalho) passa a contemplar, a partir de 2026, cota espec\u00edfica para m\u00e3es e pais de crian\u00e7as neurodiversas. A iniciativa funciona como uma ponte para a reinser\u00e7\u00e3o desse p\u00fablico no mercado de trabalho, ap\u00f3s um per\u00edodo de ambienta\u00e7\u00e3o capaz de preparar &hellip;","og_url":"https:\/\/mrnews.com.br\/index.php\/2026\/01\/21\/prefcg-inclui-maes-atipicas-em-projeto-de-insercao-ao-mercado-de-trabalho-cgnoticias\/","og_site_name":"MRNews","article_publisher":"https:\/\/www.facebook.com\/eaipahpah\/?locale2=pt_BR","article_published_time":"2026-01-21T19:07:33+00:00","author":"MR News","twitter_card":"summary_large_image","twitter_creator":"@conspirou","twitter_site":"@conspirou","twitter_misc":{"Escrito por":"MR News","Est. tempo de leitura":"3 minutos"},"schema":{"@context":"https:\/\/schema.org","@graph":[{"@type":"Article","@id":"https:\/\/mrnews.com.br\/index.php\/2026\/01\/21\/prefcg-inclui-maes-atipicas-em-projeto-de-insercao-ao-mercado-de-trabalho-cgnoticias\/#article","isPartOf":{"@id":"https:\/\/mrnews.com.br\/index.php\/2026\/01\/21\/prefcg-inclui-maes-atipicas-em-projeto-de-insercao-ao-mercado-de-trabalho-cgnoticias\/"},"author":{"name":"MR News","@id":"https:\/\/mrnews.com.br\/#\/schema\/person\/be3203154562a9f207407861cef7827b"},"headline":"PrefCG inclui m\u00e3es at\u00edpicas em projeto de inser\u00e7\u00e3o ao mercado de trabalho \u2013 CGNot\u00edcias","datePublished":"2026-01-21T19:07:33+00:00","mainEntityOfPage":{"@id":"https:\/\/mrnews.com.br\/index.php\/2026\/01\/21\/prefcg-inclui-maes-atipicas-em-projeto-de-insercao-ao-mercado-de-trabalho-cgnoticias\/"},"wordCount":665,"commentCount":0,"publisher":{"@id":"https:\/\/mrnews.com.br\/#organization"},"articleSection":["Mato Grosso do Sul"],"inLanguage":"pt-BR","potentialAction":[{"@type":"CommentAction","name":"Comment","target":["https:\/\/mrnews.com.br\/index.php\/2026\/01\/21\/prefcg-inclui-maes-atipicas-em-projeto-de-insercao-ao-mercado-de-trabalho-cgnoticias\/#respond"]}]},{"@type":"WebPage","@id":"https:\/\/mrnews.com.br\/index.php\/2026\/01\/21\/prefcg-inclui-maes-atipicas-em-projeto-de-insercao-ao-mercado-de-trabalho-cgnoticias\/","url":"https:\/\/mrnews.com.br\/index.php\/2026\/01\/21\/prefcg-inclui-maes-atipicas-em-projeto-de-insercao-ao-mercado-de-trabalho-cgnoticias\/","name":"PrefCG inclui m\u00e3es at\u00edpicas em projeto de inser\u00e7\u00e3o ao mercado de trabalho \u2013 CGNot\u00edcias","isPartOf":{"@id":"https:\/\/mrnews.com.br\/#website"},"datePublished":"2026-01-21T19:07:33+00:00","breadcrumb":{"@id":"https:\/\/mrnews.com.br\/index.php\/2026\/01\/21\/prefcg-inclui-maes-atipicas-em-projeto-de-insercao-ao-mercado-de-trabalho-cgnoticias\/#breadcrumb"},"inLanguage":"pt-BR","potentialAction":[{"@type":"ReadAction","target":["https:\/\/mrnews.com.br\/index.php\/2026\/01\/21\/prefcg-inclui-maes-atipicas-em-projeto-de-insercao-ao-mercado-de-trabalho-cgnoticias\/"]}]},{"@type":"BreadcrumbList","@id":"https:\/\/mrnews.com.br\/index.php\/2026\/01\/21\/prefcg-inclui-maes-atipicas-em-projeto-de-insercao-ao-mercado-de-trabalho-cgnoticias\/#breadcrumb","itemListElement":[{"@type":"ListItem","position":1,"name":"In\u00edcio","item":"https:\/\/mrnews.com.br\/"},{"@type":"ListItem","position":2,"name":"PrefCG inclui m\u00e3es at\u00edpicas em projeto de inser\u00e7\u00e3o ao mercado de trabalho \u2013 CGNot\u00edcias"}]},{"@type":"WebSite","@id":"https:\/\/mrnews.com.br\/#website","url":"https:\/\/mrnews.com.br\/","name":"MRNews","description":"MRNews Jogos de hoje da TV, transmiss\u00f5es ao vivo, Not\u00edcias de futebol, Jogos ao vivo, Lives, resumo de novelas, Programa\u00e7\u00e3o da Globo, A Fazenda e BBB","publisher":{"@id":"https:\/\/mrnews.com.br\/#organization"},"potentialAction":[{"@type":"SearchAction","target":{"@type":"EntryPoint","urlTemplate":"https:\/\/mrnews.com.br\/?s={search_term_string}"},"query-input":{"@type":"PropertyValueSpecification","valueRequired":true,"valueName":"search_term_string"}}],"inLanguage":"pt-BR"},{"@type":"Organization","@id":"https:\/\/mrnews.com.br\/#organization","name":"MRNews","url":"https:\/\/mrnews.com.br\/","logo":{"@type":"ImageObject","inLanguage":"pt-BR","@id":"https:\/\/mrnews.com.br\/#\/schema\/logo\/image\/","url":"https:\/\/mrnews.com.br\/wp-content\/uploads\/2019\/06\/MRNewslogo2.png","contentUrl":"https:\/\/mrnews.com.br\/wp-content\/uploads\/2019\/06\/MRNewslogo2.png","width":223,"height":58,"caption":"MRNews"},"image":{"@id":"https:\/\/mrnews.com.br\/#\/schema\/logo\/image\/"},"sameAs":["https:\/\/www.facebook.com\/eaipahpah\/?locale2=pt_BR","https:\/\/x.com\/conspirou","https:\/\/www.instagram.com\/eai_pahpah","https:\/\/br.pinterest.com\/mrnewsn\/boards\/","https:\/\/www.youtube.com\/channel\/UCacgnpznQ61fifLWr1tQ-vA?view_as=subscriber"]},{"@type":"Person","@id":"https:\/\/mrnews.com.br\/#\/schema\/person\/be3203154562a9f207407861cef7827b","name":"MR News","image":{"@type":"ImageObject","inLanguage":"pt-BR","@id":"https:\/\/secure.gravatar.com\/avatar\/04084e6d73c042b8646e7c17b494073bf0ede3ea13c7105cfc45cbbbc28385a4?s=96&d=monsterid&r=g","url":"https:\/\/secure.gravatar.com\/avatar\/04084e6d73c042b8646e7c17b494073bf0ede3ea13c7105cfc45cbbbc28385a4?s=96&d=monsterid&r=g","contentUrl":"https:\/\/secure.gravatar.com\/avatar\/04084e6d73c042b8646e7c17b494073bf0ede3ea13c7105cfc45cbbbc28385a4?s=96&d=monsterid&r=g","caption":"MR News"},"description":"Especializado em jornalismo colaborativo pela FTP em n\u00edvel de p\u00f3s-gradua\u00e7\u00e3o. suporte@oimeliga.combr","sameAs":["HUGO R.","Admin"],"url":"https:\/\/mrnews.com.br\/index.php\/author\/admin\/"}]}},"jetpack_featured_media_url":"","jetpack_sharing_enabled":true,"jetpack_shortlink":"https:\/\/wp.me\/pa2Qf7-1Uh7","amp_enabled":true,"_links":{"self":[{"href":"https:\/\/mrnews.com.br\/index.php\/wp-json\/wp\/v2\/posts\/454653","targetHints":{"allow":["GET"]}}],"collection":[{"href":"https:\/\/mrnews.com.br\/index.php\/wp-json\/wp\/v2\/posts"}],"about":[{"href":"https:\/\/mrnews.com.br\/index.php\/wp-json\/wp\/v2\/types\/post"}],"author":[{"embeddable":true,"href":"https:\/\/mrnews.com.br\/index.php\/wp-json\/wp\/v2\/users\/1"}],"replies":[{"embeddable":true,"href":"https:\/\/mrnews.com.br\/index.php\/wp-json\/wp\/v2\/comments?post=454653"}],"version-history":[{"count":0,"href":"https:\/\/mrnews.com.br\/index.php\/wp-json\/wp\/v2\/posts\/454653\/revisions"}],"wp:attachment":[{"href":"https:\/\/mrnews.com.br\/index.php\/wp-json\/wp\/v2\/media?parent=454653"}],"wp:term":[{"taxonomy":"category","embeddable":true,"href":"https:\/\/mrnews.com.br\/index.php\/wp-json\/wp\/v2\/categories?post=454653"},{"taxonomy":"post_tag","embeddable":true,"href":"https:\/\/mrnews.com.br\/index.php\/wp-json\/wp\/v2\/tags?post=454653"}],"curies":[{"name":"wp","href":"https:\/\/api.w.org\/{rel}","templated":true}]}}