{"id":454661,"date":"2026-01-21T21:07:30","date_gmt":"2026-01-22T00:07:30","guid":{"rendered":"https:\/\/mrnews.com.br\/index.php\/2026\/01\/21\/cfm-estuda-usar-enamed-para-conceder-registro-profissional\/"},"modified":"2026-01-21T21:07:30","modified_gmt":"2026-01-22T00:07:30","slug":"cfm-estuda-usar-enamed-para-conceder-registro-profissional","status":"publish","type":"post","link":"https:\/\/mrnews.com.br\/index.php\/2026\/01\/21\/cfm-estuda-usar-enamed-para-conceder-registro-profissional\/","title":{"rendered":"CFM estuda usar Enamed para conceder registro profissional"},"content":{"rendered":"<p>Por EBC, <\/p>\n<div>\n<p><strong>O Conselho Federal de Medicina estuda utilizar as notas do Exame Nacional de Avalia\u00e7\u00e3o da Forma\u00e7\u00e3o M\u00e9dica (Enamed) como crit\u00e9rio para conceder o registro profissional aos formandos.<\/strong> Para isso, pediu ao Minist\u00e9rio da Educa\u00e7\u00e3o e ao Instituto Nacional de Estudos e Pesquisas Educacionais An\u00edsio Teixeira (Inep), os microdados do exame, com a identifica\u00e7\u00e3o das pessoas que tiraram notas 1 ou 2, consideradas insuficientes.\u00a0<\/p>\n<p>O Inep, respons\u00e1vel pelo avalia\u00e7\u00e3o, ainda n\u00e3o respondeu se vai atender ao pedido. Nesta ter\u00e7a-feira (20) o instituto\u00a0divulgou\u00a0informa\u00e7\u00f5es sobre cada estudante que realizou a prova, incluindo dados acad\u00eamicos, notas e respostas do question\u00e1rio socioecon\u00f4mico. Os dados, no entanto, n\u00e3o trazem a identifica\u00e7\u00e3o dos alunos.\u00a0<\/p>\n<p>De acordo com o presidente do CFM, Jos\u00e9 Hiram Gallo, o resultado da primeira edi\u00e7\u00e3o do Enamed foi debatido pela plen\u00e1ria do conselho nesta ter\u00e7a-feira (20).<\/p>\n<blockquote>\n<p>&#8220;Uma das propostas \u00e9 fazer uma resolu\u00e7\u00e3o para n\u00e3o registrar esses profissionais, mas ainda est\u00e1 em estudo no nosso jur\u00eddico&#8221;.\u00a0<\/p>\n<\/blockquote>\n<p>O Enamed foi criado em 2025, para avaliar a forma\u00e7\u00e3o m\u00e9dica no pa\u00eds, a partir do n\u00edvel de profici\u00eancia de m\u00e9dicos formados ou no final da gradua\u00e7\u00e3o. <strong>Os resultados mostraram que cerca de um ter\u00e7o\u00a0dos cursos tiveram desempenho insuficiente, a maioria da rede privada ou municipal. <\/strong>A realiza\u00e7\u00e3o do exame \u00e9 obrigat\u00f3ria e o resultado pode ser usado no Exame Nacional de Resid\u00eancia (Enare).<strong> A prova n\u00e3o est\u00e1\u00a0prevista como requisito para a atua\u00e7\u00e3o profissional.\u00a0<\/strong><\/p>\n<p>Para o CFM, os n\u00famero refletem &#8220;um problema estrutural grav\u00edssimo&#8221;.&#8221;Se voc\u00ea vai abrir uma escola e n\u00e3o tem um hospital universit\u00e1rio preparado para esses futuros m\u00e9dicos atuarem n\u00e3o tem que autorizar essa faculdade. N\u00e3o tem como voc\u00ea formar um m\u00e9dico se n\u00e3o tiver um hospital-escola, n\u00e3o tem como voc\u00ea fazer medicina se n\u00e3o tiver um leito ao lado&#8221;, defende Gallo.\u00a0<\/p>\n<p><strong>O presidente do CFM apoia\u00a0as san\u00e7\u00f5es que o Minist\u00e9rio da Educa\u00e7\u00e3o vai aplicar \u00e0s faculdades com os piores desempenhos, como suspens\u00e3o de ingresso e diminui\u00e7\u00e3o da oferta de vagas, mas acredita que apenas as unidades com conceito quatro ou cinco deveriam poder manter suas atividades livremente.<\/strong> <strong>J\u00e1 o MEC considera que as faculdades com \u00edndice a partir de 3 j\u00e1 se mostraram proficientes.\u00a0<\/strong><\/p>\n<p><strong>Gallo tamb\u00e9m disse que os resultados do Enamed comprovam a necessidade de um exame de profici\u00eancia m\u00e9dica como pr\u00e9-requisito para o exerc\u00edcio da medicina, a exemplo do que ocorre com os bachar\u00e9is em Direito, que precisam ser aprovados no exame da Ordem dos Advogados do Brasil para atuar. <\/strong><\/p>\n<p>Dois projetos para a cria\u00e7\u00e3o do exame est\u00e3o sendo avaliados pelo legislativo, um na C\u00e2mara dos Deputados e outro no Senado, com tramita\u00e7\u00f5es avan\u00e7adas.\u00a0<\/p>\n<h2>Associa\u00e7\u00e3o M\u00e9dica Brasileira\u00a0<\/h2>\n<p>A cria\u00e7\u00e3o de um exame de profici\u00eancia tamb\u00e9m \u00e9 defendida pela Associa\u00e7\u00e3o M\u00e9dica Brasileira (AMB). \u00a0<\/p>\n<blockquote>\n<p>&#8220;Esta n\u00e3o \u00e9 uma medida contra o egresso de medicina. \u00c9 uma medida com finalidade voltada \u00fanica e exclusivamente \u00e0 boa pr\u00e1tica da medicina e a seguran\u00e7a dos pacientes&#8221;, argumenta a associa\u00e7\u00e3o.\u00a0<\/p>\n<\/blockquote>\n<p>A AMB divulgou nota manifestando &#8220;extrema preocupa\u00e7\u00e3o&#8221; com os n\u00fameros do Enamed, &#8220;que revelam uma realidade grav\u00edssima na forma\u00e7\u00e3o m\u00e9dica do pa\u00eds&#8221;. O documento ressalta que os cursos de medicina hoje s\u00e3o terminais, no Brasil. Ou seja: basta que a pessoa receba seu diploma de gradua\u00e7\u00e3o\u00a0para que consiga obter o registro profissional com o Conselho Regional de Medicina de seu estado e come\u00e7ar a atuar.\u00a0<\/p>\n<p>&#8220;Nestas circunst\u00e2ncias, equivale dizer que esses 13 mil\u00a0m\u00e9dicos apontados pelo Enamed como n\u00e3o proficientes podem, de acordo com a legisla\u00e7\u00e3o atual, atender pacientes em nosso pa\u00eds. Isso nos permite afirmar, sem sombra de d\u00favidas, que a nossa popula\u00e7\u00e3o atendida por esse contingente de m\u00e9dicos n\u00e3o proficientes ficar\u00e1 exposta h\u00e1 um risco incalcul\u00e1vel de m\u00e1 pr\u00e1tica m\u00e9dica&#8221;, complementa o texto.\u00a0<\/p>\n<p>A AMB tamb\u00e9m &#8220;criticou a expans\u00e3o desordenada&#8221; de cursos de medicina, &#8220;muitas vezes abertas sem infraestrutura adequada, corpo docente qualificado ou condi\u00e7\u00f5es m\u00ednimas para a forma\u00e7\u00e3o segura de novos m\u00e9dicos, nem resid\u00eancia m\u00e9dica.&#8221;<\/p>\n<p>De acordo com a associa\u00e7\u00e3o, isso fica evidente com os resultados do Enamed, j\u00e1 que os piores resultados foram apresentados por alunos de faculdades municipais e privadas com fins lucrativos.\u00a0<\/p>\n<p>&#8220;A quest\u00e3o central n\u00e3o \u00e9 ampliar indiscriminadamente o n\u00famero de vagas, mas assegurar que cada futuro m\u00e9dico tenha forma\u00e7\u00e3o adequada, s\u00f3lida e compat\u00edvel com as demandas reais do sistema de sa\u00fade. N\u00e3o se trata de formar mais m\u00e9dicos, mas de formar bons m\u00e9dicos, preparados para atuar no SUS e para responder \u00e0s necessidades da popula\u00e7\u00e3o brasileira.&#8221;<\/p>\n<h2>Faculdades<\/h2>\n<p>J\u00e1 a Associa\u00e7\u00e3o Brasileira de Mantenedoras de Ensino Superior (ABMES)\u00a0manifestou preocupa\u00e7\u00e3o com o &#8220;uso punitivo&#8221; do exame. &#8220;Conforme estabelecido pelo Minist\u00e9rio da Educa\u00e7\u00e3o (MEC), o Enamed tem como finalidade avaliar o desempenho dos estudantes em rela\u00e7\u00e3o aos conte\u00fados e compet\u00eancias previstos nas Diretrizes Curriculares Nacionais (DCNs). O exame n\u00e3o avalia aptid\u00e3o profissional, n\u00e3o habilita nem desabilita m\u00e9dicos e n\u00e3o substitui os mecanismos legais para o exerc\u00edcio da profiss\u00e3o&#8221;, disse em nota.\u00a0<\/p>\n<p>Segundo a institui\u00e7\u00e3o que representa as institui\u00e7\u00f5es privadas de educa\u00e7\u00e3o, \u00e9 preciso considerar que os estudantes n\u00e3o foram previamente informados de que haveria um corte m\u00ednimo de 60 pontos como par\u00e2metros de profici\u00eancia, e muitos ainda estavam no 11\u00ba semestre do curso e, &#8220;portanto, ainda tinham cerca de seis meses de forma\u00e7\u00e3o pr\u00e1tica pela frente.&#8221;<\/p>\n<p>A ABMES defendeu\u00a0que ainda assim, 70% dos estudantes alcan\u00e7aram o n\u00edvel de profici\u00eancia, o que evidencia que &#8220;tanto os cursos quanto os estudantes apresentam, sim, um padr\u00e3o de qualidade relevante, especialmente considerando o elevado n\u00edvel de exig\u00eancia do exame, cuja estrutura, certamente, n\u00e3o foi desenvolvida numa modelagem formativa&#8221;.<\/p>\n<p><strong>Em nota, o diretor-presidente da ABMES, Jangui\u00ea Diniz, diz que a declara\u00e7\u00e3o do CFM \u201c\u00c9 preocupante, embora sem validade legal\u201d.\u00a0<\/strong><\/p>\n<p>Para Diniz, \u201cesse tipo de discurso tem como \u00fanico objetivo criar uma narrativa desconectada da realidade para atender a interesses corporativistas, que atendem a uma parcela restrita e privilegiada da categoria, em detrimento das reais necessidades da popula\u00e7\u00e3o brasileira\u201d\u00a0.<\/p>\n<p><strong>O diretor presidente da ABMES refor\u00e7a que a normativa vigente n\u00e3o permite qualquer tipo de discrimina\u00e7\u00e3o a egressos de cursos superiores, cabendo aos conselhos profissionais fazer o registro de cidad\u00e3os que tenham conclu\u00eddo a gradua\u00e7\u00e3o em uma institui\u00e7\u00e3o devidamente regulamentada pelo MEC.<\/strong><\/p>\n<p>\u201cA ABMES defende o di\u00e1logo institucional, o respeito \u00e0s compet\u00eancias legais de cada \u00f3rg\u00e3o e a preserva\u00e7\u00e3o dos direitos dos estudantes e egressos, evitando iniciativas que possam gerar inseguran\u00e7a jur\u00eddica, estigmatiza\u00e7\u00e3o profissional e preju\u00edzos na assist\u00eancia \u00e0 sa\u00fade da popula\u00e7\u00e3o\u201d, afirma.\u00a0<\/p>\n<p>      <!-- Relacionada --><\/p>\n<p>            <!-- Relacionada -->\n    <\/div>\n","protected":false},"excerpt":{"rendered":"<p>Por EBC, O Conselho Federal de Medicina estuda utilizar as notas do Exame Nacional de Avalia\u00e7\u00e3o da Forma\u00e7\u00e3o M\u00e9dica (Enamed) como crit\u00e9rio para conceder o registro profissional aos formandos. Para isso, pediu ao Minist\u00e9rio da Educa\u00e7\u00e3o e ao Instituto Nacional de Estudos e Pesquisas Educacionais An\u00edsio Teixeira (Inep), os microdados do exame, com a identifica\u00e7\u00e3o &hellip;<\/p>\n","protected":false},"author":1,"featured_media":0,"comment_status":"open","ping_status":"open","sticky":false,"template":"","format":"standard","meta":{"_jetpack_memberships_contains_paid_content":false,"footnotes":""},"categories":[2,12225,4],"tags":[],"class_list":["post-454661","post","type-post","status-publish","format-standard","hentry","category-entretenimento","category-noticias","category-servicos"],"yoast_head":"<!-- This site is optimized with the Yoast SEO plugin v27.4 - https:\/\/yoast.com\/product\/yoast-seo-wordpress\/ -->\n<title>CFM estuda usar Enamed para conceder registro profissional<\/title>\n<meta name=\"robots\" content=\"index, follow, max-snippet:-1, max-image-preview:large, max-video-preview:-1\" \/>\n<link rel=\"canonical\" href=\"https:\/\/mrnews.com.br\/index.php\/2026\/01\/21\/cfm-estuda-usar-enamed-para-conceder-registro-profissional\/\" \/>\n<meta property=\"og:locale\" content=\"pt_BR\" \/>\n<meta property=\"og:type\" content=\"article\" \/>\n<meta property=\"og:title\" content=\"CFM estuda usar Enamed para conceder registro profissional\" \/>\n<meta property=\"og:description\" content=\"Por EBC, O Conselho Federal de Medicina estuda utilizar as notas do Exame Nacional de Avalia\u00e7\u00e3o da Forma\u00e7\u00e3o M\u00e9dica (Enamed) como crit\u00e9rio para conceder o registro profissional aos formandos. Para isso, pediu ao Minist\u00e9rio da Educa\u00e7\u00e3o e ao Instituto Nacional de Estudos e Pesquisas Educacionais An\u00edsio Teixeira (Inep), os microdados do exame, com a identifica\u00e7\u00e3o &hellip;\" \/>\n<meta property=\"og:url\" content=\"https:\/\/mrnews.com.br\/index.php\/2026\/01\/21\/cfm-estuda-usar-enamed-para-conceder-registro-profissional\/\" \/>\n<meta property=\"og:site_name\" content=\"MRNews\" \/>\n<meta property=\"article:publisher\" content=\"https:\/\/www.facebook.com\/eaipahpah\/?locale2=pt_BR\" \/>\n<meta property=\"article:published_time\" content=\"2026-01-22T00:07:30+00:00\" \/>\n<meta name=\"author\" content=\"MR News\" \/>\n<meta name=\"twitter:card\" content=\"summary_large_image\" \/>\n<meta name=\"twitter:creator\" content=\"@conspirou\" \/>\n<meta name=\"twitter:site\" content=\"@conspirou\" \/>\n<meta name=\"twitter:label1\" content=\"Escrito por\" \/>\n\t<meta name=\"twitter:data1\" content=\"MR News\" \/>\n\t<meta name=\"twitter:label2\" content=\"Est. tempo de leitura\" \/>\n\t<meta name=\"twitter:data2\" content=\"6 minutos\" \/>\n<script type=\"application\/ld+json\" class=\"yoast-schema-graph\">{\"@context\":\"https:\\\/\\\/schema.org\",\"@graph\":[{\"@type\":\"Article\",\"@id\":\"https:\\\/\\\/mrnews.com.br\\\/index.php\\\/2026\\\/01\\\/21\\\/cfm-estuda-usar-enamed-para-conceder-registro-profissional\\\/#article\",\"isPartOf\":{\"@id\":\"https:\\\/\\\/mrnews.com.br\\\/index.php\\\/2026\\\/01\\\/21\\\/cfm-estuda-usar-enamed-para-conceder-registro-profissional\\\/\"},\"author\":{\"name\":\"MR News\",\"@id\":\"https:\\\/\\\/mrnews.com.br\\\/#\\\/schema\\\/person\\\/be3203154562a9f207407861cef7827b\"},\"headline\":\"CFM estuda usar Enamed para conceder registro profissional\",\"datePublished\":\"2026-01-22T00:07:30+00:00\",\"mainEntityOfPage\":{\"@id\":\"https:\\\/\\\/mrnews.com.br\\\/index.php\\\/2026\\\/01\\\/21\\\/cfm-estuda-usar-enamed-para-conceder-registro-profissional\\\/\"},\"wordCount\":1199,\"commentCount\":0,\"publisher\":{\"@id\":\"https:\\\/\\\/mrnews.com.br\\\/#organization\"},\"articleSection\":[\"ENTRETENIMENTO\",\"NOTICIAS\",\"SERVI\u00c7OS\"],\"inLanguage\":\"pt-BR\",\"potentialAction\":[{\"@type\":\"CommentAction\",\"name\":\"Comment\",\"target\":[\"https:\\\/\\\/mrnews.com.br\\\/index.php\\\/2026\\\/01\\\/21\\\/cfm-estuda-usar-enamed-para-conceder-registro-profissional\\\/#respond\"]}]},{\"@type\":\"WebPage\",\"@id\":\"https:\\\/\\\/mrnews.com.br\\\/index.php\\\/2026\\\/01\\\/21\\\/cfm-estuda-usar-enamed-para-conceder-registro-profissional\\\/\",\"url\":\"https:\\\/\\\/mrnews.com.br\\\/index.php\\\/2026\\\/01\\\/21\\\/cfm-estuda-usar-enamed-para-conceder-registro-profissional\\\/\",\"name\":\"CFM estuda usar Enamed para conceder registro profissional\",\"isPartOf\":{\"@id\":\"https:\\\/\\\/mrnews.com.br\\\/#website\"},\"datePublished\":\"2026-01-22T00:07:30+00:00\",\"breadcrumb\":{\"@id\":\"https:\\\/\\\/mrnews.com.br\\\/index.php\\\/2026\\\/01\\\/21\\\/cfm-estuda-usar-enamed-para-conceder-registro-profissional\\\/#breadcrumb\"},\"inLanguage\":\"pt-BR\",\"potentialAction\":[{\"@type\":\"ReadAction\",\"target\":[\"https:\\\/\\\/mrnews.com.br\\\/index.php\\\/2026\\\/01\\\/21\\\/cfm-estuda-usar-enamed-para-conceder-registro-profissional\\\/\"]}]},{\"@type\":\"BreadcrumbList\",\"@id\":\"https:\\\/\\\/mrnews.com.br\\\/index.php\\\/2026\\\/01\\\/21\\\/cfm-estuda-usar-enamed-para-conceder-registro-profissional\\\/#breadcrumb\",\"itemListElement\":[{\"@type\":\"ListItem\",\"position\":1,\"name\":\"In\u00edcio\",\"item\":\"https:\\\/\\\/mrnews.com.br\\\/\"},{\"@type\":\"ListItem\",\"position\":2,\"name\":\"CFM estuda usar Enamed para conceder registro profissional\"}]},{\"@type\":\"WebSite\",\"@id\":\"https:\\\/\\\/mrnews.com.br\\\/#website\",\"url\":\"https:\\\/\\\/mrnews.com.br\\\/\",\"name\":\"MRNews\",\"description\":\"MRNews Jogos de hoje da TV, transmiss\u00f5es ao vivo, Not\u00edcias de futebol, Jogos ao vivo, Lives, resumo de novelas, Programa\u00e7\u00e3o da Globo, A Fazenda e BBB\",\"publisher\":{\"@id\":\"https:\\\/\\\/mrnews.com.br\\\/#organization\"},\"potentialAction\":[{\"@type\":\"SearchAction\",\"target\":{\"@type\":\"EntryPoint\",\"urlTemplate\":\"https:\\\/\\\/mrnews.com.br\\\/?s={search_term_string}\"},\"query-input\":{\"@type\":\"PropertyValueSpecification\",\"valueRequired\":true,\"valueName\":\"search_term_string\"}}],\"inLanguage\":\"pt-BR\"},{\"@type\":\"Organization\",\"@id\":\"https:\\\/\\\/mrnews.com.br\\\/#organization\",\"name\":\"MRNews\",\"url\":\"https:\\\/\\\/mrnews.com.br\\\/\",\"logo\":{\"@type\":\"ImageObject\",\"inLanguage\":\"pt-BR\",\"@id\":\"https:\\\/\\\/mrnews.com.br\\\/#\\\/schema\\\/logo\\\/image\\\/\",\"url\":\"https:\\\/\\\/mrnews.com.br\\\/wp-content\\\/uploads\\\/2019\\\/06\\\/MRNewslogo2.png\",\"contentUrl\":\"https:\\\/\\\/mrnews.com.br\\\/wp-content\\\/uploads\\\/2019\\\/06\\\/MRNewslogo2.png\",\"width\":223,\"height\":58,\"caption\":\"MRNews\"},\"image\":{\"@id\":\"https:\\\/\\\/mrnews.com.br\\\/#\\\/schema\\\/logo\\\/image\\\/\"},\"sameAs\":[\"https:\\\/\\\/www.facebook.com\\\/eaipahpah\\\/?locale2=pt_BR\",\"https:\\\/\\\/x.com\\\/conspirou\",\"https:\\\/\\\/www.instagram.com\\\/eai_pahpah\",\"https:\\\/\\\/br.pinterest.com\\\/mrnewsn\\\/boards\\\/\",\"https:\\\/\\\/www.youtube.com\\\/channel\\\/UCacgnpznQ61fifLWr1tQ-vA?view_as=subscriber\"]},{\"@type\":\"Person\",\"@id\":\"https:\\\/\\\/mrnews.com.br\\\/#\\\/schema\\\/person\\\/be3203154562a9f207407861cef7827b\",\"name\":\"MR News\",\"image\":{\"@type\":\"ImageObject\",\"inLanguage\":\"pt-BR\",\"@id\":\"https:\\\/\\\/secure.gravatar.com\\\/avatar\\\/04084e6d73c042b8646e7c17b494073bf0ede3ea13c7105cfc45cbbbc28385a4?s=96&d=monsterid&r=g\",\"url\":\"https:\\\/\\\/secure.gravatar.com\\\/avatar\\\/04084e6d73c042b8646e7c17b494073bf0ede3ea13c7105cfc45cbbbc28385a4?s=96&d=monsterid&r=g\",\"contentUrl\":\"https:\\\/\\\/secure.gravatar.com\\\/avatar\\\/04084e6d73c042b8646e7c17b494073bf0ede3ea13c7105cfc45cbbbc28385a4?s=96&d=monsterid&r=g\",\"caption\":\"MR News\"},\"description\":\"Especializado em jornalismo colaborativo pela FTP em n\u00edvel de p\u00f3s-gradua\u00e7\u00e3o. suporte@oimeliga.combr\",\"sameAs\":[\"HUGO R.\",\"Admin\"],\"url\":\"https:\\\/\\\/mrnews.com.br\\\/index.php\\\/author\\\/admin\\\/\"}]}<\/script>\n<!-- \/ Yoast SEO plugin. -->","yoast_head_json":{"title":"CFM estuda usar Enamed para conceder registro profissional","robots":{"index":"index","follow":"follow","max-snippet":"max-snippet:-1","max-image-preview":"max-image-preview:large","max-video-preview":"max-video-preview:-1"},"canonical":"https:\/\/mrnews.com.br\/index.php\/2026\/01\/21\/cfm-estuda-usar-enamed-para-conceder-registro-profissional\/","og_locale":"pt_BR","og_type":"article","og_title":"CFM estuda usar Enamed para conceder registro profissional","og_description":"Por EBC, O Conselho Federal de Medicina estuda utilizar as notas do Exame Nacional de Avalia\u00e7\u00e3o da Forma\u00e7\u00e3o M\u00e9dica (Enamed) como crit\u00e9rio para conceder o registro profissional aos formandos. Para isso, pediu ao Minist\u00e9rio da Educa\u00e7\u00e3o e ao Instituto Nacional de Estudos e Pesquisas Educacionais An\u00edsio Teixeira (Inep), os microdados do exame, com a identifica\u00e7\u00e3o &hellip;","og_url":"https:\/\/mrnews.com.br\/index.php\/2026\/01\/21\/cfm-estuda-usar-enamed-para-conceder-registro-profissional\/","og_site_name":"MRNews","article_publisher":"https:\/\/www.facebook.com\/eaipahpah\/?locale2=pt_BR","article_published_time":"2026-01-22T00:07:30+00:00","author":"MR News","twitter_card":"summary_large_image","twitter_creator":"@conspirou","twitter_site":"@conspirou","twitter_misc":{"Escrito por":"MR News","Est. tempo de leitura":"6 minutos"},"schema":{"@context":"https:\/\/schema.org","@graph":[{"@type":"Article","@id":"https:\/\/mrnews.com.br\/index.php\/2026\/01\/21\/cfm-estuda-usar-enamed-para-conceder-registro-profissional\/#article","isPartOf":{"@id":"https:\/\/mrnews.com.br\/index.php\/2026\/01\/21\/cfm-estuda-usar-enamed-para-conceder-registro-profissional\/"},"author":{"name":"MR News","@id":"https:\/\/mrnews.com.br\/#\/schema\/person\/be3203154562a9f207407861cef7827b"},"headline":"CFM estuda usar Enamed para conceder registro profissional","datePublished":"2026-01-22T00:07:30+00:00","mainEntityOfPage":{"@id":"https:\/\/mrnews.com.br\/index.php\/2026\/01\/21\/cfm-estuda-usar-enamed-para-conceder-registro-profissional\/"},"wordCount":1199,"commentCount":0,"publisher":{"@id":"https:\/\/mrnews.com.br\/#organization"},"articleSection":["ENTRETENIMENTO","NOTICIAS","SERVI\u00c7OS"],"inLanguage":"pt-BR","potentialAction":[{"@type":"CommentAction","name":"Comment","target":["https:\/\/mrnews.com.br\/index.php\/2026\/01\/21\/cfm-estuda-usar-enamed-para-conceder-registro-profissional\/#respond"]}]},{"@type":"WebPage","@id":"https:\/\/mrnews.com.br\/index.php\/2026\/01\/21\/cfm-estuda-usar-enamed-para-conceder-registro-profissional\/","url":"https:\/\/mrnews.com.br\/index.php\/2026\/01\/21\/cfm-estuda-usar-enamed-para-conceder-registro-profissional\/","name":"CFM estuda usar Enamed para conceder registro profissional","isPartOf":{"@id":"https:\/\/mrnews.com.br\/#website"},"datePublished":"2026-01-22T00:07:30+00:00","breadcrumb":{"@id":"https:\/\/mrnews.com.br\/index.php\/2026\/01\/21\/cfm-estuda-usar-enamed-para-conceder-registro-profissional\/#breadcrumb"},"inLanguage":"pt-BR","potentialAction":[{"@type":"ReadAction","target":["https:\/\/mrnews.com.br\/index.php\/2026\/01\/21\/cfm-estuda-usar-enamed-para-conceder-registro-profissional\/"]}]},{"@type":"BreadcrumbList","@id":"https:\/\/mrnews.com.br\/index.php\/2026\/01\/21\/cfm-estuda-usar-enamed-para-conceder-registro-profissional\/#breadcrumb","itemListElement":[{"@type":"ListItem","position":1,"name":"In\u00edcio","item":"https:\/\/mrnews.com.br\/"},{"@type":"ListItem","position":2,"name":"CFM estuda usar Enamed para conceder registro profissional"}]},{"@type":"WebSite","@id":"https:\/\/mrnews.com.br\/#website","url":"https:\/\/mrnews.com.br\/","name":"MRNews","description":"MRNews Jogos de hoje da TV, transmiss\u00f5es ao vivo, Not\u00edcias de futebol, Jogos ao vivo, Lives, resumo de novelas, Programa\u00e7\u00e3o da Globo, A Fazenda e BBB","publisher":{"@id":"https:\/\/mrnews.com.br\/#organization"},"potentialAction":[{"@type":"SearchAction","target":{"@type":"EntryPoint","urlTemplate":"https:\/\/mrnews.com.br\/?s={search_term_string}"},"query-input":{"@type":"PropertyValueSpecification","valueRequired":true,"valueName":"search_term_string"}}],"inLanguage":"pt-BR"},{"@type":"Organization","@id":"https:\/\/mrnews.com.br\/#organization","name":"MRNews","url":"https:\/\/mrnews.com.br\/","logo":{"@type":"ImageObject","inLanguage":"pt-BR","@id":"https:\/\/mrnews.com.br\/#\/schema\/logo\/image\/","url":"https:\/\/mrnews.com.br\/wp-content\/uploads\/2019\/06\/MRNewslogo2.png","contentUrl":"https:\/\/mrnews.com.br\/wp-content\/uploads\/2019\/06\/MRNewslogo2.png","width":223,"height":58,"caption":"MRNews"},"image":{"@id":"https:\/\/mrnews.com.br\/#\/schema\/logo\/image\/"},"sameAs":["https:\/\/www.facebook.com\/eaipahpah\/?locale2=pt_BR","https:\/\/x.com\/conspirou","https:\/\/www.instagram.com\/eai_pahpah","https:\/\/br.pinterest.com\/mrnewsn\/boards\/","https:\/\/www.youtube.com\/channel\/UCacgnpznQ61fifLWr1tQ-vA?view_as=subscriber"]},{"@type":"Person","@id":"https:\/\/mrnews.com.br\/#\/schema\/person\/be3203154562a9f207407861cef7827b","name":"MR News","image":{"@type":"ImageObject","inLanguage":"pt-BR","@id":"https:\/\/secure.gravatar.com\/avatar\/04084e6d73c042b8646e7c17b494073bf0ede3ea13c7105cfc45cbbbc28385a4?s=96&d=monsterid&r=g","url":"https:\/\/secure.gravatar.com\/avatar\/04084e6d73c042b8646e7c17b494073bf0ede3ea13c7105cfc45cbbbc28385a4?s=96&d=monsterid&r=g","contentUrl":"https:\/\/secure.gravatar.com\/avatar\/04084e6d73c042b8646e7c17b494073bf0ede3ea13c7105cfc45cbbbc28385a4?s=96&d=monsterid&r=g","caption":"MR News"},"description":"Especializado em jornalismo colaborativo pela FTP em n\u00edvel de p\u00f3s-gradua\u00e7\u00e3o. suporte@oimeliga.combr","sameAs":["HUGO R.","Admin"],"url":"https:\/\/mrnews.com.br\/index.php\/author\/admin\/"}]}},"jetpack_featured_media_url":"","jetpack_sharing_enabled":true,"jetpack_shortlink":"https:\/\/wp.me\/pa2Qf7-1Uhf","amp_enabled":true,"_links":{"self":[{"href":"https:\/\/mrnews.com.br\/index.php\/wp-json\/wp\/v2\/posts\/454661","targetHints":{"allow":["GET"]}}],"collection":[{"href":"https:\/\/mrnews.com.br\/index.php\/wp-json\/wp\/v2\/posts"}],"about":[{"href":"https:\/\/mrnews.com.br\/index.php\/wp-json\/wp\/v2\/types\/post"}],"author":[{"embeddable":true,"href":"https:\/\/mrnews.com.br\/index.php\/wp-json\/wp\/v2\/users\/1"}],"replies":[{"embeddable":true,"href":"https:\/\/mrnews.com.br\/index.php\/wp-json\/wp\/v2\/comments?post=454661"}],"version-history":[{"count":0,"href":"https:\/\/mrnews.com.br\/index.php\/wp-json\/wp\/v2\/posts\/454661\/revisions"}],"wp:attachment":[{"href":"https:\/\/mrnews.com.br\/index.php\/wp-json\/wp\/v2\/media?parent=454661"}],"wp:term":[{"taxonomy":"category","embeddable":true,"href":"https:\/\/mrnews.com.br\/index.php\/wp-json\/wp\/v2\/categories?post=454661"},{"taxonomy":"post_tag","embeddable":true,"href":"https:\/\/mrnews.com.br\/index.php\/wp-json\/wp\/v2\/tags?post=454661"}],"curies":[{"name":"wp","href":"https:\/\/api.w.org\/{rel}","templated":true}]}}