{"id":454686,"date":"2026-01-22T11:50:30","date_gmt":"2026-01-22T14:50:30","guid":{"rendered":"https:\/\/mrnews.com.br\/index.php\/2026\/01\/22\/o-agente-secreto-e-indicado-para-quatro-categorias-do-oscar\/"},"modified":"2026-01-22T11:50:30","modified_gmt":"2026-01-22T14:50:30","slug":"o-agente-secreto-e-indicado-para-quatro-categorias-do-oscar","status":"publish","type":"post","link":"https:\/\/mrnews.com.br\/index.php\/2026\/01\/22\/o-agente-secreto-e-indicado-para-quatro-categorias-do-oscar\/","title":{"rendered":"O Agente Secreto \u00e9 indicado para quatro categorias do Oscar"},"content":{"rendered":"<p>Por EBC, <\/p>\n<div>\n<p>O Brasil entrou com for\u00e7a na disputa do Oscar 2026.<strong> O <em>Agente Secreto<\/em>\u00a0foi indicado simultaneamente a Melhor Filme, Melhor Filme Internacional e Melhor Dire\u00e7\u00e3o de Elenco, enquanto Wagner Moura\u00a0recebeu indica\u00e7\u00e3o a Melhor Ator\u00a0por sua atua\u00e7\u00e3o no longa.<\/strong> Em outra frente, o pa\u00eds tamb\u00e9m aparece entre os destaques t\u00e9cnicos: Adolpho Veloso\u00a0concorre a Melhor Fotografia\u00a0por <em>Sonhos de Trem.<\/em><\/p>\n<p>A lista foi anunciada nesta quinta-feira, (22) pela Academy of Motion Picture Arts and Sciences, marcando o in\u00edcio da etapa decisiva da 98\u00aa edi\u00e7\u00e3o do pr\u00eamio e confirmando um momento hist\u00f3rico para o cinema brasileiro.<\/p>\n<h2>Melhor Ator<\/h2>\n<p><strong>Wagner Moura disputa a estatueta ao lado de:<\/strong><\/p>\n<p>Timoth\u00e9e Chalamet (Marty Supreme)<\/p>\n<p>Leonardo DiCaprio (Uma Batalha Ap\u00f3s a Outra)<\/p>\n<p>Michael B. Jordan (Pecadores)<\/p>\n<p>Ethan Hawke (Sonhos de Trem)<\/p>\n<p><strong>A indica\u00e7\u00e3o vem ap\u00f3s Moura ter vencido o Globo de Ouro\u00a0de melhor ator em drama, consolidando a performance como uma das mais comentadas da temporada.<\/strong><\/p>\n<p><strong>Melhor Fotografia<\/strong><\/p>\n<p>Com Adolpho Veloso, Sonhos de Trem\u00a0enfrenta:<\/p>\n<p>Uma Batalha Ap\u00f3s a Outra<\/p>\n<p>Pecadores<\/p>\n<p>Frankenstein<\/p>\n<p>Marty Supreme<\/p>\n<p>Melhor Filme Internacional<\/p>\n<p>Apontado como favorito, O Agente Secreto\u00a0concorre com:<\/p>\n<p>Valor Sentimental\u00a0(Noruega)<\/p>\n<p>Foi Apenas um Acidente\u00a0(Fran\u00e7a)<\/p>\n<p>Sir\u00e2t\u00a0(Espanha)<\/p>\n<p>A Voz de Hind Rajab\u00a0(Tun\u00edsia)<\/p>\n<p><strong>Al\u00e9m da categoria internacional, o longa brasileiro tamb\u00e9m figura entre os indicados a Melhor Filme, a principal disputa da noite \u2014 vota\u00e7\u00e3o aberta a todos os membros da Academia.<\/strong><\/p>\n<p>A primeira fase de vota\u00e7\u00e3o foi encerrada na sexta-feira (16). <strong>Mais de 10 mil profissionais\u00a0da ind\u00fastria cinematogr\u00e1fica \u2014 entre atores, diretores, roteiristas e t\u00e9cnicos \u2014 participaram do processo, votando majoritariamente dentro de suas \u00e1reas, com exce\u00e7\u00e3o de Melhor Filme, que re\u00fane o voto de todo o col\u00e9gio eleitoral.<\/strong><\/p>\n<p><strong>A cerim\u00f4nia do Oscar 2026\u00a0acontece em 15 de mar\u00e7o, e o an\u00fancio desta quinta-feira j\u00e1 provoca clima de celebra\u00e7\u00e3o no setor audiovisual brasileiro.<\/strong><\/p>\n<p>\u00a0<\/p>\n<p>      <!-- Relacionada --><\/p>\n<p>            <!-- Relacionada -->\n    <\/div>\n","protected":false},"excerpt":{"rendered":"<p>Por EBC, O Brasil entrou com for\u00e7a na disputa do Oscar 2026. O Agente Secreto\u00a0foi indicado simultaneamente a Melhor Filme, Melhor Filme Internacional e Melhor Dire\u00e7\u00e3o de Elenco, enquanto Wagner Moura\u00a0recebeu indica\u00e7\u00e3o a Melhor Ator\u00a0por sua atua\u00e7\u00e3o no longa. Em outra frente, o pa\u00eds tamb\u00e9m aparece entre os destaques t\u00e9cnicos: Adolpho Veloso\u00a0concorre a Melhor Fotografia\u00a0por &hellip;<\/p>\n","protected":false},"author":1,"featured_media":0,"comment_status":"open","ping_status":"open","sticky":false,"template":"","format":"standard","meta":{"_jetpack_memberships_contains_paid_content":false,"footnotes":""},"categories":[2,12225,4],"tags":[],"class_list":["post-454686","post","type-post","status-publish","format-standard","hentry","category-entretenimento","category-noticias","category-servicos"],"yoast_head":"<!-- This site is optimized with the Yoast SEO plugin v27.5 - https:\/\/yoast.com\/product\/yoast-seo-wordpress\/ -->\n<title>O Agente Secreto \u00e9 indicado para quatro categorias do Oscar<\/title>\n<meta name=\"robots\" content=\"index, follow, max-snippet:-1, max-image-preview:large, max-video-preview:-1\" \/>\n<link rel=\"canonical\" href=\"https:\/\/mrnews.com.br\/index.php\/2026\/01\/22\/o-agente-secreto-e-indicado-para-quatro-categorias-do-oscar\/\" \/>\n<meta property=\"og:locale\" content=\"pt_BR\" \/>\n<meta property=\"og:type\" content=\"article\" \/>\n<meta property=\"og:title\" content=\"O Agente Secreto \u00e9 indicado para quatro categorias do Oscar\" \/>\n<meta property=\"og:description\" content=\"Por EBC, O Brasil entrou com for\u00e7a na disputa do Oscar 2026. O Agente Secreto\u00a0foi indicado simultaneamente a Melhor Filme, Melhor Filme Internacional e Melhor Dire\u00e7\u00e3o de Elenco, enquanto Wagner Moura\u00a0recebeu indica\u00e7\u00e3o a Melhor Ator\u00a0por sua atua\u00e7\u00e3o no longa. Em outra frente, o pa\u00eds tamb\u00e9m aparece entre os destaques t\u00e9cnicos: Adolpho Veloso\u00a0concorre a Melhor Fotografia\u00a0por &hellip;\" \/>\n<meta property=\"og:url\" content=\"https:\/\/mrnews.com.br\/index.php\/2026\/01\/22\/o-agente-secreto-e-indicado-para-quatro-categorias-do-oscar\/\" \/>\n<meta property=\"og:site_name\" content=\"MRNews\" \/>\n<meta property=\"article:publisher\" content=\"https:\/\/www.facebook.com\/eaipahpah\/?locale2=pt_BR\" \/>\n<meta property=\"article:published_time\" content=\"2026-01-22T14:50:30+00:00\" \/>\n<meta name=\"author\" content=\"MR News\" \/>\n<meta name=\"twitter:card\" content=\"summary_large_image\" \/>\n<meta name=\"twitter:creator\" content=\"@conspirou\" \/>\n<meta name=\"twitter:site\" content=\"@conspirou\" \/>\n<meta name=\"twitter:label1\" content=\"Escrito por\" \/>\n\t<meta name=\"twitter:data1\" content=\"MR News\" \/>\n\t<meta name=\"twitter:label2\" content=\"Est. tempo de leitura\" \/>\n\t<meta name=\"twitter:data2\" content=\"2 minutos\" \/>\n<script type=\"application\/ld+json\" class=\"yoast-schema-graph\">{\"@context\":\"https:\\\/\\\/schema.org\",\"@graph\":[{\"@type\":\"Article\",\"@id\":\"https:\\\/\\\/mrnews.com.br\\\/index.php\\\/2026\\\/01\\\/22\\\/o-agente-secreto-e-indicado-para-quatro-categorias-do-oscar\\\/#article\",\"isPartOf\":{\"@id\":\"https:\\\/\\\/mrnews.com.br\\\/index.php\\\/2026\\\/01\\\/22\\\/o-agente-secreto-e-indicado-para-quatro-categorias-do-oscar\\\/\"},\"author\":{\"name\":\"MR News\",\"@id\":\"https:\\\/\\\/mrnews.com.br\\\/#\\\/schema\\\/person\\\/be3203154562a9f207407861cef7827b\"},\"headline\":\"O Agente Secreto \u00e9 indicado para quatro categorias do Oscar\",\"datePublished\":\"2026-01-22T14:50:30+00:00\",\"mainEntityOfPage\":{\"@id\":\"https:\\\/\\\/mrnews.com.br\\\/index.php\\\/2026\\\/01\\\/22\\\/o-agente-secreto-e-indicado-para-quatro-categorias-do-oscar\\\/\"},\"wordCount\":333,\"commentCount\":0,\"publisher\":{\"@id\":\"https:\\\/\\\/mrnews.com.br\\\/#organization\"},\"articleSection\":[\"ENTRETENIMENTO\",\"NOTICIAS\",\"SERVI\u00c7OS\"],\"inLanguage\":\"pt-BR\",\"potentialAction\":[{\"@type\":\"CommentAction\",\"name\":\"Comment\",\"target\":[\"https:\\\/\\\/mrnews.com.br\\\/index.php\\\/2026\\\/01\\\/22\\\/o-agente-secreto-e-indicado-para-quatro-categorias-do-oscar\\\/#respond\"]}]},{\"@type\":\"WebPage\",\"@id\":\"https:\\\/\\\/mrnews.com.br\\\/index.php\\\/2026\\\/01\\\/22\\\/o-agente-secreto-e-indicado-para-quatro-categorias-do-oscar\\\/\",\"url\":\"https:\\\/\\\/mrnews.com.br\\\/index.php\\\/2026\\\/01\\\/22\\\/o-agente-secreto-e-indicado-para-quatro-categorias-do-oscar\\\/\",\"name\":\"O Agente Secreto \u00e9 indicado para quatro categorias do Oscar\",\"isPartOf\":{\"@id\":\"https:\\\/\\\/mrnews.com.br\\\/#website\"},\"datePublished\":\"2026-01-22T14:50:30+00:00\",\"breadcrumb\":{\"@id\":\"https:\\\/\\\/mrnews.com.br\\\/index.php\\\/2026\\\/01\\\/22\\\/o-agente-secreto-e-indicado-para-quatro-categorias-do-oscar\\\/#breadcrumb\"},\"inLanguage\":\"pt-BR\",\"potentialAction\":[{\"@type\":\"ReadAction\",\"target\":[\"https:\\\/\\\/mrnews.com.br\\\/index.php\\\/2026\\\/01\\\/22\\\/o-agente-secreto-e-indicado-para-quatro-categorias-do-oscar\\\/\"]}]},{\"@type\":\"BreadcrumbList\",\"@id\":\"https:\\\/\\\/mrnews.com.br\\\/index.php\\\/2026\\\/01\\\/22\\\/o-agente-secreto-e-indicado-para-quatro-categorias-do-oscar\\\/#breadcrumb\",\"itemListElement\":[{\"@type\":\"ListItem\",\"position\":1,\"name\":\"In\u00edcio\",\"item\":\"https:\\\/\\\/mrnews.com.br\\\/\"},{\"@type\":\"ListItem\",\"position\":2,\"name\":\"O Agente Secreto \u00e9 indicado para quatro categorias do Oscar\"}]},{\"@type\":\"WebSite\",\"@id\":\"https:\\\/\\\/mrnews.com.br\\\/#website\",\"url\":\"https:\\\/\\\/mrnews.com.br\\\/\",\"name\":\"MRNews\",\"description\":\"MRNews Jogos de hoje da TV, transmiss\u00f5es ao vivo, Not\u00edcias de futebol, Jogos ao vivo, Lives, resumo de novelas, Programa\u00e7\u00e3o da Globo, A Fazenda e BBB\",\"publisher\":{\"@id\":\"https:\\\/\\\/mrnews.com.br\\\/#organization\"},\"potentialAction\":[{\"@type\":\"SearchAction\",\"target\":{\"@type\":\"EntryPoint\",\"urlTemplate\":\"https:\\\/\\\/mrnews.com.br\\\/?s={search_term_string}\"},\"query-input\":{\"@type\":\"PropertyValueSpecification\",\"valueRequired\":true,\"valueName\":\"search_term_string\"}}],\"inLanguage\":\"pt-BR\"},{\"@type\":\"Organization\",\"@id\":\"https:\\\/\\\/mrnews.com.br\\\/#organization\",\"name\":\"MRNews\",\"url\":\"https:\\\/\\\/mrnews.com.br\\\/\",\"logo\":{\"@type\":\"ImageObject\",\"inLanguage\":\"pt-BR\",\"@id\":\"https:\\\/\\\/mrnews.com.br\\\/#\\\/schema\\\/logo\\\/image\\\/\",\"url\":\"https:\\\/\\\/mrnews.com.br\\\/wp-content\\\/uploads\\\/2019\\\/06\\\/MRNewslogo2.png\",\"contentUrl\":\"https:\\\/\\\/mrnews.com.br\\\/wp-content\\\/uploads\\\/2019\\\/06\\\/MRNewslogo2.png\",\"width\":223,\"height\":58,\"caption\":\"MRNews\"},\"image\":{\"@id\":\"https:\\\/\\\/mrnews.com.br\\\/#\\\/schema\\\/logo\\\/image\\\/\"},\"sameAs\":[\"https:\\\/\\\/www.facebook.com\\\/eaipahpah\\\/?locale2=pt_BR\",\"https:\\\/\\\/x.com\\\/conspirou\",\"https:\\\/\\\/www.instagram.com\\\/eai_pahpah\",\"https:\\\/\\\/br.pinterest.com\\\/mrnewsn\\\/boards\\\/\",\"https:\\\/\\\/www.youtube.com\\\/channel\\\/UCacgnpznQ61fifLWr1tQ-vA?view_as=subscriber\"]},{\"@type\":\"Person\",\"@id\":\"https:\\\/\\\/mrnews.com.br\\\/#\\\/schema\\\/person\\\/be3203154562a9f207407861cef7827b\",\"name\":\"MR News\",\"image\":{\"@type\":\"ImageObject\",\"inLanguage\":\"pt-BR\",\"@id\":\"https:\\\/\\\/secure.gravatar.com\\\/avatar\\\/04084e6d73c042b8646e7c17b494073bf0ede3ea13c7105cfc45cbbbc28385a4?s=96&d=monsterid&r=g\",\"url\":\"https:\\\/\\\/secure.gravatar.com\\\/avatar\\\/04084e6d73c042b8646e7c17b494073bf0ede3ea13c7105cfc45cbbbc28385a4?s=96&d=monsterid&r=g\",\"contentUrl\":\"https:\\\/\\\/secure.gravatar.com\\\/avatar\\\/04084e6d73c042b8646e7c17b494073bf0ede3ea13c7105cfc45cbbbc28385a4?s=96&d=monsterid&r=g\",\"caption\":\"MR News\"},\"description\":\"Especializado em jornalismo colaborativo pela FTP em n\u00edvel de p\u00f3s-gradua\u00e7\u00e3o. suporte@oimeliga.combr\",\"sameAs\":[\"HUGO R.\",\"Admin\"],\"url\":\"https:\\\/\\\/mrnews.com.br\\\/index.php\\\/author\\\/admin\\\/\"}]}<\/script>\n<!-- \/ Yoast SEO plugin. -->","yoast_head_json":{"title":"O Agente Secreto \u00e9 indicado para quatro categorias do Oscar","robots":{"index":"index","follow":"follow","max-snippet":"max-snippet:-1","max-image-preview":"max-image-preview:large","max-video-preview":"max-video-preview:-1"},"canonical":"https:\/\/mrnews.com.br\/index.php\/2026\/01\/22\/o-agente-secreto-e-indicado-para-quatro-categorias-do-oscar\/","og_locale":"pt_BR","og_type":"article","og_title":"O Agente Secreto \u00e9 indicado para quatro categorias do Oscar","og_description":"Por EBC, O Brasil entrou com for\u00e7a na disputa do Oscar 2026. O Agente Secreto\u00a0foi indicado simultaneamente a Melhor Filme, Melhor Filme Internacional e Melhor Dire\u00e7\u00e3o de Elenco, enquanto Wagner Moura\u00a0recebeu indica\u00e7\u00e3o a Melhor Ator\u00a0por sua atua\u00e7\u00e3o no longa. Em outra frente, o pa\u00eds tamb\u00e9m aparece entre os destaques t\u00e9cnicos: Adolpho Veloso\u00a0concorre a Melhor Fotografia\u00a0por &hellip;","og_url":"https:\/\/mrnews.com.br\/index.php\/2026\/01\/22\/o-agente-secreto-e-indicado-para-quatro-categorias-do-oscar\/","og_site_name":"MRNews","article_publisher":"https:\/\/www.facebook.com\/eaipahpah\/?locale2=pt_BR","article_published_time":"2026-01-22T14:50:30+00:00","author":"MR News","twitter_card":"summary_large_image","twitter_creator":"@conspirou","twitter_site":"@conspirou","twitter_misc":{"Escrito por":"MR News","Est. tempo de leitura":"2 minutos"},"schema":{"@context":"https:\/\/schema.org","@graph":[{"@type":"Article","@id":"https:\/\/mrnews.com.br\/index.php\/2026\/01\/22\/o-agente-secreto-e-indicado-para-quatro-categorias-do-oscar\/#article","isPartOf":{"@id":"https:\/\/mrnews.com.br\/index.php\/2026\/01\/22\/o-agente-secreto-e-indicado-para-quatro-categorias-do-oscar\/"},"author":{"name":"MR News","@id":"https:\/\/mrnews.com.br\/#\/schema\/person\/be3203154562a9f207407861cef7827b"},"headline":"O Agente Secreto \u00e9 indicado para quatro categorias do Oscar","datePublished":"2026-01-22T14:50:30+00:00","mainEntityOfPage":{"@id":"https:\/\/mrnews.com.br\/index.php\/2026\/01\/22\/o-agente-secreto-e-indicado-para-quatro-categorias-do-oscar\/"},"wordCount":333,"commentCount":0,"publisher":{"@id":"https:\/\/mrnews.com.br\/#organization"},"articleSection":["ENTRETENIMENTO","NOTICIAS","SERVI\u00c7OS"],"inLanguage":"pt-BR","potentialAction":[{"@type":"CommentAction","name":"Comment","target":["https:\/\/mrnews.com.br\/index.php\/2026\/01\/22\/o-agente-secreto-e-indicado-para-quatro-categorias-do-oscar\/#respond"]}]},{"@type":"WebPage","@id":"https:\/\/mrnews.com.br\/index.php\/2026\/01\/22\/o-agente-secreto-e-indicado-para-quatro-categorias-do-oscar\/","url":"https:\/\/mrnews.com.br\/index.php\/2026\/01\/22\/o-agente-secreto-e-indicado-para-quatro-categorias-do-oscar\/","name":"O Agente Secreto \u00e9 indicado para quatro categorias do Oscar","isPartOf":{"@id":"https:\/\/mrnews.com.br\/#website"},"datePublished":"2026-01-22T14:50:30+00:00","breadcrumb":{"@id":"https:\/\/mrnews.com.br\/index.php\/2026\/01\/22\/o-agente-secreto-e-indicado-para-quatro-categorias-do-oscar\/#breadcrumb"},"inLanguage":"pt-BR","potentialAction":[{"@type":"ReadAction","target":["https:\/\/mrnews.com.br\/index.php\/2026\/01\/22\/o-agente-secreto-e-indicado-para-quatro-categorias-do-oscar\/"]}]},{"@type":"BreadcrumbList","@id":"https:\/\/mrnews.com.br\/index.php\/2026\/01\/22\/o-agente-secreto-e-indicado-para-quatro-categorias-do-oscar\/#breadcrumb","itemListElement":[{"@type":"ListItem","position":1,"name":"In\u00edcio","item":"https:\/\/mrnews.com.br\/"},{"@type":"ListItem","position":2,"name":"O Agente Secreto \u00e9 indicado para quatro categorias do Oscar"}]},{"@type":"WebSite","@id":"https:\/\/mrnews.com.br\/#website","url":"https:\/\/mrnews.com.br\/","name":"MRNews","description":"MRNews Jogos de hoje da TV, transmiss\u00f5es ao vivo, Not\u00edcias de futebol, Jogos ao vivo, Lives, resumo de novelas, Programa\u00e7\u00e3o da Globo, A Fazenda e BBB","publisher":{"@id":"https:\/\/mrnews.com.br\/#organization"},"potentialAction":[{"@type":"SearchAction","target":{"@type":"EntryPoint","urlTemplate":"https:\/\/mrnews.com.br\/?s={search_term_string}"},"query-input":{"@type":"PropertyValueSpecification","valueRequired":true,"valueName":"search_term_string"}}],"inLanguage":"pt-BR"},{"@type":"Organization","@id":"https:\/\/mrnews.com.br\/#organization","name":"MRNews","url":"https:\/\/mrnews.com.br\/","logo":{"@type":"ImageObject","inLanguage":"pt-BR","@id":"https:\/\/mrnews.com.br\/#\/schema\/logo\/image\/","url":"https:\/\/mrnews.com.br\/wp-content\/uploads\/2019\/06\/MRNewslogo2.png","contentUrl":"https:\/\/mrnews.com.br\/wp-content\/uploads\/2019\/06\/MRNewslogo2.png","width":223,"height":58,"caption":"MRNews"},"image":{"@id":"https:\/\/mrnews.com.br\/#\/schema\/logo\/image\/"},"sameAs":["https:\/\/www.facebook.com\/eaipahpah\/?locale2=pt_BR","https:\/\/x.com\/conspirou","https:\/\/www.instagram.com\/eai_pahpah","https:\/\/br.pinterest.com\/mrnewsn\/boards\/","https:\/\/www.youtube.com\/channel\/UCacgnpznQ61fifLWr1tQ-vA?view_as=subscriber"]},{"@type":"Person","@id":"https:\/\/mrnews.com.br\/#\/schema\/person\/be3203154562a9f207407861cef7827b","name":"MR News","image":{"@type":"ImageObject","inLanguage":"pt-BR","@id":"https:\/\/secure.gravatar.com\/avatar\/04084e6d73c042b8646e7c17b494073bf0ede3ea13c7105cfc45cbbbc28385a4?s=96&d=monsterid&r=g","url":"https:\/\/secure.gravatar.com\/avatar\/04084e6d73c042b8646e7c17b494073bf0ede3ea13c7105cfc45cbbbc28385a4?s=96&d=monsterid&r=g","contentUrl":"https:\/\/secure.gravatar.com\/avatar\/04084e6d73c042b8646e7c17b494073bf0ede3ea13c7105cfc45cbbbc28385a4?s=96&d=monsterid&r=g","caption":"MR News"},"description":"Especializado em jornalismo colaborativo pela FTP em n\u00edvel de p\u00f3s-gradua\u00e7\u00e3o. suporte@oimeliga.combr","sameAs":["HUGO R.","Admin"],"url":"https:\/\/mrnews.com.br\/index.php\/author\/admin\/"}]}},"jetpack_featured_media_url":"","jetpack_sharing_enabled":true,"jetpack_shortlink":"https:\/\/wp.me\/pa2Qf7-1UhE","amp_enabled":true,"_links":{"self":[{"href":"https:\/\/mrnews.com.br\/index.php\/wp-json\/wp\/v2\/posts\/454686","targetHints":{"allow":["GET"]}}],"collection":[{"href":"https:\/\/mrnews.com.br\/index.php\/wp-json\/wp\/v2\/posts"}],"about":[{"href":"https:\/\/mrnews.com.br\/index.php\/wp-json\/wp\/v2\/types\/post"}],"author":[{"embeddable":true,"href":"https:\/\/mrnews.com.br\/index.php\/wp-json\/wp\/v2\/users\/1"}],"replies":[{"embeddable":true,"href":"https:\/\/mrnews.com.br\/index.php\/wp-json\/wp\/v2\/comments?post=454686"}],"version-history":[{"count":0,"href":"https:\/\/mrnews.com.br\/index.php\/wp-json\/wp\/v2\/posts\/454686\/revisions"}],"wp:attachment":[{"href":"https:\/\/mrnews.com.br\/index.php\/wp-json\/wp\/v2\/media?parent=454686"}],"wp:term":[{"taxonomy":"category","embeddable":true,"href":"https:\/\/mrnews.com.br\/index.php\/wp-json\/wp\/v2\/categories?post=454686"},{"taxonomy":"post_tag","embeddable":true,"href":"https:\/\/mrnews.com.br\/index.php\/wp-json\/wp\/v2\/tags?post=454686"}],"curies":[{"name":"wp","href":"https:\/\/api.w.org\/{rel}","templated":true}]}}