{"id":454758,"date":"2026-01-24T09:20:32","date_gmt":"2026-01-24T12:20:32","guid":{"rendered":"https:\/\/mrnews.com.br\/index.php\/2026\/01\/24\/aniversario-de-sao-paulo-tem-extensa-programacao-gratuita\/"},"modified":"2026-01-24T09:20:32","modified_gmt":"2026-01-24T12:20:32","slug":"aniversario-de-sao-paulo-tem-extensa-programacao-gratuita","status":"publish","type":"post","link":"https:\/\/mrnews.com.br\/index.php\/2026\/01\/24\/aniversario-de-sao-paulo-tem-extensa-programacao-gratuita\/","title":{"rendered":"Anivers\u00e1rio de S\u00e3o Paulo tem extensa programa\u00e7\u00e3o gratuita"},"content":{"rendered":"<p>Por EBC, <\/p>\n<div>\n<p>Neste domingo (25), a cidade de S\u00e3o Paulo completa 472 anos. <strong>E para celebrar a data t\u00e3o especial foi preparada uma extensa programa\u00e7\u00e3o cultural, que vai desde a entrada gratuita em museus a apresenta\u00e7\u00f5es de blocos pr\u00e9-carnavalescos.<\/strong> E n\u00e3o vai faltar o tradicional Bolo do Bixiga, uma tradi\u00e7\u00e3o de 40 anos na qual a comunidade do bairro da zona central da capital prepara a maior mesa de bolo de anivers\u00e1rio do mundo.<\/p>\n<p><strong>No Bixiga, o parab\u00e9ns para a cidade acontece na Rua Rui Barbosa, seguido pela distribui\u00e7\u00e3o de bolo, a partir das 12h.<\/strong> Mas haver\u00e1 ainda outra comemora\u00e7\u00e3o semelhante no Mercado Municipal. L\u00e1 tamb\u00e9m haver\u00e1 distribui\u00e7\u00e3o gratuita de bolo para a popula\u00e7\u00e3o, mas mediante senha, que deve ser retirada a partir das 10h30.<\/p>\n<p><strong>Os museus, bibliotecas e F\u00e1bricas de Cultura ligados \u00e0 Secretaria da Cultura, Economia e Ind\u00fastria Criativas do estado de S\u00e3o Paulo ter\u00e3o uma programa\u00e7\u00e3o diversa, com entrada gratuita.<\/strong> Entre os equipamentos, est\u00e3o o Museu da L\u00edngua Portuguesa, o Catavento, o Museu das Culturas Ind\u00edgenas, a Pinacoteca, o Museu da Imigra\u00e7\u00e3o e o Museu da Imagem e do Som.<\/p>\n<p><strong>Na Pinacoteca, haver\u00e1 ensaios pr\u00e9-carnavalescos e abertos do bloco Afro Ilu Ob\u00e1 de Min.<\/strong> Reconhecido por sua atua\u00e7\u00e3o art\u00edstica e pol\u00edtica na valoriza\u00e7\u00e3o da cultura negra e feminina, o grupo vai ocupar a Pra\u00e7a da Pina Contempor\u00e2nea, com tambores, dan\u00e7a e canto.\u00a0<\/p>\n<p>O Catavento, museu muito apreciado por crian\u00e7as, ter\u00e1 uma roda de samba com o Batucadas das Pretas, a partir das 12h. No Museu das Culturas Ind\u00edgenas, o destaque \u00e9 para uma roda de conversa sobre territ\u00f3rio, resist\u00eancia e ocupa\u00e7\u00e3o da cidade, que tem in\u00edcio \u00e0s 10h30 com Akayse Fulni-\u00f4 e Kerexu Mirin, mediada por Emerson Bar\u00e9 Puranga.\u00a0<\/p>\n<p>O Museu das Favelas vai promover o Baile da Perifan\u00e1lise, a partir das 13h30, al\u00e9m do Di Quebradinha, um evento que vai promover oficinas e brincadeiras de rua com as crian\u00e7as, a partir das 14h.<\/p>\n<p><strong>Nas F\u00e1bricas de Cultura haver\u00e1 muito samba, cortejos, descida de carrinhos de rolim\u00e3 e K-pop, al\u00e9m de gincanas e atividades l\u00fadicas para toda a fam\u00edlia.<\/strong><\/p>\n<p>No v\u00e3o livre do Museu de Arte de S\u00e3o Paulo (Masp), na Avenida Paulista, ser\u00e1 realizada uma programa\u00e7\u00e3o especial do Sesc Ver\u00e3o, com apresenta\u00e7\u00f5es e viv\u00eancias que contar\u00e3o com a participa\u00e7\u00e3o de atletas brasileiros consagrados, como as ginastas medalhistas ol\u00edmpicas J\u00falia Soares e Lorrane Oliveira, tudo com entrada gratuita.<\/p>\n<p>A programa\u00e7\u00e3o de anivers\u00e1rio da cidade tamb\u00e9m se estender\u00e1 para os parques e planet\u00e1rios municipais, que ter\u00e3o uma programa\u00e7\u00e3o toda gratuita. No Planet\u00e1rio do Parque do Carmo, ser\u00e1 exibido o Show da Luna no Planet\u00e1rio.<\/p>\n<p><strong>A prefeitura vai promover ainda o concerto Mitos Sonoros \u2013 FilarM\u00f4nica, da Orquestra Experimental de Repert\u00f3rio, no Theatro Municipal, a partir das 17h.<\/strong> O concerto, gratuito, prestar\u00e1 uma homenagem especial ao artista e escritor brasileiro Maur\u00edcio de Sousa, que recentemente completou 90 anos de idade. Os ingressos poder\u00e3o ser retirados com 48 horas de anteced\u00eancia pelo site e 2 horas antes do evento na bilheteria presencial do Theatro Municipal, conforme disponibilidade.<\/p>\n<p><strong>Outro evento para celebrar o anivers\u00e1rio da cidade \u00e9 o Sabores dos Bairros, que chega em sua segunda edi\u00e7\u00e3o reunindo gastronomia, m\u00fasica e cultura.<\/strong> A proposta \u00e9 valorizar a diversidade gastron\u00f4mica da cidade, destacando os sabores de bairros como Liberdade, Mooca e Bom Retiro. Entre as comidas, o tradicional lanche de mortadela, o pastel e as pizzas. O evento \u00e9 gratuito e acontece na Avenida Professor Frederico Hermann J\u00fanior, em frente \u00e0 Subprefeitura de Pinheiros e pr\u00f3ximo \u00e0 Esta\u00e7\u00e3o Pinheiros.<\/p>\n<p>Parte da programa\u00e7\u00e3o de anivers\u00e1rio da cidade pode ser consultada no site da prefeitura\u00a0e tamb\u00e9m no site da Secretaria da Cultura, Economia e Ind\u00fastria Criativas de S\u00e3o Paulo.\u00a0<\/p>\n<p>      <!-- Relacionada --><\/p>\n<p>            <!-- Relacionada -->\n    <\/div>\n","protected":false},"excerpt":{"rendered":"<p>Por EBC, Neste domingo (25), a cidade de S\u00e3o Paulo completa 472 anos. E para celebrar a data t\u00e3o especial foi preparada uma extensa programa\u00e7\u00e3o cultural, que vai desde a entrada gratuita em museus a apresenta\u00e7\u00f5es de blocos pr\u00e9-carnavalescos. E n\u00e3o vai faltar o tradicional Bolo do Bixiga, uma tradi\u00e7\u00e3o de 40 anos na qual &hellip;<\/p>\n","protected":false},"author":1,"featured_media":0,"comment_status":"open","ping_status":"open","sticky":false,"template":"","format":"standard","meta":{"_jetpack_memberships_contains_paid_content":false,"footnotes":""},"categories":[2,12225,4],"tags":[],"class_list":["post-454758","post","type-post","status-publish","format-standard","hentry","category-entretenimento","category-noticias","category-servicos"],"yoast_head":"<!-- This site is optimized with the Yoast SEO plugin v27.5 - https:\/\/yoast.com\/product\/yoast-seo-wordpress\/ -->\n<title>Anivers\u00e1rio de S\u00e3o Paulo tem extensa programa\u00e7\u00e3o gratuita<\/title>\n<meta name=\"robots\" content=\"index, follow, max-snippet:-1, max-image-preview:large, max-video-preview:-1\" \/>\n<link rel=\"canonical\" href=\"https:\/\/mrnews.com.br\/index.php\/2026\/01\/24\/aniversario-de-sao-paulo-tem-extensa-programacao-gratuita\/\" \/>\n<meta property=\"og:locale\" content=\"pt_BR\" \/>\n<meta property=\"og:type\" content=\"article\" \/>\n<meta property=\"og:title\" content=\"Anivers\u00e1rio de S\u00e3o Paulo tem extensa programa\u00e7\u00e3o gratuita\" \/>\n<meta property=\"og:description\" content=\"Por EBC, Neste domingo (25), a cidade de S\u00e3o Paulo completa 472 anos. E para celebrar a data t\u00e3o especial foi preparada uma extensa programa\u00e7\u00e3o cultural, que vai desde a entrada gratuita em museus a apresenta\u00e7\u00f5es de blocos pr\u00e9-carnavalescos. E n\u00e3o vai faltar o tradicional Bolo do Bixiga, uma tradi\u00e7\u00e3o de 40 anos na qual &hellip;\" \/>\n<meta property=\"og:url\" content=\"https:\/\/mrnews.com.br\/index.php\/2026\/01\/24\/aniversario-de-sao-paulo-tem-extensa-programacao-gratuita\/\" \/>\n<meta property=\"og:site_name\" content=\"MRNews\" \/>\n<meta property=\"article:publisher\" content=\"https:\/\/www.facebook.com\/eaipahpah\/?locale2=pt_BR\" \/>\n<meta property=\"article:published_time\" content=\"2026-01-24T12:20:32+00:00\" \/>\n<meta name=\"author\" content=\"MR News\" \/>\n<meta name=\"twitter:card\" content=\"summary_large_image\" \/>\n<meta name=\"twitter:creator\" content=\"@conspirou\" \/>\n<meta name=\"twitter:site\" content=\"@conspirou\" \/>\n<meta name=\"twitter:label1\" content=\"Escrito por\" \/>\n\t<meta name=\"twitter:data1\" content=\"MR News\" \/>\n\t<meta name=\"twitter:label2\" content=\"Est. tempo de leitura\" \/>\n\t<meta name=\"twitter:data2\" content=\"3 minutos\" \/>\n<script type=\"application\/ld+json\" class=\"yoast-schema-graph\">{\"@context\":\"https:\\\/\\\/schema.org\",\"@graph\":[{\"@type\":\"Article\",\"@id\":\"https:\\\/\\\/mrnews.com.br\\\/index.php\\\/2026\\\/01\\\/24\\\/aniversario-de-sao-paulo-tem-extensa-programacao-gratuita\\\/#article\",\"isPartOf\":{\"@id\":\"https:\\\/\\\/mrnews.com.br\\\/index.php\\\/2026\\\/01\\\/24\\\/aniversario-de-sao-paulo-tem-extensa-programacao-gratuita\\\/\"},\"author\":{\"name\":\"MR News\",\"@id\":\"https:\\\/\\\/mrnews.com.br\\\/#\\\/schema\\\/person\\\/be3203154562a9f207407861cef7827b\"},\"headline\":\"Anivers\u00e1rio de S\u00e3o Paulo tem extensa programa\u00e7\u00e3o gratuita\",\"datePublished\":\"2026-01-24T12:20:32+00:00\",\"mainEntityOfPage\":{\"@id\":\"https:\\\/\\\/mrnews.com.br\\\/index.php\\\/2026\\\/01\\\/24\\\/aniversario-de-sao-paulo-tem-extensa-programacao-gratuita\\\/\"},\"wordCount\":682,\"commentCount\":0,\"publisher\":{\"@id\":\"https:\\\/\\\/mrnews.com.br\\\/#organization\"},\"articleSection\":[\"ENTRETENIMENTO\",\"NOTICIAS\",\"SERVI\u00c7OS\"],\"inLanguage\":\"pt-BR\",\"potentialAction\":[{\"@type\":\"CommentAction\",\"name\":\"Comment\",\"target\":[\"https:\\\/\\\/mrnews.com.br\\\/index.php\\\/2026\\\/01\\\/24\\\/aniversario-de-sao-paulo-tem-extensa-programacao-gratuita\\\/#respond\"]}]},{\"@type\":\"WebPage\",\"@id\":\"https:\\\/\\\/mrnews.com.br\\\/index.php\\\/2026\\\/01\\\/24\\\/aniversario-de-sao-paulo-tem-extensa-programacao-gratuita\\\/\",\"url\":\"https:\\\/\\\/mrnews.com.br\\\/index.php\\\/2026\\\/01\\\/24\\\/aniversario-de-sao-paulo-tem-extensa-programacao-gratuita\\\/\",\"name\":\"Anivers\u00e1rio de S\u00e3o Paulo tem extensa programa\u00e7\u00e3o gratuita\",\"isPartOf\":{\"@id\":\"https:\\\/\\\/mrnews.com.br\\\/#website\"},\"datePublished\":\"2026-01-24T12:20:32+00:00\",\"breadcrumb\":{\"@id\":\"https:\\\/\\\/mrnews.com.br\\\/index.php\\\/2026\\\/01\\\/24\\\/aniversario-de-sao-paulo-tem-extensa-programacao-gratuita\\\/#breadcrumb\"},\"inLanguage\":\"pt-BR\",\"potentialAction\":[{\"@type\":\"ReadAction\",\"target\":[\"https:\\\/\\\/mrnews.com.br\\\/index.php\\\/2026\\\/01\\\/24\\\/aniversario-de-sao-paulo-tem-extensa-programacao-gratuita\\\/\"]}]},{\"@type\":\"BreadcrumbList\",\"@id\":\"https:\\\/\\\/mrnews.com.br\\\/index.php\\\/2026\\\/01\\\/24\\\/aniversario-de-sao-paulo-tem-extensa-programacao-gratuita\\\/#breadcrumb\",\"itemListElement\":[{\"@type\":\"ListItem\",\"position\":1,\"name\":\"In\u00edcio\",\"item\":\"https:\\\/\\\/mrnews.com.br\\\/\"},{\"@type\":\"ListItem\",\"position\":2,\"name\":\"Anivers\u00e1rio de S\u00e3o Paulo tem extensa programa\u00e7\u00e3o gratuita\"}]},{\"@type\":\"WebSite\",\"@id\":\"https:\\\/\\\/mrnews.com.br\\\/#website\",\"url\":\"https:\\\/\\\/mrnews.com.br\\\/\",\"name\":\"MRNews\",\"description\":\"MRNews Jogos de hoje da TV, transmiss\u00f5es ao vivo, Not\u00edcias de futebol, Jogos ao vivo, Lives, resumo de novelas, Programa\u00e7\u00e3o da Globo, A Fazenda e BBB\",\"publisher\":{\"@id\":\"https:\\\/\\\/mrnews.com.br\\\/#organization\"},\"potentialAction\":[{\"@type\":\"SearchAction\",\"target\":{\"@type\":\"EntryPoint\",\"urlTemplate\":\"https:\\\/\\\/mrnews.com.br\\\/?s={search_term_string}\"},\"query-input\":{\"@type\":\"PropertyValueSpecification\",\"valueRequired\":true,\"valueName\":\"search_term_string\"}}],\"inLanguage\":\"pt-BR\"},{\"@type\":\"Organization\",\"@id\":\"https:\\\/\\\/mrnews.com.br\\\/#organization\",\"name\":\"MRNews\",\"url\":\"https:\\\/\\\/mrnews.com.br\\\/\",\"logo\":{\"@type\":\"ImageObject\",\"inLanguage\":\"pt-BR\",\"@id\":\"https:\\\/\\\/mrnews.com.br\\\/#\\\/schema\\\/logo\\\/image\\\/\",\"url\":\"https:\\\/\\\/mrnews.com.br\\\/wp-content\\\/uploads\\\/2019\\\/06\\\/MRNewslogo2.png\",\"contentUrl\":\"https:\\\/\\\/mrnews.com.br\\\/wp-content\\\/uploads\\\/2019\\\/06\\\/MRNewslogo2.png\",\"width\":223,\"height\":58,\"caption\":\"MRNews\"},\"image\":{\"@id\":\"https:\\\/\\\/mrnews.com.br\\\/#\\\/schema\\\/logo\\\/image\\\/\"},\"sameAs\":[\"https:\\\/\\\/www.facebook.com\\\/eaipahpah\\\/?locale2=pt_BR\",\"https:\\\/\\\/x.com\\\/conspirou\",\"https:\\\/\\\/www.instagram.com\\\/eai_pahpah\",\"https:\\\/\\\/br.pinterest.com\\\/mrnewsn\\\/boards\\\/\",\"https:\\\/\\\/www.youtube.com\\\/channel\\\/UCacgnpznQ61fifLWr1tQ-vA?view_as=subscriber\"]},{\"@type\":\"Person\",\"@id\":\"https:\\\/\\\/mrnews.com.br\\\/#\\\/schema\\\/person\\\/be3203154562a9f207407861cef7827b\",\"name\":\"MR News\",\"image\":{\"@type\":\"ImageObject\",\"inLanguage\":\"pt-BR\",\"@id\":\"https:\\\/\\\/secure.gravatar.com\\\/avatar\\\/04084e6d73c042b8646e7c17b494073bf0ede3ea13c7105cfc45cbbbc28385a4?s=96&d=monsterid&r=g\",\"url\":\"https:\\\/\\\/secure.gravatar.com\\\/avatar\\\/04084e6d73c042b8646e7c17b494073bf0ede3ea13c7105cfc45cbbbc28385a4?s=96&d=monsterid&r=g\",\"contentUrl\":\"https:\\\/\\\/secure.gravatar.com\\\/avatar\\\/04084e6d73c042b8646e7c17b494073bf0ede3ea13c7105cfc45cbbbc28385a4?s=96&d=monsterid&r=g\",\"caption\":\"MR News\"},\"description\":\"Especializado em jornalismo colaborativo pela FTP em n\u00edvel de p\u00f3s-gradua\u00e7\u00e3o. suporte@oimeliga.combr\",\"sameAs\":[\"HUGO R.\",\"Admin\"],\"url\":\"https:\\\/\\\/mrnews.com.br\\\/index.php\\\/author\\\/admin\\\/\"}]}<\/script>\n<!-- \/ Yoast SEO plugin. -->","yoast_head_json":{"title":"Anivers\u00e1rio de S\u00e3o Paulo tem extensa programa\u00e7\u00e3o gratuita","robots":{"index":"index","follow":"follow","max-snippet":"max-snippet:-1","max-image-preview":"max-image-preview:large","max-video-preview":"max-video-preview:-1"},"canonical":"https:\/\/mrnews.com.br\/index.php\/2026\/01\/24\/aniversario-de-sao-paulo-tem-extensa-programacao-gratuita\/","og_locale":"pt_BR","og_type":"article","og_title":"Anivers\u00e1rio de S\u00e3o Paulo tem extensa programa\u00e7\u00e3o gratuita","og_description":"Por EBC, Neste domingo (25), a cidade de S\u00e3o Paulo completa 472 anos. E para celebrar a data t\u00e3o especial foi preparada uma extensa programa\u00e7\u00e3o cultural, que vai desde a entrada gratuita em museus a apresenta\u00e7\u00f5es de blocos pr\u00e9-carnavalescos. E n\u00e3o vai faltar o tradicional Bolo do Bixiga, uma tradi\u00e7\u00e3o de 40 anos na qual &hellip;","og_url":"https:\/\/mrnews.com.br\/index.php\/2026\/01\/24\/aniversario-de-sao-paulo-tem-extensa-programacao-gratuita\/","og_site_name":"MRNews","article_publisher":"https:\/\/www.facebook.com\/eaipahpah\/?locale2=pt_BR","article_published_time":"2026-01-24T12:20:32+00:00","author":"MR News","twitter_card":"summary_large_image","twitter_creator":"@conspirou","twitter_site":"@conspirou","twitter_misc":{"Escrito por":"MR News","Est. tempo de leitura":"3 minutos"},"schema":{"@context":"https:\/\/schema.org","@graph":[{"@type":"Article","@id":"https:\/\/mrnews.com.br\/index.php\/2026\/01\/24\/aniversario-de-sao-paulo-tem-extensa-programacao-gratuita\/#article","isPartOf":{"@id":"https:\/\/mrnews.com.br\/index.php\/2026\/01\/24\/aniversario-de-sao-paulo-tem-extensa-programacao-gratuita\/"},"author":{"name":"MR News","@id":"https:\/\/mrnews.com.br\/#\/schema\/person\/be3203154562a9f207407861cef7827b"},"headline":"Anivers\u00e1rio de S\u00e3o Paulo tem extensa programa\u00e7\u00e3o gratuita","datePublished":"2026-01-24T12:20:32+00:00","mainEntityOfPage":{"@id":"https:\/\/mrnews.com.br\/index.php\/2026\/01\/24\/aniversario-de-sao-paulo-tem-extensa-programacao-gratuita\/"},"wordCount":682,"commentCount":0,"publisher":{"@id":"https:\/\/mrnews.com.br\/#organization"},"articleSection":["ENTRETENIMENTO","NOTICIAS","SERVI\u00c7OS"],"inLanguage":"pt-BR","potentialAction":[{"@type":"CommentAction","name":"Comment","target":["https:\/\/mrnews.com.br\/index.php\/2026\/01\/24\/aniversario-de-sao-paulo-tem-extensa-programacao-gratuita\/#respond"]}]},{"@type":"WebPage","@id":"https:\/\/mrnews.com.br\/index.php\/2026\/01\/24\/aniversario-de-sao-paulo-tem-extensa-programacao-gratuita\/","url":"https:\/\/mrnews.com.br\/index.php\/2026\/01\/24\/aniversario-de-sao-paulo-tem-extensa-programacao-gratuita\/","name":"Anivers\u00e1rio de S\u00e3o Paulo tem extensa programa\u00e7\u00e3o gratuita","isPartOf":{"@id":"https:\/\/mrnews.com.br\/#website"},"datePublished":"2026-01-24T12:20:32+00:00","breadcrumb":{"@id":"https:\/\/mrnews.com.br\/index.php\/2026\/01\/24\/aniversario-de-sao-paulo-tem-extensa-programacao-gratuita\/#breadcrumb"},"inLanguage":"pt-BR","potentialAction":[{"@type":"ReadAction","target":["https:\/\/mrnews.com.br\/index.php\/2026\/01\/24\/aniversario-de-sao-paulo-tem-extensa-programacao-gratuita\/"]}]},{"@type":"BreadcrumbList","@id":"https:\/\/mrnews.com.br\/index.php\/2026\/01\/24\/aniversario-de-sao-paulo-tem-extensa-programacao-gratuita\/#breadcrumb","itemListElement":[{"@type":"ListItem","position":1,"name":"In\u00edcio","item":"https:\/\/mrnews.com.br\/"},{"@type":"ListItem","position":2,"name":"Anivers\u00e1rio de S\u00e3o Paulo tem extensa programa\u00e7\u00e3o gratuita"}]},{"@type":"WebSite","@id":"https:\/\/mrnews.com.br\/#website","url":"https:\/\/mrnews.com.br\/","name":"MRNews","description":"MRNews Jogos de hoje da TV, transmiss\u00f5es ao vivo, Not\u00edcias de futebol, Jogos ao vivo, Lives, resumo de novelas, Programa\u00e7\u00e3o da Globo, A Fazenda e BBB","publisher":{"@id":"https:\/\/mrnews.com.br\/#organization"},"potentialAction":[{"@type":"SearchAction","target":{"@type":"EntryPoint","urlTemplate":"https:\/\/mrnews.com.br\/?s={search_term_string}"},"query-input":{"@type":"PropertyValueSpecification","valueRequired":true,"valueName":"search_term_string"}}],"inLanguage":"pt-BR"},{"@type":"Organization","@id":"https:\/\/mrnews.com.br\/#organization","name":"MRNews","url":"https:\/\/mrnews.com.br\/","logo":{"@type":"ImageObject","inLanguage":"pt-BR","@id":"https:\/\/mrnews.com.br\/#\/schema\/logo\/image\/","url":"https:\/\/mrnews.com.br\/wp-content\/uploads\/2019\/06\/MRNewslogo2.png","contentUrl":"https:\/\/mrnews.com.br\/wp-content\/uploads\/2019\/06\/MRNewslogo2.png","width":223,"height":58,"caption":"MRNews"},"image":{"@id":"https:\/\/mrnews.com.br\/#\/schema\/logo\/image\/"},"sameAs":["https:\/\/www.facebook.com\/eaipahpah\/?locale2=pt_BR","https:\/\/x.com\/conspirou","https:\/\/www.instagram.com\/eai_pahpah","https:\/\/br.pinterest.com\/mrnewsn\/boards\/","https:\/\/www.youtube.com\/channel\/UCacgnpznQ61fifLWr1tQ-vA?view_as=subscriber"]},{"@type":"Person","@id":"https:\/\/mrnews.com.br\/#\/schema\/person\/be3203154562a9f207407861cef7827b","name":"MR News","image":{"@type":"ImageObject","inLanguage":"pt-BR","@id":"https:\/\/secure.gravatar.com\/avatar\/04084e6d73c042b8646e7c17b494073bf0ede3ea13c7105cfc45cbbbc28385a4?s=96&d=monsterid&r=g","url":"https:\/\/secure.gravatar.com\/avatar\/04084e6d73c042b8646e7c17b494073bf0ede3ea13c7105cfc45cbbbc28385a4?s=96&d=monsterid&r=g","contentUrl":"https:\/\/secure.gravatar.com\/avatar\/04084e6d73c042b8646e7c17b494073bf0ede3ea13c7105cfc45cbbbc28385a4?s=96&d=monsterid&r=g","caption":"MR News"},"description":"Especializado em jornalismo colaborativo pela FTP em n\u00edvel de p\u00f3s-gradua\u00e7\u00e3o. suporte@oimeliga.combr","sameAs":["HUGO R.","Admin"],"url":"https:\/\/mrnews.com.br\/index.php\/author\/admin\/"}]}},"jetpack_featured_media_url":"","jetpack_sharing_enabled":true,"jetpack_shortlink":"https:\/\/wp.me\/pa2Qf7-1UiO","amp_enabled":true,"_links":{"self":[{"href":"https:\/\/mrnews.com.br\/index.php\/wp-json\/wp\/v2\/posts\/454758","targetHints":{"allow":["GET"]}}],"collection":[{"href":"https:\/\/mrnews.com.br\/index.php\/wp-json\/wp\/v2\/posts"}],"about":[{"href":"https:\/\/mrnews.com.br\/index.php\/wp-json\/wp\/v2\/types\/post"}],"author":[{"embeddable":true,"href":"https:\/\/mrnews.com.br\/index.php\/wp-json\/wp\/v2\/users\/1"}],"replies":[{"embeddable":true,"href":"https:\/\/mrnews.com.br\/index.php\/wp-json\/wp\/v2\/comments?post=454758"}],"version-history":[{"count":0,"href":"https:\/\/mrnews.com.br\/index.php\/wp-json\/wp\/v2\/posts\/454758\/revisions"}],"wp:attachment":[{"href":"https:\/\/mrnews.com.br\/index.php\/wp-json\/wp\/v2\/media?parent=454758"}],"wp:term":[{"taxonomy":"category","embeddable":true,"href":"https:\/\/mrnews.com.br\/index.php\/wp-json\/wp\/v2\/categories?post=454758"},{"taxonomy":"post_tag","embeddable":true,"href":"https:\/\/mrnews.com.br\/index.php\/wp-json\/wp\/v2\/tags?post=454758"}],"curies":[{"name":"wp","href":"https:\/\/api.w.org\/{rel}","templated":true}]}}