{"id":454765,"date":"2026-01-24T11:13:35","date_gmt":"2026-01-24T14:13:35","guid":{"rendered":"https:\/\/mrnews.com.br\/index.php\/2026\/01\/24\/aberto-o-primeiro-leilao-do-ano-do-detran-ms-com-vw-up-2015-e-honda-cg-agencia-de-noticias-do-governo-de-mato-grosso-do-sul\/"},"modified":"2026-01-24T11:13:35","modified_gmt":"2026-01-24T14:13:35","slug":"aberto-o-primeiro-leilao-do-ano-do-detran-ms-com-vw-up-2015-e-honda-cg-agencia-de-noticias-do-governo-de-mato-grosso-do-sul","status":"publish","type":"post","link":"https:\/\/mrnews.com.br\/index.php\/2026\/01\/24\/aberto-o-primeiro-leilao-do-ano-do-detran-ms-com-vw-up-2015-e-honda-cg-agencia-de-noticias-do-governo-de-mato-grosso-do-sul\/","title":{"rendered":"Aberto o primeiro leil\u00e3o do ano do Detran-MS com VW\/Up 2015 e Honda CG \u2013 Ag\u00eancia de Noticias do Governo de Mato Grosso do Sul"},"content":{"rendered":"<p><\/p>\n<div>\n<p><span style=\"font-weight: 400;\">O primeiro leil\u00e3o de 2026 do Detran-MS, sob responsabilidade do leiloeiro Carlos Ferrari, de ve\u00edculos de circula\u00e7\u00e3o, sucatas aproveit\u00e1veis e sucatas inserv\u00edveis, foi aberto na quarta-feira, 21 de janeiro, \u00e0s 9h (hor\u00e1rio de Mato Grosso do Sul), e segue at\u00e9 o dia 5 de fevereiro, \u00e0s 9h30 (hor\u00e1rio de Mato Grosso do Sul).<\/span><\/p>\n<p><span style=\"font-weight: 400;\">No total, s\u00e3o ofertados 147 lotes de motocicletas e autom\u00f3veis, al\u00e9m de um lote com material ferroso. Os ve\u00edculos foram apreendidos e recolhidos em 10 munic\u00edpios de Mato Grosso do Sul, e os propriet\u00e1rios n\u00e3o efetuaram a retirada dos bens dos p\u00e1tios.<\/span><\/p>\n<p><span style=\"font-weight: 400;\">Os lances podem ser realizados pelo site<\/span> <span style=\"color: #0000ff;\"><span style=\"font-weight: 400;\">www.carloferrarileiloes.com.br<\/span><\/span><span style=\"font-weight: 400;\">. A visita\u00e7\u00e3o aos lotes poder\u00e1 ser feita nos dias 2, 3 e 4 de fevereiro, no p\u00e1tio da Autotran, localizado na Avenida Gerval Bernardino de Souza, n\u00ba 644, no bairro Rita Vieira, das 8h \u00e0s 11h e das 13h30 \u00e0s 16h30.<\/span><\/p>\n<p><span style=\"font-weight: 400;\">Na categoria Circula\u00e7\u00e3o, estar\u00e3o dispon\u00edveis 108 lotes, sendo 78 motocicletas e 30 autom\u00f3veis. Entre os ve\u00edculos ofertados est\u00e3o um VW\/Up 2014\/2015, na cor vermelha, com lance inicial de R$ 8.653,00, e uma Honda CG 2021\/2022, tamb\u00e9m na cor vermelha, com lance inicial de R$ 3.702,00. Qualquer pessoa f\u00edsica ou jur\u00eddica pode ofertar lances nessa categoria.<\/span><\/p>\n<p><span style=\"font-weight: 400;\">J\u00e1 na categoria Sucatas Aproveit\u00e1veis, apenas pessoas jur\u00eddicas devidamente credenciadas em qualquer Detran do pa\u00eds podem ofertar lances nos 39 lotes, que somam 59 motocicletas e 27 autom\u00f3veis.<\/span><\/p>\n<p><span style=\"font-weight: 400;\">O lote \u00fanico de Sucatas Inserv\u00edveis conta com 17 motocicletas e 7 autom\u00f3veis, totalizando aproximadamente 16.830 kg de material ferroso. Podem participar apenas pessoas jur\u00eddicas que atuem nos ramos de siderurgia, fundi\u00e7\u00e3o ou reciclagem, devidamente credenciadas no Detran-MS.<\/span><\/p>\n<p><i><span style=\"font-weight: 400;\">Rodrigo Maia<\/span><\/i><b><i>, <\/i><\/b><i><span style=\"font-weight: 400;\">Comunica\u00e7\u00e3o Detran-MS<\/span><\/i><\/p>\n<\/div>\n","protected":false},"excerpt":{"rendered":"<p>O primeiro leil\u00e3o de 2026 do Detran-MS, sob responsabilidade do leiloeiro Carlos Ferrari, de ve\u00edculos de circula\u00e7\u00e3o, sucatas aproveit\u00e1veis e sucatas inserv\u00edveis, foi aberto na quarta-feira, 21 de janeiro, \u00e0s 9h (hor\u00e1rio de Mato Grosso do Sul), e segue at\u00e9 o dia 5 de fevereiro, \u00e0s 9h30 (hor\u00e1rio de Mato Grosso do Sul). No total, &hellip;<\/p>\n","protected":false},"author":1,"featured_media":0,"comment_status":"open","ping_status":"open","sticky":false,"template":"","format":"standard","meta":{"_jetpack_memberships_contains_paid_content":false,"footnotes":""},"categories":[12410],"tags":[],"class_list":["post-454765","post","type-post","status-publish","format-standard","hentry","category-ms"],"yoast_head":"<!-- This site is optimized with the Yoast SEO plugin v27.4 - https:\/\/yoast.com\/product\/yoast-seo-wordpress\/ -->\n<title>Aberto o primeiro leil\u00e3o do ano do Detran-MS com VW\/Up 2015 e Honda CG \u2013 Ag\u00eancia de Noticias do Governo de Mato Grosso do Sul<\/title>\n<meta name=\"robots\" content=\"index, follow, max-snippet:-1, max-image-preview:large, max-video-preview:-1\" \/>\n<link rel=\"canonical\" href=\"https:\/\/mrnews.com.br\/index.php\/2026\/01\/24\/aberto-o-primeiro-leilao-do-ano-do-detran-ms-com-vw-up-2015-e-honda-cg-agencia-de-noticias-do-governo-de-mato-grosso-do-sul\/\" \/>\n<meta property=\"og:locale\" content=\"pt_BR\" \/>\n<meta property=\"og:type\" content=\"article\" \/>\n<meta property=\"og:title\" content=\"Aberto o primeiro leil\u00e3o do ano do Detran-MS com VW\/Up 2015 e Honda CG \u2013 Ag\u00eancia de Noticias do Governo de Mato Grosso do Sul\" \/>\n<meta property=\"og:description\" content=\"O primeiro leil\u00e3o de 2026 do Detran-MS, sob responsabilidade do leiloeiro Carlos Ferrari, de ve\u00edculos de circula\u00e7\u00e3o, sucatas aproveit\u00e1veis e sucatas inserv\u00edveis, foi aberto na quarta-feira, 21 de janeiro, \u00e0s 9h (hor\u00e1rio de Mato Grosso do Sul), e segue at\u00e9 o dia 5 de fevereiro, \u00e0s 9h30 (hor\u00e1rio de Mato Grosso do Sul). No total, &hellip;\" \/>\n<meta property=\"og:url\" content=\"https:\/\/mrnews.com.br\/index.php\/2026\/01\/24\/aberto-o-primeiro-leilao-do-ano-do-detran-ms-com-vw-up-2015-e-honda-cg-agencia-de-noticias-do-governo-de-mato-grosso-do-sul\/\" \/>\n<meta property=\"og:site_name\" content=\"MRNews\" \/>\n<meta property=\"article:publisher\" content=\"https:\/\/www.facebook.com\/eaipahpah\/?locale2=pt_BR\" \/>\n<meta property=\"article:published_time\" content=\"2026-01-24T14:13:35+00:00\" \/>\n<meta name=\"author\" content=\"MR News\" \/>\n<meta name=\"twitter:card\" content=\"summary_large_image\" \/>\n<meta name=\"twitter:creator\" content=\"@conspirou\" \/>\n<meta name=\"twitter:site\" content=\"@conspirou\" \/>\n<meta name=\"twitter:label1\" content=\"Escrito por\" \/>\n\t<meta name=\"twitter:data1\" content=\"MR News\" \/>\n\t<meta name=\"twitter:label2\" content=\"Est. tempo de leitura\" \/>\n\t<meta name=\"twitter:data2\" content=\"1 minuto\" \/>\n<script type=\"application\/ld+json\" class=\"yoast-schema-graph\">{\"@context\":\"https:\\\/\\\/schema.org\",\"@graph\":[{\"@type\":\"Article\",\"@id\":\"https:\\\/\\\/mrnews.com.br\\\/index.php\\\/2026\\\/01\\\/24\\\/aberto-o-primeiro-leilao-do-ano-do-detran-ms-com-vw-up-2015-e-honda-cg-agencia-de-noticias-do-governo-de-mato-grosso-do-sul\\\/#article\",\"isPartOf\":{\"@id\":\"https:\\\/\\\/mrnews.com.br\\\/index.php\\\/2026\\\/01\\\/24\\\/aberto-o-primeiro-leilao-do-ano-do-detran-ms-com-vw-up-2015-e-honda-cg-agencia-de-noticias-do-governo-de-mato-grosso-do-sul\\\/\"},\"author\":{\"name\":\"MR News\",\"@id\":\"https:\\\/\\\/mrnews.com.br\\\/#\\\/schema\\\/person\\\/be3203154562a9f207407861cef7827b\"},\"headline\":\"Aberto o primeiro leil\u00e3o do ano do Detran-MS com VW\\\/Up 2015 e Honda CG \u2013 Ag\u00eancia de Noticias do Governo de Mato Grosso do Sul\",\"datePublished\":\"2026-01-24T14:13:35+00:00\",\"mainEntityOfPage\":{\"@id\":\"https:\\\/\\\/mrnews.com.br\\\/index.php\\\/2026\\\/01\\\/24\\\/aberto-o-primeiro-leilao-do-ano-do-detran-ms-com-vw-up-2015-e-honda-cg-agencia-de-noticias-do-governo-de-mato-grosso-do-sul\\\/\"},\"wordCount\":312,\"commentCount\":0,\"publisher\":{\"@id\":\"https:\\\/\\\/mrnews.com.br\\\/#organization\"},\"articleSection\":[\"Mato Grosso do Sul\"],\"inLanguage\":\"pt-BR\",\"potentialAction\":[{\"@type\":\"CommentAction\",\"name\":\"Comment\",\"target\":[\"https:\\\/\\\/mrnews.com.br\\\/index.php\\\/2026\\\/01\\\/24\\\/aberto-o-primeiro-leilao-do-ano-do-detran-ms-com-vw-up-2015-e-honda-cg-agencia-de-noticias-do-governo-de-mato-grosso-do-sul\\\/#respond\"]}]},{\"@type\":\"WebPage\",\"@id\":\"https:\\\/\\\/mrnews.com.br\\\/index.php\\\/2026\\\/01\\\/24\\\/aberto-o-primeiro-leilao-do-ano-do-detran-ms-com-vw-up-2015-e-honda-cg-agencia-de-noticias-do-governo-de-mato-grosso-do-sul\\\/\",\"url\":\"https:\\\/\\\/mrnews.com.br\\\/index.php\\\/2026\\\/01\\\/24\\\/aberto-o-primeiro-leilao-do-ano-do-detran-ms-com-vw-up-2015-e-honda-cg-agencia-de-noticias-do-governo-de-mato-grosso-do-sul\\\/\",\"name\":\"Aberto o primeiro leil\u00e3o do ano do Detran-MS com VW\\\/Up 2015 e Honda CG \u2013 Ag\u00eancia de Noticias do Governo de Mato Grosso do Sul\",\"isPartOf\":{\"@id\":\"https:\\\/\\\/mrnews.com.br\\\/#website\"},\"datePublished\":\"2026-01-24T14:13:35+00:00\",\"breadcrumb\":{\"@id\":\"https:\\\/\\\/mrnews.com.br\\\/index.php\\\/2026\\\/01\\\/24\\\/aberto-o-primeiro-leilao-do-ano-do-detran-ms-com-vw-up-2015-e-honda-cg-agencia-de-noticias-do-governo-de-mato-grosso-do-sul\\\/#breadcrumb\"},\"inLanguage\":\"pt-BR\",\"potentialAction\":[{\"@type\":\"ReadAction\",\"target\":[\"https:\\\/\\\/mrnews.com.br\\\/index.php\\\/2026\\\/01\\\/24\\\/aberto-o-primeiro-leilao-do-ano-do-detran-ms-com-vw-up-2015-e-honda-cg-agencia-de-noticias-do-governo-de-mato-grosso-do-sul\\\/\"]}]},{\"@type\":\"BreadcrumbList\",\"@id\":\"https:\\\/\\\/mrnews.com.br\\\/index.php\\\/2026\\\/01\\\/24\\\/aberto-o-primeiro-leilao-do-ano-do-detran-ms-com-vw-up-2015-e-honda-cg-agencia-de-noticias-do-governo-de-mato-grosso-do-sul\\\/#breadcrumb\",\"itemListElement\":[{\"@type\":\"ListItem\",\"position\":1,\"name\":\"In\u00edcio\",\"item\":\"https:\\\/\\\/mrnews.com.br\\\/\"},{\"@type\":\"ListItem\",\"position\":2,\"name\":\"Aberto o primeiro leil\u00e3o do ano do Detran-MS com VW\\\/Up 2015 e Honda CG \u2013 Ag\u00eancia de Noticias do Governo de Mato Grosso do Sul\"}]},{\"@type\":\"WebSite\",\"@id\":\"https:\\\/\\\/mrnews.com.br\\\/#website\",\"url\":\"https:\\\/\\\/mrnews.com.br\\\/\",\"name\":\"MRNews\",\"description\":\"MRNews Jogos de hoje da TV, transmiss\u00f5es ao vivo, Not\u00edcias de futebol, Jogos ao vivo, Lives, resumo de novelas, Programa\u00e7\u00e3o da Globo, A Fazenda e BBB\",\"publisher\":{\"@id\":\"https:\\\/\\\/mrnews.com.br\\\/#organization\"},\"potentialAction\":[{\"@type\":\"SearchAction\",\"target\":{\"@type\":\"EntryPoint\",\"urlTemplate\":\"https:\\\/\\\/mrnews.com.br\\\/?s={search_term_string}\"},\"query-input\":{\"@type\":\"PropertyValueSpecification\",\"valueRequired\":true,\"valueName\":\"search_term_string\"}}],\"inLanguage\":\"pt-BR\"},{\"@type\":\"Organization\",\"@id\":\"https:\\\/\\\/mrnews.com.br\\\/#organization\",\"name\":\"MRNews\",\"url\":\"https:\\\/\\\/mrnews.com.br\\\/\",\"logo\":{\"@type\":\"ImageObject\",\"inLanguage\":\"pt-BR\",\"@id\":\"https:\\\/\\\/mrnews.com.br\\\/#\\\/schema\\\/logo\\\/image\\\/\",\"url\":\"https:\\\/\\\/mrnews.com.br\\\/wp-content\\\/uploads\\\/2019\\\/06\\\/MRNewslogo2.png\",\"contentUrl\":\"https:\\\/\\\/mrnews.com.br\\\/wp-content\\\/uploads\\\/2019\\\/06\\\/MRNewslogo2.png\",\"width\":223,\"height\":58,\"caption\":\"MRNews\"},\"image\":{\"@id\":\"https:\\\/\\\/mrnews.com.br\\\/#\\\/schema\\\/logo\\\/image\\\/\"},\"sameAs\":[\"https:\\\/\\\/www.facebook.com\\\/eaipahpah\\\/?locale2=pt_BR\",\"https:\\\/\\\/x.com\\\/conspirou\",\"https:\\\/\\\/www.instagram.com\\\/eai_pahpah\",\"https:\\\/\\\/br.pinterest.com\\\/mrnewsn\\\/boards\\\/\",\"https:\\\/\\\/www.youtube.com\\\/channel\\\/UCacgnpznQ61fifLWr1tQ-vA?view_as=subscriber\"]},{\"@type\":\"Person\",\"@id\":\"https:\\\/\\\/mrnews.com.br\\\/#\\\/schema\\\/person\\\/be3203154562a9f207407861cef7827b\",\"name\":\"MR News\",\"image\":{\"@type\":\"ImageObject\",\"inLanguage\":\"pt-BR\",\"@id\":\"https:\\\/\\\/secure.gravatar.com\\\/avatar\\\/04084e6d73c042b8646e7c17b494073bf0ede3ea13c7105cfc45cbbbc28385a4?s=96&d=monsterid&r=g\",\"url\":\"https:\\\/\\\/secure.gravatar.com\\\/avatar\\\/04084e6d73c042b8646e7c17b494073bf0ede3ea13c7105cfc45cbbbc28385a4?s=96&d=monsterid&r=g\",\"contentUrl\":\"https:\\\/\\\/secure.gravatar.com\\\/avatar\\\/04084e6d73c042b8646e7c17b494073bf0ede3ea13c7105cfc45cbbbc28385a4?s=96&d=monsterid&r=g\",\"caption\":\"MR News\"},\"description\":\"Especializado em jornalismo colaborativo pela FTP em n\u00edvel de p\u00f3s-gradua\u00e7\u00e3o. suporte@oimeliga.combr\",\"sameAs\":[\"HUGO R.\",\"Admin\"],\"url\":\"https:\\\/\\\/mrnews.com.br\\\/index.php\\\/author\\\/admin\\\/\"}]}<\/script>\n<!-- \/ Yoast SEO plugin. -->","yoast_head_json":{"title":"Aberto o primeiro leil\u00e3o do ano do Detran-MS com VW\/Up 2015 e Honda CG \u2013 Ag\u00eancia de Noticias do Governo de Mato Grosso do Sul","robots":{"index":"index","follow":"follow","max-snippet":"max-snippet:-1","max-image-preview":"max-image-preview:large","max-video-preview":"max-video-preview:-1"},"canonical":"https:\/\/mrnews.com.br\/index.php\/2026\/01\/24\/aberto-o-primeiro-leilao-do-ano-do-detran-ms-com-vw-up-2015-e-honda-cg-agencia-de-noticias-do-governo-de-mato-grosso-do-sul\/","og_locale":"pt_BR","og_type":"article","og_title":"Aberto o primeiro leil\u00e3o do ano do Detran-MS com VW\/Up 2015 e Honda CG \u2013 Ag\u00eancia de Noticias do Governo de Mato Grosso do Sul","og_description":"O primeiro leil\u00e3o de 2026 do Detran-MS, sob responsabilidade do leiloeiro Carlos Ferrari, de ve\u00edculos de circula\u00e7\u00e3o, sucatas aproveit\u00e1veis e sucatas inserv\u00edveis, foi aberto na quarta-feira, 21 de janeiro, \u00e0s 9h (hor\u00e1rio de Mato Grosso do Sul), e segue at\u00e9 o dia 5 de fevereiro, \u00e0s 9h30 (hor\u00e1rio de Mato Grosso do Sul). No total, &hellip;","og_url":"https:\/\/mrnews.com.br\/index.php\/2026\/01\/24\/aberto-o-primeiro-leilao-do-ano-do-detran-ms-com-vw-up-2015-e-honda-cg-agencia-de-noticias-do-governo-de-mato-grosso-do-sul\/","og_site_name":"MRNews","article_publisher":"https:\/\/www.facebook.com\/eaipahpah\/?locale2=pt_BR","article_published_time":"2026-01-24T14:13:35+00:00","author":"MR News","twitter_card":"summary_large_image","twitter_creator":"@conspirou","twitter_site":"@conspirou","twitter_misc":{"Escrito por":"MR News","Est. tempo de leitura":"1 minuto"},"schema":{"@context":"https:\/\/schema.org","@graph":[{"@type":"Article","@id":"https:\/\/mrnews.com.br\/index.php\/2026\/01\/24\/aberto-o-primeiro-leilao-do-ano-do-detran-ms-com-vw-up-2015-e-honda-cg-agencia-de-noticias-do-governo-de-mato-grosso-do-sul\/#article","isPartOf":{"@id":"https:\/\/mrnews.com.br\/index.php\/2026\/01\/24\/aberto-o-primeiro-leilao-do-ano-do-detran-ms-com-vw-up-2015-e-honda-cg-agencia-de-noticias-do-governo-de-mato-grosso-do-sul\/"},"author":{"name":"MR News","@id":"https:\/\/mrnews.com.br\/#\/schema\/person\/be3203154562a9f207407861cef7827b"},"headline":"Aberto o primeiro leil\u00e3o do ano do Detran-MS com VW\/Up 2015 e Honda CG \u2013 Ag\u00eancia de Noticias do Governo de Mato Grosso do Sul","datePublished":"2026-01-24T14:13:35+00:00","mainEntityOfPage":{"@id":"https:\/\/mrnews.com.br\/index.php\/2026\/01\/24\/aberto-o-primeiro-leilao-do-ano-do-detran-ms-com-vw-up-2015-e-honda-cg-agencia-de-noticias-do-governo-de-mato-grosso-do-sul\/"},"wordCount":312,"commentCount":0,"publisher":{"@id":"https:\/\/mrnews.com.br\/#organization"},"articleSection":["Mato Grosso do Sul"],"inLanguage":"pt-BR","potentialAction":[{"@type":"CommentAction","name":"Comment","target":["https:\/\/mrnews.com.br\/index.php\/2026\/01\/24\/aberto-o-primeiro-leilao-do-ano-do-detran-ms-com-vw-up-2015-e-honda-cg-agencia-de-noticias-do-governo-de-mato-grosso-do-sul\/#respond"]}]},{"@type":"WebPage","@id":"https:\/\/mrnews.com.br\/index.php\/2026\/01\/24\/aberto-o-primeiro-leilao-do-ano-do-detran-ms-com-vw-up-2015-e-honda-cg-agencia-de-noticias-do-governo-de-mato-grosso-do-sul\/","url":"https:\/\/mrnews.com.br\/index.php\/2026\/01\/24\/aberto-o-primeiro-leilao-do-ano-do-detran-ms-com-vw-up-2015-e-honda-cg-agencia-de-noticias-do-governo-de-mato-grosso-do-sul\/","name":"Aberto o primeiro leil\u00e3o do ano do Detran-MS com VW\/Up 2015 e Honda CG \u2013 Ag\u00eancia de Noticias do Governo de Mato Grosso do Sul","isPartOf":{"@id":"https:\/\/mrnews.com.br\/#website"},"datePublished":"2026-01-24T14:13:35+00:00","breadcrumb":{"@id":"https:\/\/mrnews.com.br\/index.php\/2026\/01\/24\/aberto-o-primeiro-leilao-do-ano-do-detran-ms-com-vw-up-2015-e-honda-cg-agencia-de-noticias-do-governo-de-mato-grosso-do-sul\/#breadcrumb"},"inLanguage":"pt-BR","potentialAction":[{"@type":"ReadAction","target":["https:\/\/mrnews.com.br\/index.php\/2026\/01\/24\/aberto-o-primeiro-leilao-do-ano-do-detran-ms-com-vw-up-2015-e-honda-cg-agencia-de-noticias-do-governo-de-mato-grosso-do-sul\/"]}]},{"@type":"BreadcrumbList","@id":"https:\/\/mrnews.com.br\/index.php\/2026\/01\/24\/aberto-o-primeiro-leilao-do-ano-do-detran-ms-com-vw-up-2015-e-honda-cg-agencia-de-noticias-do-governo-de-mato-grosso-do-sul\/#breadcrumb","itemListElement":[{"@type":"ListItem","position":1,"name":"In\u00edcio","item":"https:\/\/mrnews.com.br\/"},{"@type":"ListItem","position":2,"name":"Aberto o primeiro leil\u00e3o do ano do Detran-MS com VW\/Up 2015 e Honda CG \u2013 Ag\u00eancia de Noticias do Governo de Mato Grosso do Sul"}]},{"@type":"WebSite","@id":"https:\/\/mrnews.com.br\/#website","url":"https:\/\/mrnews.com.br\/","name":"MRNews","description":"MRNews Jogos de hoje da TV, transmiss\u00f5es ao vivo, Not\u00edcias de futebol, Jogos ao vivo, Lives, resumo de novelas, Programa\u00e7\u00e3o da Globo, A Fazenda e BBB","publisher":{"@id":"https:\/\/mrnews.com.br\/#organization"},"potentialAction":[{"@type":"SearchAction","target":{"@type":"EntryPoint","urlTemplate":"https:\/\/mrnews.com.br\/?s={search_term_string}"},"query-input":{"@type":"PropertyValueSpecification","valueRequired":true,"valueName":"search_term_string"}}],"inLanguage":"pt-BR"},{"@type":"Organization","@id":"https:\/\/mrnews.com.br\/#organization","name":"MRNews","url":"https:\/\/mrnews.com.br\/","logo":{"@type":"ImageObject","inLanguage":"pt-BR","@id":"https:\/\/mrnews.com.br\/#\/schema\/logo\/image\/","url":"https:\/\/mrnews.com.br\/wp-content\/uploads\/2019\/06\/MRNewslogo2.png","contentUrl":"https:\/\/mrnews.com.br\/wp-content\/uploads\/2019\/06\/MRNewslogo2.png","width":223,"height":58,"caption":"MRNews"},"image":{"@id":"https:\/\/mrnews.com.br\/#\/schema\/logo\/image\/"},"sameAs":["https:\/\/www.facebook.com\/eaipahpah\/?locale2=pt_BR","https:\/\/x.com\/conspirou","https:\/\/www.instagram.com\/eai_pahpah","https:\/\/br.pinterest.com\/mrnewsn\/boards\/","https:\/\/www.youtube.com\/channel\/UCacgnpznQ61fifLWr1tQ-vA?view_as=subscriber"]},{"@type":"Person","@id":"https:\/\/mrnews.com.br\/#\/schema\/person\/be3203154562a9f207407861cef7827b","name":"MR News","image":{"@type":"ImageObject","inLanguage":"pt-BR","@id":"https:\/\/secure.gravatar.com\/avatar\/04084e6d73c042b8646e7c17b494073bf0ede3ea13c7105cfc45cbbbc28385a4?s=96&d=monsterid&r=g","url":"https:\/\/secure.gravatar.com\/avatar\/04084e6d73c042b8646e7c17b494073bf0ede3ea13c7105cfc45cbbbc28385a4?s=96&d=monsterid&r=g","contentUrl":"https:\/\/secure.gravatar.com\/avatar\/04084e6d73c042b8646e7c17b494073bf0ede3ea13c7105cfc45cbbbc28385a4?s=96&d=monsterid&r=g","caption":"MR News"},"description":"Especializado em jornalismo colaborativo pela FTP em n\u00edvel de p\u00f3s-gradua\u00e7\u00e3o. suporte@oimeliga.combr","sameAs":["HUGO R.","Admin"],"url":"https:\/\/mrnews.com.br\/index.php\/author\/admin\/"}]}},"jetpack_featured_media_url":"","jetpack_sharing_enabled":true,"jetpack_shortlink":"https:\/\/wp.me\/pa2Qf7-1UiV","amp_enabled":true,"_links":{"self":[{"href":"https:\/\/mrnews.com.br\/index.php\/wp-json\/wp\/v2\/posts\/454765","targetHints":{"allow":["GET"]}}],"collection":[{"href":"https:\/\/mrnews.com.br\/index.php\/wp-json\/wp\/v2\/posts"}],"about":[{"href":"https:\/\/mrnews.com.br\/index.php\/wp-json\/wp\/v2\/types\/post"}],"author":[{"embeddable":true,"href":"https:\/\/mrnews.com.br\/index.php\/wp-json\/wp\/v2\/users\/1"}],"replies":[{"embeddable":true,"href":"https:\/\/mrnews.com.br\/index.php\/wp-json\/wp\/v2\/comments?post=454765"}],"version-history":[{"count":0,"href":"https:\/\/mrnews.com.br\/index.php\/wp-json\/wp\/v2\/posts\/454765\/revisions"}],"wp:attachment":[{"href":"https:\/\/mrnews.com.br\/index.php\/wp-json\/wp\/v2\/media?parent=454765"}],"wp:term":[{"taxonomy":"category","embeddable":true,"href":"https:\/\/mrnews.com.br\/index.php\/wp-json\/wp\/v2\/categories?post=454765"},{"taxonomy":"post_tag","embeddable":true,"href":"https:\/\/mrnews.com.br\/index.php\/wp-json\/wp\/v2\/tags?post=454765"}],"curies":[{"name":"wp","href":"https:\/\/api.w.org\/{rel}","templated":true}]}}