{"id":454782,"date":"2026-01-24T17:02:40","date_gmt":"2026-01-24T20:02:40","guid":{"rendered":"https:\/\/mrnews.com.br\/index.php\/2026\/01\/24\/agentes-do-ice-matam-homem-durante-protesto-em-minneapolis-nos-eua\/"},"modified":"2026-01-24T17:02:40","modified_gmt":"2026-01-24T20:02:40","slug":"agentes-do-ice-matam-homem-durante-protesto-em-minneapolis-nos-eua","status":"publish","type":"post","link":"https:\/\/mrnews.com.br\/index.php\/2026\/01\/24\/agentes-do-ice-matam-homem-durante-protesto-em-minneapolis-nos-eua\/","title":{"rendered":"Agentes do ICE matam homem durante protesto em Minneapolis, nos EUA"},"content":{"rendered":"<p>Por EBC, <\/p>\n<div>\n<p><strong>Um homem baleado por um agente do Servi\u00e7o de Imigra\u00e7\u00e3o e Alf\u00e2ndega dos Estados Unidos (ICE) morreu neste s\u00e1bado (24) em Minneapolis, ap\u00f3s ser levado ao hospital. Segundo autoridades locais, a v\u00edtima tinha 37 anos, morava na cidade e seria cidad\u00e3o norte-americano. O caso ocorre em meio a protestos contra opera\u00e7\u00f5es federais de imigra\u00e7\u00e3o no estado de Minnesota.<\/strong><\/p>\n<p>O governador Tim Walz classificou o epis\u00f3dio como \u201catroz\u201d e afirmou ter cobrado da Casa Branca o fim imediato das a\u00e7\u00f5es federais no estado.<\/p>\n<blockquote>\n<p>\u201cMinnesota n\u00e3o aguenta mais. Isso \u00e9 repugnante\u201d, escreveu o governador nas redes sociais.<\/p>\n<\/blockquote>\n<p>De acordo com o Departamento de Seguran\u00e7a Interna dos EUA, o homem estava armado com uma pistola semiautom\u00e1tica e dois carregadores e teria reagido de forma violenta durante uma \u201copera\u00e7\u00e3o direcionada\u201d para localizar um imigrante em situa\u00e7\u00e3o irregular. Segundo o \u00f3rg\u00e3o, um agente atirou ap\u00f3s temer pela pr\u00f3pria vida.<\/p>\n<p>V\u00eddeos n\u00e3o confirmados que circulam nas redes sociais mostram agentes com coletes identificados como \u201cPol\u00edcia\u201d imobilizando uma pessoa no ch\u00e3o antes dos disparos. O chefe de pol\u00edcia de Minneapolis, Brian O\u2019Hara, informou que o caso foi comunicado \u00e0 corpora\u00e7\u00e3o por volta das 9h (hor\u00e1rio local) e que a v\u00edtima possu\u00eda, ao que tudo indica, porte legal de arma, permitido pela legisla\u00e7\u00e3o do estado.<\/p>\n<p>Autoridades democratas e o prefeito da cidade, Jacob Frey, criticaram duramente a opera\u00e7\u00e3o federal. <strong>Minneapolis vive clima de tens\u00e3o desde o in\u00edcio do m\u00eas, quando outra a\u00e7\u00e3o do ICE resultou na morte de Renee Good, cidad\u00e3 estadunidense de 37 anos, epis\u00f3dio que tamb\u00e9m provocou protestos e investiga\u00e7\u00f5es em andamento.<\/strong><\/p>\n<p>Em postagens nas redes sociais, o presidente Donald Trump responsabilizou os policiais locais pelo tiroteio, elogiou agentes do ICE como \u201cpatriotas\u201d e acusou o governador de Minnesota e o prefeito de Minneapolis de provocarem uma \u201cinsurrei\u00e7\u00e3o\u201d. Trump tamb\u00e9m compartilhou uma foto de uma arma atribu\u00edda ao homem morto e, em seguida, alegou que as autoridades estaduais estariam encobrindo os fatos para enganar o governo federal.<\/p>\n<h2>Na\u00e7\u00f5es Unidas<\/h2>\n<p>O alto comiss\u00e1rio da Organiza\u00e7\u00e3o das Na\u00e7\u00f5es Unidas (ONU) para os Direitos Humanos, Volker T\u00fcrk, pediu que o governo do presidente Donald Trump seja investigado por poss\u00edveis viola\u00e7\u00f5es de direitos humanos no tratamento dado a imigrantes e refugiados. Segundo ele, pol\u00edticas migrat\u00f3rias recentes t\u00eam resultado em \u201cabusos rotineiros\u201d, pris\u00f5es arbitr\u00e1rias e pr\u00e1ticas que estariam \u201cdestruindo fam\u00edlias\u201d.<\/p>\n<p>Em comunicado emitido na sexta-feira (23), T\u00fcrk afirmou estar \u201cestarrecido\u201d com o que classificou como deten\u00e7\u00f5es violentas e ilegais realizadas por autoridades norte-americanas, muitas vezes baseadas apenas na suspeita de que indiv\u00edduos sejam imigrantes sem documenta\u00e7\u00e3o. De acordo com o alto comiss\u00e1rio, opera\u00e7\u00f5es de fiscaliza\u00e7\u00e3o t\u00eam ocorrido em locais sens\u00edveis, como hospitais, igrejas, escolas, tribunais e resid\u00eancias.<\/p>\n<blockquote>\n<p>\u201cIndiv\u00edduos est\u00e3o sendo vigiados e detidos, \u00e0s vezes de forma violenta, frequentemente apenas sob a mera suspeita de serem migrantes indocumentados\u201d, declarou.<\/p>\n<\/blockquote>\n<p>Ele tamb\u00e9m criticou o que chamou de representa\u00e7\u00e3o \u201cdesumanizante\u201d de migrantes e refugiados que, segundo a ONU, aumenta a exposi\u00e7\u00e3o desse grupo \u00e0 hostilidade xenof\u00f3bica e a abusos.<\/p>\n<p><strong>Um dos casos citados ocorreu na ter\u00e7a-feira (20), em Minneapolis, quando um menino de cinco anos foi detido junto com o pai por agentes de imigra\u00e7\u00e3o. <\/strong>Segundo autoridades educacionais locais, a crian\u00e7a teria sido usada como \u201cisca\u201d para tentar localizar outros imigrantes em uma resid\u00eancia. Ambos foram levados para um centro de deten\u00e7\u00e3o no Texas, de acordo com o advogado da fam\u00edlia.<\/p>\n<h2>For\u00e7a desproporcional<\/h2>\n<p>T\u00fcrk tamb\u00e9m manifestou preocupa\u00e7\u00e3o com o uso do que considera for\u00e7a desnecess\u00e1ria ou desproporcional durante as opera\u00e7\u00f5es. Ele ressaltou que, segundo o direito internacional, o uso intencional de for\u00e7a letal s\u00f3 \u00e9 permitido como \u00faltimo recurso, quando h\u00e1 amea\u00e7a iminente \u00e0 vida.<\/p>\n<p>As a\u00e7\u00f5es do Servi\u00e7o de Imigra\u00e7\u00e3o e Controle de Alf\u00e2ndegas dos EUA (ICE) se intensificaram nos \u00faltimos meses e mobilizaram milhares de agentes federais para opera\u00e7\u00f5es em grandes cidades. Minneapolis vive uma onda crescente de protestos desde a morte de Renee Good, baleada por um agente de imigra\u00e7\u00e3o em janeiro, epis\u00f3dio que gerou protestos e cr\u00edticas de autoridades locais.<\/p>\n<p>\u00a0<\/p>\n<div class=\"dnd-widget-wrapper context-cheio_8colunas type-image\">\n<div class=\"dnd-atom-rendered\"><!-- scald=449949:cheio_8colunas --><\/p>\n<p>    <!-- END scald=449949 --><\/div>\n<div class=\"dnd-caption-wrapper\">\n<p><!--copyright=449949-->Cartaz com a foto de\u00a0 Renee Nicole Good empunhado durante protestos pergunta: &#8220;Qual de n\u00f3s eles v\u00e3o matar a seguir?&#8221;\u00a0 &#8211; <strong>Reuters\/Tim Evans\/Proibida reprodu\u00e7\u00e3o<\/strong><!--END copyright=449949--><\/p>\n<\/div>\n<\/div>\n<h2>Falta de assist\u00eancia jur\u00eddica<\/h2>\n<p>Outro ponto destacado foi a falta de acesso oportuno \u00e0 assist\u00eancia jur\u00eddica por parte de pessoas detidas e a aus\u00eancia de avalia\u00e7\u00f5es individualizadas nos processos de pris\u00e3o e deporta\u00e7\u00e3o. Segundo a ONU, muitas a\u00e7\u00f5es n\u00e3o consideram a preserva\u00e7\u00e3o da unidade familiar, o que exp\u00f5e especialmente crian\u00e7as a riscos graves e duradouros.<\/p>\n<p>O alto comiss\u00e1rio pediu ainda uma investiga\u00e7\u00e3o independente e transparente sobre o aumento no n\u00famero de mortes sob cust\u00f3dia do ICE. De acordo com dados citados por ele, ao menos 30 mortes foram registradas em 2025 e outras seis neste ano.<\/p>\n<p>\u201cOs Estados Unidos t\u00eam o direito de definir suas pol\u00edticas migrat\u00f3rias, mas isso deve ser feito em plena conformidade com o direito internacional e o devido processo legal\u201d, afirmou T\u00fcrk. Ele pediu que Washington encerre pr\u00e1ticas que, segundo a ONU, violam direitos fundamentais e corroem a confian\u00e7a p\u00fablica.<\/p>\n<p><em>*texto atualizado \u00e0s 16h38 para acr\u00e9scimo de informa\u00e7\u00f5es<\/em><\/p>\n<p>      <!-- Relacionada --><\/p>\n<p>            <!-- Relacionada -->\n    <\/div>\n","protected":false},"excerpt":{"rendered":"<p>Por EBC, Um homem baleado por um agente do Servi\u00e7o de Imigra\u00e7\u00e3o e Alf\u00e2ndega dos Estados Unidos (ICE) morreu neste s\u00e1bado (24) em Minneapolis, ap\u00f3s ser levado ao hospital. Segundo autoridades locais, a v\u00edtima tinha 37 anos, morava na cidade e seria cidad\u00e3o norte-americano. O caso ocorre em meio a protestos contra opera\u00e7\u00f5es federais de &hellip;<\/p>\n","protected":false},"author":1,"featured_media":0,"comment_status":"open","ping_status":"open","sticky":false,"template":"","format":"standard","meta":{"_jetpack_memberships_contains_paid_content":false,"footnotes":""},"categories":[2,12225,4],"tags":[],"class_list":["post-454782","post","type-post","status-publish","format-standard","hentry","category-entretenimento","category-noticias","category-servicos"],"yoast_head":"<!-- This site is optimized with the Yoast SEO plugin v27.4 - https:\/\/yoast.com\/product\/yoast-seo-wordpress\/ -->\n<title>Agentes do ICE matam homem durante protesto em Minneapolis, nos EUA<\/title>\n<meta name=\"robots\" content=\"index, follow, max-snippet:-1, max-image-preview:large, max-video-preview:-1\" \/>\n<link rel=\"canonical\" href=\"https:\/\/mrnews.com.br\/index.php\/2026\/01\/24\/agentes-do-ice-matam-homem-durante-protesto-em-minneapolis-nos-eua\/\" \/>\n<meta property=\"og:locale\" content=\"pt_BR\" \/>\n<meta property=\"og:type\" content=\"article\" \/>\n<meta property=\"og:title\" content=\"Agentes do ICE matam homem durante protesto em Minneapolis, nos EUA\" \/>\n<meta property=\"og:description\" content=\"Por EBC, Um homem baleado por um agente do Servi\u00e7o de Imigra\u00e7\u00e3o e Alf\u00e2ndega dos Estados Unidos (ICE) morreu neste s\u00e1bado (24) em Minneapolis, ap\u00f3s ser levado ao hospital. Segundo autoridades locais, a v\u00edtima tinha 37 anos, morava na cidade e seria cidad\u00e3o norte-americano. O caso ocorre em meio a protestos contra opera\u00e7\u00f5es federais de &hellip;\" \/>\n<meta property=\"og:url\" content=\"https:\/\/mrnews.com.br\/index.php\/2026\/01\/24\/agentes-do-ice-matam-homem-durante-protesto-em-minneapolis-nos-eua\/\" \/>\n<meta property=\"og:site_name\" content=\"MRNews\" \/>\n<meta property=\"article:publisher\" content=\"https:\/\/www.facebook.com\/eaipahpah\/?locale2=pt_BR\" \/>\n<meta property=\"article:published_time\" content=\"2026-01-24T20:02:40+00:00\" \/>\n<meta name=\"author\" content=\"MR News\" \/>\n<meta name=\"twitter:card\" content=\"summary_large_image\" \/>\n<meta name=\"twitter:creator\" content=\"@conspirou\" \/>\n<meta name=\"twitter:site\" content=\"@conspirou\" \/>\n<meta name=\"twitter:label1\" content=\"Escrito por\" \/>\n\t<meta name=\"twitter:data1\" content=\"MR News\" \/>\n\t<meta name=\"twitter:label2\" content=\"Est. tempo de leitura\" \/>\n\t<meta name=\"twitter:data2\" content=\"5 minutos\" \/>\n<script type=\"application\/ld+json\" class=\"yoast-schema-graph\">{\"@context\":\"https:\\\/\\\/schema.org\",\"@graph\":[{\"@type\":\"Article\",\"@id\":\"https:\\\/\\\/mrnews.com.br\\\/index.php\\\/2026\\\/01\\\/24\\\/agentes-do-ice-matam-homem-durante-protesto-em-minneapolis-nos-eua\\\/#article\",\"isPartOf\":{\"@id\":\"https:\\\/\\\/mrnews.com.br\\\/index.php\\\/2026\\\/01\\\/24\\\/agentes-do-ice-matam-homem-durante-protesto-em-minneapolis-nos-eua\\\/\"},\"author\":{\"name\":\"MR News\",\"@id\":\"https:\\\/\\\/mrnews.com.br\\\/#\\\/schema\\\/person\\\/be3203154562a9f207407861cef7827b\"},\"headline\":\"Agentes do ICE matam homem durante protesto em Minneapolis, nos EUA\",\"datePublished\":\"2026-01-24T20:02:40+00:00\",\"mainEntityOfPage\":{\"@id\":\"https:\\\/\\\/mrnews.com.br\\\/index.php\\\/2026\\\/01\\\/24\\\/agentes-do-ice-matam-homem-durante-protesto-em-minneapolis-nos-eua\\\/\"},\"wordCount\":952,\"commentCount\":0,\"publisher\":{\"@id\":\"https:\\\/\\\/mrnews.com.br\\\/#organization\"},\"articleSection\":[\"ENTRETENIMENTO\",\"NOTICIAS\",\"SERVI\u00c7OS\"],\"inLanguage\":\"pt-BR\",\"potentialAction\":[{\"@type\":\"CommentAction\",\"name\":\"Comment\",\"target\":[\"https:\\\/\\\/mrnews.com.br\\\/index.php\\\/2026\\\/01\\\/24\\\/agentes-do-ice-matam-homem-durante-protesto-em-minneapolis-nos-eua\\\/#respond\"]}]},{\"@type\":\"WebPage\",\"@id\":\"https:\\\/\\\/mrnews.com.br\\\/index.php\\\/2026\\\/01\\\/24\\\/agentes-do-ice-matam-homem-durante-protesto-em-minneapolis-nos-eua\\\/\",\"url\":\"https:\\\/\\\/mrnews.com.br\\\/index.php\\\/2026\\\/01\\\/24\\\/agentes-do-ice-matam-homem-durante-protesto-em-minneapolis-nos-eua\\\/\",\"name\":\"Agentes do ICE matam homem durante protesto em Minneapolis, nos EUA\",\"isPartOf\":{\"@id\":\"https:\\\/\\\/mrnews.com.br\\\/#website\"},\"datePublished\":\"2026-01-24T20:02:40+00:00\",\"breadcrumb\":{\"@id\":\"https:\\\/\\\/mrnews.com.br\\\/index.php\\\/2026\\\/01\\\/24\\\/agentes-do-ice-matam-homem-durante-protesto-em-minneapolis-nos-eua\\\/#breadcrumb\"},\"inLanguage\":\"pt-BR\",\"potentialAction\":[{\"@type\":\"ReadAction\",\"target\":[\"https:\\\/\\\/mrnews.com.br\\\/index.php\\\/2026\\\/01\\\/24\\\/agentes-do-ice-matam-homem-durante-protesto-em-minneapolis-nos-eua\\\/\"]}]},{\"@type\":\"BreadcrumbList\",\"@id\":\"https:\\\/\\\/mrnews.com.br\\\/index.php\\\/2026\\\/01\\\/24\\\/agentes-do-ice-matam-homem-durante-protesto-em-minneapolis-nos-eua\\\/#breadcrumb\",\"itemListElement\":[{\"@type\":\"ListItem\",\"position\":1,\"name\":\"In\u00edcio\",\"item\":\"https:\\\/\\\/mrnews.com.br\\\/\"},{\"@type\":\"ListItem\",\"position\":2,\"name\":\"Agentes do ICE matam homem durante protesto em Minneapolis, nos EUA\"}]},{\"@type\":\"WebSite\",\"@id\":\"https:\\\/\\\/mrnews.com.br\\\/#website\",\"url\":\"https:\\\/\\\/mrnews.com.br\\\/\",\"name\":\"MRNews\",\"description\":\"MRNews Jogos de hoje da TV, transmiss\u00f5es ao vivo, Not\u00edcias de futebol, Jogos ao vivo, Lives, resumo de novelas, Programa\u00e7\u00e3o da Globo, A Fazenda e BBB\",\"publisher\":{\"@id\":\"https:\\\/\\\/mrnews.com.br\\\/#organization\"},\"potentialAction\":[{\"@type\":\"SearchAction\",\"target\":{\"@type\":\"EntryPoint\",\"urlTemplate\":\"https:\\\/\\\/mrnews.com.br\\\/?s={search_term_string}\"},\"query-input\":{\"@type\":\"PropertyValueSpecification\",\"valueRequired\":true,\"valueName\":\"search_term_string\"}}],\"inLanguage\":\"pt-BR\"},{\"@type\":\"Organization\",\"@id\":\"https:\\\/\\\/mrnews.com.br\\\/#organization\",\"name\":\"MRNews\",\"url\":\"https:\\\/\\\/mrnews.com.br\\\/\",\"logo\":{\"@type\":\"ImageObject\",\"inLanguage\":\"pt-BR\",\"@id\":\"https:\\\/\\\/mrnews.com.br\\\/#\\\/schema\\\/logo\\\/image\\\/\",\"url\":\"https:\\\/\\\/mrnews.com.br\\\/wp-content\\\/uploads\\\/2019\\\/06\\\/MRNewslogo2.png\",\"contentUrl\":\"https:\\\/\\\/mrnews.com.br\\\/wp-content\\\/uploads\\\/2019\\\/06\\\/MRNewslogo2.png\",\"width\":223,\"height\":58,\"caption\":\"MRNews\"},\"image\":{\"@id\":\"https:\\\/\\\/mrnews.com.br\\\/#\\\/schema\\\/logo\\\/image\\\/\"},\"sameAs\":[\"https:\\\/\\\/www.facebook.com\\\/eaipahpah\\\/?locale2=pt_BR\",\"https:\\\/\\\/x.com\\\/conspirou\",\"https:\\\/\\\/www.instagram.com\\\/eai_pahpah\",\"https:\\\/\\\/br.pinterest.com\\\/mrnewsn\\\/boards\\\/\",\"https:\\\/\\\/www.youtube.com\\\/channel\\\/UCacgnpznQ61fifLWr1tQ-vA?view_as=subscriber\"]},{\"@type\":\"Person\",\"@id\":\"https:\\\/\\\/mrnews.com.br\\\/#\\\/schema\\\/person\\\/be3203154562a9f207407861cef7827b\",\"name\":\"MR News\",\"image\":{\"@type\":\"ImageObject\",\"inLanguage\":\"pt-BR\",\"@id\":\"https:\\\/\\\/secure.gravatar.com\\\/avatar\\\/04084e6d73c042b8646e7c17b494073bf0ede3ea13c7105cfc45cbbbc28385a4?s=96&d=monsterid&r=g\",\"url\":\"https:\\\/\\\/secure.gravatar.com\\\/avatar\\\/04084e6d73c042b8646e7c17b494073bf0ede3ea13c7105cfc45cbbbc28385a4?s=96&d=monsterid&r=g\",\"contentUrl\":\"https:\\\/\\\/secure.gravatar.com\\\/avatar\\\/04084e6d73c042b8646e7c17b494073bf0ede3ea13c7105cfc45cbbbc28385a4?s=96&d=monsterid&r=g\",\"caption\":\"MR News\"},\"description\":\"Especializado em jornalismo colaborativo pela FTP em n\u00edvel de p\u00f3s-gradua\u00e7\u00e3o. suporte@oimeliga.combr\",\"sameAs\":[\"HUGO R.\",\"Admin\"],\"url\":\"https:\\\/\\\/mrnews.com.br\\\/index.php\\\/author\\\/admin\\\/\"}]}<\/script>\n<!-- \/ Yoast SEO plugin. -->","yoast_head_json":{"title":"Agentes do ICE matam homem durante protesto em Minneapolis, nos EUA","robots":{"index":"index","follow":"follow","max-snippet":"max-snippet:-1","max-image-preview":"max-image-preview:large","max-video-preview":"max-video-preview:-1"},"canonical":"https:\/\/mrnews.com.br\/index.php\/2026\/01\/24\/agentes-do-ice-matam-homem-durante-protesto-em-minneapolis-nos-eua\/","og_locale":"pt_BR","og_type":"article","og_title":"Agentes do ICE matam homem durante protesto em Minneapolis, nos EUA","og_description":"Por EBC, Um homem baleado por um agente do Servi\u00e7o de Imigra\u00e7\u00e3o e Alf\u00e2ndega dos Estados Unidos (ICE) morreu neste s\u00e1bado (24) em Minneapolis, ap\u00f3s ser levado ao hospital. Segundo autoridades locais, a v\u00edtima tinha 37 anos, morava na cidade e seria cidad\u00e3o norte-americano. O caso ocorre em meio a protestos contra opera\u00e7\u00f5es federais de &hellip;","og_url":"https:\/\/mrnews.com.br\/index.php\/2026\/01\/24\/agentes-do-ice-matam-homem-durante-protesto-em-minneapolis-nos-eua\/","og_site_name":"MRNews","article_publisher":"https:\/\/www.facebook.com\/eaipahpah\/?locale2=pt_BR","article_published_time":"2026-01-24T20:02:40+00:00","author":"MR News","twitter_card":"summary_large_image","twitter_creator":"@conspirou","twitter_site":"@conspirou","twitter_misc":{"Escrito por":"MR News","Est. tempo de leitura":"5 minutos"},"schema":{"@context":"https:\/\/schema.org","@graph":[{"@type":"Article","@id":"https:\/\/mrnews.com.br\/index.php\/2026\/01\/24\/agentes-do-ice-matam-homem-durante-protesto-em-minneapolis-nos-eua\/#article","isPartOf":{"@id":"https:\/\/mrnews.com.br\/index.php\/2026\/01\/24\/agentes-do-ice-matam-homem-durante-protesto-em-minneapolis-nos-eua\/"},"author":{"name":"MR News","@id":"https:\/\/mrnews.com.br\/#\/schema\/person\/be3203154562a9f207407861cef7827b"},"headline":"Agentes do ICE matam homem durante protesto em Minneapolis, nos EUA","datePublished":"2026-01-24T20:02:40+00:00","mainEntityOfPage":{"@id":"https:\/\/mrnews.com.br\/index.php\/2026\/01\/24\/agentes-do-ice-matam-homem-durante-protesto-em-minneapolis-nos-eua\/"},"wordCount":952,"commentCount":0,"publisher":{"@id":"https:\/\/mrnews.com.br\/#organization"},"articleSection":["ENTRETENIMENTO","NOTICIAS","SERVI\u00c7OS"],"inLanguage":"pt-BR","potentialAction":[{"@type":"CommentAction","name":"Comment","target":["https:\/\/mrnews.com.br\/index.php\/2026\/01\/24\/agentes-do-ice-matam-homem-durante-protesto-em-minneapolis-nos-eua\/#respond"]}]},{"@type":"WebPage","@id":"https:\/\/mrnews.com.br\/index.php\/2026\/01\/24\/agentes-do-ice-matam-homem-durante-protesto-em-minneapolis-nos-eua\/","url":"https:\/\/mrnews.com.br\/index.php\/2026\/01\/24\/agentes-do-ice-matam-homem-durante-protesto-em-minneapolis-nos-eua\/","name":"Agentes do ICE matam homem durante protesto em Minneapolis, nos EUA","isPartOf":{"@id":"https:\/\/mrnews.com.br\/#website"},"datePublished":"2026-01-24T20:02:40+00:00","breadcrumb":{"@id":"https:\/\/mrnews.com.br\/index.php\/2026\/01\/24\/agentes-do-ice-matam-homem-durante-protesto-em-minneapolis-nos-eua\/#breadcrumb"},"inLanguage":"pt-BR","potentialAction":[{"@type":"ReadAction","target":["https:\/\/mrnews.com.br\/index.php\/2026\/01\/24\/agentes-do-ice-matam-homem-durante-protesto-em-minneapolis-nos-eua\/"]}]},{"@type":"BreadcrumbList","@id":"https:\/\/mrnews.com.br\/index.php\/2026\/01\/24\/agentes-do-ice-matam-homem-durante-protesto-em-minneapolis-nos-eua\/#breadcrumb","itemListElement":[{"@type":"ListItem","position":1,"name":"In\u00edcio","item":"https:\/\/mrnews.com.br\/"},{"@type":"ListItem","position":2,"name":"Agentes do ICE matam homem durante protesto em Minneapolis, nos EUA"}]},{"@type":"WebSite","@id":"https:\/\/mrnews.com.br\/#website","url":"https:\/\/mrnews.com.br\/","name":"MRNews","description":"MRNews Jogos de hoje da TV, transmiss\u00f5es ao vivo, Not\u00edcias de futebol, Jogos ao vivo, Lives, resumo de novelas, Programa\u00e7\u00e3o da Globo, A Fazenda e BBB","publisher":{"@id":"https:\/\/mrnews.com.br\/#organization"},"potentialAction":[{"@type":"SearchAction","target":{"@type":"EntryPoint","urlTemplate":"https:\/\/mrnews.com.br\/?s={search_term_string}"},"query-input":{"@type":"PropertyValueSpecification","valueRequired":true,"valueName":"search_term_string"}}],"inLanguage":"pt-BR"},{"@type":"Organization","@id":"https:\/\/mrnews.com.br\/#organization","name":"MRNews","url":"https:\/\/mrnews.com.br\/","logo":{"@type":"ImageObject","inLanguage":"pt-BR","@id":"https:\/\/mrnews.com.br\/#\/schema\/logo\/image\/","url":"https:\/\/mrnews.com.br\/wp-content\/uploads\/2019\/06\/MRNewslogo2.png","contentUrl":"https:\/\/mrnews.com.br\/wp-content\/uploads\/2019\/06\/MRNewslogo2.png","width":223,"height":58,"caption":"MRNews"},"image":{"@id":"https:\/\/mrnews.com.br\/#\/schema\/logo\/image\/"},"sameAs":["https:\/\/www.facebook.com\/eaipahpah\/?locale2=pt_BR","https:\/\/x.com\/conspirou","https:\/\/www.instagram.com\/eai_pahpah","https:\/\/br.pinterest.com\/mrnewsn\/boards\/","https:\/\/www.youtube.com\/channel\/UCacgnpznQ61fifLWr1tQ-vA?view_as=subscriber"]},{"@type":"Person","@id":"https:\/\/mrnews.com.br\/#\/schema\/person\/be3203154562a9f207407861cef7827b","name":"MR News","image":{"@type":"ImageObject","inLanguage":"pt-BR","@id":"https:\/\/secure.gravatar.com\/avatar\/04084e6d73c042b8646e7c17b494073bf0ede3ea13c7105cfc45cbbbc28385a4?s=96&d=monsterid&r=g","url":"https:\/\/secure.gravatar.com\/avatar\/04084e6d73c042b8646e7c17b494073bf0ede3ea13c7105cfc45cbbbc28385a4?s=96&d=monsterid&r=g","contentUrl":"https:\/\/secure.gravatar.com\/avatar\/04084e6d73c042b8646e7c17b494073bf0ede3ea13c7105cfc45cbbbc28385a4?s=96&d=monsterid&r=g","caption":"MR News"},"description":"Especializado em jornalismo colaborativo pela FTP em n\u00edvel de p\u00f3s-gradua\u00e7\u00e3o. suporte@oimeliga.combr","sameAs":["HUGO R.","Admin"],"url":"https:\/\/mrnews.com.br\/index.php\/author\/admin\/"}]}},"jetpack_featured_media_url":"","jetpack_sharing_enabled":true,"jetpack_shortlink":"https:\/\/wp.me\/pa2Qf7-1Ujc","amp_enabled":true,"_links":{"self":[{"href":"https:\/\/mrnews.com.br\/index.php\/wp-json\/wp\/v2\/posts\/454782","targetHints":{"allow":["GET"]}}],"collection":[{"href":"https:\/\/mrnews.com.br\/index.php\/wp-json\/wp\/v2\/posts"}],"about":[{"href":"https:\/\/mrnews.com.br\/index.php\/wp-json\/wp\/v2\/types\/post"}],"author":[{"embeddable":true,"href":"https:\/\/mrnews.com.br\/index.php\/wp-json\/wp\/v2\/users\/1"}],"replies":[{"embeddable":true,"href":"https:\/\/mrnews.com.br\/index.php\/wp-json\/wp\/v2\/comments?post=454782"}],"version-history":[{"count":0,"href":"https:\/\/mrnews.com.br\/index.php\/wp-json\/wp\/v2\/posts\/454782\/revisions"}],"wp:attachment":[{"href":"https:\/\/mrnews.com.br\/index.php\/wp-json\/wp\/v2\/media?parent=454782"}],"wp:term":[{"taxonomy":"category","embeddable":true,"href":"https:\/\/mrnews.com.br\/index.php\/wp-json\/wp\/v2\/categories?post=454782"},{"taxonomy":"post_tag","embeddable":true,"href":"https:\/\/mrnews.com.br\/index.php\/wp-json\/wp\/v2\/tags?post=454782"}],"curies":[{"name":"wp","href":"https:\/\/api.w.org\/{rel}","templated":true}]}}