{"id":454790,"date":"2026-01-24T21:14:34","date_gmt":"2026-01-25T00:14:34","guid":{"rendered":"https:\/\/mrnews.com.br\/index.php\/2026\/01\/24\/mostra-de-tiradentes-exalta-bom-momento-do-audiovisual-brasileiro\/"},"modified":"2026-01-24T21:14:34","modified_gmt":"2026-01-25T00:14:34","slug":"mostra-de-tiradentes-exalta-bom-momento-do-audiovisual-brasileiro","status":"publish","type":"post","link":"https:\/\/mrnews.com.br\/index.php\/2026\/01\/24\/mostra-de-tiradentes-exalta-bom-momento-do-audiovisual-brasileiro\/","title":{"rendered":"Mostra de Tiradentes exalta bom momento do audiovisual brasileiro"},"content":{"rendered":"<p>Por EBC, <\/p>\n<div>\n<p><strong>A abertura da 29\u00aa edi\u00e7\u00e3o da Mostra de Cinema de Tiradentes nesta sexta-feira (23) se deu em um clima de celebra\u00e7\u00e3o do cinema brasileiro em um de seus momentos mais vibrantes. <\/strong>Realizadores, produtores, artistas, representantes do poder p\u00fablico e jornalistas se reuniram no Cine-Tenda\u00a0para dar in\u00edcio a uma programa\u00e7\u00e3o que combina exibi\u00e7\u00e3o de filmes, reflex\u00e3o cr\u00edtica e articula\u00e7\u00e3o institucional, consolidando a mostra como um dos principais espa\u00e7os de pensamento e a\u00e7\u00e3o do audiovisual no pa\u00eds.<\/p>\n<p>Na cerim\u00f4nia, a coordenadora-geral da Mostra, Raquel Hallak, ressaltou o compromisso hist\u00f3rico do evento com a diversidade de vozes e linguagens.<\/p>\n<blockquote>\n<p>\u201cExiste uma imagina\u00e7\u00e3o que emerge de muitos Brasis e prop\u00f5e v\u00e1rias formas de existir. A mostra, desde que surgiu, decidiu apostar nesses novos protagonismos e possibilidades\u201d, afirmou.<\/p>\n<\/blockquote>\n<p>Hallak defendeu a regula\u00e7\u00e3o das plataformas de streaming, a democratiza\u00e7\u00e3o das pol\u00edticas p\u00fablicas e o fortalecimento do cinema nacional como vetor econ\u00f4mico.\u00a0O ponto alto da noite foi a homenagem \u00e0 atriz e diretora Karine Teles, que recebeu o Trof\u00e9u Barroco por uma trajet\u00f3ria de mais de duas d\u00e9cadas marcada por escolhas autorais, versatilidade art\u00edstica e compromisso com a cria\u00e7\u00e3o.<\/p>\n<p>Emocionada e acompanhada da fam\u00edlia, Karine falou com franqueza sobre os desafios de permanecer no campo cultural. \u201cQuem trabalha com cultura, com educa\u00e7\u00e3o, com arte no nosso pa\u00eds sabe que a gente est\u00e1 o tempo todo recome\u00e7ando. S\u00e3o carreiras inst\u00e1veis, imprevis\u00edveis, numa montanha-russa frequente de emo\u00e7\u00f5es\u201d, disse.<\/p>\n<blockquote>\n<p>\u201cPersistir, ficar, \u00e9 muito dif\u00edcil. N\u00e3o \u00e9 nada valoroso, n\u00e3o \u00e9 nada rom\u00e2ntico. \u00c9 muito duro.\u201d<\/p>\n<\/blockquote>\n<div class=\"dnd-widget-wrapper context-medio_4colunas type-image atom-align-left\">\n<div class=\"dnd-atom-rendered\"><!-- scald=451081:medio_4colunas {\"additionalClasses\":\"\"} --><\/p>\n<p>    <!-- END scald=451081 --><\/div>\n<div class=\"dnd-caption-wrapper\">\n<p>29\u00aa edi\u00e7\u00e3o da Mostra de Cinema de Tiradentes. &#8211; <strong>Leo Lara\/Universo Produ\u00e7\u00f5es<\/strong><!--END copyright=451081--><br type=\"_moz\"\/>\n<\/p>\n<\/div>\n<\/div>\n<p>A abertura contou ainda com a presen\u00e7a da ministra dos Direitos Humanos, Maca\u00e9 Evaristo, que destacou a dimens\u00e3o pol\u00edtica e simb\u00f3lica do audiovisual. \u201cVivemos um momento important\u00edssimo de proje\u00e7\u00e3o do cinema brasileiro no mundo. Isso significa algo mais profundo: somos um povo que sabe transformar mem\u00f3ria, dor, alegria e luta em narrativa\u201d, afirmou.<\/p>\n<p>J\u00e1 a secret\u00e1ria do Audiovisual do Minist\u00e9rio da Cultura, Joelma Gonzaga, abriu oficialmente o calend\u00e1rio audiovisual brasileiro celebrando o reconhecimento internacional recente. Vestindo uma camiseta de <em>O Agente Secreto<\/em>, de Kleber Mendon\u00e7a Filho, indicado a quatro Oscars, ela refor\u00e7ou a centralidade das pol\u00edticas p\u00fablicas.<\/p>\n<blockquote>\n<p>\u201cQuando um filme do Brasil entra em cartaz, o Brasil inteiro entra em cartaz. E nesse momento o Brasil est\u00e1 em cartaz no mundo todo. Isso n\u00e3o \u00e9 por acaso, \u00e9 fruto de pol\u00edtica p\u00fablica\u201d.<\/p>\n<\/blockquote>\n<h2>F\u00f3rum de Cinema<\/h2>\n<p>A programa\u00e7\u00e3o deste s\u00e1bado (24) deu in\u00edcio ao F\u00f3rum de Cinema de Tiradentes que, em sua quarta edi\u00e7\u00e3o, \u00e9 um espa\u00e7o dedicado \u00e0 reflex\u00e3o sobre pol\u00edticas culturais, ind\u00fastria e democracia.A abertura reuniu integrantes do governo e produtores, com a leitura da carta de princ\u00edpios apresentada pela produtora D\u00e9bora Ivanov. No texto, o setor \u00e9 convocado a se mobilizar em defesa das conquistas recentes e a refletir sobre o futuro em um contexto de desafios emergenciais.<\/p>\n<p>A carta fez um balan\u00e7o do processo de reconstru\u00e7\u00e3o do setor iniciado em 2023, reconhecendo avan\u00e7os como a restaura\u00e7\u00e3o do Minist\u00e9rio da Cultura e da Secretaria do Audiovisual, a retomada do Fundo Setorial do Audiovisual, a reativa\u00e7\u00e3o de programas de fomento, a renova\u00e7\u00e3o da Lei do Audiovisual e das cotas de tela, a implanta\u00e7\u00e3o da Pol\u00edtica Nacional Aldir Blanc, a realiza\u00e7\u00e3o da 4\u00aa Confer\u00eancia Nacional de Cultura e a retomada da coopera\u00e7\u00e3o internacional. Tamb\u00e9m citou a execu\u00e7\u00e3o da Lei Paulo Gustavo em 97% dos munic\u00edpios brasileiros como indicativo do interesse popular pelo audiovisual.<\/p>\n<p>Ao mesmo tempo, o documento apontou fragilidades estruturais e a necessidade de uma pol\u00edtica sist\u00eamica que articule Uni\u00e3o, estados e munic\u00edpios, racionalize processos e potencialize impactos econ\u00f4micos, culturais e sociais. Entre os desafios elencados est\u00e3o a regula\u00e7\u00e3o dos servi\u00e7os de streaming, a consolida\u00e7\u00e3o de uma pol\u00edtica de Estado perene e a garantia de acesso do p\u00fablico brasileiro aos conte\u00fados nacionais em todas as telas.<\/p>\n<blockquote>\n<p>\u201cOs desafios do audiovisual s\u00e3o desafios da na\u00e7\u00e3o brasileira na afirma\u00e7\u00e3o de um destino livre, democr\u00e1tico e soberano. Que venha 2026, a nossa marcha continua\u201d, conclui a mensagem do F\u00f3rum.<\/p>\n<\/blockquote>\n<p>Confira a programa\u00e7\u00e3o completa no site da mostra.\u00a0<\/p>\n<p><em>*A rep\u00f3rter viajou a convite da organiza\u00e7\u00e3o do evento<\/em><\/p>\n<p>      <!-- Relacionada --><\/p>\n<p>            <!-- Relacionada -->\n    <\/div>\n","protected":false},"excerpt":{"rendered":"<p>Por EBC, A abertura da 29\u00aa edi\u00e7\u00e3o da Mostra de Cinema de Tiradentes nesta sexta-feira (23) se deu em um clima de celebra\u00e7\u00e3o do cinema brasileiro em um de seus momentos mais vibrantes. Realizadores, produtores, artistas, representantes do poder p\u00fablico e jornalistas se reuniram no Cine-Tenda\u00a0para dar in\u00edcio a uma programa\u00e7\u00e3o que combina exibi\u00e7\u00e3o de &hellip;<\/p>\n","protected":false},"author":1,"featured_media":0,"comment_status":"open","ping_status":"open","sticky":false,"template":"","format":"standard","meta":{"_jetpack_memberships_contains_paid_content":false,"footnotes":""},"categories":[2,12225,4],"tags":[],"class_list":["post-454790","post","type-post","status-publish","format-standard","hentry","category-entretenimento","category-noticias","category-servicos"],"yoast_head":"<!-- This site is optimized with the Yoast SEO plugin v27.5 - https:\/\/yoast.com\/product\/yoast-seo-wordpress\/ -->\n<title>Mostra de Tiradentes exalta bom momento do audiovisual brasileiro<\/title>\n<meta name=\"robots\" content=\"index, follow, max-snippet:-1, max-image-preview:large, max-video-preview:-1\" \/>\n<link rel=\"canonical\" href=\"https:\/\/mrnews.com.br\/index.php\/2026\/01\/24\/mostra-de-tiradentes-exalta-bom-momento-do-audiovisual-brasileiro\/\" \/>\n<meta property=\"og:locale\" content=\"pt_BR\" \/>\n<meta property=\"og:type\" content=\"article\" \/>\n<meta property=\"og:title\" content=\"Mostra de Tiradentes exalta bom momento do audiovisual brasileiro\" \/>\n<meta property=\"og:description\" content=\"Por EBC, A abertura da 29\u00aa edi\u00e7\u00e3o da Mostra de Cinema de Tiradentes nesta sexta-feira (23) se deu em um clima de celebra\u00e7\u00e3o do cinema brasileiro em um de seus momentos mais vibrantes. Realizadores, produtores, artistas, representantes do poder p\u00fablico e jornalistas se reuniram no Cine-Tenda\u00a0para dar in\u00edcio a uma programa\u00e7\u00e3o que combina exibi\u00e7\u00e3o de &hellip;\" \/>\n<meta property=\"og:url\" content=\"https:\/\/mrnews.com.br\/index.php\/2026\/01\/24\/mostra-de-tiradentes-exalta-bom-momento-do-audiovisual-brasileiro\/\" \/>\n<meta property=\"og:site_name\" content=\"MRNews\" \/>\n<meta property=\"article:publisher\" content=\"https:\/\/www.facebook.com\/eaipahpah\/?locale2=pt_BR\" \/>\n<meta property=\"article:published_time\" content=\"2026-01-25T00:14:34+00:00\" \/>\n<meta name=\"author\" content=\"MR News\" \/>\n<meta name=\"twitter:card\" content=\"summary_large_image\" \/>\n<meta name=\"twitter:creator\" content=\"@conspirou\" \/>\n<meta name=\"twitter:site\" content=\"@conspirou\" \/>\n<meta name=\"twitter:label1\" content=\"Escrito por\" \/>\n\t<meta name=\"twitter:data1\" content=\"MR News\" \/>\n\t<meta name=\"twitter:label2\" content=\"Est. tempo de leitura\" \/>\n\t<meta name=\"twitter:data2\" content=\"4 minutos\" \/>\n<script type=\"application\/ld+json\" class=\"yoast-schema-graph\">{\"@context\":\"https:\\\/\\\/schema.org\",\"@graph\":[{\"@type\":\"Article\",\"@id\":\"https:\\\/\\\/mrnews.com.br\\\/index.php\\\/2026\\\/01\\\/24\\\/mostra-de-tiradentes-exalta-bom-momento-do-audiovisual-brasileiro\\\/#article\",\"isPartOf\":{\"@id\":\"https:\\\/\\\/mrnews.com.br\\\/index.php\\\/2026\\\/01\\\/24\\\/mostra-de-tiradentes-exalta-bom-momento-do-audiovisual-brasileiro\\\/\"},\"author\":{\"name\":\"MR News\",\"@id\":\"https:\\\/\\\/mrnews.com.br\\\/#\\\/schema\\\/person\\\/be3203154562a9f207407861cef7827b\"},\"headline\":\"Mostra de Tiradentes exalta bom momento do audiovisual brasileiro\",\"datePublished\":\"2026-01-25T00:14:34+00:00\",\"mainEntityOfPage\":{\"@id\":\"https:\\\/\\\/mrnews.com.br\\\/index.php\\\/2026\\\/01\\\/24\\\/mostra-de-tiradentes-exalta-bom-momento-do-audiovisual-brasileiro\\\/\"},\"wordCount\":773,\"commentCount\":0,\"publisher\":{\"@id\":\"https:\\\/\\\/mrnews.com.br\\\/#organization\"},\"articleSection\":[\"ENTRETENIMENTO\",\"NOTICIAS\",\"SERVI\u00c7OS\"],\"inLanguage\":\"pt-BR\",\"potentialAction\":[{\"@type\":\"CommentAction\",\"name\":\"Comment\",\"target\":[\"https:\\\/\\\/mrnews.com.br\\\/index.php\\\/2026\\\/01\\\/24\\\/mostra-de-tiradentes-exalta-bom-momento-do-audiovisual-brasileiro\\\/#respond\"]}]},{\"@type\":\"WebPage\",\"@id\":\"https:\\\/\\\/mrnews.com.br\\\/index.php\\\/2026\\\/01\\\/24\\\/mostra-de-tiradentes-exalta-bom-momento-do-audiovisual-brasileiro\\\/\",\"url\":\"https:\\\/\\\/mrnews.com.br\\\/index.php\\\/2026\\\/01\\\/24\\\/mostra-de-tiradentes-exalta-bom-momento-do-audiovisual-brasileiro\\\/\",\"name\":\"Mostra de Tiradentes exalta bom momento do audiovisual brasileiro\",\"isPartOf\":{\"@id\":\"https:\\\/\\\/mrnews.com.br\\\/#website\"},\"datePublished\":\"2026-01-25T00:14:34+00:00\",\"breadcrumb\":{\"@id\":\"https:\\\/\\\/mrnews.com.br\\\/index.php\\\/2026\\\/01\\\/24\\\/mostra-de-tiradentes-exalta-bom-momento-do-audiovisual-brasileiro\\\/#breadcrumb\"},\"inLanguage\":\"pt-BR\",\"potentialAction\":[{\"@type\":\"ReadAction\",\"target\":[\"https:\\\/\\\/mrnews.com.br\\\/index.php\\\/2026\\\/01\\\/24\\\/mostra-de-tiradentes-exalta-bom-momento-do-audiovisual-brasileiro\\\/\"]}]},{\"@type\":\"BreadcrumbList\",\"@id\":\"https:\\\/\\\/mrnews.com.br\\\/index.php\\\/2026\\\/01\\\/24\\\/mostra-de-tiradentes-exalta-bom-momento-do-audiovisual-brasileiro\\\/#breadcrumb\",\"itemListElement\":[{\"@type\":\"ListItem\",\"position\":1,\"name\":\"In\u00edcio\",\"item\":\"https:\\\/\\\/mrnews.com.br\\\/\"},{\"@type\":\"ListItem\",\"position\":2,\"name\":\"Mostra de Tiradentes exalta bom momento do audiovisual brasileiro\"}]},{\"@type\":\"WebSite\",\"@id\":\"https:\\\/\\\/mrnews.com.br\\\/#website\",\"url\":\"https:\\\/\\\/mrnews.com.br\\\/\",\"name\":\"MRNews\",\"description\":\"MRNews Jogos de hoje da TV, transmiss\u00f5es ao vivo, Not\u00edcias de futebol, Jogos ao vivo, Lives, resumo de novelas, Programa\u00e7\u00e3o da Globo, A Fazenda e BBB\",\"publisher\":{\"@id\":\"https:\\\/\\\/mrnews.com.br\\\/#organization\"},\"potentialAction\":[{\"@type\":\"SearchAction\",\"target\":{\"@type\":\"EntryPoint\",\"urlTemplate\":\"https:\\\/\\\/mrnews.com.br\\\/?s={search_term_string}\"},\"query-input\":{\"@type\":\"PropertyValueSpecification\",\"valueRequired\":true,\"valueName\":\"search_term_string\"}}],\"inLanguage\":\"pt-BR\"},{\"@type\":\"Organization\",\"@id\":\"https:\\\/\\\/mrnews.com.br\\\/#organization\",\"name\":\"MRNews\",\"url\":\"https:\\\/\\\/mrnews.com.br\\\/\",\"logo\":{\"@type\":\"ImageObject\",\"inLanguage\":\"pt-BR\",\"@id\":\"https:\\\/\\\/mrnews.com.br\\\/#\\\/schema\\\/logo\\\/image\\\/\",\"url\":\"https:\\\/\\\/mrnews.com.br\\\/wp-content\\\/uploads\\\/2019\\\/06\\\/MRNewslogo2.png\",\"contentUrl\":\"https:\\\/\\\/mrnews.com.br\\\/wp-content\\\/uploads\\\/2019\\\/06\\\/MRNewslogo2.png\",\"width\":223,\"height\":58,\"caption\":\"MRNews\"},\"image\":{\"@id\":\"https:\\\/\\\/mrnews.com.br\\\/#\\\/schema\\\/logo\\\/image\\\/\"},\"sameAs\":[\"https:\\\/\\\/www.facebook.com\\\/eaipahpah\\\/?locale2=pt_BR\",\"https:\\\/\\\/x.com\\\/conspirou\",\"https:\\\/\\\/www.instagram.com\\\/eai_pahpah\",\"https:\\\/\\\/br.pinterest.com\\\/mrnewsn\\\/boards\\\/\",\"https:\\\/\\\/www.youtube.com\\\/channel\\\/UCacgnpznQ61fifLWr1tQ-vA?view_as=subscriber\"]},{\"@type\":\"Person\",\"@id\":\"https:\\\/\\\/mrnews.com.br\\\/#\\\/schema\\\/person\\\/be3203154562a9f207407861cef7827b\",\"name\":\"MR News\",\"image\":{\"@type\":\"ImageObject\",\"inLanguage\":\"pt-BR\",\"@id\":\"https:\\\/\\\/secure.gravatar.com\\\/avatar\\\/04084e6d73c042b8646e7c17b494073bf0ede3ea13c7105cfc45cbbbc28385a4?s=96&d=monsterid&r=g\",\"url\":\"https:\\\/\\\/secure.gravatar.com\\\/avatar\\\/04084e6d73c042b8646e7c17b494073bf0ede3ea13c7105cfc45cbbbc28385a4?s=96&d=monsterid&r=g\",\"contentUrl\":\"https:\\\/\\\/secure.gravatar.com\\\/avatar\\\/04084e6d73c042b8646e7c17b494073bf0ede3ea13c7105cfc45cbbbc28385a4?s=96&d=monsterid&r=g\",\"caption\":\"MR News\"},\"description\":\"Especializado em jornalismo colaborativo pela FTP em n\u00edvel de p\u00f3s-gradua\u00e7\u00e3o. suporte@oimeliga.combr\",\"sameAs\":[\"HUGO R.\",\"Admin\"],\"url\":\"https:\\\/\\\/mrnews.com.br\\\/index.php\\\/author\\\/admin\\\/\"}]}<\/script>\n<!-- \/ Yoast SEO plugin. -->","yoast_head_json":{"title":"Mostra de Tiradentes exalta bom momento do audiovisual brasileiro","robots":{"index":"index","follow":"follow","max-snippet":"max-snippet:-1","max-image-preview":"max-image-preview:large","max-video-preview":"max-video-preview:-1"},"canonical":"https:\/\/mrnews.com.br\/index.php\/2026\/01\/24\/mostra-de-tiradentes-exalta-bom-momento-do-audiovisual-brasileiro\/","og_locale":"pt_BR","og_type":"article","og_title":"Mostra de Tiradentes exalta bom momento do audiovisual brasileiro","og_description":"Por EBC, A abertura da 29\u00aa edi\u00e7\u00e3o da Mostra de Cinema de Tiradentes nesta sexta-feira (23) se deu em um clima de celebra\u00e7\u00e3o do cinema brasileiro em um de seus momentos mais vibrantes. Realizadores, produtores, artistas, representantes do poder p\u00fablico e jornalistas se reuniram no Cine-Tenda\u00a0para dar in\u00edcio a uma programa\u00e7\u00e3o que combina exibi\u00e7\u00e3o de &hellip;","og_url":"https:\/\/mrnews.com.br\/index.php\/2026\/01\/24\/mostra-de-tiradentes-exalta-bom-momento-do-audiovisual-brasileiro\/","og_site_name":"MRNews","article_publisher":"https:\/\/www.facebook.com\/eaipahpah\/?locale2=pt_BR","article_published_time":"2026-01-25T00:14:34+00:00","author":"MR News","twitter_card":"summary_large_image","twitter_creator":"@conspirou","twitter_site":"@conspirou","twitter_misc":{"Escrito por":"MR News","Est. tempo de leitura":"4 minutos"},"schema":{"@context":"https:\/\/schema.org","@graph":[{"@type":"Article","@id":"https:\/\/mrnews.com.br\/index.php\/2026\/01\/24\/mostra-de-tiradentes-exalta-bom-momento-do-audiovisual-brasileiro\/#article","isPartOf":{"@id":"https:\/\/mrnews.com.br\/index.php\/2026\/01\/24\/mostra-de-tiradentes-exalta-bom-momento-do-audiovisual-brasileiro\/"},"author":{"name":"MR News","@id":"https:\/\/mrnews.com.br\/#\/schema\/person\/be3203154562a9f207407861cef7827b"},"headline":"Mostra de Tiradentes exalta bom momento do audiovisual brasileiro","datePublished":"2026-01-25T00:14:34+00:00","mainEntityOfPage":{"@id":"https:\/\/mrnews.com.br\/index.php\/2026\/01\/24\/mostra-de-tiradentes-exalta-bom-momento-do-audiovisual-brasileiro\/"},"wordCount":773,"commentCount":0,"publisher":{"@id":"https:\/\/mrnews.com.br\/#organization"},"articleSection":["ENTRETENIMENTO","NOTICIAS","SERVI\u00c7OS"],"inLanguage":"pt-BR","potentialAction":[{"@type":"CommentAction","name":"Comment","target":["https:\/\/mrnews.com.br\/index.php\/2026\/01\/24\/mostra-de-tiradentes-exalta-bom-momento-do-audiovisual-brasileiro\/#respond"]}]},{"@type":"WebPage","@id":"https:\/\/mrnews.com.br\/index.php\/2026\/01\/24\/mostra-de-tiradentes-exalta-bom-momento-do-audiovisual-brasileiro\/","url":"https:\/\/mrnews.com.br\/index.php\/2026\/01\/24\/mostra-de-tiradentes-exalta-bom-momento-do-audiovisual-brasileiro\/","name":"Mostra de Tiradentes exalta bom momento do audiovisual brasileiro","isPartOf":{"@id":"https:\/\/mrnews.com.br\/#website"},"datePublished":"2026-01-25T00:14:34+00:00","breadcrumb":{"@id":"https:\/\/mrnews.com.br\/index.php\/2026\/01\/24\/mostra-de-tiradentes-exalta-bom-momento-do-audiovisual-brasileiro\/#breadcrumb"},"inLanguage":"pt-BR","potentialAction":[{"@type":"ReadAction","target":["https:\/\/mrnews.com.br\/index.php\/2026\/01\/24\/mostra-de-tiradentes-exalta-bom-momento-do-audiovisual-brasileiro\/"]}]},{"@type":"BreadcrumbList","@id":"https:\/\/mrnews.com.br\/index.php\/2026\/01\/24\/mostra-de-tiradentes-exalta-bom-momento-do-audiovisual-brasileiro\/#breadcrumb","itemListElement":[{"@type":"ListItem","position":1,"name":"In\u00edcio","item":"https:\/\/mrnews.com.br\/"},{"@type":"ListItem","position":2,"name":"Mostra de Tiradentes exalta bom momento do audiovisual brasileiro"}]},{"@type":"WebSite","@id":"https:\/\/mrnews.com.br\/#website","url":"https:\/\/mrnews.com.br\/","name":"MRNews","description":"MRNews Jogos de hoje da TV, transmiss\u00f5es ao vivo, Not\u00edcias de futebol, Jogos ao vivo, Lives, resumo de novelas, Programa\u00e7\u00e3o da Globo, A Fazenda e BBB","publisher":{"@id":"https:\/\/mrnews.com.br\/#organization"},"potentialAction":[{"@type":"SearchAction","target":{"@type":"EntryPoint","urlTemplate":"https:\/\/mrnews.com.br\/?s={search_term_string}"},"query-input":{"@type":"PropertyValueSpecification","valueRequired":true,"valueName":"search_term_string"}}],"inLanguage":"pt-BR"},{"@type":"Organization","@id":"https:\/\/mrnews.com.br\/#organization","name":"MRNews","url":"https:\/\/mrnews.com.br\/","logo":{"@type":"ImageObject","inLanguage":"pt-BR","@id":"https:\/\/mrnews.com.br\/#\/schema\/logo\/image\/","url":"https:\/\/mrnews.com.br\/wp-content\/uploads\/2019\/06\/MRNewslogo2.png","contentUrl":"https:\/\/mrnews.com.br\/wp-content\/uploads\/2019\/06\/MRNewslogo2.png","width":223,"height":58,"caption":"MRNews"},"image":{"@id":"https:\/\/mrnews.com.br\/#\/schema\/logo\/image\/"},"sameAs":["https:\/\/www.facebook.com\/eaipahpah\/?locale2=pt_BR","https:\/\/x.com\/conspirou","https:\/\/www.instagram.com\/eai_pahpah","https:\/\/br.pinterest.com\/mrnewsn\/boards\/","https:\/\/www.youtube.com\/channel\/UCacgnpznQ61fifLWr1tQ-vA?view_as=subscriber"]},{"@type":"Person","@id":"https:\/\/mrnews.com.br\/#\/schema\/person\/be3203154562a9f207407861cef7827b","name":"MR News","image":{"@type":"ImageObject","inLanguage":"pt-BR","@id":"https:\/\/secure.gravatar.com\/avatar\/04084e6d73c042b8646e7c17b494073bf0ede3ea13c7105cfc45cbbbc28385a4?s=96&d=monsterid&r=g","url":"https:\/\/secure.gravatar.com\/avatar\/04084e6d73c042b8646e7c17b494073bf0ede3ea13c7105cfc45cbbbc28385a4?s=96&d=monsterid&r=g","contentUrl":"https:\/\/secure.gravatar.com\/avatar\/04084e6d73c042b8646e7c17b494073bf0ede3ea13c7105cfc45cbbbc28385a4?s=96&d=monsterid&r=g","caption":"MR News"},"description":"Especializado em jornalismo colaborativo pela FTP em n\u00edvel de p\u00f3s-gradua\u00e7\u00e3o. suporte@oimeliga.combr","sameAs":["HUGO R.","Admin"],"url":"https:\/\/mrnews.com.br\/index.php\/author\/admin\/"}]}},"jetpack_featured_media_url":"","jetpack_sharing_enabled":true,"jetpack_shortlink":"https:\/\/wp.me\/pa2Qf7-1Ujk","amp_enabled":true,"_links":{"self":[{"href":"https:\/\/mrnews.com.br\/index.php\/wp-json\/wp\/v2\/posts\/454790","targetHints":{"allow":["GET"]}}],"collection":[{"href":"https:\/\/mrnews.com.br\/index.php\/wp-json\/wp\/v2\/posts"}],"about":[{"href":"https:\/\/mrnews.com.br\/index.php\/wp-json\/wp\/v2\/types\/post"}],"author":[{"embeddable":true,"href":"https:\/\/mrnews.com.br\/index.php\/wp-json\/wp\/v2\/users\/1"}],"replies":[{"embeddable":true,"href":"https:\/\/mrnews.com.br\/index.php\/wp-json\/wp\/v2\/comments?post=454790"}],"version-history":[{"count":0,"href":"https:\/\/mrnews.com.br\/index.php\/wp-json\/wp\/v2\/posts\/454790\/revisions"}],"wp:attachment":[{"href":"https:\/\/mrnews.com.br\/index.php\/wp-json\/wp\/v2\/media?parent=454790"}],"wp:term":[{"taxonomy":"category","embeddable":true,"href":"https:\/\/mrnews.com.br\/index.php\/wp-json\/wp\/v2\/categories?post=454790"},{"taxonomy":"post_tag","embeddable":true,"href":"https:\/\/mrnews.com.br\/index.php\/wp-json\/wp\/v2\/tags?post=454790"}],"curies":[{"name":"wp","href":"https:\/\/api.w.org\/{rel}","templated":true}]}}