{"id":454795,"date":"2026-01-25T09:27:00","date_gmt":"2026-01-25T12:27:00","guid":{"rendered":"https:\/\/mrnews.com.br\/?p=454795"},"modified":"2026-01-25T09:27:00","modified_gmt":"2026-01-25T12:27:00","slug":"vitima-de-um-infarto-fulminante-ator-da-globo-faleceu-dias-antes-de-ser-homenageado-pela-globo","status":"publish","type":"post","link":"https:\/\/mrnews.com.br\/index.php\/2026\/01\/25\/vitima-de-um-infarto-fulminante-ator-da-globo-faleceu-dias-antes-de-ser-homenageado-pela-globo\/","title":{"rendered":"V\u00edtima de um infarto fulminante, ator da Globo faleceu dias antes de ser homenageado pela Globo"},"content":{"rendered":"<p><strong>V\u00edtima de infarto fulminante, ator da Globo morreu dias antes de receber homenagem especial da emissora<\/strong><\/p>\n<p>O mundo da televis\u00e3o brasileira foi surpreendido, em 2013, com a morte de um de seus nomes mais respeitados e carism\u00e1ticos. Felipe Wagner, ator consagrado da TV Globo e lembrado com carinho pelo p\u00fablico por personagens marcantes, faleceu aos 82 anos, v\u00edtima de um infarto fulminante. A partida repentina ocorreu poucos dias antes de ele ser homenageado pela pr\u00f3pria emissora, em um tributo que j\u00e1 estava sendo preparado nos bastidores.<\/p>\n<p>Conhecido por trabalhos em novelas de grande sucesso, como <em>Terra Nostra<\/em>, Felipe Wagner deixou uma trajet\u00f3ria extensa e admirada na dramaturgia nacional. A Globo planejava dedicar um novo quadro do humor\u00edstico <em>Zorra Total<\/em> exclusivamente ao ator, reconhecendo sua contribui\u00e7\u00e3o hist\u00f3rica ao programa e \u00e0 televis\u00e3o brasileira. A homenagem, no entanto, acabou n\u00e3o acontecendo, o que aumentou ainda mais a como\u00e7\u00e3o entre colegas de profiss\u00e3o e f\u00e3s.<\/p>\n<h3>Uma carreira marcada por talento e versatilidade<\/h3>\n<p>Felipe Wagner nasceu na Fran\u00e7a, em 1930, com o nome de Filip Szafran. Ainda jovem, mudou-se para o Brasil, onde construiu praticamente toda a sua carreira art\u00edstica. Sua estreia na televis\u00e3o aconteceu em 1957, na produ\u00e7\u00e3o <em>Crist\u00f3v\u00e3o Colombo<\/em>, exibida pela TV Cultura, dando in\u00edcio a uma caminhada s\u00f3lida e respeitada nas artes c\u00eanicas.<\/p>\n<p>Ao longo das d\u00e9cadas, o ator participou de in\u00fameras novelas e produ\u00e7\u00f5es de destaque, como <em>Irm\u00e3os Coragem<\/em>, <em>O Rebu<\/em>, <em>Maria, Maria<\/em> e <em>Rainha da Sucata<\/em>. No cinema e no teatro, tamb\u00e9m mostrou grande versatilidade, transitando com facilidade entre o drama, o humor e personagens populares, sempre conquistando o p\u00fablico com carisma e entrega.<\/p>\n<h3>Destaque no humor e legado familiar<\/h3>\n<p>Apesar do sucesso em diferentes g\u00eaneros, Felipe Wagner ficou especialmente conhecido por sua longa passagem pelo <em>Zorra Total<\/em>. Durante 11 anos, integrou o elenco fixo do humor\u00edstico, criando personagens memor\u00e1veis que marcaram \u00e9poca e ajudaram a consolidar o programa como um dos mais populares da televis\u00e3o brasileira.<\/p>\n<p>Al\u00e9m do legado art\u00edstico, Felipe Wagner tamb\u00e9m deixou sua marca na fam\u00edlia. Sua filha, a atriz D\u00e9bora Olivieri, seguiu os passos do pai e mant\u00e9m viva a mem\u00f3ria do artista, levando adiante a paix\u00e3o pela atua\u00e7\u00e3o e pela cultura.<\/p>\n<p>A morte de Felipe Wagner representou uma grande perda para a televis\u00e3o brasileira, mas sua obra permanece viva na mem\u00f3ria do p\u00fablico, que segue revendo seus trabalhos e reconhecendo a import\u00e2ncia de sua contribui\u00e7\u00e3o para a dramaturgia nacional.<\/p>\n<p><strong>Publicado em 9 de setembro de 2025<\/strong><\/p>\n<p><strong>Tags:<\/strong> Felipe Wagner, Globo, televis\u00e3o, Terra Nostra, Zorra Total, novelas Globo, atores brasileiros, mem\u00f3ria da TV<\/p>\n<p><strong>V\u00edtima de um infarto fulminante, ator da Globo faleceu dias antes de ser homenageado pela emissora<\/strong><\/p>\n<p>O universo da teledramaturgia brasileira relembra, com saudade, a trajet\u00f3ria marcante de <strong>Felipe Wagner<\/strong>, ator de longa carreira que faleceu em 2013 aos 82 anos, v\u00edtima de um infarto fulminante. Sua morte ocorreu poucos dias antes de receber uma homenagem especial preparada pela TV Globo, deixando colegas e admiradores comovidos.<\/p>\n<h3><strong>Uma homenagem que n\u00e3o chegou a acontecer<\/strong><\/h3>\n<p>Felipe Wagner, que marcou \u00e9poca em produ\u00e7\u00f5es da emissora, seria celebrado em um quadro especial do humor\u00edstico <strong>Zorra Total<\/strong>, onde brilhou por mais de uma d\u00e9cada. A Globo planejava surpreender o artista com uma homenagem in\u00e9dita, reconhecendo sua contribui\u00e7\u00e3o ao humor e \u00e0 televis\u00e3o brasileira. No entanto, o ator partiu antes de ver a homenagem concretizada, o que deixou um sentimento de tristeza entre amigos e profissionais que conviveram com ele.<\/p>\n<h3><strong>A trajet\u00f3ria de um ator completo<\/strong><\/h3>\n<p>Nascido em 1930, na Fran\u00e7a, com o nome <strong>Filip Szafran<\/strong>, Wagner mudou-se para o Brasil ainda jovem e encontrou na arte o caminho que marcaria sua vida. Seu in\u00edcio na televis\u00e3o ocorreu em 1957, na produ\u00e7\u00e3o <em>Crist\u00f3v\u00e3o Colombo<\/em>, da TV Cultura, abrindo portas para uma carreira que se estenderia por d\u00e9cadas.<\/p>\n<p>Entre suas participa\u00e7\u00f5es mais lembradas est\u00e3o produ\u00e7\u00f5es como:<\/p>\n<ul>\n<li><strong>Irm\u00e3os Coragem<\/strong><\/li>\n<li><strong>O Rebu<\/strong><\/li>\n<li><strong>Maria, Maria<\/strong><\/li>\n<li><strong>Rainha da Sucata<\/strong><\/li>\n<\/ul>\n<p>Wagner conquistou o p\u00fablico com sua versatilidade, transitando com naturalidade entre drama, humor e personagens de forte expressividade. No teatro e no cinema, tamb\u00e9m deixou sua marca, demonstrando dom\u00ednio t\u00e9cnico e sensibilidade art\u00edstica.<\/p>\n<h3><strong>Destaque no Zorra Total e reconhecimento do p\u00fablico<\/strong><\/h3>\n<p>Mesmo com v\u00e1rios pap\u00e9is marcantes, foi no <strong>Zorra Total<\/strong> que Felipe Wagner consolidou um v\u00ednculo especial com o grande p\u00fablico. Durante 11 anos, fez parte do elenco do humor\u00edstico, interpretando personagens que ca\u00edram no gosto dos telespectadores.<\/p>\n<p>Seu talento para a com\u00e9dia, aliado ao carisma e ao dom\u00ednio de cena, fez dele uma figura admirada nos bastidores da TV Globo.<\/p>\n<h3><strong>Um legado que permanece vivo<\/strong><\/h3>\n<p>Al\u00e9m da carreira extensa, Felipe Wagner deixou uma heran\u00e7a afetiva e art\u00edstica. Sua filha, a atriz <strong>D\u00e9bora Olivieri<\/strong>, segue os passos do pai e mant\u00e9m viva sua mem\u00f3ria ao continuar atuando na televis\u00e3o e nos palcos, sempre destacando a import\u00e2ncia que ele teve em sua forma\u00e7\u00e3o profissional.<\/p>\n<p>A despedida precoce de Wagner, pouco antes de ser homenageado pela emissora que marcou sua trajet\u00f3ria, tornou sua partida ainda mais impactante. Por\u00e9m, seu legado segue preservado na hist\u00f3ria da TV brasileira e no cora\u00e7\u00e3o de quem acompanhou sua obra.<\/p>\n<hr \/>\n<p><strong>Categorias:<\/strong> TELEVIS\u00c3O<br \/>\n<strong>Tags:<\/strong> Felipe Wagner, Globo, novela, Terra Nostra<\/p>\n<p><strong>Casado com Viih Tube, Eliezer pega f\u00e3s de surpresa com an\u00fancio inesperado: \u201cn\u00e3o estamos mais juntos\u201d<\/strong><\/p>\n<p>Eliezer, ex-BBB e influenciador digital, movimentou as redes sociais nesta sexta-feira (27) ao publicar um comunicado que deixou seus seguidores em polvorosa. Com um tom misterioso e dram\u00e1tico, o ex-brother come\u00e7ou sua mensagem sugerindo uma poss\u00edvel separa\u00e7\u00e3o, o que imediatamente fez muitos acreditarem que seu casamento com <strong>Viih Tube<\/strong> havia chegado ao fim.<\/p>\n<h3><strong>Eliezer anuncia \u201csepara\u00e7\u00e3o\u201d e assusta seguidores<\/strong><\/h3>\n<p>Na publica\u00e7\u00e3o, feita em seu Instagram, o influenciador escreveu:<\/p>\n<blockquote><p><em>\u201cNota de esclarecimento. Venho por meio deste, informar a todos que nos acompanham que n\u00e3o estamos mais juntos. Na verdade, essa \u00e9 uma nota de despedida mesmo.\u201d<\/em><\/p><\/blockquote>\n<p>A declara\u00e7\u00e3o, compartilhada com uma arte que lembrava comunicados oficiais, deixou f\u00e3s e seguidores em alerta. Muitos come\u00e7aram a especular sobre uma crise no relacionamento com Viih Tube, com quem Eliezer tem uma filha, a pequena Lua.<\/p>\n<p>O influenciador seguiu com o texto, dizendo que havia chegado o momento de \u201cseguir caminhos separados\u201d, mencionando altos e baixos vividos nessa \u201crela\u00e7\u00e3o\u201d. O suspense durou pouco, mas foi suficiente para causar burburinho na web.<\/p>\n<h3><strong>A verdade sobre a separa\u00e7\u00e3o: n\u00e3o era sobre Viih Tube<\/strong><\/h3>\n<p>Ap\u00f3s criar um clima de mist\u00e9rio, Eliezer finalmente revelou o que realmente estava acontecendo. Para al\u00edvio de todos, a separa\u00e7\u00e3o n\u00e3o era do casamento \u2014 e sim dos <em>joanetes<\/em>.<\/p>\n<p>O ex-BBB explicou que havia passado por uma cirurgia para corrigir a posi\u00e7\u00e3o dos ossos dos p\u00e9s e que a publica\u00e7\u00e3o n\u00e3o passava de uma brincadeira. O tom dram\u00e1tico foi proposital para surpreender seus seguidores e, claro, gerar risadas depois.<\/p>\n<p>A revela\u00e7\u00e3o caiu como um al\u00edvio geral, j\u00e1 que muitos j\u00e1 haviam lamentado uma poss\u00edvel crise conjugal.<\/p>\n<h3><strong>Antes e depois da cirurgia<\/strong><\/h3>\n<p>De volta ao bom humor, Eliezer compartilhou fotos de seus p\u00e9s ap\u00f3s a opera\u00e7\u00e3o e continuou brincando com o tema. Ele afirmou que a \u201cdespedida\u201d havia sido dolorosa, mas necess\u00e1ria, e comemorou estar livre das dores constantes causadas pelos joanetes.<\/p>\n<p>Mesmo assim, Ele confidenciou que as lembran\u00e7as do tempo em que conviveu com o problema \u201cseguiriam para sempre\u201d, mantendo o tom divertido que marcou sua publica\u00e7\u00e3o.<\/p>\n<p>O influenciador, que costuma compartilhar detalhes da sua rotina com Viih Tube e da cria\u00e7\u00e3o da filha, ainda prometeu atualizar os seguidores sobre o processo de recupera\u00e7\u00e3o.<\/p>\n<hr \/>\n<p><strong>Categorias:<\/strong> CELEBRIDADES<br \/>\n<strong>Tags:<\/strong> Eliezer, joanetes, Viih Tube<\/p>\n<p><strong>Assunto sobre trai\u00e7\u00e3o no casamento vem \u00e0 tona, e Eliezer se manifesta: \u2018Se separar\u2019<\/strong><\/p>\n<p>O ex-BBB e influenciador <strong>Eliezer<\/strong> veio a p\u00fablico neste s\u00e1bado (2) para <strong>desmentir rumores de separa\u00e7\u00e3o<\/strong> entre ele e <strong>Viih Tube<\/strong>. O boato, que viralizou nas redes sociais, afirmava que o casal terminaria o relacionamento em breve por causa de uma suposta trai\u00e7\u00e3o.<\/p>\n<p>Eliezer, no entanto, fez quest\u00e3o de rebater a informa\u00e7\u00e3o e garantir que <strong>seu casamento est\u00e1 firme e bem estruturado<\/strong>. Segundo ele, o conte\u00fado que circulou foi impulsionado por uma previs\u00e3o feita por uma <strong>sensitiva<\/strong>, que afirmava que o casal enfrentaria uma crise e anunciaria a separa\u00e7\u00e3o em breve.<\/p>\n<h3>Influenciador desmente boato e ironiza previs\u00e3o<\/h3>\n<p>O ex-BBB explicou que tomou conhecimento do rumor ap\u00f3s ver o conte\u00fado sendo <strong>recomendado pelo algoritmo<\/strong>, o que o fez se pronunciar publicamente para conter a onda de desinforma\u00e7\u00e3o. \u201cUm post de uma sensitiva que afirmou que eu e a Viih ser\u00edamos o pr\u00f3ximo casal a se separar. O motivo seria trai\u00e7\u00e3o\u201d, disse ele em tom de ironia.<\/p>\n<p>Eliezer n\u00e3o poupou cr\u00edticas \u00e0 vidente e respondeu com bom humor:<\/p>\n<blockquote><p>\u201cA \u00fanica que foi tra\u00edda aqui foi voc\u00ea, mo\u00e7a, pelos seus astros.\u201d<\/p><\/blockquote>\n<p>A declara\u00e7\u00e3o viralizou rapidamente, com milhares de coment\u00e1rios apoiando o casal. F\u00e3s elogiaram o bom humor do influenciador e a forma leve com que tratou o assunto.<\/p>\n<h3>Casamento confirmado e planos em andamento<\/h3>\n<p>Eliezer tamb\u00e9m aproveitou para atualizar os seguidores sobre o <strong>planejamento da cerim\u00f4nia de casamento<\/strong> com Viih Tube. O casal, que j\u00e1 vive junto h\u00e1 tr\u00eas anos e tem dois filhos \u2014 <strong>Lua<\/strong>, de 2 anos, e <strong>Ravi<\/strong>, de quase 1 ano \u2014, j\u00e1 <strong>definiu a data e o local da festa<\/strong>.<\/p>\n<p>Segundo o influenciador, os preparativos est\u00e3o em fase final, e tudo segue conforme o planejado. Ele ainda afirmou que <strong>n\u00e3o h\u00e1 qualquer crise no relacionamento<\/strong>, e que a fam\u00edlia est\u00e1 focada em conciliar os compromissos profissionais com o cuidado das crian\u00e7as.<\/p>\n<h3>Casal segue unido nas redes<\/h3>\n<p>Viih Tube e Eliezer s\u00e3o um dos casais mais comentados da internet brasileira. Desde que assumiram o relacionamento ap\u00f3s o <em>BBB 22<\/em>, eles acumulam milh\u00f5es de seguidores e compartilham a rotina em fam\u00edlia de forma aberta e bem-humorada.<\/p>\n<p>Apesar dos rumores recentes, os dois seguem demonstrando uni\u00e3o e cumplicidade. Viih ainda n\u00e3o se manifestou diretamente sobre o boato, mas compartilhou publica\u00e7\u00f5es ao lado do marido e dos filhos, demonstrando que <strong>a rela\u00e7\u00e3o continua firme e feliz<\/strong>.<\/p>\n<hr \/>\n<p><strong>Tags:<\/strong> Eliezer, Viih Tube, trai\u00e7\u00e3o, casamento, celebridades, BBB, boatos, redes sociais, influenciadores<\/p>\n<h2>Viih Tube e Eliezer lamentam perda\u00a0 \u2018Voc\u00ea era nosso filho e nunca nos esqueceremos de tudo que vivemos\u2019<\/h2>\n<p>O influenciador digital Eliezer, de 34 anos, e sua esposa, a criadora de conte\u00fado **Viih Tube**, de 24 anos, compartilharam uma not\u00edcia triste com seus seguidores nas redes sociais nesta quinta-feira, 17 de outubro de 2024. O casal anunciou o falecimento do gato de estima\u00e7\u00e3o que os acompanhava desde a mudan\u00e7a para a nova casa em um condom\u00ednio na Regi\u00e3o Metropolitana de S\u00e3o Paulo.<\/p>\n<p>A perda do animal de estima\u00e7\u00e3o, descrito por Eliezer como &#8220;filho&#8221;, gerou grande como\u00e7\u00e3o entre o casal. O influenciador revelou a profunda tristeza que est\u00e1 sentindo e como o gato tinha se tornado parte fundamental da fam\u00edlia. \u201cEle nos escolheu como fam\u00edlia e me escolheu como dono, pai\u201d, escreveu Eliezer em uma s\u00e9rie de stories, demonstrando o amor e a liga\u00e7\u00e3o que tinham com o animal.<\/p>\n<h2>Momentos com o gato e a homenagem de Viih Tube<\/h2>\n<p>Eliezer relembrou os momentos felizes ao lado do gato, que sempre fazia parte da rotina familiar. Ele mencionou como o animal j\u00e1 circulava pelo terreno antes da mudan\u00e7a para o condom\u00ednio e como a vida ao lado do bichano era uma constante de carinho e afeto. Agora, com a aus\u00eancia do gato, o influenciador expressa o quanto sentir\u00e1 falta desses momentos di\u00e1rios.<\/p>\n<p>Viih Tube, ex-participante do **Big Brother Brasil**, tamb\u00e9m compartilhou sua tristeza nas redes sociais. Ela revelou que o gato faleceu no dia 13 de outubro, mas s\u00f3 agora decidiu tornar p\u00fablico o ocorrido, respeitando o sofrimento de Eliezer nos primeiros dias ap\u00f3s a perda. &#8220;Voc\u00ea era nosso filho e nunca nos esqueceremos de tudo que vivemos&#8221;, escreveu Viih Tube, ressaltando o quanto o animal marcou a vida do casal desde o momento em que chegou \u00e0 casa.<\/p>\n<p>A perda de um animal de estima\u00e7\u00e3o \u00e9 um momento dif\u00edcil para qualquer fam\u00edlia, e o carinho que Viih Tube e Eliezer demonstraram por seu gato comoveu os f\u00e3s e seguidores, que se solidarizaram com o luto do casal.<\/p>\n<h2>Mania de Voc\u00ea: F\u00e1tima Lava a Alma do P\u00fablico ao Fazer Exig\u00eancia para Robson<\/h2>\n<p>Na novela das nove da Globo, *Mania de Voc\u00ea*, F\u00e1tima (interpretada por Mariana Santos) finalmente tomar\u00e1 uma atitude que surpreender\u00e1 o p\u00fablico e trar\u00e1 um ponto de virada para sua personagem. Durante grande parte da trama, a dona de casa sofreu humilha\u00e7\u00f5es constantes de seu marido, Robson (Eriberto Le\u00e3o), mas, influenciada por sua amiga e vizinha Diana (Vanessa Bueno), F\u00e1tima decidir\u00e1 se impor pela primeira vez.<\/p>\n<p>F\u00e1tima sempre viveu \u00e0 sombra de Robson, aceitando suas cr\u00edticas e manipula\u00e7\u00f5es, especialmente quando ele a comparava de maneira cruel com outras mulheres. No entanto, a rela\u00e7\u00e3o com Diana come\u00e7a a abrir os olhos de F\u00e1tima para os abusos psicol\u00f3gicos que ela sofre em casa. Depois de uma tarde descontra\u00edda \u00e0 beira da piscina, onde as duas conversam sobre relacionamentos e autoestima, Diana faz com que F\u00e1tima perceba o quanto seu marido a oprime.<\/p>\n<p>Esse momento marcar\u00e1 o in\u00edcio de uma transforma\u00e7\u00e3o na vida de F\u00e1tima. O p\u00fablico, que h\u00e1 muito tempo aguardava por uma rea\u00e7\u00e3o da personagem, finalmente ver\u00e1 a protagonista agir com firmeza.<\/p>\n<h2>O Confronto: F\u00e1tima se Imp\u00f5e Diante de Robson<\/h2>\n<p>A leveza do encontro com Diana ser\u00e1 interrompida pela chegada inesperada de Robson. Ele aparece na casa da vizinha para buscar F\u00e1tima, e, em uma atitude t\u00edpica do personagem, come\u00e7a a humilh\u00e1-la no caminho de volta para casa. Ele faz coment\u00e1rios cru\u00e9is sobre o corpo da esposa e, em um ato de cinismo, afirma ter admirado Diana de biqu\u00edni, tentando abalar ainda mais a autoestima de F\u00e1tima.<\/p>\n<p>Entretanto, para a surpresa de Robson e de muitos espectadores, F\u00e1tima n\u00e3o se cala. Revoltada com as atitudes do marido, ela o confronta pela primeira vez, exigindo respeito. F\u00e1tima n\u00e3o aceita mais as cr\u00edticas constantes nem a falta de considera\u00e7\u00e3o de Robson. Ela exige que ele se desculpe por menosprez\u00e1-la e por demonstrar interesse por outra mulher.<\/p>\n<p>Esse momento de imposi\u00e7\u00e3o representa um verdadeiro ponto de virada na vida de F\u00e1tima, e o p\u00fablico que torcia pela personagem finalmente ver\u00e1 a t\u00e3o esperada rea\u00e7\u00e3o. Robson, por outro lado, ficar\u00e1 chocado com a nova postura de sua esposa, sem saber como reagir.<\/p>\n<h2>Poss\u00edveis Reviravoltas em Mania de Voc\u00ea<\/h2>\n<p>Apesar do confronto, a rela\u00e7\u00e3o entre F\u00e1tima e Robson n\u00e3o chega ao fim de imediato, mas certamente sofrer\u00e1 mudan\u00e7as profundas. A atitude de F\u00e1tima \u00e9 apenas o primeiro passo para uma transforma\u00e7\u00e3o que promete agitar ainda mais a trama. Segundo informa\u00e7\u00f5es da produ\u00e7\u00e3o da novela, o autor j\u00e1 indicou que F\u00e1tima come\u00e7ar\u00e1 a ver Diana de uma forma diferente, o que poder\u00e1 trazer novas din\u00e2micas para o enredo.<\/p>\n<p>Al\u00e9m disso, o p\u00fablico pode esperar por mais cenas de empoderamento de F\u00e1tima, que, aos poucos, deixar\u00e1 de ser submissa ao marido. Esse desenvolvimento da personagem promete ser uma das tramas centrais de *Mania de Voc\u00ea*, mantendo os telespectadores ansiosos para acompanhar os pr\u00f3ximos cap\u00edtulos.<\/p>\n<h2>F\u00e1tima: De Oprimida a Protagonista de Sua Pr\u00f3pria Hist\u00f3ria<\/h2>\n<p>A trajet\u00f3ria de F\u00e1tima em *Mania de Voc\u00ea* \u00e9 um reflexo de muitas mulheres que, ao longo de suas vidas, sofrem em relacionamentos abusivos e manipuladores. A novela, ao retratar essa transforma\u00e7\u00e3o, n\u00e3o s\u00f3 proporciona um entretenimento de qualidade, mas tamb\u00e9m levanta quest\u00f5es importantes sobre autoestima, respeito e a for\u00e7a que cada pessoa pode encontrar dentro de si para mudar sua hist\u00f3ria.<\/p>\n<p>O p\u00fablico, que h\u00e1 muito tempo torcia para que F\u00e1tima se impusesse, agora ver\u00e1 a personagem tomar o controle de sua vida. E embora Robson ainda tente manipular a situa\u00e7\u00e3o, o desenrolar dos pr\u00f3ximos cap\u00edtulos mostrar\u00e1 se F\u00e1tima realmente se libertar\u00e1 das amarras do relacionamento ou se ainda enfrentar\u00e1 mais desafios.<\/p>\n<p>De qualquer forma, *Mania de Voc\u00ea* continua cativando a audi\u00eancia com tramas envolventes e personagens complexos, como F\u00e1tima, que est\u00e1 prestes a iniciar uma nova fase em sua vida.<\/p>\n<p>&nbsp;<\/p>\n<h2>Tiago Abravanel ironiza poss\u00edvel retorno ao SBT e comenta sobre a m\u00e3e estar fora da heran\u00e7a da emissora<\/h2>\n<p>Tiago Abravanel, neto de Silvio Santos, surpreendeu ao compartilhar, de maneira ir\u00f4nica, sua vis\u00e3o sobre a possibilidade de voltar a trabalhar no SBT ap\u00f3s as recentes mudan\u00e7as na emissora. Durante uma entrevista ao programa *Sem Censura*, na TV Brasil, o ator e apresentador comentou sobre a sa\u00edda de Eliana e a reformula\u00e7\u00e3o da grade de programa\u00e7\u00e3o do canal, revelando que n\u00e3o foi contatado para nenhum novo projeto.<\/p>\n<p>Ao ser questionado sobre a chance de voltar ao SBT, Tiago respondeu com uma ponta de ironia, mencionando que ainda n\u00e3o recebeu convites para assumir nenhum programa, mesmo com as altera\u00e7\u00f5es ocorrendo na emissora da fam\u00edlia. O artista brincou, sugerindo que suas tias poderiam considerar seu nome para novos projetos, j\u00e1 que o canal foi fundado por seu av\u00f4, Silvio Santos.<\/p>\n<h3>Tiago Abravanel j\u00e1 trabalhou no SBT<\/h3>\n<p>Tiago, que j\u00e1 comandou um programa nas noites de sexta-feira no SBT, tamb\u00e9m fez sucesso como participante do *Big Brother Brasil* e frequentou diversos programas da TV Globo. No entanto, at\u00e9 o momento, ele parece estar fora dos planos imediatos do canal da fam\u00edlia Abravanel.<\/p>\n<h3>M\u00e3e de Tiago, Cintia Abravanel, fora da heran\u00e7a do SBT<\/h3>\n<p>Um detalhe importante que Tiago destacou foi que sua m\u00e3e, Cintia Abravanel, n\u00e3o faz parte da divis\u00e3o da heran\u00e7a relacionada \u00e0 emissora. Em entrevista \u00e0 *Folha de S. Paulo*, Cintia afirmou que o canal ficar\u00e1 com suas irm\u00e3s, enquanto ela receber\u00e1 outros bens do pai. Cintia nunca demonstrou grande interesse pelo SBT, e Silvio Santos est\u00e1 organizando a divis\u00e3o de seu patrim\u00f4nio enquanto ainda est\u00e1 vivo.<\/p>\n<p>A declara\u00e7\u00e3o de Tiago sobre a situa\u00e7\u00e3o familiar chamou aten\u00e7\u00e3o, especialmente pelo tom descontra\u00eddo com que abordou o assunto, mesmo em meio \u00e0s incertezas sobre o futuro da emissora e de sua pr\u00f3pria carreira na televis\u00e3o.<\/p>\n<h2>Sabrina Sato Est\u00e1 Gr\u00e1vida de Nicolas Prattes e Espera o Segundo Filho<\/h2>\n<p>A apresentadora Sabrina Sato est\u00e1 \u00e0 espera de seu segundo filho, fruto de seu relacionamento com o ator Nicolas Prattes. A not\u00edcia foi confirmada pela assessoria de imprensa da famosa, que revelou que Sabrina j\u00e1 est\u00e1 no terceiro m\u00eas de gesta\u00e7\u00e3o. Para o casal, que anunciou o noivado em setembro de 2024, essa ser\u00e1 a primeira crian\u00e7a do relacionamento. Sabrina, no entanto, j\u00e1 \u00e9 m\u00e3e de Zoe, de cinco anos, filha de seu antigo relacionamento com o ator Duda Nagle.<\/p>\n<h3>Um Relacionamento Recente e Repleto de Emo\u00e7\u00f5es<\/h3>\n<p>Sabrina Sato e Nicolas Prattes come\u00e7aram a namorar no in\u00edcio de 2024, e o relacionamento logo se tornou um dos mais comentados do meio art\u00edstico. Em setembro, os dois compartilharam com o p\u00fablico o an\u00fancio de seu noivado, surpreendendo os f\u00e3s com a rapidez com que o relacionamento evoluiu. Agora, apenas um m\u00eas ap\u00f3s o an\u00fancio oficial do noivado, o casal revela a gravidez, um motivo de grande alegria e expectativa.<\/p>\n<p>Segundo a assessoria de Sabrina, a decis\u00e3o de manter a gravidez em segredo at\u00e9 agora foi tomada por quest\u00f5es de precau\u00e7\u00e3o m\u00e9dica. Como \u00e9 comum em muitas gesta\u00e7\u00f5es, o casal optou por esperar at\u00e9 o terceiro m\u00eas, per\u00edodo considerado mais seguro, antes de anunciar a novidade ao p\u00fablico.<\/p>\n<h3>Sabrina Sato: M\u00e3e Pela Segunda Vez<\/h3>\n<p>Sabrina Sato j\u00e1 tem experi\u00eancia na maternidade com sua filha Zoe, fruto de seu relacionamento de sete anos com Duda Nagle. A menina, que completou cinco anos, \u00e9 uma presen\u00e7a constante nas redes sociais da m\u00e3e, encantando seguidores com sua fofura e carisma. Zoe j\u00e1 \u00e9 uma pequena celebridade, e a expectativa para ver como ela vai lidar com o papel de irm\u00e3 mais velha \u00e9 grande entre os f\u00e3s da apresentadora.<\/p>\n<p>O t\u00e9rmino entre Sabrina e Duda aconteceu em mar\u00e7o de 2023, e desde ent\u00e3o, a apresentadora seguiu sua vida pessoal de forma discreta, at\u00e9 o in\u00edcio de seu romance com Nicolas Prattes, que agora se concretiza com a not\u00edcia da nova gesta\u00e7\u00e3o.<\/p>\n<h3>Expectativa para o Beb\u00ea de Sabrina e Nicolas<\/h3>\n<p>Embora o casal ainda n\u00e3o tenha revelado o sexo do beb\u00ea, a expectativa em torno da chegada do novo integrante da fam\u00edlia Sato-Prattes \u00e9 enorme. Em nota oficial, a assessoria de imprensa destacou que o casal est\u00e1 vivendo esse momento com muita f\u00e9 e esperan\u00e7a, ansiosos para que a gesta\u00e7\u00e3o continue evoluindo de forma tranquila.<\/p>\n<p>A imprensa e os f\u00e3s est\u00e3o atentos para acompanhar cada detalhe dessa nova fase na vida de Sabrina Sato. Conhecida por compartilhar momentos \u00edntimos e familiares em suas redes sociais, \u00e9 prov\u00e1vel que a apresentadora traga, nos pr\u00f3ximos meses, mais novidades sobre a gesta\u00e7\u00e3o e o desenvolvimento do beb\u00ea.<\/p>\n<h2><\/h2>\n","protected":false},"excerpt":{"rendered":"<p>V\u00edtima de infarto fulminante, ator da Globo morreu dias antes de receber homenagem especial da emissora O mundo da televis\u00e3o brasileira foi surpreendido, em 2013, com a morte de um de seus nomes mais respeitados e carism\u00e1ticos. Felipe Wagner, ator consagrado da TV Globo e lembrado com carinho pelo p\u00fablico por personagens marcantes, faleceu aos &hellip;<\/p>\n","protected":false},"author":1,"featured_media":358368,"comment_status":"open","ping_status":"open","sticky":false,"template":"","format":"standard","meta":{"_jetpack_memberships_contains_paid_content":false,"footnotes":""},"categories":[2,12612,3937],"tags":[],"class_list":["post-454795","post","type-post","status-publish","format-standard","has-post-thumbnail","hentry","category-entretenimento","category-mania-de-voce","category-resumo-de-novelas"],"yoast_head":"<!-- This site is optimized with the Yoast SEO plugin v27.4 - https:\/\/yoast.com\/product\/yoast-seo-wordpress\/ -->\n<title>V\u00edtima de um infarto fulminante, ator da Globo faleceu dias antes de ser homenageado pela Globo<\/title>\n<meta name=\"robots\" content=\"index, follow, max-snippet:-1, max-image-preview:large, max-video-preview:-1\" \/>\n<link rel=\"canonical\" href=\"https:\/\/mrnews.com.br\/index.php\/2026\/01\/25\/vitima-de-um-infarto-fulminante-ator-da-globo-faleceu-dias-antes-de-ser-homenageado-pela-globo\/\" \/>\n<meta property=\"og:locale\" content=\"pt_BR\" \/>\n<meta property=\"og:type\" content=\"article\" \/>\n<meta property=\"og:title\" content=\"V\u00edtima de um infarto fulminante, ator da Globo faleceu dias antes de ser homenageado pela Globo\" \/>\n<meta property=\"og:description\" content=\"V\u00edtima de infarto fulminante, ator da Globo morreu dias antes de receber homenagem especial da emissora O mundo da televis\u00e3o brasileira foi surpreendido, em 2013, com a morte de um de seus nomes mais respeitados e carism\u00e1ticos. Felipe Wagner, ator consagrado da TV Globo e lembrado com carinho pelo p\u00fablico por personagens marcantes, faleceu aos &hellip;\" \/>\n<meta property=\"og:url\" content=\"https:\/\/mrnews.com.br\/index.php\/2026\/01\/25\/vitima-de-um-infarto-fulminante-ator-da-globo-faleceu-dias-antes-de-ser-homenageado-pela-globo\/\" \/>\n<meta property=\"og:site_name\" content=\"MRNews\" \/>\n<meta property=\"article:publisher\" content=\"https:\/\/www.facebook.com\/eaipahpah\/?locale2=pt_BR\" \/>\n<meta property=\"article:published_time\" content=\"2026-01-25T12:27:00+00:00\" \/>\n<meta property=\"og:image\" content=\"https:\/\/mrnews.com.br\/wp-content\/uploads\/2022\/07\/LUTO-GLOBO.jpeg\" \/>\n\t<meta property=\"og:image:width\" content=\"696\" \/>\n\t<meta property=\"og:image:height\" content=\"365\" \/>\n\t<meta property=\"og:image:type\" content=\"image\/jpeg\" \/>\n<meta name=\"author\" content=\"MR News\" \/>\n<meta name=\"twitter:card\" content=\"summary_large_image\" \/>\n<meta name=\"twitter:creator\" content=\"@conspirou\" \/>\n<meta name=\"twitter:site\" content=\"@conspirou\" \/>\n<meta name=\"twitter:label1\" content=\"Escrito por\" \/>\n\t<meta name=\"twitter:data1\" content=\"MR News\" \/>\n\t<meta name=\"twitter:label2\" content=\"Est. tempo de leitura\" \/>\n\t<meta name=\"twitter:data2\" content=\"18 minutos\" \/>\n<script type=\"application\/ld+json\" class=\"yoast-schema-graph\">{\"@context\":\"https:\\\/\\\/schema.org\",\"@graph\":[{\"@type\":\"Article\",\"@id\":\"https:\\\/\\\/mrnews.com.br\\\/index.php\\\/2026\\\/01\\\/25\\\/vitima-de-um-infarto-fulminante-ator-da-globo-faleceu-dias-antes-de-ser-homenageado-pela-globo\\\/#article\",\"isPartOf\":{\"@id\":\"https:\\\/\\\/mrnews.com.br\\\/index.php\\\/2026\\\/01\\\/25\\\/vitima-de-um-infarto-fulminante-ator-da-globo-faleceu-dias-antes-de-ser-homenageado-pela-globo\\\/\"},\"author\":{\"name\":\"MR News\",\"@id\":\"https:\\\/\\\/mrnews.com.br\\\/#\\\/schema\\\/person\\\/be3203154562a9f207407861cef7827b\"},\"headline\":\"V\u00edtima de um infarto fulminante, ator da Globo faleceu dias antes de ser homenageado pela Globo\",\"datePublished\":\"2026-01-25T12:27:00+00:00\",\"mainEntityOfPage\":{\"@id\":\"https:\\\/\\\/mrnews.com.br\\\/index.php\\\/2026\\\/01\\\/25\\\/vitima-de-um-infarto-fulminante-ator-da-globo-faleceu-dias-antes-de-ser-homenageado-pela-globo\\\/\"},\"wordCount\":3683,\"commentCount\":0,\"publisher\":{\"@id\":\"https:\\\/\\\/mrnews.com.br\\\/#organization\"},\"image\":{\"@id\":\"https:\\\/\\\/mrnews.com.br\\\/index.php\\\/2026\\\/01\\\/25\\\/vitima-de-um-infarto-fulminante-ator-da-globo-faleceu-dias-antes-de-ser-homenageado-pela-globo\\\/#primaryimage\"},\"thumbnailUrl\":\"https:\\\/\\\/mrnews.com.br\\\/wp-content\\\/uploads\\\/2022\\\/07\\\/LUTO-GLOBO.jpeg\",\"articleSection\":[\"ENTRETENIMENTO\",\"Mania de Voc\u00ea\",\"Resumo de novelas\"],\"inLanguage\":\"pt-BR\",\"potentialAction\":[{\"@type\":\"CommentAction\",\"name\":\"Comment\",\"target\":[\"https:\\\/\\\/mrnews.com.br\\\/index.php\\\/2026\\\/01\\\/25\\\/vitima-de-um-infarto-fulminante-ator-da-globo-faleceu-dias-antes-de-ser-homenageado-pela-globo\\\/#respond\"]}]},{\"@type\":\"WebPage\",\"@id\":\"https:\\\/\\\/mrnews.com.br\\\/index.php\\\/2026\\\/01\\\/25\\\/vitima-de-um-infarto-fulminante-ator-da-globo-faleceu-dias-antes-de-ser-homenageado-pela-globo\\\/\",\"url\":\"https:\\\/\\\/mrnews.com.br\\\/index.php\\\/2026\\\/01\\\/25\\\/vitima-de-um-infarto-fulminante-ator-da-globo-faleceu-dias-antes-de-ser-homenageado-pela-globo\\\/\",\"name\":\"V\u00edtima de um infarto fulminante, ator da Globo faleceu dias antes de ser homenageado pela Globo\",\"isPartOf\":{\"@id\":\"https:\\\/\\\/mrnews.com.br\\\/#website\"},\"primaryImageOfPage\":{\"@id\":\"https:\\\/\\\/mrnews.com.br\\\/index.php\\\/2026\\\/01\\\/25\\\/vitima-de-um-infarto-fulminante-ator-da-globo-faleceu-dias-antes-de-ser-homenageado-pela-globo\\\/#primaryimage\"},\"image\":{\"@id\":\"https:\\\/\\\/mrnews.com.br\\\/index.php\\\/2026\\\/01\\\/25\\\/vitima-de-um-infarto-fulminante-ator-da-globo-faleceu-dias-antes-de-ser-homenageado-pela-globo\\\/#primaryimage\"},\"thumbnailUrl\":\"https:\\\/\\\/mrnews.com.br\\\/wp-content\\\/uploads\\\/2022\\\/07\\\/LUTO-GLOBO.jpeg\",\"datePublished\":\"2026-01-25T12:27:00+00:00\",\"breadcrumb\":{\"@id\":\"https:\\\/\\\/mrnews.com.br\\\/index.php\\\/2026\\\/01\\\/25\\\/vitima-de-um-infarto-fulminante-ator-da-globo-faleceu-dias-antes-de-ser-homenageado-pela-globo\\\/#breadcrumb\"},\"inLanguage\":\"pt-BR\",\"potentialAction\":[{\"@type\":\"ReadAction\",\"target\":[\"https:\\\/\\\/mrnews.com.br\\\/index.php\\\/2026\\\/01\\\/25\\\/vitima-de-um-infarto-fulminante-ator-da-globo-faleceu-dias-antes-de-ser-homenageado-pela-globo\\\/\"]}]},{\"@type\":\"ImageObject\",\"inLanguage\":\"pt-BR\",\"@id\":\"https:\\\/\\\/mrnews.com.br\\\/index.php\\\/2026\\\/01\\\/25\\\/vitima-de-um-infarto-fulminante-ator-da-globo-faleceu-dias-antes-de-ser-homenageado-pela-globo\\\/#primaryimage\",\"url\":\"https:\\\/\\\/mrnews.com.br\\\/wp-content\\\/uploads\\\/2022\\\/07\\\/LUTO-GLOBO.jpeg\",\"contentUrl\":\"https:\\\/\\\/mrnews.com.br\\\/wp-content\\\/uploads\\\/2022\\\/07\\\/LUTO-GLOBO.jpeg\",\"width\":696,\"height\":365},{\"@type\":\"BreadcrumbList\",\"@id\":\"https:\\\/\\\/mrnews.com.br\\\/index.php\\\/2026\\\/01\\\/25\\\/vitima-de-um-infarto-fulminante-ator-da-globo-faleceu-dias-antes-de-ser-homenageado-pela-globo\\\/#breadcrumb\",\"itemListElement\":[{\"@type\":\"ListItem\",\"position\":1,\"name\":\"In\u00edcio\",\"item\":\"https:\\\/\\\/mrnews.com.br\\\/\"},{\"@type\":\"ListItem\",\"position\":2,\"name\":\"V\u00edtima de um infarto fulminante, ator da Globo faleceu dias antes de ser homenageado pela Globo\"}]},{\"@type\":\"WebSite\",\"@id\":\"https:\\\/\\\/mrnews.com.br\\\/#website\",\"url\":\"https:\\\/\\\/mrnews.com.br\\\/\",\"name\":\"MRNews\",\"description\":\"MRNews Jogos de hoje da TV, transmiss\u00f5es ao vivo, Not\u00edcias de futebol, Jogos ao vivo, Lives, resumo de novelas, Programa\u00e7\u00e3o da Globo, A Fazenda e BBB\",\"publisher\":{\"@id\":\"https:\\\/\\\/mrnews.com.br\\\/#organization\"},\"potentialAction\":[{\"@type\":\"SearchAction\",\"target\":{\"@type\":\"EntryPoint\",\"urlTemplate\":\"https:\\\/\\\/mrnews.com.br\\\/?s={search_term_string}\"},\"query-input\":{\"@type\":\"PropertyValueSpecification\",\"valueRequired\":true,\"valueName\":\"search_term_string\"}}],\"inLanguage\":\"pt-BR\"},{\"@type\":\"Organization\",\"@id\":\"https:\\\/\\\/mrnews.com.br\\\/#organization\",\"name\":\"MRNews\",\"url\":\"https:\\\/\\\/mrnews.com.br\\\/\",\"logo\":{\"@type\":\"ImageObject\",\"inLanguage\":\"pt-BR\",\"@id\":\"https:\\\/\\\/mrnews.com.br\\\/#\\\/schema\\\/logo\\\/image\\\/\",\"url\":\"https:\\\/\\\/mrnews.com.br\\\/wp-content\\\/uploads\\\/2019\\\/06\\\/MRNewslogo2.png\",\"contentUrl\":\"https:\\\/\\\/mrnews.com.br\\\/wp-content\\\/uploads\\\/2019\\\/06\\\/MRNewslogo2.png\",\"width\":223,\"height\":58,\"caption\":\"MRNews\"},\"image\":{\"@id\":\"https:\\\/\\\/mrnews.com.br\\\/#\\\/schema\\\/logo\\\/image\\\/\"},\"sameAs\":[\"https:\\\/\\\/www.facebook.com\\\/eaipahpah\\\/?locale2=pt_BR\",\"https:\\\/\\\/x.com\\\/conspirou\",\"https:\\\/\\\/www.instagram.com\\\/eai_pahpah\",\"https:\\\/\\\/br.pinterest.com\\\/mrnewsn\\\/boards\\\/\",\"https:\\\/\\\/www.youtube.com\\\/channel\\\/UCacgnpznQ61fifLWr1tQ-vA?view_as=subscriber\"]},{\"@type\":\"Person\",\"@id\":\"https:\\\/\\\/mrnews.com.br\\\/#\\\/schema\\\/person\\\/be3203154562a9f207407861cef7827b\",\"name\":\"MR News\",\"image\":{\"@type\":\"ImageObject\",\"inLanguage\":\"pt-BR\",\"@id\":\"https:\\\/\\\/secure.gravatar.com\\\/avatar\\\/04084e6d73c042b8646e7c17b494073bf0ede3ea13c7105cfc45cbbbc28385a4?s=96&d=monsterid&r=g\",\"url\":\"https:\\\/\\\/secure.gravatar.com\\\/avatar\\\/04084e6d73c042b8646e7c17b494073bf0ede3ea13c7105cfc45cbbbc28385a4?s=96&d=monsterid&r=g\",\"contentUrl\":\"https:\\\/\\\/secure.gravatar.com\\\/avatar\\\/04084e6d73c042b8646e7c17b494073bf0ede3ea13c7105cfc45cbbbc28385a4?s=96&d=monsterid&r=g\",\"caption\":\"MR News\"},\"description\":\"Especializado em jornalismo colaborativo pela FTP em n\u00edvel de p\u00f3s-gradua\u00e7\u00e3o. suporte@oimeliga.combr\",\"sameAs\":[\"HUGO R.\",\"Admin\"],\"url\":\"https:\\\/\\\/mrnews.com.br\\\/index.php\\\/author\\\/admin\\\/\"}]}<\/script>\n<!-- \/ Yoast SEO plugin. -->","yoast_head_json":{"title":"V\u00edtima de um infarto fulminante, ator da Globo faleceu dias antes de ser homenageado pela Globo","robots":{"index":"index","follow":"follow","max-snippet":"max-snippet:-1","max-image-preview":"max-image-preview:large","max-video-preview":"max-video-preview:-1"},"canonical":"https:\/\/mrnews.com.br\/index.php\/2026\/01\/25\/vitima-de-um-infarto-fulminante-ator-da-globo-faleceu-dias-antes-de-ser-homenageado-pela-globo\/","og_locale":"pt_BR","og_type":"article","og_title":"V\u00edtima de um infarto fulminante, ator da Globo faleceu dias antes de ser homenageado pela Globo","og_description":"V\u00edtima de infarto fulminante, ator da Globo morreu dias antes de receber homenagem especial da emissora O mundo da televis\u00e3o brasileira foi surpreendido, em 2013, com a morte de um de seus nomes mais respeitados e carism\u00e1ticos. Felipe Wagner, ator consagrado da TV Globo e lembrado com carinho pelo p\u00fablico por personagens marcantes, faleceu aos &hellip;","og_url":"https:\/\/mrnews.com.br\/index.php\/2026\/01\/25\/vitima-de-um-infarto-fulminante-ator-da-globo-faleceu-dias-antes-de-ser-homenageado-pela-globo\/","og_site_name":"MRNews","article_publisher":"https:\/\/www.facebook.com\/eaipahpah\/?locale2=pt_BR","article_published_time":"2026-01-25T12:27:00+00:00","og_image":[{"width":696,"height":365,"url":"https:\/\/mrnews.com.br\/wp-content\/uploads\/2022\/07\/LUTO-GLOBO.jpeg","type":"image\/jpeg"}],"author":"MR News","twitter_card":"summary_large_image","twitter_creator":"@conspirou","twitter_site":"@conspirou","twitter_misc":{"Escrito por":"MR News","Est. tempo de leitura":"18 minutos"},"schema":{"@context":"https:\/\/schema.org","@graph":[{"@type":"Article","@id":"https:\/\/mrnews.com.br\/index.php\/2026\/01\/25\/vitima-de-um-infarto-fulminante-ator-da-globo-faleceu-dias-antes-de-ser-homenageado-pela-globo\/#article","isPartOf":{"@id":"https:\/\/mrnews.com.br\/index.php\/2026\/01\/25\/vitima-de-um-infarto-fulminante-ator-da-globo-faleceu-dias-antes-de-ser-homenageado-pela-globo\/"},"author":{"name":"MR News","@id":"https:\/\/mrnews.com.br\/#\/schema\/person\/be3203154562a9f207407861cef7827b"},"headline":"V\u00edtima de um infarto fulminante, ator da Globo faleceu dias antes de ser homenageado pela Globo","datePublished":"2026-01-25T12:27:00+00:00","mainEntityOfPage":{"@id":"https:\/\/mrnews.com.br\/index.php\/2026\/01\/25\/vitima-de-um-infarto-fulminante-ator-da-globo-faleceu-dias-antes-de-ser-homenageado-pela-globo\/"},"wordCount":3683,"commentCount":0,"publisher":{"@id":"https:\/\/mrnews.com.br\/#organization"},"image":{"@id":"https:\/\/mrnews.com.br\/index.php\/2026\/01\/25\/vitima-de-um-infarto-fulminante-ator-da-globo-faleceu-dias-antes-de-ser-homenageado-pela-globo\/#primaryimage"},"thumbnailUrl":"https:\/\/mrnews.com.br\/wp-content\/uploads\/2022\/07\/LUTO-GLOBO.jpeg","articleSection":["ENTRETENIMENTO","Mania de Voc\u00ea","Resumo de novelas"],"inLanguage":"pt-BR","potentialAction":[{"@type":"CommentAction","name":"Comment","target":["https:\/\/mrnews.com.br\/index.php\/2026\/01\/25\/vitima-de-um-infarto-fulminante-ator-da-globo-faleceu-dias-antes-de-ser-homenageado-pela-globo\/#respond"]}]},{"@type":"WebPage","@id":"https:\/\/mrnews.com.br\/index.php\/2026\/01\/25\/vitima-de-um-infarto-fulminante-ator-da-globo-faleceu-dias-antes-de-ser-homenageado-pela-globo\/","url":"https:\/\/mrnews.com.br\/index.php\/2026\/01\/25\/vitima-de-um-infarto-fulminante-ator-da-globo-faleceu-dias-antes-de-ser-homenageado-pela-globo\/","name":"V\u00edtima de um infarto fulminante, ator da Globo faleceu dias antes de ser homenageado pela Globo","isPartOf":{"@id":"https:\/\/mrnews.com.br\/#website"},"primaryImageOfPage":{"@id":"https:\/\/mrnews.com.br\/index.php\/2026\/01\/25\/vitima-de-um-infarto-fulminante-ator-da-globo-faleceu-dias-antes-de-ser-homenageado-pela-globo\/#primaryimage"},"image":{"@id":"https:\/\/mrnews.com.br\/index.php\/2026\/01\/25\/vitima-de-um-infarto-fulminante-ator-da-globo-faleceu-dias-antes-de-ser-homenageado-pela-globo\/#primaryimage"},"thumbnailUrl":"https:\/\/mrnews.com.br\/wp-content\/uploads\/2022\/07\/LUTO-GLOBO.jpeg","datePublished":"2026-01-25T12:27:00+00:00","breadcrumb":{"@id":"https:\/\/mrnews.com.br\/index.php\/2026\/01\/25\/vitima-de-um-infarto-fulminante-ator-da-globo-faleceu-dias-antes-de-ser-homenageado-pela-globo\/#breadcrumb"},"inLanguage":"pt-BR","potentialAction":[{"@type":"ReadAction","target":["https:\/\/mrnews.com.br\/index.php\/2026\/01\/25\/vitima-de-um-infarto-fulminante-ator-da-globo-faleceu-dias-antes-de-ser-homenageado-pela-globo\/"]}]},{"@type":"ImageObject","inLanguage":"pt-BR","@id":"https:\/\/mrnews.com.br\/index.php\/2026\/01\/25\/vitima-de-um-infarto-fulminante-ator-da-globo-faleceu-dias-antes-de-ser-homenageado-pela-globo\/#primaryimage","url":"https:\/\/mrnews.com.br\/wp-content\/uploads\/2022\/07\/LUTO-GLOBO.jpeg","contentUrl":"https:\/\/mrnews.com.br\/wp-content\/uploads\/2022\/07\/LUTO-GLOBO.jpeg","width":696,"height":365},{"@type":"BreadcrumbList","@id":"https:\/\/mrnews.com.br\/index.php\/2026\/01\/25\/vitima-de-um-infarto-fulminante-ator-da-globo-faleceu-dias-antes-de-ser-homenageado-pela-globo\/#breadcrumb","itemListElement":[{"@type":"ListItem","position":1,"name":"In\u00edcio","item":"https:\/\/mrnews.com.br\/"},{"@type":"ListItem","position":2,"name":"V\u00edtima de um infarto fulminante, ator da Globo faleceu dias antes de ser homenageado pela Globo"}]},{"@type":"WebSite","@id":"https:\/\/mrnews.com.br\/#website","url":"https:\/\/mrnews.com.br\/","name":"MRNews","description":"MRNews Jogos de hoje da TV, transmiss\u00f5es ao vivo, Not\u00edcias de futebol, Jogos ao vivo, Lives, resumo de novelas, Programa\u00e7\u00e3o da Globo, A Fazenda e BBB","publisher":{"@id":"https:\/\/mrnews.com.br\/#organization"},"potentialAction":[{"@type":"SearchAction","target":{"@type":"EntryPoint","urlTemplate":"https:\/\/mrnews.com.br\/?s={search_term_string}"},"query-input":{"@type":"PropertyValueSpecification","valueRequired":true,"valueName":"search_term_string"}}],"inLanguage":"pt-BR"},{"@type":"Organization","@id":"https:\/\/mrnews.com.br\/#organization","name":"MRNews","url":"https:\/\/mrnews.com.br\/","logo":{"@type":"ImageObject","inLanguage":"pt-BR","@id":"https:\/\/mrnews.com.br\/#\/schema\/logo\/image\/","url":"https:\/\/mrnews.com.br\/wp-content\/uploads\/2019\/06\/MRNewslogo2.png","contentUrl":"https:\/\/mrnews.com.br\/wp-content\/uploads\/2019\/06\/MRNewslogo2.png","width":223,"height":58,"caption":"MRNews"},"image":{"@id":"https:\/\/mrnews.com.br\/#\/schema\/logo\/image\/"},"sameAs":["https:\/\/www.facebook.com\/eaipahpah\/?locale2=pt_BR","https:\/\/x.com\/conspirou","https:\/\/www.instagram.com\/eai_pahpah","https:\/\/br.pinterest.com\/mrnewsn\/boards\/","https:\/\/www.youtube.com\/channel\/UCacgnpznQ61fifLWr1tQ-vA?view_as=subscriber"]},{"@type":"Person","@id":"https:\/\/mrnews.com.br\/#\/schema\/person\/be3203154562a9f207407861cef7827b","name":"MR News","image":{"@type":"ImageObject","inLanguage":"pt-BR","@id":"https:\/\/secure.gravatar.com\/avatar\/04084e6d73c042b8646e7c17b494073bf0ede3ea13c7105cfc45cbbbc28385a4?s=96&d=monsterid&r=g","url":"https:\/\/secure.gravatar.com\/avatar\/04084e6d73c042b8646e7c17b494073bf0ede3ea13c7105cfc45cbbbc28385a4?s=96&d=monsterid&r=g","contentUrl":"https:\/\/secure.gravatar.com\/avatar\/04084e6d73c042b8646e7c17b494073bf0ede3ea13c7105cfc45cbbbc28385a4?s=96&d=monsterid&r=g","caption":"MR News"},"description":"Especializado em jornalismo colaborativo pela FTP em n\u00edvel de p\u00f3s-gradua\u00e7\u00e3o. suporte@oimeliga.combr","sameAs":["HUGO R.","Admin"],"url":"https:\/\/mrnews.com.br\/index.php\/author\/admin\/"}]}},"jetpack_featured_media_url":"https:\/\/mrnews.com.br\/wp-content\/uploads\/2022\/07\/LUTO-GLOBO.jpeg","jetpack_sharing_enabled":true,"jetpack_shortlink":"https:\/\/wp.me\/pa2Qf7-1Ujp","amp_enabled":true,"_links":{"self":[{"href":"https:\/\/mrnews.com.br\/index.php\/wp-json\/wp\/v2\/posts\/454795","targetHints":{"allow":["GET"]}}],"collection":[{"href":"https:\/\/mrnews.com.br\/index.php\/wp-json\/wp\/v2\/posts"}],"about":[{"href":"https:\/\/mrnews.com.br\/index.php\/wp-json\/wp\/v2\/types\/post"}],"author":[{"embeddable":true,"href":"https:\/\/mrnews.com.br\/index.php\/wp-json\/wp\/v2\/users\/1"}],"replies":[{"embeddable":true,"href":"https:\/\/mrnews.com.br\/index.php\/wp-json\/wp\/v2\/comments?post=454795"}],"version-history":[{"count":1,"href":"https:\/\/mrnews.com.br\/index.php\/wp-json\/wp\/v2\/posts\/454795\/revisions"}],"predecessor-version":[{"id":454796,"href":"https:\/\/mrnews.com.br\/index.php\/wp-json\/wp\/v2\/posts\/454795\/revisions\/454796"}],"wp:featuredmedia":[{"embeddable":true,"href":"https:\/\/mrnews.com.br\/index.php\/wp-json\/wp\/v2\/media\/358368"}],"wp:attachment":[{"href":"https:\/\/mrnews.com.br\/index.php\/wp-json\/wp\/v2\/media?parent=454795"}],"wp:term":[{"taxonomy":"category","embeddable":true,"href":"https:\/\/mrnews.com.br\/index.php\/wp-json\/wp\/v2\/categories?post=454795"},{"taxonomy":"post_tag","embeddable":true,"href":"https:\/\/mrnews.com.br\/index.php\/wp-json\/wp\/v2\/tags?post=454795"}],"curies":[{"name":"wp","href":"https:\/\/api.w.org\/{rel}","templated":true}]}}