{"id":454807,"date":"2026-01-25T16:08:30","date_gmt":"2026-01-25T19:08:30","guid":{"rendered":"https:\/\/mrnews.com.br\/index.php\/2026\/01\/25\/selo-bandeira-azul-vai-receber-inscricoes-de-praias-e-marinas-em-abril\/"},"modified":"2026-01-25T16:08:30","modified_gmt":"2026-01-25T19:08:30","slug":"selo-bandeira-azul-vai-receber-inscricoes-de-praias-e-marinas-em-abril","status":"publish","type":"post","link":"https:\/\/mrnews.com.br\/index.php\/2026\/01\/25\/selo-bandeira-azul-vai-receber-inscricoes-de-praias-e-marinas-em-abril\/","title":{"rendered":"Selo Bandeira Azul vai receber inscri\u00e7\u00f5es de praias e marinas em abril"},"content":{"rendered":"<p>Por EBC, <\/p>\n<div>\n<p>As inscri\u00e7\u00f5es de praias e marinas brasileiras para a obten\u00e7\u00e3o do Selo Bandeira Azul da temporada 2026\/2027 ser\u00e3o recebidas em abril pelo\u00a0Instituto Ambientes em Rede, respons\u00e1vel pelo Programa Bandeira Azul no Brasil. <strong>A certifica\u00e7\u00e3o internacional reconhece que o cumprimento de crit\u00e9rios de qualidade da \u00e1gua, gest\u00e3o ambiental, seguran\u00e7a e educa\u00e7\u00e3o ambiental.<\/strong><\/p>\n<p>No caso das praias, a inscri\u00e7\u00e3o deve ser feita pelas prefeituras, que s\u00e3o os respons\u00e1veis legais. Se a praia estiver dentro de uma unidade de conserva\u00e7\u00e3o federal ou estadual, a inscri\u00e7\u00e3o deve\u00a0ser feita conjuntamente com\u00a0a\u00a0Uni\u00e3o, que responde pela maioria dos servi\u00e7os, como coleta de lixo e contrata\u00e7\u00e3o de guarda-vidas. J\u00e1 no caso das marinas, s\u00e3o os donos dos locais que\u00a0fazem a inscri\u00e7\u00e3o.<\/p>\n<p>Os relat\u00f3rios enviados com as candidaturas ser\u00e3o analisados\u00a0em maio, quando tamb\u00e9m ser\u00e1 realizada uma oficina sobre a premia\u00e7\u00e3o, para que, em junho,\u00a0o j\u00fari nacional se reuna\u00a0e decida quais ser\u00e3o aprovadas.<\/p>\n<p>As candidaturas selecionadas ser\u00e3o submetidas ao j\u00fari internacional, que se re\u00fane em setembro, em Copenhague, na Dinamarca, para dar a palavra final. A\u00a0coordenadora nacional do Instituto Ambientes em Rede, Leana Bernardi disse \u00e0 <strong>Ag\u00eancia Brasil <\/strong>que as informa\u00e7\u00f5es apresentadas ser\u00e3o checadas.<\/p>\n<p>\u201cNesse meio tempo, a equipe t\u00e9cnica do programa vai fazendo as visitas \u00e0s praias e marinas inscritas, para verificar se o que est\u00e1 na documenta\u00e7\u00e3o \u00e9 encontrado de fato nas praias\u201d.<\/p>\n<p><strong>O instituto entregar\u00e1 a bandeira azul aos munic\u00edpios participantes no in\u00edcio de novembro deste ano, em cerimonia nacional. <\/strong>Cada munic\u00edpio decidir\u00e1, ent\u00e3o, se inicia sua temporada durante o m\u00eas de novembro ou come\u00e7o de dezembro.<\/p>\n<p>No hemisf\u00e9rio sul, a temporada inclui dois anos, porque o per\u00edodo de maior calor come\u00e7a em novembro e a alta temporada termina em mar\u00e7o. J\u00e1 no hemisf\u00e9rio norte, a temporada dura um ano s\u00f3. Leana explicou que, enquanto a bandeira estiver hasteada, todos os crit\u00e9rios precisam ser cumpridos diariamente.<\/p>\n<h2>Crit\u00e9rios<\/h2>\n<p>Atualmente\u00a0em 50 pa\u00edses, a certifica\u00e7\u00e3o tem crit\u00e9rios adaptados \u00e0s legisla\u00e7\u00f5es nacionais, mas que se mant\u00eam praticamente os mesmos no mundo todo, afirmou Leana. Um dos principais \u00e9 a\u00a0qualidade da \u00e1gua, que tem de ser comprovada por meio de testes de balneabilidade.<\/p>\n<p>Outro ponto avaliado\u00a0\u00e9 a gest\u00e3o ambiental, ou seja, como o munic\u00edpio faz a gest\u00e3o dos res\u00edduos e de todos os servi\u00e7os nas praias e nos equipamentos de apoio aos usu\u00e1rios, como estacionamento, banheiros, rampa de acesso e\u00a0posto de guarda-vidas, por exemplo.<\/p>\n<p>O terceiro crit\u00e9rio envolve a educa\u00e7\u00e3o ambiental, porque se o programa busca\u00a0mudan\u00e7a de comportamento e sustentabilidade. \u201cTodas as praias e marinas com o Selo Bandeira Azul t\u00eam que fazer a\u00e7\u00f5es de informa\u00e7\u00e3o e educa\u00e7\u00e3o ambiental,\u00a0sinalizar com placas ou totens com QRCode sobre o meio ambiente da regi\u00e3o, sobre unidade de conserva\u00e7\u00e3o, sobre restinga e fazer a\u00e7\u00f5es de educa\u00e7\u00e3o ambiental ativas, envolvendo estudantes e trabalhadores da praia\u201d, explicou a coordenadora nacional.<\/p>\n<p>O quarto crit\u00e9rio que deve ser atendido est\u00e1 relacionado \u00e0 seguran\u00e7a em todos os sentidos, desde a presen\u00e7a de guarda-vidas a\u00a0policiamento, se necess\u00e1rio, al\u00e9m de seguran\u00e7a dos equipamentos, para que as pessoas tenham uma experi\u00eancia tranquila na praia.<\/p>\n<h2>Temporada atual<\/h2>\n<p><strong>Na atual temporada 2025\/2026, o Brasil obteve 60 bandeiras, sendo 50 praias e dez marinas.<\/strong> Duas praias, entretanto, perderam o selo pelo descumprimento das determina\u00e7\u00f5es:\u00a0um trecho da Praia da Reserva, no Rio de Janeiro, em frente ao Parque Natural Municipal Nelson Mandela, por quest\u00f5es n\u00e3o resolvidas com a Uni\u00e3o; e a Praia da Barra do Rio Pi\u00e7arras, em Santa Catarina, onde a prefeitura iniciou alargamento da faixa de areia.\u00a0<\/p>\n<p>Apesar disso, <strong>Santa Catarina continua na lideran\u00e7a brasileira,\u00a0com 25 praias e cinco marinas com o Selo Bandeira Azul<\/strong>;\u00a0seguida pelo Rio de Janeiro, com 17 praias e uma marina;\u00a0Bahia, com quatro praias e uma marina;\u00a0S\u00e3o Paulo, com uma praia e tr\u00eas marinas; e Alagoas, com uma praia.<\/p>\n<p>Leana Bernardi revelou que h\u00e1 expectativa de crescimento do n\u00famero de candidatos e que mais de 25 praias est\u00e3o em\u00a0fase piloto, entre elas, uma praia no\u00a0Cear\u00e1, e marinas no Rio Grande do Sul e no Paran\u00e1.\u00a0<\/p>\n<p>O Selo Bandeira Azul foi criado na Fran\u00e7a, em 1987, conseguindo ades\u00e3o de mais tr\u00eas pa\u00edses no ano seguinte. No Brasil, foi iniciada a prepara\u00e7\u00e3o das primeiras praias para concorrer ao selo em 2006, mas a primeira praia do pa\u00eds foi aprovada s\u00f3 em 2009. A primeira praia com o Selo de Bandeira Azul foi a Jurer\u00ea Internacional, em Florian\u00f3polis (SC) mas, ao n\u00e3o cumprir crit\u00e9rios estabelecidos, saiu da lista. Na temporada 2010\/2011, o lugar foi ocupado pela Praia do Tombo, no Guaruj\u00e1 (SP).<\/p>\n<h2>Saiba quais s\u00e3o as 48 praias brasileiras com Selo Bandeira Azul<\/h2>\n<ul>\n<li>Praia do Patacho, Porto de Pedras \u2013 AL<\/li>\n<li>Praia do Para\u00edso \u2013 Guarajuba, Cama\u00e7ari \u2013 BA<\/li>\n<li>Praia da Espera \u2013 Itacimirim, Cama\u00e7ari \u2013 BA<\/li>\n<li>Praia da Vira\u00e7\u00e3o \u2013 Ilhas dos Frades, Salvador \u2013 BA<\/li>\n<li>Ponta de Nossa Senhora de Guadalupe \u2013 Ilha dos Frades, Salvador \u2013 BA<\/li>\n<li>Praia Azeda-Azedinha, Arma\u00e7\u00e3o dos B\u00fazios \u2013 RJ<\/li>\n<li>Praia do Forno, Arma\u00e7\u00e3o dos B\u00fazios \u2013 RJ<\/li>\n<li>Praia de Jos\u00e9 Gon\u00e7alves, Arma\u00e7\u00e3o dos B\u00fazios \u2013 RJ<\/li>\n<li>Praia de Tucuns, Arma\u00e7\u00e3o dos B\u00fazios \u2013 RJ<\/li>\n<li>Praia Lagunar Cai\u00e7ara \u2013 Arraial do Cabo \u2013 RJ<\/li>\n<li>Praia do Foguete, Cabo Frio \u2013 RJ (Trecho em frente a Lagoa das Gar\u00e7as)<\/li>\n<li>Praia do Per\u00f3, Cabo Frio \u2013 RJ<\/li>\n<li>Praia do Pontal do Per\u00f3, Cabo Frio \u2013 RJ<\/li>\n<li>Praia da Cidade Nova, Iguaba Grande \u2013 RJ<\/li>\n<li>Praia de Ub\u00e1s, Iguaba Grande \u2013 RJ<\/li>\n<li>Praia do Sossego, Niter\u00f3i \u2013 RJ<\/li>\n<li>Prainha, Rio de Janeiro \u2013 RJ<\/li>\n<li>Praia de Grumari, Rio de Janeiro \u2013 RJ (Trecho central)<\/li>\n<li>Praia das Pedras de Sapiatiba, S\u00e3o Pedro da Aldeia \u2013 RJ<\/li>\n<li>Praia das Pedras de Ita\u00fana, Saquarema \u2013 RJ<\/li>\n<li>Praia do Canto da Vila, Saquarema \u2013 RJ<\/li>\n<li>Prainha, Saquarema \u2013 RJ<\/li>\n<li>Praia do Estaleirinho, Balne\u00e1rio Cambori\u00fa \u2013 SC<\/li>\n<li>Praia do Estaleiro, Balne\u00e1rio Cambori\u00fa \u2013 SC<\/li>\n<li>Praia de Taquaras, Balne\u00e1rio Cambori\u00fa \u2013 SC<\/li>\n<li>Praia Central, Balne\u00e1rio Pi\u00e7arras \u2013 SC<\/li>\n<li>Praia de Pi\u00e7arras, Balne\u00e1rio Pi\u00e7arras \u2013 SC<\/li>\n<li>Praia da Ponta do Jacques, Balne\u00e1rio Pi\u00e7arras \u2013 SC<\/li>\n<li>Praia da Concei\u00e7\u00e3o, Bombinhas \u2013 SC<\/li>\n<li>Praia de Quatro Ilhas, Bombinhas \u2013 SC<\/li>\n<li>Praia da Tainha, Bombinhas \u2013 SC<\/li>\n<li>Praia de Mariscal, Bombinhas \u2013 SC<\/li>\n<li>Prainha de Mariscal, Bombinhas \u2013 SC<\/li>\n<li>Praia da Lagoa do Peri, Florian\u00f3polis \u2013 SC<\/li>\n<li>Praia das Cordas, Governador Celso Ramos \u2013 SC<\/li>\n<li>Praia Grande, Governador Celso Ramos \u2013 SC<\/li>\n<li>Prainha de It\u00e1, It\u00e1 \u2013 SC<\/li>\n<li>Praia dos Molhes do Atalaia, Itaja\u00ed \u2013 SC<\/li>\n<li>Praia da Bacia da Vov\u00f3, Penha \u2013 SC<\/li>\n<li>Praia da Saudade, Penha \u2013 SC<\/li>\n<li>Praia Grande, Penha \u2013 SC<\/li>\n<li>Praia Vermelha, Penha \u2013 SC<\/li>\n<li>Praia do Ervino, S\u00e3o Francisco do Sul \u2013 SC<\/li>\n<li>Praia de Ubatuba, S\u00e3o Francisco do Sul \u2013 SC<\/li>\n<li>Praia do Forte, S\u00e3o Francisco do Sul \u2013 SC<\/li>\n<li>Praia Grande, S\u00e3o Francisco do Sul \u2013 SC<\/li>\n<li>Prainha \u2013 Praia da Saudade, S\u00e3o Francisco do Sul \u2013 SC<\/li>\n<li>Praia do Tombo, Guaruj\u00e1 \u2013 SP<\/li>\n<\/ul>\n<p>      <!-- Relacionada --><\/p>\n<p>            <!-- Relacionada -->\n    <\/div>\n","protected":false},"excerpt":{"rendered":"<p>Por EBC, As inscri\u00e7\u00f5es de praias e marinas brasileiras para a obten\u00e7\u00e3o do Selo Bandeira Azul da temporada 2026\/2027 ser\u00e3o recebidas em abril pelo\u00a0Instituto Ambientes em Rede, respons\u00e1vel pelo Programa Bandeira Azul no Brasil. A certifica\u00e7\u00e3o internacional reconhece que o cumprimento de crit\u00e9rios de qualidade da \u00e1gua, gest\u00e3o ambiental, seguran\u00e7a e educa\u00e7\u00e3o ambiental. No caso &hellip;<\/p>\n","protected":false},"author":1,"featured_media":0,"comment_status":"open","ping_status":"open","sticky":false,"template":"","format":"standard","meta":{"_jetpack_memberships_contains_paid_content":false,"footnotes":""},"categories":[2,12225,4],"tags":[],"class_list":["post-454807","post","type-post","status-publish","format-standard","hentry","category-entretenimento","category-noticias","category-servicos"],"yoast_head":"<!-- This site is optimized with the Yoast SEO plugin v27.5 - https:\/\/yoast.com\/product\/yoast-seo-wordpress\/ -->\n<title>Selo Bandeira Azul vai receber inscri\u00e7\u00f5es de praias e marinas em abril<\/title>\n<meta name=\"robots\" content=\"index, follow, max-snippet:-1, max-image-preview:large, max-video-preview:-1\" \/>\n<link rel=\"canonical\" href=\"https:\/\/mrnews.com.br\/index.php\/2026\/01\/25\/selo-bandeira-azul-vai-receber-inscricoes-de-praias-e-marinas-em-abril\/\" \/>\n<meta property=\"og:locale\" content=\"pt_BR\" \/>\n<meta property=\"og:type\" content=\"article\" \/>\n<meta property=\"og:title\" content=\"Selo Bandeira Azul vai receber inscri\u00e7\u00f5es de praias e marinas em abril\" \/>\n<meta property=\"og:description\" content=\"Por EBC, As inscri\u00e7\u00f5es de praias e marinas brasileiras para a obten\u00e7\u00e3o do Selo Bandeira Azul da temporada 2026\/2027 ser\u00e3o recebidas em abril pelo\u00a0Instituto Ambientes em Rede, respons\u00e1vel pelo Programa Bandeira Azul no Brasil. A certifica\u00e7\u00e3o internacional reconhece que o cumprimento de crit\u00e9rios de qualidade da \u00e1gua, gest\u00e3o ambiental, seguran\u00e7a e educa\u00e7\u00e3o ambiental. No caso &hellip;\" \/>\n<meta property=\"og:url\" content=\"https:\/\/mrnews.com.br\/index.php\/2026\/01\/25\/selo-bandeira-azul-vai-receber-inscricoes-de-praias-e-marinas-em-abril\/\" \/>\n<meta property=\"og:site_name\" content=\"MRNews\" \/>\n<meta property=\"article:publisher\" content=\"https:\/\/www.facebook.com\/eaipahpah\/?locale2=pt_BR\" \/>\n<meta property=\"article:published_time\" content=\"2026-01-25T19:08:30+00:00\" \/>\n<meta name=\"author\" content=\"MR News\" \/>\n<meta name=\"twitter:card\" content=\"summary_large_image\" \/>\n<meta name=\"twitter:creator\" content=\"@conspirou\" \/>\n<meta name=\"twitter:site\" content=\"@conspirou\" \/>\n<meta name=\"twitter:label1\" content=\"Escrito por\" \/>\n\t<meta name=\"twitter:data1\" content=\"MR News\" \/>\n\t<meta name=\"twitter:label2\" content=\"Est. tempo de leitura\" \/>\n\t<meta name=\"twitter:data2\" content=\"6 minutos\" \/>\n<script type=\"application\/ld+json\" class=\"yoast-schema-graph\">{\"@context\":\"https:\\\/\\\/schema.org\",\"@graph\":[{\"@type\":\"Article\",\"@id\":\"https:\\\/\\\/mrnews.com.br\\\/index.php\\\/2026\\\/01\\\/25\\\/selo-bandeira-azul-vai-receber-inscricoes-de-praias-e-marinas-em-abril\\\/#article\",\"isPartOf\":{\"@id\":\"https:\\\/\\\/mrnews.com.br\\\/index.php\\\/2026\\\/01\\\/25\\\/selo-bandeira-azul-vai-receber-inscricoes-de-praias-e-marinas-em-abril\\\/\"},\"author\":{\"name\":\"MR News\",\"@id\":\"https:\\\/\\\/mrnews.com.br\\\/#\\\/schema\\\/person\\\/be3203154562a9f207407861cef7827b\"},\"headline\":\"Selo Bandeira Azul vai receber inscri\u00e7\u00f5es de praias e marinas em abril\",\"datePublished\":\"2026-01-25T19:08:30+00:00\",\"mainEntityOfPage\":{\"@id\":\"https:\\\/\\\/mrnews.com.br\\\/index.php\\\/2026\\\/01\\\/25\\\/selo-bandeira-azul-vai-receber-inscricoes-de-praias-e-marinas-em-abril\\\/\"},\"wordCount\":1208,\"commentCount\":0,\"publisher\":{\"@id\":\"https:\\\/\\\/mrnews.com.br\\\/#organization\"},\"articleSection\":[\"ENTRETENIMENTO\",\"NOTICIAS\",\"SERVI\u00c7OS\"],\"inLanguage\":\"pt-BR\",\"potentialAction\":[{\"@type\":\"CommentAction\",\"name\":\"Comment\",\"target\":[\"https:\\\/\\\/mrnews.com.br\\\/index.php\\\/2026\\\/01\\\/25\\\/selo-bandeira-azul-vai-receber-inscricoes-de-praias-e-marinas-em-abril\\\/#respond\"]}]},{\"@type\":\"WebPage\",\"@id\":\"https:\\\/\\\/mrnews.com.br\\\/index.php\\\/2026\\\/01\\\/25\\\/selo-bandeira-azul-vai-receber-inscricoes-de-praias-e-marinas-em-abril\\\/\",\"url\":\"https:\\\/\\\/mrnews.com.br\\\/index.php\\\/2026\\\/01\\\/25\\\/selo-bandeira-azul-vai-receber-inscricoes-de-praias-e-marinas-em-abril\\\/\",\"name\":\"Selo Bandeira Azul vai receber inscri\u00e7\u00f5es de praias e marinas em abril\",\"isPartOf\":{\"@id\":\"https:\\\/\\\/mrnews.com.br\\\/#website\"},\"datePublished\":\"2026-01-25T19:08:30+00:00\",\"breadcrumb\":{\"@id\":\"https:\\\/\\\/mrnews.com.br\\\/index.php\\\/2026\\\/01\\\/25\\\/selo-bandeira-azul-vai-receber-inscricoes-de-praias-e-marinas-em-abril\\\/#breadcrumb\"},\"inLanguage\":\"pt-BR\",\"potentialAction\":[{\"@type\":\"ReadAction\",\"target\":[\"https:\\\/\\\/mrnews.com.br\\\/index.php\\\/2026\\\/01\\\/25\\\/selo-bandeira-azul-vai-receber-inscricoes-de-praias-e-marinas-em-abril\\\/\"]}]},{\"@type\":\"BreadcrumbList\",\"@id\":\"https:\\\/\\\/mrnews.com.br\\\/index.php\\\/2026\\\/01\\\/25\\\/selo-bandeira-azul-vai-receber-inscricoes-de-praias-e-marinas-em-abril\\\/#breadcrumb\",\"itemListElement\":[{\"@type\":\"ListItem\",\"position\":1,\"name\":\"In\u00edcio\",\"item\":\"https:\\\/\\\/mrnews.com.br\\\/\"},{\"@type\":\"ListItem\",\"position\":2,\"name\":\"Selo Bandeira Azul vai receber inscri\u00e7\u00f5es de praias e marinas em abril\"}]},{\"@type\":\"WebSite\",\"@id\":\"https:\\\/\\\/mrnews.com.br\\\/#website\",\"url\":\"https:\\\/\\\/mrnews.com.br\\\/\",\"name\":\"MRNews\",\"description\":\"MRNews Jogos de hoje da TV, transmiss\u00f5es ao vivo, Not\u00edcias de futebol, Jogos ao vivo, Lives, resumo de novelas, Programa\u00e7\u00e3o da Globo, A Fazenda e BBB\",\"publisher\":{\"@id\":\"https:\\\/\\\/mrnews.com.br\\\/#organization\"},\"potentialAction\":[{\"@type\":\"SearchAction\",\"target\":{\"@type\":\"EntryPoint\",\"urlTemplate\":\"https:\\\/\\\/mrnews.com.br\\\/?s={search_term_string}\"},\"query-input\":{\"@type\":\"PropertyValueSpecification\",\"valueRequired\":true,\"valueName\":\"search_term_string\"}}],\"inLanguage\":\"pt-BR\"},{\"@type\":\"Organization\",\"@id\":\"https:\\\/\\\/mrnews.com.br\\\/#organization\",\"name\":\"MRNews\",\"url\":\"https:\\\/\\\/mrnews.com.br\\\/\",\"logo\":{\"@type\":\"ImageObject\",\"inLanguage\":\"pt-BR\",\"@id\":\"https:\\\/\\\/mrnews.com.br\\\/#\\\/schema\\\/logo\\\/image\\\/\",\"url\":\"https:\\\/\\\/mrnews.com.br\\\/wp-content\\\/uploads\\\/2019\\\/06\\\/MRNewslogo2.png\",\"contentUrl\":\"https:\\\/\\\/mrnews.com.br\\\/wp-content\\\/uploads\\\/2019\\\/06\\\/MRNewslogo2.png\",\"width\":223,\"height\":58,\"caption\":\"MRNews\"},\"image\":{\"@id\":\"https:\\\/\\\/mrnews.com.br\\\/#\\\/schema\\\/logo\\\/image\\\/\"},\"sameAs\":[\"https:\\\/\\\/www.facebook.com\\\/eaipahpah\\\/?locale2=pt_BR\",\"https:\\\/\\\/x.com\\\/conspirou\",\"https:\\\/\\\/www.instagram.com\\\/eai_pahpah\",\"https:\\\/\\\/br.pinterest.com\\\/mrnewsn\\\/boards\\\/\",\"https:\\\/\\\/www.youtube.com\\\/channel\\\/UCacgnpznQ61fifLWr1tQ-vA?view_as=subscriber\"]},{\"@type\":\"Person\",\"@id\":\"https:\\\/\\\/mrnews.com.br\\\/#\\\/schema\\\/person\\\/be3203154562a9f207407861cef7827b\",\"name\":\"MR News\",\"image\":{\"@type\":\"ImageObject\",\"inLanguage\":\"pt-BR\",\"@id\":\"https:\\\/\\\/secure.gravatar.com\\\/avatar\\\/04084e6d73c042b8646e7c17b494073bf0ede3ea13c7105cfc45cbbbc28385a4?s=96&d=monsterid&r=g\",\"url\":\"https:\\\/\\\/secure.gravatar.com\\\/avatar\\\/04084e6d73c042b8646e7c17b494073bf0ede3ea13c7105cfc45cbbbc28385a4?s=96&d=monsterid&r=g\",\"contentUrl\":\"https:\\\/\\\/secure.gravatar.com\\\/avatar\\\/04084e6d73c042b8646e7c17b494073bf0ede3ea13c7105cfc45cbbbc28385a4?s=96&d=monsterid&r=g\",\"caption\":\"MR News\"},\"description\":\"Especializado em jornalismo colaborativo pela FTP em n\u00edvel de p\u00f3s-gradua\u00e7\u00e3o. suporte@oimeliga.combr\",\"sameAs\":[\"HUGO R.\",\"Admin\"],\"url\":\"https:\\\/\\\/mrnews.com.br\\\/index.php\\\/author\\\/admin\\\/\"}]}<\/script>\n<!-- \/ Yoast SEO plugin. -->","yoast_head_json":{"title":"Selo Bandeira Azul vai receber inscri\u00e7\u00f5es de praias e marinas em abril","robots":{"index":"index","follow":"follow","max-snippet":"max-snippet:-1","max-image-preview":"max-image-preview:large","max-video-preview":"max-video-preview:-1"},"canonical":"https:\/\/mrnews.com.br\/index.php\/2026\/01\/25\/selo-bandeira-azul-vai-receber-inscricoes-de-praias-e-marinas-em-abril\/","og_locale":"pt_BR","og_type":"article","og_title":"Selo Bandeira Azul vai receber inscri\u00e7\u00f5es de praias e marinas em abril","og_description":"Por EBC, As inscri\u00e7\u00f5es de praias e marinas brasileiras para a obten\u00e7\u00e3o do Selo Bandeira Azul da temporada 2026\/2027 ser\u00e3o recebidas em abril pelo\u00a0Instituto Ambientes em Rede, respons\u00e1vel pelo Programa Bandeira Azul no Brasil. A certifica\u00e7\u00e3o internacional reconhece que o cumprimento de crit\u00e9rios de qualidade da \u00e1gua, gest\u00e3o ambiental, seguran\u00e7a e educa\u00e7\u00e3o ambiental. No caso &hellip;","og_url":"https:\/\/mrnews.com.br\/index.php\/2026\/01\/25\/selo-bandeira-azul-vai-receber-inscricoes-de-praias-e-marinas-em-abril\/","og_site_name":"MRNews","article_publisher":"https:\/\/www.facebook.com\/eaipahpah\/?locale2=pt_BR","article_published_time":"2026-01-25T19:08:30+00:00","author":"MR News","twitter_card":"summary_large_image","twitter_creator":"@conspirou","twitter_site":"@conspirou","twitter_misc":{"Escrito por":"MR News","Est. tempo de leitura":"6 minutos"},"schema":{"@context":"https:\/\/schema.org","@graph":[{"@type":"Article","@id":"https:\/\/mrnews.com.br\/index.php\/2026\/01\/25\/selo-bandeira-azul-vai-receber-inscricoes-de-praias-e-marinas-em-abril\/#article","isPartOf":{"@id":"https:\/\/mrnews.com.br\/index.php\/2026\/01\/25\/selo-bandeira-azul-vai-receber-inscricoes-de-praias-e-marinas-em-abril\/"},"author":{"name":"MR News","@id":"https:\/\/mrnews.com.br\/#\/schema\/person\/be3203154562a9f207407861cef7827b"},"headline":"Selo Bandeira Azul vai receber inscri\u00e7\u00f5es de praias e marinas em abril","datePublished":"2026-01-25T19:08:30+00:00","mainEntityOfPage":{"@id":"https:\/\/mrnews.com.br\/index.php\/2026\/01\/25\/selo-bandeira-azul-vai-receber-inscricoes-de-praias-e-marinas-em-abril\/"},"wordCount":1208,"commentCount":0,"publisher":{"@id":"https:\/\/mrnews.com.br\/#organization"},"articleSection":["ENTRETENIMENTO","NOTICIAS","SERVI\u00c7OS"],"inLanguage":"pt-BR","potentialAction":[{"@type":"CommentAction","name":"Comment","target":["https:\/\/mrnews.com.br\/index.php\/2026\/01\/25\/selo-bandeira-azul-vai-receber-inscricoes-de-praias-e-marinas-em-abril\/#respond"]}]},{"@type":"WebPage","@id":"https:\/\/mrnews.com.br\/index.php\/2026\/01\/25\/selo-bandeira-azul-vai-receber-inscricoes-de-praias-e-marinas-em-abril\/","url":"https:\/\/mrnews.com.br\/index.php\/2026\/01\/25\/selo-bandeira-azul-vai-receber-inscricoes-de-praias-e-marinas-em-abril\/","name":"Selo Bandeira Azul vai receber inscri\u00e7\u00f5es de praias e marinas em abril","isPartOf":{"@id":"https:\/\/mrnews.com.br\/#website"},"datePublished":"2026-01-25T19:08:30+00:00","breadcrumb":{"@id":"https:\/\/mrnews.com.br\/index.php\/2026\/01\/25\/selo-bandeira-azul-vai-receber-inscricoes-de-praias-e-marinas-em-abril\/#breadcrumb"},"inLanguage":"pt-BR","potentialAction":[{"@type":"ReadAction","target":["https:\/\/mrnews.com.br\/index.php\/2026\/01\/25\/selo-bandeira-azul-vai-receber-inscricoes-de-praias-e-marinas-em-abril\/"]}]},{"@type":"BreadcrumbList","@id":"https:\/\/mrnews.com.br\/index.php\/2026\/01\/25\/selo-bandeira-azul-vai-receber-inscricoes-de-praias-e-marinas-em-abril\/#breadcrumb","itemListElement":[{"@type":"ListItem","position":1,"name":"In\u00edcio","item":"https:\/\/mrnews.com.br\/"},{"@type":"ListItem","position":2,"name":"Selo Bandeira Azul vai receber inscri\u00e7\u00f5es de praias e marinas em abril"}]},{"@type":"WebSite","@id":"https:\/\/mrnews.com.br\/#website","url":"https:\/\/mrnews.com.br\/","name":"MRNews","description":"MRNews Jogos de hoje da TV, transmiss\u00f5es ao vivo, Not\u00edcias de futebol, Jogos ao vivo, Lives, resumo de novelas, Programa\u00e7\u00e3o da Globo, A Fazenda e BBB","publisher":{"@id":"https:\/\/mrnews.com.br\/#organization"},"potentialAction":[{"@type":"SearchAction","target":{"@type":"EntryPoint","urlTemplate":"https:\/\/mrnews.com.br\/?s={search_term_string}"},"query-input":{"@type":"PropertyValueSpecification","valueRequired":true,"valueName":"search_term_string"}}],"inLanguage":"pt-BR"},{"@type":"Organization","@id":"https:\/\/mrnews.com.br\/#organization","name":"MRNews","url":"https:\/\/mrnews.com.br\/","logo":{"@type":"ImageObject","inLanguage":"pt-BR","@id":"https:\/\/mrnews.com.br\/#\/schema\/logo\/image\/","url":"https:\/\/mrnews.com.br\/wp-content\/uploads\/2019\/06\/MRNewslogo2.png","contentUrl":"https:\/\/mrnews.com.br\/wp-content\/uploads\/2019\/06\/MRNewslogo2.png","width":223,"height":58,"caption":"MRNews"},"image":{"@id":"https:\/\/mrnews.com.br\/#\/schema\/logo\/image\/"},"sameAs":["https:\/\/www.facebook.com\/eaipahpah\/?locale2=pt_BR","https:\/\/x.com\/conspirou","https:\/\/www.instagram.com\/eai_pahpah","https:\/\/br.pinterest.com\/mrnewsn\/boards\/","https:\/\/www.youtube.com\/channel\/UCacgnpznQ61fifLWr1tQ-vA?view_as=subscriber"]},{"@type":"Person","@id":"https:\/\/mrnews.com.br\/#\/schema\/person\/be3203154562a9f207407861cef7827b","name":"MR News","image":{"@type":"ImageObject","inLanguage":"pt-BR","@id":"https:\/\/secure.gravatar.com\/avatar\/04084e6d73c042b8646e7c17b494073bf0ede3ea13c7105cfc45cbbbc28385a4?s=96&d=monsterid&r=g","url":"https:\/\/secure.gravatar.com\/avatar\/04084e6d73c042b8646e7c17b494073bf0ede3ea13c7105cfc45cbbbc28385a4?s=96&d=monsterid&r=g","contentUrl":"https:\/\/secure.gravatar.com\/avatar\/04084e6d73c042b8646e7c17b494073bf0ede3ea13c7105cfc45cbbbc28385a4?s=96&d=monsterid&r=g","caption":"MR News"},"description":"Especializado em jornalismo colaborativo pela FTP em n\u00edvel de p\u00f3s-gradua\u00e7\u00e3o. suporte@oimeliga.combr","sameAs":["HUGO R.","Admin"],"url":"https:\/\/mrnews.com.br\/index.php\/author\/admin\/"}]}},"jetpack_featured_media_url":"","jetpack_sharing_enabled":true,"jetpack_shortlink":"https:\/\/wp.me\/pa2Qf7-1UjB","amp_enabled":true,"_links":{"self":[{"href":"https:\/\/mrnews.com.br\/index.php\/wp-json\/wp\/v2\/posts\/454807","targetHints":{"allow":["GET"]}}],"collection":[{"href":"https:\/\/mrnews.com.br\/index.php\/wp-json\/wp\/v2\/posts"}],"about":[{"href":"https:\/\/mrnews.com.br\/index.php\/wp-json\/wp\/v2\/types\/post"}],"author":[{"embeddable":true,"href":"https:\/\/mrnews.com.br\/index.php\/wp-json\/wp\/v2\/users\/1"}],"replies":[{"embeddable":true,"href":"https:\/\/mrnews.com.br\/index.php\/wp-json\/wp\/v2\/comments?post=454807"}],"version-history":[{"count":0,"href":"https:\/\/mrnews.com.br\/index.php\/wp-json\/wp\/v2\/posts\/454807\/revisions"}],"wp:attachment":[{"href":"https:\/\/mrnews.com.br\/index.php\/wp-json\/wp\/v2\/media?parent=454807"}],"wp:term":[{"taxonomy":"category","embeddable":true,"href":"https:\/\/mrnews.com.br\/index.php\/wp-json\/wp\/v2\/categories?post=454807"},{"taxonomy":"post_tag","embeddable":true,"href":"https:\/\/mrnews.com.br\/index.php\/wp-json\/wp\/v2\/tags?post=454807"}],"curies":[{"name":"wp","href":"https:\/\/api.w.org\/{rel}","templated":true}]}}