{"id":454810,"date":"2026-01-25T17:32:31","date_gmt":"2026-01-25T20:32:31","guid":{"rendered":"https:\/\/mrnews.com.br\/index.php\/2026\/01\/25\/tragedia-anunciada-diz-mae-de-vitimas-sobre-barragem-de-brumadinho\/"},"modified":"2026-01-25T17:32:31","modified_gmt":"2026-01-25T20:32:31","slug":"tragedia-anunciada-diz-mae-de-vitimas-sobre-barragem-de-brumadinho","status":"publish","type":"post","link":"https:\/\/mrnews.com.br\/index.php\/2026\/01\/25\/tragedia-anunciada-diz-mae-de-vitimas-sobre-barragem-de-brumadinho\/","title":{"rendered":"&#8220;Trag\u00e9dia anunciada&#8221;, diz m\u00e3e de v\u00edtimas sobre barragem de Brumadinho"},"content":{"rendered":"<p>Por EBC, <\/p>\n<div>\n<p>Sentadas no ch\u00e3o da Avenida Paulista, em S\u00e3o Paulo, crian\u00e7as v\u00e3o amassando a argila e fazendo pequenos vasinhos para acomodar as sementes ou as plantinhas que receberam e que futuramente v\u00e3o germinar e dar frutos. O manuseio desse barro \u00e9 um ato simb\u00f3lico para relembrar os sete anos de uma das maiores trag\u00e9dias do pa\u00eds, quando 272 pessoas morreram ap\u00f3s o rompimento da barragem da mineradora Vale, em Brumadinho.<\/p>\n<div class=\"dnd-widget-wrapper context-cheio_8colunas type-image\">\n<div class=\"dnd-atom-rendered\"><!-- scald=451148:cheio_8colunas --><\/p>\n<p>    <!-- END scald=451148 --><\/div>\n<p><h6 class=\"meta\"><!--copyright=451148-->Ato simb\u00f3lico marca os sete anos do rompimento da barragem de Brumadinho- <strong>Paulo Pinto\/Ag\u00eancia Brasil<\/strong><!--END copyright=451148--><\/h6>\n<\/p>\n<\/div>\n<p>O ato foi promovido pelo Instituto Camila e Luiz Taliberti, entidade que foi criada em homenagem aos dois filhos de Helena Taliberti, mortos em consequ\u00eancia do rompimento da barragem. Ambos estavam hospedados na Pousada Nova Est\u00e2ncia,\u00a0engolida pelos rejeitos.<\/p>\n<p>Al\u00e9m dos filhos, Helena\u00a0perdeu ainda a\u00a0nora, Fernanda Damian, que estava gr\u00e1vida de cinco meses do primeiro filho. Nessa mesma viagem morreram ainda o\u00a0ex-marido, pai de Camila e de Luiz, que estava acompanhado de sua ent\u00e3o esposa.<\/p>\n<div class=\"dnd-widget-wrapper context-cheio_8colunas type-image\">\n<div class=\"dnd-atom-rendered\"><!-- scald=451154:cheio_8colunas --><\/p>\n<p>    <!-- END scald=451154 --><\/div>\n<p><h6 class=\"meta\">Helena Taliberti pede justi\u00e7a para que trag\u00e9dias como a de Brumadinho n\u00e3o aconte\u00e7am mais\u00a0&#8211; <strong>Paulo Pinto\/Ag\u00eancia Brasil<\/strong><!--END copyright=451154--><\/h6>\n<\/p>\n<\/div>\n<p>\u201cAs crian\u00e7as s\u00e3o o nosso futuro\u201d, disse Helena, com os olhos em l\u00e1grimas, em entrevista \u00e0 <strong>Ag\u00eancia Brasil<\/strong> neste domingo (25). \u201cEstou um pouco emocionada porque n\u00e3o vou ter netos mais. Mas eu acho que ainda tenho obriga\u00e7\u00e3o de zelar pelo futuro dessas gera\u00e7\u00f5es para que elas entendam o que \u00e9 o meio ambiente. O meio ambiente n\u00e3o \u00e9 l\u00e1 na Amaz\u00f4nia, o meio ambiente n\u00e3o \u00e9 l\u00e1 no Pantanal&#8221;, lamentou.<\/p>\n<p>A ativista ressalta a necessidade de se cuidar de todos os biomas e que a capital S\u00e3o Paulo\u00a0est\u00e1 incrustada na Mata Atl\u00e2ntica, mas s\u00f3 tem\u00a012% do bioma\u00a0original.<\/p>\n<blockquote>\n<p>&#8220;A gente precisa sim criar, dentro das nossas cidades, nichos importantes de respiro do planeta. S\u00e3o Paulo precisa ter respiros e um trabalho muito importante com as pr\u00f3ximas gera\u00e7\u00f5es para que n\u00e3o seja uma cidade invi\u00e1vel do ponto de vista de moradia\u201d, refor\u00e7ou.<\/p>\n<\/blockquote>\n<p>Al\u00e9m da oficina de argila com as crian\u00e7as, uma sirene foi tocada na Avenida Paulista, \u00e0s 12h28, para marcar o hor\u00e1rio em que a trag\u00e9dia de Brumadinho teve in\u00edcio e relembrar que, em 25 de janeiro, h\u00e1 sete anos, a sirene de alerta n\u00e3o tocou para avisar as pessoas sobre o rompimento da barragem.<\/p>\n<p>\u201cPelas investiga\u00e7\u00f5es que ocorreram, a gente soube que a empresa sabia que a barragem estava com problemas e que precisava de manuten\u00e7\u00e3o, mas n\u00e3o fez a manuten\u00e7\u00e3o adequadamente. Aquela trag\u00e9dia poderia ter sido evitada&#8221;, ressalta. Helena enfatiza que se a sirene tivesse tocado,\u00a0teria evitado mortes.<\/p>\n<blockquote>\n<p>&#8220;A import\u00e2ncia de chamarmos a aten\u00e7\u00e3o para essa trag\u00e9dia \u00e9 para que ela n\u00e3o se repita e, mais do que isso, precisamos lembrar que aconteceu em Mariana\u00a0antes de Brumadinho. Mariana, na verdade, foi a verdadeira sirene de Brumadinho e que ningu\u00e9m ouviu\u201d, destacou Helena.<\/p>\n<\/blockquote>\n<div class=\"dnd-widget-wrapper context-cheio_8colunas type-image\">\n<div class=\"dnd-atom-rendered\"><!-- scald=451153:cheio_8colunas --><\/p>\n<p>    <!-- END scald=451153 --><\/div>\n<p><h6 class=\"meta\">Ato na Avenida Paulista cobra justi\u00e7a no\u00a0dia que marca sete anos do rompimento da barragem em Brumadinho &#8211; <strong>Paulo Pinto\/Ag\u00eancia Brasil<\/strong><!--END copyright=451153--><\/h6>\n<\/p>\n<\/div>\n<h2>Sem justi\u00e7a<\/h2>\n<p>Passados sete anos da trag\u00e9dia, ainda n\u00e3o houve responsabiliza\u00e7\u00e3o criminal, ou seja, ningu\u00e9m\u00a0respondeu pelo crime. Um processo tramita na Justi\u00e7a mineira e vai julgar 15 pessoas pelo epis\u00f3dio.<\/p>\n<p>\u201cA Justi\u00e7a n\u00e3o foi feita\u201d, conclui Helena. \u201c\u00c9 importante que se saiba que a repara\u00e7\u00e3o est\u00e1 sendo muito lenta, n\u00e3o tem sido adequada e as pessoas que foram atingidas perderam tudo o que tinham &#8211; como suas casas, suas lavouras, seus animais &#8211; e isso n\u00e3o foi reposto, n\u00e3o foi reparado&#8221;, lamentou.<\/p>\n<p>Helena refor\u00e7a que repara\u00e7\u00e3o \u00e9 um termo duvidoso, porque n\u00e3o se pode reparar a morte de algu\u00e9m.\u00a0&#8220;Isso n\u00e3o existe. Mas a repara\u00e7\u00e3o para os atingidos precisa acontecer. E tamb\u00e9m a justi\u00e7a, para que as pessoas envolvidas sejam responsabilizadas pelo que fizeram\u201d, ressaltou.<\/p>\n<p>Segundo a ativista, a responsabiliza\u00e7\u00e3o \u00e9 importante, inclusive, para evitar que novas trag\u00e9dias como semelhantes aconte\u00e7am\u00a0no\u00a0pa\u00eds. \u201cA impunidade \u00e9 a porta para acontecer de novo. E a gente n\u00e3o pode permitir que isso aconte\u00e7a de novo\u201d.<\/p>\n<p>      <!-- Relacionada --><\/p>\n<p>            <!-- Relacionada -->\n    <\/div>\n","protected":false},"excerpt":{"rendered":"<p>Por EBC, Sentadas no ch\u00e3o da Avenida Paulista, em S\u00e3o Paulo, crian\u00e7as v\u00e3o amassando a argila e fazendo pequenos vasinhos para acomodar as sementes ou as plantinhas que receberam e que futuramente v\u00e3o germinar e dar frutos. O manuseio desse barro \u00e9 um ato simb\u00f3lico para relembrar os sete anos de uma das maiores trag\u00e9dias &hellip;<\/p>\n","protected":false},"author":1,"featured_media":0,"comment_status":"open","ping_status":"open","sticky":false,"template":"","format":"standard","meta":{"_jetpack_memberships_contains_paid_content":false,"footnotes":""},"categories":[2,12225,4],"tags":[],"class_list":["post-454810","post","type-post","status-publish","format-standard","hentry","category-entretenimento","category-noticias","category-servicos"],"yoast_head":"<!-- This site is optimized with the Yoast SEO plugin v27.4 - https:\/\/yoast.com\/product\/yoast-seo-wordpress\/ -->\n<title>&quot;Trag\u00e9dia anunciada&quot;, diz m\u00e3e de v\u00edtimas sobre barragem de Brumadinho<\/title>\n<meta name=\"robots\" content=\"index, follow, max-snippet:-1, max-image-preview:large, max-video-preview:-1\" \/>\n<link rel=\"canonical\" href=\"https:\/\/mrnews.com.br\/index.php\/2026\/01\/25\/tragedia-anunciada-diz-mae-de-vitimas-sobre-barragem-de-brumadinho\/\" \/>\n<meta property=\"og:locale\" content=\"pt_BR\" \/>\n<meta property=\"og:type\" content=\"article\" \/>\n<meta property=\"og:title\" content=\"&quot;Trag\u00e9dia anunciada&quot;, diz m\u00e3e de v\u00edtimas sobre barragem de Brumadinho\" \/>\n<meta property=\"og:description\" content=\"Por EBC, Sentadas no ch\u00e3o da Avenida Paulista, em S\u00e3o Paulo, crian\u00e7as v\u00e3o amassando a argila e fazendo pequenos vasinhos para acomodar as sementes ou as plantinhas que receberam e que futuramente v\u00e3o germinar e dar frutos. O manuseio desse barro \u00e9 um ato simb\u00f3lico para relembrar os sete anos de uma das maiores trag\u00e9dias &hellip;\" \/>\n<meta property=\"og:url\" content=\"https:\/\/mrnews.com.br\/index.php\/2026\/01\/25\/tragedia-anunciada-diz-mae-de-vitimas-sobre-barragem-de-brumadinho\/\" \/>\n<meta property=\"og:site_name\" content=\"MRNews\" \/>\n<meta property=\"article:publisher\" content=\"https:\/\/www.facebook.com\/eaipahpah\/?locale2=pt_BR\" \/>\n<meta property=\"article:published_time\" content=\"2026-01-25T20:32:31+00:00\" \/>\n<meta name=\"author\" content=\"MR News\" \/>\n<meta name=\"twitter:card\" content=\"summary_large_image\" \/>\n<meta name=\"twitter:creator\" content=\"@conspirou\" \/>\n<meta name=\"twitter:site\" content=\"@conspirou\" \/>\n<meta name=\"twitter:label1\" content=\"Escrito por\" \/>\n\t<meta name=\"twitter:data1\" content=\"MR News\" \/>\n\t<meta name=\"twitter:label2\" content=\"Est. tempo de leitura\" \/>\n\t<meta name=\"twitter:data2\" content=\"4 minutos\" \/>\n<script type=\"application\/ld+json\" class=\"yoast-schema-graph\">{\"@context\":\"https:\\\/\\\/schema.org\",\"@graph\":[{\"@type\":\"Article\",\"@id\":\"https:\\\/\\\/mrnews.com.br\\\/index.php\\\/2026\\\/01\\\/25\\\/tragedia-anunciada-diz-mae-de-vitimas-sobre-barragem-de-brumadinho\\\/#article\",\"isPartOf\":{\"@id\":\"https:\\\/\\\/mrnews.com.br\\\/index.php\\\/2026\\\/01\\\/25\\\/tragedia-anunciada-diz-mae-de-vitimas-sobre-barragem-de-brumadinho\\\/\"},\"author\":{\"name\":\"MR News\",\"@id\":\"https:\\\/\\\/mrnews.com.br\\\/#\\\/schema\\\/person\\\/be3203154562a9f207407861cef7827b\"},\"headline\":\"&#8220;Trag\u00e9dia anunciada&#8221;, diz m\u00e3e de v\u00edtimas sobre barragem de Brumadinho\",\"datePublished\":\"2026-01-25T20:32:31+00:00\",\"mainEntityOfPage\":{\"@id\":\"https:\\\/\\\/mrnews.com.br\\\/index.php\\\/2026\\\/01\\\/25\\\/tragedia-anunciada-diz-mae-de-vitimas-sobre-barragem-de-brumadinho\\\/\"},\"wordCount\":742,\"commentCount\":0,\"publisher\":{\"@id\":\"https:\\\/\\\/mrnews.com.br\\\/#organization\"},\"articleSection\":[\"ENTRETENIMENTO\",\"NOTICIAS\",\"SERVI\u00c7OS\"],\"inLanguage\":\"pt-BR\",\"potentialAction\":[{\"@type\":\"CommentAction\",\"name\":\"Comment\",\"target\":[\"https:\\\/\\\/mrnews.com.br\\\/index.php\\\/2026\\\/01\\\/25\\\/tragedia-anunciada-diz-mae-de-vitimas-sobre-barragem-de-brumadinho\\\/#respond\"]}]},{\"@type\":\"WebPage\",\"@id\":\"https:\\\/\\\/mrnews.com.br\\\/index.php\\\/2026\\\/01\\\/25\\\/tragedia-anunciada-diz-mae-de-vitimas-sobre-barragem-de-brumadinho\\\/\",\"url\":\"https:\\\/\\\/mrnews.com.br\\\/index.php\\\/2026\\\/01\\\/25\\\/tragedia-anunciada-diz-mae-de-vitimas-sobre-barragem-de-brumadinho\\\/\",\"name\":\"\\\"Trag\u00e9dia anunciada\\\", diz m\u00e3e de v\u00edtimas sobre barragem de Brumadinho\",\"isPartOf\":{\"@id\":\"https:\\\/\\\/mrnews.com.br\\\/#website\"},\"datePublished\":\"2026-01-25T20:32:31+00:00\",\"breadcrumb\":{\"@id\":\"https:\\\/\\\/mrnews.com.br\\\/index.php\\\/2026\\\/01\\\/25\\\/tragedia-anunciada-diz-mae-de-vitimas-sobre-barragem-de-brumadinho\\\/#breadcrumb\"},\"inLanguage\":\"pt-BR\",\"potentialAction\":[{\"@type\":\"ReadAction\",\"target\":[\"https:\\\/\\\/mrnews.com.br\\\/index.php\\\/2026\\\/01\\\/25\\\/tragedia-anunciada-diz-mae-de-vitimas-sobre-barragem-de-brumadinho\\\/\"]}]},{\"@type\":\"BreadcrumbList\",\"@id\":\"https:\\\/\\\/mrnews.com.br\\\/index.php\\\/2026\\\/01\\\/25\\\/tragedia-anunciada-diz-mae-de-vitimas-sobre-barragem-de-brumadinho\\\/#breadcrumb\",\"itemListElement\":[{\"@type\":\"ListItem\",\"position\":1,\"name\":\"In\u00edcio\",\"item\":\"https:\\\/\\\/mrnews.com.br\\\/\"},{\"@type\":\"ListItem\",\"position\":2,\"name\":\"&#8220;Trag\u00e9dia anunciada&#8221;, diz m\u00e3e de v\u00edtimas sobre barragem de Brumadinho\"}]},{\"@type\":\"WebSite\",\"@id\":\"https:\\\/\\\/mrnews.com.br\\\/#website\",\"url\":\"https:\\\/\\\/mrnews.com.br\\\/\",\"name\":\"MRNews\",\"description\":\"MRNews Jogos de hoje da TV, transmiss\u00f5es ao vivo, Not\u00edcias de futebol, Jogos ao vivo, Lives, resumo de novelas, Programa\u00e7\u00e3o da Globo, A Fazenda e BBB\",\"publisher\":{\"@id\":\"https:\\\/\\\/mrnews.com.br\\\/#organization\"},\"potentialAction\":[{\"@type\":\"SearchAction\",\"target\":{\"@type\":\"EntryPoint\",\"urlTemplate\":\"https:\\\/\\\/mrnews.com.br\\\/?s={search_term_string}\"},\"query-input\":{\"@type\":\"PropertyValueSpecification\",\"valueRequired\":true,\"valueName\":\"search_term_string\"}}],\"inLanguage\":\"pt-BR\"},{\"@type\":\"Organization\",\"@id\":\"https:\\\/\\\/mrnews.com.br\\\/#organization\",\"name\":\"MRNews\",\"url\":\"https:\\\/\\\/mrnews.com.br\\\/\",\"logo\":{\"@type\":\"ImageObject\",\"inLanguage\":\"pt-BR\",\"@id\":\"https:\\\/\\\/mrnews.com.br\\\/#\\\/schema\\\/logo\\\/image\\\/\",\"url\":\"https:\\\/\\\/mrnews.com.br\\\/wp-content\\\/uploads\\\/2019\\\/06\\\/MRNewslogo2.png\",\"contentUrl\":\"https:\\\/\\\/mrnews.com.br\\\/wp-content\\\/uploads\\\/2019\\\/06\\\/MRNewslogo2.png\",\"width\":223,\"height\":58,\"caption\":\"MRNews\"},\"image\":{\"@id\":\"https:\\\/\\\/mrnews.com.br\\\/#\\\/schema\\\/logo\\\/image\\\/\"},\"sameAs\":[\"https:\\\/\\\/www.facebook.com\\\/eaipahpah\\\/?locale2=pt_BR\",\"https:\\\/\\\/x.com\\\/conspirou\",\"https:\\\/\\\/www.instagram.com\\\/eai_pahpah\",\"https:\\\/\\\/br.pinterest.com\\\/mrnewsn\\\/boards\\\/\",\"https:\\\/\\\/www.youtube.com\\\/channel\\\/UCacgnpznQ61fifLWr1tQ-vA?view_as=subscriber\"]},{\"@type\":\"Person\",\"@id\":\"https:\\\/\\\/mrnews.com.br\\\/#\\\/schema\\\/person\\\/be3203154562a9f207407861cef7827b\",\"name\":\"MR News\",\"image\":{\"@type\":\"ImageObject\",\"inLanguage\":\"pt-BR\",\"@id\":\"https:\\\/\\\/secure.gravatar.com\\\/avatar\\\/04084e6d73c042b8646e7c17b494073bf0ede3ea13c7105cfc45cbbbc28385a4?s=96&d=monsterid&r=g\",\"url\":\"https:\\\/\\\/secure.gravatar.com\\\/avatar\\\/04084e6d73c042b8646e7c17b494073bf0ede3ea13c7105cfc45cbbbc28385a4?s=96&d=monsterid&r=g\",\"contentUrl\":\"https:\\\/\\\/secure.gravatar.com\\\/avatar\\\/04084e6d73c042b8646e7c17b494073bf0ede3ea13c7105cfc45cbbbc28385a4?s=96&d=monsterid&r=g\",\"caption\":\"MR News\"},\"description\":\"Especializado em jornalismo colaborativo pela FTP em n\u00edvel de p\u00f3s-gradua\u00e7\u00e3o. suporte@oimeliga.combr\",\"sameAs\":[\"HUGO R.\",\"Admin\"],\"url\":\"https:\\\/\\\/mrnews.com.br\\\/index.php\\\/author\\\/admin\\\/\"}]}<\/script>\n<!-- \/ Yoast SEO plugin. -->","yoast_head_json":{"title":"\"Trag\u00e9dia anunciada\", diz m\u00e3e de v\u00edtimas sobre barragem de Brumadinho","robots":{"index":"index","follow":"follow","max-snippet":"max-snippet:-1","max-image-preview":"max-image-preview:large","max-video-preview":"max-video-preview:-1"},"canonical":"https:\/\/mrnews.com.br\/index.php\/2026\/01\/25\/tragedia-anunciada-diz-mae-de-vitimas-sobre-barragem-de-brumadinho\/","og_locale":"pt_BR","og_type":"article","og_title":"\"Trag\u00e9dia anunciada\", diz m\u00e3e de v\u00edtimas sobre barragem de Brumadinho","og_description":"Por EBC, Sentadas no ch\u00e3o da Avenida Paulista, em S\u00e3o Paulo, crian\u00e7as v\u00e3o amassando a argila e fazendo pequenos vasinhos para acomodar as sementes ou as plantinhas que receberam e que futuramente v\u00e3o germinar e dar frutos. O manuseio desse barro \u00e9 um ato simb\u00f3lico para relembrar os sete anos de uma das maiores trag\u00e9dias &hellip;","og_url":"https:\/\/mrnews.com.br\/index.php\/2026\/01\/25\/tragedia-anunciada-diz-mae-de-vitimas-sobre-barragem-de-brumadinho\/","og_site_name":"MRNews","article_publisher":"https:\/\/www.facebook.com\/eaipahpah\/?locale2=pt_BR","article_published_time":"2026-01-25T20:32:31+00:00","author":"MR News","twitter_card":"summary_large_image","twitter_creator":"@conspirou","twitter_site":"@conspirou","twitter_misc":{"Escrito por":"MR News","Est. tempo de leitura":"4 minutos"},"schema":{"@context":"https:\/\/schema.org","@graph":[{"@type":"Article","@id":"https:\/\/mrnews.com.br\/index.php\/2026\/01\/25\/tragedia-anunciada-diz-mae-de-vitimas-sobre-barragem-de-brumadinho\/#article","isPartOf":{"@id":"https:\/\/mrnews.com.br\/index.php\/2026\/01\/25\/tragedia-anunciada-diz-mae-de-vitimas-sobre-barragem-de-brumadinho\/"},"author":{"name":"MR News","@id":"https:\/\/mrnews.com.br\/#\/schema\/person\/be3203154562a9f207407861cef7827b"},"headline":"&#8220;Trag\u00e9dia anunciada&#8221;, diz m\u00e3e de v\u00edtimas sobre barragem de Brumadinho","datePublished":"2026-01-25T20:32:31+00:00","mainEntityOfPage":{"@id":"https:\/\/mrnews.com.br\/index.php\/2026\/01\/25\/tragedia-anunciada-diz-mae-de-vitimas-sobre-barragem-de-brumadinho\/"},"wordCount":742,"commentCount":0,"publisher":{"@id":"https:\/\/mrnews.com.br\/#organization"},"articleSection":["ENTRETENIMENTO","NOTICIAS","SERVI\u00c7OS"],"inLanguage":"pt-BR","potentialAction":[{"@type":"CommentAction","name":"Comment","target":["https:\/\/mrnews.com.br\/index.php\/2026\/01\/25\/tragedia-anunciada-diz-mae-de-vitimas-sobre-barragem-de-brumadinho\/#respond"]}]},{"@type":"WebPage","@id":"https:\/\/mrnews.com.br\/index.php\/2026\/01\/25\/tragedia-anunciada-diz-mae-de-vitimas-sobre-barragem-de-brumadinho\/","url":"https:\/\/mrnews.com.br\/index.php\/2026\/01\/25\/tragedia-anunciada-diz-mae-de-vitimas-sobre-barragem-de-brumadinho\/","name":"\"Trag\u00e9dia anunciada\", diz m\u00e3e de v\u00edtimas sobre barragem de Brumadinho","isPartOf":{"@id":"https:\/\/mrnews.com.br\/#website"},"datePublished":"2026-01-25T20:32:31+00:00","breadcrumb":{"@id":"https:\/\/mrnews.com.br\/index.php\/2026\/01\/25\/tragedia-anunciada-diz-mae-de-vitimas-sobre-barragem-de-brumadinho\/#breadcrumb"},"inLanguage":"pt-BR","potentialAction":[{"@type":"ReadAction","target":["https:\/\/mrnews.com.br\/index.php\/2026\/01\/25\/tragedia-anunciada-diz-mae-de-vitimas-sobre-barragem-de-brumadinho\/"]}]},{"@type":"BreadcrumbList","@id":"https:\/\/mrnews.com.br\/index.php\/2026\/01\/25\/tragedia-anunciada-diz-mae-de-vitimas-sobre-barragem-de-brumadinho\/#breadcrumb","itemListElement":[{"@type":"ListItem","position":1,"name":"In\u00edcio","item":"https:\/\/mrnews.com.br\/"},{"@type":"ListItem","position":2,"name":"&#8220;Trag\u00e9dia anunciada&#8221;, diz m\u00e3e de v\u00edtimas sobre barragem de Brumadinho"}]},{"@type":"WebSite","@id":"https:\/\/mrnews.com.br\/#website","url":"https:\/\/mrnews.com.br\/","name":"MRNews","description":"MRNews Jogos de hoje da TV, transmiss\u00f5es ao vivo, Not\u00edcias de futebol, Jogos ao vivo, Lives, resumo de novelas, Programa\u00e7\u00e3o da Globo, A Fazenda e BBB","publisher":{"@id":"https:\/\/mrnews.com.br\/#organization"},"potentialAction":[{"@type":"SearchAction","target":{"@type":"EntryPoint","urlTemplate":"https:\/\/mrnews.com.br\/?s={search_term_string}"},"query-input":{"@type":"PropertyValueSpecification","valueRequired":true,"valueName":"search_term_string"}}],"inLanguage":"pt-BR"},{"@type":"Organization","@id":"https:\/\/mrnews.com.br\/#organization","name":"MRNews","url":"https:\/\/mrnews.com.br\/","logo":{"@type":"ImageObject","inLanguage":"pt-BR","@id":"https:\/\/mrnews.com.br\/#\/schema\/logo\/image\/","url":"https:\/\/mrnews.com.br\/wp-content\/uploads\/2019\/06\/MRNewslogo2.png","contentUrl":"https:\/\/mrnews.com.br\/wp-content\/uploads\/2019\/06\/MRNewslogo2.png","width":223,"height":58,"caption":"MRNews"},"image":{"@id":"https:\/\/mrnews.com.br\/#\/schema\/logo\/image\/"},"sameAs":["https:\/\/www.facebook.com\/eaipahpah\/?locale2=pt_BR","https:\/\/x.com\/conspirou","https:\/\/www.instagram.com\/eai_pahpah","https:\/\/br.pinterest.com\/mrnewsn\/boards\/","https:\/\/www.youtube.com\/channel\/UCacgnpznQ61fifLWr1tQ-vA?view_as=subscriber"]},{"@type":"Person","@id":"https:\/\/mrnews.com.br\/#\/schema\/person\/be3203154562a9f207407861cef7827b","name":"MR News","image":{"@type":"ImageObject","inLanguage":"pt-BR","@id":"https:\/\/secure.gravatar.com\/avatar\/04084e6d73c042b8646e7c17b494073bf0ede3ea13c7105cfc45cbbbc28385a4?s=96&d=monsterid&r=g","url":"https:\/\/secure.gravatar.com\/avatar\/04084e6d73c042b8646e7c17b494073bf0ede3ea13c7105cfc45cbbbc28385a4?s=96&d=monsterid&r=g","contentUrl":"https:\/\/secure.gravatar.com\/avatar\/04084e6d73c042b8646e7c17b494073bf0ede3ea13c7105cfc45cbbbc28385a4?s=96&d=monsterid&r=g","caption":"MR News"},"description":"Especializado em jornalismo colaborativo pela FTP em n\u00edvel de p\u00f3s-gradua\u00e7\u00e3o. suporte@oimeliga.combr","sameAs":["HUGO R.","Admin"],"url":"https:\/\/mrnews.com.br\/index.php\/author\/admin\/"}]}},"jetpack_featured_media_url":"","jetpack_sharing_enabled":true,"jetpack_shortlink":"https:\/\/wp.me\/pa2Qf7-1UjE","amp_enabled":true,"_links":{"self":[{"href":"https:\/\/mrnews.com.br\/index.php\/wp-json\/wp\/v2\/posts\/454810","targetHints":{"allow":["GET"]}}],"collection":[{"href":"https:\/\/mrnews.com.br\/index.php\/wp-json\/wp\/v2\/posts"}],"about":[{"href":"https:\/\/mrnews.com.br\/index.php\/wp-json\/wp\/v2\/types\/post"}],"author":[{"embeddable":true,"href":"https:\/\/mrnews.com.br\/index.php\/wp-json\/wp\/v2\/users\/1"}],"replies":[{"embeddable":true,"href":"https:\/\/mrnews.com.br\/index.php\/wp-json\/wp\/v2\/comments?post=454810"}],"version-history":[{"count":0,"href":"https:\/\/mrnews.com.br\/index.php\/wp-json\/wp\/v2\/posts\/454810\/revisions"}],"wp:attachment":[{"href":"https:\/\/mrnews.com.br\/index.php\/wp-json\/wp\/v2\/media?parent=454810"}],"wp:term":[{"taxonomy":"category","embeddable":true,"href":"https:\/\/mrnews.com.br\/index.php\/wp-json\/wp\/v2\/categories?post=454810"},{"taxonomy":"post_tag","embeddable":true,"href":"https:\/\/mrnews.com.br\/index.php\/wp-json\/wp\/v2\/tags?post=454810"}],"curies":[{"name":"wp","href":"https:\/\/api.w.org\/{rel}","templated":true}]}}