{"id":454813,"date":"2026-01-25T18:56:31","date_gmt":"2026-01-25T21:56:31","guid":{"rendered":"https:\/\/mrnews.com.br\/index.php\/2026\/01\/25\/sessao-na-praca-emociona-publico-da-mostra-tiradentes\/"},"modified":"2026-01-25T18:56:31","modified_gmt":"2026-01-25T21:56:31","slug":"sessao-na-praca-emociona-publico-da-mostra-tiradentes","status":"publish","type":"post","link":"https:\/\/mrnews.com.br\/index.php\/2026\/01\/25\/sessao-na-praca-emociona-publico-da-mostra-tiradentes\/","title":{"rendered":"Sess\u00e3o na pra\u00e7a emociona p\u00fablico da Mostra Tiradentes"},"content":{"rendered":"<p>Por EBC, <\/p>\n<div>\n<p><strong>A noite de sexta-feira (24) foi marcada por emo\u00e7\u00e3o e sil\u00eancio atento na pra\u00e7a central de Tiradentes. A exibi\u00e7\u00e3o ao ar livre do longa\u00a0<em>Querido Mundo<\/em>, dirigido por\u00a0Miguel Falabella, reuniu um p\u00fablico numeroso na 29\u00aa\u00a0Mostra de Cinema de Tiradentes, transformando o espa\u00e7o hist\u00f3rico em sala de cinema e encontro afetivo com o audiovisual brasileiro.<\/strong><\/p>\n<p><strong>O filme, um drama protagonizado por\u00a0Malu Galli\u00a0e\u00a0Eduardo Moscovis, acompanha dois personagens atravessados por frustra\u00e7\u00f5es pessoais que se veem presos nos escombros de um pr\u00e9dio abandonado na virada do ano. Depend\u00eancia emocional, viol\u00eancia dom\u00e9stica e a possibilidade de recome\u00e7o costuram a narrativa, que provocou rea\u00e7\u00f5es intensas da plateia ao longo da sess\u00e3o gratuita.<\/strong><\/p>\n<div class=\"dnd-widget-wrapper context-cheio_8colunas type-image\">\n<div class=\"dnd-atom-rendered\"><!-- scald=451166:cheio_8colunas --><\/p>\n<p>    <!-- END scald=451166 --><\/div>\n<p><h6 class=\"meta\">Ator Miguel Falabella na 9\u00aa edi\u00e7\u00e3o da Mostra de Cinema de Tiradentes\u00a0&#8211; <strong>Leo Fontes\/Universo Produ\u00e7\u00f5es<\/strong><!--END copyright=451166--><\/h6>\n<\/p>\n<\/div>\n<p>Antes da proje\u00e7\u00e3o, Falabella apresentou o filme e compartilhou com o p\u00fablico a travessia at\u00e9 a dire\u00e7\u00e3o cinematogr\u00e1fica.<\/p>\n<blockquote>\n<p>\u201cDirigir um filme era algo que, durante muito tempo, me parecia imposs\u00edvel. Mas eu queria contar essa hist\u00f3ria. Criar, entrar e inventar um novo mundo \u00e9 fascinante\u201d, disse, sob aplausos.<\/p>\n<\/blockquote>\n<p>Na manh\u00e3 deste domingo (25), o diretor voltou a se encontrar com o p\u00fablico em uma conversa aberta, ampliando o di\u00e1logo sobre processo criativo, atua\u00e7\u00e3o e linguagem. Ao comentar sua trajet\u00f3ria no teatro e no cinema, Falabella relembrou experi\u00eancias marcantes e a centralidade do corpo do ator na constru\u00e7\u00e3o da cena. \u201cHoje em dia pouca gente trabalha isso, o corpo do ator. \u00c9 uma outra constru\u00e7\u00e3o, outra postura, outro diafragma, outro enunciado\u201d, afirmou, ao evocar montagens teatrais dos anos 1980.<\/p>\n<p><strong>O encontro ganhou contornos de homenagem quando Falabella falou da emo\u00e7\u00e3o de integrar a mesma edi\u00e7\u00e3o da mostra que o cineasta\u00a0J\u00falio Bressane<\/strong>, <strong>com quem trabalhou em\u00a0Cle\u00f3patra<\/strong>.<\/p>\n<blockquote>\n<p>\u201cIsso n\u00e3o tem pre\u00e7o. Ele tem uma dimens\u00e3o totalmente antinaturalista. Para quem vem da televis\u00e3o, acostumado ao naturalismo, \u00e9 um exerc\u00edcio poderoso: voc\u00ea precisa descobrir outra maneira de dizer aquilo, de dar credibilidade a um texto dif\u00edcil\u201d, refletiu.<\/p>\n<\/blockquote>\n<p>Falabella destacou ainda o car\u00e1ter provocador desse cinema que exige do ator e do espectador um esfor\u00e7o ativo. \u201c\u00c9 n\u00e3o pegar a pessoa pela m\u00e3o o tempo todo. \u00c9 exercitar a cabe\u00e7a\u201d, resumiu, arrancando risos e concord\u00e2ncias da plateia.<\/p>\n<p>Com o tema\u00a0\u201cSoberania Imaginativa\u201d, a 29\u00aa Mostra de Cinema de Tiradentes ocupa\u00a0at\u00e9 31 de janeiro\u00a0a cidade hist\u00f3rica com uma programa\u00e7\u00e3o gratuita que reafirma o festival como a primeira grande vitrine do calend\u00e1rio audiovisual brasileiro.<\/p>\n<p>Confira a programa\u00e7\u00e3o completa no\u00a0site oficial da mostra.<\/p>\n<p>*A rep\u00f3rter viajou a convite da organiza\u00e7\u00e3o do evento<\/p>\n<p>      <!-- Relacionada --><\/p>\n<p>            <!-- Relacionada -->\n    <\/div>\n","protected":false},"excerpt":{"rendered":"<p>Por EBC, A noite de sexta-feira (24) foi marcada por emo\u00e7\u00e3o e sil\u00eancio atento na pra\u00e7a central de Tiradentes. A exibi\u00e7\u00e3o ao ar livre do longa\u00a0Querido Mundo, dirigido por\u00a0Miguel Falabella, reuniu um p\u00fablico numeroso na 29\u00aa\u00a0Mostra de Cinema de Tiradentes, transformando o espa\u00e7o hist\u00f3rico em sala de cinema e encontro afetivo com o audiovisual brasileiro. &hellip;<\/p>\n","protected":false},"author":1,"featured_media":0,"comment_status":"open","ping_status":"open","sticky":false,"template":"","format":"standard","meta":{"_jetpack_memberships_contains_paid_content":false,"footnotes":""},"categories":[2,12225,4],"tags":[],"class_list":["post-454813","post","type-post","status-publish","format-standard","hentry","category-entretenimento","category-noticias","category-servicos"],"yoast_head":"<!-- This site is optimized with the Yoast SEO plugin v27.4 - https:\/\/yoast.com\/product\/yoast-seo-wordpress\/ -->\n<title>Sess\u00e3o na pra\u00e7a emociona p\u00fablico da Mostra Tiradentes<\/title>\n<meta name=\"robots\" content=\"index, follow, max-snippet:-1, max-image-preview:large, max-video-preview:-1\" \/>\n<link rel=\"canonical\" href=\"https:\/\/mrnews.com.br\/index.php\/2026\/01\/25\/sessao-na-praca-emociona-publico-da-mostra-tiradentes\/\" \/>\n<meta property=\"og:locale\" content=\"pt_BR\" \/>\n<meta property=\"og:type\" content=\"article\" \/>\n<meta property=\"og:title\" content=\"Sess\u00e3o na pra\u00e7a emociona p\u00fablico da Mostra Tiradentes\" \/>\n<meta property=\"og:description\" content=\"Por EBC, A noite de sexta-feira (24) foi marcada por emo\u00e7\u00e3o e sil\u00eancio atento na pra\u00e7a central de Tiradentes. A exibi\u00e7\u00e3o ao ar livre do longa\u00a0Querido Mundo, dirigido por\u00a0Miguel Falabella, reuniu um p\u00fablico numeroso na 29\u00aa\u00a0Mostra de Cinema de Tiradentes, transformando o espa\u00e7o hist\u00f3rico em sala de cinema e encontro afetivo com o audiovisual brasileiro. &hellip;\" \/>\n<meta property=\"og:url\" content=\"https:\/\/mrnews.com.br\/index.php\/2026\/01\/25\/sessao-na-praca-emociona-publico-da-mostra-tiradentes\/\" \/>\n<meta property=\"og:site_name\" content=\"MRNews\" \/>\n<meta property=\"article:publisher\" content=\"https:\/\/www.facebook.com\/eaipahpah\/?locale2=pt_BR\" \/>\n<meta property=\"article:published_time\" content=\"2026-01-25T21:56:31+00:00\" \/>\n<meta name=\"author\" content=\"MR News\" \/>\n<meta name=\"twitter:card\" content=\"summary_large_image\" \/>\n<meta name=\"twitter:creator\" content=\"@conspirou\" \/>\n<meta name=\"twitter:site\" content=\"@conspirou\" \/>\n<meta name=\"twitter:label1\" content=\"Escrito por\" \/>\n\t<meta name=\"twitter:data1\" content=\"MR News\" \/>\n\t<meta name=\"twitter:label2\" content=\"Est. tempo de leitura\" \/>\n\t<meta name=\"twitter:data2\" content=\"2 minutos\" \/>\n<script type=\"application\/ld+json\" class=\"yoast-schema-graph\">{\"@context\":\"https:\\\/\\\/schema.org\",\"@graph\":[{\"@type\":\"Article\",\"@id\":\"https:\\\/\\\/mrnews.com.br\\\/index.php\\\/2026\\\/01\\\/25\\\/sessao-na-praca-emociona-publico-da-mostra-tiradentes\\\/#article\",\"isPartOf\":{\"@id\":\"https:\\\/\\\/mrnews.com.br\\\/index.php\\\/2026\\\/01\\\/25\\\/sessao-na-praca-emociona-publico-da-mostra-tiradentes\\\/\"},\"author\":{\"name\":\"MR News\",\"@id\":\"https:\\\/\\\/mrnews.com.br\\\/#\\\/schema\\\/person\\\/be3203154562a9f207407861cef7827b\"},\"headline\":\"Sess\u00e3o na pra\u00e7a emociona p\u00fablico da Mostra Tiradentes\",\"datePublished\":\"2026-01-25T21:56:31+00:00\",\"mainEntityOfPage\":{\"@id\":\"https:\\\/\\\/mrnews.com.br\\\/index.php\\\/2026\\\/01\\\/25\\\/sessao-na-praca-emociona-publico-da-mostra-tiradentes\\\/\"},\"wordCount\":469,\"commentCount\":0,\"publisher\":{\"@id\":\"https:\\\/\\\/mrnews.com.br\\\/#organization\"},\"articleSection\":[\"ENTRETENIMENTO\",\"NOTICIAS\",\"SERVI\u00c7OS\"],\"inLanguage\":\"pt-BR\",\"potentialAction\":[{\"@type\":\"CommentAction\",\"name\":\"Comment\",\"target\":[\"https:\\\/\\\/mrnews.com.br\\\/index.php\\\/2026\\\/01\\\/25\\\/sessao-na-praca-emociona-publico-da-mostra-tiradentes\\\/#respond\"]}]},{\"@type\":\"WebPage\",\"@id\":\"https:\\\/\\\/mrnews.com.br\\\/index.php\\\/2026\\\/01\\\/25\\\/sessao-na-praca-emociona-publico-da-mostra-tiradentes\\\/\",\"url\":\"https:\\\/\\\/mrnews.com.br\\\/index.php\\\/2026\\\/01\\\/25\\\/sessao-na-praca-emociona-publico-da-mostra-tiradentes\\\/\",\"name\":\"Sess\u00e3o na pra\u00e7a emociona p\u00fablico da Mostra Tiradentes\",\"isPartOf\":{\"@id\":\"https:\\\/\\\/mrnews.com.br\\\/#website\"},\"datePublished\":\"2026-01-25T21:56:31+00:00\",\"breadcrumb\":{\"@id\":\"https:\\\/\\\/mrnews.com.br\\\/index.php\\\/2026\\\/01\\\/25\\\/sessao-na-praca-emociona-publico-da-mostra-tiradentes\\\/#breadcrumb\"},\"inLanguage\":\"pt-BR\",\"potentialAction\":[{\"@type\":\"ReadAction\",\"target\":[\"https:\\\/\\\/mrnews.com.br\\\/index.php\\\/2026\\\/01\\\/25\\\/sessao-na-praca-emociona-publico-da-mostra-tiradentes\\\/\"]}]},{\"@type\":\"BreadcrumbList\",\"@id\":\"https:\\\/\\\/mrnews.com.br\\\/index.php\\\/2026\\\/01\\\/25\\\/sessao-na-praca-emociona-publico-da-mostra-tiradentes\\\/#breadcrumb\",\"itemListElement\":[{\"@type\":\"ListItem\",\"position\":1,\"name\":\"In\u00edcio\",\"item\":\"https:\\\/\\\/mrnews.com.br\\\/\"},{\"@type\":\"ListItem\",\"position\":2,\"name\":\"Sess\u00e3o na pra\u00e7a emociona p\u00fablico da Mostra Tiradentes\"}]},{\"@type\":\"WebSite\",\"@id\":\"https:\\\/\\\/mrnews.com.br\\\/#website\",\"url\":\"https:\\\/\\\/mrnews.com.br\\\/\",\"name\":\"MRNews\",\"description\":\"MRNews Jogos de hoje da TV, transmiss\u00f5es ao vivo, Not\u00edcias de futebol, Jogos ao vivo, Lives, resumo de novelas, Programa\u00e7\u00e3o da Globo, A Fazenda e BBB\",\"publisher\":{\"@id\":\"https:\\\/\\\/mrnews.com.br\\\/#organization\"},\"potentialAction\":[{\"@type\":\"SearchAction\",\"target\":{\"@type\":\"EntryPoint\",\"urlTemplate\":\"https:\\\/\\\/mrnews.com.br\\\/?s={search_term_string}\"},\"query-input\":{\"@type\":\"PropertyValueSpecification\",\"valueRequired\":true,\"valueName\":\"search_term_string\"}}],\"inLanguage\":\"pt-BR\"},{\"@type\":\"Organization\",\"@id\":\"https:\\\/\\\/mrnews.com.br\\\/#organization\",\"name\":\"MRNews\",\"url\":\"https:\\\/\\\/mrnews.com.br\\\/\",\"logo\":{\"@type\":\"ImageObject\",\"inLanguage\":\"pt-BR\",\"@id\":\"https:\\\/\\\/mrnews.com.br\\\/#\\\/schema\\\/logo\\\/image\\\/\",\"url\":\"https:\\\/\\\/mrnews.com.br\\\/wp-content\\\/uploads\\\/2019\\\/06\\\/MRNewslogo2.png\",\"contentUrl\":\"https:\\\/\\\/mrnews.com.br\\\/wp-content\\\/uploads\\\/2019\\\/06\\\/MRNewslogo2.png\",\"width\":223,\"height\":58,\"caption\":\"MRNews\"},\"image\":{\"@id\":\"https:\\\/\\\/mrnews.com.br\\\/#\\\/schema\\\/logo\\\/image\\\/\"},\"sameAs\":[\"https:\\\/\\\/www.facebook.com\\\/eaipahpah\\\/?locale2=pt_BR\",\"https:\\\/\\\/x.com\\\/conspirou\",\"https:\\\/\\\/www.instagram.com\\\/eai_pahpah\",\"https:\\\/\\\/br.pinterest.com\\\/mrnewsn\\\/boards\\\/\",\"https:\\\/\\\/www.youtube.com\\\/channel\\\/UCacgnpznQ61fifLWr1tQ-vA?view_as=subscriber\"]},{\"@type\":\"Person\",\"@id\":\"https:\\\/\\\/mrnews.com.br\\\/#\\\/schema\\\/person\\\/be3203154562a9f207407861cef7827b\",\"name\":\"MR News\",\"image\":{\"@type\":\"ImageObject\",\"inLanguage\":\"pt-BR\",\"@id\":\"https:\\\/\\\/secure.gravatar.com\\\/avatar\\\/04084e6d73c042b8646e7c17b494073bf0ede3ea13c7105cfc45cbbbc28385a4?s=96&d=monsterid&r=g\",\"url\":\"https:\\\/\\\/secure.gravatar.com\\\/avatar\\\/04084e6d73c042b8646e7c17b494073bf0ede3ea13c7105cfc45cbbbc28385a4?s=96&d=monsterid&r=g\",\"contentUrl\":\"https:\\\/\\\/secure.gravatar.com\\\/avatar\\\/04084e6d73c042b8646e7c17b494073bf0ede3ea13c7105cfc45cbbbc28385a4?s=96&d=monsterid&r=g\",\"caption\":\"MR News\"},\"description\":\"Especializado em jornalismo colaborativo pela FTP em n\u00edvel de p\u00f3s-gradua\u00e7\u00e3o. suporte@oimeliga.combr\",\"sameAs\":[\"HUGO R.\",\"Admin\"],\"url\":\"https:\\\/\\\/mrnews.com.br\\\/index.php\\\/author\\\/admin\\\/\"}]}<\/script>\n<!-- \/ Yoast SEO plugin. -->","yoast_head_json":{"title":"Sess\u00e3o na pra\u00e7a emociona p\u00fablico da Mostra Tiradentes","robots":{"index":"index","follow":"follow","max-snippet":"max-snippet:-1","max-image-preview":"max-image-preview:large","max-video-preview":"max-video-preview:-1"},"canonical":"https:\/\/mrnews.com.br\/index.php\/2026\/01\/25\/sessao-na-praca-emociona-publico-da-mostra-tiradentes\/","og_locale":"pt_BR","og_type":"article","og_title":"Sess\u00e3o na pra\u00e7a emociona p\u00fablico da Mostra Tiradentes","og_description":"Por EBC, A noite de sexta-feira (24) foi marcada por emo\u00e7\u00e3o e sil\u00eancio atento na pra\u00e7a central de Tiradentes. A exibi\u00e7\u00e3o ao ar livre do longa\u00a0Querido Mundo, dirigido por\u00a0Miguel Falabella, reuniu um p\u00fablico numeroso na 29\u00aa\u00a0Mostra de Cinema de Tiradentes, transformando o espa\u00e7o hist\u00f3rico em sala de cinema e encontro afetivo com o audiovisual brasileiro. &hellip;","og_url":"https:\/\/mrnews.com.br\/index.php\/2026\/01\/25\/sessao-na-praca-emociona-publico-da-mostra-tiradentes\/","og_site_name":"MRNews","article_publisher":"https:\/\/www.facebook.com\/eaipahpah\/?locale2=pt_BR","article_published_time":"2026-01-25T21:56:31+00:00","author":"MR News","twitter_card":"summary_large_image","twitter_creator":"@conspirou","twitter_site":"@conspirou","twitter_misc":{"Escrito por":"MR News","Est. tempo de leitura":"2 minutos"},"schema":{"@context":"https:\/\/schema.org","@graph":[{"@type":"Article","@id":"https:\/\/mrnews.com.br\/index.php\/2026\/01\/25\/sessao-na-praca-emociona-publico-da-mostra-tiradentes\/#article","isPartOf":{"@id":"https:\/\/mrnews.com.br\/index.php\/2026\/01\/25\/sessao-na-praca-emociona-publico-da-mostra-tiradentes\/"},"author":{"name":"MR News","@id":"https:\/\/mrnews.com.br\/#\/schema\/person\/be3203154562a9f207407861cef7827b"},"headline":"Sess\u00e3o na pra\u00e7a emociona p\u00fablico da Mostra Tiradentes","datePublished":"2026-01-25T21:56:31+00:00","mainEntityOfPage":{"@id":"https:\/\/mrnews.com.br\/index.php\/2026\/01\/25\/sessao-na-praca-emociona-publico-da-mostra-tiradentes\/"},"wordCount":469,"commentCount":0,"publisher":{"@id":"https:\/\/mrnews.com.br\/#organization"},"articleSection":["ENTRETENIMENTO","NOTICIAS","SERVI\u00c7OS"],"inLanguage":"pt-BR","potentialAction":[{"@type":"CommentAction","name":"Comment","target":["https:\/\/mrnews.com.br\/index.php\/2026\/01\/25\/sessao-na-praca-emociona-publico-da-mostra-tiradentes\/#respond"]}]},{"@type":"WebPage","@id":"https:\/\/mrnews.com.br\/index.php\/2026\/01\/25\/sessao-na-praca-emociona-publico-da-mostra-tiradentes\/","url":"https:\/\/mrnews.com.br\/index.php\/2026\/01\/25\/sessao-na-praca-emociona-publico-da-mostra-tiradentes\/","name":"Sess\u00e3o na pra\u00e7a emociona p\u00fablico da Mostra Tiradentes","isPartOf":{"@id":"https:\/\/mrnews.com.br\/#website"},"datePublished":"2026-01-25T21:56:31+00:00","breadcrumb":{"@id":"https:\/\/mrnews.com.br\/index.php\/2026\/01\/25\/sessao-na-praca-emociona-publico-da-mostra-tiradentes\/#breadcrumb"},"inLanguage":"pt-BR","potentialAction":[{"@type":"ReadAction","target":["https:\/\/mrnews.com.br\/index.php\/2026\/01\/25\/sessao-na-praca-emociona-publico-da-mostra-tiradentes\/"]}]},{"@type":"BreadcrumbList","@id":"https:\/\/mrnews.com.br\/index.php\/2026\/01\/25\/sessao-na-praca-emociona-publico-da-mostra-tiradentes\/#breadcrumb","itemListElement":[{"@type":"ListItem","position":1,"name":"In\u00edcio","item":"https:\/\/mrnews.com.br\/"},{"@type":"ListItem","position":2,"name":"Sess\u00e3o na pra\u00e7a emociona p\u00fablico da Mostra Tiradentes"}]},{"@type":"WebSite","@id":"https:\/\/mrnews.com.br\/#website","url":"https:\/\/mrnews.com.br\/","name":"MRNews","description":"MRNews Jogos de hoje da TV, transmiss\u00f5es ao vivo, Not\u00edcias de futebol, Jogos ao vivo, Lives, resumo de novelas, Programa\u00e7\u00e3o da Globo, A Fazenda e BBB","publisher":{"@id":"https:\/\/mrnews.com.br\/#organization"},"potentialAction":[{"@type":"SearchAction","target":{"@type":"EntryPoint","urlTemplate":"https:\/\/mrnews.com.br\/?s={search_term_string}"},"query-input":{"@type":"PropertyValueSpecification","valueRequired":true,"valueName":"search_term_string"}}],"inLanguage":"pt-BR"},{"@type":"Organization","@id":"https:\/\/mrnews.com.br\/#organization","name":"MRNews","url":"https:\/\/mrnews.com.br\/","logo":{"@type":"ImageObject","inLanguage":"pt-BR","@id":"https:\/\/mrnews.com.br\/#\/schema\/logo\/image\/","url":"https:\/\/mrnews.com.br\/wp-content\/uploads\/2019\/06\/MRNewslogo2.png","contentUrl":"https:\/\/mrnews.com.br\/wp-content\/uploads\/2019\/06\/MRNewslogo2.png","width":223,"height":58,"caption":"MRNews"},"image":{"@id":"https:\/\/mrnews.com.br\/#\/schema\/logo\/image\/"},"sameAs":["https:\/\/www.facebook.com\/eaipahpah\/?locale2=pt_BR","https:\/\/x.com\/conspirou","https:\/\/www.instagram.com\/eai_pahpah","https:\/\/br.pinterest.com\/mrnewsn\/boards\/","https:\/\/www.youtube.com\/channel\/UCacgnpznQ61fifLWr1tQ-vA?view_as=subscriber"]},{"@type":"Person","@id":"https:\/\/mrnews.com.br\/#\/schema\/person\/be3203154562a9f207407861cef7827b","name":"MR News","image":{"@type":"ImageObject","inLanguage":"pt-BR","@id":"https:\/\/secure.gravatar.com\/avatar\/04084e6d73c042b8646e7c17b494073bf0ede3ea13c7105cfc45cbbbc28385a4?s=96&d=monsterid&r=g","url":"https:\/\/secure.gravatar.com\/avatar\/04084e6d73c042b8646e7c17b494073bf0ede3ea13c7105cfc45cbbbc28385a4?s=96&d=monsterid&r=g","contentUrl":"https:\/\/secure.gravatar.com\/avatar\/04084e6d73c042b8646e7c17b494073bf0ede3ea13c7105cfc45cbbbc28385a4?s=96&d=monsterid&r=g","caption":"MR News"},"description":"Especializado em jornalismo colaborativo pela FTP em n\u00edvel de p\u00f3s-gradua\u00e7\u00e3o. suporte@oimeliga.combr","sameAs":["HUGO R.","Admin"],"url":"https:\/\/mrnews.com.br\/index.php\/author\/admin\/"}]}},"jetpack_featured_media_url":"","jetpack_sharing_enabled":true,"jetpack_shortlink":"https:\/\/wp.me\/pa2Qf7-1UjH","amp_enabled":true,"_links":{"self":[{"href":"https:\/\/mrnews.com.br\/index.php\/wp-json\/wp\/v2\/posts\/454813","targetHints":{"allow":["GET"]}}],"collection":[{"href":"https:\/\/mrnews.com.br\/index.php\/wp-json\/wp\/v2\/posts"}],"about":[{"href":"https:\/\/mrnews.com.br\/index.php\/wp-json\/wp\/v2\/types\/post"}],"author":[{"embeddable":true,"href":"https:\/\/mrnews.com.br\/index.php\/wp-json\/wp\/v2\/users\/1"}],"replies":[{"embeddable":true,"href":"https:\/\/mrnews.com.br\/index.php\/wp-json\/wp\/v2\/comments?post=454813"}],"version-history":[{"count":0,"href":"https:\/\/mrnews.com.br\/index.php\/wp-json\/wp\/v2\/posts\/454813\/revisions"}],"wp:attachment":[{"href":"https:\/\/mrnews.com.br\/index.php\/wp-json\/wp\/v2\/media?parent=454813"}],"wp:term":[{"taxonomy":"category","embeddable":true,"href":"https:\/\/mrnews.com.br\/index.php\/wp-json\/wp\/v2\/categories?post=454813"},{"taxonomy":"post_tag","embeddable":true,"href":"https:\/\/mrnews.com.br\/index.php\/wp-json\/wp\/v2\/tags?post=454813"}],"curies":[{"name":"wp","href":"https:\/\/api.w.org\/{rel}","templated":true}]}}