{"id":454824,"date":"2026-01-26T09:41:31","date_gmt":"2026-01-26T12:41:31","guid":{"rendered":"https:\/\/mrnews.com.br\/index.php\/2026\/01\/26\/sao-paulo-tem-13a-morte-causada-pela-chuva\/"},"modified":"2026-01-26T09:41:31","modified_gmt":"2026-01-26T12:41:31","slug":"sao-paulo-tem-13a-morte-causada-pela-chuva","status":"publish","type":"post","link":"https:\/\/mrnews.com.br\/index.php\/2026\/01\/26\/sao-paulo-tem-13a-morte-causada-pela-chuva\/","title":{"rendered":"S\u00e3o Paulo tem 13\u00aa morte causada pela chuva"},"content":{"rendered":"<p>Por EBC, <\/p>\n<div>\n<p><strong>Um homem de 75 anos morreu na tarde de ontem (25) em uma enchente, na Rua Piata, Vila Guilherme, na zona Norte da capital paulista<\/strong>. D\u00e9cima terceira v\u00edtima das chuvas no estado, tentava retirar seu ve\u00edculo da via durante uma pancada de chuva, mas foi derrubado por uma enxurrada, arrastado pela correnteza e, preso a outro ve\u00edculo, n\u00e3o resistiu. <strong>Com isso o estado se aproxima do total de mortes por chuvas do ver\u00e3o 2024-2025, quando 18 pessoas perderam a vida em situa\u00e7\u00e3o semelhante.<\/strong><\/p>\n<p>A morte, quarta na capital por conta das chuvas desde dezembro \u00faltimo, foi registrada como acidental no 13\u00ba Distrito Policial, na Casa Verde. <strong>A pancada de chuva atingiu a regi\u00e3o no meio da tarde, sendo registrado estado de aten\u00e7\u00e3o pelo Centro de Gerenciamento de Emerg\u00eancias da Prefeitura \u00e0s 15h35, cerca de 20 minutos antes da fatalidade, vinda do interior do estado, da regi\u00e3o de Campinas.<\/strong><\/p>\n<p>As zonas Leste, onde dois c\u00f3rregos extravasaram, e regi\u00e3o norte da Regi\u00e3o Metropolitana tamb\u00e9m foram atingidas. Na cidade de Guarulhos cerca de uma dezena de bairros foram atingidos. Um homem foi arrastado pelas \u00e1guas no bairro de Tabo\u00e3o, por\u00e9m conseguiu escapar com vida. Os registros de ventos na regi\u00e3o tamb\u00e9m foram intensos, na faixa dos 60 km\/h pr\u00f3ximo ao aeroporto internacional de Guarulhos e na faixa dos 50 km\/h na regi\u00e3o de Santana, onde morreu o senhor citado no in\u00edcio desta reportagem.<\/p>\n<p><strong>No estado, at\u00e9 o momento, houve registro de 259 pessoas desabrigadas nessa temporada, das quais 22 continuam nessa situa\u00e7\u00e3o. A Defesa Civil estadual tamb\u00e9m registrou 647 desalojados.<\/strong>\u00a0<\/p>\n<p><strong>A regi\u00e3o segue em alerta de perigo para chuvas intensas\u00a0at\u00e9 a noite desta segunda-feira (26), de acordo com o Instituto Nacional de Meteorologia, com possibilidade de acumulados at\u00e9 100 mm e ventos at\u00e9 60km\/h.<\/strong> O alerta se estende a todo o litoral norte e \u00e0 faixa leste do estado, at\u00e9 a regi\u00e3o de Ribeir\u00e3o Preto, a Noroeste, ao sul de Minas Gerais e do Rio de Janeiro, al\u00e9m do sul goiano. <strong>Toda a por\u00e7\u00e3o central do pa\u00eds, incluindo as Regi\u00f5es Norte, Centro-Oeste e partes do Nordeste e Sudeste tem alerta moderado para a mesma data, com possibilidade de acumulados de chuva.<\/strong><\/p>\n<p>\u00a0<\/p>\n<p>      <!-- Relacionada --><\/p>\n<p>            <!-- Relacionada -->\n    <\/div>\n","protected":false},"excerpt":{"rendered":"<p>Por EBC, Um homem de 75 anos morreu na tarde de ontem (25) em uma enchente, na Rua Piata, Vila Guilherme, na zona Norte da capital paulista. D\u00e9cima terceira v\u00edtima das chuvas no estado, tentava retirar seu ve\u00edculo da via durante uma pancada de chuva, mas foi derrubado por uma enxurrada, arrastado pela correnteza e, &hellip;<\/p>\n","protected":false},"author":1,"featured_media":0,"comment_status":"open","ping_status":"open","sticky":false,"template":"","format":"standard","meta":{"_jetpack_memberships_contains_paid_content":false,"footnotes":""},"categories":[2,12225,4],"tags":[],"class_list":["post-454824","post","type-post","status-publish","format-standard","hentry","category-entretenimento","category-noticias","category-servicos"],"yoast_head":"<!-- This site is optimized with the Yoast SEO plugin v27.5 - https:\/\/yoast.com\/product\/yoast-seo-wordpress\/ -->\n<title>S\u00e3o Paulo tem 13\u00aa morte causada pela chuva<\/title>\n<meta name=\"robots\" content=\"index, follow, max-snippet:-1, max-image-preview:large, max-video-preview:-1\" \/>\n<link rel=\"canonical\" href=\"https:\/\/mrnews.com.br\/index.php\/2026\/01\/26\/sao-paulo-tem-13a-morte-causada-pela-chuva\/\" \/>\n<meta property=\"og:locale\" content=\"pt_BR\" \/>\n<meta property=\"og:type\" content=\"article\" \/>\n<meta property=\"og:title\" content=\"S\u00e3o Paulo tem 13\u00aa morte causada pela chuva\" \/>\n<meta property=\"og:description\" content=\"Por EBC, Um homem de 75 anos morreu na tarde de ontem (25) em uma enchente, na Rua Piata, Vila Guilherme, na zona Norte da capital paulista. D\u00e9cima terceira v\u00edtima das chuvas no estado, tentava retirar seu ve\u00edculo da via durante uma pancada de chuva, mas foi derrubado por uma enxurrada, arrastado pela correnteza e, &hellip;\" \/>\n<meta property=\"og:url\" content=\"https:\/\/mrnews.com.br\/index.php\/2026\/01\/26\/sao-paulo-tem-13a-morte-causada-pela-chuva\/\" \/>\n<meta property=\"og:site_name\" content=\"MRNews\" \/>\n<meta property=\"article:publisher\" content=\"https:\/\/www.facebook.com\/eaipahpah\/?locale2=pt_BR\" \/>\n<meta property=\"article:published_time\" content=\"2026-01-26T12:41:31+00:00\" \/>\n<meta name=\"author\" content=\"MR News\" \/>\n<meta name=\"twitter:card\" content=\"summary_large_image\" \/>\n<meta name=\"twitter:creator\" content=\"@conspirou\" \/>\n<meta name=\"twitter:site\" content=\"@conspirou\" \/>\n<meta name=\"twitter:label1\" content=\"Escrito por\" \/>\n\t<meta name=\"twitter:data1\" content=\"MR News\" \/>\n\t<meta name=\"twitter:label2\" content=\"Est. tempo de leitura\" \/>\n\t<meta name=\"twitter:data2\" content=\"2 minutos\" \/>\n<script type=\"application\/ld+json\" class=\"yoast-schema-graph\">{\"@context\":\"https:\\\/\\\/schema.org\",\"@graph\":[{\"@type\":\"Article\",\"@id\":\"https:\\\/\\\/mrnews.com.br\\\/index.php\\\/2026\\\/01\\\/26\\\/sao-paulo-tem-13a-morte-causada-pela-chuva\\\/#article\",\"isPartOf\":{\"@id\":\"https:\\\/\\\/mrnews.com.br\\\/index.php\\\/2026\\\/01\\\/26\\\/sao-paulo-tem-13a-morte-causada-pela-chuva\\\/\"},\"author\":{\"name\":\"MR News\",\"@id\":\"https:\\\/\\\/mrnews.com.br\\\/#\\\/schema\\\/person\\\/be3203154562a9f207407861cef7827b\"},\"headline\":\"S\u00e3o Paulo tem 13\u00aa morte causada pela chuva\",\"datePublished\":\"2026-01-26T12:41:31+00:00\",\"mainEntityOfPage\":{\"@id\":\"https:\\\/\\\/mrnews.com.br\\\/index.php\\\/2026\\\/01\\\/26\\\/sao-paulo-tem-13a-morte-causada-pela-chuva\\\/\"},\"wordCount\":390,\"commentCount\":0,\"publisher\":{\"@id\":\"https:\\\/\\\/mrnews.com.br\\\/#organization\"},\"articleSection\":[\"ENTRETENIMENTO\",\"NOTICIAS\",\"SERVI\u00c7OS\"],\"inLanguage\":\"pt-BR\",\"potentialAction\":[{\"@type\":\"CommentAction\",\"name\":\"Comment\",\"target\":[\"https:\\\/\\\/mrnews.com.br\\\/index.php\\\/2026\\\/01\\\/26\\\/sao-paulo-tem-13a-morte-causada-pela-chuva\\\/#respond\"]}]},{\"@type\":\"WebPage\",\"@id\":\"https:\\\/\\\/mrnews.com.br\\\/index.php\\\/2026\\\/01\\\/26\\\/sao-paulo-tem-13a-morte-causada-pela-chuva\\\/\",\"url\":\"https:\\\/\\\/mrnews.com.br\\\/index.php\\\/2026\\\/01\\\/26\\\/sao-paulo-tem-13a-morte-causada-pela-chuva\\\/\",\"name\":\"S\u00e3o Paulo tem 13\u00aa morte causada pela chuva\",\"isPartOf\":{\"@id\":\"https:\\\/\\\/mrnews.com.br\\\/#website\"},\"datePublished\":\"2026-01-26T12:41:31+00:00\",\"breadcrumb\":{\"@id\":\"https:\\\/\\\/mrnews.com.br\\\/index.php\\\/2026\\\/01\\\/26\\\/sao-paulo-tem-13a-morte-causada-pela-chuva\\\/#breadcrumb\"},\"inLanguage\":\"pt-BR\",\"potentialAction\":[{\"@type\":\"ReadAction\",\"target\":[\"https:\\\/\\\/mrnews.com.br\\\/index.php\\\/2026\\\/01\\\/26\\\/sao-paulo-tem-13a-morte-causada-pela-chuva\\\/\"]}]},{\"@type\":\"BreadcrumbList\",\"@id\":\"https:\\\/\\\/mrnews.com.br\\\/index.php\\\/2026\\\/01\\\/26\\\/sao-paulo-tem-13a-morte-causada-pela-chuva\\\/#breadcrumb\",\"itemListElement\":[{\"@type\":\"ListItem\",\"position\":1,\"name\":\"In\u00edcio\",\"item\":\"https:\\\/\\\/mrnews.com.br\\\/\"},{\"@type\":\"ListItem\",\"position\":2,\"name\":\"S\u00e3o Paulo tem 13\u00aa morte causada pela chuva\"}]},{\"@type\":\"WebSite\",\"@id\":\"https:\\\/\\\/mrnews.com.br\\\/#website\",\"url\":\"https:\\\/\\\/mrnews.com.br\\\/\",\"name\":\"MRNews\",\"description\":\"MRNews Jogos de hoje da TV, transmiss\u00f5es ao vivo, Not\u00edcias de futebol, Jogos ao vivo, Lives, resumo de novelas, Programa\u00e7\u00e3o da Globo, A Fazenda e BBB\",\"publisher\":{\"@id\":\"https:\\\/\\\/mrnews.com.br\\\/#organization\"},\"potentialAction\":[{\"@type\":\"SearchAction\",\"target\":{\"@type\":\"EntryPoint\",\"urlTemplate\":\"https:\\\/\\\/mrnews.com.br\\\/?s={search_term_string}\"},\"query-input\":{\"@type\":\"PropertyValueSpecification\",\"valueRequired\":true,\"valueName\":\"search_term_string\"}}],\"inLanguage\":\"pt-BR\"},{\"@type\":\"Organization\",\"@id\":\"https:\\\/\\\/mrnews.com.br\\\/#organization\",\"name\":\"MRNews\",\"url\":\"https:\\\/\\\/mrnews.com.br\\\/\",\"logo\":{\"@type\":\"ImageObject\",\"inLanguage\":\"pt-BR\",\"@id\":\"https:\\\/\\\/mrnews.com.br\\\/#\\\/schema\\\/logo\\\/image\\\/\",\"url\":\"https:\\\/\\\/mrnews.com.br\\\/wp-content\\\/uploads\\\/2019\\\/06\\\/MRNewslogo2.png\",\"contentUrl\":\"https:\\\/\\\/mrnews.com.br\\\/wp-content\\\/uploads\\\/2019\\\/06\\\/MRNewslogo2.png\",\"width\":223,\"height\":58,\"caption\":\"MRNews\"},\"image\":{\"@id\":\"https:\\\/\\\/mrnews.com.br\\\/#\\\/schema\\\/logo\\\/image\\\/\"},\"sameAs\":[\"https:\\\/\\\/www.facebook.com\\\/eaipahpah\\\/?locale2=pt_BR\",\"https:\\\/\\\/x.com\\\/conspirou\",\"https:\\\/\\\/www.instagram.com\\\/eai_pahpah\",\"https:\\\/\\\/br.pinterest.com\\\/mrnewsn\\\/boards\\\/\",\"https:\\\/\\\/www.youtube.com\\\/channel\\\/UCacgnpznQ61fifLWr1tQ-vA?view_as=subscriber\"]},{\"@type\":\"Person\",\"@id\":\"https:\\\/\\\/mrnews.com.br\\\/#\\\/schema\\\/person\\\/be3203154562a9f207407861cef7827b\",\"name\":\"MR News\",\"image\":{\"@type\":\"ImageObject\",\"inLanguage\":\"pt-BR\",\"@id\":\"https:\\\/\\\/secure.gravatar.com\\\/avatar\\\/04084e6d73c042b8646e7c17b494073bf0ede3ea13c7105cfc45cbbbc28385a4?s=96&d=monsterid&r=g\",\"url\":\"https:\\\/\\\/secure.gravatar.com\\\/avatar\\\/04084e6d73c042b8646e7c17b494073bf0ede3ea13c7105cfc45cbbbc28385a4?s=96&d=monsterid&r=g\",\"contentUrl\":\"https:\\\/\\\/secure.gravatar.com\\\/avatar\\\/04084e6d73c042b8646e7c17b494073bf0ede3ea13c7105cfc45cbbbc28385a4?s=96&d=monsterid&r=g\",\"caption\":\"MR News\"},\"description\":\"Especializado em jornalismo colaborativo pela FTP em n\u00edvel de p\u00f3s-gradua\u00e7\u00e3o. suporte@oimeliga.combr\",\"sameAs\":[\"HUGO R.\",\"Admin\"],\"url\":\"https:\\\/\\\/mrnews.com.br\\\/index.php\\\/author\\\/admin\\\/\"}]}<\/script>\n<!-- \/ Yoast SEO plugin. -->","yoast_head_json":{"title":"S\u00e3o Paulo tem 13\u00aa morte causada pela chuva","robots":{"index":"index","follow":"follow","max-snippet":"max-snippet:-1","max-image-preview":"max-image-preview:large","max-video-preview":"max-video-preview:-1"},"canonical":"https:\/\/mrnews.com.br\/index.php\/2026\/01\/26\/sao-paulo-tem-13a-morte-causada-pela-chuva\/","og_locale":"pt_BR","og_type":"article","og_title":"S\u00e3o Paulo tem 13\u00aa morte causada pela chuva","og_description":"Por EBC, Um homem de 75 anos morreu na tarde de ontem (25) em uma enchente, na Rua Piata, Vila Guilherme, na zona Norte da capital paulista. D\u00e9cima terceira v\u00edtima das chuvas no estado, tentava retirar seu ve\u00edculo da via durante uma pancada de chuva, mas foi derrubado por uma enxurrada, arrastado pela correnteza e, &hellip;","og_url":"https:\/\/mrnews.com.br\/index.php\/2026\/01\/26\/sao-paulo-tem-13a-morte-causada-pela-chuva\/","og_site_name":"MRNews","article_publisher":"https:\/\/www.facebook.com\/eaipahpah\/?locale2=pt_BR","article_published_time":"2026-01-26T12:41:31+00:00","author":"MR News","twitter_card":"summary_large_image","twitter_creator":"@conspirou","twitter_site":"@conspirou","twitter_misc":{"Escrito por":"MR News","Est. tempo de leitura":"2 minutos"},"schema":{"@context":"https:\/\/schema.org","@graph":[{"@type":"Article","@id":"https:\/\/mrnews.com.br\/index.php\/2026\/01\/26\/sao-paulo-tem-13a-morte-causada-pela-chuva\/#article","isPartOf":{"@id":"https:\/\/mrnews.com.br\/index.php\/2026\/01\/26\/sao-paulo-tem-13a-morte-causada-pela-chuva\/"},"author":{"name":"MR News","@id":"https:\/\/mrnews.com.br\/#\/schema\/person\/be3203154562a9f207407861cef7827b"},"headline":"S\u00e3o Paulo tem 13\u00aa morte causada pela chuva","datePublished":"2026-01-26T12:41:31+00:00","mainEntityOfPage":{"@id":"https:\/\/mrnews.com.br\/index.php\/2026\/01\/26\/sao-paulo-tem-13a-morte-causada-pela-chuva\/"},"wordCount":390,"commentCount":0,"publisher":{"@id":"https:\/\/mrnews.com.br\/#organization"},"articleSection":["ENTRETENIMENTO","NOTICIAS","SERVI\u00c7OS"],"inLanguage":"pt-BR","potentialAction":[{"@type":"CommentAction","name":"Comment","target":["https:\/\/mrnews.com.br\/index.php\/2026\/01\/26\/sao-paulo-tem-13a-morte-causada-pela-chuva\/#respond"]}]},{"@type":"WebPage","@id":"https:\/\/mrnews.com.br\/index.php\/2026\/01\/26\/sao-paulo-tem-13a-morte-causada-pela-chuva\/","url":"https:\/\/mrnews.com.br\/index.php\/2026\/01\/26\/sao-paulo-tem-13a-morte-causada-pela-chuva\/","name":"S\u00e3o Paulo tem 13\u00aa morte causada pela chuva","isPartOf":{"@id":"https:\/\/mrnews.com.br\/#website"},"datePublished":"2026-01-26T12:41:31+00:00","breadcrumb":{"@id":"https:\/\/mrnews.com.br\/index.php\/2026\/01\/26\/sao-paulo-tem-13a-morte-causada-pela-chuva\/#breadcrumb"},"inLanguage":"pt-BR","potentialAction":[{"@type":"ReadAction","target":["https:\/\/mrnews.com.br\/index.php\/2026\/01\/26\/sao-paulo-tem-13a-morte-causada-pela-chuva\/"]}]},{"@type":"BreadcrumbList","@id":"https:\/\/mrnews.com.br\/index.php\/2026\/01\/26\/sao-paulo-tem-13a-morte-causada-pela-chuva\/#breadcrumb","itemListElement":[{"@type":"ListItem","position":1,"name":"In\u00edcio","item":"https:\/\/mrnews.com.br\/"},{"@type":"ListItem","position":2,"name":"S\u00e3o Paulo tem 13\u00aa morte causada pela chuva"}]},{"@type":"WebSite","@id":"https:\/\/mrnews.com.br\/#website","url":"https:\/\/mrnews.com.br\/","name":"MRNews","description":"MRNews Jogos de hoje da TV, transmiss\u00f5es ao vivo, Not\u00edcias de futebol, Jogos ao vivo, Lives, resumo de novelas, Programa\u00e7\u00e3o da Globo, A Fazenda e BBB","publisher":{"@id":"https:\/\/mrnews.com.br\/#organization"},"potentialAction":[{"@type":"SearchAction","target":{"@type":"EntryPoint","urlTemplate":"https:\/\/mrnews.com.br\/?s={search_term_string}"},"query-input":{"@type":"PropertyValueSpecification","valueRequired":true,"valueName":"search_term_string"}}],"inLanguage":"pt-BR"},{"@type":"Organization","@id":"https:\/\/mrnews.com.br\/#organization","name":"MRNews","url":"https:\/\/mrnews.com.br\/","logo":{"@type":"ImageObject","inLanguage":"pt-BR","@id":"https:\/\/mrnews.com.br\/#\/schema\/logo\/image\/","url":"https:\/\/mrnews.com.br\/wp-content\/uploads\/2019\/06\/MRNewslogo2.png","contentUrl":"https:\/\/mrnews.com.br\/wp-content\/uploads\/2019\/06\/MRNewslogo2.png","width":223,"height":58,"caption":"MRNews"},"image":{"@id":"https:\/\/mrnews.com.br\/#\/schema\/logo\/image\/"},"sameAs":["https:\/\/www.facebook.com\/eaipahpah\/?locale2=pt_BR","https:\/\/x.com\/conspirou","https:\/\/www.instagram.com\/eai_pahpah","https:\/\/br.pinterest.com\/mrnewsn\/boards\/","https:\/\/www.youtube.com\/channel\/UCacgnpznQ61fifLWr1tQ-vA?view_as=subscriber"]},{"@type":"Person","@id":"https:\/\/mrnews.com.br\/#\/schema\/person\/be3203154562a9f207407861cef7827b","name":"MR News","image":{"@type":"ImageObject","inLanguage":"pt-BR","@id":"https:\/\/secure.gravatar.com\/avatar\/04084e6d73c042b8646e7c17b494073bf0ede3ea13c7105cfc45cbbbc28385a4?s=96&d=monsterid&r=g","url":"https:\/\/secure.gravatar.com\/avatar\/04084e6d73c042b8646e7c17b494073bf0ede3ea13c7105cfc45cbbbc28385a4?s=96&d=monsterid&r=g","contentUrl":"https:\/\/secure.gravatar.com\/avatar\/04084e6d73c042b8646e7c17b494073bf0ede3ea13c7105cfc45cbbbc28385a4?s=96&d=monsterid&r=g","caption":"MR News"},"description":"Especializado em jornalismo colaborativo pela FTP em n\u00edvel de p\u00f3s-gradua\u00e7\u00e3o. suporte@oimeliga.combr","sameAs":["HUGO R.","Admin"],"url":"https:\/\/mrnews.com.br\/index.php\/author\/admin\/"}]}},"jetpack_featured_media_url":"","jetpack_sharing_enabled":true,"jetpack_shortlink":"https:\/\/wp.me\/pa2Qf7-1UjS","amp_enabled":true,"_links":{"self":[{"href":"https:\/\/mrnews.com.br\/index.php\/wp-json\/wp\/v2\/posts\/454824","targetHints":{"allow":["GET"]}}],"collection":[{"href":"https:\/\/mrnews.com.br\/index.php\/wp-json\/wp\/v2\/posts"}],"about":[{"href":"https:\/\/mrnews.com.br\/index.php\/wp-json\/wp\/v2\/types\/post"}],"author":[{"embeddable":true,"href":"https:\/\/mrnews.com.br\/index.php\/wp-json\/wp\/v2\/users\/1"}],"replies":[{"embeddable":true,"href":"https:\/\/mrnews.com.br\/index.php\/wp-json\/wp\/v2\/comments?post=454824"}],"version-history":[{"count":0,"href":"https:\/\/mrnews.com.br\/index.php\/wp-json\/wp\/v2\/posts\/454824\/revisions"}],"wp:attachment":[{"href":"https:\/\/mrnews.com.br\/index.php\/wp-json\/wp\/v2\/media?parent=454824"}],"wp:term":[{"taxonomy":"category","embeddable":true,"href":"https:\/\/mrnews.com.br\/index.php\/wp-json\/wp\/v2\/categories?post=454824"},{"taxonomy":"post_tag","embeddable":true,"href":"https:\/\/mrnews.com.br\/index.php\/wp-json\/wp\/v2\/tags?post=454824"}],"curies":[{"name":"wp","href":"https:\/\/api.w.org\/{rel}","templated":true}]}}